{"id":8492,"date":"2019-07-15T21:34:36","date_gmt":"2019-07-15T19:34:36","guid":{"rendered":"https:\/\/evertonfc.cz\/?post_type=news&#038;p=8492"},"modified":"2019-07-15T22:10:22","modified_gmt":"2019-07-15T20:10:22","slug":"robinson-prestupuje-do-wiganu","status":"publish","type":"news","link":"https:\/\/evertonfc.cz\/index.php\/news\/robinson-prestupuje-do-wiganu\/","title":{"rendered":"Robinson p\u0159estupuje do Wiganu"},"content":{"rendered":"<p>Lev\u00fd obr\u00e1nce Antonee Robinson se vrac\u00ed do Wiganu, kde v lo\u0148sk\u00e9 sez\u00f3n\u011b hostoval (26 z\u00e1pas\u016f, jedna asistence &#8211; v\u00edce neodehr\u00e1l kv\u016fli zran\u011bn\u00ed kotn\u00edku), nicm\u00e9n\u011b tentokr\u00e1t u\u017e na trval\u00fd p\u0159estup. Informaci p\u0159inesl ofici\u00e1ln\u00ed web Evertonu, kter\u00fd neuvedl p\u0159estupovou \u010d\u00e1stku. Ta v\u0161ak podle m\u00e9di\u00ed \u010din\u00ed dva miliony liber.<\/p>\n<p>21let\u00fd odchovanec Toffees a reprezentant USA (t\u0159eba\u017ee nebyl nominov\u00e1n na ned\u00e1vn\u00fd Gold Cup) posledn\u00ed dv\u011b sez\u00f3ny pod\u00e1val stabiln\u00ed v\u00fdkony ve druh\u00e9 anglick\u00e9 lize, p\u0159ed hostov\u00e1n\u00ed u Latics p\u016fsobil v Boltonu Wanderers. Ani to mu ov\u0161em nepomohlo z\u00edskat m\u00edsto v tvrd\u00e9 konkurenci v Evertonu, kter\u00fd disponuje prov\u011b\u0159en\u00fdmi lev\u00fdmi obr\u00e1nci Lucasem Dignem a Leightonem Bainesem.<\/p>\n<p>Na DW Stadium podepsal Robinson, jemu\u017e se p\u0159ezd\u00edv\u00e1 \u201eJedi\u201c, smlouvu na t\u0159i roky.<\/p>\n<p>&nbsp;<\/p>\n","protected":false},"excerpt":{"rendered":"<p>Lev\u00fd obr\u00e1nce Antonee Robinson se vrac\u00ed do Wiganu, kde v lo\u0148sk\u00e9 sez\u00f3n\u011b hostoval (26 z\u00e1pas\u016f, jedna asistence &#8211; v\u00edce neodehr\u00e1l&hellip;<\/p>\n","protected":false},"author":6,"featured_media":0,"comment_status":"open","ping_status":"closed","template":"","tags":[],"news-category":[18],"yoast_head":"<!-- This site is optimized with the Yoast SEO plugin v23.4 - https:\/\/yoast.com\/wordpress\/plugins\/seo\/ -->\n<title>Robinson p\u0159estupuje do Wiganu - Official Czech &amp; Slovak Everton Supporters&#039; Club<\/title>\n<meta name=\"robots\" content=\"index, follow, max-snippet:-1, max-image-preview:large, max-video-preview:-1\" \/>\n<link rel=\"canonical\" href=\"https:\/\/evertonfc.cz\/index.php\/news\/robinson-prestupuje-do-wiganu\/\" \/>\n<meta property=\"og:locale\" content=\"cs_CZ\" \/>\n<meta property=\"og:type\" content=\"article\" \/>\n<meta property=\"og:title\" content=\"Robinson p\u0159estupuje do Wiganu - Official Czech &amp; Slovak Everton Supporters&#039; Club\" \/>\n<meta property=\"og:description\" content=\"Lev\u00fd obr\u00e1nce Antonee Robinson se vrac\u00ed do Wiganu, kde v lo\u0148sk\u00e9 sez\u00f3n\u011b hostoval (26 z\u00e1pas\u016f, jedna asistence &#8211; v\u00edce neodehr\u00e1l&hellip;\" \/>\n<meta property=\"og:url\" content=\"https:\/\/evertonfc.cz\/index.php\/news\/robinson-prestupuje-do-wiganu\/\" \/>\n<meta property=\"og:site_name\" content=\"Official Czech &amp; Slovak Everton Supporters&#039; Club\" \/>\n<meta property=\"article:publisher\" content=\"https:\/\/www.facebook.com\/everton.fans.cz.sk\" \/>\n<meta property=\"article:modified_time\" content=\"2019-07-15T20:10:22+00:00\" \/>\n<meta name=\"twitter:card\" content=\"summary_large_image\" \/>\n<meta name=\"twitter:label1\" content=\"Odhadovan\u00e1 doba \u010dten\u00ed\" \/>\n\t<meta name=\"twitter:data1\" content=\"1 minuta\" \/>\n<script type=\"application\/ld+json\" class=\"yoast-schema-graph\">{\"@context\":\"https:\/\/schema.org\",\"@graph\":[{\"@type\":\"WebPage\",\"@id\":\"https:\/\/evertonfc.cz\/index.php\/news\/robinson-prestupuje-do-wiganu\/\",\"url\":\"https:\/\/evertonfc.cz\/index.php\/news\/robinson-prestupuje-do-wiganu\/\",\"name\":\"Robinson p\u0159estupuje do Wiganu - Official Czech &amp; Slovak Everton Supporters&#039; Club\",\"isPartOf\":{\"@id\":\"https:\/\/evertonfc.cz\/#website\"},\"datePublished\":\"2019-07-15T19:34:36+00:00\",\"dateModified\":\"2019-07-15T20:10:22+00:00\",\"breadcrumb\":{\"@id\":\"https:\/\/evertonfc.cz\/index.php\/news\/robinson-prestupuje-do-wiganu\/#breadcrumb\"},\"inLanguage\":\"cs\",\"potentialAction\":[{\"@type\":\"ReadAction\",\"target\":[\"https:\/\/evertonfc.cz\/index.php\/news\/robinson-prestupuje-do-wiganu\/\"]}]},{\"@type\":\"BreadcrumbList\",\"@id\":\"https:\/\/evertonfc.cz\/index.php\/news\/robinson-prestupuje-do-wiganu\/#breadcrumb\",\"itemListElement\":[{\"@type\":\"ListItem\",\"position\":1,\"name\":\"Home\",\"item\":\"https:\/\/evertonfc.cz\/\"},{\"@type\":\"ListItem\",\"position\":2,\"name\":\"News\",\"item\":\"https:\/\/evertonfc.cz\/index.php\/news\/\"},{\"@type\":\"ListItem\",\"position\":3,\"name\":\"Robinson p\u0159estupuje do Wiganu\"}]},{\"@type\":\"WebSite\",\"@id\":\"https:\/\/evertonfc.cz\/#website\",\"url\":\"https:\/\/evertonfc.cz\/\",\"name\":\"Official Czech &amp; Slovak Everton Supporters&#039; Club\",\"description\":\"\",\"publisher\":{\"@id\":\"https:\/\/evertonfc.cz\/#organization\"},\"potentialAction\":[{\"@type\":\"SearchAction\",\"target\":{\"@type\":\"EntryPoint\",\"urlTemplate\":\"https:\/\/evertonfc.cz\/?s={search_term_string}\"},\"query-input\":{\"@type\":\"PropertyValueSpecification\",\"valueRequired\":true,\"valueName\":\"search_term_string\"}}],\"inLanguage\":\"cs\"},{\"@type\":\"Organization\",\"@id\":\"https:\/\/evertonfc.cz\/#organization\",\"name\":\"Official Czech & Slovak Everton Supporters' Club\",\"url\":\"https:\/\/evertonfc.cz\/\",\"logo\":{\"@type\":\"ImageObject\",\"inLanguage\":\"cs\",\"@id\":\"https:\/\/evertonfc.cz\/#\/schema\/logo\/image\/\",\"url\":\"https:\/\/evertonfc.cz\/wp-content\/uploads\/2019\/05\/logo.png\",\"contentUrl\":\"https:\/\/evertonfc.cz\/wp-content\/uploads\/2019\/05\/logo.png\",\"width\":112,\"height\":112,\"caption\":\"Official Czech & Slovak Everton Supporters' Club\"},\"image\":{\"@id\":\"https:\/\/evertonfc.cz\/#\/schema\/logo\/image\/\"},\"sameAs\":[\"https:\/\/www.facebook.com\/everton.fans.cz.sk\"]}]}<\/script>\n<!-- \/ Yoast SEO plugin. -->","yoast_head_json":{"title":"Robinson p\u0159estupuje do Wiganu - Official Czech &amp; Slovak Everton Supporters&#039; Club","robots":{"index":"index","follow":"follow","max-snippet":"max-snippet:-1","max-image-preview":"max-image-preview:large","max-video-preview":"max-video-preview:-1"},"canonical":"https:\/\/evertonfc.cz\/index.php\/news\/robinson-prestupuje-do-wiganu\/","og_locale":"cs_CZ","og_type":"article","og_title":"Robinson p\u0159estupuje do Wiganu - Official Czech &amp; Slovak Everton Supporters&#039; Club","og_description":"Lev\u00fd obr\u00e1nce Antonee Robinson se vrac\u00ed do Wiganu, kde v lo\u0148sk\u00e9 sez\u00f3n\u011b hostoval (26 z\u00e1pas\u016f, jedna asistence &#8211; v\u00edce neodehr\u00e1l&hellip;","og_url":"https:\/\/evertonfc.cz\/index.php\/news\/robinson-prestupuje-do-wiganu\/","og_site_name":"Official Czech &amp; Slovak Everton Supporters&#039; Club","article_publisher":"https:\/\/www.facebook.com\/everton.fans.cz.sk","article_modified_time":"2019-07-15T20:10:22+00:00","twitter_card":"summary_large_image","twitter_misc":{"Odhadovan\u00e1 doba \u010dten\u00ed":"1 minuta"},"schema":{"@context":"https:\/\/schema.org","@graph":[{"@type":"WebPage","@id":"https:\/\/evertonfc.cz\/index.php\/news\/robinson-prestupuje-do-wiganu\/","url":"https:\/\/evertonfc.cz\/index.php\/news\/robinson-prestupuje-do-wiganu\/","name":"Robinson p\u0159estupuje do Wiganu - Official Czech &amp; Slovak Everton Supporters&#039; Club","isPartOf":{"@id":"https:\/\/evertonfc.cz\/#website"},"datePublished":"2019-07-15T19:34:36+00:00","dateModified":"2019-07-15T20:10:22+00:00","breadcrumb":{"@id":"https:\/\/evertonfc.cz\/index.php\/news\/robinson-prestupuje-do-wiganu\/#breadcrumb"},"inLanguage":"cs","potentialAction":[{"@type":"ReadAction","target":["https:\/\/evertonfc.cz\/index.php\/news\/robinson-prestupuje-do-wiganu\/"]}]},{"@type":"BreadcrumbList","@id":"https:\/\/evertonfc.cz\/index.php\/news\/robinson-prestupuje-do-wiganu\/#breadcrumb","itemListElement":[{"@type":"ListItem","position":1,"name":"Home","item":"https:\/\/evertonfc.cz\/"},{"@type":"ListItem","position":2,"name":"News","item":"https:\/\/evertonfc.cz\/index.php\/news\/"},{"@type":"ListItem","position":3,"name":"Robinson p\u0159estupuje do Wiganu"}]},{"@type":"WebSite","@id":"https:\/\/evertonfc.cz\/#website","url":"https:\/\/evertonfc.cz\/","name":"Official Czech &amp; Slovak Everton Supporters&#039; Club","description":"","publisher":{"@id":"https:\/\/evertonfc.cz\/#organization"},"potentialAction":[{"@type":"SearchAction","target":{"@type":"EntryPoint","urlTemplate":"https:\/\/evertonfc.cz\/?s={search_term_string}"},"query-input":{"@type":"PropertyValueSpecification","valueRequired":true,"valueName":"search_term_string"}}],"inLanguage":"cs"},{"@type":"Organization","@id":"https:\/\/evertonfc.cz\/#organization","name":"Official Czech & Slovak Everton Supporters' Club","url":"https:\/\/evertonfc.cz\/","logo":{"@type":"ImageObject","inLanguage":"cs","@id":"https:\/\/evertonfc.cz\/#\/schema\/logo\/image\/","url":"https:\/\/evertonfc.cz\/wp-content\/uploads\/2019\/05\/logo.png","contentUrl":"https:\/\/evertonfc.cz\/wp-content\/uploads\/2019\/05\/logo.png","width":112,"height":112,"caption":"Official Czech & Slovak Everton Supporters' Club"},"image":{"@id":"https:\/\/evertonfc.cz\/#\/schema\/logo\/image\/"},"sameAs":["https:\/\/www.facebook.com\/everton.fans.cz.sk"]}]}},"_links":{"self":[{"href":"https:\/\/evertonfc.cz\/index.php\/wp-json\/wp\/v2\/news\/8492"}],"collection":[{"href":"https:\/\/evertonfc.cz\/index.php\/wp-json\/wp\/v2\/news"}],"about":[{"href":"https:\/\/evertonfc.cz\/index.php\/wp-json\/wp\/v2\/types\/news"}],"author":[{"embeddable":true,"href":"https:\/\/evertonfc.cz\/index.php\/wp-json\/wp\/v2\/users\/6"}],"replies":[{"embeddable":true,"href":"https:\/\/evertonfc.cz\/index.php\/wp-json\/wp\/v2\/comments?post=8492"}],"version-history":[{"count":1,"href":"https:\/\/evertonfc.cz\/index.php\/wp-json\/wp\/v2\/news\/8492\/revisions"}],"predecessor-version":[{"id":8494,"href":"https:\/\/evertonfc.cz\/index.php\/wp-json\/wp\/v2\/news\/8492\/revisions\/8494"}],"wp:attachment":[{"href":"https:\/\/evertonfc.cz\/index.php\/wp-json\/wp\/v2\/media?parent=8492"}],"wp:term":[{"taxonomy":"post_tag","embeddable":true,"href":"https:\/\/evertonfc.cz\/index.php\/wp-json\/wp\/v2\/tags?post=8492"},{"taxonomy":"news-category","embeddable":true,"href":"https:\/\/evertonfc.cz\/index.php\/wp-json\/wp\/v2\/news-category?post=8492"}],"curies":[{"name":"wp","href":"https:\/\/api.w.org\/{rel}","templated":true}]}}