{"id":8528,"date":"2019-07-16T11:47:44","date_gmt":"2019-07-16T09:47:44","guid":{"rendered":"https:\/\/evertonfc.cz\/?post_type=news&#038;p=8528"},"modified":"2019-07-16T11:47:44","modified_gmt":"2019-07-16T09:47:44","slug":"bude-zouma-lacny","status":"publish","type":"news","link":"https:\/\/evertonfc.cz\/index.php\/news\/bude-zouma-lacny\/","title":{"rendered":"Bude Zouma lacn\u00fd?"},"content":{"rendered":"<p>V poslednej ankete tu na webe sme sa v\u00e1s p\u00fdtali, ko\u013eko by mal by\u0165 Everton ochotn\u00fd zaplati\u0165 za <a href=\"https:\/\/evertonfc.cz\/index.php\/soupiska\/kurt-zouma\/\" target=\"_blank\" rel=\"noopener noreferrer\">Kurta Zoumu<\/a>, obrancu Chelsea. 24 ro\u010dn\u00fd Franc\u00faz, ktor\u00e9ho hodnotu port\u00e1l Transfermarkt odhaduje na 25 mili\u00f3nov eur, <a href=\"https:\/\/evertonfc.cz\/index.php\/2018\/08\/10\/uspesny-ctvrtecni-den-zavrsil-prichod-zoumy\/\" target=\"_blank\" rel=\"noopener noreferrer\">minul\u00fa sez\u00f3nu hos\u0165oval v\u00a0Goodison Parku<\/a> a\u00a0stal sa stavebn\u00fdm kame\u0148om obrany.<\/p>\n<p>Mana\u017e\u00e9r Karameliek <a href=\"https:\/\/evertonfc.cz\/index.php\/manazer\/\" target=\"_blank\" rel=\"noopener noreferrer\">Marco Silva<\/a> preto povedal, \u017ee jeho trval\u00fd prestup je jednou z\u00a0prior\u00edt tohto leta. Udr\u017eanie minuloro\u010dn\u00e9ho k\u00e1dra je toti\u017eto k\u013e\u00fa\u010dom k\u00a0\u00faspechu. Zatia\u013e sa podarilo zaviaza\u0165 si Andr\u00e9ho Gomesa z\u00a0Barcelony. V\u00fdhodn\u00fd biznis st\u00e1l aj v\u010faka vyjedn\u00e1vac\u00edm schopnostiam \u0161portov\u00e9ho riadite\u013ea Brandsa len nie\u010do vy\u0161e 20 mili\u00f3nov libier.<\/p>\n<p>Len\u017ee Barcelona je na tom lep\u0161ie ako Chelsea. Potrebuje obmeni\u0165 k\u00e1der a zbavi\u0165 sa nepotrebn\u00fdch hr\u00e1\u010dov. Len\u017ee modr\u00ed z\u00a0Lond\u00fdna, ktor\u00fdch u\u017e vedia klubov\u00e1 legenda Frank Lampard, si tak\u00e9 nie\u010do nem\u00f4\u017eu dovoli\u0165. Od organiz\u00e1cie FIFA toti\u017e dostali z\u00e1kaz n\u00e1kupov hr\u00e1\u010dov po\u010das nasleduj\u00facich dvoch prestupov\u00fdch obdob\u00ed.<\/p>\n<p>Ak teda m\u00e1 is\u0165 Kurt Zouma pre\u010d, rozhodne to nebude zadarmo. Hr\u00e1\u010d m\u00e1 zmluvu do roku 2023 a\u00a0hoci je naklonen\u00fd n\u00e1vratu na Merseyside, v\u0161etko z\u00e1le\u017e\u00ed len na dohode dvoch klubov. A\u00a0na\u0161i anket\u00e1ri si myslia, \u017ee t\u00e1 dohoda by nemala pre n\u00e1s znamena\u0165 prestupov\u00fd rekord. Presved\u010dte sa sami. Celkovo 20 \u013eud\u00ed hlasovalo takto:<\/p>\n<ul>\n<li>1 (5%) \u2013 Ur\u010dite aj do 50 mili\u00f3nov.<\/li>\n<li>5 (25%) \u2013 Nie viac ako 40 mili\u00f3nov.<\/li>\n<li>14 (70%) \u2013 Maxim\u00e1lne 30 mili\u00f3nov.<\/li>\n<\/ul>\n<p><img loading=\"lazy\" decoding=\"async\" class=\"size-full wp-image-8529 aligncenter\" src=\"https:\/\/evertonfc.cz\/wp-content\/uploads\/2019\/07\/Anketa-5.png\" alt=\"\" width=\"640\" height=\"439\" srcset=\"https:\/\/evertonfc.cz\/wp-content\/uploads\/2019\/07\/Anketa-5.png 640w, https:\/\/evertonfc.cz\/wp-content\/uploads\/2019\/07\/Anketa-5-300x206.png 300w\" sizes=\"(max-width: 640px) 100vw, 640px\" \/><\/p>\n","protected":false},"excerpt":{"rendered":"<p>V poslednej ankete tu na webe sme sa v\u00e1s p\u00fdtali, ko\u013eko by mal by\u0165 Everton ochotn\u00fd zaplati\u0165 za Kurta Zoumu,&hellip;<\/p>\n","protected":false},"author":1,"featured_media":0,"comment_status":"open","ping_status":"closed","template":"","tags":[],"news-category":[18],"yoast_head":"<!-- This site is optimized with the Yoast SEO plugin v23.4 - https:\/\/yoast.com\/wordpress\/plugins\/seo\/ -->\n<title>Bude Zouma lacn\u00fd? - Official Czech &amp; Slovak Everton Supporters&#039; Club<\/title>\n<meta name=\"robots\" content=\"index, follow, max-snippet:-1, max-image-preview:large, max-video-preview:-1\" \/>\n<link rel=\"canonical\" href=\"https:\/\/evertonfc.cz\/index.php\/news\/bude-zouma-lacny\/\" \/>\n<meta property=\"og:locale\" content=\"cs_CZ\" \/>\n<meta property=\"og:type\" content=\"article\" \/>\n<meta property=\"og:title\" content=\"Bude Zouma lacn\u00fd? - Official Czech &amp; Slovak Everton Supporters&#039; Club\" \/>\n<meta property=\"og:description\" content=\"V poslednej ankete tu na webe sme sa v\u00e1s p\u00fdtali, ko\u013eko by mal by\u0165 Everton ochotn\u00fd zaplati\u0165 za Kurta Zoumu,&hellip;\" \/>\n<meta property=\"og:url\" content=\"https:\/\/evertonfc.cz\/index.php\/news\/bude-zouma-lacny\/\" \/>\n<meta property=\"og:site_name\" content=\"Official Czech &amp; Slovak Everton Supporters&#039; Club\" \/>\n<meta property=\"article:publisher\" content=\"https:\/\/www.facebook.com\/everton.fans.cz.sk\" \/>\n<meta property=\"og:image\" content=\"https:\/\/evertonfc.cz\/wp-content\/uploads\/2019\/07\/Anketa-5.png\" \/>\n<meta name=\"twitter:card\" content=\"summary_large_image\" \/>\n<meta name=\"twitter:label1\" content=\"Odhadovan\u00e1 doba \u010dten\u00ed\" \/>\n\t<meta name=\"twitter:data1\" content=\"1 minuta\" \/>\n<script type=\"application\/ld+json\" class=\"yoast-schema-graph\">{\"@context\":\"https:\/\/schema.org\",\"@graph\":[{\"@type\":\"WebPage\",\"@id\":\"https:\/\/evertonfc.cz\/index.php\/news\/bude-zouma-lacny\/\",\"url\":\"https:\/\/evertonfc.cz\/index.php\/news\/bude-zouma-lacny\/\",\"name\":\"Bude Zouma lacn\u00fd? - Official Czech &amp; Slovak Everton Supporters&#039; Club\",\"isPartOf\":{\"@id\":\"https:\/\/evertonfc.cz\/#website\"},\"primaryImageOfPage\":{\"@id\":\"https:\/\/evertonfc.cz\/index.php\/news\/bude-zouma-lacny\/#primaryimage\"},\"image\":{\"@id\":\"https:\/\/evertonfc.cz\/index.php\/news\/bude-zouma-lacny\/#primaryimage\"},\"thumbnailUrl\":\"https:\/\/evertonfc.cz\/wp-content\/uploads\/2019\/07\/Anketa-5.png\",\"datePublished\":\"2019-07-16T09:47:44+00:00\",\"dateModified\":\"2019-07-16T09:47:44+00:00\",\"breadcrumb\":{\"@id\":\"https:\/\/evertonfc.cz\/index.php\/news\/bude-zouma-lacny\/#breadcrumb\"},\"inLanguage\":\"cs\",\"potentialAction\":[{\"@type\":\"ReadAction\",\"target\":[\"https:\/\/evertonfc.cz\/index.php\/news\/bude-zouma-lacny\/\"]}]},{\"@type\":\"ImageObject\",\"inLanguage\":\"cs\",\"@id\":\"https:\/\/evertonfc.cz\/index.php\/news\/bude-zouma-lacny\/#primaryimage\",\"url\":\"https:\/\/evertonfc.cz\/wp-content\/uploads\/2019\/07\/Anketa-5.png\",\"contentUrl\":\"https:\/\/evertonfc.cz\/wp-content\/uploads\/2019\/07\/Anketa-5.png\",\"width\":640,\"height\":439},{\"@type\":\"BreadcrumbList\",\"@id\":\"https:\/\/evertonfc.cz\/index.php\/news\/bude-zouma-lacny\/#breadcrumb\",\"itemListElement\":[{\"@type\":\"ListItem\",\"position\":1,\"name\":\"Home\",\"item\":\"https:\/\/evertonfc.cz\/\"},{\"@type\":\"ListItem\",\"position\":2,\"name\":\"News\",\"item\":\"https:\/\/evertonfc.cz\/index.php\/news\/\"},{\"@type\":\"ListItem\",\"position\":3,\"name\":\"Bude Zouma lacn\u00fd?\"}]},{\"@type\":\"WebSite\",\"@id\":\"https:\/\/evertonfc.cz\/#website\",\"url\":\"https:\/\/evertonfc.cz\/\",\"name\":\"Official Czech &amp; Slovak Everton Supporters&#039; Club\",\"description\":\"\",\"publisher\":{\"@id\":\"https:\/\/evertonfc.cz\/#organization\"},\"potentialAction\":[{\"@type\":\"SearchAction\",\"target\":{\"@type\":\"EntryPoint\",\"urlTemplate\":\"https:\/\/evertonfc.cz\/?s={search_term_string}\"},\"query-input\":{\"@type\":\"PropertyValueSpecification\",\"valueRequired\":true,\"valueName\":\"search_term_string\"}}],\"inLanguage\":\"cs\"},{\"@type\":\"Organization\",\"@id\":\"https:\/\/evertonfc.cz\/#organization\",\"name\":\"Official Czech & Slovak Everton Supporters' Club\",\"url\":\"https:\/\/evertonfc.cz\/\",\"logo\":{\"@type\":\"ImageObject\",\"inLanguage\":\"cs\",\"@id\":\"https:\/\/evertonfc.cz\/#\/schema\/logo\/image\/\",\"url\":\"https:\/\/evertonfc.cz\/wp-content\/uploads\/2019\/05\/logo.png\",\"contentUrl\":\"https:\/\/evertonfc.cz\/wp-content\/uploads\/2019\/05\/logo.png\",\"width\":112,\"height\":112,\"caption\":\"Official Czech & Slovak Everton Supporters' Club\"},\"image\":{\"@id\":\"https:\/\/evertonfc.cz\/#\/schema\/logo\/image\/\"},\"sameAs\":[\"https:\/\/www.facebook.com\/everton.fans.cz.sk\"]}]}<\/script>\n<!-- \/ Yoast SEO plugin. -->","yoast_head_json":{"title":"Bude Zouma lacn\u00fd? - Official Czech &amp; Slovak Everton Supporters&#039; Club","robots":{"index":"index","follow":"follow","max-snippet":"max-snippet:-1","max-image-preview":"max-image-preview:large","max-video-preview":"max-video-preview:-1"},"canonical":"https:\/\/evertonfc.cz\/index.php\/news\/bude-zouma-lacny\/","og_locale":"cs_CZ","og_type":"article","og_title":"Bude Zouma lacn\u00fd? - Official Czech &amp; Slovak Everton Supporters&#039; Club","og_description":"V poslednej ankete tu na webe sme sa v\u00e1s p\u00fdtali, ko\u013eko by mal by\u0165 Everton ochotn\u00fd zaplati\u0165 za Kurta Zoumu,&hellip;","og_url":"https:\/\/evertonfc.cz\/index.php\/news\/bude-zouma-lacny\/","og_site_name":"Official Czech &amp; Slovak Everton Supporters&#039; Club","article_publisher":"https:\/\/www.facebook.com\/everton.fans.cz.sk","og_image":[{"url":"https:\/\/evertonfc.cz\/wp-content\/uploads\/2019\/07\/Anketa-5.png"}],"twitter_card":"summary_large_image","twitter_misc":{"Odhadovan\u00e1 doba \u010dten\u00ed":"1 minuta"},"schema":{"@context":"https:\/\/schema.org","@graph":[{"@type":"WebPage","@id":"https:\/\/evertonfc.cz\/index.php\/news\/bude-zouma-lacny\/","url":"https:\/\/evertonfc.cz\/index.php\/news\/bude-zouma-lacny\/","name":"Bude Zouma lacn\u00fd? - Official Czech &amp; Slovak Everton Supporters&#039; Club","isPartOf":{"@id":"https:\/\/evertonfc.cz\/#website"},"primaryImageOfPage":{"@id":"https:\/\/evertonfc.cz\/index.php\/news\/bude-zouma-lacny\/#primaryimage"},"image":{"@id":"https:\/\/evertonfc.cz\/index.php\/news\/bude-zouma-lacny\/#primaryimage"},"thumbnailUrl":"https:\/\/evertonfc.cz\/wp-content\/uploads\/2019\/07\/Anketa-5.png","datePublished":"2019-07-16T09:47:44+00:00","dateModified":"2019-07-16T09:47:44+00:00","breadcrumb":{"@id":"https:\/\/evertonfc.cz\/index.php\/news\/bude-zouma-lacny\/#breadcrumb"},"inLanguage":"cs","potentialAction":[{"@type":"ReadAction","target":["https:\/\/evertonfc.cz\/index.php\/news\/bude-zouma-lacny\/"]}]},{"@type":"ImageObject","inLanguage":"cs","@id":"https:\/\/evertonfc.cz\/index.php\/news\/bude-zouma-lacny\/#primaryimage","url":"https:\/\/evertonfc.cz\/wp-content\/uploads\/2019\/07\/Anketa-5.png","contentUrl":"https:\/\/evertonfc.cz\/wp-content\/uploads\/2019\/07\/Anketa-5.png","width":640,"height":439},{"@type":"BreadcrumbList","@id":"https:\/\/evertonfc.cz\/index.php\/news\/bude-zouma-lacny\/#breadcrumb","itemListElement":[{"@type":"ListItem","position":1,"name":"Home","item":"https:\/\/evertonfc.cz\/"},{"@type":"ListItem","position":2,"name":"News","item":"https:\/\/evertonfc.cz\/index.php\/news\/"},{"@type":"ListItem","position":3,"name":"Bude Zouma lacn\u00fd?"}]},{"@type":"WebSite","@id":"https:\/\/evertonfc.cz\/#website","url":"https:\/\/evertonfc.cz\/","name":"Official Czech &amp; Slovak Everton Supporters&#039; Club","description":"","publisher":{"@id":"https:\/\/evertonfc.cz\/#organization"},"potentialAction":[{"@type":"SearchAction","target":{"@type":"EntryPoint","urlTemplate":"https:\/\/evertonfc.cz\/?s={search_term_string}"},"query-input":{"@type":"PropertyValueSpecification","valueRequired":true,"valueName":"search_term_string"}}],"inLanguage":"cs"},{"@type":"Organization","@id":"https:\/\/evertonfc.cz\/#organization","name":"Official Czech & Slovak Everton Supporters' Club","url":"https:\/\/evertonfc.cz\/","logo":{"@type":"ImageObject","inLanguage":"cs","@id":"https:\/\/evertonfc.cz\/#\/schema\/logo\/image\/","url":"https:\/\/evertonfc.cz\/wp-content\/uploads\/2019\/05\/logo.png","contentUrl":"https:\/\/evertonfc.cz\/wp-content\/uploads\/2019\/05\/logo.png","width":112,"height":112,"caption":"Official Czech & Slovak Everton Supporters' Club"},"image":{"@id":"https:\/\/evertonfc.cz\/#\/schema\/logo\/image\/"},"sameAs":["https:\/\/www.facebook.com\/everton.fans.cz.sk"]}]}},"_links":{"self":[{"href":"https:\/\/evertonfc.cz\/index.php\/wp-json\/wp\/v2\/news\/8528"}],"collection":[{"href":"https:\/\/evertonfc.cz\/index.php\/wp-json\/wp\/v2\/news"}],"about":[{"href":"https:\/\/evertonfc.cz\/index.php\/wp-json\/wp\/v2\/types\/news"}],"author":[{"embeddable":true,"href":"https:\/\/evertonfc.cz\/index.php\/wp-json\/wp\/v2\/users\/1"}],"replies":[{"embeddable":true,"href":"https:\/\/evertonfc.cz\/index.php\/wp-json\/wp\/v2\/comments?post=8528"}],"version-history":[{"count":0,"href":"https:\/\/evertonfc.cz\/index.php\/wp-json\/wp\/v2\/news\/8528\/revisions"}],"wp:attachment":[{"href":"https:\/\/evertonfc.cz\/index.php\/wp-json\/wp\/v2\/media?parent=8528"}],"wp:term":[{"taxonomy":"post_tag","embeddable":true,"href":"https:\/\/evertonfc.cz\/index.php\/wp-json\/wp\/v2\/tags?post=8528"},{"taxonomy":"news-category","embeddable":true,"href":"https:\/\/evertonfc.cz\/index.php\/wp-json\/wp\/v2\/news-category?post=8528"}],"curies":[{"name":"wp","href":"https:\/\/api.w.org\/{rel}","templated":true}]}}