{"id":9560,"date":"2019-10-31T10:03:42","date_gmt":"2019-10-31T09:03:42","guid":{"rendered":"https:\/\/evertonfc.cz\/?post_type=news&#038;p=9560"},"modified":"2019-10-31T14:01:34","modified_gmt":"2019-10-31T13:01:34","slug":"ve-ctvrtfinale-poharu-s-leicesterem","status":"publish","type":"news","link":"https:\/\/evertonfc.cz\/index.php\/news\/ve-ctvrtfinale-poharu-s-leicesterem\/","title":{"rendered":"Ve \u010dtvrtfin\u00e1le poh\u00e1ru s Leicesterem"},"content":{"rendered":"<p>Dne\u0161n\u00ed los Ligov\u00e9ho poh\u00e1ru ur\u010dil, \u017ee Everton bude ve \u010dtvrtfin\u00e1le sout\u011b\u017ee hostit Leicester City, jedno z nejp\u0159\u00edjemn\u011bj\u0161\u00edm p\u0159ekvapen\u00ed leto\u0161n\u00ed sez\u00f3ny. Z\u00e1pas se odehraje ve st\u0159edu 18. prosince od 20:45.<\/p>\n<h4>Los \u010dtvrtfin\u00e1le Ligov\u00e9ho poh\u00e1ru (Carabao Cup)<\/h4>\n<p>Oxford United \u2013 Manchester City<br \/>\nManchester United \u2013 Colchester United<br \/>\nAston Villa \u2013 Liverpool<br \/>\nEverton \u2013 Leicester City<\/p>\n","protected":false},"excerpt":{"rendered":"<p>Dne\u0161n\u00ed los Ligov\u00e9ho poh\u00e1ru ur\u010dil, \u017ee Everton bude ve \u010dtvrtfin\u00e1le sout\u011b\u017ee hostit Leicester City, jedno z nejp\u0159\u00edjemn\u011bj\u0161\u00edm p\u0159ekvapen\u00ed leto\u0161n\u00ed sez\u00f3ny.&hellip;<\/p>\n","protected":false},"author":6,"featured_media":0,"comment_status":"open","ping_status":"closed","template":"","tags":[],"news-category":[18],"yoast_head":"<!-- This site is optimized with the Yoast SEO plugin v23.4 - https:\/\/yoast.com\/wordpress\/plugins\/seo\/ -->\n<title>Ve \u010dtvrtfin\u00e1le poh\u00e1ru s Leicesterem - Official Czech &amp; Slovak Everton Supporters&#039; Club<\/title>\n<meta name=\"robots\" content=\"index, follow, max-snippet:-1, max-image-preview:large, max-video-preview:-1\" \/>\n<link rel=\"canonical\" href=\"https:\/\/evertonfc.cz\/index.php\/news\/ve-ctvrtfinale-poharu-s-leicesterem\/\" \/>\n<meta property=\"og:locale\" content=\"cs_CZ\" \/>\n<meta property=\"og:type\" content=\"article\" \/>\n<meta property=\"og:title\" content=\"Ve \u010dtvrtfin\u00e1le poh\u00e1ru s Leicesterem - Official Czech &amp; Slovak Everton Supporters&#039; Club\" \/>\n<meta property=\"og:description\" content=\"Dne\u0161n\u00ed los Ligov\u00e9ho poh\u00e1ru ur\u010dil, \u017ee Everton bude ve \u010dtvrtfin\u00e1le sout\u011b\u017ee hostit Leicester City, jedno z nejp\u0159\u00edjemn\u011bj\u0161\u00edm p\u0159ekvapen\u00ed leto\u0161n\u00ed sez\u00f3ny.&hellip;\" \/>\n<meta property=\"og:url\" content=\"https:\/\/evertonfc.cz\/index.php\/news\/ve-ctvrtfinale-poharu-s-leicesterem\/\" \/>\n<meta property=\"og:site_name\" content=\"Official Czech &amp; Slovak Everton Supporters&#039; Club\" \/>\n<meta property=\"article:publisher\" content=\"https:\/\/www.facebook.com\/everton.fans.cz.sk\" \/>\n<meta property=\"article:modified_time\" content=\"2019-10-31T13:01:34+00:00\" \/>\n<meta name=\"twitter:card\" content=\"summary_large_image\" \/>\n<script type=\"application\/ld+json\" class=\"yoast-schema-graph\">{\"@context\":\"https:\/\/schema.org\",\"@graph\":[{\"@type\":\"WebPage\",\"@id\":\"https:\/\/evertonfc.cz\/index.php\/news\/ve-ctvrtfinale-poharu-s-leicesterem\/\",\"url\":\"https:\/\/evertonfc.cz\/index.php\/news\/ve-ctvrtfinale-poharu-s-leicesterem\/\",\"name\":\"Ve \u010dtvrtfin\u00e1le poh\u00e1ru s Leicesterem - Official Czech &amp; Slovak Everton Supporters&#039; Club\",\"isPartOf\":{\"@id\":\"https:\/\/evertonfc.cz\/#website\"},\"datePublished\":\"2019-10-31T09:03:42+00:00\",\"dateModified\":\"2019-10-31T13:01:34+00:00\",\"breadcrumb\":{\"@id\":\"https:\/\/evertonfc.cz\/index.php\/news\/ve-ctvrtfinale-poharu-s-leicesterem\/#breadcrumb\"},\"inLanguage\":\"cs\",\"potentialAction\":[{\"@type\":\"ReadAction\",\"target\":[\"https:\/\/evertonfc.cz\/index.php\/news\/ve-ctvrtfinale-poharu-s-leicesterem\/\"]}]},{\"@type\":\"BreadcrumbList\",\"@id\":\"https:\/\/evertonfc.cz\/index.php\/news\/ve-ctvrtfinale-poharu-s-leicesterem\/#breadcrumb\",\"itemListElement\":[{\"@type\":\"ListItem\",\"position\":1,\"name\":\"Home\",\"item\":\"https:\/\/evertonfc.cz\/\"},{\"@type\":\"ListItem\",\"position\":2,\"name\":\"News\",\"item\":\"https:\/\/evertonfc.cz\/index.php\/news\/\"},{\"@type\":\"ListItem\",\"position\":3,\"name\":\"Ve \u010dtvrtfin\u00e1le poh\u00e1ru s Leicesterem\"}]},{\"@type\":\"WebSite\",\"@id\":\"https:\/\/evertonfc.cz\/#website\",\"url\":\"https:\/\/evertonfc.cz\/\",\"name\":\"Official Czech &amp; Slovak Everton Supporters&#039; Club\",\"description\":\"\",\"publisher\":{\"@id\":\"https:\/\/evertonfc.cz\/#organization\"},\"potentialAction\":[{\"@type\":\"SearchAction\",\"target\":{\"@type\":\"EntryPoint\",\"urlTemplate\":\"https:\/\/evertonfc.cz\/?s={search_term_string}\"},\"query-input\":{\"@type\":\"PropertyValueSpecification\",\"valueRequired\":true,\"valueName\":\"search_term_string\"}}],\"inLanguage\":\"cs\"},{\"@type\":\"Organization\",\"@id\":\"https:\/\/evertonfc.cz\/#organization\",\"name\":\"Official Czech & Slovak Everton Supporters' Club\",\"url\":\"https:\/\/evertonfc.cz\/\",\"logo\":{\"@type\":\"ImageObject\",\"inLanguage\":\"cs\",\"@id\":\"https:\/\/evertonfc.cz\/#\/schema\/logo\/image\/\",\"url\":\"https:\/\/evertonfc.cz\/wp-content\/uploads\/2019\/05\/logo.png\",\"contentUrl\":\"https:\/\/evertonfc.cz\/wp-content\/uploads\/2019\/05\/logo.png\",\"width\":112,\"height\":112,\"caption\":\"Official Czech & Slovak Everton Supporters' Club\"},\"image\":{\"@id\":\"https:\/\/evertonfc.cz\/#\/schema\/logo\/image\/\"},\"sameAs\":[\"https:\/\/www.facebook.com\/everton.fans.cz.sk\"]}]}<\/script>\n<!-- \/ Yoast SEO plugin. -->","yoast_head_json":{"title":"Ve \u010dtvrtfin\u00e1le poh\u00e1ru s Leicesterem - Official Czech &amp; Slovak Everton Supporters&#039; Club","robots":{"index":"index","follow":"follow","max-snippet":"max-snippet:-1","max-image-preview":"max-image-preview:large","max-video-preview":"max-video-preview:-1"},"canonical":"https:\/\/evertonfc.cz\/index.php\/news\/ve-ctvrtfinale-poharu-s-leicesterem\/","og_locale":"cs_CZ","og_type":"article","og_title":"Ve \u010dtvrtfin\u00e1le poh\u00e1ru s Leicesterem - Official Czech &amp; Slovak Everton Supporters&#039; Club","og_description":"Dne\u0161n\u00ed los Ligov\u00e9ho poh\u00e1ru ur\u010dil, \u017ee Everton bude ve \u010dtvrtfin\u00e1le sout\u011b\u017ee hostit Leicester City, jedno z nejp\u0159\u00edjemn\u011bj\u0161\u00edm p\u0159ekvapen\u00ed leto\u0161n\u00ed sez\u00f3ny.&hellip;","og_url":"https:\/\/evertonfc.cz\/index.php\/news\/ve-ctvrtfinale-poharu-s-leicesterem\/","og_site_name":"Official Czech &amp; Slovak Everton Supporters&#039; Club","article_publisher":"https:\/\/www.facebook.com\/everton.fans.cz.sk","article_modified_time":"2019-10-31T13:01:34+00:00","twitter_card":"summary_large_image","schema":{"@context":"https:\/\/schema.org","@graph":[{"@type":"WebPage","@id":"https:\/\/evertonfc.cz\/index.php\/news\/ve-ctvrtfinale-poharu-s-leicesterem\/","url":"https:\/\/evertonfc.cz\/index.php\/news\/ve-ctvrtfinale-poharu-s-leicesterem\/","name":"Ve \u010dtvrtfin\u00e1le poh\u00e1ru s Leicesterem - Official Czech &amp; Slovak Everton Supporters&#039; Club","isPartOf":{"@id":"https:\/\/evertonfc.cz\/#website"},"datePublished":"2019-10-31T09:03:42+00:00","dateModified":"2019-10-31T13:01:34+00:00","breadcrumb":{"@id":"https:\/\/evertonfc.cz\/index.php\/news\/ve-ctvrtfinale-poharu-s-leicesterem\/#breadcrumb"},"inLanguage":"cs","potentialAction":[{"@type":"ReadAction","target":["https:\/\/evertonfc.cz\/index.php\/news\/ve-ctvrtfinale-poharu-s-leicesterem\/"]}]},{"@type":"BreadcrumbList","@id":"https:\/\/evertonfc.cz\/index.php\/news\/ve-ctvrtfinale-poharu-s-leicesterem\/#breadcrumb","itemListElement":[{"@type":"ListItem","position":1,"name":"Home","item":"https:\/\/evertonfc.cz\/"},{"@type":"ListItem","position":2,"name":"News","item":"https:\/\/evertonfc.cz\/index.php\/news\/"},{"@type":"ListItem","position":3,"name":"Ve \u010dtvrtfin\u00e1le poh\u00e1ru s Leicesterem"}]},{"@type":"WebSite","@id":"https:\/\/evertonfc.cz\/#website","url":"https:\/\/evertonfc.cz\/","name":"Official Czech &amp; Slovak Everton Supporters&#039; Club","description":"","publisher":{"@id":"https:\/\/evertonfc.cz\/#organization"},"potentialAction":[{"@type":"SearchAction","target":{"@type":"EntryPoint","urlTemplate":"https:\/\/evertonfc.cz\/?s={search_term_string}"},"query-input":{"@type":"PropertyValueSpecification","valueRequired":true,"valueName":"search_term_string"}}],"inLanguage":"cs"},{"@type":"Organization","@id":"https:\/\/evertonfc.cz\/#organization","name":"Official Czech & Slovak Everton Supporters' Club","url":"https:\/\/evertonfc.cz\/","logo":{"@type":"ImageObject","inLanguage":"cs","@id":"https:\/\/evertonfc.cz\/#\/schema\/logo\/image\/","url":"https:\/\/evertonfc.cz\/wp-content\/uploads\/2019\/05\/logo.png","contentUrl":"https:\/\/evertonfc.cz\/wp-content\/uploads\/2019\/05\/logo.png","width":112,"height":112,"caption":"Official Czech & Slovak Everton Supporters' Club"},"image":{"@id":"https:\/\/evertonfc.cz\/#\/schema\/logo\/image\/"},"sameAs":["https:\/\/www.facebook.com\/everton.fans.cz.sk"]}]}},"_links":{"self":[{"href":"https:\/\/evertonfc.cz\/index.php\/wp-json\/wp\/v2\/news\/9560"}],"collection":[{"href":"https:\/\/evertonfc.cz\/index.php\/wp-json\/wp\/v2\/news"}],"about":[{"href":"https:\/\/evertonfc.cz\/index.php\/wp-json\/wp\/v2\/types\/news"}],"author":[{"embeddable":true,"href":"https:\/\/evertonfc.cz\/index.php\/wp-json\/wp\/v2\/users\/6"}],"replies":[{"embeddable":true,"href":"https:\/\/evertonfc.cz\/index.php\/wp-json\/wp\/v2\/comments?post=9560"}],"version-history":[{"count":0,"href":"https:\/\/evertonfc.cz\/index.php\/wp-json\/wp\/v2\/news\/9560\/revisions"}],"wp:attachment":[{"href":"https:\/\/evertonfc.cz\/index.php\/wp-json\/wp\/v2\/media?parent=9560"}],"wp:term":[{"taxonomy":"post_tag","embeddable":true,"href":"https:\/\/evertonfc.cz\/index.php\/wp-json\/wp\/v2\/tags?post=9560"},{"taxonomy":"news-category","embeddable":true,"href":"https:\/\/evertonfc.cz\/index.php\/wp-json\/wp\/v2\/news-category?post=9560"}],"curies":[{"name":"wp","href":"https:\/\/api.w.org\/{rel}","templated":true}]}}