{"id":9649,"date":"2019-11-23T13:21:11","date_gmt":"2019-11-23T12:21:11","guid":{"rendered":"https:\/\/evertonfc.cz\/?post_type=news&#038;p=9649"},"modified":"2019-11-23T23:41:14","modified_gmt":"2019-11-23T22:41:14","slug":"yerry-mina-naplna-ocakavania","status":"publish","type":"news","link":"https:\/\/evertonfc.cz\/index.php\/news\/yerry-mina-naplna-ocakavania\/","title":{"rendered":"Yerry Mina nap\u013a\u0148a o\u010dak\u00e1vania"},"content":{"rendered":"<p>U\u017e dvadsa\u0165p\u00e4\u0165ro\u010dn\u00fd Kolumbij\u010dan, ktor\u00fd pri\u0161iel do Evertonu pred rokom na Deadline-Day, si kone\u010dne vybojoval svoje stabiln\u00e9 miesto v\u00a0z\u00e1kladnej zostave. Napokon, jeho cenovka \u0161plhaj\u00faca sa k\u00a0hranici tridsiatich mili\u00f3nov ni\u010d in\u00e9 nazna\u010dova\u0165 ani nemohla. V\u00a0s\u00fa\u010dasnosti jednozna\u010dne patr\u00ed takmer dvojmetrov\u00fd stop\u00e9r k\u00a0opor\u00e1m t\u00edmu.<\/p>\n<p>Potvrdzuje to nielen jeho hern\u00e9 vy\u0165a\u017eenie, ale aj v\u00fdsledok na\u0161ej poslednej ankety. V\u00a0nej sme sa v\u00e1s p\u00fdtali, kto je pod\u013ea v\u00e1s moment\u00e1lne lep\u0161\u00ed stredn\u00fd obranca z dvojice Michael Keane a Yerry Mina. \u010c\u00edsla s\u00fa jednozna\u010dn\u00e9 a\u00a0potvrdzuj\u00fa \u0165a\u017ek\u00fa \u00falohu pre anglick\u00e9ho reprezentanta Keanea. Ten pred dvoma t\u00fd\u017ed\u0148ami nebol ani nominovan\u00fd.<\/p>\n<p>Jeho miesto po boku Minu dokonca zaujal mlad\u0161\u00ed Mason Holgate, dlho ignorovan\u00fd Silvom a spol. Jeho v\u00fdkony po\u010das posledn\u00fdch piatich z\u00e1pasov dokonca zaujali nato\u013eko, \u017ee Michael sa bude musie\u0165 zlep\u0161i\u0165 vo v\u0161etk\u00fdch oblastiach, aby z\u00edskal svoje miesto sp\u00e4\u0165. Tejto ankety sa z\u00fa\u010dastnilo 38 \u013eud\u00ed a svoje hlasy odovzdali nasledovne:<\/p>\n<ul>\n<li>11 hlasov \u2013 <strong>Micheal Keane<\/strong><\/li>\n<li>27 hlasov \u2013 <strong>Yerry Mina<\/strong><\/li>\n<\/ul>\n","protected":false},"excerpt":{"rendered":"<p>U\u017e dvadsa\u0165p\u00e4\u0165ro\u010dn\u00fd Kolumbij\u010dan, ktor\u00fd pri\u0161iel do Evertonu pred rokom na Deadline-Day, si kone\u010dne vybojoval svoje stabiln\u00e9 miesto v\u00a0z\u00e1kladnej zostave. Napokon,&hellip;<\/p>\n","protected":false},"author":1,"featured_media":0,"comment_status":"open","ping_status":"closed","template":"","tags":[],"news-category":[18],"yoast_head":"<!-- This site is optimized with the Yoast SEO plugin v23.4 - https:\/\/yoast.com\/wordpress\/plugins\/seo\/ -->\n<title>Yerry Mina nap\u013a\u0148a o\u010dak\u00e1vania - Official Czech &amp; Slovak Everton Supporters&#039; Club<\/title>\n<meta name=\"robots\" content=\"index, follow, max-snippet:-1, max-image-preview:large, max-video-preview:-1\" \/>\n<link rel=\"canonical\" href=\"https:\/\/evertonfc.cz\/index.php\/news\/yerry-mina-naplna-ocakavania\/\" \/>\n<meta property=\"og:locale\" content=\"cs_CZ\" \/>\n<meta property=\"og:type\" content=\"article\" \/>\n<meta property=\"og:title\" content=\"Yerry Mina nap\u013a\u0148a o\u010dak\u00e1vania - Official Czech &amp; Slovak Everton Supporters&#039; Club\" \/>\n<meta property=\"og:description\" content=\"U\u017e dvadsa\u0165p\u00e4\u0165ro\u010dn\u00fd Kolumbij\u010dan, ktor\u00fd pri\u0161iel do Evertonu pred rokom na Deadline-Day, si kone\u010dne vybojoval svoje stabiln\u00e9 miesto v\u00a0z\u00e1kladnej zostave. Napokon,&hellip;\" \/>\n<meta property=\"og:url\" content=\"https:\/\/evertonfc.cz\/index.php\/news\/yerry-mina-naplna-ocakavania\/\" \/>\n<meta property=\"og:site_name\" content=\"Official Czech &amp; Slovak Everton Supporters&#039; Club\" \/>\n<meta property=\"article:publisher\" content=\"https:\/\/www.facebook.com\/everton.fans.cz.sk\" \/>\n<meta property=\"article:modified_time\" content=\"2019-11-23T22:41:14+00:00\" \/>\n<meta name=\"twitter:card\" content=\"summary_large_image\" \/>\n<meta name=\"twitter:label1\" content=\"Odhadovan\u00e1 doba \u010dten\u00ed\" \/>\n\t<meta name=\"twitter:data1\" content=\"1 minuta\" \/>\n<script type=\"application\/ld+json\" class=\"yoast-schema-graph\">{\"@context\":\"https:\/\/schema.org\",\"@graph\":[{\"@type\":\"WebPage\",\"@id\":\"https:\/\/evertonfc.cz\/index.php\/news\/yerry-mina-naplna-ocakavania\/\",\"url\":\"https:\/\/evertonfc.cz\/index.php\/news\/yerry-mina-naplna-ocakavania\/\",\"name\":\"Yerry Mina nap\u013a\u0148a o\u010dak\u00e1vania - Official Czech &amp; Slovak Everton Supporters&#039; Club\",\"isPartOf\":{\"@id\":\"https:\/\/evertonfc.cz\/#website\"},\"datePublished\":\"2019-11-23T12:21:11+00:00\",\"dateModified\":\"2019-11-23T22:41:14+00:00\",\"breadcrumb\":{\"@id\":\"https:\/\/evertonfc.cz\/index.php\/news\/yerry-mina-naplna-ocakavania\/#breadcrumb\"},\"inLanguage\":\"cs\",\"potentialAction\":[{\"@type\":\"ReadAction\",\"target\":[\"https:\/\/evertonfc.cz\/index.php\/news\/yerry-mina-naplna-ocakavania\/\"]}]},{\"@type\":\"BreadcrumbList\",\"@id\":\"https:\/\/evertonfc.cz\/index.php\/news\/yerry-mina-naplna-ocakavania\/#breadcrumb\",\"itemListElement\":[{\"@type\":\"ListItem\",\"position\":1,\"name\":\"Home\",\"item\":\"https:\/\/evertonfc.cz\/\"},{\"@type\":\"ListItem\",\"position\":2,\"name\":\"News\",\"item\":\"https:\/\/evertonfc.cz\/index.php\/news\/\"},{\"@type\":\"ListItem\",\"position\":3,\"name\":\"Yerry Mina nap\u013a\u0148a o\u010dak\u00e1vania\"}]},{\"@type\":\"WebSite\",\"@id\":\"https:\/\/evertonfc.cz\/#website\",\"url\":\"https:\/\/evertonfc.cz\/\",\"name\":\"Official Czech &amp; Slovak Everton Supporters&#039; Club\",\"description\":\"\",\"publisher\":{\"@id\":\"https:\/\/evertonfc.cz\/#organization\"},\"potentialAction\":[{\"@type\":\"SearchAction\",\"target\":{\"@type\":\"EntryPoint\",\"urlTemplate\":\"https:\/\/evertonfc.cz\/?s={search_term_string}\"},\"query-input\":{\"@type\":\"PropertyValueSpecification\",\"valueRequired\":true,\"valueName\":\"search_term_string\"}}],\"inLanguage\":\"cs\"},{\"@type\":\"Organization\",\"@id\":\"https:\/\/evertonfc.cz\/#organization\",\"name\":\"Official Czech & Slovak Everton Supporters' Club\",\"url\":\"https:\/\/evertonfc.cz\/\",\"logo\":{\"@type\":\"ImageObject\",\"inLanguage\":\"cs\",\"@id\":\"https:\/\/evertonfc.cz\/#\/schema\/logo\/image\/\",\"url\":\"https:\/\/evertonfc.cz\/wp-content\/uploads\/2019\/05\/logo.png\",\"contentUrl\":\"https:\/\/evertonfc.cz\/wp-content\/uploads\/2019\/05\/logo.png\",\"width\":112,\"height\":112,\"caption\":\"Official Czech & Slovak Everton Supporters' Club\"},\"image\":{\"@id\":\"https:\/\/evertonfc.cz\/#\/schema\/logo\/image\/\"},\"sameAs\":[\"https:\/\/www.facebook.com\/everton.fans.cz.sk\"]}]}<\/script>\n<!-- \/ Yoast SEO plugin. -->","yoast_head_json":{"title":"Yerry Mina nap\u013a\u0148a o\u010dak\u00e1vania - Official Czech &amp; Slovak Everton Supporters&#039; Club","robots":{"index":"index","follow":"follow","max-snippet":"max-snippet:-1","max-image-preview":"max-image-preview:large","max-video-preview":"max-video-preview:-1"},"canonical":"https:\/\/evertonfc.cz\/index.php\/news\/yerry-mina-naplna-ocakavania\/","og_locale":"cs_CZ","og_type":"article","og_title":"Yerry Mina nap\u013a\u0148a o\u010dak\u00e1vania - Official Czech &amp; Slovak Everton Supporters&#039; Club","og_description":"U\u017e dvadsa\u0165p\u00e4\u0165ro\u010dn\u00fd Kolumbij\u010dan, ktor\u00fd pri\u0161iel do Evertonu pred rokom na Deadline-Day, si kone\u010dne vybojoval svoje stabiln\u00e9 miesto v\u00a0z\u00e1kladnej zostave. Napokon,&hellip;","og_url":"https:\/\/evertonfc.cz\/index.php\/news\/yerry-mina-naplna-ocakavania\/","og_site_name":"Official Czech &amp; Slovak Everton Supporters&#039; Club","article_publisher":"https:\/\/www.facebook.com\/everton.fans.cz.sk","article_modified_time":"2019-11-23T22:41:14+00:00","twitter_card":"summary_large_image","twitter_misc":{"Odhadovan\u00e1 doba \u010dten\u00ed":"1 minuta"},"schema":{"@context":"https:\/\/schema.org","@graph":[{"@type":"WebPage","@id":"https:\/\/evertonfc.cz\/index.php\/news\/yerry-mina-naplna-ocakavania\/","url":"https:\/\/evertonfc.cz\/index.php\/news\/yerry-mina-naplna-ocakavania\/","name":"Yerry Mina nap\u013a\u0148a o\u010dak\u00e1vania - Official Czech &amp; Slovak Everton Supporters&#039; Club","isPartOf":{"@id":"https:\/\/evertonfc.cz\/#website"},"datePublished":"2019-11-23T12:21:11+00:00","dateModified":"2019-11-23T22:41:14+00:00","breadcrumb":{"@id":"https:\/\/evertonfc.cz\/index.php\/news\/yerry-mina-naplna-ocakavania\/#breadcrumb"},"inLanguage":"cs","potentialAction":[{"@type":"ReadAction","target":["https:\/\/evertonfc.cz\/index.php\/news\/yerry-mina-naplna-ocakavania\/"]}]},{"@type":"BreadcrumbList","@id":"https:\/\/evertonfc.cz\/index.php\/news\/yerry-mina-naplna-ocakavania\/#breadcrumb","itemListElement":[{"@type":"ListItem","position":1,"name":"Home","item":"https:\/\/evertonfc.cz\/"},{"@type":"ListItem","position":2,"name":"News","item":"https:\/\/evertonfc.cz\/index.php\/news\/"},{"@type":"ListItem","position":3,"name":"Yerry Mina nap\u013a\u0148a o\u010dak\u00e1vania"}]},{"@type":"WebSite","@id":"https:\/\/evertonfc.cz\/#website","url":"https:\/\/evertonfc.cz\/","name":"Official Czech &amp; Slovak Everton Supporters&#039; Club","description":"","publisher":{"@id":"https:\/\/evertonfc.cz\/#organization"},"potentialAction":[{"@type":"SearchAction","target":{"@type":"EntryPoint","urlTemplate":"https:\/\/evertonfc.cz\/?s={search_term_string}"},"query-input":{"@type":"PropertyValueSpecification","valueRequired":true,"valueName":"search_term_string"}}],"inLanguage":"cs"},{"@type":"Organization","@id":"https:\/\/evertonfc.cz\/#organization","name":"Official Czech & Slovak Everton Supporters' Club","url":"https:\/\/evertonfc.cz\/","logo":{"@type":"ImageObject","inLanguage":"cs","@id":"https:\/\/evertonfc.cz\/#\/schema\/logo\/image\/","url":"https:\/\/evertonfc.cz\/wp-content\/uploads\/2019\/05\/logo.png","contentUrl":"https:\/\/evertonfc.cz\/wp-content\/uploads\/2019\/05\/logo.png","width":112,"height":112,"caption":"Official Czech & Slovak Everton Supporters' Club"},"image":{"@id":"https:\/\/evertonfc.cz\/#\/schema\/logo\/image\/"},"sameAs":["https:\/\/www.facebook.com\/everton.fans.cz.sk"]}]}},"_links":{"self":[{"href":"https:\/\/evertonfc.cz\/index.php\/wp-json\/wp\/v2\/news\/9649"}],"collection":[{"href":"https:\/\/evertonfc.cz\/index.php\/wp-json\/wp\/v2\/news"}],"about":[{"href":"https:\/\/evertonfc.cz\/index.php\/wp-json\/wp\/v2\/types\/news"}],"author":[{"embeddable":true,"href":"https:\/\/evertonfc.cz\/index.php\/wp-json\/wp\/v2\/users\/1"}],"replies":[{"embeddable":true,"href":"https:\/\/evertonfc.cz\/index.php\/wp-json\/wp\/v2\/comments?post=9649"}],"version-history":[{"count":1,"href":"https:\/\/evertonfc.cz\/index.php\/wp-json\/wp\/v2\/news\/9649\/revisions"}],"predecessor-version":[{"id":9653,"href":"https:\/\/evertonfc.cz\/index.php\/wp-json\/wp\/v2\/news\/9649\/revisions\/9653"}],"wp:attachment":[{"href":"https:\/\/evertonfc.cz\/index.php\/wp-json\/wp\/v2\/media?parent=9649"}],"wp:term":[{"taxonomy":"post_tag","embeddable":true,"href":"https:\/\/evertonfc.cz\/index.php\/wp-json\/wp\/v2\/tags?post=9649"},{"taxonomy":"news-category","embeddable":true,"href":"https:\/\/evertonfc.cz\/index.php\/wp-json\/wp\/v2\/news-category?post=9649"}],"curies":[{"name":"wp","href":"https:\/\/api.w.org\/{rel}","templated":true}]}}