{"id":9703,"date":"2019-12-03T19:50:30","date_gmt":"2019-12-03T18:50:30","guid":{"rendered":"https:\/\/evertonfc.cz\/?post_type=news&#038;p=9703"},"modified":"2019-12-03T22:22:37","modified_gmt":"2019-12-03T21:22:37","slug":"richarlison-s-novou-smlouvou","status":"publish","type":"news","link":"https:\/\/evertonfc.cz\/index.php\/news\/richarlison-s-novou-smlouvou\/","title":{"rendered":"Richarlison s novou smlouvou"},"content":{"rendered":"<p>Everton si pojistil sv\u00e9 22let\u00e9 brazilsk\u00e9 \u00fato\u010dn\u00e9 eso novou p\u011btiletou smlouvu platnou a\u017e do l\u00e9ta 2024, kter\u00e1 jeho prvotn\u00ed kontrakt na Goodison Parku prodlou\u017eila o rok a vylep\u0161ila jeho finan\u010dn\u00ed podm\u00ednky.<\/p>\n<p><em>\u201eChci v klubu z\u016fstat hodn\u011b dlouho, proto\u017ee mi projevil velkou d\u016fv\u011bru, ji\u017e hodl\u00e1m splatit. Rovn\u011b\u017e bych se r\u00e1d odvd\u011b\u010dil fanou\u0161k\u016fm za jejich obrovskou n\u00e1klonnost k m\u00e9 osob\u011b. Mohu v\u0161em sl\u00edbit krev, d\u0159inu slzy a pot \u2013 snad budou Evertonians nad\u00e1le zp\u00edvat m\u00e9 jm\u00e9no!<\/em><\/p>\n<p><em>M\u016fj progres je spjat s obou Marca Silvy, to je snad v\u0161em jasn\u00e9. M\u00e1 mou d\u016fv\u011bru stejn\u011b jako cel\u00e9ho t\u00fdmu. Na na\u0161e bedra pad\u00e1 ve\u0161ker\u00e1 odpov\u011bdnost za to, co p\u0159edv\u00e1d\u00edme na h\u0159i\u0161ti. Chceme na\u0161emu mana\u017eerovi co nejv\u00edce pomoct, proto\u017ee se jedn\u00e1 o \u00fa\u017easn\u00e9ho \u010dlov\u011bka,\u201c<\/em> nechal se mimo jin\u00e9 sly\u0161et Richarlison.<\/p>\n<blockquote class=\"twitter-tweet\">\n<p dir=\"ltr\" lang=\"en\">? | &#8222;I love you all.. Come on, Blues!&#8220; \u270a<\/p>\n<p>A message from our boy from Brazil. ? <a href=\"https:\/\/twitter.com\/richarlison97?ref_src=twsrc%5Etfw\">@richarlison97<\/a> <a href=\"https:\/\/twitter.com\/hashtag\/EFC?src=hash&amp;ref_src=twsrc%5Etfw\">#EFC<\/a> <a href=\"https:\/\/t.co\/plLK7rMuF3\">pic.twitter.com\/plLK7rMuF3<\/a><\/p>\n<p>\u2014 Everton (@Everton) <a href=\"https:\/\/twitter.com\/Everton\/status\/1201954912642486272?ref_src=twsrc%5Etfw\">December 3, 2019<\/a><\/p><\/blockquote>\n<p><script async src=\"https:\/\/platform.twitter.com\/widgets.js\" charset=\"utf-8\"><\/script><\/p>\n","protected":false},"excerpt":{"rendered":"<p>Everton si pojistil sv\u00e9 22let\u00e9 brazilsk\u00e9 \u00fato\u010dn\u00e9 eso novou p\u011btiletou smlouvu platnou a\u017e do l\u00e9ta 2024, kter\u00e1 jeho prvotn\u00ed kontrakt&hellip;<\/p>\n","protected":false},"author":6,"featured_media":0,"comment_status":"open","ping_status":"closed","template":"","tags":[],"news-category":[18],"yoast_head":"<!-- This site is optimized with the Yoast SEO plugin v23.4 - https:\/\/yoast.com\/wordpress\/plugins\/seo\/ -->\n<title>Richarlison s novou smlouvou - Official Czech &amp; Slovak Everton Supporters&#039; Club<\/title>\n<meta name=\"robots\" content=\"index, follow, max-snippet:-1, max-image-preview:large, max-video-preview:-1\" \/>\n<link rel=\"canonical\" href=\"https:\/\/evertonfc.cz\/index.php\/news\/richarlison-s-novou-smlouvou\/\" \/>\n<meta property=\"og:locale\" content=\"cs_CZ\" \/>\n<meta property=\"og:type\" content=\"article\" \/>\n<meta property=\"og:title\" content=\"Richarlison s novou smlouvou - Official Czech &amp; Slovak Everton Supporters&#039; Club\" \/>\n<meta property=\"og:description\" content=\"Everton si pojistil sv\u00e9 22let\u00e9 brazilsk\u00e9 \u00fato\u010dn\u00e9 eso novou p\u011btiletou smlouvu platnou a\u017e do l\u00e9ta 2024, kter\u00e1 jeho prvotn\u00ed kontrakt&hellip;\" \/>\n<meta property=\"og:url\" content=\"https:\/\/evertonfc.cz\/index.php\/news\/richarlison-s-novou-smlouvou\/\" \/>\n<meta property=\"og:site_name\" content=\"Official Czech &amp; Slovak Everton Supporters&#039; Club\" \/>\n<meta property=\"article:publisher\" content=\"https:\/\/www.facebook.com\/everton.fans.cz.sk\" \/>\n<meta property=\"article:modified_time\" content=\"2019-12-03T21:22:37+00:00\" \/>\n<meta name=\"twitter:card\" content=\"summary_large_image\" \/>\n<meta name=\"twitter:label1\" content=\"Odhadovan\u00e1 doba \u010dten\u00ed\" \/>\n\t<meta name=\"twitter:data1\" content=\"1 minuta\" \/>\n<script type=\"application\/ld+json\" class=\"yoast-schema-graph\">{\"@context\":\"https:\/\/schema.org\",\"@graph\":[{\"@type\":\"WebPage\",\"@id\":\"https:\/\/evertonfc.cz\/index.php\/news\/richarlison-s-novou-smlouvou\/\",\"url\":\"https:\/\/evertonfc.cz\/index.php\/news\/richarlison-s-novou-smlouvou\/\",\"name\":\"Richarlison s novou smlouvou - Official Czech &amp; Slovak Everton Supporters&#039; Club\",\"isPartOf\":{\"@id\":\"https:\/\/evertonfc.cz\/#website\"},\"datePublished\":\"2019-12-03T18:50:30+00:00\",\"dateModified\":\"2019-12-03T21:22:37+00:00\",\"breadcrumb\":{\"@id\":\"https:\/\/evertonfc.cz\/index.php\/news\/richarlison-s-novou-smlouvou\/#breadcrumb\"},\"inLanguage\":\"cs\",\"potentialAction\":[{\"@type\":\"ReadAction\",\"target\":[\"https:\/\/evertonfc.cz\/index.php\/news\/richarlison-s-novou-smlouvou\/\"]}]},{\"@type\":\"BreadcrumbList\",\"@id\":\"https:\/\/evertonfc.cz\/index.php\/news\/richarlison-s-novou-smlouvou\/#breadcrumb\",\"itemListElement\":[{\"@type\":\"ListItem\",\"position\":1,\"name\":\"Home\",\"item\":\"https:\/\/evertonfc.cz\/\"},{\"@type\":\"ListItem\",\"position\":2,\"name\":\"News\",\"item\":\"https:\/\/evertonfc.cz\/index.php\/news\/\"},{\"@type\":\"ListItem\",\"position\":3,\"name\":\"Richarlison s novou smlouvou\"}]},{\"@type\":\"WebSite\",\"@id\":\"https:\/\/evertonfc.cz\/#website\",\"url\":\"https:\/\/evertonfc.cz\/\",\"name\":\"Official Czech &amp; Slovak Everton Supporters&#039; Club\",\"description\":\"\",\"publisher\":{\"@id\":\"https:\/\/evertonfc.cz\/#organization\"},\"potentialAction\":[{\"@type\":\"SearchAction\",\"target\":{\"@type\":\"EntryPoint\",\"urlTemplate\":\"https:\/\/evertonfc.cz\/?s={search_term_string}\"},\"query-input\":{\"@type\":\"PropertyValueSpecification\",\"valueRequired\":true,\"valueName\":\"search_term_string\"}}],\"inLanguage\":\"cs\"},{\"@type\":\"Organization\",\"@id\":\"https:\/\/evertonfc.cz\/#organization\",\"name\":\"Official Czech & Slovak Everton Supporters' Club\",\"url\":\"https:\/\/evertonfc.cz\/\",\"logo\":{\"@type\":\"ImageObject\",\"inLanguage\":\"cs\",\"@id\":\"https:\/\/evertonfc.cz\/#\/schema\/logo\/image\/\",\"url\":\"https:\/\/evertonfc.cz\/wp-content\/uploads\/2019\/05\/logo.png\",\"contentUrl\":\"https:\/\/evertonfc.cz\/wp-content\/uploads\/2019\/05\/logo.png\",\"width\":112,\"height\":112,\"caption\":\"Official Czech & Slovak Everton Supporters' Club\"},\"image\":{\"@id\":\"https:\/\/evertonfc.cz\/#\/schema\/logo\/image\/\"},\"sameAs\":[\"https:\/\/www.facebook.com\/everton.fans.cz.sk\"]}]}<\/script>\n<!-- \/ Yoast SEO plugin. -->","yoast_head_json":{"title":"Richarlison s novou smlouvou - Official Czech &amp; Slovak Everton Supporters&#039; Club","robots":{"index":"index","follow":"follow","max-snippet":"max-snippet:-1","max-image-preview":"max-image-preview:large","max-video-preview":"max-video-preview:-1"},"canonical":"https:\/\/evertonfc.cz\/index.php\/news\/richarlison-s-novou-smlouvou\/","og_locale":"cs_CZ","og_type":"article","og_title":"Richarlison s novou smlouvou - Official Czech &amp; Slovak Everton Supporters&#039; Club","og_description":"Everton si pojistil sv\u00e9 22let\u00e9 brazilsk\u00e9 \u00fato\u010dn\u00e9 eso novou p\u011btiletou smlouvu platnou a\u017e do l\u00e9ta 2024, kter\u00e1 jeho prvotn\u00ed kontrakt&hellip;","og_url":"https:\/\/evertonfc.cz\/index.php\/news\/richarlison-s-novou-smlouvou\/","og_site_name":"Official Czech &amp; Slovak Everton Supporters&#039; Club","article_publisher":"https:\/\/www.facebook.com\/everton.fans.cz.sk","article_modified_time":"2019-12-03T21:22:37+00:00","twitter_card":"summary_large_image","twitter_misc":{"Odhadovan\u00e1 doba \u010dten\u00ed":"1 minuta"},"schema":{"@context":"https:\/\/schema.org","@graph":[{"@type":"WebPage","@id":"https:\/\/evertonfc.cz\/index.php\/news\/richarlison-s-novou-smlouvou\/","url":"https:\/\/evertonfc.cz\/index.php\/news\/richarlison-s-novou-smlouvou\/","name":"Richarlison s novou smlouvou - Official Czech &amp; Slovak Everton Supporters&#039; Club","isPartOf":{"@id":"https:\/\/evertonfc.cz\/#website"},"datePublished":"2019-12-03T18:50:30+00:00","dateModified":"2019-12-03T21:22:37+00:00","breadcrumb":{"@id":"https:\/\/evertonfc.cz\/index.php\/news\/richarlison-s-novou-smlouvou\/#breadcrumb"},"inLanguage":"cs","potentialAction":[{"@type":"ReadAction","target":["https:\/\/evertonfc.cz\/index.php\/news\/richarlison-s-novou-smlouvou\/"]}]},{"@type":"BreadcrumbList","@id":"https:\/\/evertonfc.cz\/index.php\/news\/richarlison-s-novou-smlouvou\/#breadcrumb","itemListElement":[{"@type":"ListItem","position":1,"name":"Home","item":"https:\/\/evertonfc.cz\/"},{"@type":"ListItem","position":2,"name":"News","item":"https:\/\/evertonfc.cz\/index.php\/news\/"},{"@type":"ListItem","position":3,"name":"Richarlison s novou smlouvou"}]},{"@type":"WebSite","@id":"https:\/\/evertonfc.cz\/#website","url":"https:\/\/evertonfc.cz\/","name":"Official Czech &amp; Slovak Everton Supporters&#039; Club","description":"","publisher":{"@id":"https:\/\/evertonfc.cz\/#organization"},"potentialAction":[{"@type":"SearchAction","target":{"@type":"EntryPoint","urlTemplate":"https:\/\/evertonfc.cz\/?s={search_term_string}"},"query-input":{"@type":"PropertyValueSpecification","valueRequired":true,"valueName":"search_term_string"}}],"inLanguage":"cs"},{"@type":"Organization","@id":"https:\/\/evertonfc.cz\/#organization","name":"Official Czech & Slovak Everton Supporters' Club","url":"https:\/\/evertonfc.cz\/","logo":{"@type":"ImageObject","inLanguage":"cs","@id":"https:\/\/evertonfc.cz\/#\/schema\/logo\/image\/","url":"https:\/\/evertonfc.cz\/wp-content\/uploads\/2019\/05\/logo.png","contentUrl":"https:\/\/evertonfc.cz\/wp-content\/uploads\/2019\/05\/logo.png","width":112,"height":112,"caption":"Official Czech & Slovak Everton Supporters' Club"},"image":{"@id":"https:\/\/evertonfc.cz\/#\/schema\/logo\/image\/"},"sameAs":["https:\/\/www.facebook.com\/everton.fans.cz.sk"]}]}},"_links":{"self":[{"href":"https:\/\/evertonfc.cz\/index.php\/wp-json\/wp\/v2\/news\/9703"}],"collection":[{"href":"https:\/\/evertonfc.cz\/index.php\/wp-json\/wp\/v2\/news"}],"about":[{"href":"https:\/\/evertonfc.cz\/index.php\/wp-json\/wp\/v2\/types\/news"}],"author":[{"embeddable":true,"href":"https:\/\/evertonfc.cz\/index.php\/wp-json\/wp\/v2\/users\/6"}],"replies":[{"embeddable":true,"href":"https:\/\/evertonfc.cz\/index.php\/wp-json\/wp\/v2\/comments?post=9703"}],"version-history":[{"count":1,"href":"https:\/\/evertonfc.cz\/index.php\/wp-json\/wp\/v2\/news\/9703\/revisions"}],"predecessor-version":[{"id":9704,"href":"https:\/\/evertonfc.cz\/index.php\/wp-json\/wp\/v2\/news\/9703\/revisions\/9704"}],"wp:attachment":[{"href":"https:\/\/evertonfc.cz\/index.php\/wp-json\/wp\/v2\/media?parent=9703"}],"wp:term":[{"taxonomy":"post_tag","embeddable":true,"href":"https:\/\/evertonfc.cz\/index.php\/wp-json\/wp\/v2\/tags?post=9703"},{"taxonomy":"news-category","embeddable":true,"href":"https:\/\/evertonfc.cz\/index.php\/wp-json\/wp\/v2\/news-category?post=9703"}],"curies":[{"name":"wp","href":"https:\/\/api.w.org\/{rel}","templated":true}]}}