{"id":9750,"date":"2019-12-09T13:00:53","date_gmt":"2019-12-09T12:00:53","guid":{"rendered":"https:\/\/evertonfc.cz\/?post_type=news&#038;p=9750"},"modified":"2019-12-09T13:00:53","modified_gmt":"2019-12-09T12:00:53","slug":"pred-derby-prevladal-skepticizmus","status":"publish","type":"news","link":"https:\/\/evertonfc.cz\/index.php\/news\/pred-derby-prevladal-skepticizmus\/","title":{"rendered":"Pred derby prevl\u00e1dal skepticizmus"},"content":{"rendered":"<p>Minul\u00fd t\u00fd\u017ede\u0148 sme ukon\u010dili anketu, v\u00a0ktorej sme sa p\u00fdtali, ako pod\u013ea v\u00e1s dopadne <a href=\"https:\/\/evertonfc.cz\/index.php\/2019\/12\/04\/preview-liverpool-everton-4-12-2019\/\" target=\"_blank\" rel=\"noopener noreferrer\">prv\u00e9 Merseyside derby<\/a> tejto sez\u00f3ny na Anfielde. V\u00fdsledok neblah\u00e9ho stretnutia pre Evertonians je u\u017e p\u00e4\u0165 dn\u00ed zn\u00e1my. Duel skon\u010dil drviv\u00fdm<a href=\"https:\/\/evertonfc.cz\/index.php\/2019\/12\/05\/liverpool-everton-52\/\" target=\"_blank\" rel=\"noopener noreferrer\"> v\u00fdsledkom 5:2<\/a> pre dom\u00e1cich a\u00a0znamenal <a href=\"https:\/\/evertonfc.cz\/index.php\/2019\/12\/05\/manazer-marco-silva-byl-vyhozen\/\" target=\"_blank\" rel=\"noopener noreferrer\">koniec \u00e9ry Marca Silvu<\/a> v\u00a0Goodison Parku.<\/p>\n<p>32 n\u00e1v\u0161tevn\u00edkov n\u00e1\u0161ho webu tipovalo pred z\u00e1pasom nasledovne:<\/p>\n<ul>\n<li>5 hlasov \u2013 <strong>v\u00fdhra<\/strong><\/li>\n<li>5 hlasov \u2013 <strong>rem\u00edza<\/strong><\/li>\n<li>22 hlasov \u2013 <strong>prehra<\/strong><\/li>\n<\/ul>\n","protected":false},"excerpt":{"rendered":"<p>Minul\u00fd t\u00fd\u017ede\u0148 sme ukon\u010dili anketu, v\u00a0ktorej sme sa p\u00fdtali, ako pod\u013ea v\u00e1s dopadne prv\u00e9 Merseyside derby tejto sez\u00f3ny na Anfielde.&hellip;<\/p>\n","protected":false},"author":1,"featured_media":0,"comment_status":"open","ping_status":"closed","template":"","tags":[],"news-category":[18],"yoast_head":"<!-- This site is optimized with the Yoast SEO plugin v23.4 - https:\/\/yoast.com\/wordpress\/plugins\/seo\/ -->\n<title>Pred derby prevl\u00e1dal skepticizmus - Official Czech &amp; Slovak Everton Supporters&#039; Club<\/title>\n<meta name=\"robots\" content=\"index, follow, max-snippet:-1, max-image-preview:large, max-video-preview:-1\" \/>\n<link rel=\"canonical\" href=\"https:\/\/evertonfc.cz\/index.php\/news\/pred-derby-prevladal-skepticizmus\/\" \/>\n<meta property=\"og:locale\" content=\"cs_CZ\" \/>\n<meta property=\"og:type\" content=\"article\" \/>\n<meta property=\"og:title\" content=\"Pred derby prevl\u00e1dal skepticizmus - Official Czech &amp; Slovak Everton Supporters&#039; Club\" \/>\n<meta property=\"og:description\" content=\"Minul\u00fd t\u00fd\u017ede\u0148 sme ukon\u010dili anketu, v\u00a0ktorej sme sa p\u00fdtali, ako pod\u013ea v\u00e1s dopadne prv\u00e9 Merseyside derby tejto sez\u00f3ny na Anfielde.&hellip;\" \/>\n<meta property=\"og:url\" content=\"https:\/\/evertonfc.cz\/index.php\/news\/pred-derby-prevladal-skepticizmus\/\" \/>\n<meta property=\"og:site_name\" content=\"Official Czech &amp; Slovak Everton Supporters&#039; Club\" \/>\n<meta property=\"article:publisher\" content=\"https:\/\/www.facebook.com\/everton.fans.cz.sk\" \/>\n<meta name=\"twitter:card\" content=\"summary_large_image\" \/>\n<script type=\"application\/ld+json\" class=\"yoast-schema-graph\">{\"@context\":\"https:\/\/schema.org\",\"@graph\":[{\"@type\":\"WebPage\",\"@id\":\"https:\/\/evertonfc.cz\/index.php\/news\/pred-derby-prevladal-skepticizmus\/\",\"url\":\"https:\/\/evertonfc.cz\/index.php\/news\/pred-derby-prevladal-skepticizmus\/\",\"name\":\"Pred derby prevl\u00e1dal skepticizmus - Official Czech &amp; Slovak Everton Supporters&#039; Club\",\"isPartOf\":{\"@id\":\"https:\/\/evertonfc.cz\/#website\"},\"datePublished\":\"2019-12-09T12:00:53+00:00\",\"dateModified\":\"2019-12-09T12:00:53+00:00\",\"breadcrumb\":{\"@id\":\"https:\/\/evertonfc.cz\/index.php\/news\/pred-derby-prevladal-skepticizmus\/#breadcrumb\"},\"inLanguage\":\"cs\",\"potentialAction\":[{\"@type\":\"ReadAction\",\"target\":[\"https:\/\/evertonfc.cz\/index.php\/news\/pred-derby-prevladal-skepticizmus\/\"]}]},{\"@type\":\"BreadcrumbList\",\"@id\":\"https:\/\/evertonfc.cz\/index.php\/news\/pred-derby-prevladal-skepticizmus\/#breadcrumb\",\"itemListElement\":[{\"@type\":\"ListItem\",\"position\":1,\"name\":\"Home\",\"item\":\"https:\/\/evertonfc.cz\/\"},{\"@type\":\"ListItem\",\"position\":2,\"name\":\"News\",\"item\":\"https:\/\/evertonfc.cz\/index.php\/news\/\"},{\"@type\":\"ListItem\",\"position\":3,\"name\":\"Pred derby prevl\u00e1dal skepticizmus\"}]},{\"@type\":\"WebSite\",\"@id\":\"https:\/\/evertonfc.cz\/#website\",\"url\":\"https:\/\/evertonfc.cz\/\",\"name\":\"Official Czech &amp; Slovak Everton Supporters&#039; Club\",\"description\":\"\",\"publisher\":{\"@id\":\"https:\/\/evertonfc.cz\/#organization\"},\"potentialAction\":[{\"@type\":\"SearchAction\",\"target\":{\"@type\":\"EntryPoint\",\"urlTemplate\":\"https:\/\/evertonfc.cz\/?s={search_term_string}\"},\"query-input\":{\"@type\":\"PropertyValueSpecification\",\"valueRequired\":true,\"valueName\":\"search_term_string\"}}],\"inLanguage\":\"cs\"},{\"@type\":\"Organization\",\"@id\":\"https:\/\/evertonfc.cz\/#organization\",\"name\":\"Official Czech & Slovak Everton Supporters' Club\",\"url\":\"https:\/\/evertonfc.cz\/\",\"logo\":{\"@type\":\"ImageObject\",\"inLanguage\":\"cs\",\"@id\":\"https:\/\/evertonfc.cz\/#\/schema\/logo\/image\/\",\"url\":\"https:\/\/evertonfc.cz\/wp-content\/uploads\/2019\/05\/logo.png\",\"contentUrl\":\"https:\/\/evertonfc.cz\/wp-content\/uploads\/2019\/05\/logo.png\",\"width\":112,\"height\":112,\"caption\":\"Official Czech & Slovak Everton Supporters' Club\"},\"image\":{\"@id\":\"https:\/\/evertonfc.cz\/#\/schema\/logo\/image\/\"},\"sameAs\":[\"https:\/\/www.facebook.com\/everton.fans.cz.sk\"]}]}<\/script>\n<!-- \/ Yoast SEO plugin. -->","yoast_head_json":{"title":"Pred derby prevl\u00e1dal skepticizmus - Official Czech &amp; Slovak Everton Supporters&#039; Club","robots":{"index":"index","follow":"follow","max-snippet":"max-snippet:-1","max-image-preview":"max-image-preview:large","max-video-preview":"max-video-preview:-1"},"canonical":"https:\/\/evertonfc.cz\/index.php\/news\/pred-derby-prevladal-skepticizmus\/","og_locale":"cs_CZ","og_type":"article","og_title":"Pred derby prevl\u00e1dal skepticizmus - Official Czech &amp; Slovak Everton Supporters&#039; Club","og_description":"Minul\u00fd t\u00fd\u017ede\u0148 sme ukon\u010dili anketu, v\u00a0ktorej sme sa p\u00fdtali, ako pod\u013ea v\u00e1s dopadne prv\u00e9 Merseyside derby tejto sez\u00f3ny na Anfielde.&hellip;","og_url":"https:\/\/evertonfc.cz\/index.php\/news\/pred-derby-prevladal-skepticizmus\/","og_site_name":"Official Czech &amp; Slovak Everton Supporters&#039; Club","article_publisher":"https:\/\/www.facebook.com\/everton.fans.cz.sk","twitter_card":"summary_large_image","schema":{"@context":"https:\/\/schema.org","@graph":[{"@type":"WebPage","@id":"https:\/\/evertonfc.cz\/index.php\/news\/pred-derby-prevladal-skepticizmus\/","url":"https:\/\/evertonfc.cz\/index.php\/news\/pred-derby-prevladal-skepticizmus\/","name":"Pred derby prevl\u00e1dal skepticizmus - Official Czech &amp; Slovak Everton Supporters&#039; Club","isPartOf":{"@id":"https:\/\/evertonfc.cz\/#website"},"datePublished":"2019-12-09T12:00:53+00:00","dateModified":"2019-12-09T12:00:53+00:00","breadcrumb":{"@id":"https:\/\/evertonfc.cz\/index.php\/news\/pred-derby-prevladal-skepticizmus\/#breadcrumb"},"inLanguage":"cs","potentialAction":[{"@type":"ReadAction","target":["https:\/\/evertonfc.cz\/index.php\/news\/pred-derby-prevladal-skepticizmus\/"]}]},{"@type":"BreadcrumbList","@id":"https:\/\/evertonfc.cz\/index.php\/news\/pred-derby-prevladal-skepticizmus\/#breadcrumb","itemListElement":[{"@type":"ListItem","position":1,"name":"Home","item":"https:\/\/evertonfc.cz\/"},{"@type":"ListItem","position":2,"name":"News","item":"https:\/\/evertonfc.cz\/index.php\/news\/"},{"@type":"ListItem","position":3,"name":"Pred derby prevl\u00e1dal skepticizmus"}]},{"@type":"WebSite","@id":"https:\/\/evertonfc.cz\/#website","url":"https:\/\/evertonfc.cz\/","name":"Official Czech &amp; Slovak Everton Supporters&#039; Club","description":"","publisher":{"@id":"https:\/\/evertonfc.cz\/#organization"},"potentialAction":[{"@type":"SearchAction","target":{"@type":"EntryPoint","urlTemplate":"https:\/\/evertonfc.cz\/?s={search_term_string}"},"query-input":{"@type":"PropertyValueSpecification","valueRequired":true,"valueName":"search_term_string"}}],"inLanguage":"cs"},{"@type":"Organization","@id":"https:\/\/evertonfc.cz\/#organization","name":"Official Czech & Slovak Everton Supporters' Club","url":"https:\/\/evertonfc.cz\/","logo":{"@type":"ImageObject","inLanguage":"cs","@id":"https:\/\/evertonfc.cz\/#\/schema\/logo\/image\/","url":"https:\/\/evertonfc.cz\/wp-content\/uploads\/2019\/05\/logo.png","contentUrl":"https:\/\/evertonfc.cz\/wp-content\/uploads\/2019\/05\/logo.png","width":112,"height":112,"caption":"Official Czech & Slovak Everton Supporters' Club"},"image":{"@id":"https:\/\/evertonfc.cz\/#\/schema\/logo\/image\/"},"sameAs":["https:\/\/www.facebook.com\/everton.fans.cz.sk"]}]}},"_links":{"self":[{"href":"https:\/\/evertonfc.cz\/index.php\/wp-json\/wp\/v2\/news\/9750"}],"collection":[{"href":"https:\/\/evertonfc.cz\/index.php\/wp-json\/wp\/v2\/news"}],"about":[{"href":"https:\/\/evertonfc.cz\/index.php\/wp-json\/wp\/v2\/types\/news"}],"author":[{"embeddable":true,"href":"https:\/\/evertonfc.cz\/index.php\/wp-json\/wp\/v2\/users\/1"}],"replies":[{"embeddable":true,"href":"https:\/\/evertonfc.cz\/index.php\/wp-json\/wp\/v2\/comments?post=9750"}],"version-history":[{"count":0,"href":"https:\/\/evertonfc.cz\/index.php\/wp-json\/wp\/v2\/news\/9750\/revisions"}],"wp:attachment":[{"href":"https:\/\/evertonfc.cz\/index.php\/wp-json\/wp\/v2\/media?parent=9750"}],"wp:term":[{"taxonomy":"post_tag","embeddable":true,"href":"https:\/\/evertonfc.cz\/index.php\/wp-json\/wp\/v2\/tags?post=9750"},{"taxonomy":"news-category","embeddable":true,"href":"https:\/\/evertonfc.cz\/index.php\/wp-json\/wp\/v2\/news-category?post=9750"}],"curies":[{"name":"wp","href":"https:\/\/api.w.org\/{rel}","templated":true}]}}