{"id":9995,"date":"2020-01-06T21:50:20","date_gmt":"2020-01-06T20:50:20","guid":{"rendered":"https:\/\/evertonfc.cz\/?post_type=news&#038;p=9995"},"modified":"2020-01-06T21:51:48","modified_gmt":"2020-01-06T20:51:48","slug":"connolly-meni-staci-hostovani","status":"publish","type":"news","link":"https:\/\/evertonfc.cz\/index.php\/news\/connolly-meni-staci-hostovani\/","title":{"rendered":"Connolly m\u011bn\u00ed \u0161taci hostov\u00e1n\u00ed"},"content":{"rendered":"<p><a href=\"https:\/\/evertonfc.cz\/index.php\/soupiska\/callum-connolly\/\" target=\"_blank\" rel=\"noopener noreferrer\">Callum Connolly<\/a> st\u0159\u00edd\u00e1 v League One kluby. Everton se rozhodl p\u0159ed\u010dasn\u011b ukon\u010dit jeho ro\u010dn\u00ed hostov\u00e1n\u00ed v Lincolnu City a do konce sez\u00f3ny ho pos\u00edl\u00e1 do Fletwoodu Town, kter\u00fd se na rozd\u00edl od Limps nach\u00e1z\u00ed v horn\u00ed polovin\u011b tabulky t\u0159et\u00ed anglick\u00e9 ligy.<\/p>\n<p>22let\u00fd defenzivn\u00ed univerz\u00e1l odehr\u00e1l v Lincolnu 15 sout\u011b\u017en\u00edm z\u00e1pas\u016f, cel\u00fd prosinec ale prosed\u011bl na lavi\u010dce n\u00e1hradn\u00edk\u016f. V z\u00e1\u0159\u00ed jmenovan\u00fd mana\u017eer Michael Appleton nepat\u0159\u00ed mezi Connollyho obdivovatele, mezi n\u011b\u017e se ale naopak dlouhodob\u011b \u0159ad\u00ed mana\u017eer Fletwoodu Joey Barton.<\/p>\n<p>Connolly m\u00e1 v Evertonu smlouvu do l\u00e9ta 2021, za prvn\u00ed t\u00fdm nastoupil k jedin\u00e9mu utk\u00e1n\u00ed a nyn\u00ed putuje u\u017e na sedm\u00e9 hostov\u00e1n\u00ed od roku 2016.<\/p>\n","protected":false},"excerpt":{"rendered":"<p>Callum Connolly st\u0159\u00edd\u00e1 v League One kluby. Everton se rozhodl p\u0159ed\u010dasn\u011b ukon\u010dit jeho ro\u010dn\u00ed hostov\u00e1n\u00ed v Lincolnu City a do&hellip;<\/p>\n","protected":false},"author":6,"featured_media":0,"comment_status":"open","ping_status":"closed","template":"","tags":[],"news-category":[18],"yoast_head":"<!-- This site is optimized with the Yoast SEO plugin v23.4 - https:\/\/yoast.com\/wordpress\/plugins\/seo\/ -->\n<title>Connolly m\u011bn\u00ed \u0161taci hostov\u00e1n\u00ed - Official Czech &amp; Slovak Everton Supporters&#039; Club<\/title>\n<meta name=\"robots\" content=\"index, follow, max-snippet:-1, max-image-preview:large, max-video-preview:-1\" \/>\n<link rel=\"canonical\" href=\"https:\/\/evertonfc.cz\/index.php\/news\/connolly-meni-staci-hostovani\/\" \/>\n<meta property=\"og:locale\" content=\"cs_CZ\" \/>\n<meta property=\"og:type\" content=\"article\" \/>\n<meta property=\"og:title\" content=\"Connolly m\u011bn\u00ed \u0161taci hostov\u00e1n\u00ed - Official Czech &amp; Slovak Everton Supporters&#039; Club\" \/>\n<meta property=\"og:description\" content=\"Callum Connolly st\u0159\u00edd\u00e1 v League One kluby. Everton se rozhodl p\u0159ed\u010dasn\u011b ukon\u010dit jeho ro\u010dn\u00ed hostov\u00e1n\u00ed v Lincolnu City a do&hellip;\" \/>\n<meta property=\"og:url\" content=\"https:\/\/evertonfc.cz\/index.php\/news\/connolly-meni-staci-hostovani\/\" \/>\n<meta property=\"og:site_name\" content=\"Official Czech &amp; Slovak Everton Supporters&#039; Club\" \/>\n<meta property=\"article:publisher\" content=\"https:\/\/www.facebook.com\/everton.fans.cz.sk\" \/>\n<meta property=\"article:modified_time\" content=\"2020-01-06T20:51:48+00:00\" \/>\n<meta name=\"twitter:card\" content=\"summary_large_image\" \/>\n<meta name=\"twitter:label1\" content=\"Odhadovan\u00e1 doba \u010dten\u00ed\" \/>\n\t<meta name=\"twitter:data1\" content=\"1 minuta\" \/>\n<script type=\"application\/ld+json\" class=\"yoast-schema-graph\">{\"@context\":\"https:\/\/schema.org\",\"@graph\":[{\"@type\":\"WebPage\",\"@id\":\"https:\/\/evertonfc.cz\/index.php\/news\/connolly-meni-staci-hostovani\/\",\"url\":\"https:\/\/evertonfc.cz\/index.php\/news\/connolly-meni-staci-hostovani\/\",\"name\":\"Connolly m\u011bn\u00ed \u0161taci hostov\u00e1n\u00ed - Official Czech &amp; Slovak Everton Supporters&#039; Club\",\"isPartOf\":{\"@id\":\"https:\/\/evertonfc.cz\/#website\"},\"datePublished\":\"2020-01-06T20:50:20+00:00\",\"dateModified\":\"2020-01-06T20:51:48+00:00\",\"breadcrumb\":{\"@id\":\"https:\/\/evertonfc.cz\/index.php\/news\/connolly-meni-staci-hostovani\/#breadcrumb\"},\"inLanguage\":\"cs\",\"potentialAction\":[{\"@type\":\"ReadAction\",\"target\":[\"https:\/\/evertonfc.cz\/index.php\/news\/connolly-meni-staci-hostovani\/\"]}]},{\"@type\":\"BreadcrumbList\",\"@id\":\"https:\/\/evertonfc.cz\/index.php\/news\/connolly-meni-staci-hostovani\/#breadcrumb\",\"itemListElement\":[{\"@type\":\"ListItem\",\"position\":1,\"name\":\"Home\",\"item\":\"https:\/\/evertonfc.cz\/\"},{\"@type\":\"ListItem\",\"position\":2,\"name\":\"News\",\"item\":\"https:\/\/evertonfc.cz\/index.php\/news\/\"},{\"@type\":\"ListItem\",\"position\":3,\"name\":\"Connolly m\u011bn\u00ed \u0161taci hostov\u00e1n\u00ed\"}]},{\"@type\":\"WebSite\",\"@id\":\"https:\/\/evertonfc.cz\/#website\",\"url\":\"https:\/\/evertonfc.cz\/\",\"name\":\"Official Czech &amp; Slovak Everton Supporters&#039; Club\",\"description\":\"\",\"publisher\":{\"@id\":\"https:\/\/evertonfc.cz\/#organization\"},\"potentialAction\":[{\"@type\":\"SearchAction\",\"target\":{\"@type\":\"EntryPoint\",\"urlTemplate\":\"https:\/\/evertonfc.cz\/?s={search_term_string}\"},\"query-input\":{\"@type\":\"PropertyValueSpecification\",\"valueRequired\":true,\"valueName\":\"search_term_string\"}}],\"inLanguage\":\"cs\"},{\"@type\":\"Organization\",\"@id\":\"https:\/\/evertonfc.cz\/#organization\",\"name\":\"Official Czech & Slovak Everton Supporters' Club\",\"url\":\"https:\/\/evertonfc.cz\/\",\"logo\":{\"@type\":\"ImageObject\",\"inLanguage\":\"cs\",\"@id\":\"https:\/\/evertonfc.cz\/#\/schema\/logo\/image\/\",\"url\":\"https:\/\/evertonfc.cz\/wp-content\/uploads\/2019\/05\/logo.png\",\"contentUrl\":\"https:\/\/evertonfc.cz\/wp-content\/uploads\/2019\/05\/logo.png\",\"width\":112,\"height\":112,\"caption\":\"Official Czech & Slovak Everton Supporters' Club\"},\"image\":{\"@id\":\"https:\/\/evertonfc.cz\/#\/schema\/logo\/image\/\"},\"sameAs\":[\"https:\/\/www.facebook.com\/everton.fans.cz.sk\"]}]}<\/script>\n<!-- \/ Yoast SEO plugin. -->","yoast_head_json":{"title":"Connolly m\u011bn\u00ed \u0161taci hostov\u00e1n\u00ed - Official Czech &amp; Slovak Everton Supporters&#039; Club","robots":{"index":"index","follow":"follow","max-snippet":"max-snippet:-1","max-image-preview":"max-image-preview:large","max-video-preview":"max-video-preview:-1"},"canonical":"https:\/\/evertonfc.cz\/index.php\/news\/connolly-meni-staci-hostovani\/","og_locale":"cs_CZ","og_type":"article","og_title":"Connolly m\u011bn\u00ed \u0161taci hostov\u00e1n\u00ed - Official Czech &amp; Slovak Everton Supporters&#039; Club","og_description":"Callum Connolly st\u0159\u00edd\u00e1 v League One kluby. Everton se rozhodl p\u0159ed\u010dasn\u011b ukon\u010dit jeho ro\u010dn\u00ed hostov\u00e1n\u00ed v Lincolnu City a do&hellip;","og_url":"https:\/\/evertonfc.cz\/index.php\/news\/connolly-meni-staci-hostovani\/","og_site_name":"Official Czech &amp; Slovak Everton Supporters&#039; Club","article_publisher":"https:\/\/www.facebook.com\/everton.fans.cz.sk","article_modified_time":"2020-01-06T20:51:48+00:00","twitter_card":"summary_large_image","twitter_misc":{"Odhadovan\u00e1 doba \u010dten\u00ed":"1 minuta"},"schema":{"@context":"https:\/\/schema.org","@graph":[{"@type":"WebPage","@id":"https:\/\/evertonfc.cz\/index.php\/news\/connolly-meni-staci-hostovani\/","url":"https:\/\/evertonfc.cz\/index.php\/news\/connolly-meni-staci-hostovani\/","name":"Connolly m\u011bn\u00ed \u0161taci hostov\u00e1n\u00ed - Official Czech &amp; Slovak Everton Supporters&#039; Club","isPartOf":{"@id":"https:\/\/evertonfc.cz\/#website"},"datePublished":"2020-01-06T20:50:20+00:00","dateModified":"2020-01-06T20:51:48+00:00","breadcrumb":{"@id":"https:\/\/evertonfc.cz\/index.php\/news\/connolly-meni-staci-hostovani\/#breadcrumb"},"inLanguage":"cs","potentialAction":[{"@type":"ReadAction","target":["https:\/\/evertonfc.cz\/index.php\/news\/connolly-meni-staci-hostovani\/"]}]},{"@type":"BreadcrumbList","@id":"https:\/\/evertonfc.cz\/index.php\/news\/connolly-meni-staci-hostovani\/#breadcrumb","itemListElement":[{"@type":"ListItem","position":1,"name":"Home","item":"https:\/\/evertonfc.cz\/"},{"@type":"ListItem","position":2,"name":"News","item":"https:\/\/evertonfc.cz\/index.php\/news\/"},{"@type":"ListItem","position":3,"name":"Connolly m\u011bn\u00ed \u0161taci hostov\u00e1n\u00ed"}]},{"@type":"WebSite","@id":"https:\/\/evertonfc.cz\/#website","url":"https:\/\/evertonfc.cz\/","name":"Official Czech &amp; Slovak Everton Supporters&#039; Club","description":"","publisher":{"@id":"https:\/\/evertonfc.cz\/#organization"},"potentialAction":[{"@type":"SearchAction","target":{"@type":"EntryPoint","urlTemplate":"https:\/\/evertonfc.cz\/?s={search_term_string}"},"query-input":{"@type":"PropertyValueSpecification","valueRequired":true,"valueName":"search_term_string"}}],"inLanguage":"cs"},{"@type":"Organization","@id":"https:\/\/evertonfc.cz\/#organization","name":"Official Czech & Slovak Everton Supporters' Club","url":"https:\/\/evertonfc.cz\/","logo":{"@type":"ImageObject","inLanguage":"cs","@id":"https:\/\/evertonfc.cz\/#\/schema\/logo\/image\/","url":"https:\/\/evertonfc.cz\/wp-content\/uploads\/2019\/05\/logo.png","contentUrl":"https:\/\/evertonfc.cz\/wp-content\/uploads\/2019\/05\/logo.png","width":112,"height":112,"caption":"Official Czech & Slovak Everton Supporters' Club"},"image":{"@id":"https:\/\/evertonfc.cz\/#\/schema\/logo\/image\/"},"sameAs":["https:\/\/www.facebook.com\/everton.fans.cz.sk"]}]}},"_links":{"self":[{"href":"https:\/\/evertonfc.cz\/index.php\/wp-json\/wp\/v2\/news\/9995"}],"collection":[{"href":"https:\/\/evertonfc.cz\/index.php\/wp-json\/wp\/v2\/news"}],"about":[{"href":"https:\/\/evertonfc.cz\/index.php\/wp-json\/wp\/v2\/types\/news"}],"author":[{"embeddable":true,"href":"https:\/\/evertonfc.cz\/index.php\/wp-json\/wp\/v2\/users\/6"}],"replies":[{"embeddable":true,"href":"https:\/\/evertonfc.cz\/index.php\/wp-json\/wp\/v2\/comments?post=9995"}],"version-history":[{"count":0,"href":"https:\/\/evertonfc.cz\/index.php\/wp-json\/wp\/v2\/news\/9995\/revisions"}],"wp:attachment":[{"href":"https:\/\/evertonfc.cz\/index.php\/wp-json\/wp\/v2\/media?parent=9995"}],"wp:term":[{"taxonomy":"post_tag","embeddable":true,"href":"https:\/\/evertonfc.cz\/index.php\/wp-json\/wp\/v2\/tags?post=9995"},{"taxonomy":"news-category","embeddable":true,"href":"https:\/\/evertonfc.cz\/index.php\/wp-json\/wp\/v2\/news-category?post=9995"}],"curies":[{"name":"wp","href":"https:\/\/api.w.org\/{rel}","templated":true}]}}