{"id":10007,"date":"2020-01-08T18:53:38","date_gmt":"2020-01-08T17:53:38","guid":{"rendered":"https:\/\/evertonfc.cz\/?p=10007"},"modified":"2020-04-27T09:49:21","modified_gmt":"2020-04-27T07:49:21","slug":"brands-celil-fanusikom-pred-finch-farm","status":"publish","type":"post","link":"https:\/\/evertonfc.cz\/index.php\/2020\/01\/08\/brands-celil-fanusikom-pred-finch-farm\/","title":{"rendered":"Brands \u010delil fan\u00fa\u0161ikom pred Finch Farm"},"content":{"rendered":"<h4>Po pravdepodobne najpotupnej\u0161ej prehre v\u00a0Merseyside derby v\u0161etk\u00fdch \u010dias, bolo len ot\u00e1zkou \u010dasu, kedy a\u00a0v\u00a0akej forme pr\u00edde reakcia od pr\u00e1vom nahnevan\u00fdch.<\/h4>\n<p><span lang=\"SK\">Britsk\u00fd denn\u00edk The Times dnes pri\u0161iel s\u00a0inform\u00e1ciou, \u017ee v\u00a0pondelok sa men\u0161ia skupina siedmych fan\u00fa\u0161ikov Evertonu zhroma\u017edila v\u00a0tr\u00e9ningovom centre Finch Farm a\u00a0po\u017eadovala stretnutie s\u00a0hr\u00e1\u010dmi. Ako uv\u00e1dza Paul Joyce, autor \u010dl\u00e1nku a \u010dasto\u00a0spo\u013eahliv\u00fd zdroj, d\u00f4vodom mala by\u0165 pr\u00e1ve zahanbuj\u00faca prehra na Anfielde de\u0148 predt\u00fdm.<\/span><\/p>\n<p><span lang=\"SK\">Ako \u010falej informuje, ke\u010f to bezpe\u010dnostn\u00e1 slu\u017eba zamietla, skupinka nazna\u010dovala, \u017ee ak im nebude vyhoven\u00e9, zmobilizuje sa v\u00e4\u010d\u0161\u00ed po\u010det fan\u00fa\u0161ikov, ktor\u00fd by mohol dokonca vytvori\u0165 blok\u00e1du okolo komplexu a vyn\u00fati\u0165 si tak konfront\u00e1ciu s hr\u00e1\u010dmi. Situ\u00e1ciu sa napokon rozhodol rie\u0161i\u0165 \u0161portov\u00fd riadite\u013e klubu, Marcel Brands.<\/span><\/p>\n<p><span lang=\"SK\">Ten \u00fadajne vy\u0161iel von a\u00a0pri vchode do centra si vypo\u010dul zoznam s\u0165a\u017enost\u00ed. Stretnutie malo trva\u0165 a\u017e dvadsa\u0165 min\u00fa\u0165 a\u00a0Brands vraj pris\u013e\u00fabil, \u017ee tieto s\u0165a\u017enosti bude rie\u0161i\u0165 priamo s\u00a0hr\u00e1\u010dmi. Cel\u00fd incident m\u00e1 ma\u0165 aj \u010do do\u010dinenia s\u00a0<a href=\"https:\/\/evertonfc.cz\/index.php\/soupiska\/fabian-delph\/\" target=\"_blank\" rel=\"noopener noreferrer\">Fabianom Delphom.<\/a> Liverpool Echo toti\u017e dopl\u0148uje, \u017ee hr\u00e1\u010d by mal \u010deli\u0165 vypo\u010d\u00favaniu zo strany klubu.<\/span><\/p>\n<h4>Na vine s\u00fa soci\u00e1lne siete<\/h4>\n<p><span lang=\"SK\">Pr\u00e1ve jeho <a href=\"https:\/\/twitter.com\/mcfcellis_\/status\/1214627916711108608\" target=\"_blank\" rel=\"noopener noreferrer\">medializovan\u00e1 komunik\u00e1cia na soci\u00e1lnych sie\u0165ach<\/a> s ist\u00fdm nahnevan\u00fdm fan\u00fa\u0161ikom mala podnieti\u0165 nepr\u00edjemn\u00fa pondelkov\u00fa situ\u00e1ciu v Halewoode. Everton by si r\u00e1d interne objasnil, \u010do Delph presne povedal, respekt\u00edve nepovedal dan\u00e9mu fan\u00fa\u0161ikovi. Stredn\u00fd z\u00e1lo\u017en\u00edk v z\u00e1pase nast\u00fapil ako n\u00e1hradn\u00edk v druhom pol\u010dase.<\/span><\/p>\n<p><span lang=\"SK\">V\u00a0strede sez\u00f3ny, a\u00a0v\u00a0podstate len p\u00e1r dn\u00ed po pr\u00edchode nov\u00e9ho mana\u017e\u00e9ra, s\u00fa tak\u00e9to spr\u00e1vy v\u017edy nepr\u00edjemn\u00fdm znakom. Ale klub ako Everton a\u00a0najm\u00e4 jeho hr\u00e1\u010di si jednoducho nem\u00f4\u017eu dovoli\u0165 \u201evyp\u00fa\u0161\u0165a\u0165\u201c z\u00e1pasy s\u00a0najv\u00e4\u010d\u0161\u00edm rivalom, ktor\u00fd e\u0161te k\u00a0tomu fakticky nasad\u00ed svoj v\u00fdber do dvadsa\u0165tri rokov.<\/span><\/p>\n<p><span lang=\"SK\">Ako sa cel\u00e1 situ\u00e1cia vyfarb\u00ed, to neradno predpoveda\u0165, no u\u017e teraz sa \u0161\u00edria zvesti o\u00a0men\u0161ej ro\u0161\u00e1de v\u00a0k\u00e1dri. \u0160pekul\u00e1cie o mo\u017en\u00fdch odchodoch podporuj\u00fa aj kon\u010diace, \u010di kr\u00e1tiace sa zmluvy niektor\u00fdch hr\u00e1\u010dov. Niasse, Martina, Stekelenburg, ba dokonca Sigurdsson, Schneiderlin a\u00a0Walcott to m\u00f4\u017eu ma\u0165 v\u00a0janu\u00e1ri spo\u010d\u00edtan\u00e9.<\/span><\/p>\n<p><span lang=\"SK\">Modlime sa v\u0161ak, aby nap\u00e4tie od fan\u00fa\u0161ikov\u00a0nevy\u00fastilo a\u017e do \u0161atne, \u010do by sa mohlo prejavi\u0165 aj na v\u00fdsledkoch a\u00a0spolupr\u00e1ci s\u00a0nov\u00fdm mana\u017e\u00e9rom. Ist\u00fdm liekom a\u00a0cestou k n\u00e1prave ur\u010dite bude v\u00ed\u0165azn\u00e1 vlna. Na \u0148u m\u00f4\u017ee Everton nasko\u010di\u0165 u\u017e v\u00a0sobotu proti Brightonu a\u00a0pokra\u010dova\u0165 na West Hame, s\u00a0Newcastle United, Watfordom a\u00a0Palace.<\/span><\/p>\n","protected":false},"excerpt":{"rendered":"<p>Po pravdepodobne najpotupnej\u0161ej prehre v Merseyside derby v\u0161etk\u00fdch \u010dias, bolo len ot\u00e1zkou \u010dasu, kedy a v akej forme pr\u00edde reakcia od pr\u00e1vom nahnevan\u00fdch.<\/p>\n","protected":false},"author":1,"featured_media":10008,"comment_status":"open","ping_status":"closed","sticky":false,"template":"","format":"standard","meta":{"_eb_attr":"","_monsterinsights_skip_tracking":false,"_monsterinsights_sitenote_active":false,"_monsterinsights_sitenote_note":"","_monsterinsights_sitenote_category":0,"footnotes":""},"categories":[42],"tags":[],"yoast_head":"<!-- This site is optimized with the Yoast SEO plugin v23.4 - https:\/\/yoast.com\/wordpress\/plugins\/seo\/ -->\n<title>Brands \u010delil fan\u00fa\u0161ikom pred Finch Farm - Official Czech &amp; Slovak Everton Supporters&#039; Club<\/title>\n<meta name=\"robots\" content=\"index, follow, max-snippet:-1, max-image-preview:large, max-video-preview:-1\" \/>\n<link rel=\"canonical\" href=\"https:\/\/evertonfc.cz\/index.php\/2020\/01\/08\/brands-celil-fanusikom-pred-finch-farm\/\" \/>\n<meta property=\"og:locale\" content=\"cs_CZ\" \/>\n<meta property=\"og:type\" content=\"article\" \/>\n<meta property=\"og:title\" content=\"Brands \u010delil fan\u00fa\u0161ikom pred Finch Farm - Official Czech &amp; Slovak Everton Supporters&#039; Club\" \/>\n<meta property=\"og:description\" content=\"Po pravdepodobne najpotupnej\u0161ej prehre v Merseyside derby v\u0161etk\u00fdch \u010dias, bolo len ot\u00e1zkou \u010dasu, kedy a v akej forme pr\u00edde reakcia od pr\u00e1vom nahnevan\u00fdch.\" \/>\n<meta property=\"og:url\" content=\"https:\/\/evertonfc.cz\/index.php\/2020\/01\/08\/brands-celil-fanusikom-pred-finch-farm\/\" \/>\n<meta property=\"og:site_name\" content=\"Official Czech &amp; Slovak Everton Supporters&#039; Club\" \/>\n<meta property=\"article:publisher\" content=\"https:\/\/www.facebook.com\/everton.fans.cz.sk\" \/>\n<meta property=\"article:published_time\" content=\"2020-01-08T17:53:38+00:00\" \/>\n<meta property=\"article:modified_time\" content=\"2020-04-27T07:49:21+00:00\" \/>\n<meta property=\"og:image\" content=\"https:\/\/evertonfc.cz\/wp-content\/uploads\/2020\/01\/Finch-Farm.jpg\" \/>\n\t<meta property=\"og:image:width\" content=\"720\" \/>\n\t<meta property=\"og:image:height\" content=\"405\" \/>\n\t<meta property=\"og:image:type\" content=\"image\/jpeg\" \/>\n<meta name=\"author\" content=\"BlueBlooded\" \/>\n<meta name=\"twitter:card\" content=\"summary_large_image\" \/>\n<meta name=\"twitter:label1\" content=\"Napsal(a)\" \/>\n\t<meta name=\"twitter:data1\" content=\"BlueBlooded\" \/>\n\t<meta name=\"twitter:label2\" content=\"Odhadovan\u00e1 doba \u010dten\u00ed\" \/>\n\t<meta name=\"twitter:data2\" content=\"2 minuty\" \/>\n<script type=\"application\/ld+json\" class=\"yoast-schema-graph\">{\"@context\":\"https:\/\/schema.org\",\"@graph\":[{\"@type\":\"Article\",\"@id\":\"https:\/\/evertonfc.cz\/index.php\/2020\/01\/08\/brands-celil-fanusikom-pred-finch-farm\/#article\",\"isPartOf\":{\"@id\":\"https:\/\/evertonfc.cz\/index.php\/2020\/01\/08\/brands-celil-fanusikom-pred-finch-farm\/\"},\"author\":{\"name\":\"BlueBlooded\",\"@id\":\"https:\/\/evertonfc.cz\/#\/schema\/person\/d4493b8cbea51532597fbc4685698916\"},\"headline\":\"Brands \u010delil fan\u00fa\u0161ikom pred Finch Farm\",\"datePublished\":\"2020-01-08T17:53:38+00:00\",\"dateModified\":\"2020-04-27T07:49:21+00:00\",\"mainEntityOfPage\":{\"@id\":\"https:\/\/evertonfc.cz\/index.php\/2020\/01\/08\/brands-celil-fanusikom-pred-finch-farm\/\"},\"wordCount\":488,\"commentCount\":19,\"publisher\":{\"@id\":\"https:\/\/evertonfc.cz\/#organization\"},\"image\":{\"@id\":\"https:\/\/evertonfc.cz\/index.php\/2020\/01\/08\/brands-celil-fanusikom-pred-finch-farm\/#primaryimage\"},\"thumbnailUrl\":\"https:\/\/evertonfc.cz\/wp-content\/uploads\/2020\/01\/Finch-Farm.jpg\",\"articleSection\":[\"Aktuality\"],\"inLanguage\":\"cs\",\"potentialAction\":[{\"@type\":\"CommentAction\",\"name\":\"Comment\",\"target\":[\"https:\/\/evertonfc.cz\/index.php\/2020\/01\/08\/brands-celil-fanusikom-pred-finch-farm\/#respond\"]}]},{\"@type\":\"WebPage\",\"@id\":\"https:\/\/evertonfc.cz\/index.php\/2020\/01\/08\/brands-celil-fanusikom-pred-finch-farm\/\",\"url\":\"https:\/\/evertonfc.cz\/index.php\/2020\/01\/08\/brands-celil-fanusikom-pred-finch-farm\/\",\"name\":\"Brands \u010delil fan\u00fa\u0161ikom pred Finch Farm - Official Czech &amp; Slovak Everton Supporters&#039; Club\",\"isPartOf\":{\"@id\":\"https:\/\/evertonfc.cz\/#website\"},\"primaryImageOfPage\":{\"@id\":\"https:\/\/evertonfc.cz\/index.php\/2020\/01\/08\/brands-celil-fanusikom-pred-finch-farm\/#primaryimage\"},\"image\":{\"@id\":\"https:\/\/evertonfc.cz\/index.php\/2020\/01\/08\/brands-celil-fanusikom-pred-finch-farm\/#primaryimage\"},\"thumbnailUrl\":\"https:\/\/evertonfc.cz\/wp-content\/uploads\/2020\/01\/Finch-Farm.jpg\",\"datePublished\":\"2020-01-08T17:53:38+00:00\",\"dateModified\":\"2020-04-27T07:49:21+00:00\",\"breadcrumb\":{\"@id\":\"https:\/\/evertonfc.cz\/index.php\/2020\/01\/08\/brands-celil-fanusikom-pred-finch-farm\/#breadcrumb\"},\"inLanguage\":\"cs\",\"potentialAction\":[{\"@type\":\"ReadAction\",\"target\":[\"https:\/\/evertonfc.cz\/index.php\/2020\/01\/08\/brands-celil-fanusikom-pred-finch-farm\/\"]}]},{\"@type\":\"ImageObject\",\"inLanguage\":\"cs\",\"@id\":\"https:\/\/evertonfc.cz\/index.php\/2020\/01\/08\/brands-celil-fanusikom-pred-finch-farm\/#primaryimage\",\"url\":\"https:\/\/evertonfc.cz\/wp-content\/uploads\/2020\/01\/Finch-Farm.jpg\",\"contentUrl\":\"https:\/\/evertonfc.cz\/wp-content\/uploads\/2020\/01\/Finch-Farm.jpg\",\"width\":720,\"height\":405},{\"@type\":\"BreadcrumbList\",\"@id\":\"https:\/\/evertonfc.cz\/index.php\/2020\/01\/08\/brands-celil-fanusikom-pred-finch-farm\/#breadcrumb\",\"itemListElement\":[{\"@type\":\"ListItem\",\"position\":1,\"name\":\"Home\",\"item\":\"https:\/\/evertonfc.cz\/\"},{\"@type\":\"ListItem\",\"position\":2,\"name\":\"Brands \u010delil fan\u00fa\u0161ikom pred Finch Farm\"}]},{\"@type\":\"WebSite\",\"@id\":\"https:\/\/evertonfc.cz\/#website\",\"url\":\"https:\/\/evertonfc.cz\/\",\"name\":\"Official Czech &amp; Slovak Everton Supporters&#039; Club\",\"description\":\"\",\"publisher\":{\"@id\":\"https:\/\/evertonfc.cz\/#organization\"},\"potentialAction\":[{\"@type\":\"SearchAction\",\"target\":{\"@type\":\"EntryPoint\",\"urlTemplate\":\"https:\/\/evertonfc.cz\/?s={search_term_string}\"},\"query-input\":{\"@type\":\"PropertyValueSpecification\",\"valueRequired\":true,\"valueName\":\"search_term_string\"}}],\"inLanguage\":\"cs\"},{\"@type\":\"Organization\",\"@id\":\"https:\/\/evertonfc.cz\/#organization\",\"name\":\"Official Czech & Slovak Everton Supporters' Club\",\"url\":\"https:\/\/evertonfc.cz\/\",\"logo\":{\"@type\":\"ImageObject\",\"inLanguage\":\"cs\",\"@id\":\"https:\/\/evertonfc.cz\/#\/schema\/logo\/image\/\",\"url\":\"https:\/\/evertonfc.cz\/wp-content\/uploads\/2019\/05\/logo.png\",\"contentUrl\":\"https:\/\/evertonfc.cz\/wp-content\/uploads\/2019\/05\/logo.png\",\"width\":112,\"height\":112,\"caption\":\"Official Czech & Slovak Everton Supporters' Club\"},\"image\":{\"@id\":\"https:\/\/evertonfc.cz\/#\/schema\/logo\/image\/\"},\"sameAs\":[\"https:\/\/www.facebook.com\/everton.fans.cz.sk\"]},{\"@type\":\"Person\",\"@id\":\"https:\/\/evertonfc.cz\/#\/schema\/person\/d4493b8cbea51532597fbc4685698916\",\"name\":\"BlueBlooded\",\"url\":\"https:\/\/evertonfc.cz\/index.php\/author\/admin\/\"}]}<\/script>\n<!-- \/ Yoast SEO plugin. -->","yoast_head_json":{"title":"Brands \u010delil fan\u00fa\u0161ikom pred Finch Farm - Official Czech &amp; Slovak Everton Supporters&#039; Club","robots":{"index":"index","follow":"follow","max-snippet":"max-snippet:-1","max-image-preview":"max-image-preview:large","max-video-preview":"max-video-preview:-1"},"canonical":"https:\/\/evertonfc.cz\/index.php\/2020\/01\/08\/brands-celil-fanusikom-pred-finch-farm\/","og_locale":"cs_CZ","og_type":"article","og_title":"Brands \u010delil fan\u00fa\u0161ikom pred Finch Farm - Official Czech &amp; Slovak Everton Supporters&#039; Club","og_description":"Po pravdepodobne najpotupnej\u0161ej prehre v Merseyside derby v\u0161etk\u00fdch \u010dias, bolo len ot\u00e1zkou \u010dasu, kedy a v akej forme pr\u00edde reakcia od pr\u00e1vom nahnevan\u00fdch.","og_url":"https:\/\/evertonfc.cz\/index.php\/2020\/01\/08\/brands-celil-fanusikom-pred-finch-farm\/","og_site_name":"Official Czech &amp; Slovak Everton Supporters&#039; Club","article_publisher":"https:\/\/www.facebook.com\/everton.fans.cz.sk","article_published_time":"2020-01-08T17:53:38+00:00","article_modified_time":"2020-04-27T07:49:21+00:00","og_image":[{"width":720,"height":405,"url":"https:\/\/evertonfc.cz\/wp-content\/uploads\/2020\/01\/Finch-Farm.jpg","type":"image\/jpeg"}],"author":"BlueBlooded","twitter_card":"summary_large_image","twitter_misc":{"Napsal(a)":"BlueBlooded","Odhadovan\u00e1 doba \u010dten\u00ed":"2 minuty"},"schema":{"@context":"https:\/\/schema.org","@graph":[{"@type":"Article","@id":"https:\/\/evertonfc.cz\/index.php\/2020\/01\/08\/brands-celil-fanusikom-pred-finch-farm\/#article","isPartOf":{"@id":"https:\/\/evertonfc.cz\/index.php\/2020\/01\/08\/brands-celil-fanusikom-pred-finch-farm\/"},"author":{"name":"BlueBlooded","@id":"https:\/\/evertonfc.cz\/#\/schema\/person\/d4493b8cbea51532597fbc4685698916"},"headline":"Brands \u010delil fan\u00fa\u0161ikom pred Finch Farm","datePublished":"2020-01-08T17:53:38+00:00","dateModified":"2020-04-27T07:49:21+00:00","mainEntityOfPage":{"@id":"https:\/\/evertonfc.cz\/index.php\/2020\/01\/08\/brands-celil-fanusikom-pred-finch-farm\/"},"wordCount":488,"commentCount":19,"publisher":{"@id":"https:\/\/evertonfc.cz\/#organization"},"image":{"@id":"https:\/\/evertonfc.cz\/index.php\/2020\/01\/08\/brands-celil-fanusikom-pred-finch-farm\/#primaryimage"},"thumbnailUrl":"https:\/\/evertonfc.cz\/wp-content\/uploads\/2020\/01\/Finch-Farm.jpg","articleSection":["Aktuality"],"inLanguage":"cs","potentialAction":[{"@type":"CommentAction","name":"Comment","target":["https:\/\/evertonfc.cz\/index.php\/2020\/01\/08\/brands-celil-fanusikom-pred-finch-farm\/#respond"]}]},{"@type":"WebPage","@id":"https:\/\/evertonfc.cz\/index.php\/2020\/01\/08\/brands-celil-fanusikom-pred-finch-farm\/","url":"https:\/\/evertonfc.cz\/index.php\/2020\/01\/08\/brands-celil-fanusikom-pred-finch-farm\/","name":"Brands \u010delil fan\u00fa\u0161ikom pred Finch Farm - Official Czech &amp; Slovak Everton Supporters&#039; Club","isPartOf":{"@id":"https:\/\/evertonfc.cz\/#website"},"primaryImageOfPage":{"@id":"https:\/\/evertonfc.cz\/index.php\/2020\/01\/08\/brands-celil-fanusikom-pred-finch-farm\/#primaryimage"},"image":{"@id":"https:\/\/evertonfc.cz\/index.php\/2020\/01\/08\/brands-celil-fanusikom-pred-finch-farm\/#primaryimage"},"thumbnailUrl":"https:\/\/evertonfc.cz\/wp-content\/uploads\/2020\/01\/Finch-Farm.jpg","datePublished":"2020-01-08T17:53:38+00:00","dateModified":"2020-04-27T07:49:21+00:00","breadcrumb":{"@id":"https:\/\/evertonfc.cz\/index.php\/2020\/01\/08\/brands-celil-fanusikom-pred-finch-farm\/#breadcrumb"},"inLanguage":"cs","potentialAction":[{"@type":"ReadAction","target":["https:\/\/evertonfc.cz\/index.php\/2020\/01\/08\/brands-celil-fanusikom-pred-finch-farm\/"]}]},{"@type":"ImageObject","inLanguage":"cs","@id":"https:\/\/evertonfc.cz\/index.php\/2020\/01\/08\/brands-celil-fanusikom-pred-finch-farm\/#primaryimage","url":"https:\/\/evertonfc.cz\/wp-content\/uploads\/2020\/01\/Finch-Farm.jpg","contentUrl":"https:\/\/evertonfc.cz\/wp-content\/uploads\/2020\/01\/Finch-Farm.jpg","width":720,"height":405},{"@type":"BreadcrumbList","@id":"https:\/\/evertonfc.cz\/index.php\/2020\/01\/08\/brands-celil-fanusikom-pred-finch-farm\/#breadcrumb","itemListElement":[{"@type":"ListItem","position":1,"name":"Home","item":"https:\/\/evertonfc.cz\/"},{"@type":"ListItem","position":2,"name":"Brands \u010delil fan\u00fa\u0161ikom pred Finch Farm"}]},{"@type":"WebSite","@id":"https:\/\/evertonfc.cz\/#website","url":"https:\/\/evertonfc.cz\/","name":"Official Czech &amp; Slovak Everton Supporters&#039; Club","description":"","publisher":{"@id":"https:\/\/evertonfc.cz\/#organization"},"potentialAction":[{"@type":"SearchAction","target":{"@type":"EntryPoint","urlTemplate":"https:\/\/evertonfc.cz\/?s={search_term_string}"},"query-input":{"@type":"PropertyValueSpecification","valueRequired":true,"valueName":"search_term_string"}}],"inLanguage":"cs"},{"@type":"Organization","@id":"https:\/\/evertonfc.cz\/#organization","name":"Official Czech & Slovak Everton Supporters' Club","url":"https:\/\/evertonfc.cz\/","logo":{"@type":"ImageObject","inLanguage":"cs","@id":"https:\/\/evertonfc.cz\/#\/schema\/logo\/image\/","url":"https:\/\/evertonfc.cz\/wp-content\/uploads\/2019\/05\/logo.png","contentUrl":"https:\/\/evertonfc.cz\/wp-content\/uploads\/2019\/05\/logo.png","width":112,"height":112,"caption":"Official Czech & Slovak Everton Supporters' Club"},"image":{"@id":"https:\/\/evertonfc.cz\/#\/schema\/logo\/image\/"},"sameAs":["https:\/\/www.facebook.com\/everton.fans.cz.sk"]},{"@type":"Person","@id":"https:\/\/evertonfc.cz\/#\/schema\/person\/d4493b8cbea51532597fbc4685698916","name":"BlueBlooded","url":"https:\/\/evertonfc.cz\/index.php\/author\/admin\/"}]}},"_links":{"self":[{"href":"https:\/\/evertonfc.cz\/index.php\/wp-json\/wp\/v2\/posts\/10007"}],"collection":[{"href":"https:\/\/evertonfc.cz\/index.php\/wp-json\/wp\/v2\/posts"}],"about":[{"href":"https:\/\/evertonfc.cz\/index.php\/wp-json\/wp\/v2\/types\/post"}],"author":[{"embeddable":true,"href":"https:\/\/evertonfc.cz\/index.php\/wp-json\/wp\/v2\/users\/1"}],"replies":[{"embeddable":true,"href":"https:\/\/evertonfc.cz\/index.php\/wp-json\/wp\/v2\/comments?post=10007"}],"version-history":[{"count":6,"href":"https:\/\/evertonfc.cz\/index.php\/wp-json\/wp\/v2\/posts\/10007\/revisions"}],"predecessor-version":[{"id":10880,"href":"https:\/\/evertonfc.cz\/index.php\/wp-json\/wp\/v2\/posts\/10007\/revisions\/10880"}],"wp:featuredmedia":[{"embeddable":true,"href":"https:\/\/evertonfc.cz\/index.php\/wp-json\/wp\/v2\/media\/10008"}],"wp:attachment":[{"href":"https:\/\/evertonfc.cz\/index.php\/wp-json\/wp\/v2\/media?parent=10007"}],"wp:term":[{"taxonomy":"category","embeddable":true,"href":"https:\/\/evertonfc.cz\/index.php\/wp-json\/wp\/v2\/categories?post=10007"},{"taxonomy":"post_tag","embeddable":true,"href":"https:\/\/evertonfc.cz\/index.php\/wp-json\/wp\/v2\/tags?post=10007"}],"curies":[{"name":"wp","href":"https:\/\/api.w.org\/{rel}","templated":true}]}}