{"id":10017,"date":"2020-01-10T15:15:18","date_gmt":"2020-01-10T14:15:18","guid":{"rendered":"https:\/\/evertonfc.cz\/?p=10017"},"modified":"2020-03-25T19:39:10","modified_gmt":"2020-03-25T18:39:10","slug":"tosun-hostuje-v-palace","status":"publish","type":"post","link":"https:\/\/evertonfc.cz\/index.php\/2020\/01\/10\/tosun-hostuje-v-palace\/","title":{"rendered":"Tosun hos\u0165uje v Palace"},"content":{"rendered":"<h4><span lang=\"SK\">Tureck\u00fd reprezenta\u010dn\u00fd \u00fato\u010dn\u00edk si na polroka vysk\u00fa\u0161a h\u00e1jenie farieb lond\u00fdnskych Orlov. Chce si tak zv\u00fd\u0161i\u0165 \u0161ance na \u00fa\u010das\u0165 na\u00a0tohtoro\u010dn\u00fdch Majstrovstv\u00e1ch Eur\u00f3py.<\/span><\/h4>\n<p><span lang=\"SK\"><a href=\"https:\/\/evertonfc.cz\/index.php\/soupiska\/cenk-tosun\/\" target=\"_blank\" rel=\"noopener noreferrer\">Dvadsa\u0165osemro\u010dn\u00fd Cenk<\/a> sa p\u00f4vodne k\u00a0Evertonu pridal v\u00a0janu\u00e1ri 2018, ako podpis Sama Allardycea. Kasu klubu st\u00e1l nie\u010do m\u00e1lo cez dvadsa\u0165 mili\u00f3nov libier. A\u00a0hoci sa jeho prv\u00fd polrok na Merseyside zdal n\u00e1dejn\u00fd, postupom \u010dasu vy\u0161lo najavo, \u017ee ide len o\u00a0priemern\u00e9ho hr\u00e1\u010da, ktor\u00fd sa nedok\u00e1zal adaptova\u0165 pri zmene tr\u00e9nera.<\/span><\/p>\n<p><span lang=\"SK\">Marco Silva jeho slu\u017eby prestal vyu\u017e\u00edva\u0165 u\u017e po desiatke z\u00e1pasov, v ktor\u00fdch nepresved\u010dil ako produkt\u00edvne, tak pr\u00ednosom. Achillovou p\u00e4tou 183 centimetrov vysok\u00e9ho \u00fato\u010dn\u00edka sa zd\u00e1 by\u0165 r\u00fdchlos\u0165 a neochota pracova\u0165 pre t\u00edm pri nap\u00e1dan\u00ed a roz\u0165ahovan\u00ed ihriska n\u00e1behmi. Tieto \u00falohy poctivo a dobre vykon\u00e1vaj\u00fa Richarlison a Calvert-Lewin.<\/span><\/p>\n<p><span lang=\"SK\">S\u00a0ich preferovan\u00edm a\u00a0perspekt\u00edvnym pr\u00edchodom Keana sa Tosunova minut\u00e1\u017e z\u00e1sadne zmen\u0161ila a\u00a0za dva roky si prip\u00edsal len desa\u0165 g\u00f3lov a\u00a0\u0161es\u0165 asistenci\u00ed, ke\u010f odohral za klub\u00a0p\u00e4\u0165desiatjeden z\u00e1pasov vo v\u0161etk\u00fdch s\u00fa\u0165a\u017eiach. Karamelky sa sna\u017eili \u00fato\u010dn\u00edka preda\u0165 u\u017e v\u00a0lete, len\u017ee nedok\u00e1zali n\u00e1js\u0165 sk\u00fasen\u00fa adekv\u00e1tnu n\u00e1hradu.<\/span><\/p>\n<p><span lang=\"SK\">V\u00a0Crystal Palace si ho vyhliadol Roy Hodgson. Ten ver\u00ed, \u017ee Cenk pom\u00f4\u017ee t\u00edmu zlep\u0161i\u0165 produktivitu t\u00edmu. Orli sa s\u00edce nach\u00e1dzaj\u00fa v\u00a0tabu\u013eke na peknom deviatom mieste, len\u017ee hor\u0161\u00edm \u00fatokom ako oni disponuje u\u017e len Watford. Mu\u017estvo s\u00a0\u00fato\u010dn\u00edkmi Benteke, Ayew a\u00a0Wickham nastrie\u013ealo dokopy len chab\u00fdch dev\u00e4tn\u00e1s\u0165 g\u00f3lov.<\/span><\/p>\n<p><span lang=\"SK\">Aj kv\u00f4li po\u010detn\u00e9mu mno\u017estvu zranen\u00fdch hr\u00e1\u010dov tr\u00e9ner Palace d\u00fafa, \u017ee je Tosun pripraven\u00fd nast\u00fapi\u0165 u\u017e zajtra, kv\u00f4li obedn\u00e9mu duelu proti Arsenalu na dom\u00e1com tr\u00e1vniku. Na drese bude nosi\u0165 \u010d\u00edslo 20. A\u00a0na z\u00e1ver &#8211; zatia\u013e \u017eiadne m\u00e9di\u00e1 nepri\u0161li s\u00a0inform\u00e1ciou, \u017ee toto hos\u0165ovanie by malo ma\u0165 zahrnut\u00fa aj opciu na prestup.<\/span><\/p>\n<p style=\"text-align: right;\"><em>(foto zdroj: premierleague.com)<\/em><\/p>\n","protected":false},"excerpt":{"rendered":"<p>Tureck\u00fd reprezenta\u010dn\u00fd \u00fato\u010dn\u00edk si na polroka vysk\u00fa\u0161a h\u00e1jenie farieb lond\u00fdnskych Orlov. Chce si tak zv\u00fd\u0161i\u0165 \u0161ance na \u00fa\u010das\u0165 na tohtoro\u010dn\u00fdch Majstrovstv\u00e1ch Eur\u00f3py.<\/p>\n","protected":false},"author":1,"featured_media":10018,"comment_status":"open","ping_status":"closed","sticky":false,"template":"","format":"standard","meta":{"_eb_attr":"","_monsterinsights_skip_tracking":false,"_monsterinsights_sitenote_active":false,"_monsterinsights_sitenote_note":"","_monsterinsights_sitenote_category":0,"footnotes":""},"categories":[41],"tags":[],"yoast_head":"<!-- This site is optimized with the Yoast SEO plugin v23.4 - https:\/\/yoast.com\/wordpress\/plugins\/seo\/ -->\n<title>Tosun hos\u0165uje v Palace - Official Czech &amp; Slovak Everton Supporters&#039; Club<\/title>\n<meta name=\"robots\" content=\"index, follow, max-snippet:-1, max-image-preview:large, max-video-preview:-1\" \/>\n<link rel=\"canonical\" href=\"https:\/\/evertonfc.cz\/index.php\/2020\/01\/10\/tosun-hostuje-v-palace\/\" \/>\n<meta property=\"og:locale\" content=\"cs_CZ\" \/>\n<meta property=\"og:type\" content=\"article\" \/>\n<meta property=\"og:title\" content=\"Tosun hos\u0165uje v Palace - Official Czech &amp; Slovak Everton Supporters&#039; Club\" \/>\n<meta property=\"og:description\" content=\"Tureck\u00fd reprezenta\u010dn\u00fd \u00fato\u010dn\u00edk si na polroka vysk\u00fa\u0161a h\u00e1jenie farieb lond\u00fdnskych Orlov. Chce si tak zv\u00fd\u0161i\u0165 \u0161ance na \u00fa\u010das\u0165 na tohtoro\u010dn\u00fdch Majstrovstv\u00e1ch Eur\u00f3py.\" \/>\n<meta property=\"og:url\" content=\"https:\/\/evertonfc.cz\/index.php\/2020\/01\/10\/tosun-hostuje-v-palace\/\" \/>\n<meta property=\"og:site_name\" content=\"Official Czech &amp; Slovak Everton Supporters&#039; Club\" \/>\n<meta property=\"article:publisher\" content=\"https:\/\/www.facebook.com\/everton.fans.cz.sk\" \/>\n<meta property=\"article:published_time\" content=\"2020-01-10T14:15:18+00:00\" \/>\n<meta property=\"article:modified_time\" content=\"2020-03-25T18:39:10+00:00\" \/>\n<meta property=\"og:image\" content=\"https:\/\/evertonfc.cz\/wp-content\/uploads\/2020\/01\/Tosun-Palace-10-1-2020.jpg\" \/>\n\t<meta property=\"og:image:width\" content=\"720\" \/>\n\t<meta property=\"og:image:height\" content=\"405\" \/>\n\t<meta property=\"og:image:type\" content=\"image\/jpeg\" \/>\n<meta name=\"author\" content=\"BlueBlooded\" \/>\n<meta name=\"twitter:card\" content=\"summary_large_image\" \/>\n<meta name=\"twitter:label1\" content=\"Napsal(a)\" \/>\n\t<meta name=\"twitter:data1\" content=\"BlueBlooded\" \/>\n\t<meta name=\"twitter:label2\" content=\"Odhadovan\u00e1 doba \u010dten\u00ed\" \/>\n\t<meta name=\"twitter:data2\" content=\"2 minuty\" \/>\n<script type=\"application\/ld+json\" class=\"yoast-schema-graph\">{\"@context\":\"https:\/\/schema.org\",\"@graph\":[{\"@type\":\"Article\",\"@id\":\"https:\/\/evertonfc.cz\/index.php\/2020\/01\/10\/tosun-hostuje-v-palace\/#article\",\"isPartOf\":{\"@id\":\"https:\/\/evertonfc.cz\/index.php\/2020\/01\/10\/tosun-hostuje-v-palace\/\"},\"author\":{\"name\":\"BlueBlooded\",\"@id\":\"https:\/\/evertonfc.cz\/#\/schema\/person\/d4493b8cbea51532597fbc4685698916\"},\"headline\":\"Tosun hos\u0165uje v Palace\",\"datePublished\":\"2020-01-10T14:15:18+00:00\",\"dateModified\":\"2020-03-25T18:39:10+00:00\",\"mainEntityOfPage\":{\"@id\":\"https:\/\/evertonfc.cz\/index.php\/2020\/01\/10\/tosun-hostuje-v-palace\/\"},\"wordCount\":371,\"commentCount\":2,\"publisher\":{\"@id\":\"https:\/\/evertonfc.cz\/#organization\"},\"image\":{\"@id\":\"https:\/\/evertonfc.cz\/index.php\/2020\/01\/10\/tosun-hostuje-v-palace\/#primaryimage\"},\"thumbnailUrl\":\"https:\/\/evertonfc.cz\/wp-content\/uploads\/2020\/01\/Tosun-Palace-10-1-2020.jpg\",\"articleSection\":[\"P\u0159estupy\"],\"inLanguage\":\"cs\",\"potentialAction\":[{\"@type\":\"CommentAction\",\"name\":\"Comment\",\"target\":[\"https:\/\/evertonfc.cz\/index.php\/2020\/01\/10\/tosun-hostuje-v-palace\/#respond\"]}]},{\"@type\":\"WebPage\",\"@id\":\"https:\/\/evertonfc.cz\/index.php\/2020\/01\/10\/tosun-hostuje-v-palace\/\",\"url\":\"https:\/\/evertonfc.cz\/index.php\/2020\/01\/10\/tosun-hostuje-v-palace\/\",\"name\":\"Tosun hos\u0165uje v Palace - Official Czech &amp; Slovak Everton Supporters&#039; Club\",\"isPartOf\":{\"@id\":\"https:\/\/evertonfc.cz\/#website\"},\"primaryImageOfPage\":{\"@id\":\"https:\/\/evertonfc.cz\/index.php\/2020\/01\/10\/tosun-hostuje-v-palace\/#primaryimage\"},\"image\":{\"@id\":\"https:\/\/evertonfc.cz\/index.php\/2020\/01\/10\/tosun-hostuje-v-palace\/#primaryimage\"},\"thumbnailUrl\":\"https:\/\/evertonfc.cz\/wp-content\/uploads\/2020\/01\/Tosun-Palace-10-1-2020.jpg\",\"datePublished\":\"2020-01-10T14:15:18+00:00\",\"dateModified\":\"2020-03-25T18:39:10+00:00\",\"breadcrumb\":{\"@id\":\"https:\/\/evertonfc.cz\/index.php\/2020\/01\/10\/tosun-hostuje-v-palace\/#breadcrumb\"},\"inLanguage\":\"cs\",\"potentialAction\":[{\"@type\":\"ReadAction\",\"target\":[\"https:\/\/evertonfc.cz\/index.php\/2020\/01\/10\/tosun-hostuje-v-palace\/\"]}]},{\"@type\":\"ImageObject\",\"inLanguage\":\"cs\",\"@id\":\"https:\/\/evertonfc.cz\/index.php\/2020\/01\/10\/tosun-hostuje-v-palace\/#primaryimage\",\"url\":\"https:\/\/evertonfc.cz\/wp-content\/uploads\/2020\/01\/Tosun-Palace-10-1-2020.jpg\",\"contentUrl\":\"https:\/\/evertonfc.cz\/wp-content\/uploads\/2020\/01\/Tosun-Palace-10-1-2020.jpg\",\"width\":720,\"height\":405},{\"@type\":\"BreadcrumbList\",\"@id\":\"https:\/\/evertonfc.cz\/index.php\/2020\/01\/10\/tosun-hostuje-v-palace\/#breadcrumb\",\"itemListElement\":[{\"@type\":\"ListItem\",\"position\":1,\"name\":\"Home\",\"item\":\"https:\/\/evertonfc.cz\/\"},{\"@type\":\"ListItem\",\"position\":2,\"name\":\"Tosun hos\u0165uje v Palace\"}]},{\"@type\":\"WebSite\",\"@id\":\"https:\/\/evertonfc.cz\/#website\",\"url\":\"https:\/\/evertonfc.cz\/\",\"name\":\"Official Czech &amp; Slovak Everton Supporters&#039; Club\",\"description\":\"\",\"publisher\":{\"@id\":\"https:\/\/evertonfc.cz\/#organization\"},\"potentialAction\":[{\"@type\":\"SearchAction\",\"target\":{\"@type\":\"EntryPoint\",\"urlTemplate\":\"https:\/\/evertonfc.cz\/?s={search_term_string}\"},\"query-input\":{\"@type\":\"PropertyValueSpecification\",\"valueRequired\":true,\"valueName\":\"search_term_string\"}}],\"inLanguage\":\"cs\"},{\"@type\":\"Organization\",\"@id\":\"https:\/\/evertonfc.cz\/#organization\",\"name\":\"Official Czech & Slovak Everton Supporters' Club\",\"url\":\"https:\/\/evertonfc.cz\/\",\"logo\":{\"@type\":\"ImageObject\",\"inLanguage\":\"cs\",\"@id\":\"https:\/\/evertonfc.cz\/#\/schema\/logo\/image\/\",\"url\":\"https:\/\/evertonfc.cz\/wp-content\/uploads\/2019\/05\/logo.png\",\"contentUrl\":\"https:\/\/evertonfc.cz\/wp-content\/uploads\/2019\/05\/logo.png\",\"width\":112,\"height\":112,\"caption\":\"Official Czech & Slovak Everton Supporters' Club\"},\"image\":{\"@id\":\"https:\/\/evertonfc.cz\/#\/schema\/logo\/image\/\"},\"sameAs\":[\"https:\/\/www.facebook.com\/everton.fans.cz.sk\"]},{\"@type\":\"Person\",\"@id\":\"https:\/\/evertonfc.cz\/#\/schema\/person\/d4493b8cbea51532597fbc4685698916\",\"name\":\"BlueBlooded\",\"url\":\"https:\/\/evertonfc.cz\/index.php\/author\/admin\/\"}]}<\/script>\n<!-- \/ Yoast SEO plugin. -->","yoast_head_json":{"title":"Tosun hos\u0165uje v Palace - Official Czech &amp; Slovak Everton Supporters&#039; Club","robots":{"index":"index","follow":"follow","max-snippet":"max-snippet:-1","max-image-preview":"max-image-preview:large","max-video-preview":"max-video-preview:-1"},"canonical":"https:\/\/evertonfc.cz\/index.php\/2020\/01\/10\/tosun-hostuje-v-palace\/","og_locale":"cs_CZ","og_type":"article","og_title":"Tosun hos\u0165uje v Palace - Official Czech &amp; Slovak Everton Supporters&#039; Club","og_description":"Tureck\u00fd reprezenta\u010dn\u00fd \u00fato\u010dn\u00edk si na polroka vysk\u00fa\u0161a h\u00e1jenie farieb lond\u00fdnskych Orlov. Chce si tak zv\u00fd\u0161i\u0165 \u0161ance na \u00fa\u010das\u0165 na tohtoro\u010dn\u00fdch Majstrovstv\u00e1ch Eur\u00f3py.","og_url":"https:\/\/evertonfc.cz\/index.php\/2020\/01\/10\/tosun-hostuje-v-palace\/","og_site_name":"Official Czech &amp; Slovak Everton Supporters&#039; Club","article_publisher":"https:\/\/www.facebook.com\/everton.fans.cz.sk","article_published_time":"2020-01-10T14:15:18+00:00","article_modified_time":"2020-03-25T18:39:10+00:00","og_image":[{"width":720,"height":405,"url":"https:\/\/evertonfc.cz\/wp-content\/uploads\/2020\/01\/Tosun-Palace-10-1-2020.jpg","type":"image\/jpeg"}],"author":"BlueBlooded","twitter_card":"summary_large_image","twitter_misc":{"Napsal(a)":"BlueBlooded","Odhadovan\u00e1 doba \u010dten\u00ed":"2 minuty"},"schema":{"@context":"https:\/\/schema.org","@graph":[{"@type":"Article","@id":"https:\/\/evertonfc.cz\/index.php\/2020\/01\/10\/tosun-hostuje-v-palace\/#article","isPartOf":{"@id":"https:\/\/evertonfc.cz\/index.php\/2020\/01\/10\/tosun-hostuje-v-palace\/"},"author":{"name":"BlueBlooded","@id":"https:\/\/evertonfc.cz\/#\/schema\/person\/d4493b8cbea51532597fbc4685698916"},"headline":"Tosun hos\u0165uje v Palace","datePublished":"2020-01-10T14:15:18+00:00","dateModified":"2020-03-25T18:39:10+00:00","mainEntityOfPage":{"@id":"https:\/\/evertonfc.cz\/index.php\/2020\/01\/10\/tosun-hostuje-v-palace\/"},"wordCount":371,"commentCount":2,"publisher":{"@id":"https:\/\/evertonfc.cz\/#organization"},"image":{"@id":"https:\/\/evertonfc.cz\/index.php\/2020\/01\/10\/tosun-hostuje-v-palace\/#primaryimage"},"thumbnailUrl":"https:\/\/evertonfc.cz\/wp-content\/uploads\/2020\/01\/Tosun-Palace-10-1-2020.jpg","articleSection":["P\u0159estupy"],"inLanguage":"cs","potentialAction":[{"@type":"CommentAction","name":"Comment","target":["https:\/\/evertonfc.cz\/index.php\/2020\/01\/10\/tosun-hostuje-v-palace\/#respond"]}]},{"@type":"WebPage","@id":"https:\/\/evertonfc.cz\/index.php\/2020\/01\/10\/tosun-hostuje-v-palace\/","url":"https:\/\/evertonfc.cz\/index.php\/2020\/01\/10\/tosun-hostuje-v-palace\/","name":"Tosun hos\u0165uje v Palace - Official Czech &amp; Slovak Everton Supporters&#039; Club","isPartOf":{"@id":"https:\/\/evertonfc.cz\/#website"},"primaryImageOfPage":{"@id":"https:\/\/evertonfc.cz\/index.php\/2020\/01\/10\/tosun-hostuje-v-palace\/#primaryimage"},"image":{"@id":"https:\/\/evertonfc.cz\/index.php\/2020\/01\/10\/tosun-hostuje-v-palace\/#primaryimage"},"thumbnailUrl":"https:\/\/evertonfc.cz\/wp-content\/uploads\/2020\/01\/Tosun-Palace-10-1-2020.jpg","datePublished":"2020-01-10T14:15:18+00:00","dateModified":"2020-03-25T18:39:10+00:00","breadcrumb":{"@id":"https:\/\/evertonfc.cz\/index.php\/2020\/01\/10\/tosun-hostuje-v-palace\/#breadcrumb"},"inLanguage":"cs","potentialAction":[{"@type":"ReadAction","target":["https:\/\/evertonfc.cz\/index.php\/2020\/01\/10\/tosun-hostuje-v-palace\/"]}]},{"@type":"ImageObject","inLanguage":"cs","@id":"https:\/\/evertonfc.cz\/index.php\/2020\/01\/10\/tosun-hostuje-v-palace\/#primaryimage","url":"https:\/\/evertonfc.cz\/wp-content\/uploads\/2020\/01\/Tosun-Palace-10-1-2020.jpg","contentUrl":"https:\/\/evertonfc.cz\/wp-content\/uploads\/2020\/01\/Tosun-Palace-10-1-2020.jpg","width":720,"height":405},{"@type":"BreadcrumbList","@id":"https:\/\/evertonfc.cz\/index.php\/2020\/01\/10\/tosun-hostuje-v-palace\/#breadcrumb","itemListElement":[{"@type":"ListItem","position":1,"name":"Home","item":"https:\/\/evertonfc.cz\/"},{"@type":"ListItem","position":2,"name":"Tosun hos\u0165uje v Palace"}]},{"@type":"WebSite","@id":"https:\/\/evertonfc.cz\/#website","url":"https:\/\/evertonfc.cz\/","name":"Official Czech &amp; Slovak Everton Supporters&#039; Club","description":"","publisher":{"@id":"https:\/\/evertonfc.cz\/#organization"},"potentialAction":[{"@type":"SearchAction","target":{"@type":"EntryPoint","urlTemplate":"https:\/\/evertonfc.cz\/?s={search_term_string}"},"query-input":{"@type":"PropertyValueSpecification","valueRequired":true,"valueName":"search_term_string"}}],"inLanguage":"cs"},{"@type":"Organization","@id":"https:\/\/evertonfc.cz\/#organization","name":"Official Czech & Slovak Everton Supporters' Club","url":"https:\/\/evertonfc.cz\/","logo":{"@type":"ImageObject","inLanguage":"cs","@id":"https:\/\/evertonfc.cz\/#\/schema\/logo\/image\/","url":"https:\/\/evertonfc.cz\/wp-content\/uploads\/2019\/05\/logo.png","contentUrl":"https:\/\/evertonfc.cz\/wp-content\/uploads\/2019\/05\/logo.png","width":112,"height":112,"caption":"Official Czech & Slovak Everton Supporters' Club"},"image":{"@id":"https:\/\/evertonfc.cz\/#\/schema\/logo\/image\/"},"sameAs":["https:\/\/www.facebook.com\/everton.fans.cz.sk"]},{"@type":"Person","@id":"https:\/\/evertonfc.cz\/#\/schema\/person\/d4493b8cbea51532597fbc4685698916","name":"BlueBlooded","url":"https:\/\/evertonfc.cz\/index.php\/author\/admin\/"}]}},"_links":{"self":[{"href":"https:\/\/evertonfc.cz\/index.php\/wp-json\/wp\/v2\/posts\/10017"}],"collection":[{"href":"https:\/\/evertonfc.cz\/index.php\/wp-json\/wp\/v2\/posts"}],"about":[{"href":"https:\/\/evertonfc.cz\/index.php\/wp-json\/wp\/v2\/types\/post"}],"author":[{"embeddable":true,"href":"https:\/\/evertonfc.cz\/index.php\/wp-json\/wp\/v2\/users\/1"}],"replies":[{"embeddable":true,"href":"https:\/\/evertonfc.cz\/index.php\/wp-json\/wp\/v2\/comments?post=10017"}],"version-history":[{"count":4,"href":"https:\/\/evertonfc.cz\/index.php\/wp-json\/wp\/v2\/posts\/10017\/revisions"}],"predecessor-version":[{"id":10579,"href":"https:\/\/evertonfc.cz\/index.php\/wp-json\/wp\/v2\/posts\/10017\/revisions\/10579"}],"wp:featuredmedia":[{"embeddable":true,"href":"https:\/\/evertonfc.cz\/index.php\/wp-json\/wp\/v2\/media\/10018"}],"wp:attachment":[{"href":"https:\/\/evertonfc.cz\/index.php\/wp-json\/wp\/v2\/media?parent=10017"}],"wp:term":[{"taxonomy":"category","embeddable":true,"href":"https:\/\/evertonfc.cz\/index.php\/wp-json\/wp\/v2\/categories?post=10017"},{"taxonomy":"post_tag","embeddable":true,"href":"https:\/\/evertonfc.cz\/index.php\/wp-json\/wp\/v2\/tags?post=10017"}],"curies":[{"name":"wp","href":"https:\/\/api.w.org\/{rel}","templated":true}]}}