{"id":10021,"date":"2020-01-11T12:24:02","date_gmt":"2020-01-11T11:24:02","guid":{"rendered":"https:\/\/evertonfc.cz\/?p=10021"},"modified":"2020-01-11T13:50:43","modified_gmt":"2020-01-11T12:50:43","slug":"preview-everton-brighton-hove-albion","status":"publish","type":"post","link":"https:\/\/evertonfc.cz\/index.php\/2020\/01\/11\/preview-everton-brighton-hove-albion\/","title":{"rendered":"Preview: Everton \u2013 Brighton &#038; Hove Albion"},"content":{"rendered":"<h4>Zabudn\u00fa\u0165 na posledn\u00fdch sedem dn\u00ed sa pok\u00fasime pred dom\u00e1cim publikom. S\u00faperom n\u00e1m bud\u00fa prijate\u013en\u00e9 \u010cajky z\u00a0ju\u017en\u00e9ho pobre\u017eia, hniezdiace na \u0161trn\u00e1stom mieste.<\/h4>\n<p>Carlo Ancelotti si ur\u010dite predstavoval pokojnej\u0161\u00ed \u0161tart s\u00a0nov\u00fdm zamestn\u00e1vate\u013eom. Len\u017ee okolnosti si maj\u00fa tak, \u017ee Talian pripl\u00e1val do rozb\u00faren\u00fdch v\u00f4d nespokojnosti, podpriemernosti a\u00a0ob\u010dasnej reb\u00e9lie. M\u00e1 v\u0161ak dostatok sk\u00fasenost\u00ed na to, aby si zachoval chladn\u00fa hlavu. By\u0165 racion\u00e1lny sa toti\u017e opl\u00e1ca.<\/p>\n<p>Veci sa maj\u00fa tak, \u017ee stretnutie oh\u013eadom janu\u00e1rov\u00fdch mo\u017enost\u00ed prebehlo \u00faspe\u0161ne a\u00a0probl\u00e9m zhodn\u00fa\u0165 sa na men\u00e1ch nenastal. A\u00a0ak pr\u00edde na nejak\u00e9, tak v\u00a0prvom rade do z\u00e1lohy. P\u00e1l\u010div\u00fd probl\u00e9m ale v\u00edta dobr\u00e9 spr\u00e1vy. Andr\u00e9 Gomes je dva a\u017e tri t\u00fd\u017edne popredu s\u00a0rekonvalescenciou a\u00a0Gbamin u\u017e tr\u00e9nuje samostatne.<\/p>\n<p>Prv\u00fd menovan\u00fd tak bud\u00faci t\u00fd\u017ede\u0148 zav\u00edta na Finch Farm a\u00a0zodpovedn\u00e9 osoby bud\u00fa m\u00f4c\u0165 presnej\u0161ie ur\u010di\u0165 mo\u017en\u00fd d\u00e1tum n\u00e1vratu. A Alex Iwobi, ten je st\u00e1le nepou\u017eite\u013en\u00fd. Bude teda po turbulenci\u00e1ch v\u00a0\u0161atni, \u010di na ihrisku zauj\u00edmav\u00e9 sledova\u0165, kto dnes nast\u00fapi. Holgate v\u00a0z\u00e1lohe? Gordon v\u00a0z\u00e1klade? Bodaj by.<\/p>\n<p><strong><em>Swedish School<\/em><\/strong><\/p>\n<p>Ke\u010f \u00faspe\u0161ne zachr\u00e1nite klub v\u00a0najvy\u0161\u0161ej s\u00fa\u0165a\u017ei a prebojujete sa do semifin\u00e1le FA Cupu, niekto by mohol poveda\u0165, \u017ee ste pre\u017eili \u00faspe\u0161n\u00fa sez\u00f3nu. Nebol to v\u0161ak n\u00e1zor vedenia Albionu. Chris Hughton si teda zbalil kufre a\u00a0na jeho miesto bol zv\u00e1ben\u00fd \u010fal\u0161\u00ed Angli\u010dan, Graham Potter. U\u017e po roku a\u00a0desiatom mieste opustil Swansea.<\/p>\n<p>V\u00a0druholigovom Walese si ale meno nespravil. Uznanie mu prinieslo osem rokov str\u00e1ven\u00fdch vo \u0160v\u00e9dsku, kde tamoj\u0161\u00ed \u00d6stersunds FK doviedol po piatich sez\u00f3nach po prv\u00fd raz do prvej ligy. Podot\u00fdkam, \u017ee za\u010d\u00ednal v\u00a0\u0161tvrtej. N\u00e1sledne vyhral \u0161v\u00e9dsky poh\u00e1r, kvalifikoval sa do Eur\u00f3pskej ligy a\u00a0prebojoval sa a\u017e do skupinovej f\u00e1zy.<\/p>\n<p>\u00daspechy dosiahol aj napriek mal\u00e9mu rozpo\u010dtu a\u00a0jeho t\u00edm dok\u00e1zal dokonca hra\u0165 oku lahodiaci \u00fato\u010dn\u00fd futbal, zalo\u017een\u00fd na dr\u017ean\u00ed lopty. Pou\u017e\u00edval pri tom pokrokov\u00e9 a\u00a0netradi\u010dn\u00e9 tr\u00e9ningov\u00e9 met\u00f3dy. Everton si s\u00a0n\u00edm na jese\u0148 takmer dal rady, len\u017ee zasiahol VAR. D\u00fafajme preto, \u017ee dne\u0161n\u00fd duel ostane v\u00a0<del>ruk\u00e1ch<\/del> noh\u00e1ch hr\u00e1\u010dov.<\/p>\n<h3 style=\"text-align: center;\"><span style=\"color: #3366ff;\"><strong><em>Up The Toffees !!!<\/em><\/strong><\/span><\/h3>\n<p><u>Forma s\u00fapera:<\/u><\/p>\n<table class=\"head_to_head h2h_away\">\n<tbody>\n<tr class=\"highlight odd\">\n<td><em><span class=\"date\">04.01.20<\/span><\/em><\/td>\n<td class=\"flag_td \" title=\"FA Cup (Anglicko)\"><em>FAC<\/em><\/td>\n<td class=\"name highTeam\"><em>Brighton<\/em><\/td>\n<td class=\"name\"><em><strong>Sheffield Wed<\/strong><\/em><\/td>\n<td class=\"\"><em><span class=\"score\"><strong>0 : 1<\/strong><\/span><\/em><\/td>\n<td class=\"winLose\"><\/td>\n<\/tr>\n<tr class=\"highlight even\">\n<td><em><span class=\"date\">01.01.20<\/span><\/em><\/td>\n<td class=\"flag_td \" title=\"Premier League (Anglicko)\"><em>PL<\/em><\/td>\n<td class=\"name highTeam\"><em>Brighton<\/em><\/td>\n<td class=\"name\"><em>Chelsea<\/em><\/td>\n<td class=\"\"><em><span class=\"score\"><strong>1 : 1<\/strong><\/span><\/em><\/td>\n<td class=\"winLose\"><\/td>\n<\/tr>\n<tr class=\"highlight odd\">\n<td><em><span class=\"date\">28.12.19<\/span><\/em><\/td>\n<td class=\"flag_td \" title=\"Premier League (Anglicko)\"><em>PL<\/em><\/td>\n<td class=\"name highTeam\"><em><strong>Brighton<\/strong><\/em><\/td>\n<td class=\"name\"><em>Bournemouth<\/em><\/td>\n<td class=\"\"><em><span class=\"score\"><strong>2 : 0<\/strong><\/span><\/em><\/td>\n<td class=\"winLose\"><\/td>\n<\/tr>\n<tr class=\"highlight even\">\n<td><em><span class=\"date\">26.12.19<\/span><\/em><\/td>\n<td class=\"flag_td \" title=\"Premier League (Anglicko)\"><em>PL<\/em><\/td>\n<td class=\"name\"><em><strong>Tottenham<\/strong><\/em><\/td>\n<td class=\"name highTeam\"><em>Brighton<\/em><\/td>\n<td class=\"\"><em><span class=\"score\"><strong>2 : 1<\/strong><\/span><\/em><\/td>\n<td class=\"winLose\"><\/td>\n<\/tr>\n<tr class=\"highlight odd\">\n<td><em><span class=\"date\">21.12.19<\/span><\/em><\/td>\n<td class=\"flag_td \" title=\"Premier League (Anglicko)\"><em>PL<\/em><\/td>\n<td class=\"name highTeam\"><em>Brighton<\/em><\/td>\n<td class=\"name\"><em><strong>Sheffield Utd<\/strong><\/em><\/td>\n<td class=\"\"><em><span class=\"score\"><strong>0 : 1<\/strong><\/span><\/em><\/td>\n<td class=\"winLose\"><\/td>\n<\/tr>\n<\/tbody>\n<\/table>\n<p>&nbsp;<\/p>\n<p><u>Absencie:<\/u><\/p>\n<ul>\n<li><strong>Dom\u00e1ci:<\/strong> Gomes (\u010dlenok), Gbamin (kvadriceps), Iwobi (hamstring)<\/li>\n<li><strong>Hostia: <\/strong>Izquierdo (koleno), Burn (k\u013e\u00fa\u010dna kos\u0165) \u2013 Mooy (koleno \/ ot\u00e1zny \u0161tart), March (slabiny \/ ot\u00e1zny \u0161tart), Murray (ot\u00e1zny \u0161tart)<\/li>\n<\/ul>\n<hr \/>\n<p><strong>\u010co:<\/strong> Everton FC \u2013 Brighton &amp; Howe Albion FC, 22. kolo Premier League<br \/>\n<strong>Kedy:<\/strong> 11.1. 2020 od 16:00 SE\u010c<br \/>\n<strong>Kde:<\/strong> Goodison Park \u2013 Goodison Rd, Liverpool L4 4EL (kapacita: 39 572)<br \/>\n<strong>Rozhodca:<\/strong> D. Coote <strong>Asistenti:<\/strong> S. Burt, N. Hopton <strong>\u0160tvrt\u00fd rozhodca:<\/strong> J. Moss<br \/>\n<strong>VAR: <\/strong>Micheal Oliver <strong>Asistent VAR: <\/strong>Scott Ledger<\/p>\n","protected":false},"excerpt":{"rendered":"<p>Zabudn\u00fa\u0165 na posledn\u00fdch sedem dn\u00ed sa pok\u00fasime pred dom\u00e1cim publikom. S\u00faperom n\u00e1m bud\u00fa prijate\u013en\u00e9 \u010cajky z ju\u017en\u00e9ho pobre\u017eia, hniezdiace na \u0161trn\u00e1stom mieste.<\/p>\n","protected":false},"author":1,"featured_media":10022,"comment_status":"open","ping_status":"closed","sticky":false,"template":"","format":"standard","meta":{"_eb_attr":"","_monsterinsights_skip_tracking":false,"_monsterinsights_sitenote_active":false,"_monsterinsights_sitenote_note":"","_monsterinsights_sitenote_category":0,"footnotes":""},"categories":[4],"tags":[],"yoast_head":"<!-- This site is optimized with the Yoast SEO plugin v23.4 - https:\/\/yoast.com\/wordpress\/plugins\/seo\/ -->\n<title>Preview: Everton \u2013 Brighton &amp; Hove Albion - Official Czech &amp; Slovak Everton Supporters&#039; Club<\/title>\n<meta name=\"robots\" content=\"index, follow, max-snippet:-1, max-image-preview:large, max-video-preview:-1\" \/>\n<link rel=\"canonical\" href=\"https:\/\/evertonfc.cz\/index.php\/2020\/01\/11\/preview-everton-brighton-hove-albion\/\" \/>\n<meta property=\"og:locale\" content=\"cs_CZ\" \/>\n<meta property=\"og:type\" content=\"article\" \/>\n<meta property=\"og:title\" content=\"Preview: Everton \u2013 Brighton &amp; Hove Albion - Official Czech &amp; Slovak Everton Supporters&#039; Club\" \/>\n<meta property=\"og:description\" content=\"Zabudn\u00fa\u0165 na posledn\u00fdch sedem dn\u00ed sa pok\u00fasime pred dom\u00e1cim publikom. S\u00faperom n\u00e1m bud\u00fa prijate\u013en\u00e9 \u010cajky z ju\u017en\u00e9ho pobre\u017eia, hniezdiace na \u0161trn\u00e1stom mieste.\" \/>\n<meta property=\"og:url\" content=\"https:\/\/evertonfc.cz\/index.php\/2020\/01\/11\/preview-everton-brighton-hove-albion\/\" \/>\n<meta property=\"og:site_name\" content=\"Official Czech &amp; Slovak Everton Supporters&#039; Club\" \/>\n<meta property=\"article:publisher\" content=\"https:\/\/www.facebook.com\/everton.fans.cz.sk\" \/>\n<meta property=\"article:published_time\" content=\"2020-01-11T11:24:02+00:00\" \/>\n<meta property=\"article:modified_time\" content=\"2020-01-11T12:50:43+00:00\" \/>\n<meta property=\"og:image\" content=\"https:\/\/evertonfc.cz\/wp-content\/uploads\/2020\/01\/Everton-Brighton-11-1-2020.jpg\" \/>\n\t<meta property=\"og:image:width\" content=\"720\" \/>\n\t<meta property=\"og:image:height\" content=\"405\" \/>\n\t<meta property=\"og:image:type\" content=\"image\/jpeg\" \/>\n<meta name=\"author\" content=\"BlueBlooded\" \/>\n<meta name=\"twitter:card\" content=\"summary_large_image\" \/>\n<meta name=\"twitter:label1\" content=\"Napsal(a)\" \/>\n\t<meta name=\"twitter:data1\" content=\"BlueBlooded\" \/>\n\t<meta name=\"twitter:label2\" content=\"Odhadovan\u00e1 doba \u010dten\u00ed\" \/>\n\t<meta name=\"twitter:data2\" content=\"3 minuty\" \/>\n<script type=\"application\/ld+json\" class=\"yoast-schema-graph\">{\"@context\":\"https:\/\/schema.org\",\"@graph\":[{\"@type\":\"Article\",\"@id\":\"https:\/\/evertonfc.cz\/index.php\/2020\/01\/11\/preview-everton-brighton-hove-albion\/#article\",\"isPartOf\":{\"@id\":\"https:\/\/evertonfc.cz\/index.php\/2020\/01\/11\/preview-everton-brighton-hove-albion\/\"},\"author\":{\"name\":\"BlueBlooded\",\"@id\":\"https:\/\/evertonfc.cz\/#\/schema\/person\/d4493b8cbea51532597fbc4685698916\"},\"headline\":\"Preview: Everton \u2013 Brighton &#038; Hove Albion\",\"datePublished\":\"2020-01-11T11:24:02+00:00\",\"dateModified\":\"2020-01-11T12:50:43+00:00\",\"mainEntityOfPage\":{\"@id\":\"https:\/\/evertonfc.cz\/index.php\/2020\/01\/11\/preview-everton-brighton-hove-albion\/\"},\"wordCount\":518,\"commentCount\":12,\"publisher\":{\"@id\":\"https:\/\/evertonfc.cz\/#organization\"},\"image\":{\"@id\":\"https:\/\/evertonfc.cz\/index.php\/2020\/01\/11\/preview-everton-brighton-hove-albion\/#primaryimage\"},\"thumbnailUrl\":\"https:\/\/evertonfc.cz\/wp-content\/uploads\/2020\/01\/Everton-Brighton-11-1-2020.jpg\",\"articleSection\":[\"Z\u00e1pasy\"],\"inLanguage\":\"cs\",\"potentialAction\":[{\"@type\":\"CommentAction\",\"name\":\"Comment\",\"target\":[\"https:\/\/evertonfc.cz\/index.php\/2020\/01\/11\/preview-everton-brighton-hove-albion\/#respond\"]}]},{\"@type\":\"WebPage\",\"@id\":\"https:\/\/evertonfc.cz\/index.php\/2020\/01\/11\/preview-everton-brighton-hove-albion\/\",\"url\":\"https:\/\/evertonfc.cz\/index.php\/2020\/01\/11\/preview-everton-brighton-hove-albion\/\",\"name\":\"Preview: Everton \u2013 Brighton & Hove Albion - Official Czech &amp; Slovak Everton Supporters&#039; Club\",\"isPartOf\":{\"@id\":\"https:\/\/evertonfc.cz\/#website\"},\"primaryImageOfPage\":{\"@id\":\"https:\/\/evertonfc.cz\/index.php\/2020\/01\/11\/preview-everton-brighton-hove-albion\/#primaryimage\"},\"image\":{\"@id\":\"https:\/\/evertonfc.cz\/index.php\/2020\/01\/11\/preview-everton-brighton-hove-albion\/#primaryimage\"},\"thumbnailUrl\":\"https:\/\/evertonfc.cz\/wp-content\/uploads\/2020\/01\/Everton-Brighton-11-1-2020.jpg\",\"datePublished\":\"2020-01-11T11:24:02+00:00\",\"dateModified\":\"2020-01-11T12:50:43+00:00\",\"breadcrumb\":{\"@id\":\"https:\/\/evertonfc.cz\/index.php\/2020\/01\/11\/preview-everton-brighton-hove-albion\/#breadcrumb\"},\"inLanguage\":\"cs\",\"potentialAction\":[{\"@type\":\"ReadAction\",\"target\":[\"https:\/\/evertonfc.cz\/index.php\/2020\/01\/11\/preview-everton-brighton-hove-albion\/\"]}]},{\"@type\":\"ImageObject\",\"inLanguage\":\"cs\",\"@id\":\"https:\/\/evertonfc.cz\/index.php\/2020\/01\/11\/preview-everton-brighton-hove-albion\/#primaryimage\",\"url\":\"https:\/\/evertonfc.cz\/wp-content\/uploads\/2020\/01\/Everton-Brighton-11-1-2020.jpg\",\"contentUrl\":\"https:\/\/evertonfc.cz\/wp-content\/uploads\/2020\/01\/Everton-Brighton-11-1-2020.jpg\",\"width\":720,\"height\":405},{\"@type\":\"BreadcrumbList\",\"@id\":\"https:\/\/evertonfc.cz\/index.php\/2020\/01\/11\/preview-everton-brighton-hove-albion\/#breadcrumb\",\"itemListElement\":[{\"@type\":\"ListItem\",\"position\":1,\"name\":\"Home\",\"item\":\"https:\/\/evertonfc.cz\/\"},{\"@type\":\"ListItem\",\"position\":2,\"name\":\"Preview: Everton \u2013 Brighton &#038; Hove Albion\"}]},{\"@type\":\"WebSite\",\"@id\":\"https:\/\/evertonfc.cz\/#website\",\"url\":\"https:\/\/evertonfc.cz\/\",\"name\":\"Official Czech &amp; Slovak Everton Supporters&#039; Club\",\"description\":\"\",\"publisher\":{\"@id\":\"https:\/\/evertonfc.cz\/#organization\"},\"potentialAction\":[{\"@type\":\"SearchAction\",\"target\":{\"@type\":\"EntryPoint\",\"urlTemplate\":\"https:\/\/evertonfc.cz\/?s={search_term_string}\"},\"query-input\":{\"@type\":\"PropertyValueSpecification\",\"valueRequired\":true,\"valueName\":\"search_term_string\"}}],\"inLanguage\":\"cs\"},{\"@type\":\"Organization\",\"@id\":\"https:\/\/evertonfc.cz\/#organization\",\"name\":\"Official Czech & Slovak Everton Supporters' Club\",\"url\":\"https:\/\/evertonfc.cz\/\",\"logo\":{\"@type\":\"ImageObject\",\"inLanguage\":\"cs\",\"@id\":\"https:\/\/evertonfc.cz\/#\/schema\/logo\/image\/\",\"url\":\"https:\/\/evertonfc.cz\/wp-content\/uploads\/2019\/05\/logo.png\",\"contentUrl\":\"https:\/\/evertonfc.cz\/wp-content\/uploads\/2019\/05\/logo.png\",\"width\":112,\"height\":112,\"caption\":\"Official Czech & Slovak Everton Supporters' Club\"},\"image\":{\"@id\":\"https:\/\/evertonfc.cz\/#\/schema\/logo\/image\/\"},\"sameAs\":[\"https:\/\/www.facebook.com\/everton.fans.cz.sk\"]},{\"@type\":\"Person\",\"@id\":\"https:\/\/evertonfc.cz\/#\/schema\/person\/d4493b8cbea51532597fbc4685698916\",\"name\":\"BlueBlooded\",\"url\":\"https:\/\/evertonfc.cz\/index.php\/author\/admin\/\"}]}<\/script>\n<!-- \/ Yoast SEO plugin. -->","yoast_head_json":{"title":"Preview: Everton \u2013 Brighton & Hove Albion - Official Czech &amp; Slovak Everton Supporters&#039; Club","robots":{"index":"index","follow":"follow","max-snippet":"max-snippet:-1","max-image-preview":"max-image-preview:large","max-video-preview":"max-video-preview:-1"},"canonical":"https:\/\/evertonfc.cz\/index.php\/2020\/01\/11\/preview-everton-brighton-hove-albion\/","og_locale":"cs_CZ","og_type":"article","og_title":"Preview: Everton \u2013 Brighton & Hove Albion - Official Czech &amp; Slovak Everton Supporters&#039; Club","og_description":"Zabudn\u00fa\u0165 na posledn\u00fdch sedem dn\u00ed sa pok\u00fasime pred dom\u00e1cim publikom. S\u00faperom n\u00e1m bud\u00fa prijate\u013en\u00e9 \u010cajky z ju\u017en\u00e9ho pobre\u017eia, hniezdiace na \u0161trn\u00e1stom mieste.","og_url":"https:\/\/evertonfc.cz\/index.php\/2020\/01\/11\/preview-everton-brighton-hove-albion\/","og_site_name":"Official Czech &amp; Slovak Everton Supporters&#039; Club","article_publisher":"https:\/\/www.facebook.com\/everton.fans.cz.sk","article_published_time":"2020-01-11T11:24:02+00:00","article_modified_time":"2020-01-11T12:50:43+00:00","og_image":[{"width":720,"height":405,"url":"https:\/\/evertonfc.cz\/wp-content\/uploads\/2020\/01\/Everton-Brighton-11-1-2020.jpg","type":"image\/jpeg"}],"author":"BlueBlooded","twitter_card":"summary_large_image","twitter_misc":{"Napsal(a)":"BlueBlooded","Odhadovan\u00e1 doba \u010dten\u00ed":"3 minuty"},"schema":{"@context":"https:\/\/schema.org","@graph":[{"@type":"Article","@id":"https:\/\/evertonfc.cz\/index.php\/2020\/01\/11\/preview-everton-brighton-hove-albion\/#article","isPartOf":{"@id":"https:\/\/evertonfc.cz\/index.php\/2020\/01\/11\/preview-everton-brighton-hove-albion\/"},"author":{"name":"BlueBlooded","@id":"https:\/\/evertonfc.cz\/#\/schema\/person\/d4493b8cbea51532597fbc4685698916"},"headline":"Preview: Everton \u2013 Brighton &#038; Hove Albion","datePublished":"2020-01-11T11:24:02+00:00","dateModified":"2020-01-11T12:50:43+00:00","mainEntityOfPage":{"@id":"https:\/\/evertonfc.cz\/index.php\/2020\/01\/11\/preview-everton-brighton-hove-albion\/"},"wordCount":518,"commentCount":12,"publisher":{"@id":"https:\/\/evertonfc.cz\/#organization"},"image":{"@id":"https:\/\/evertonfc.cz\/index.php\/2020\/01\/11\/preview-everton-brighton-hove-albion\/#primaryimage"},"thumbnailUrl":"https:\/\/evertonfc.cz\/wp-content\/uploads\/2020\/01\/Everton-Brighton-11-1-2020.jpg","articleSection":["Z\u00e1pasy"],"inLanguage":"cs","potentialAction":[{"@type":"CommentAction","name":"Comment","target":["https:\/\/evertonfc.cz\/index.php\/2020\/01\/11\/preview-everton-brighton-hove-albion\/#respond"]}]},{"@type":"WebPage","@id":"https:\/\/evertonfc.cz\/index.php\/2020\/01\/11\/preview-everton-brighton-hove-albion\/","url":"https:\/\/evertonfc.cz\/index.php\/2020\/01\/11\/preview-everton-brighton-hove-albion\/","name":"Preview: Everton \u2013 Brighton & Hove Albion - Official Czech &amp; Slovak Everton Supporters&#039; Club","isPartOf":{"@id":"https:\/\/evertonfc.cz\/#website"},"primaryImageOfPage":{"@id":"https:\/\/evertonfc.cz\/index.php\/2020\/01\/11\/preview-everton-brighton-hove-albion\/#primaryimage"},"image":{"@id":"https:\/\/evertonfc.cz\/index.php\/2020\/01\/11\/preview-everton-brighton-hove-albion\/#primaryimage"},"thumbnailUrl":"https:\/\/evertonfc.cz\/wp-content\/uploads\/2020\/01\/Everton-Brighton-11-1-2020.jpg","datePublished":"2020-01-11T11:24:02+00:00","dateModified":"2020-01-11T12:50:43+00:00","breadcrumb":{"@id":"https:\/\/evertonfc.cz\/index.php\/2020\/01\/11\/preview-everton-brighton-hove-albion\/#breadcrumb"},"inLanguage":"cs","potentialAction":[{"@type":"ReadAction","target":["https:\/\/evertonfc.cz\/index.php\/2020\/01\/11\/preview-everton-brighton-hove-albion\/"]}]},{"@type":"ImageObject","inLanguage":"cs","@id":"https:\/\/evertonfc.cz\/index.php\/2020\/01\/11\/preview-everton-brighton-hove-albion\/#primaryimage","url":"https:\/\/evertonfc.cz\/wp-content\/uploads\/2020\/01\/Everton-Brighton-11-1-2020.jpg","contentUrl":"https:\/\/evertonfc.cz\/wp-content\/uploads\/2020\/01\/Everton-Brighton-11-1-2020.jpg","width":720,"height":405},{"@type":"BreadcrumbList","@id":"https:\/\/evertonfc.cz\/index.php\/2020\/01\/11\/preview-everton-brighton-hove-albion\/#breadcrumb","itemListElement":[{"@type":"ListItem","position":1,"name":"Home","item":"https:\/\/evertonfc.cz\/"},{"@type":"ListItem","position":2,"name":"Preview: Everton \u2013 Brighton &#038; Hove Albion"}]},{"@type":"WebSite","@id":"https:\/\/evertonfc.cz\/#website","url":"https:\/\/evertonfc.cz\/","name":"Official Czech &amp; Slovak Everton Supporters&#039; Club","description":"","publisher":{"@id":"https:\/\/evertonfc.cz\/#organization"},"potentialAction":[{"@type":"SearchAction","target":{"@type":"EntryPoint","urlTemplate":"https:\/\/evertonfc.cz\/?s={search_term_string}"},"query-input":{"@type":"PropertyValueSpecification","valueRequired":true,"valueName":"search_term_string"}}],"inLanguage":"cs"},{"@type":"Organization","@id":"https:\/\/evertonfc.cz\/#organization","name":"Official Czech & Slovak Everton Supporters' Club","url":"https:\/\/evertonfc.cz\/","logo":{"@type":"ImageObject","inLanguage":"cs","@id":"https:\/\/evertonfc.cz\/#\/schema\/logo\/image\/","url":"https:\/\/evertonfc.cz\/wp-content\/uploads\/2019\/05\/logo.png","contentUrl":"https:\/\/evertonfc.cz\/wp-content\/uploads\/2019\/05\/logo.png","width":112,"height":112,"caption":"Official Czech & Slovak Everton Supporters' Club"},"image":{"@id":"https:\/\/evertonfc.cz\/#\/schema\/logo\/image\/"},"sameAs":["https:\/\/www.facebook.com\/everton.fans.cz.sk"]},{"@type":"Person","@id":"https:\/\/evertonfc.cz\/#\/schema\/person\/d4493b8cbea51532597fbc4685698916","name":"BlueBlooded","url":"https:\/\/evertonfc.cz\/index.php\/author\/admin\/"}]}},"_links":{"self":[{"href":"https:\/\/evertonfc.cz\/index.php\/wp-json\/wp\/v2\/posts\/10021"}],"collection":[{"href":"https:\/\/evertonfc.cz\/index.php\/wp-json\/wp\/v2\/posts"}],"about":[{"href":"https:\/\/evertonfc.cz\/index.php\/wp-json\/wp\/v2\/types\/post"}],"author":[{"embeddable":true,"href":"https:\/\/evertonfc.cz\/index.php\/wp-json\/wp\/v2\/users\/1"}],"replies":[{"embeddable":true,"href":"https:\/\/evertonfc.cz\/index.php\/wp-json\/wp\/v2\/comments?post=10021"}],"version-history":[{"count":2,"href":"https:\/\/evertonfc.cz\/index.php\/wp-json\/wp\/v2\/posts\/10021\/revisions"}],"predecessor-version":[{"id":10026,"href":"https:\/\/evertonfc.cz\/index.php\/wp-json\/wp\/v2\/posts\/10021\/revisions\/10026"}],"wp:featuredmedia":[{"embeddable":true,"href":"https:\/\/evertonfc.cz\/index.php\/wp-json\/wp\/v2\/media\/10022"}],"wp:attachment":[{"href":"https:\/\/evertonfc.cz\/index.php\/wp-json\/wp\/v2\/media?parent=10021"}],"wp:term":[{"taxonomy":"category","embeddable":true,"href":"https:\/\/evertonfc.cz\/index.php\/wp-json\/wp\/v2\/categories?post=10021"},{"taxonomy":"post_tag","embeddable":true,"href":"https:\/\/evertonfc.cz\/index.php\/wp-json\/wp\/v2\/tags?post=10021"}],"curies":[{"name":"wp","href":"https:\/\/api.w.org\/{rel}","templated":true}]}}