{"id":10205,"date":"2020-02-01T10:05:12","date_gmt":"2020-02-01T09:05:12","guid":{"rendered":"https:\/\/evertonfc.cz\/?p=10205"},"modified":"2020-02-01T10:36:45","modified_gmt":"2020-02-01T09:36:45","slug":"preview-watford-everton-5","status":"publish","type":"post","link":"https:\/\/evertonfc.cz\/index.php\/2020\/02\/01\/preview-watford-everton-5\/","title":{"rendered":"Preview: Watford &#8211; Everton"},"content":{"rendered":"<h4>Po voln\u00e9m v\u00edkendu zp\u011bt do pr\u00e1ce. Ve Wafordu n\u00e1s \u010dek\u00e1 utk\u00e1n\u00ed proti nejhor\u0161\u00edmu \u00fatoku sout\u011b\u017ee.<\/h4>\n<p>Je mi jasn\u00e9, \u017ee fanda Evertonu pot\u0159eboval po z\u00e1v\u011bru ma\u010de proti Newcastlu \u010das na odpo\u010dinek a nabr\u00e1n\u00ed dechu. Mo\u017en\u00e1 prob\u011bhly i n\u011bjak\u00e9 ty infarkty, ur\u010dit\u011b let\u011bly p\u0159edm\u011bty z okna. Nepochybn\u011b tak\u00e9 nad\u00e1v\u00e1n\u00ed hr\u00e1\u010d\u016fm do neschopn\u00fdch. Ale to je bl\u00edzk\u00e1 minulost, nyn\u00ed je t\u0159eba za\u010d\u00edt vyhr\u00e1vat. P\u00e1t\u00e9 m\u00edsto je p\u0159ed n\u00e1mi pouze o \u010dty\u0159i body. A postupuje se z n\u011bj do Evropsk\u00e9 ligy (kdy\u017e u\u017e to letos nevy\u0161lo z poh\u00e1r\u016f).<\/p>\n<p>Na Vicarage Road n\u00e1s p\u0159iv\u00edtaj\u00ed m\u00edstn\u00ed, kte\u0159\u00ed disponuj\u00ed k\u00e1drem s dv\u011bma b\u00fdval\u00fdmi hr\u00e1\u010di Evertonu (Deulofeu a Cleverley). P\u0159edev\u0161\u00edm ale hroz\u00ed sestup. Tragick\u00e9 v\u00fdkony vy\u00fastily ji\u017e ve dva vyhazovy. Po \u0161patn\u00e9m startu se pakoval mana\u017eer Javi Grac\u00eda, kter\u00e9ho vyst\u0159\u00eddal Quique S\u00e1nchez Flores, co\u017e byl Grac\u00ed\u016fv p\u0159edch\u016fdce. Sou\u010dasn\u00fdm mana\u017eerem je Nigel Pearson, kter\u00fd je na t\u00e9hle pozici od 6. prosince a smlouvu m\u00e1 do konce sez\u00f3ny. A kde tla\u010d\u00ed Watford bota? V \u00fatoku. 21 branek ve 24 z\u00e1pasech je velk\u00fd \u0161patn\u00fd, a tak se nen\u00ed co divit, \u017ee Watford je na p\u0159edposledn\u00ed pozici. Ale t\u0159eba West Ham (\u010derstv\u011b pos\u00edlen\u00fd o nejv\u011bt\u0161\u00ed hv\u011bzdu \u010desk\u00e9 ligy Tom\u00e1\u0161e Sou\u010dka, by\u0165 pouze na hostov\u00e1n\u00ed) by se moment\u00e1ln\u011b zachr\u00e1nil jen kv\u016fli lep\u0161\u00edmu sk\u00f3re.<\/p>\n<p>Na formu si st\u011b\u017eovat nemohou. V posledn\u00edm kole sice prohr\u00e1li ve Villa Parku (prvn\u00ed por\u00e1\u017eka v lize za sedm kol), ale p\u0159edt\u00edm z\u00edskali Deulofeu a spol. 10 bod\u016f ze 12 mo\u017en\u00fdch. Pearson zkr\u00e1tka odv\u00e1d\u00ed dobrou pr\u00e1ci. Trochu ostudou tak z\u016fst\u00e1v\u00e1 vypadnut\u00ed z Anglick\u00e9ho poh\u00e1ru na h\u0159i\u0161ti t\u0159etiligov\u00e9ho Tranmere. Po zran\u011bn\u00ed p\u0159itahova\u010de stehenn\u00edho svalu se vrac\u00ed Welbeck, ur\u010dit\u011b bude nominov\u00e1n k z\u00e1pasu. Nehr\u00e1l od \u0159\u00edjna. Dal\u0161\u00edm navr\u00e1tilcem do sestavy je Hughes. Chyb\u011bt naopak budou Sarr a Femen\u00eda. Absentovat bude i Cleverley, a\u010d ten se po zran\u011bn\u00ed ji\u017e vr\u00e1til k tr\u00e9ninku.<\/p>\n<p>I Everton hl\u00e1si dobr\u00e9 zpr\u00e1vy. Iwobi, Richarlison a Sigurdsson ji\u017e vyl\u00e9\u010dili sv\u00e1 zran\u011bn\u00ed a jsou k dispozici. Do tr\u00e9ninku se tak\u00e9 zapojil Gomes a mana\u017eer Ancelotti odhadl, \u017ee by mohl b\u00fdt za t\u0159i t\u00fddny k dispozici pro utk\u00e1n\u00ed na Arsenalu. P\u0159\u00ed\u0161t\u00ed t\u00fdden proti Crystal Palace tedy je\u0161t\u011b nenastoup\u00ed, pak m\u00e1 Everton (stejn\u011b jako p\u016flka ligy) zimn\u00ed pauzu. Ale aby se to vyrovnalo, tak m\u00e1m \u0161patnou zpr\u00e1vu ohledn\u011b Gbamina. P\u0159i l\u00e9\u010db\u011b sv\u00e9ho zran\u011bn\u00ed (kvadriceps) utrp\u011bl komplikace a mus\u00ed se to \u0159e\u0161it dal\u0161\u00ed operac\u00ed. Nad\u011bje, \u017ee zas\u00e1hne do hry je\u0161t\u011b p\u0159ed koncem sez\u00f3ny? Ta tu podle Ancelottiho je.<\/p>\n<p><strong>Co:\u00a0<\/strong>Watford FC &#8211; Everton FC, 25. kolo Premier League<br \/>\n<strong>Kdy:\u00a0<\/strong>1. 2. 2020 od 16:00<br \/>\n<strong>TV:\u00a0<\/strong>Ne, ani z\u00e1znam<br \/>\n<strong>Kde:\u00a0<\/strong>Vicarage Road, Watford<br \/>\n<strong>Rozhod\u010d\u00ed: <\/strong>Craig Pawson &#8211; <strong>\u00a0<\/strong>Lee Betts, Richard West <strong>\u010ctvrt\u00fd rozhod\u010d\u00ed: <\/strong>Keith Stroud<br \/>\n<strong>Videorozhod\u010d\u00ed: <\/strong>Jonathan Moss <strong>Asistent videorozhod\u010d\u00edho: <\/strong>Dan Cook<\/p>\n","protected":false},"excerpt":{"rendered":"<p>Po voln\u00e9m v\u00edkendu zp\u011bt do pr\u00e1ce. Ve Wafordu n\u00e1s \u010dek\u00e1 utk\u00e1n\u00ed proti nejhor\u0161\u00edmu \u00fatoku sout\u011b\u017ee.<\/p>\n","protected":false},"author":12,"featured_media":10208,"comment_status":"open","ping_status":"closed","sticky":false,"template":"","format":"standard","meta":{"_eb_attr":"","_monsterinsights_skip_tracking":false,"_monsterinsights_sitenote_active":false,"_monsterinsights_sitenote_note":"","_monsterinsights_sitenote_category":0,"footnotes":""},"categories":[4],"tags":[],"yoast_head":"<!-- This site is optimized with the Yoast SEO plugin v23.4 - https:\/\/yoast.com\/wordpress\/plugins\/seo\/ -->\n<title>Preview: Watford - Everton - Official Czech &amp; Slovak Everton Supporters&#039; Club<\/title>\n<meta name=\"robots\" content=\"index, follow, max-snippet:-1, max-image-preview:large, max-video-preview:-1\" \/>\n<link rel=\"canonical\" href=\"https:\/\/evertonfc.cz\/index.php\/2020\/02\/01\/preview-watford-everton-5\/\" \/>\n<meta property=\"og:locale\" content=\"cs_CZ\" \/>\n<meta property=\"og:type\" content=\"article\" \/>\n<meta property=\"og:title\" content=\"Preview: Watford - Everton - Official Czech &amp; Slovak Everton Supporters&#039; Club\" \/>\n<meta property=\"og:description\" content=\"Po voln\u00e9m v\u00edkendu zp\u011bt do pr\u00e1ce. Ve Wafordu n\u00e1s \u010dek\u00e1 utk\u00e1n\u00ed proti nejhor\u0161\u00edmu \u00fatoku sout\u011b\u017ee.\" \/>\n<meta property=\"og:url\" content=\"https:\/\/evertonfc.cz\/index.php\/2020\/02\/01\/preview-watford-everton-5\/\" \/>\n<meta property=\"og:site_name\" content=\"Official Czech &amp; Slovak Everton Supporters&#039; Club\" \/>\n<meta property=\"article:publisher\" content=\"https:\/\/www.facebook.com\/everton.fans.cz.sk\" \/>\n<meta property=\"article:published_time\" content=\"2020-02-01T09:05:12+00:00\" \/>\n<meta property=\"article:modified_time\" content=\"2020-02-01T09:36:45+00:00\" \/>\n<meta property=\"og:image\" content=\"https:\/\/evertonfc.cz\/wp-content\/uploads\/2020\/02\/Watford-Everton-1-2-2020.jpg\" \/>\n\t<meta property=\"og:image:width\" content=\"720\" \/>\n\t<meta property=\"og:image:height\" content=\"405\" \/>\n\t<meta property=\"og:image:type\" content=\"image\/jpeg\" \/>\n<meta name=\"author\" content=\"Javor\" \/>\n<meta name=\"twitter:card\" content=\"summary_large_image\" \/>\n<meta name=\"twitter:creator\" content=\"@LoudinJan\" \/>\n<meta name=\"twitter:label1\" content=\"Napsal(a)\" \/>\n\t<meta name=\"twitter:data1\" content=\"Javor\" \/>\n\t<meta name=\"twitter:label2\" content=\"Odhadovan\u00e1 doba \u010dten\u00ed\" \/>\n\t<meta name=\"twitter:data2\" content=\"3 minuty\" \/>\n<script type=\"application\/ld+json\" class=\"yoast-schema-graph\">{\"@context\":\"https:\/\/schema.org\",\"@graph\":[{\"@type\":\"Article\",\"@id\":\"https:\/\/evertonfc.cz\/index.php\/2020\/02\/01\/preview-watford-everton-5\/#article\",\"isPartOf\":{\"@id\":\"https:\/\/evertonfc.cz\/index.php\/2020\/02\/01\/preview-watford-everton-5\/\"},\"author\":{\"name\":\"Javor\",\"@id\":\"https:\/\/evertonfc.cz\/#\/schema\/person\/b30daf6a5852f4811f8207a17ec1bf78\"},\"headline\":\"Preview: Watford &#8211; Everton\",\"datePublished\":\"2020-02-01T09:05:12+00:00\",\"dateModified\":\"2020-02-01T09:36:45+00:00\",\"mainEntityOfPage\":{\"@id\":\"https:\/\/evertonfc.cz\/index.php\/2020\/02\/01\/preview-watford-everton-5\/\"},\"wordCount\":564,\"commentCount\":6,\"publisher\":{\"@id\":\"https:\/\/evertonfc.cz\/#organization\"},\"image\":{\"@id\":\"https:\/\/evertonfc.cz\/index.php\/2020\/02\/01\/preview-watford-everton-5\/#primaryimage\"},\"thumbnailUrl\":\"https:\/\/evertonfc.cz\/wp-content\/uploads\/2020\/02\/Watford-Everton-1-2-2020.jpg\",\"articleSection\":[\"Z\u00e1pasy\"],\"inLanguage\":\"cs\",\"potentialAction\":[{\"@type\":\"CommentAction\",\"name\":\"Comment\",\"target\":[\"https:\/\/evertonfc.cz\/index.php\/2020\/02\/01\/preview-watford-everton-5\/#respond\"]}]},{\"@type\":\"WebPage\",\"@id\":\"https:\/\/evertonfc.cz\/index.php\/2020\/02\/01\/preview-watford-everton-5\/\",\"url\":\"https:\/\/evertonfc.cz\/index.php\/2020\/02\/01\/preview-watford-everton-5\/\",\"name\":\"Preview: Watford - Everton - Official Czech &amp; Slovak Everton Supporters&#039; Club\",\"isPartOf\":{\"@id\":\"https:\/\/evertonfc.cz\/#website\"},\"primaryImageOfPage\":{\"@id\":\"https:\/\/evertonfc.cz\/index.php\/2020\/02\/01\/preview-watford-everton-5\/#primaryimage\"},\"image\":{\"@id\":\"https:\/\/evertonfc.cz\/index.php\/2020\/02\/01\/preview-watford-everton-5\/#primaryimage\"},\"thumbnailUrl\":\"https:\/\/evertonfc.cz\/wp-content\/uploads\/2020\/02\/Watford-Everton-1-2-2020.jpg\",\"datePublished\":\"2020-02-01T09:05:12+00:00\",\"dateModified\":\"2020-02-01T09:36:45+00:00\",\"breadcrumb\":{\"@id\":\"https:\/\/evertonfc.cz\/index.php\/2020\/02\/01\/preview-watford-everton-5\/#breadcrumb\"},\"inLanguage\":\"cs\",\"potentialAction\":[{\"@type\":\"ReadAction\",\"target\":[\"https:\/\/evertonfc.cz\/index.php\/2020\/02\/01\/preview-watford-everton-5\/\"]}]},{\"@type\":\"ImageObject\",\"inLanguage\":\"cs\",\"@id\":\"https:\/\/evertonfc.cz\/index.php\/2020\/02\/01\/preview-watford-everton-5\/#primaryimage\",\"url\":\"https:\/\/evertonfc.cz\/wp-content\/uploads\/2020\/02\/Watford-Everton-1-2-2020.jpg\",\"contentUrl\":\"https:\/\/evertonfc.cz\/wp-content\/uploads\/2020\/02\/Watford-Everton-1-2-2020.jpg\",\"width\":720,\"height\":405},{\"@type\":\"BreadcrumbList\",\"@id\":\"https:\/\/evertonfc.cz\/index.php\/2020\/02\/01\/preview-watford-everton-5\/#breadcrumb\",\"itemListElement\":[{\"@type\":\"ListItem\",\"position\":1,\"name\":\"Home\",\"item\":\"https:\/\/evertonfc.cz\/\"},{\"@type\":\"ListItem\",\"position\":2,\"name\":\"Preview: Watford &#8211; Everton\"}]},{\"@type\":\"WebSite\",\"@id\":\"https:\/\/evertonfc.cz\/#website\",\"url\":\"https:\/\/evertonfc.cz\/\",\"name\":\"Official Czech &amp; Slovak Everton Supporters&#039; Club\",\"description\":\"\",\"publisher\":{\"@id\":\"https:\/\/evertonfc.cz\/#organization\"},\"potentialAction\":[{\"@type\":\"SearchAction\",\"target\":{\"@type\":\"EntryPoint\",\"urlTemplate\":\"https:\/\/evertonfc.cz\/?s={search_term_string}\"},\"query-input\":{\"@type\":\"PropertyValueSpecification\",\"valueRequired\":true,\"valueName\":\"search_term_string\"}}],\"inLanguage\":\"cs\"},{\"@type\":\"Organization\",\"@id\":\"https:\/\/evertonfc.cz\/#organization\",\"name\":\"Official Czech & Slovak Everton Supporters' Club\",\"url\":\"https:\/\/evertonfc.cz\/\",\"logo\":{\"@type\":\"ImageObject\",\"inLanguage\":\"cs\",\"@id\":\"https:\/\/evertonfc.cz\/#\/schema\/logo\/image\/\",\"url\":\"https:\/\/evertonfc.cz\/wp-content\/uploads\/2019\/05\/logo.png\",\"contentUrl\":\"https:\/\/evertonfc.cz\/wp-content\/uploads\/2019\/05\/logo.png\",\"width\":112,\"height\":112,\"caption\":\"Official Czech & Slovak Everton Supporters' Club\"},\"image\":{\"@id\":\"https:\/\/evertonfc.cz\/#\/schema\/logo\/image\/\"},\"sameAs\":[\"https:\/\/www.facebook.com\/everton.fans.cz.sk\"]},{\"@type\":\"Person\",\"@id\":\"https:\/\/evertonfc.cz\/#\/schema\/person\/b30daf6a5852f4811f8207a17ec1bf78\",\"name\":\"Javor\",\"sameAs\":[\"https:\/\/x.com\/LoudinJan\"],\"url\":\"https:\/\/evertonfc.cz\/index.php\/author\/javor\/\"}]}<\/script>\n<!-- \/ Yoast SEO plugin. -->","yoast_head_json":{"title":"Preview: Watford - Everton - Official Czech &amp; Slovak Everton Supporters&#039; Club","robots":{"index":"index","follow":"follow","max-snippet":"max-snippet:-1","max-image-preview":"max-image-preview:large","max-video-preview":"max-video-preview:-1"},"canonical":"https:\/\/evertonfc.cz\/index.php\/2020\/02\/01\/preview-watford-everton-5\/","og_locale":"cs_CZ","og_type":"article","og_title":"Preview: Watford - Everton - Official Czech &amp; Slovak Everton Supporters&#039; Club","og_description":"Po voln\u00e9m v\u00edkendu zp\u011bt do pr\u00e1ce. Ve Wafordu n\u00e1s \u010dek\u00e1 utk\u00e1n\u00ed proti nejhor\u0161\u00edmu \u00fatoku sout\u011b\u017ee.","og_url":"https:\/\/evertonfc.cz\/index.php\/2020\/02\/01\/preview-watford-everton-5\/","og_site_name":"Official Czech &amp; Slovak Everton Supporters&#039; Club","article_publisher":"https:\/\/www.facebook.com\/everton.fans.cz.sk","article_published_time":"2020-02-01T09:05:12+00:00","article_modified_time":"2020-02-01T09:36:45+00:00","og_image":[{"width":720,"height":405,"url":"https:\/\/evertonfc.cz\/wp-content\/uploads\/2020\/02\/Watford-Everton-1-2-2020.jpg","type":"image\/jpeg"}],"author":"Javor","twitter_card":"summary_large_image","twitter_creator":"@LoudinJan","twitter_misc":{"Napsal(a)":"Javor","Odhadovan\u00e1 doba \u010dten\u00ed":"3 minuty"},"schema":{"@context":"https:\/\/schema.org","@graph":[{"@type":"Article","@id":"https:\/\/evertonfc.cz\/index.php\/2020\/02\/01\/preview-watford-everton-5\/#article","isPartOf":{"@id":"https:\/\/evertonfc.cz\/index.php\/2020\/02\/01\/preview-watford-everton-5\/"},"author":{"name":"Javor","@id":"https:\/\/evertonfc.cz\/#\/schema\/person\/b30daf6a5852f4811f8207a17ec1bf78"},"headline":"Preview: Watford &#8211; Everton","datePublished":"2020-02-01T09:05:12+00:00","dateModified":"2020-02-01T09:36:45+00:00","mainEntityOfPage":{"@id":"https:\/\/evertonfc.cz\/index.php\/2020\/02\/01\/preview-watford-everton-5\/"},"wordCount":564,"commentCount":6,"publisher":{"@id":"https:\/\/evertonfc.cz\/#organization"},"image":{"@id":"https:\/\/evertonfc.cz\/index.php\/2020\/02\/01\/preview-watford-everton-5\/#primaryimage"},"thumbnailUrl":"https:\/\/evertonfc.cz\/wp-content\/uploads\/2020\/02\/Watford-Everton-1-2-2020.jpg","articleSection":["Z\u00e1pasy"],"inLanguage":"cs","potentialAction":[{"@type":"CommentAction","name":"Comment","target":["https:\/\/evertonfc.cz\/index.php\/2020\/02\/01\/preview-watford-everton-5\/#respond"]}]},{"@type":"WebPage","@id":"https:\/\/evertonfc.cz\/index.php\/2020\/02\/01\/preview-watford-everton-5\/","url":"https:\/\/evertonfc.cz\/index.php\/2020\/02\/01\/preview-watford-everton-5\/","name":"Preview: Watford - Everton - Official Czech &amp; Slovak Everton Supporters&#039; Club","isPartOf":{"@id":"https:\/\/evertonfc.cz\/#website"},"primaryImageOfPage":{"@id":"https:\/\/evertonfc.cz\/index.php\/2020\/02\/01\/preview-watford-everton-5\/#primaryimage"},"image":{"@id":"https:\/\/evertonfc.cz\/index.php\/2020\/02\/01\/preview-watford-everton-5\/#primaryimage"},"thumbnailUrl":"https:\/\/evertonfc.cz\/wp-content\/uploads\/2020\/02\/Watford-Everton-1-2-2020.jpg","datePublished":"2020-02-01T09:05:12+00:00","dateModified":"2020-02-01T09:36:45+00:00","breadcrumb":{"@id":"https:\/\/evertonfc.cz\/index.php\/2020\/02\/01\/preview-watford-everton-5\/#breadcrumb"},"inLanguage":"cs","potentialAction":[{"@type":"ReadAction","target":["https:\/\/evertonfc.cz\/index.php\/2020\/02\/01\/preview-watford-everton-5\/"]}]},{"@type":"ImageObject","inLanguage":"cs","@id":"https:\/\/evertonfc.cz\/index.php\/2020\/02\/01\/preview-watford-everton-5\/#primaryimage","url":"https:\/\/evertonfc.cz\/wp-content\/uploads\/2020\/02\/Watford-Everton-1-2-2020.jpg","contentUrl":"https:\/\/evertonfc.cz\/wp-content\/uploads\/2020\/02\/Watford-Everton-1-2-2020.jpg","width":720,"height":405},{"@type":"BreadcrumbList","@id":"https:\/\/evertonfc.cz\/index.php\/2020\/02\/01\/preview-watford-everton-5\/#breadcrumb","itemListElement":[{"@type":"ListItem","position":1,"name":"Home","item":"https:\/\/evertonfc.cz\/"},{"@type":"ListItem","position":2,"name":"Preview: Watford &#8211; Everton"}]},{"@type":"WebSite","@id":"https:\/\/evertonfc.cz\/#website","url":"https:\/\/evertonfc.cz\/","name":"Official Czech &amp; Slovak Everton Supporters&#039; Club","description":"","publisher":{"@id":"https:\/\/evertonfc.cz\/#organization"},"potentialAction":[{"@type":"SearchAction","target":{"@type":"EntryPoint","urlTemplate":"https:\/\/evertonfc.cz\/?s={search_term_string}"},"query-input":{"@type":"PropertyValueSpecification","valueRequired":true,"valueName":"search_term_string"}}],"inLanguage":"cs"},{"@type":"Organization","@id":"https:\/\/evertonfc.cz\/#organization","name":"Official Czech & Slovak Everton Supporters' Club","url":"https:\/\/evertonfc.cz\/","logo":{"@type":"ImageObject","inLanguage":"cs","@id":"https:\/\/evertonfc.cz\/#\/schema\/logo\/image\/","url":"https:\/\/evertonfc.cz\/wp-content\/uploads\/2019\/05\/logo.png","contentUrl":"https:\/\/evertonfc.cz\/wp-content\/uploads\/2019\/05\/logo.png","width":112,"height":112,"caption":"Official Czech & Slovak Everton Supporters' Club"},"image":{"@id":"https:\/\/evertonfc.cz\/#\/schema\/logo\/image\/"},"sameAs":["https:\/\/www.facebook.com\/everton.fans.cz.sk"]},{"@type":"Person","@id":"https:\/\/evertonfc.cz\/#\/schema\/person\/b30daf6a5852f4811f8207a17ec1bf78","name":"Javor","sameAs":["https:\/\/x.com\/LoudinJan"],"url":"https:\/\/evertonfc.cz\/index.php\/author\/javor\/"}]}},"_links":{"self":[{"href":"https:\/\/evertonfc.cz\/index.php\/wp-json\/wp\/v2\/posts\/10205"}],"collection":[{"href":"https:\/\/evertonfc.cz\/index.php\/wp-json\/wp\/v2\/posts"}],"about":[{"href":"https:\/\/evertonfc.cz\/index.php\/wp-json\/wp\/v2\/types\/post"}],"author":[{"embeddable":true,"href":"https:\/\/evertonfc.cz\/index.php\/wp-json\/wp\/v2\/users\/12"}],"replies":[{"embeddable":true,"href":"https:\/\/evertonfc.cz\/index.php\/wp-json\/wp\/v2\/comments?post=10205"}],"version-history":[{"count":3,"href":"https:\/\/evertonfc.cz\/index.php\/wp-json\/wp\/v2\/posts\/10205\/revisions"}],"predecessor-version":[{"id":10209,"href":"https:\/\/evertonfc.cz\/index.php\/wp-json\/wp\/v2\/posts\/10205\/revisions\/10209"}],"wp:featuredmedia":[{"embeddable":true,"href":"https:\/\/evertonfc.cz\/index.php\/wp-json\/wp\/v2\/media\/10208"}],"wp:attachment":[{"href":"https:\/\/evertonfc.cz\/index.php\/wp-json\/wp\/v2\/media?parent=10205"}],"wp:term":[{"taxonomy":"category","embeddable":true,"href":"https:\/\/evertonfc.cz\/index.php\/wp-json\/wp\/v2\/categories?post=10205"},{"taxonomy":"post_tag","embeddable":true,"href":"https:\/\/evertonfc.cz\/index.php\/wp-json\/wp\/v2\/tags?post=10205"}],"curies":[{"name":"wp","href":"https:\/\/api.w.org\/{rel}","templated":true}]}}