{"id":10229,"date":"2020-02-01T18:23:13","date_gmt":"2020-02-01T17:23:13","guid":{"rendered":"https:\/\/evertonfc.cz\/?p=10229"},"modified":"2022-10-05T11:14:30","modified_gmt":"2022-10-05T09:14:30","slug":"watford-everton-2-3","status":"publish","type":"post","link":"https:\/\/evertonfc.cz\/index.php\/2020\/02\/01\/watford-everton-2-3\/","title":{"rendered":"Watford &#8211; Everton 2:3"},"content":{"rendered":"<h4>Everton si na p\u016fd\u011b Watfordu i v deseti hr\u00e1\u010d\u00edch vzal zp\u011bt ztracen\u00e9 body ze z\u00e1pasu s Newcastlem, kdy\u017e obrat z dvoug\u00f3lov\u00e9ho manka dovr\u0161il v 90. minut\u011b prvn\u00edm g\u00f3lem v sez\u00f3n\u011b Theo Walcott.<\/h4>\n<p>Carlo Ancelotti mohl op\u011bt po\u010d\u00edtat s uzdravenou trojic\u00ed Sigurdsson-Iwobi-Richarlison, kterou se v kompletn\u00edm slo\u017een\u00ed rozhodl nominovat do z\u00e1kladn\u00ed sestavy. Na lavi\u010dku naopak putovali Bernard, Kean (p\u0159esto\u017ee v p\u0159edch\u00e1zej\u00edc\u00edm utk\u00e1n\u00ed s Newcastlem podali dobr\u00e9 v\u00fdkony) a Schneiderlin. Jin\u00e9 zm\u011bny v \u00favodn\u00ed jeden\u00e1ctce italsk\u00fd strat\u00e9g nep\u0159ichystal.<\/p>\n<p>Na Vicarage Road se sk\u00f3re poprv\u00e9 m\u011bnilo u\u017e v 10. minut\u011b. Deulofeu zkrotil dlouh\u00fd n\u00e1kop a oslovil Masinu, kter\u00fd vl\u00e9tl do v\u00e1pna a zam\u00ed\u0159il p\u0159esn\u011b k ty\u010di \u2013 <strong>1:0<\/strong>. Sidib\u00e9 s Walcottem si plnili roli pouh\u00fdch p\u0159ihl\u00ed\u017eej\u00edc\u00edch komparzist\u016f.<\/p>\n<p>S nep\u0159\u00edzniv\u00fdm stavem se host\u016fm nepoda\u0159ilo hnout, v ofenziv\u011b postr\u00e1dali snad v\u0161echno od kreativity po rychlost. Nebylo tak velk\u00fdm p\u0159ekvapen\u00edm, \u017ee podruh\u00e9 ude\u0159il Watford. Delph ve 42. minut\u011b ztratil m\u00ed\u010d ve st\u0159edu h\u0159i\u0161t\u011b a Deeney nastartoval Pereyru dovr\u0161uj\u00edc\u00edho rychlou akci ranou pod b\u0159evno \u2013 <strong>2:0<\/strong>.<\/p>\n<p>Polo\u010das hr\u016fzy Evertonu, cht\u011blo se u\u017e za\u010d\u00edt lamentovat. Fotbal je ale prom\u011bnliv\u00e1 hra a veden\u00ed b\u011bhem p\u00e1r minut neztr\u00e1c\u00ed jenom ho\u0161i v modr\u00e9m. V sam\u00e9m z\u00e1v\u011bru prvn\u00ed p\u011bta\u010dty\u0159icetiminutovky se dvakr\u00e1t prosadil z rohov\u00fdch kop\u016f Yerry Mina a do kabin se nakonec \u0161lo za nerozhodn\u00e9ho stavu \u2013 <strong>2:2<\/strong>.<\/p>\n<p>Toffees se ve druh\u00e9m polo\u010dasu prezentovali o pozn\u00e1n\u00ed \u017eiv\u011bj\u0161\u00edm projevem, t\u0159eba\u017ee p\u0159esnost v kombinaci st\u00e1le v\u00e1zla. T\u0159\u00edbodov\u00e9 pl\u00e1ny ale naru\u0161il sv\u00fdm z\u00e1sahem Delph. V 71. minut\u011b zbyte\u010dn\u011b fauloval soupe\u0159e, a i kdy\u017e diskuze o opr\u00e1vn\u011bnosti druh\u00e9 \u017elut\u00e9 karty je pochopiteln\u00e1, Delphova neobez\u0159etnost nikoli. Everton dohr\u00e1val z\u00e1pas v deseti a s Holgatem v z\u00e1loze.<\/p>\n<p>Br\u00e1nic\u00ed se Everton ale nakonec i v oslaben\u00ed dokonal obrat. V 90. minut\u011b Richarlison pot\u00e1hl proti\u00fatok, oslovil ve v\u00e1pn\u011b Keana, jen\u017e t\u00edsn\u011bn\u00fd jenom slab\u011b trefil m\u00ed\u010d, paradoxn\u011b ho ale ide\u00e1ln\u011b posunul Walcottovi, kter\u00fd \u2013 jinak hraj\u00edc\u00ed hr\u016fzostra\u0161n\u00e9 utk\u00e1n\u00ed \u2013 rozvlnil s\u00ed\u0165 poloopu\u0161t\u011bn\u00e9 branky \u2013 <strong>2:3<\/strong>.<\/p>\n<p>Blues d\u00edky v\u00fdh\u0159e posko\u010dili do prvn\u00ed poloviny tabulky a poprv\u00e9 od prosince 2017 zv\u00edt\u011bzili v ligov\u00e9m z\u00e1pase, v n\u011bm\u017e prohr\u00e1vali.<\/p>\n<p><strong>Branky:<\/strong> 10. Adam Masina, 42. Roberto Pereyra &#8211; 45+1. a 45+4. Yerry Mina, 90. Theo Walcott<\/p>\n<p><strong>\u017dK:<\/strong> 68. Adam Masina, 78. Isaac Success &#8211; 58. Fabian Delph, 84. Yerry Mina, 86. Mason Holgate<\/p>\n<p><strong>\u010cK:<\/strong> 71. Fabian Delph (po 2. \u017dK)<\/p>\n<p><strong>Watford:<\/strong> Ben Foster, Adrian Mariappa, Christian Kabasele, Craig Cathcart, Adam Masina, Nathaniel Chalobah (57. Danny Welbeck), \u00c9tienne Capoue, Roberto Pereyra (75. Isaac Success), Abdoulaye Doucour\u00e9, Gerard Deulofeu (82. Ignacio Pussetto), Troy Deeney<\/p>\n<p><strong>Everton:<\/strong> Jordan Pickford, Djibril Sidib\u00e9, Yerry Mina, Mason Holgate, Lucas Digne, Gylfi Sigurdsson (67. Morgan Schneiderlin), Fabian Delph, Alex Iwobi (65. Moise Kean), Dominic Calvert-Lewin (73. Michael Keane), Theo Walcott, Richarlison<\/p>\n<p><strong>Rozhod\u010d\u00ed:<\/strong> Craig Pawson\u00a0 <strong>Div\u00e1ci:<\/strong> 21 229<\/p>\n","protected":false},"excerpt":{"rendered":"<p>Everton si na p\u016fd\u011b Watfordu i v deseti hr\u00e1\u010d\u00edch vzal zp\u011bt ztracen\u00e9 body ze z\u00e1pasu s Newcastlem, kdy\u017e obrat z dvoug\u00f3lov\u00e9ho manka dovr\u0161il v 90. minut\u011b prvn\u00edm g\u00f3lem v sez\u00f3n\u011b Theo Walcott.<\/p>\n","protected":false},"author":6,"featured_media":10230,"comment_status":"open","ping_status":"closed","sticky":false,"template":"","format":"standard","meta":{"_eb_attr":"","_monsterinsights_skip_tracking":false,"_monsterinsights_sitenote_active":false,"_monsterinsights_sitenote_note":"","_monsterinsights_sitenote_category":0,"footnotes":""},"categories":[4],"tags":[],"yoast_head":"<!-- This site is optimized with the Yoast SEO plugin v23.4 - https:\/\/yoast.com\/wordpress\/plugins\/seo\/ -->\n<title>Watford - Everton 2:3 - Official Czech &amp; Slovak Everton Supporters&#039; Club<\/title>\n<meta name=\"robots\" content=\"index, follow, max-snippet:-1, max-image-preview:large, max-video-preview:-1\" \/>\n<link rel=\"canonical\" href=\"https:\/\/evertonfc.cz\/index.php\/2020\/02\/01\/watford-everton-2-3\/\" \/>\n<meta property=\"og:locale\" content=\"cs_CZ\" \/>\n<meta property=\"og:type\" content=\"article\" \/>\n<meta property=\"og:title\" content=\"Watford - Everton 2:3 - Official Czech &amp; Slovak Everton Supporters&#039; Club\" \/>\n<meta property=\"og:description\" content=\"Everton si na p\u016fd\u011b Watfordu i v deseti hr\u00e1\u010d\u00edch vzal zp\u011bt ztracen\u00e9 body ze z\u00e1pasu s Newcastlem, kdy\u017e obrat z dvoug\u00f3lov\u00e9ho manka dovr\u0161il v 90. minut\u011b prvn\u00edm g\u00f3lem v sez\u00f3n\u011b Theo Walcott.\" \/>\n<meta property=\"og:url\" content=\"https:\/\/evertonfc.cz\/index.php\/2020\/02\/01\/watford-everton-2-3\/\" \/>\n<meta property=\"og:site_name\" content=\"Official Czech &amp; Slovak Everton Supporters&#039; Club\" \/>\n<meta property=\"article:publisher\" content=\"https:\/\/www.facebook.com\/everton.fans.cz.sk\" \/>\n<meta property=\"article:published_time\" content=\"2020-02-01T17:23:13+00:00\" \/>\n<meta property=\"article:modified_time\" content=\"2022-10-05T09:14:30+00:00\" \/>\n<meta property=\"og:image\" content=\"https:\/\/evertonfc.cz\/wp-content\/uploads\/2020\/02\/walcott_1_2_2020.jpg\" \/>\n\t<meta property=\"og:image:width\" content=\"720\" \/>\n\t<meta property=\"og:image:height\" content=\"405\" \/>\n\t<meta property=\"og:image:type\" content=\"image\/jpeg\" \/>\n<meta name=\"author\" content=\"Ri\u010di\" \/>\n<meta name=\"twitter:card\" content=\"summary_large_image\" \/>\n<meta name=\"twitter:creator\" content=\"@rbrejsa\" \/>\n<meta name=\"twitter:label1\" content=\"Napsal(a)\" \/>\n\t<meta name=\"twitter:data1\" content=\"Ri\u010di\" \/>\n\t<meta name=\"twitter:label2\" content=\"Odhadovan\u00e1 doba \u010dten\u00ed\" \/>\n\t<meta name=\"twitter:data2\" content=\"3 minuty\" \/>\n<script type=\"application\/ld+json\" class=\"yoast-schema-graph\">{\"@context\":\"https:\/\/schema.org\",\"@graph\":[{\"@type\":\"Article\",\"@id\":\"https:\/\/evertonfc.cz\/index.php\/2020\/02\/01\/watford-everton-2-3\/#article\",\"isPartOf\":{\"@id\":\"https:\/\/evertonfc.cz\/index.php\/2020\/02\/01\/watford-everton-2-3\/\"},\"author\":{\"name\":\"Ri\u010di\",\"@id\":\"https:\/\/evertonfc.cz\/#\/schema\/person\/f7a5daedb2ffee98480bc70e191aaef1\"},\"headline\":\"Watford &#8211; Everton 2:3\",\"datePublished\":\"2020-02-01T17:23:13+00:00\",\"dateModified\":\"2022-10-05T09:14:30+00:00\",\"mainEntityOfPage\":{\"@id\":\"https:\/\/evertonfc.cz\/index.php\/2020\/02\/01\/watford-everton-2-3\/\"},\"wordCount\":524,\"commentCount\":9,\"publisher\":{\"@id\":\"https:\/\/evertonfc.cz\/#organization\"},\"image\":{\"@id\":\"https:\/\/evertonfc.cz\/index.php\/2020\/02\/01\/watford-everton-2-3\/#primaryimage\"},\"thumbnailUrl\":\"https:\/\/evertonfc.cz\/wp-content\/uploads\/2020\/02\/walcott_1_2_2020.jpg\",\"articleSection\":[\"Z\u00e1pasy\"],\"inLanguage\":\"cs\",\"potentialAction\":[{\"@type\":\"CommentAction\",\"name\":\"Comment\",\"target\":[\"https:\/\/evertonfc.cz\/index.php\/2020\/02\/01\/watford-everton-2-3\/#respond\"]}]},{\"@type\":\"WebPage\",\"@id\":\"https:\/\/evertonfc.cz\/index.php\/2020\/02\/01\/watford-everton-2-3\/\",\"url\":\"https:\/\/evertonfc.cz\/index.php\/2020\/02\/01\/watford-everton-2-3\/\",\"name\":\"Watford - Everton 2:3 - Official Czech &amp; Slovak Everton Supporters&#039; Club\",\"isPartOf\":{\"@id\":\"https:\/\/evertonfc.cz\/#website\"},\"primaryImageOfPage\":{\"@id\":\"https:\/\/evertonfc.cz\/index.php\/2020\/02\/01\/watford-everton-2-3\/#primaryimage\"},\"image\":{\"@id\":\"https:\/\/evertonfc.cz\/index.php\/2020\/02\/01\/watford-everton-2-3\/#primaryimage\"},\"thumbnailUrl\":\"https:\/\/evertonfc.cz\/wp-content\/uploads\/2020\/02\/walcott_1_2_2020.jpg\",\"datePublished\":\"2020-02-01T17:23:13+00:00\",\"dateModified\":\"2022-10-05T09:14:30+00:00\",\"breadcrumb\":{\"@id\":\"https:\/\/evertonfc.cz\/index.php\/2020\/02\/01\/watford-everton-2-3\/#breadcrumb\"},\"inLanguage\":\"cs\",\"potentialAction\":[{\"@type\":\"ReadAction\",\"target\":[\"https:\/\/evertonfc.cz\/index.php\/2020\/02\/01\/watford-everton-2-3\/\"]}]},{\"@type\":\"ImageObject\",\"inLanguage\":\"cs\",\"@id\":\"https:\/\/evertonfc.cz\/index.php\/2020\/02\/01\/watford-everton-2-3\/#primaryimage\",\"url\":\"https:\/\/evertonfc.cz\/wp-content\/uploads\/2020\/02\/walcott_1_2_2020.jpg\",\"contentUrl\":\"https:\/\/evertonfc.cz\/wp-content\/uploads\/2020\/02\/walcott_1_2_2020.jpg\",\"width\":720,\"height\":405},{\"@type\":\"BreadcrumbList\",\"@id\":\"https:\/\/evertonfc.cz\/index.php\/2020\/02\/01\/watford-everton-2-3\/#breadcrumb\",\"itemListElement\":[{\"@type\":\"ListItem\",\"position\":1,\"name\":\"Home\",\"item\":\"https:\/\/evertonfc.cz\/\"},{\"@type\":\"ListItem\",\"position\":2,\"name\":\"Watford &#8211; Everton 2:3\"}]},{\"@type\":\"WebSite\",\"@id\":\"https:\/\/evertonfc.cz\/#website\",\"url\":\"https:\/\/evertonfc.cz\/\",\"name\":\"Official Czech &amp; Slovak Everton Supporters&#039; Club\",\"description\":\"\",\"publisher\":{\"@id\":\"https:\/\/evertonfc.cz\/#organization\"},\"potentialAction\":[{\"@type\":\"SearchAction\",\"target\":{\"@type\":\"EntryPoint\",\"urlTemplate\":\"https:\/\/evertonfc.cz\/?s={search_term_string}\"},\"query-input\":{\"@type\":\"PropertyValueSpecification\",\"valueRequired\":true,\"valueName\":\"search_term_string\"}}],\"inLanguage\":\"cs\"},{\"@type\":\"Organization\",\"@id\":\"https:\/\/evertonfc.cz\/#organization\",\"name\":\"Official Czech & Slovak Everton Supporters' Club\",\"url\":\"https:\/\/evertonfc.cz\/\",\"logo\":{\"@type\":\"ImageObject\",\"inLanguage\":\"cs\",\"@id\":\"https:\/\/evertonfc.cz\/#\/schema\/logo\/image\/\",\"url\":\"https:\/\/evertonfc.cz\/wp-content\/uploads\/2019\/05\/logo.png\",\"contentUrl\":\"https:\/\/evertonfc.cz\/wp-content\/uploads\/2019\/05\/logo.png\",\"width\":112,\"height\":112,\"caption\":\"Official Czech & Slovak Everton Supporters' Club\"},\"image\":{\"@id\":\"https:\/\/evertonfc.cz\/#\/schema\/logo\/image\/\"},\"sameAs\":[\"https:\/\/www.facebook.com\/everton.fans.cz.sk\"]},{\"@type\":\"Person\",\"@id\":\"https:\/\/evertonfc.cz\/#\/schema\/person\/f7a5daedb2ffee98480bc70e191aaef1\",\"name\":\"Ri\u010di\",\"sameAs\":[\"https:\/\/x.com\/rbrejsa\"],\"url\":\"https:\/\/evertonfc.cz\/index.php\/author\/rici\/\"}]}<\/script>\n<!-- \/ Yoast SEO plugin. -->","yoast_head_json":{"title":"Watford - Everton 2:3 - Official Czech &amp; Slovak Everton Supporters&#039; Club","robots":{"index":"index","follow":"follow","max-snippet":"max-snippet:-1","max-image-preview":"max-image-preview:large","max-video-preview":"max-video-preview:-1"},"canonical":"https:\/\/evertonfc.cz\/index.php\/2020\/02\/01\/watford-everton-2-3\/","og_locale":"cs_CZ","og_type":"article","og_title":"Watford - Everton 2:3 - Official Czech &amp; Slovak Everton Supporters&#039; Club","og_description":"Everton si na p\u016fd\u011b Watfordu i v deseti hr\u00e1\u010d\u00edch vzal zp\u011bt ztracen\u00e9 body ze z\u00e1pasu s Newcastlem, kdy\u017e obrat z dvoug\u00f3lov\u00e9ho manka dovr\u0161il v 90. minut\u011b prvn\u00edm g\u00f3lem v sez\u00f3n\u011b Theo Walcott.","og_url":"https:\/\/evertonfc.cz\/index.php\/2020\/02\/01\/watford-everton-2-3\/","og_site_name":"Official Czech &amp; Slovak Everton Supporters&#039; Club","article_publisher":"https:\/\/www.facebook.com\/everton.fans.cz.sk","article_published_time":"2020-02-01T17:23:13+00:00","article_modified_time":"2022-10-05T09:14:30+00:00","og_image":[{"width":720,"height":405,"url":"https:\/\/evertonfc.cz\/wp-content\/uploads\/2020\/02\/walcott_1_2_2020.jpg","type":"image\/jpeg"}],"author":"Ri\u010di","twitter_card":"summary_large_image","twitter_creator":"@rbrejsa","twitter_misc":{"Napsal(a)":"Ri\u010di","Odhadovan\u00e1 doba \u010dten\u00ed":"3 minuty"},"schema":{"@context":"https:\/\/schema.org","@graph":[{"@type":"Article","@id":"https:\/\/evertonfc.cz\/index.php\/2020\/02\/01\/watford-everton-2-3\/#article","isPartOf":{"@id":"https:\/\/evertonfc.cz\/index.php\/2020\/02\/01\/watford-everton-2-3\/"},"author":{"name":"Ri\u010di","@id":"https:\/\/evertonfc.cz\/#\/schema\/person\/f7a5daedb2ffee98480bc70e191aaef1"},"headline":"Watford &#8211; Everton 2:3","datePublished":"2020-02-01T17:23:13+00:00","dateModified":"2022-10-05T09:14:30+00:00","mainEntityOfPage":{"@id":"https:\/\/evertonfc.cz\/index.php\/2020\/02\/01\/watford-everton-2-3\/"},"wordCount":524,"commentCount":9,"publisher":{"@id":"https:\/\/evertonfc.cz\/#organization"},"image":{"@id":"https:\/\/evertonfc.cz\/index.php\/2020\/02\/01\/watford-everton-2-3\/#primaryimage"},"thumbnailUrl":"https:\/\/evertonfc.cz\/wp-content\/uploads\/2020\/02\/walcott_1_2_2020.jpg","articleSection":["Z\u00e1pasy"],"inLanguage":"cs","potentialAction":[{"@type":"CommentAction","name":"Comment","target":["https:\/\/evertonfc.cz\/index.php\/2020\/02\/01\/watford-everton-2-3\/#respond"]}]},{"@type":"WebPage","@id":"https:\/\/evertonfc.cz\/index.php\/2020\/02\/01\/watford-everton-2-3\/","url":"https:\/\/evertonfc.cz\/index.php\/2020\/02\/01\/watford-everton-2-3\/","name":"Watford - Everton 2:3 - Official Czech &amp; Slovak Everton Supporters&#039; Club","isPartOf":{"@id":"https:\/\/evertonfc.cz\/#website"},"primaryImageOfPage":{"@id":"https:\/\/evertonfc.cz\/index.php\/2020\/02\/01\/watford-everton-2-3\/#primaryimage"},"image":{"@id":"https:\/\/evertonfc.cz\/index.php\/2020\/02\/01\/watford-everton-2-3\/#primaryimage"},"thumbnailUrl":"https:\/\/evertonfc.cz\/wp-content\/uploads\/2020\/02\/walcott_1_2_2020.jpg","datePublished":"2020-02-01T17:23:13+00:00","dateModified":"2022-10-05T09:14:30+00:00","breadcrumb":{"@id":"https:\/\/evertonfc.cz\/index.php\/2020\/02\/01\/watford-everton-2-3\/#breadcrumb"},"inLanguage":"cs","potentialAction":[{"@type":"ReadAction","target":["https:\/\/evertonfc.cz\/index.php\/2020\/02\/01\/watford-everton-2-3\/"]}]},{"@type":"ImageObject","inLanguage":"cs","@id":"https:\/\/evertonfc.cz\/index.php\/2020\/02\/01\/watford-everton-2-3\/#primaryimage","url":"https:\/\/evertonfc.cz\/wp-content\/uploads\/2020\/02\/walcott_1_2_2020.jpg","contentUrl":"https:\/\/evertonfc.cz\/wp-content\/uploads\/2020\/02\/walcott_1_2_2020.jpg","width":720,"height":405},{"@type":"BreadcrumbList","@id":"https:\/\/evertonfc.cz\/index.php\/2020\/02\/01\/watford-everton-2-3\/#breadcrumb","itemListElement":[{"@type":"ListItem","position":1,"name":"Home","item":"https:\/\/evertonfc.cz\/"},{"@type":"ListItem","position":2,"name":"Watford &#8211; Everton 2:3"}]},{"@type":"WebSite","@id":"https:\/\/evertonfc.cz\/#website","url":"https:\/\/evertonfc.cz\/","name":"Official Czech &amp; Slovak Everton Supporters&#039; Club","description":"","publisher":{"@id":"https:\/\/evertonfc.cz\/#organization"},"potentialAction":[{"@type":"SearchAction","target":{"@type":"EntryPoint","urlTemplate":"https:\/\/evertonfc.cz\/?s={search_term_string}"},"query-input":{"@type":"PropertyValueSpecification","valueRequired":true,"valueName":"search_term_string"}}],"inLanguage":"cs"},{"@type":"Organization","@id":"https:\/\/evertonfc.cz\/#organization","name":"Official Czech & Slovak Everton Supporters' Club","url":"https:\/\/evertonfc.cz\/","logo":{"@type":"ImageObject","inLanguage":"cs","@id":"https:\/\/evertonfc.cz\/#\/schema\/logo\/image\/","url":"https:\/\/evertonfc.cz\/wp-content\/uploads\/2019\/05\/logo.png","contentUrl":"https:\/\/evertonfc.cz\/wp-content\/uploads\/2019\/05\/logo.png","width":112,"height":112,"caption":"Official Czech & Slovak Everton Supporters' Club"},"image":{"@id":"https:\/\/evertonfc.cz\/#\/schema\/logo\/image\/"},"sameAs":["https:\/\/www.facebook.com\/everton.fans.cz.sk"]},{"@type":"Person","@id":"https:\/\/evertonfc.cz\/#\/schema\/person\/f7a5daedb2ffee98480bc70e191aaef1","name":"Ri\u010di","sameAs":["https:\/\/x.com\/rbrejsa"],"url":"https:\/\/evertonfc.cz\/index.php\/author\/rici\/"}]}},"_links":{"self":[{"href":"https:\/\/evertonfc.cz\/index.php\/wp-json\/wp\/v2\/posts\/10229"}],"collection":[{"href":"https:\/\/evertonfc.cz\/index.php\/wp-json\/wp\/v2\/posts"}],"about":[{"href":"https:\/\/evertonfc.cz\/index.php\/wp-json\/wp\/v2\/types\/post"}],"author":[{"embeddable":true,"href":"https:\/\/evertonfc.cz\/index.php\/wp-json\/wp\/v2\/users\/6"}],"replies":[{"embeddable":true,"href":"https:\/\/evertonfc.cz\/index.php\/wp-json\/wp\/v2\/comments?post=10229"}],"version-history":[{"count":9,"href":"https:\/\/evertonfc.cz\/index.php\/wp-json\/wp\/v2\/posts\/10229\/revisions"}],"predecessor-version":[{"id":20030,"href":"https:\/\/evertonfc.cz\/index.php\/wp-json\/wp\/v2\/posts\/10229\/revisions\/20030"}],"wp:featuredmedia":[{"embeddable":true,"href":"https:\/\/evertonfc.cz\/index.php\/wp-json\/wp\/v2\/media\/10230"}],"wp:attachment":[{"href":"https:\/\/evertonfc.cz\/index.php\/wp-json\/wp\/v2\/media?parent=10229"}],"wp:term":[{"taxonomy":"category","embeddable":true,"href":"https:\/\/evertonfc.cz\/index.php\/wp-json\/wp\/v2\/categories?post=10229"},{"taxonomy":"post_tag","embeddable":true,"href":"https:\/\/evertonfc.cz\/index.php\/wp-json\/wp\/v2\/tags?post=10229"}],"curies":[{"name":"wp","href":"https:\/\/api.w.org\/{rel}","templated":true}]}}