{"id":10244,"date":"2020-02-03T14:01:28","date_gmt":"2020-02-03T13:01:28","guid":{"rendered":"https:\/\/evertonfc.cz\/?p=10244"},"modified":"2020-03-20T13:30:40","modified_gmt":"2020-03-20T12:30:40","slug":"oddychnuty-keane-dychtiaci-po-navrate","status":"publish","type":"post","link":"https:\/\/evertonfc.cz\/index.php\/2020\/02\/03\/oddychnuty-keane-dychtiaci-po-navrate\/","title":{"rendered":"Odd\u00fdchnut\u00fd Keane dychtiaci po n\u00e1vrate"},"content":{"rendered":"<h4>V poslednom z\u00e1pasovom programe dostala miesto na p\u00e1r riadkoch opora obrany minulej sez\u00f3ny. Stop\u00e9r sa okrem in\u00e9ho zd\u00f4veril aj o\u00a0tom, ako zn\u00e1\u0161a rolu n\u00e1hradn\u00edka.<\/h4>\n<p>Dvadsa\u0165sedemro\u010dn\u00fd Angli\u010dan neza\u017e\u00edva pr\u00e1ve podaren\u00fa sez\u00f3nu. Zvl\u00e1\u0161\u0165 ke\u010f ju porovn\u00e1me s\u00a0tou minulou. V\u00a0nej tvoril nerozlu\u010dn\u00fa dvojicu s\u00a0<a href=\"https:\/\/evertonfc.cz\/index.php\/soupiska\/kurt-zouma\/\" target=\"_blank\" rel=\"noopener noreferrer\">Kurtom Zoumom<\/a> a\u00a0ich vz\u00e1jomn\u00e9 dop\u013a\u0148anie slab\u00edn vytvorilo nepriestrelnos\u0165, ktor\u00e1 katapultovala Everton v\u00a0jarnej \u010dasti do ohromuj\u00facej s\u00e9rie, najm\u00e4 na dom\u00e1com tr\u00e1vniku Goodison Parku.<\/p>\n<p>Nov\u00fd ro\u010dn\u00edk v\u0161ak objavil star\u00e9 zn\u00e1me probl\u00e9my. O\u00a0to v\u00e4\u010d\u0161ie, ke\u010f\u017ee sa nepodarilo pretavi\u0165 hos\u0165ovanie Zoumu z\u00a0Chelsea na trval\u00fd prestup. Pri\u0161lo aj na v\u00fdmenu tr\u00e9nera a\u00a0ka\u017ed\u00fd hr\u00e1\u010d mus\u00ed o\u00a0svojich kvalit\u00e1ch presvied\u010da\u0165 prakticky od za\u010diatku. Harm\u00f3nia v\u00a0stop\u00e9rskej dvojici je na nezaplatenie,<a href=\"https:\/\/evertonfc.cz\/index.php\/soupiska\/michael-keane\/\" target=\"_blank\" rel=\"noopener noreferrer\"> Keane<\/a> ju znova ale nena\u0161iel.<\/p>\n<p>Najviac v\u00a0p\u00e1re s\u00a0<a href=\"https:\/\/evertonfc.cz\/index.php\/soupiska\/yerry-mina\/\" target=\"_blank\" rel=\"noopener noreferrer\">Yerrym Minom<\/a> vynikaj\u00fa najm\u00e4 jeho niektor\u00e9 nedostato\u010dn\u00e9 fyzick\u00e9 atrib\u00faty. Menovite r\u00fdchlos\u0165 a\u00a0obratnos\u0165. A\u00a0k\u00fdm Kolumbij\u010dan has\u00ed tieto nedostatky neortodoxn\u00fdmi z\u00e1krokmi, lep\u0161ou technikou \u010di v\u00fd\u0161kovou prevahou, Michael je \u010dasto vystaven\u00fd napospas osudu \u010dasto preferovan\u00fdm hern\u00fdm syst\u00e9mom.<\/p>\n<p>Pressing, vysok\u00e1 obrann\u00e1 l\u00ednia a\u00a0z\u00f3nov\u00e9 br\u00e1nenie. V\u0161etko klince do rakvy, ktor\u00e9 pochov\u00e1vaj\u00fa n\u00e1deje rod\u00e1ka z\u00a0Manchesteru na svetlej\u0161iu bud\u00facnos\u0165 pri progres\u00edvnej\u0161om pojat\u00ed loptovej hry. A\u00a0hoci minul\u00fa sez\u00f3nu dostal za vlastn\u00fa obrodu <a href=\"https:\/\/evertonfc.cz\/index.php\/news\/vysledky-the-dixies\/\" target=\"_blank\" rel=\"noopener noreferrer\">cenu \u201eBlueblood\u201c predsedu klubu<\/a>, op\u00e4\u0165 sa mus\u00ed popasova\u0165 s\u00a0n\u00e1strahami kari\u00e9ry.<\/p>\n<p><em>\u201eJe \u0165a\u017ek\u00e9 sledova\u0165 ostatn\u00fdch ako hraj\u00fa, ale mus\u00edte by\u0165 trpezliv\u00fd a\u00a0st\u00e1le tvrdo pracova\u0165. Robi\u0165 v\u0161etko, \u010do je vo va\u0161ich sil\u00e1ch aby ste sa vr\u00e1tili sp\u00e4\u0165 a\u00a0by\u0165 pripraven\u00fd na svoju \u0161ancu. Treba tr\u00e9nova\u0165, ako keby ste hrali. Je jedno, \u010do si mysl\u00edte, \u017ee sa stane. Moja pracovn\u00e1 mor\u00e1lka a\u00a0\u0161tandardy nesm\u00fa klesn\u00fa\u0165.\u201c<\/em><\/p>\n<p><em>\u201eAj pauza m\u00f4\u017ee by\u0165 na nie\u010do dobr\u00e1. Ten \u010das by ste mali vyu\u017ei\u0165 m\u00fadro, vidie\u0165 to ako pr\u00edle\u017eitos\u0165 zmeni\u0165 stereotyp, osvie\u017ei\u0165 sa a\u00a0\u00eds\u0165 \u010falej. Ja som sa viac venoval z\u00e1\u0165a\u017ei n\u00f4h, vy\u0161\u0161ie v\u00e1hy. C\u00edtim sa preto r\u00fdchlej\u0161\u00ed a\u00a0pripravenej\u0161\u00ed. Lebo ke\u010f hr\u00e1te, upravujte si z\u00e1\u0165a\u017e v\u00a0posil\u0148ovni, aby ste sa nevysilili. Av\u0161ak rozhodne poci\u0165ujem osoh z\u00a0prest\u00e1vky.\u201c<\/em><\/p>\n<p><em>\u201ePosledn\u00fdch p\u00e1r rokov som sa cez Vianoce c\u00edtil celkom vy\u0161\u0165aven\u00fd. Hral som ka\u017ed\u00fd z\u00e1pas a\u00a0je \u0165a\u017ek\u00e9 sa z\u00a0toho dosta\u0165. Tento rok nebol tak\u00fd hektick\u00fd pre m\u0148a, tak\u017ee dycht\u00edm po n\u00e1vrate. Nikdy som nebol niek\u00fdm, kto d\u00e1va preto najavo svoj hnev a\u00a0frustr\u00e1ciu. Mohlo by to ovplyvni\u0165 t\u00edm. Ja v\u0161ak chlapcov, ktor\u00ed hraj\u00fa, podporujem.\u201c<\/em><\/p>\n<p>Reprezentant Albionu prv\u00fa sez\u00f3nu na Merseyside za\u017eil naozaj z\u00e1va\u017en\u00e9 zranenie nohy. Hoci najprv sa tak diera po kopa\u010dke s\u00fapera nezdala, nesk\u00f4r sa rana zap\u00e1lila a sklo\u0148ovalo sa aj slovo amput\u00e1cia. Stop\u00e9r hr\u00e1val pod injekciami, s v\u00e4\u010d\u0161\u00edmi \u010d\u00edslami obuvi kv\u00f4li obv\u00e4zom, a \u010dasto sa preto dost\u00e1val pod pa\u013ebu neopr\u00e1vnenej kritiky.<\/p>\n<p>Len\u017ee, \u010do fan\u00fa\u0161ik a \u201eodborn\u00edci\u201c nevedia, to ich netr\u00e1pi. <a href=\"https:\/\/evertonfc.cz\/index.php\/2018\/10\/31\/keane-se-snazi-zapomenout-na-hrozive-zraneni-z-lonska\/\" target=\"_blank\" rel=\"noopener noreferrer\">Ako to skuto\u010dne bolo sme sa dozvedeli a\u017e nesk\u00f4r v jednom s rozhovorov, ktor\u00fd m\u00f4\u017eete n\u00e1js\u0165 aj na na\u0161ej str\u00e1nke.<\/a> Odvtedy sa Michael dal dokopy a pod\u00e1va \u0161tandardne dobr\u00e9 v\u00fdkony. Db\u00e1 aj in\u00e9 str\u00e1nky. Dvakr\u00e1t do t\u00fd\u017ed\u0148a rob\u00ed jogu a ver\u00ed, \u017ee sa to pozit\u00edvne prejav\u00ed.<\/p>\n<p><em>\u201eMo\u017eno by som bol trochu prekvapen\u00fd, keby ste mi predt\u00fdm povedali, \u017ee pr\u00e1ve ja budem robi\u0165 jogu. Ale ke\u010f m\u00e1te pr\u00edle\u017eitos\u0165 spravi\u0165 nie\u010do, \u010do v\u00e1s zlep\u0161\u00ed, boli by ste hl\u00fapy to zavrhn\u00fa\u0165. Jeden z\u00a0fyzioterapeutov si myslel, \u017ee mi to pom\u00f4\u017ee po zranen\u00ed. Za\u010dal som ju praktizova\u0165 na za\u010diatku minulej sez\u00f3ny a\u00a0ostal som pritom.\u201c<\/em><\/p>\n<p><em>\u201eJoga je dobr\u00fd sp\u00f4sob, ako si odd\u00fdchnu\u0165, odpo\u010din\u00fa\u0165 si r\u00e1no na polhodinu a s\u00fastredi\u0165 sa na nie\u010do in\u00e9. Cvi\u010denia zlep\u0161uj\u00fa moju pru\u017enos\u0165, zdokona\u013euj\u00fa stabilitu a zvy\u0161uj\u00fa silu sedacieho a panvov\u00e9ho svalstva. Ke\u010f idem potom na tr\u00e9ning, c\u00edtim sa lep\u0161ie, akoby \u017eiv\u0161ie. Na\u0161tartuje to moje svaly.\u201c<\/em><\/p>\n<p>Keane m\u00e1 st\u00e1le len dvadsa\u0165sedem rokov, \u010di\u017ee fyzicky m\u00e1 st\u00e1le dostatok \u010dasu st\u00edha\u0165 aj mlad\u0161\u00edm a dravej\u0161\u00edm \u00fato\u010dn\u00edkom. \u010co ale ment\u00e1lna str\u00e1nka? M\u00e1lokto si doteraz uvedomoval, ak\u00e1 je d\u00f4le\u017eit\u00e1 v \u017eivote profesion\u00e1lneho \u0161portovca. Svet sa ale kone\u010dne upriamuje aj na tento aspekt, nielen \u0161portov\u00e9ho, no aj norm\u00e1lneho \u017eivota.<\/p>\n<p><em>\u201eNa psychologickej str\u00e1nke by ste mali pracova\u0165 rovnako, ako na v\u0161etkom. A\u00a0nemysl\u00edm si, \u017ee to je pr\u00edpad v\u00e4\u010d\u0161iny. Pod\u013ea m\u0148a ve\u013ea hr\u00e1\u010dov dostato\u010dne nepracuje na stave svojej mysle predt\u00fdm, ne\u017e ide do z\u00e1pasov. Dos\u0165 sa to prehliada. \u0160portov\u00ed psychol\u00f3govia s\u00fa podstatn\u00ed. Vo ve\u013ea \u0161portoch a\u00a0\u0161peci\u00e1lne v\u00a0individu\u00e1lnych.\u201c<\/em><\/p>\n<p><em>\u201eRozpr\u00e1va\u0165 sa s\u00a0niek\u00fdm mi naozaj pomohlo. Osobitn\u00e9 sedenia praktizujem od pr\u00edchodu do Evertonu a\u00a0rozpr\u00e1vame sa ka\u017ed\u00e9 dva alebo tri t\u00fd\u017edne. Konverz\u00e1cie s\u00fa zameran\u00e9 viac na z\u00e1pasy, ne\u017e na \u010doko\u013evek in\u00e9. Osvie\u017eia v\u00e1m myse\u013e. Ob\u010das hovor\u00edme aj o\u00a0rodine, \u010di in\u00fdch veciach, ale v\u00e4\u010d\u0161inou je to o\u00a0futbale.\u201c<\/em><\/p>\n<p><em>\u201eAnalyzujeme z\u00e1pasy, podrobne si prejdeme s\u00faperov, proti ktor\u00fdm budem hra\u0165, a\u00a0diskutujeme o\u00a0sp\u00f4soboch, ako sa \u010do najr\u00fdchlej\u0161ie prenies\u0165 cez chyby a\u00a0nenecha\u0165 sa nimi ovplyvni\u0165. Je to vlastne o\u00a0tom by\u0165 pripraven\u00fd. Za ten \u010das mi to ve\u013emi pomohlo.\u201c<\/em><\/p>\n<p>Zradnou podstatou dne\u0161nej doby s\u00fa aj m\u00e9di\u00e1, ale hlavne soci\u00e1lne siete. Tam m\u00e1 ka\u017ed\u00fd pr\u00e1vo, \u010di sk\u00f4r mo\u017enos\u0165 vyjadri\u0165 svoj v\u0161evediaci a neomyln\u00fd n\u00e1zor. \u010cast\u00e1 je prehnan\u00e1 kritika, oso\u010dovanie, a nezriedka kedy pr\u00edde aj na osobn\u00e9 vyhr\u00e1\u017eky. Odtrhnutos\u0165 od reality sa prehliada a \u010dlovek, aj\u00a0zn\u00e1my futbalista, si na to mus\u00ed zvykn\u00fa\u0165.<\/p>\n<p><em>\u201eNie je to \u013eahk\u00e9, ke\u010f sa nedar\u00ed a\u00a0v\u0161etci s\u00fa nad vami. Ale som dostato\u010dne zrel\u00fd, aby som sa s\u00a0t\u00fdm vedel vysporiada\u0165 a\u00a0nenechal sa t\u00fdm pr\u00edli\u0161 ovplyvni\u0165. Nijako mi to nepom\u00f4\u017ee, tak\u017ee sa toho rad\u0161ej str\u00e1nim. Sem tam idem na <a href=\"https:\/\/www.instagram.com\/michaelkeane93\/?hl=sk\" target=\"_blank\" rel=\"noopener noreferrer\">Instagram<\/a>, Twitteru sa v\u0161ak vyh\u00fdbam. Jeden t\u00fd\u017ede\u0148 v\u00e1s velebia za v\u0161etko a\u00a0\u010fal\u0161\u00ed ste \u00faplne na ni\u010d.\u201c<\/em><\/p>\n<p><em>\u201eTak to jednoducho je. Nem\u00f4\u017eete si k srdcu bra\u0165 ni\u010d, \u010do ste videli na soci\u00e1lnych sie\u0165ach. Moja rodina to sleduje, ale nehovor\u00ed mi o tom. Som si ist\u00fd, \u017ee ich to v\u017edy roz\u010d\u00fali. Ja som si v\u0161ak zvykol a prijal fakt, \u017ee to nezmen\u00edm.\u201c<\/em><\/p>\n<p style=\"text-align: right;\">(p\u00f4vodn\u00fd rozhovor: <a href=\"https:\/\/www.liverpoolecho.co.uk\/sport\/football\/football-news\/michael-keane-opens-up-everton-17633812\" target=\"_blank\" rel=\"noopener noreferrer\">Liverpool Echo<\/a> \/ foto zdroj: evertonfc.com)<\/p>\n","protected":false},"excerpt":{"rendered":"<p>V poslednom z\u00e1pasovom programe dostala miesto na p\u00e1r riadkoch opora obrany minulej sez\u00f3ny. Stop\u00e9r sa okrem in\u00e9ho zd\u00f4veril aj o tom, ako zn\u00e1\u0161a rolu n\u00e1hradn\u00edka.<\/p>\n","protected":false},"author":1,"featured_media":10243,"comment_status":"open","ping_status":"closed","sticky":false,"template":"","format":"standard","meta":{"_eb_attr":"","_monsterinsights_skip_tracking":false,"_monsterinsights_sitenote_active":false,"_monsterinsights_sitenote_note":"","_monsterinsights_sitenote_category":0,"footnotes":""},"categories":[1],"tags":[],"yoast_head":"<!-- This site is optimized with the Yoast SEO plugin v23.4 - https:\/\/yoast.com\/wordpress\/plugins\/seo\/ -->\n<title>Odd\u00fdchnut\u00fd Keane dychtiaci po n\u00e1vrate - Official Czech &amp; Slovak Everton Supporters&#039; Club<\/title>\n<meta name=\"robots\" content=\"index, follow, max-snippet:-1, max-image-preview:large, max-video-preview:-1\" \/>\n<link rel=\"canonical\" href=\"https:\/\/evertonfc.cz\/index.php\/2020\/02\/03\/oddychnuty-keane-dychtiaci-po-navrate\/\" \/>\n<meta property=\"og:locale\" content=\"cs_CZ\" \/>\n<meta property=\"og:type\" content=\"article\" \/>\n<meta property=\"og:title\" content=\"Odd\u00fdchnut\u00fd Keane dychtiaci po n\u00e1vrate - Official Czech &amp; Slovak Everton Supporters&#039; Club\" \/>\n<meta property=\"og:description\" content=\"V poslednom z\u00e1pasovom programe dostala miesto na p\u00e1r riadkoch opora obrany minulej sez\u00f3ny. Stop\u00e9r sa okrem in\u00e9ho zd\u00f4veril aj o tom, ako zn\u00e1\u0161a rolu n\u00e1hradn\u00edka.\" \/>\n<meta property=\"og:url\" content=\"https:\/\/evertonfc.cz\/index.php\/2020\/02\/03\/oddychnuty-keane-dychtiaci-po-navrate\/\" \/>\n<meta property=\"og:site_name\" content=\"Official Czech &amp; Slovak Everton Supporters&#039; Club\" \/>\n<meta property=\"article:publisher\" content=\"https:\/\/www.facebook.com\/everton.fans.cz.sk\" \/>\n<meta property=\"article:published_time\" content=\"2020-02-03T13:01:28+00:00\" \/>\n<meta property=\"article:modified_time\" content=\"2020-03-20T12:30:40+00:00\" \/>\n<meta property=\"og:image\" content=\"https:\/\/evertonfc.cz\/wp-content\/uploads\/2020\/02\/Micheal-Keane.jpg\" \/>\n\t<meta property=\"og:image:width\" content=\"720\" \/>\n\t<meta property=\"og:image:height\" content=\"405\" \/>\n\t<meta property=\"og:image:type\" content=\"image\/jpeg\" \/>\n<meta name=\"author\" content=\"BlueBlooded\" \/>\n<meta name=\"twitter:card\" content=\"summary_large_image\" \/>\n<meta name=\"twitter:label1\" content=\"Napsal(a)\" \/>\n\t<meta name=\"twitter:data1\" content=\"BlueBlooded\" \/>\n\t<meta name=\"twitter:label2\" content=\"Odhadovan\u00e1 doba \u010dten\u00ed\" \/>\n\t<meta name=\"twitter:data2\" content=\"6 minut\" \/>\n<script type=\"application\/ld+json\" class=\"yoast-schema-graph\">{\"@context\":\"https:\/\/schema.org\",\"@graph\":[{\"@type\":\"Article\",\"@id\":\"https:\/\/evertonfc.cz\/index.php\/2020\/02\/03\/oddychnuty-keane-dychtiaci-po-navrate\/#article\",\"isPartOf\":{\"@id\":\"https:\/\/evertonfc.cz\/index.php\/2020\/02\/03\/oddychnuty-keane-dychtiaci-po-navrate\/\"},\"author\":{\"name\":\"BlueBlooded\",\"@id\":\"https:\/\/evertonfc.cz\/#\/schema\/person\/d4493b8cbea51532597fbc4685698916\"},\"headline\":\"Odd\u00fdchnut\u00fd Keane dychtiaci po n\u00e1vrate\",\"datePublished\":\"2020-02-03T13:01:28+00:00\",\"dateModified\":\"2020-03-20T12:30:40+00:00\",\"mainEntityOfPage\":{\"@id\":\"https:\/\/evertonfc.cz\/index.php\/2020\/02\/03\/oddychnuty-keane-dychtiaci-po-navrate\/\"},\"wordCount\":1199,\"commentCount\":1,\"publisher\":{\"@id\":\"https:\/\/evertonfc.cz\/#organization\"},\"image\":{\"@id\":\"https:\/\/evertonfc.cz\/index.php\/2020\/02\/03\/oddychnuty-keane-dychtiaci-po-navrate\/#primaryimage\"},\"thumbnailUrl\":\"https:\/\/evertonfc.cz\/wp-content\/uploads\/2020\/02\/Micheal-Keane.jpg\",\"articleSection\":[\"Rozhovory\"],\"inLanguage\":\"cs\",\"potentialAction\":[{\"@type\":\"CommentAction\",\"name\":\"Comment\",\"target\":[\"https:\/\/evertonfc.cz\/index.php\/2020\/02\/03\/oddychnuty-keane-dychtiaci-po-navrate\/#respond\"]}]},{\"@type\":\"WebPage\",\"@id\":\"https:\/\/evertonfc.cz\/index.php\/2020\/02\/03\/oddychnuty-keane-dychtiaci-po-navrate\/\",\"url\":\"https:\/\/evertonfc.cz\/index.php\/2020\/02\/03\/oddychnuty-keane-dychtiaci-po-navrate\/\",\"name\":\"Odd\u00fdchnut\u00fd Keane dychtiaci po n\u00e1vrate - Official Czech &amp; Slovak Everton Supporters&#039; Club\",\"isPartOf\":{\"@id\":\"https:\/\/evertonfc.cz\/#website\"},\"primaryImageOfPage\":{\"@id\":\"https:\/\/evertonfc.cz\/index.php\/2020\/02\/03\/oddychnuty-keane-dychtiaci-po-navrate\/#primaryimage\"},\"image\":{\"@id\":\"https:\/\/evertonfc.cz\/index.php\/2020\/02\/03\/oddychnuty-keane-dychtiaci-po-navrate\/#primaryimage\"},\"thumbnailUrl\":\"https:\/\/evertonfc.cz\/wp-content\/uploads\/2020\/02\/Micheal-Keane.jpg\",\"datePublished\":\"2020-02-03T13:01:28+00:00\",\"dateModified\":\"2020-03-20T12:30:40+00:00\",\"breadcrumb\":{\"@id\":\"https:\/\/evertonfc.cz\/index.php\/2020\/02\/03\/oddychnuty-keane-dychtiaci-po-navrate\/#breadcrumb\"},\"inLanguage\":\"cs\",\"potentialAction\":[{\"@type\":\"ReadAction\",\"target\":[\"https:\/\/evertonfc.cz\/index.php\/2020\/02\/03\/oddychnuty-keane-dychtiaci-po-navrate\/\"]}]},{\"@type\":\"ImageObject\",\"inLanguage\":\"cs\",\"@id\":\"https:\/\/evertonfc.cz\/index.php\/2020\/02\/03\/oddychnuty-keane-dychtiaci-po-navrate\/#primaryimage\",\"url\":\"https:\/\/evertonfc.cz\/wp-content\/uploads\/2020\/02\/Micheal-Keane.jpg\",\"contentUrl\":\"https:\/\/evertonfc.cz\/wp-content\/uploads\/2020\/02\/Micheal-Keane.jpg\",\"width\":720,\"height\":405,\"caption\":\"HALEWOOD, ENGLAND - JANUARY 3: (EXCLUSIVE COVERAGE) Michael Keane during the Everton training session at USM Finch Farm on January 3 2020 in Halewood, England. (Photo by Tony McArdle\/Everton FC via Getty Images)\"},{\"@type\":\"BreadcrumbList\",\"@id\":\"https:\/\/evertonfc.cz\/index.php\/2020\/02\/03\/oddychnuty-keane-dychtiaci-po-navrate\/#breadcrumb\",\"itemListElement\":[{\"@type\":\"ListItem\",\"position\":1,\"name\":\"Home\",\"item\":\"https:\/\/evertonfc.cz\/\"},{\"@type\":\"ListItem\",\"position\":2,\"name\":\"Odd\u00fdchnut\u00fd Keane dychtiaci po n\u00e1vrate\"}]},{\"@type\":\"WebSite\",\"@id\":\"https:\/\/evertonfc.cz\/#website\",\"url\":\"https:\/\/evertonfc.cz\/\",\"name\":\"Official Czech &amp; Slovak Everton Supporters&#039; Club\",\"description\":\"\",\"publisher\":{\"@id\":\"https:\/\/evertonfc.cz\/#organization\"},\"potentialAction\":[{\"@type\":\"SearchAction\",\"target\":{\"@type\":\"EntryPoint\",\"urlTemplate\":\"https:\/\/evertonfc.cz\/?s={search_term_string}\"},\"query-input\":{\"@type\":\"PropertyValueSpecification\",\"valueRequired\":true,\"valueName\":\"search_term_string\"}}],\"inLanguage\":\"cs\"},{\"@type\":\"Organization\",\"@id\":\"https:\/\/evertonfc.cz\/#organization\",\"name\":\"Official Czech & Slovak Everton Supporters' Club\",\"url\":\"https:\/\/evertonfc.cz\/\",\"logo\":{\"@type\":\"ImageObject\",\"inLanguage\":\"cs\",\"@id\":\"https:\/\/evertonfc.cz\/#\/schema\/logo\/image\/\",\"url\":\"https:\/\/evertonfc.cz\/wp-content\/uploads\/2019\/05\/logo.png\",\"contentUrl\":\"https:\/\/evertonfc.cz\/wp-content\/uploads\/2019\/05\/logo.png\",\"width\":112,\"height\":112,\"caption\":\"Official Czech & Slovak Everton Supporters' Club\"},\"image\":{\"@id\":\"https:\/\/evertonfc.cz\/#\/schema\/logo\/image\/\"},\"sameAs\":[\"https:\/\/www.facebook.com\/everton.fans.cz.sk\"]},{\"@type\":\"Person\",\"@id\":\"https:\/\/evertonfc.cz\/#\/schema\/person\/d4493b8cbea51532597fbc4685698916\",\"name\":\"BlueBlooded\",\"url\":\"https:\/\/evertonfc.cz\/index.php\/author\/admin\/\"}]}<\/script>\n<!-- \/ Yoast SEO plugin. -->","yoast_head_json":{"title":"Odd\u00fdchnut\u00fd Keane dychtiaci po n\u00e1vrate - Official Czech &amp; Slovak Everton Supporters&#039; Club","robots":{"index":"index","follow":"follow","max-snippet":"max-snippet:-1","max-image-preview":"max-image-preview:large","max-video-preview":"max-video-preview:-1"},"canonical":"https:\/\/evertonfc.cz\/index.php\/2020\/02\/03\/oddychnuty-keane-dychtiaci-po-navrate\/","og_locale":"cs_CZ","og_type":"article","og_title":"Odd\u00fdchnut\u00fd Keane dychtiaci po n\u00e1vrate - Official Czech &amp; Slovak Everton Supporters&#039; Club","og_description":"V poslednom z\u00e1pasovom programe dostala miesto na p\u00e1r riadkoch opora obrany minulej sez\u00f3ny. Stop\u00e9r sa okrem in\u00e9ho zd\u00f4veril aj o tom, ako zn\u00e1\u0161a rolu n\u00e1hradn\u00edka.","og_url":"https:\/\/evertonfc.cz\/index.php\/2020\/02\/03\/oddychnuty-keane-dychtiaci-po-navrate\/","og_site_name":"Official Czech &amp; Slovak Everton Supporters&#039; Club","article_publisher":"https:\/\/www.facebook.com\/everton.fans.cz.sk","article_published_time":"2020-02-03T13:01:28+00:00","article_modified_time":"2020-03-20T12:30:40+00:00","og_image":[{"width":720,"height":405,"url":"https:\/\/evertonfc.cz\/wp-content\/uploads\/2020\/02\/Micheal-Keane.jpg","type":"image\/jpeg"}],"author":"BlueBlooded","twitter_card":"summary_large_image","twitter_misc":{"Napsal(a)":"BlueBlooded","Odhadovan\u00e1 doba \u010dten\u00ed":"6 minut"},"schema":{"@context":"https:\/\/schema.org","@graph":[{"@type":"Article","@id":"https:\/\/evertonfc.cz\/index.php\/2020\/02\/03\/oddychnuty-keane-dychtiaci-po-navrate\/#article","isPartOf":{"@id":"https:\/\/evertonfc.cz\/index.php\/2020\/02\/03\/oddychnuty-keane-dychtiaci-po-navrate\/"},"author":{"name":"BlueBlooded","@id":"https:\/\/evertonfc.cz\/#\/schema\/person\/d4493b8cbea51532597fbc4685698916"},"headline":"Odd\u00fdchnut\u00fd Keane dychtiaci po n\u00e1vrate","datePublished":"2020-02-03T13:01:28+00:00","dateModified":"2020-03-20T12:30:40+00:00","mainEntityOfPage":{"@id":"https:\/\/evertonfc.cz\/index.php\/2020\/02\/03\/oddychnuty-keane-dychtiaci-po-navrate\/"},"wordCount":1199,"commentCount":1,"publisher":{"@id":"https:\/\/evertonfc.cz\/#organization"},"image":{"@id":"https:\/\/evertonfc.cz\/index.php\/2020\/02\/03\/oddychnuty-keane-dychtiaci-po-navrate\/#primaryimage"},"thumbnailUrl":"https:\/\/evertonfc.cz\/wp-content\/uploads\/2020\/02\/Micheal-Keane.jpg","articleSection":["Rozhovory"],"inLanguage":"cs","potentialAction":[{"@type":"CommentAction","name":"Comment","target":["https:\/\/evertonfc.cz\/index.php\/2020\/02\/03\/oddychnuty-keane-dychtiaci-po-navrate\/#respond"]}]},{"@type":"WebPage","@id":"https:\/\/evertonfc.cz\/index.php\/2020\/02\/03\/oddychnuty-keane-dychtiaci-po-navrate\/","url":"https:\/\/evertonfc.cz\/index.php\/2020\/02\/03\/oddychnuty-keane-dychtiaci-po-navrate\/","name":"Odd\u00fdchnut\u00fd Keane dychtiaci po n\u00e1vrate - Official Czech &amp; Slovak Everton Supporters&#039; Club","isPartOf":{"@id":"https:\/\/evertonfc.cz\/#website"},"primaryImageOfPage":{"@id":"https:\/\/evertonfc.cz\/index.php\/2020\/02\/03\/oddychnuty-keane-dychtiaci-po-navrate\/#primaryimage"},"image":{"@id":"https:\/\/evertonfc.cz\/index.php\/2020\/02\/03\/oddychnuty-keane-dychtiaci-po-navrate\/#primaryimage"},"thumbnailUrl":"https:\/\/evertonfc.cz\/wp-content\/uploads\/2020\/02\/Micheal-Keane.jpg","datePublished":"2020-02-03T13:01:28+00:00","dateModified":"2020-03-20T12:30:40+00:00","breadcrumb":{"@id":"https:\/\/evertonfc.cz\/index.php\/2020\/02\/03\/oddychnuty-keane-dychtiaci-po-navrate\/#breadcrumb"},"inLanguage":"cs","potentialAction":[{"@type":"ReadAction","target":["https:\/\/evertonfc.cz\/index.php\/2020\/02\/03\/oddychnuty-keane-dychtiaci-po-navrate\/"]}]},{"@type":"ImageObject","inLanguage":"cs","@id":"https:\/\/evertonfc.cz\/index.php\/2020\/02\/03\/oddychnuty-keane-dychtiaci-po-navrate\/#primaryimage","url":"https:\/\/evertonfc.cz\/wp-content\/uploads\/2020\/02\/Micheal-Keane.jpg","contentUrl":"https:\/\/evertonfc.cz\/wp-content\/uploads\/2020\/02\/Micheal-Keane.jpg","width":720,"height":405,"caption":"HALEWOOD, ENGLAND - JANUARY 3: (EXCLUSIVE COVERAGE) Michael Keane during the Everton training session at USM Finch Farm on January 3 2020 in Halewood, England. (Photo by Tony McArdle\/Everton FC via Getty Images)"},{"@type":"BreadcrumbList","@id":"https:\/\/evertonfc.cz\/index.php\/2020\/02\/03\/oddychnuty-keane-dychtiaci-po-navrate\/#breadcrumb","itemListElement":[{"@type":"ListItem","position":1,"name":"Home","item":"https:\/\/evertonfc.cz\/"},{"@type":"ListItem","position":2,"name":"Odd\u00fdchnut\u00fd Keane dychtiaci po n\u00e1vrate"}]},{"@type":"WebSite","@id":"https:\/\/evertonfc.cz\/#website","url":"https:\/\/evertonfc.cz\/","name":"Official Czech &amp; Slovak Everton Supporters&#039; Club","description":"","publisher":{"@id":"https:\/\/evertonfc.cz\/#organization"},"potentialAction":[{"@type":"SearchAction","target":{"@type":"EntryPoint","urlTemplate":"https:\/\/evertonfc.cz\/?s={search_term_string}"},"query-input":{"@type":"PropertyValueSpecification","valueRequired":true,"valueName":"search_term_string"}}],"inLanguage":"cs"},{"@type":"Organization","@id":"https:\/\/evertonfc.cz\/#organization","name":"Official Czech & Slovak Everton Supporters' Club","url":"https:\/\/evertonfc.cz\/","logo":{"@type":"ImageObject","inLanguage":"cs","@id":"https:\/\/evertonfc.cz\/#\/schema\/logo\/image\/","url":"https:\/\/evertonfc.cz\/wp-content\/uploads\/2019\/05\/logo.png","contentUrl":"https:\/\/evertonfc.cz\/wp-content\/uploads\/2019\/05\/logo.png","width":112,"height":112,"caption":"Official Czech & Slovak Everton Supporters' Club"},"image":{"@id":"https:\/\/evertonfc.cz\/#\/schema\/logo\/image\/"},"sameAs":["https:\/\/www.facebook.com\/everton.fans.cz.sk"]},{"@type":"Person","@id":"https:\/\/evertonfc.cz\/#\/schema\/person\/d4493b8cbea51532597fbc4685698916","name":"BlueBlooded","url":"https:\/\/evertonfc.cz\/index.php\/author\/admin\/"}]}},"_links":{"self":[{"href":"https:\/\/evertonfc.cz\/index.php\/wp-json\/wp\/v2\/posts\/10244"}],"collection":[{"href":"https:\/\/evertonfc.cz\/index.php\/wp-json\/wp\/v2\/posts"}],"about":[{"href":"https:\/\/evertonfc.cz\/index.php\/wp-json\/wp\/v2\/types\/post"}],"author":[{"embeddable":true,"href":"https:\/\/evertonfc.cz\/index.php\/wp-json\/wp\/v2\/users\/1"}],"replies":[{"embeddable":true,"href":"https:\/\/evertonfc.cz\/index.php\/wp-json\/wp\/v2\/comments?post=10244"}],"version-history":[{"count":9,"href":"https:\/\/evertonfc.cz\/index.php\/wp-json\/wp\/v2\/posts\/10244\/revisions"}],"predecessor-version":[{"id":10528,"href":"https:\/\/evertonfc.cz\/index.php\/wp-json\/wp\/v2\/posts\/10244\/revisions\/10528"}],"wp:featuredmedia":[{"embeddable":true,"href":"https:\/\/evertonfc.cz\/index.php\/wp-json\/wp\/v2\/media\/10243"}],"wp:attachment":[{"href":"https:\/\/evertonfc.cz\/index.php\/wp-json\/wp\/v2\/media?parent=10244"}],"wp:term":[{"taxonomy":"category","embeddable":true,"href":"https:\/\/evertonfc.cz\/index.php\/wp-json\/wp\/v2\/categories?post=10244"},{"taxonomy":"post_tag","embeddable":true,"href":"https:\/\/evertonfc.cz\/index.php\/wp-json\/wp\/v2\/tags?post=10244"}],"curies":[{"name":"wp","href":"https:\/\/api.w.org\/{rel}","templated":true}]}}