{"id":10260,"date":"2020-02-08T11:30:44","date_gmt":"2020-02-08T10:30:44","guid":{"rendered":"https:\/\/evertonfc.cz\/?p=10260"},"modified":"2021-04-04T13:51:34","modified_gmt":"2021-04-04T11:51:34","slug":"preview-everton-crystal-palace-8","status":"publish","type":"post","link":"https:\/\/evertonfc.cz\/index.php\/2020\/02\/08\/preview-everton-crystal-palace-8\/","title":{"rendered":"Preview: Everton \u2013 Crystal Palace"},"content":{"rendered":"<h4><span lang=\"SK\">Dom\u00e1ca \u00faloha na tento v\u00edkend je jasn\u00e1. Z\u00edska\u0165 tri body, vy\u0161plha\u0165 sa tabu\u013ekou nahor a\u00a0s\u00a0nadch\u00e1dzaj\u00facou zimnou prest\u00e1vkou za\u00fato\u010di\u0165 na eur\u00f3pske prie\u010dky.<\/span><\/h4>\n<p>Odkedy sa The Toffees zbavili Marca Silvu, len Liverpool nazbieral v\u00a0lige viac bodov ako jeho modr\u00fd n\u00e1protivok. To je testament dvoch mu\u017eov, na ktorom sa d\u00e1 a\u00a0mus\u00ed \u010falej budova\u0165. V\u00e4\u010d\u0161iu \u010das\u0165 z\u00a0men\u0161ej revol\u00facie si pripisuje n\u00e1\u0161 taliansky strat\u00e9g. S\u00a0k\u013eudom Angli\u010dana obracia pozornos\u0165 na mo\u017en\u00fa kvalifik\u00e1ciu do kontinent\u00e1lnych s\u00fa\u0165a\u017e\u00ed.<\/p>\n<p>To je nie\u010do, \u010do sa pred p\u00e1r z\u00e1pasmi mo\u017eno zdalo ako nemo\u017en\u00e9, ke\u010f sa Everton nach\u00e1dzal aj na zostupov\u00fdch prie\u010dkach. Ale na zabezpe\u010denie nie\u010doho tak\u00e9ho, bud\u00fa dom\u00e1ci potrebova\u0165 v\u00fdhru. \u010co tak in\u0161pirova\u0165 sa tridsiatym prv\u00fdm rokom minul\u00e9ho storo\u010dia? 24. janu\u00e1r, drsn\u00fd Goodison Park, \u0161tvorg\u00f3lov\u00fd Dixie Dean a\u00a0v\u00fdhra nad Palace 6:0.<\/p>\n<p>Bud\u00faci t\u00fd\u017ede\u0148 sa uskuto\u010dn\u00ed priate\u013esk\u00fd z\u00e1pas za zatvoren\u00fdmi dverami s\u00a0e\u0161te nezn\u00e1mym s\u00faperom. Andr\u00e9mu Gomesovi m\u00e1 dopom\u00f4c\u0165 nabra\u0165 potrebn\u00fa z\u00e1pasov\u00fa kond\u00edciu pred jeho mo\u017en\u00fdm n\u00e1vratom u\u017e proti Arsenalu. Gbamin? Po \u010fal\u0161ej oper\u00e1cii za\u010dal individu\u00e1lnu rehabilit\u00e1ciu a\u00a0pl\u00e1n n\u00e1vratu sa datuje vraj za osem t\u00fd\u017ed\u0148ov. D\u00b4oh!<\/p>\n<h4><strong><em>Send those pigeons back<\/em><\/strong> <strong><em>where they came from!<\/em><\/strong><\/h4>\n<p>Ak je nejak\u00fd t\u00edm v Premier League pr\u00e1ve v kr\u00edze, tak s\u00fa to ur\u010dite The Glaziers. Ich posledn\u00e1 v\u00fdhra v lige sa pam\u00e4t\u00e1 na \u0160tefana proti Kladiv\u00e1rom a ani jeden z posledn\u00fdch siedmych z\u00e1pasov vo v\u0161etk\u00fdch s\u00fa\u0165a\u017eiach nevyhrali. Najstar\u0161ie mu\u017estvo s\u00fa\u0165a\u017ee d\u00e1va najmenej g\u00f3lov, najmenej strie\u013ea na br\u00e1nu a pravidelne inkasuje.<\/p>\n<p>Pr\u00e1ve skon\u010den\u00e9 prestupov\u00e9 obdobie tie\u017e nepomohlo. Camarasa ukon\u010dil hos\u0165ovanie pre nedostatok pr\u00edle\u017eitost\u00ed a\u00a0neplodn\u00e9ho \u00fato\u010dn\u00edka\u00a0Wickhama si po\u017ei\u010dala sheffieldsk\u00e1 streda. Pr\u00edchod Tosuna ur\u010dite svet nezachr\u00e1ni, jedin\u00e9 pozit\u00edvum, aspo\u0148 do bud\u00facna, je mlad\u00fd Scott Banks s\u00a0rezervy Dundee United.<\/p>\n<p>To vytv\u00e1ra zna\u010dn\u00fd tlak na ved\u00faceho Roya Hodgsona. Veter\u00e1novi na lavi\u010dke host\u00ed kon\u010d\u00ed v\u00a0lete zmluva, a\u00a0\u010di bude\u00a0na lond\u00fdnskom predmest\u00ed pokra\u010dova\u0165 aj po tejto sez\u00f3ne, je zatia\u013e nejasn\u00e9. A\u00a0to aj cez hol\u00fd fakt, \u017ee tridsa\u0165tri bodov po dvadsiatich \u0161iestich kol\u00e1ch nazbierali naposledy v\u00a0sez\u00f3ne 1991\/92. No pressure.<\/p>\n<h3 style=\"text-align: center;\"><span style=\"color: #3366ff;\"><strong><em>Up The Toffees !!!<\/em><\/strong><\/span><\/h3>\n<p><u>Forma s\u00fapera:<\/u><\/p>\n<table class=\"head_to_head h2h_away\">\n<tbody>\n<tr class=\"odd highlight\">\n<td><em><span class=\"date\">01.02.20<\/span><\/em><\/td>\n<td class=\"flag_td \" title=\"Premier League (Anglicko)\"><em>PL<\/em><\/td>\n<td class=\"name highTeam\"><em>Crystal Palace<\/em><\/td>\n<td class=\"name\"><em><strong>Sheffield Utd<\/strong><\/em><\/td>\n<td class=\"\"><em><span class=\"score\"><strong>0 : 1<\/strong><\/span><\/em><\/td>\n<td class=\"winLose\"><\/td>\n<\/tr>\n<tr class=\"even highlight\">\n<td><em><span class=\"date\">21.01.20<\/span><\/em><\/td>\n<td class=\"flag_td \" title=\"Premier League (Anglicko)\"><em>PL<\/em><\/td>\n<td class=\"name highTeam\"><em>Crystal Palace<\/em><\/td>\n<td class=\"name\"><em><strong>Southampton<\/strong><\/em><\/td>\n<td class=\"\"><em><span class=\"score\"><strong>0 : 2<\/strong><\/span><\/em><\/td>\n<td class=\"winLose\"><\/td>\n<\/tr>\n<tr class=\"odd highlight\">\n<td><em><span class=\"date\">18.01.20<\/span><\/em><\/td>\n<td class=\"flag_td \" title=\"Premier League (Anglicko)\"><em>PL<\/em><\/td>\n<td class=\"name\"><em>Manchester City<\/em><\/td>\n<td class=\"name highTeam\"><em>Crystal Palace<\/em><\/td>\n<td class=\"\"><em><span class=\"score\"><strong>2 : 2<\/strong><\/span><\/em><\/td>\n<td class=\"winLose\"><\/td>\n<\/tr>\n<tr class=\"even highlight\">\n<td><em><span class=\"date\">11.01.20<\/span><\/em><\/td>\n<td class=\"flag_td \" title=\"Premier League (Anglicko)\"><em>PL<\/em><\/td>\n<td class=\"name highTeam\"><em>Crystal Palace<\/em><\/td>\n<td class=\"name\"><em>Arsenal<\/em><\/td>\n<td class=\"\"><em><span class=\"score\"><strong>1 : 1<\/strong><\/span><\/em><\/td>\n<td class=\"winLose\"><\/td>\n<\/tr>\n<tr class=\"odd highlight highlighted\" title=\"Klikni pre detail z\u00e1pasu!\">\n<td><em><span class=\"date\">05.01.20<\/span><\/em><\/td>\n<td class=\"flag_td \" title=\"FA Cup (Anglicko)\"><em>FAC<\/em><\/td>\n<td class=\"name highTeam\"><em>Crystal Palace<\/em><\/td>\n<td class=\"name\"><em><strong>Derby<\/strong><\/em><\/td>\n<td class=\"\"><em><span class=\"score\"><strong>0 : 1<\/strong><\/span><\/em><\/td>\n<td class=\"winLose\"><\/td>\n<\/tr>\n<\/tbody>\n<\/table>\n<p><u>Absencie:<\/u><\/p>\n<ul>\n<li><strong>Dom\u00e1ci: <\/strong>Gomes (\u010dlenok), Gbamin (kvadriceps), Delph (\u010derven\u00e1 karta)<\/li>\n<li><strong>Hostia: <\/strong>Sakho (hamstring), Schlupp (slabiny), Kelly (l\u00fdtko), Tosun (nepovolen\u00fd \u0161tart)<\/li>\n<\/ul>\n<hr \/>\n<p><strong>\u010co:<\/strong> Everton FC \u2013 Crystal Palace FC, 26. kolo Premier League<br \/>\n<strong>Kedy:<\/strong> 8.2. 2020 od 13:30 SE\u010c<br \/>\n<strong>Ako:<\/strong> Premier Sport \u2013 priamy prenos<br \/>\n<strong>Kde:<\/strong> Goodison Park \u2013 Goodison Rd, Liverpool L4 4EL (kapacita: 39 572)<br \/>\n<strong>Rozhodca:<\/strong> D. Coote <strong>Asistenti:<\/strong> L. Betts, N. Hopton <strong>\u0160tvrt\u00fd rozhodca:<\/strong> P. Tierney<br \/>\n<strong>VAR: <\/strong>Stuart Attwell <strong>Asistent VAR: <\/strong>Andy Halliday<\/p>\n","protected":false},"excerpt":{"rendered":"<p>Dom\u00e1ca \u00faloha na tento v\u00edkend je jasn\u00e1. Z\u00edska\u0165 tri body, vy\u0161plha\u0165 sa tabu\u013ekou nahor a s nadch\u00e1dzaj\u00facou zimnou prest\u00e1vkou za\u00fato\u010di\u0165 na eur\u00f3pske prie\u010dky.<\/p>\n","protected":false},"author":1,"featured_media":14858,"comment_status":"open","ping_status":"closed","sticky":false,"template":"","format":"standard","meta":{"_eb_attr":"","_monsterinsights_skip_tracking":false,"_monsterinsights_sitenote_active":false,"_monsterinsights_sitenote_note":"","_monsterinsights_sitenote_category":0,"footnotes":""},"categories":[4],"tags":[],"yoast_head":"<!-- This site is optimized with the Yoast SEO plugin v23.4 - https:\/\/yoast.com\/wordpress\/plugins\/seo\/ -->\n<title>Preview: Everton \u2013 Crystal Palace - Official Czech &amp; Slovak Everton Supporters&#039; Club<\/title>\n<meta name=\"robots\" content=\"index, follow, max-snippet:-1, max-image-preview:large, max-video-preview:-1\" \/>\n<link rel=\"canonical\" href=\"https:\/\/evertonfc.cz\/index.php\/2020\/02\/08\/preview-everton-crystal-palace-8\/\" \/>\n<meta property=\"og:locale\" content=\"cs_CZ\" \/>\n<meta property=\"og:type\" content=\"article\" \/>\n<meta property=\"og:title\" content=\"Preview: Everton \u2013 Crystal Palace - Official Czech &amp; Slovak Everton Supporters&#039; Club\" \/>\n<meta property=\"og:description\" content=\"Dom\u00e1ca \u00faloha na tento v\u00edkend je jasn\u00e1. Z\u00edska\u0165 tri body, vy\u0161plha\u0165 sa tabu\u013ekou nahor a s nadch\u00e1dzaj\u00facou zimnou prest\u00e1vkou za\u00fato\u010di\u0165 na eur\u00f3pske prie\u010dky.\" \/>\n<meta property=\"og:url\" content=\"https:\/\/evertonfc.cz\/index.php\/2020\/02\/08\/preview-everton-crystal-palace-8\/\" \/>\n<meta property=\"og:site_name\" content=\"Official Czech &amp; Slovak Everton Supporters&#039; Club\" \/>\n<meta property=\"article:publisher\" content=\"https:\/\/www.facebook.com\/everton.fans.cz.sk\" \/>\n<meta property=\"article:published_time\" content=\"2020-02-08T10:30:44+00:00\" \/>\n<meta property=\"article:modified_time\" content=\"2021-04-04T11:51:34+00:00\" \/>\n<meta property=\"og:image\" content=\"https:\/\/evertonfc.cz\/wp-content\/uploads\/2021\/04\/Everton-VS-Crystal-Palace.png\" \/>\n\t<meta property=\"og:image:width\" content=\"720\" \/>\n\t<meta property=\"og:image:height\" content=\"405\" \/>\n\t<meta property=\"og:image:type\" content=\"image\/png\" \/>\n<meta name=\"author\" content=\"BlueBlooded\" \/>\n<meta name=\"twitter:card\" content=\"summary_large_image\" \/>\n<meta name=\"twitter:label1\" content=\"Napsal(a)\" \/>\n\t<meta name=\"twitter:data1\" content=\"BlueBlooded\" \/>\n\t<meta name=\"twitter:label2\" content=\"Odhadovan\u00e1 doba \u010dten\u00ed\" \/>\n\t<meta name=\"twitter:data2\" content=\"2 minuty\" \/>\n<script type=\"application\/ld+json\" class=\"yoast-schema-graph\">{\"@context\":\"https:\/\/schema.org\",\"@graph\":[{\"@type\":\"Article\",\"@id\":\"https:\/\/evertonfc.cz\/index.php\/2020\/02\/08\/preview-everton-crystal-palace-8\/#article\",\"isPartOf\":{\"@id\":\"https:\/\/evertonfc.cz\/index.php\/2020\/02\/08\/preview-everton-crystal-palace-8\/\"},\"author\":{\"name\":\"BlueBlooded\",\"@id\":\"https:\/\/evertonfc.cz\/#\/schema\/person\/d4493b8cbea51532597fbc4685698916\"},\"headline\":\"Preview: Everton \u2013 Crystal Palace\",\"datePublished\":\"2020-02-08T10:30:44+00:00\",\"dateModified\":\"2021-04-04T11:51:34+00:00\",\"mainEntityOfPage\":{\"@id\":\"https:\/\/evertonfc.cz\/index.php\/2020\/02\/08\/preview-everton-crystal-palace-8\/\"},\"wordCount\":531,\"commentCount\":14,\"publisher\":{\"@id\":\"https:\/\/evertonfc.cz\/#organization\"},\"image\":{\"@id\":\"https:\/\/evertonfc.cz\/index.php\/2020\/02\/08\/preview-everton-crystal-palace-8\/#primaryimage\"},\"thumbnailUrl\":\"https:\/\/evertonfc.cz\/wp-content\/uploads\/2021\/04\/Everton-VS-Crystal-Palace.png\",\"articleSection\":[\"Z\u00e1pasy\"],\"inLanguage\":\"cs\",\"potentialAction\":[{\"@type\":\"CommentAction\",\"name\":\"Comment\",\"target\":[\"https:\/\/evertonfc.cz\/index.php\/2020\/02\/08\/preview-everton-crystal-palace-8\/#respond\"]}]},{\"@type\":\"WebPage\",\"@id\":\"https:\/\/evertonfc.cz\/index.php\/2020\/02\/08\/preview-everton-crystal-palace-8\/\",\"url\":\"https:\/\/evertonfc.cz\/index.php\/2020\/02\/08\/preview-everton-crystal-palace-8\/\",\"name\":\"Preview: Everton \u2013 Crystal Palace - Official Czech &amp; Slovak Everton Supporters&#039; Club\",\"isPartOf\":{\"@id\":\"https:\/\/evertonfc.cz\/#website\"},\"primaryImageOfPage\":{\"@id\":\"https:\/\/evertonfc.cz\/index.php\/2020\/02\/08\/preview-everton-crystal-palace-8\/#primaryimage\"},\"image\":{\"@id\":\"https:\/\/evertonfc.cz\/index.php\/2020\/02\/08\/preview-everton-crystal-palace-8\/#primaryimage\"},\"thumbnailUrl\":\"https:\/\/evertonfc.cz\/wp-content\/uploads\/2021\/04\/Everton-VS-Crystal-Palace.png\",\"datePublished\":\"2020-02-08T10:30:44+00:00\",\"dateModified\":\"2021-04-04T11:51:34+00:00\",\"breadcrumb\":{\"@id\":\"https:\/\/evertonfc.cz\/index.php\/2020\/02\/08\/preview-everton-crystal-palace-8\/#breadcrumb\"},\"inLanguage\":\"cs\",\"potentialAction\":[{\"@type\":\"ReadAction\",\"target\":[\"https:\/\/evertonfc.cz\/index.php\/2020\/02\/08\/preview-everton-crystal-palace-8\/\"]}]},{\"@type\":\"ImageObject\",\"inLanguage\":\"cs\",\"@id\":\"https:\/\/evertonfc.cz\/index.php\/2020\/02\/08\/preview-everton-crystal-palace-8\/#primaryimage\",\"url\":\"https:\/\/evertonfc.cz\/wp-content\/uploads\/2021\/04\/Everton-VS-Crystal-Palace.png\",\"contentUrl\":\"https:\/\/evertonfc.cz\/wp-content\/uploads\/2021\/04\/Everton-VS-Crystal-Palace.png\",\"width\":720,\"height\":405},{\"@type\":\"BreadcrumbList\",\"@id\":\"https:\/\/evertonfc.cz\/index.php\/2020\/02\/08\/preview-everton-crystal-palace-8\/#breadcrumb\",\"itemListElement\":[{\"@type\":\"ListItem\",\"position\":1,\"name\":\"Home\",\"item\":\"https:\/\/evertonfc.cz\/\"},{\"@type\":\"ListItem\",\"position\":2,\"name\":\"Preview: Everton \u2013 Crystal Palace\"}]},{\"@type\":\"WebSite\",\"@id\":\"https:\/\/evertonfc.cz\/#website\",\"url\":\"https:\/\/evertonfc.cz\/\",\"name\":\"Official Czech &amp; Slovak Everton Supporters&#039; Club\",\"description\":\"\",\"publisher\":{\"@id\":\"https:\/\/evertonfc.cz\/#organization\"},\"potentialAction\":[{\"@type\":\"SearchAction\",\"target\":{\"@type\":\"EntryPoint\",\"urlTemplate\":\"https:\/\/evertonfc.cz\/?s={search_term_string}\"},\"query-input\":{\"@type\":\"PropertyValueSpecification\",\"valueRequired\":true,\"valueName\":\"search_term_string\"}}],\"inLanguage\":\"cs\"},{\"@type\":\"Organization\",\"@id\":\"https:\/\/evertonfc.cz\/#organization\",\"name\":\"Official Czech & Slovak Everton Supporters' Club\",\"url\":\"https:\/\/evertonfc.cz\/\",\"logo\":{\"@type\":\"ImageObject\",\"inLanguage\":\"cs\",\"@id\":\"https:\/\/evertonfc.cz\/#\/schema\/logo\/image\/\",\"url\":\"https:\/\/evertonfc.cz\/wp-content\/uploads\/2019\/05\/logo.png\",\"contentUrl\":\"https:\/\/evertonfc.cz\/wp-content\/uploads\/2019\/05\/logo.png\",\"width\":112,\"height\":112,\"caption\":\"Official Czech & Slovak Everton Supporters' Club\"},\"image\":{\"@id\":\"https:\/\/evertonfc.cz\/#\/schema\/logo\/image\/\"},\"sameAs\":[\"https:\/\/www.facebook.com\/everton.fans.cz.sk\"]},{\"@type\":\"Person\",\"@id\":\"https:\/\/evertonfc.cz\/#\/schema\/person\/d4493b8cbea51532597fbc4685698916\",\"name\":\"BlueBlooded\",\"url\":\"https:\/\/evertonfc.cz\/index.php\/author\/admin\/\"}]}<\/script>\n<!-- \/ Yoast SEO plugin. -->","yoast_head_json":{"title":"Preview: Everton \u2013 Crystal Palace - Official Czech &amp; Slovak Everton Supporters&#039; Club","robots":{"index":"index","follow":"follow","max-snippet":"max-snippet:-1","max-image-preview":"max-image-preview:large","max-video-preview":"max-video-preview:-1"},"canonical":"https:\/\/evertonfc.cz\/index.php\/2020\/02\/08\/preview-everton-crystal-palace-8\/","og_locale":"cs_CZ","og_type":"article","og_title":"Preview: Everton \u2013 Crystal Palace - Official Czech &amp; Slovak Everton Supporters&#039; Club","og_description":"Dom\u00e1ca \u00faloha na tento v\u00edkend je jasn\u00e1. Z\u00edska\u0165 tri body, vy\u0161plha\u0165 sa tabu\u013ekou nahor a s nadch\u00e1dzaj\u00facou zimnou prest\u00e1vkou za\u00fato\u010di\u0165 na eur\u00f3pske prie\u010dky.","og_url":"https:\/\/evertonfc.cz\/index.php\/2020\/02\/08\/preview-everton-crystal-palace-8\/","og_site_name":"Official Czech &amp; Slovak Everton Supporters&#039; Club","article_publisher":"https:\/\/www.facebook.com\/everton.fans.cz.sk","article_published_time":"2020-02-08T10:30:44+00:00","article_modified_time":"2021-04-04T11:51:34+00:00","og_image":[{"width":720,"height":405,"url":"https:\/\/evertonfc.cz\/wp-content\/uploads\/2021\/04\/Everton-VS-Crystal-Palace.png","type":"image\/png"}],"author":"BlueBlooded","twitter_card":"summary_large_image","twitter_misc":{"Napsal(a)":"BlueBlooded","Odhadovan\u00e1 doba \u010dten\u00ed":"2 minuty"},"schema":{"@context":"https:\/\/schema.org","@graph":[{"@type":"Article","@id":"https:\/\/evertonfc.cz\/index.php\/2020\/02\/08\/preview-everton-crystal-palace-8\/#article","isPartOf":{"@id":"https:\/\/evertonfc.cz\/index.php\/2020\/02\/08\/preview-everton-crystal-palace-8\/"},"author":{"name":"BlueBlooded","@id":"https:\/\/evertonfc.cz\/#\/schema\/person\/d4493b8cbea51532597fbc4685698916"},"headline":"Preview: Everton \u2013 Crystal Palace","datePublished":"2020-02-08T10:30:44+00:00","dateModified":"2021-04-04T11:51:34+00:00","mainEntityOfPage":{"@id":"https:\/\/evertonfc.cz\/index.php\/2020\/02\/08\/preview-everton-crystal-palace-8\/"},"wordCount":531,"commentCount":14,"publisher":{"@id":"https:\/\/evertonfc.cz\/#organization"},"image":{"@id":"https:\/\/evertonfc.cz\/index.php\/2020\/02\/08\/preview-everton-crystal-palace-8\/#primaryimage"},"thumbnailUrl":"https:\/\/evertonfc.cz\/wp-content\/uploads\/2021\/04\/Everton-VS-Crystal-Palace.png","articleSection":["Z\u00e1pasy"],"inLanguage":"cs","potentialAction":[{"@type":"CommentAction","name":"Comment","target":["https:\/\/evertonfc.cz\/index.php\/2020\/02\/08\/preview-everton-crystal-palace-8\/#respond"]}]},{"@type":"WebPage","@id":"https:\/\/evertonfc.cz\/index.php\/2020\/02\/08\/preview-everton-crystal-palace-8\/","url":"https:\/\/evertonfc.cz\/index.php\/2020\/02\/08\/preview-everton-crystal-palace-8\/","name":"Preview: Everton \u2013 Crystal Palace - Official Czech &amp; Slovak Everton Supporters&#039; Club","isPartOf":{"@id":"https:\/\/evertonfc.cz\/#website"},"primaryImageOfPage":{"@id":"https:\/\/evertonfc.cz\/index.php\/2020\/02\/08\/preview-everton-crystal-palace-8\/#primaryimage"},"image":{"@id":"https:\/\/evertonfc.cz\/index.php\/2020\/02\/08\/preview-everton-crystal-palace-8\/#primaryimage"},"thumbnailUrl":"https:\/\/evertonfc.cz\/wp-content\/uploads\/2021\/04\/Everton-VS-Crystal-Palace.png","datePublished":"2020-02-08T10:30:44+00:00","dateModified":"2021-04-04T11:51:34+00:00","breadcrumb":{"@id":"https:\/\/evertonfc.cz\/index.php\/2020\/02\/08\/preview-everton-crystal-palace-8\/#breadcrumb"},"inLanguage":"cs","potentialAction":[{"@type":"ReadAction","target":["https:\/\/evertonfc.cz\/index.php\/2020\/02\/08\/preview-everton-crystal-palace-8\/"]}]},{"@type":"ImageObject","inLanguage":"cs","@id":"https:\/\/evertonfc.cz\/index.php\/2020\/02\/08\/preview-everton-crystal-palace-8\/#primaryimage","url":"https:\/\/evertonfc.cz\/wp-content\/uploads\/2021\/04\/Everton-VS-Crystal-Palace.png","contentUrl":"https:\/\/evertonfc.cz\/wp-content\/uploads\/2021\/04\/Everton-VS-Crystal-Palace.png","width":720,"height":405},{"@type":"BreadcrumbList","@id":"https:\/\/evertonfc.cz\/index.php\/2020\/02\/08\/preview-everton-crystal-palace-8\/#breadcrumb","itemListElement":[{"@type":"ListItem","position":1,"name":"Home","item":"https:\/\/evertonfc.cz\/"},{"@type":"ListItem","position":2,"name":"Preview: Everton \u2013 Crystal Palace"}]},{"@type":"WebSite","@id":"https:\/\/evertonfc.cz\/#website","url":"https:\/\/evertonfc.cz\/","name":"Official Czech &amp; Slovak Everton Supporters&#039; Club","description":"","publisher":{"@id":"https:\/\/evertonfc.cz\/#organization"},"potentialAction":[{"@type":"SearchAction","target":{"@type":"EntryPoint","urlTemplate":"https:\/\/evertonfc.cz\/?s={search_term_string}"},"query-input":{"@type":"PropertyValueSpecification","valueRequired":true,"valueName":"search_term_string"}}],"inLanguage":"cs"},{"@type":"Organization","@id":"https:\/\/evertonfc.cz\/#organization","name":"Official Czech & Slovak Everton Supporters' Club","url":"https:\/\/evertonfc.cz\/","logo":{"@type":"ImageObject","inLanguage":"cs","@id":"https:\/\/evertonfc.cz\/#\/schema\/logo\/image\/","url":"https:\/\/evertonfc.cz\/wp-content\/uploads\/2019\/05\/logo.png","contentUrl":"https:\/\/evertonfc.cz\/wp-content\/uploads\/2019\/05\/logo.png","width":112,"height":112,"caption":"Official Czech & Slovak Everton Supporters' Club"},"image":{"@id":"https:\/\/evertonfc.cz\/#\/schema\/logo\/image\/"},"sameAs":["https:\/\/www.facebook.com\/everton.fans.cz.sk"]},{"@type":"Person","@id":"https:\/\/evertonfc.cz\/#\/schema\/person\/d4493b8cbea51532597fbc4685698916","name":"BlueBlooded","url":"https:\/\/evertonfc.cz\/index.php\/author\/admin\/"}]}},"_links":{"self":[{"href":"https:\/\/evertonfc.cz\/index.php\/wp-json\/wp\/v2\/posts\/10260"}],"collection":[{"href":"https:\/\/evertonfc.cz\/index.php\/wp-json\/wp\/v2\/posts"}],"about":[{"href":"https:\/\/evertonfc.cz\/index.php\/wp-json\/wp\/v2\/types\/post"}],"author":[{"embeddable":true,"href":"https:\/\/evertonfc.cz\/index.php\/wp-json\/wp\/v2\/users\/1"}],"replies":[{"embeddable":true,"href":"https:\/\/evertonfc.cz\/index.php\/wp-json\/wp\/v2\/comments?post=10260"}],"version-history":[{"count":5,"href":"https:\/\/evertonfc.cz\/index.php\/wp-json\/wp\/v2\/posts\/10260\/revisions"}],"predecessor-version":[{"id":14867,"href":"https:\/\/evertonfc.cz\/index.php\/wp-json\/wp\/v2\/posts\/10260\/revisions\/14867"}],"wp:featuredmedia":[{"embeddable":true,"href":"https:\/\/evertonfc.cz\/index.php\/wp-json\/wp\/v2\/media\/14858"}],"wp:attachment":[{"href":"https:\/\/evertonfc.cz\/index.php\/wp-json\/wp\/v2\/media?parent=10260"}],"wp:term":[{"taxonomy":"category","embeddable":true,"href":"https:\/\/evertonfc.cz\/index.php\/wp-json\/wp\/v2\/categories?post=10260"},{"taxonomy":"post_tag","embeddable":true,"href":"https:\/\/evertonfc.cz\/index.php\/wp-json\/wp\/v2\/tags?post=10260"}],"curies":[{"name":"wp","href":"https:\/\/api.w.org\/{rel}","templated":true}]}}