{"id":10279,"date":"2020-02-13T11:59:14","date_gmt":"2020-02-13T10:59:14","guid":{"rendered":"https:\/\/evertonfc.cz\/?p=10279"},"modified":"2020-04-27T09:38:30","modified_gmt":"2020-04-27T07:38:30","slug":"nizsi-plat-pre-herne-vytazenie","status":"publish","type":"post","link":"https:\/\/evertonfc.cz\/index.php\/2020\/02\/13\/nizsi-plat-pre-herne-vytazenie\/","title":{"rendered":"Ni\u017e\u0161\u00ed plat pre hern\u00e9 vy\u0165a\u017eenie"},"content":{"rendered":"<h4>Jonas L\u00f6ssl zav\u0155\u0161il v\u00a0posledn\u00fd prestupov\u00fd de\u0148 zimn\u00e9ho okna hos\u0165ovanie do Huddersfieldu Town, odkia\u013e v\u00a0lete pri\u0161iel do Evertonu ako vo\u013en\u00fd hr\u00e1\u010d. Prekvapenie?<\/h4>\n<p>To sotva. Ako druh\u00e1 konkurencia v\u017edy pr\u00edtomn\u00e9mu Jordanovi Pickfordovi v br\u00e1ne, neodohral d\u00e1nsky str\u00e1\u017eca sv\u00e4tyne na Merseyside ani jednu jedin\u00fa s\u00fa\u0165a\u017en\u00fa min\u00fatu. A \u017eeby bola d\u00f4vodom pr\u00e1ve nepriestreln\u00e1 forma anglickej reprezenta\u010dnej jednotky, to sa poveda\u0165 ned\u00e1. Motiv\u00e1cia mu v\u0161ak oproti Stekelenburgovi ur\u010dite nech\u00fdba.<\/p>\n<p>Toto leto sa toti\u017e konaj\u00fa futbalov\u00e9 majstrovstv\u00e1 star\u00e9ho kontinentu a\u00a0D\u00e1nsko na nich nebude ch\u00fdba\u0165. E\u0161te v\u00a0novembri tohto roku toti\u017e po rem\u00edze s\u00a0\u00cdrskom 1:1 z\u00edskali potrebn\u00fd bod na kvalifik\u00e1ciu a\u00a0kone\u010dn\u00e9 druh\u00e9 miesto v\u00a0tabu\u013eke. V\u00a0skupine si sily zmeraj\u00fa u\u017e v j\u00fani s\u00a0v\u00fdberom Belgicka, F\u00ednska a\u00a0Ruska.<\/p>\n<p>Jonas by sa tam pod\u013ea vlastn\u00fdch slov r\u00e1d prebojoval. Aj ke\u010f mo\u017eno len na lavi\u010dku. Dlhodobo toti\u017e pre n\u00e1rodn\u00fd v\u00fdber severanov chyt\u00e1va Kasper Schmeichel. L\u00f6ssl sa posledn\u00fd rok dokonca nedostal ani do v\u00fdberu. Predbehli ho v nomin\u00e1cii aj Frederik R\u00f6nnow z\u00a0Frankfurtu, \u010di Jesper Hansen z\u00a0Midtjyllandu.<\/p>\n<h4>Spokojn\u00fd Stekelenburg<\/h4>\n<p>Tak\u00fd Stekelenburg m\u00e1 situ\u00e1ciu podobn\u00fa, no v jeho veku je zrejme zmieren\u00fd s t\u00fdm, \u017ee \u010dasy, ke\u010f za Holan\u010fanov lietal v br\u00e1ne ako po\u010das africk\u00fdch majstrovstiev sveta, s\u00fa d\u00e1vno pre\u010d. Za n\u00e1rodn\u00fd t\u00edm hral naposledy e\u0161te v novembri 2016. To sa p\u00edsala jeho prv\u00e1 sez\u00f3ne v drese Toffees, pod kou\u010dom a krajanom Ronaldom Koemanom.<\/p>\n<p>Pr\u00e1ve 56 ro\u010dn\u00fd b\u00fdval\u00fd tr\u00e9ner Karameliek priviedol Maartena do Goodison Parku a\u00a0zhodou okolnost\u00ed aktu\u00e1lne aj vedie v\u00fdber Oranjes. D\u00e1 sa kon\u0161tatova\u0165, \u017ee 198 centimetrov vysok\u00fd\u00a0brank\u00e1r patr\u00ed medzi jeho ob\u013e\u00fabencov. Jeho slu\u017eby si zaopatril aj v\u00a0Southamptone, anga\u017em\u00e1ne predch\u00e1dzaj\u00facom Everton.<\/p>\n<p>Len\u017ee ak futbalov\u00e1 krajina, ktor\u00fa vediete, disponuje talentami ako Cillessen v\u00a0slu\u017eb\u00e1ch Valencie, \u010di Zoet z\u00a0Utrechtu, \u0165a\u017eko si obh\u00e1jite uprednostnenie 37 ro\u010dn\u00e9ho neambici\u00f3zneho g\u00f3lmana, spokojn\u00e9ho s\u00a0vysed\u00e1van\u00edm na lavi\u010dke prvoligov\u00e9ho klubu v\u00a0jednej z\u00a0najlep\u0161\u00edch l\u00edg sveta. Klub ako Everton, by mal uva\u017eova\u0165 rovnako.<\/p>\n<p>Dok\u00e1\u017ee si vedenie vyargumentova\u0165 luxusn\u00e9 dr\u017eanie tretej, podot\u00fdkam seniorskej, brank\u00e1rskej mo\u017enosti? Zd\u00e1 sa, \u017ee \u00e1no. Len fan\u00fa\u0161ikovi to mo\u017eno nejde do hlavy. Preto\u017ee pln\u00fd stav na hr\u00e1\u010dskych poz\u00edci\u00e1ch nem\u00e1 sl\u00fa\u017ei\u0165 len na krytie v\u00a0pr\u00edpade nutnej potreby, ako s\u00fa zranenia alebo suspend\u00e1cie. Rovnocenn\u00fd d\u00f4vod je aj konkurencia.<\/p>\n<h4>Nedotknute\u013en\u00fd Pickford<\/h4>\n<p>Aj t\u00e1 so toti\u017e t\u00fdka brank\u00e1rov a\u00a0dovol\u00edm si poveda\u0165, \u017ee je k\u013e\u00fa\u010dov\u00e1. Od pr\u00edchodu Pickforda do Evertonu pred sez\u00f3nou 2017\/18 toti\u017e v\u00a0ligovej s\u00fa\u0165a\u017ei a\u00a0v\u00a0poh\u00e1ri FA nestr\u00e1\u017eil tri \u017erde nikto in\u00fd. Ale tomu sa budem venova\u0165 v\u00a0inom \u010dl\u00e1nku. Mojou pointou je v podstate \u013eahk\u00e9 pozorovanie degrad\u00e1cie kvality na brank\u00e1rskom poste.<\/p>\n<p>Anglick\u00e1 reprezenta\u010dn\u00e1 jednotka m\u00f4\u017ee v\u00a0lete o\u00a0svoj status pr\u00eds\u0165, a\u00a0ak by n\u00e1hodou pri\u0161lo k\u00a0jej zraneniu e\u0161te po\u010das klubovej sez\u00f3ny, s\u00faperi si m\u00f4\u017eu m\u00e4dli\u0165 ruky e\u0161te viac. Stekelenburg, ktor\u00fd ostal po odchode L\u00f6ssla ako ostatn\u00e1 mo\u017enos\u0165, e\u0161te v\u00a0tejto sez\u00f3ne neodchytal ani jeden z\u00e1pas. Ani jednu min\u00fatu. Neprip\u00edsal ani jeden z\u00e1krok.<\/p>\n<p>Minul\u00fa sez\u00f3nu a\u017e dva ligov\u00e9 poh\u00e1re. Sez\u00f3nu predt\u00fdm dokonca zasiahol do troch duelov. P\u00fdtam sa, na\u010do je tak\u00fdto hr\u00e1\u010d? Nemus\u00ed a\u00a0nie je to nutne jeho chyba. Vlastn\u00e9 zlo spo\u010d\u00edva v\u00a0tom, \u017ee ticho okolo jeho osoby sved\u010d\u00ed o\u00a0spokojnosti. Pam\u00e4t\u00e1 sa e\u0161te niekto na Joela? \u0160paniel, s\u00a0nesmiernou d\u00e1vkou trpezlivosti, v\u017edy hladn\u00fd do br\u00e1ny.<\/p>\n<p>Nikdy si nenechal ujs\u0165 pr\u00edle\u017eitos\u0165 zd\u00f4razni\u0165 jeho amb\u00edcie pravidelne hr\u00e1va\u0165. T\u00e1to vlastnos\u0165 sa v\u0161ak pri n\u00e1hradn\u00fdch g\u00f3lmanoch po jeho odchode vytratila. A\u00a0ke\u010f klub e\u0161te pred letom ozn\u00e1mil pr\u00edchod Jonasa zadarmo zo zostupuj\u00faceho Huddersfieldu, \u010dlovek sa nemohol vyhn\u00fa\u0165 pozit\u00edvnemu prijatiu tejto spr\u00e1vy.<\/p>\n<p>Kone\u010dne konkurencia! No bol to trpk\u00fd omyl a e\u0161te v\u00e4\u010d\u0161ie vytriezvenie do reality. Hlavne pre nov\u00e9ho brank\u00e1ra. Potom ako vydal sebavedom\u00e9 vyhl\u00e1senia, \u017ee sa chce sta\u0165 brank\u00e1rskou jednotkou, sa ocitol na ved\u013eaj\u0161ej ko\u013eaji. Nevedno pre\u010do. B\u00fdval\u00fd brank\u00e1r Mainzu, ktor\u00fd v prvej sez\u00f3ne zachr\u00e1nil Teri\u00e9rov v Premier League.<\/p>\n<h4>\u00datek sp\u00e4\u0165<\/h4>\n<p>Ako sme u\u017e na za\u010diatku \u010dl\u00e1nku spom\u00ednali, pred p\u00e1r d\u0148ami na deadline day sa rozhodol vyu\u017ei\u0165 z\u00e1chrann\u00e9 lano. To mu hodil b\u00fdval\u00fd zamestn\u00e1vate\u013e, ke\u010f sa na The John Smith&#8217;s Stadium zranila jednotka, Kamil Grabara. Po\u013esk\u00fd 21 ro\u010dn\u00fd brank\u00e1r, ktor\u00fd v\u00a0Town hos\u0165uje z\u00a0Liverpoolu, si privodil otras mozgu a\u00a0upadol aj do bezvedomia.<\/p>\n<p>Jonas L\u00f6ssl v\u00a0staronovom prostred\u00ed u\u017e odchytal dva z\u00e1pasy. \u010cist\u00e9 konto v\u0161ak oproti\u00a0dom\u00e1cej v\u00fdhre nad QPR udr\u017ea\u0165 v\u00a0\u010fal\u0161om dom\u00e1com stretnut\u00ed proti Cardiffu nedok\u00e1zal. Jeho nov\u00fd mana\u017e\u00e9r Danny Cowley m\u00e1 aj tak pre neho len slov\u00e1 v\u010faky. Preto\u017ee nie ka\u017ed\u00fd hr\u00e1\u010d je ochotn\u00fd si ubra\u0165, aby mohol to podstatn\u00e9 \u2013 hr\u00e1va\u0165:<\/p>\n<blockquote><p><em>\u201eMus\u00edme Jonasovi po\u010fakova\u0165, lebo skuto\u010dne prijal aj zn\u00ed\u017eenie platu aby sem pri\u0161iel, tak ve\u013emi to chcel. A\u00a0to je d\u00f4kaz. Nie som si ist\u00fd, \u010di je jeho \u017eena \u0161\u0165astnej\u0161ia, ale hej-hou!\u201c<\/em><\/p><\/blockquote>\n<p>Ancelotti pod\u013ea Liverpool Echo e\u0161te v janu\u00e1ri povedal n\u00e1hradn\u00fdm brank\u00e1rom, \u017ee ich m\u00f4\u017ee rotova\u0165 na b\u00e1ze od z\u00e1pasu k\u00a0z\u00e1pasu. Zatia\u013e sa tak ale ani raz nestalo a\u00a0jeho slov\u00e1 ve\u013emi pravdepodobne m\u00f4\u017eu vyjs\u0165 rovnako na zmar ako Silvove. R\u00e1d by som veril, \u017ee sa na tom nie\u010do zmen\u00ed, ale zo sk\u00fasenost\u00ed nem\u00e1m d\u00f4vod.<\/p>\n<p>Ost\u00e1va mi d\u00fafa\u0165, \u017ee sa Jonasov vzorn\u00fd pr\u00edklad (aj pre zvy\u0161ok kab\u00edny) pretav\u00ed do silnej\u0161ej poz\u00edcie do nasleduj\u00facej sez\u00f3ny. Everton by tak nemusel op\u00e4tovne siaha\u0165 do vrecka a h\u013eada\u0165 n\u00e1hradu nielen za Stekelenburga, ktor\u00e9mu kon\u010d\u00ed v lete zmluva, ale aj za D\u00e1na, dopl\u00e1caj\u00faceho na pre verejnos\u0165 \u010dudn\u00fa politiku ignorovania.<\/p>\n","protected":false},"excerpt":{"rendered":"<p>Jonas L\u00f6ssl zav\u0155\u0161il v posledn\u00fd prestupov\u00fd de\u0148 zimn\u00e9ho okna hos\u0165ovanie do Huddersfieldu Town, odkia\u013e v lete pri\u0161iel do Evertonu ako vo\u013en\u00fd hr\u00e1\u010d. Prekvapenie?<\/p>\n","protected":false},"author":1,"featured_media":10280,"comment_status":"open","ping_status":"closed","sticky":false,"template":"","format":"standard","meta":{"_eb_attr":"","_monsterinsights_skip_tracking":false,"_monsterinsights_sitenote_active":false,"_monsterinsights_sitenote_note":"","_monsterinsights_sitenote_category":0,"footnotes":""},"categories":[39],"tags":[],"yoast_head":"<!-- This site is optimized with the Yoast SEO plugin v23.4 - https:\/\/yoast.com\/wordpress\/plugins\/seo\/ -->\n<title>Ni\u017e\u0161\u00ed plat pre hern\u00e9 vy\u0165a\u017eenie - Official Czech &amp; Slovak Everton Supporters&#039; Club<\/title>\n<meta name=\"robots\" content=\"index, follow, max-snippet:-1, max-image-preview:large, max-video-preview:-1\" \/>\n<link rel=\"canonical\" href=\"https:\/\/evertonfc.cz\/index.php\/2020\/02\/13\/nizsi-plat-pre-herne-vytazenie\/\" \/>\n<meta property=\"og:locale\" content=\"cs_CZ\" \/>\n<meta property=\"og:type\" content=\"article\" \/>\n<meta property=\"og:title\" content=\"Ni\u017e\u0161\u00ed plat pre hern\u00e9 vy\u0165a\u017eenie - Official Czech &amp; Slovak Everton Supporters&#039; Club\" \/>\n<meta property=\"og:description\" content=\"Jonas L\u00f6ssl zav\u0155\u0161il v posledn\u00fd prestupov\u00fd de\u0148 zimn\u00e9ho okna hos\u0165ovanie do Huddersfieldu Town, odkia\u013e v lete pri\u0161iel do Evertonu ako vo\u013en\u00fd hr\u00e1\u010d. Prekvapenie?\" \/>\n<meta property=\"og:url\" content=\"https:\/\/evertonfc.cz\/index.php\/2020\/02\/13\/nizsi-plat-pre-herne-vytazenie\/\" \/>\n<meta property=\"og:site_name\" content=\"Official Czech &amp; Slovak Everton Supporters&#039; Club\" \/>\n<meta property=\"article:publisher\" content=\"https:\/\/www.facebook.com\/everton.fans.cz.sk\" \/>\n<meta property=\"article:published_time\" content=\"2020-02-13T10:59:14+00:00\" \/>\n<meta property=\"article:modified_time\" content=\"2020-04-27T07:38:30+00:00\" \/>\n<meta property=\"og:image\" content=\"https:\/\/evertonfc.cz\/wp-content\/uploads\/2020\/02\/Jonas-Lossl.jpg\" \/>\n\t<meta property=\"og:image:width\" content=\"720\" \/>\n\t<meta property=\"og:image:height\" content=\"405\" \/>\n\t<meta property=\"og:image:type\" content=\"image\/jpeg\" \/>\n<meta name=\"author\" content=\"BlueBlooded\" \/>\n<meta name=\"twitter:card\" content=\"summary_large_image\" \/>\n<meta name=\"twitter:label1\" content=\"Napsal(a)\" \/>\n\t<meta name=\"twitter:data1\" content=\"BlueBlooded\" \/>\n\t<meta name=\"twitter:label2\" content=\"Odhadovan\u00e1 doba \u010dten\u00ed\" \/>\n\t<meta name=\"twitter:data2\" content=\"5 minut\" \/>\n<script type=\"application\/ld+json\" class=\"yoast-schema-graph\">{\"@context\":\"https:\/\/schema.org\",\"@graph\":[{\"@type\":\"Article\",\"@id\":\"https:\/\/evertonfc.cz\/index.php\/2020\/02\/13\/nizsi-plat-pre-herne-vytazenie\/#article\",\"isPartOf\":{\"@id\":\"https:\/\/evertonfc.cz\/index.php\/2020\/02\/13\/nizsi-plat-pre-herne-vytazenie\/\"},\"author\":{\"name\":\"BlueBlooded\",\"@id\":\"https:\/\/evertonfc.cz\/#\/schema\/person\/d4493b8cbea51532597fbc4685698916\"},\"headline\":\"Ni\u017e\u0161\u00ed plat pre hern\u00e9 vy\u0165a\u017eenie\",\"datePublished\":\"2020-02-13T10:59:14+00:00\",\"dateModified\":\"2020-04-27T07:38:30+00:00\",\"mainEntityOfPage\":{\"@id\":\"https:\/\/evertonfc.cz\/index.php\/2020\/02\/13\/nizsi-plat-pre-herne-vytazenie\/\"},\"wordCount\":1099,\"commentCount\":3,\"publisher\":{\"@id\":\"https:\/\/evertonfc.cz\/#organization\"},\"image\":{\"@id\":\"https:\/\/evertonfc.cz\/index.php\/2020\/02\/13\/nizsi-plat-pre-herne-vytazenie\/#primaryimage\"},\"thumbnailUrl\":\"https:\/\/evertonfc.cz\/wp-content\/uploads\/2020\/02\/Jonas-Lossl.jpg\",\"articleSection\":[\"Blog\"],\"inLanguage\":\"cs\",\"potentialAction\":[{\"@type\":\"CommentAction\",\"name\":\"Comment\",\"target\":[\"https:\/\/evertonfc.cz\/index.php\/2020\/02\/13\/nizsi-plat-pre-herne-vytazenie\/#respond\"]}]},{\"@type\":\"WebPage\",\"@id\":\"https:\/\/evertonfc.cz\/index.php\/2020\/02\/13\/nizsi-plat-pre-herne-vytazenie\/\",\"url\":\"https:\/\/evertonfc.cz\/index.php\/2020\/02\/13\/nizsi-plat-pre-herne-vytazenie\/\",\"name\":\"Ni\u017e\u0161\u00ed plat pre hern\u00e9 vy\u0165a\u017eenie - Official Czech &amp; Slovak Everton Supporters&#039; Club\",\"isPartOf\":{\"@id\":\"https:\/\/evertonfc.cz\/#website\"},\"primaryImageOfPage\":{\"@id\":\"https:\/\/evertonfc.cz\/index.php\/2020\/02\/13\/nizsi-plat-pre-herne-vytazenie\/#primaryimage\"},\"image\":{\"@id\":\"https:\/\/evertonfc.cz\/index.php\/2020\/02\/13\/nizsi-plat-pre-herne-vytazenie\/#primaryimage\"},\"thumbnailUrl\":\"https:\/\/evertonfc.cz\/wp-content\/uploads\/2020\/02\/Jonas-Lossl.jpg\",\"datePublished\":\"2020-02-13T10:59:14+00:00\",\"dateModified\":\"2020-04-27T07:38:30+00:00\",\"breadcrumb\":{\"@id\":\"https:\/\/evertonfc.cz\/index.php\/2020\/02\/13\/nizsi-plat-pre-herne-vytazenie\/#breadcrumb\"},\"inLanguage\":\"cs\",\"potentialAction\":[{\"@type\":\"ReadAction\",\"target\":[\"https:\/\/evertonfc.cz\/index.php\/2020\/02\/13\/nizsi-plat-pre-herne-vytazenie\/\"]}]},{\"@type\":\"ImageObject\",\"inLanguage\":\"cs\",\"@id\":\"https:\/\/evertonfc.cz\/index.php\/2020\/02\/13\/nizsi-plat-pre-herne-vytazenie\/#primaryimage\",\"url\":\"https:\/\/evertonfc.cz\/wp-content\/uploads\/2020\/02\/Jonas-Lossl.jpg\",\"contentUrl\":\"https:\/\/evertonfc.cz\/wp-content\/uploads\/2020\/02\/Jonas-Lossl.jpg\",\"width\":720,\"height\":405},{\"@type\":\"BreadcrumbList\",\"@id\":\"https:\/\/evertonfc.cz\/index.php\/2020\/02\/13\/nizsi-plat-pre-herne-vytazenie\/#breadcrumb\",\"itemListElement\":[{\"@type\":\"ListItem\",\"position\":1,\"name\":\"Home\",\"item\":\"https:\/\/evertonfc.cz\/\"},{\"@type\":\"ListItem\",\"position\":2,\"name\":\"Ni\u017e\u0161\u00ed plat pre hern\u00e9 vy\u0165a\u017eenie\"}]},{\"@type\":\"WebSite\",\"@id\":\"https:\/\/evertonfc.cz\/#website\",\"url\":\"https:\/\/evertonfc.cz\/\",\"name\":\"Official Czech &amp; Slovak Everton Supporters&#039; Club\",\"description\":\"\",\"publisher\":{\"@id\":\"https:\/\/evertonfc.cz\/#organization\"},\"potentialAction\":[{\"@type\":\"SearchAction\",\"target\":{\"@type\":\"EntryPoint\",\"urlTemplate\":\"https:\/\/evertonfc.cz\/?s={search_term_string}\"},\"query-input\":{\"@type\":\"PropertyValueSpecification\",\"valueRequired\":true,\"valueName\":\"search_term_string\"}}],\"inLanguage\":\"cs\"},{\"@type\":\"Organization\",\"@id\":\"https:\/\/evertonfc.cz\/#organization\",\"name\":\"Official Czech & Slovak Everton Supporters' Club\",\"url\":\"https:\/\/evertonfc.cz\/\",\"logo\":{\"@type\":\"ImageObject\",\"inLanguage\":\"cs\",\"@id\":\"https:\/\/evertonfc.cz\/#\/schema\/logo\/image\/\",\"url\":\"https:\/\/evertonfc.cz\/wp-content\/uploads\/2019\/05\/logo.png\",\"contentUrl\":\"https:\/\/evertonfc.cz\/wp-content\/uploads\/2019\/05\/logo.png\",\"width\":112,\"height\":112,\"caption\":\"Official Czech & Slovak Everton Supporters' Club\"},\"image\":{\"@id\":\"https:\/\/evertonfc.cz\/#\/schema\/logo\/image\/\"},\"sameAs\":[\"https:\/\/www.facebook.com\/everton.fans.cz.sk\"]},{\"@type\":\"Person\",\"@id\":\"https:\/\/evertonfc.cz\/#\/schema\/person\/d4493b8cbea51532597fbc4685698916\",\"name\":\"BlueBlooded\",\"url\":\"https:\/\/evertonfc.cz\/index.php\/author\/admin\/\"}]}<\/script>\n<!-- \/ Yoast SEO plugin. -->","yoast_head_json":{"title":"Ni\u017e\u0161\u00ed plat pre hern\u00e9 vy\u0165a\u017eenie - Official Czech &amp; Slovak Everton Supporters&#039; Club","robots":{"index":"index","follow":"follow","max-snippet":"max-snippet:-1","max-image-preview":"max-image-preview:large","max-video-preview":"max-video-preview:-1"},"canonical":"https:\/\/evertonfc.cz\/index.php\/2020\/02\/13\/nizsi-plat-pre-herne-vytazenie\/","og_locale":"cs_CZ","og_type":"article","og_title":"Ni\u017e\u0161\u00ed plat pre hern\u00e9 vy\u0165a\u017eenie - Official Czech &amp; Slovak Everton Supporters&#039; Club","og_description":"Jonas L\u00f6ssl zav\u0155\u0161il v posledn\u00fd prestupov\u00fd de\u0148 zimn\u00e9ho okna hos\u0165ovanie do Huddersfieldu Town, odkia\u013e v lete pri\u0161iel do Evertonu ako vo\u013en\u00fd hr\u00e1\u010d. Prekvapenie?","og_url":"https:\/\/evertonfc.cz\/index.php\/2020\/02\/13\/nizsi-plat-pre-herne-vytazenie\/","og_site_name":"Official Czech &amp; Slovak Everton Supporters&#039; Club","article_publisher":"https:\/\/www.facebook.com\/everton.fans.cz.sk","article_published_time":"2020-02-13T10:59:14+00:00","article_modified_time":"2020-04-27T07:38:30+00:00","og_image":[{"width":720,"height":405,"url":"https:\/\/evertonfc.cz\/wp-content\/uploads\/2020\/02\/Jonas-Lossl.jpg","type":"image\/jpeg"}],"author":"BlueBlooded","twitter_card":"summary_large_image","twitter_misc":{"Napsal(a)":"BlueBlooded","Odhadovan\u00e1 doba \u010dten\u00ed":"5 minut"},"schema":{"@context":"https:\/\/schema.org","@graph":[{"@type":"Article","@id":"https:\/\/evertonfc.cz\/index.php\/2020\/02\/13\/nizsi-plat-pre-herne-vytazenie\/#article","isPartOf":{"@id":"https:\/\/evertonfc.cz\/index.php\/2020\/02\/13\/nizsi-plat-pre-herne-vytazenie\/"},"author":{"name":"BlueBlooded","@id":"https:\/\/evertonfc.cz\/#\/schema\/person\/d4493b8cbea51532597fbc4685698916"},"headline":"Ni\u017e\u0161\u00ed plat pre hern\u00e9 vy\u0165a\u017eenie","datePublished":"2020-02-13T10:59:14+00:00","dateModified":"2020-04-27T07:38:30+00:00","mainEntityOfPage":{"@id":"https:\/\/evertonfc.cz\/index.php\/2020\/02\/13\/nizsi-plat-pre-herne-vytazenie\/"},"wordCount":1099,"commentCount":3,"publisher":{"@id":"https:\/\/evertonfc.cz\/#organization"},"image":{"@id":"https:\/\/evertonfc.cz\/index.php\/2020\/02\/13\/nizsi-plat-pre-herne-vytazenie\/#primaryimage"},"thumbnailUrl":"https:\/\/evertonfc.cz\/wp-content\/uploads\/2020\/02\/Jonas-Lossl.jpg","articleSection":["Blog"],"inLanguage":"cs","potentialAction":[{"@type":"CommentAction","name":"Comment","target":["https:\/\/evertonfc.cz\/index.php\/2020\/02\/13\/nizsi-plat-pre-herne-vytazenie\/#respond"]}]},{"@type":"WebPage","@id":"https:\/\/evertonfc.cz\/index.php\/2020\/02\/13\/nizsi-plat-pre-herne-vytazenie\/","url":"https:\/\/evertonfc.cz\/index.php\/2020\/02\/13\/nizsi-plat-pre-herne-vytazenie\/","name":"Ni\u017e\u0161\u00ed plat pre hern\u00e9 vy\u0165a\u017eenie - Official Czech &amp; Slovak Everton Supporters&#039; Club","isPartOf":{"@id":"https:\/\/evertonfc.cz\/#website"},"primaryImageOfPage":{"@id":"https:\/\/evertonfc.cz\/index.php\/2020\/02\/13\/nizsi-plat-pre-herne-vytazenie\/#primaryimage"},"image":{"@id":"https:\/\/evertonfc.cz\/index.php\/2020\/02\/13\/nizsi-plat-pre-herne-vytazenie\/#primaryimage"},"thumbnailUrl":"https:\/\/evertonfc.cz\/wp-content\/uploads\/2020\/02\/Jonas-Lossl.jpg","datePublished":"2020-02-13T10:59:14+00:00","dateModified":"2020-04-27T07:38:30+00:00","breadcrumb":{"@id":"https:\/\/evertonfc.cz\/index.php\/2020\/02\/13\/nizsi-plat-pre-herne-vytazenie\/#breadcrumb"},"inLanguage":"cs","potentialAction":[{"@type":"ReadAction","target":["https:\/\/evertonfc.cz\/index.php\/2020\/02\/13\/nizsi-plat-pre-herne-vytazenie\/"]}]},{"@type":"ImageObject","inLanguage":"cs","@id":"https:\/\/evertonfc.cz\/index.php\/2020\/02\/13\/nizsi-plat-pre-herne-vytazenie\/#primaryimage","url":"https:\/\/evertonfc.cz\/wp-content\/uploads\/2020\/02\/Jonas-Lossl.jpg","contentUrl":"https:\/\/evertonfc.cz\/wp-content\/uploads\/2020\/02\/Jonas-Lossl.jpg","width":720,"height":405},{"@type":"BreadcrumbList","@id":"https:\/\/evertonfc.cz\/index.php\/2020\/02\/13\/nizsi-plat-pre-herne-vytazenie\/#breadcrumb","itemListElement":[{"@type":"ListItem","position":1,"name":"Home","item":"https:\/\/evertonfc.cz\/"},{"@type":"ListItem","position":2,"name":"Ni\u017e\u0161\u00ed plat pre hern\u00e9 vy\u0165a\u017eenie"}]},{"@type":"WebSite","@id":"https:\/\/evertonfc.cz\/#website","url":"https:\/\/evertonfc.cz\/","name":"Official Czech &amp; Slovak Everton Supporters&#039; Club","description":"","publisher":{"@id":"https:\/\/evertonfc.cz\/#organization"},"potentialAction":[{"@type":"SearchAction","target":{"@type":"EntryPoint","urlTemplate":"https:\/\/evertonfc.cz\/?s={search_term_string}"},"query-input":{"@type":"PropertyValueSpecification","valueRequired":true,"valueName":"search_term_string"}}],"inLanguage":"cs"},{"@type":"Organization","@id":"https:\/\/evertonfc.cz\/#organization","name":"Official Czech & Slovak Everton Supporters' Club","url":"https:\/\/evertonfc.cz\/","logo":{"@type":"ImageObject","inLanguage":"cs","@id":"https:\/\/evertonfc.cz\/#\/schema\/logo\/image\/","url":"https:\/\/evertonfc.cz\/wp-content\/uploads\/2019\/05\/logo.png","contentUrl":"https:\/\/evertonfc.cz\/wp-content\/uploads\/2019\/05\/logo.png","width":112,"height":112,"caption":"Official Czech & Slovak Everton Supporters' Club"},"image":{"@id":"https:\/\/evertonfc.cz\/#\/schema\/logo\/image\/"},"sameAs":["https:\/\/www.facebook.com\/everton.fans.cz.sk"]},{"@type":"Person","@id":"https:\/\/evertonfc.cz\/#\/schema\/person\/d4493b8cbea51532597fbc4685698916","name":"BlueBlooded","url":"https:\/\/evertonfc.cz\/index.php\/author\/admin\/"}]}},"_links":{"self":[{"href":"https:\/\/evertonfc.cz\/index.php\/wp-json\/wp\/v2\/posts\/10279"}],"collection":[{"href":"https:\/\/evertonfc.cz\/index.php\/wp-json\/wp\/v2\/posts"}],"about":[{"href":"https:\/\/evertonfc.cz\/index.php\/wp-json\/wp\/v2\/types\/post"}],"author":[{"embeddable":true,"href":"https:\/\/evertonfc.cz\/index.php\/wp-json\/wp\/v2\/users\/1"}],"replies":[{"embeddable":true,"href":"https:\/\/evertonfc.cz\/index.php\/wp-json\/wp\/v2\/comments?post=10279"}],"version-history":[{"count":6,"href":"https:\/\/evertonfc.cz\/index.php\/wp-json\/wp\/v2\/posts\/10279\/revisions"}],"predecessor-version":[{"id":10873,"href":"https:\/\/evertonfc.cz\/index.php\/wp-json\/wp\/v2\/posts\/10279\/revisions\/10873"}],"wp:featuredmedia":[{"embeddable":true,"href":"https:\/\/evertonfc.cz\/index.php\/wp-json\/wp\/v2\/media\/10280"}],"wp:attachment":[{"href":"https:\/\/evertonfc.cz\/index.php\/wp-json\/wp\/v2\/media?parent=10279"}],"wp:term":[{"taxonomy":"category","embeddable":true,"href":"https:\/\/evertonfc.cz\/index.php\/wp-json\/wp\/v2\/categories?post=10279"},{"taxonomy":"post_tag","embeddable":true,"href":"https:\/\/evertonfc.cz\/index.php\/wp-json\/wp\/v2\/tags?post=10279"}],"curies":[{"name":"wp","href":"https:\/\/api.w.org\/{rel}","templated":true}]}}