{"id":10313,"date":"2020-02-19T10:06:34","date_gmt":"2020-02-19T09:06:34","guid":{"rendered":"https:\/\/evertonfc.cz\/?p=10313"},"modified":"2020-05-22T12:50:47","modified_gmt":"2020-05-22T10:50:47","slug":"game-of-loans-prehlad","status":"publish","type":"post","link":"https:\/\/evertonfc.cz\/index.php\/2020\/02\/19\/game-of-loans-prehlad\/","title":{"rendered":"Game of Loans: Preh\u013ead"},"content":{"rendered":"<h4>V na\u0161ej nepravidelnej rubrike o\u00a0hr\u00e1\u010doch na hos\u0165ovan\u00ed v\u00e1m tentoraz neprin\u00e1\u0161ame rozhovor o\u00a0jednotlivcovi, ale celkov\u00fd preh\u013ead o doteraj\u0161om \u0165a\u017een\u00ed v\u0161etk\u00fdch.<\/h4>\n<h4 style=\"text-align: center;\"><em>Brank\u00e1ri:<\/em><\/h4>\n<p><strong><img decoding=\"async\" class=\"alignright\" src=\"https:\/\/evertonfc.cz\/wp-content\/uploads\/2019\/07\/joao_virginia.png\" \/>Meno: <a href=\"https:\/\/evertonfc.cz\/index.php\/soupiska\/joao-virginia\/\" target=\"_blank\" rel=\"noopener noreferrer\">Jo\u00e3o Virg\u00ednia<\/a><\/strong><br \/>\n<strong>Vek: <\/strong>20 <strong>Poz\u00edcia:<\/strong> brank\u00e1r<br \/>\n<strong>Klub:<\/strong> Reading <strong>S\u00fa\u0165a\u017e:<\/strong> Championship (15.miesto)<br \/>\n<strong>\u0160tatistiky (z-\u010dk):<\/strong> 3-0 <strong>Zmluva do:<\/strong> 30.6.2021 <strong>Opcia:<\/strong> nie<\/p>\n<p>Narazil na tvrd\u00fd odpor krutej reality mu\u017esk\u00e9ho futbalu. Za chyby sa pyk\u00e1 a on ich v ka\u017edom z\u00e1pase za The Royals spravil obrovsk\u00e9. S pr\u00edchodom pos\u00edl sa prepadol v hierarchii a od konca septembra sedel len na trib\u00fane, tak\u017ee sa vr\u00e1til spa\u0165 na Finch Farm. Zaberie ve\u013ea \u00fasilia nabra\u0165 straten\u00e9 sebavedomie.<\/p>\n<p><strong><img decoding=\"async\" class=\"alignright\" src=\"https:\/\/evertonfc.cz\/wp-content\/uploads\/2020\/02\/jonas_lossl.png\" \/>Meno:<\/strong> <a href=\"https:\/\/evertonfc.cz\/index.php\/soupiska\/jonas-lossl\/\" target=\"_blank\" rel=\"noopener noreferrer\"><strong>Jonas L\u00f6ssl<\/strong><\/a><br \/>\n<strong>Vek: <\/strong>31 <strong>Poz\u00edcia:<\/strong> brank\u00e1r<br \/>\n<strong>Klub:<\/strong> Huddersfield Town <strong>S\u00fa\u0165a\u017e:<\/strong> Championship (20.miesto)<br \/>\n<strong>\u0160tatistiky (z-\u010dk):<\/strong> 3-1 <strong>Zmluva do:<\/strong> 30.6.2022 <strong>Opcia:<\/strong> nie<\/p>\n<p>Prv\u00e9 min\u00faty po prestupe do Evertonu paradoxne zbiera sk\u00fasen\u00fd brank\u00e1r v\u00a0klube, z\u00a0ktor\u00e9ho pr\u00e1ve prich\u00e1dzal. Druh\u00fd debut za Town odchytal s\u00a0\u010dist\u00fdm kontom, n\u00e1sledne v\u0161ak od Cardiffu inkasoval tri, tie\u017e doma. V\u00a0tre\u0165om z\u00e1pase na ihrisku Derby prispel k\u00a0rem\u00edze 1:1. Ak sa chc\u00fa Teri\u00e9ry zachr\u00e1ni\u0165, ur\u010dite bude chyta\u0165 do m\u00e1ja.<\/p>\n<hr \/>\n<h4 style=\"text-align: center;\"><em>Obrana:<\/em><\/h4>\n<p><strong><img decoding=\"async\" class=\"alignright\" src=\"https:\/\/evertonfc.cz\/wp-content\/uploads\/2019\/01\/pennington.jpg\" \/>Meno:<\/strong> <a href=\"https:\/\/evertonfc.cz\/index.php\/soupiska\/matthew-pennington\/\" target=\"_blank\" rel=\"noopener noreferrer\"><strong>Matthew Pennington<\/strong><\/a><br \/>\n<strong>Vek: <\/strong>25 <strong>Poz\u00edcia:<\/strong> stop\u00e9r<br \/>\n<strong>Klub:<\/strong> Hull City <strong>S\u00fa\u0165a\u017e:<\/strong> Championship (17.miesto)<br \/>\n<strong>\u0160tatistiky (z-g-a):<\/strong> 7-0-0 <strong>Zmluva do:<\/strong> 30.6.2021 <strong>Opcia:<\/strong> \u00e1no<\/p>\n<p>Po Ipswichi si ho t\u00fato sez\u00f3nu po\u017ei\u010dali Tigre. Na svoj debut v z\u00e1kladnej zostave v\u0161ak musel \u010daka\u0165 a\u017e do nov\u00e9ho roka kv\u00f4li tvrdej konkurencii. Medzit\u00fdm sa dostal len do dvoch duelov z lavi\u010dky. Moment\u00e1lne to s 520 min\u00fatami akcie naozaj nevyzer\u00e1, \u017ee by dostal f\u00e9rov\u00fa \u0161ancu aj mimo zranenia kme\u0148ov\u00fdch hr\u00e1\u010dov.<\/p>\n<p><strong><img decoding=\"async\" class=\"alignright\" src=\"https:\/\/evertonfc.cz\/wp-content\/uploads\/2020\/02\/lewis_gibson.png\" \/>Meno:<\/strong> <a href=\"https:\/\/evertonfc.cz\/index.php\/soupiska\/lewis-gibson\/\" target=\"_blank\" rel=\"noopener noreferrer\"><strong>Lewis Gibson<\/strong><\/a><br \/>\n<strong>Vek:<\/strong> 19 <strong>Poz\u00edcia:<\/strong> stop\u00e9r<br \/>\n<b><\/b><strong>Klub:<\/strong> Fleetwood Town <strong>S\u00fa\u0165a\u017e:<\/strong> League One (8.miesto)<br \/>\n<strong>\u0160tatistiky (z-g-a):<\/strong> 4-0-0 <strong>Zmluva do:<\/strong> 30.6.2022 <strong>Opcia:<\/strong> nie<\/p>\n<p>Odchovanec Newcastle United m\u00e1 cie\u013e prebi\u0165 sa do A t\u00edmu. Po troch rokoch je na najlep\u0161ej ceste. S novou zmluvou a perfektn\u00fdm prostred\u00edm m\u00f4\u017ee u\u017e bud\u00facu sez\u00f3nu zbiera\u0165 sk\u00fasenosti v Premier League. Joey Barton mu toti\u017e ver\u00ed a od pr\u00edchodu na deadline day chv\u00e1li pravidelne do nebies. U\u017e sa len nezrani\u0165.<\/p>\n<p><strong><img decoding=\"async\" class=\"alignright\" src=\"https:\/\/evertonfc.cz\/wp-content\/uploads\/2019\/01\/connolly.jpg\" \/><\/strong><strong>Meno: <a href=\"https:\/\/evertonfc.cz\/index.php\/soupiska\/callum-connolly\/\" target=\"_blank\" rel=\"noopener noreferrer\">Callum Connolly<\/a><\/strong><br \/>\n<strong>Vek:<\/strong> 22 <strong>Poz\u00edcia:<\/strong> stop\u00e9r \/ krajn\u00fd obranca \/ z\u00e1lo\u017en\u00edk<br \/>\n<strong>Klub:<\/strong> Fleetwood Town <strong>S\u00fa\u0165a\u017e:<\/strong> League One (8.miesto)<br \/>\n<strong>\u0160tatistiky (z-g-a):<\/strong> 26-1-1 <strong>Zmluva do:<\/strong> 30.6.2021 <strong>Opcia:<\/strong> nie<\/p>\n<p>Defenz\u00edvnemu univerz\u00e1lovi sa nepodarilo udr\u017ea\u0165 v\u00a0pozornosti klubov druhej ligy a\u00a0tak t\u00fato sez\u00f3nu prijal za v\u010fak \u0161ancu v\u00a0Lincoln City. Pokia\u013e viedol t\u00edm tandem Cowleyovcov, Callum patril medzi opory z\u00e1lohy. Av\u0161ak po zmene tr\u00e9nera upadol\u00a0 v\u00a0nemilos\u0165 a\u00a0v\u00a0janu\u00e1ri zmenil p\u00f4sobisko. V Town hr\u00e1va op\u00e4\u0165 pravidelne.<\/p>\n<p><strong><img decoding=\"async\" class=\"alignright\" src=\"https:\/\/evertonfc.cz\/wp-content\/uploads\/2020\/02\/morgan_feeney.png\" \/>Meno:<\/strong> <a href=\"https:\/\/evertonfc.cz\/index.php\/soupiska\/morgan-feeney\/\" target=\"_blank\" rel=\"noopener noreferrer\"><strong>Morgan Feeney<\/strong><\/a><br \/>\n<strong>Vek:<\/strong> 21 <strong>Poz\u00edcia:<\/strong> stop\u00e9r<br \/>\n<strong>Klub:<\/strong> Tranmere Rovers\u00a0<strong>S\u00fa\u0165a\u017e:<\/strong> League One (21.miesto)<br \/>\n<strong>\u0160tatistiky (z-g-a):<\/strong> 1-0-0 <strong>Zmluva do:<\/strong> 30.6.2020 <strong>Opcia:<\/strong> nie<\/p>\n<p>Stop\u00e9r sa prv\u00e9ho hos\u0165ovania do\u010dkal a\u017e v tomto janu\u00e1ri, ke\u010f odi\u0161iel vypom\u00f4c\u0165 zraneniami su\u017euj\u00faceho suseda zo \u0161tvrte Wirral. Ako naschv\u00e1l sa zranil aj on, a to na konci jeho prv\u00e9ho z\u00e1pasu proti Boltonu Wanderers. U\u017e po p\u00e1r d\u0148och vysvitlo, \u017ee nadtrhnut\u00fd hamstring si vy\u017eiada dlhodob\u00e9 lie\u010denie na Finch Farm.<\/p>\n<p><strong><img decoding=\"async\" class=\"alignright\" src=\"https:\/\/evertonfc.cz\/wp-content\/uploads\/2019\/01\/garbutt.jpg\" \/>Meno: <a href=\"https:\/\/evertonfc.cz\/index.php\/soupiska\/luke-garbutt\/\" target=\"_blank\" rel=\"noopener noreferrer\">Luke Garbutt<\/a><\/strong><br \/>\n<strong>Vek:<\/strong> 26 <strong>Poz\u00edcia: <\/strong>\u013eav\u00fd obranca \/ kr\u00eddeln\u00edk<br \/>\n<strong>Klub:<\/strong> Ipswich Town <strong>S\u00fa\u0165a\u017e:<\/strong> League One (7.miesto)<br \/>\n<strong>\u0160tatistiky (z-g-a):<\/strong> 26-6-3 <strong>Zmluva do:<\/strong> 30.6.2020 <strong>Opcia:<\/strong> nie<\/p>\n<p>P\u00f4vodne \u013eav\u00fd obranca sa na\u0161iel v\u00a0tretej lige ako tromf v\u00a0ruk\u00e1ch Paula Lamberta, ktor\u00fd ho posunul na ihrisku vy\u0161\u0161ie. Z\u00a0poz\u00edcie \u013eav\u00e9ho kr\u00eddla zaznamenal celkovo v\u00a026 z\u00e1pasoch 6 g\u00f3lov a\u00a03 asistencie. Dos\u0165 na to, aby presved\u010dil svojho zamestn\u00e1vate\u013ea na pred\u013a\u017eenie spolupr\u00e1ce po vypr\u0161an\u00ed kontraktu s\u00a0Evertonom.<\/p>\n<p><strong><img decoding=\"async\" class=\"alignright\" src=\"https:\/\/evertonfc.cz\/wp-content\/uploads\/2019\/07\/jonjoe_kenny.jpg\" \/>Meno:<\/strong> <a href=\"https:\/\/evertonfc.cz\/index.php\/soupiska\/jonjoe-kenny\/\" target=\"_blank\" rel=\"noopener noreferrer\"><strong>Jonjoe Kenny<\/strong><\/a><br \/>\n<strong>Vek: <\/strong>22 <strong>Poz\u00edcia:<\/strong> prav\u00fd obranca<br \/>\n<strong>Klub:<\/strong> Schalke 04 <strong>S\u00fa\u0165a\u017e:<\/strong> Bundesliga (6.miesto)<br \/>\n<strong>\u0160tatistiky (z-g-a):<\/strong> 22-1-2 <strong>Zmluva do:<\/strong> 30.6.2022 <strong>Opcia:<\/strong> nie<\/p>\n<p>Rod\u00e1k z\u00a0Liverpoolu sa stal nezamenite\u013enou s\u00fa\u010das\u0165ou obrany nemeck\u00fdch Ban\u00edkov. Neby\u0165 zranenia, ktor\u00e9ho ho vo febru\u00e1ri vyradilo na dva t\u00fd\u017edne, zasiahol by do v\u0161etk\u00fdch doteraj\u0161\u00edch z\u00e1pasov sez\u00f3ny. Lep\u0161iu pr\u00edle\u017eitos\u0165 ako dok\u00e1za\u0165 svoju kvalitu vedeniu v\u00a0Evertone si sn\u00e1\u010f ani nemohol \u017eela\u0165. Odv\u00e1\u017enos\u0165 sa vypl\u00e1ca.<\/p>\n<hr \/>\n<h4 style=\"text-align: center;\"><em><strong>Z\u00e1lo\u017en\u00edci:<\/strong><\/em><\/h4>\n<p><strong><img decoding=\"async\" class=\"alignright\" src=\"https:\/\/evertonfc.cz\/wp-content\/uploads\/2019\/01\/besic.png\" \/>Meno:<\/strong> <a href=\"https:\/\/evertonfc.cz\/index.php\/soupiska\/muhamed-besic\/\" target=\"_blank\" rel=\"noopener noreferrer\"><strong>Muhamed Be\u0161i\u0107<\/strong><\/a><br \/>\n<strong>Vek: <\/strong>27 <strong>Poz\u00edcia: <\/strong>defenz\u00edvny z\u00e1lo\u017en\u00edk<br \/>\n<strong>Klub:<\/strong> Sheffield United <strong>S\u00fa\u0165a\u017e:<\/strong> Premier League (6.miesto)<br \/>\n<strong>\u0160tatistiky (z-g-a):<\/strong> 13-1-0 <strong>Zmluva do:<\/strong> 30.6.2021 <strong>Opcia:<\/strong> nie<\/p>\n<p>Ostr\u00fd \u0161t\u00edt si po anga\u017em\u00e1noch v Championship vyhliadol Chris Wilder. Nemaznav\u00fd pr\u00edstup spoznal hr\u00e1\u010d ihne\u010f, ke\u010f sa a\u017e do decembra pozeral na The Blades v\u00fdhradne z lavi\u010dky n\u00e1hradn\u00edkov a 90 min\u00fat ok\u00fasil len v poh\u00e1roch. S\u00e1m si v\u0161ak nes\u0165a\u017euje a u\u017e sa nechal po\u010du\u0165, \u017ee by r\u00e1d na Bramall Lane ostal aj po sez\u00f3ne.<\/p>\n<p><strong><img decoding=\"async\" class=\"alignright\" src=\"https:\/\/evertonfc.cz\/wp-content\/uploads\/2019\/01\/dowell.jpg\" \/>Meno:<\/strong> <a href=\"https:\/\/evertonfc.cz\/index.php\/soupiska\/kieran-dowell\/\" target=\"_blank\" rel=\"noopener noreferrer\"><strong>Kieran Dowell<\/strong><\/a><br \/>\n<strong>Vek:<\/strong> 22 <strong>Poz\u00edcia: <\/strong>ofenz\u00edvny z\u00e1lo\u017en\u00edk \/ kr\u00eddeln\u00edk<br \/>\n<strong>Klub:<\/strong> Wigan Athletic <strong>S\u00fa\u0165a\u017e:<\/strong> Championship (22.miesto)<br \/>\n<strong>\u0160tatistiky (z-g-a):<\/strong> 14-0-2 <strong>Zmluva do:<\/strong> 30.6.2021 <strong>Opcia:<\/strong> nie<\/p>\n<p>Kierana si vyhliadol v lete nov\u00fd kou\u010d Derby, Phillip Cocu. Holan\u010fan mu d\u00e1val pr\u00edle\u017eitosti od za\u010diatku v z\u00e1klade na poz\u00edcii desiatky, len\u017ee tvrd\u00fd \u017eivot v druhej lige ho od okt\u00f3bra prin\u00fatil prehodnoti\u0165 priority. Dowell tak zmenil p\u00f4sobisko a vo Wigane op\u00e4\u0165 hr\u00e1val a\u017e do zranenia \u010dlenka, ktor\u00e9 ho vyrad\u00ed na 2 mesiace.<\/p>\n<p><strong><img decoding=\"async\" class=\"alignright\" src=\"https:\/\/evertonfc.cz\/wp-content\/uploads\/2019\/07\/josh_bowler.jpg\" \/>Meno: <a href=\"https:\/\/evertonfc.cz\/index.php\/soupiska\/josh-bowler\/\" target=\"_blank\" rel=\"noopener noreferrer\">Josh Bowler<\/a><\/strong><br \/>\n<strong>Vek: <\/strong>20 <strong>Poz\u00edcia:<\/strong> kr\u00eddeln\u00edk<br \/>\n<strong>Klub:<\/strong> Hull City <strong>S\u00fa\u0165a\u017e:<\/strong> Championship (17.miesto)<br \/>\n<strong>\u0160tatistiky (z-g-a):<\/strong> 26-1-1 <strong>Zmluva do:<\/strong> 30.6.2021 <strong>Opcia:<\/strong> \u00e1no<\/p>\n<p>Op\u00e4\u0165 objav predsez\u00f3nnych z\u00e1pasov. Ortodoxn\u00e9 prav\u00e9 kr\u00eddlo, so \u0161ikovnou \u013eavou nohou, po troche no pravidelne zbiera potrebn\u00e9 min\u00faty. Ich po\u010det by bol mo\u017eno aj v\u00e4\u010d\u0161\u00ed, len si vybral t\u00edm, ktor\u00fd a\u017e do janu\u00e1ra disponoval najlep\u0161\u00edmi hr\u00e1\u010dmi na jeho poz\u00edcii v lige. Ak vylie\u010di v\u010das zranen\u00fa p\u00e4tu, zvy\u0161ok sez\u00f3ny m\u00f4\u017ee ma\u0165 \u0161tedr\u00fd.<\/p>\n<p><strong><img decoding=\"async\" class=\"alignright\" src=\"https:\/\/evertonfc.cz\/wp-content\/uploads\/2019\/08\/nathan_broadhed.png\" \/>Meno:<\/strong> <a href=\"https:\/\/evertonfc.cz\/index.php\/soupiska\/nathan-broadhead\/\" target=\"_blank\" rel=\"noopener noreferrer\"><strong>Nathan Broadhead<\/strong><\/a><br \/>\n<strong>Vek:<\/strong> 21 <strong>Poz\u00edcia:<\/strong> kr\u00eddeln\u00edk<br \/>\n<strong>Klub:<\/strong> Burton Albion <strong>S\u00fa\u0165a\u017e:<\/strong> League One (12.miesto)<br \/>\n<strong>\u0160tatistiky (z-g-a):<\/strong> 20-3-2 <strong>Zmluva do:<\/strong> 30.6.2021 <strong>Opcia:<\/strong> nie<\/p>\n<p>N\u00e1dej letnej pr\u00edpravy odi\u0161la zbiera\u0165 sk\u00fasenosti tie\u017e do tretej ligy. \u0160ikovn\u00fd walesk\u00fd kr\u00eddeln\u00edk strelil dva g\u00f3ly pri svojom debute a\u00a0\u010fal\u0161\u00edm vyradil Bournemouth z\u00a0ligov\u00e9ho poh\u00e1ra. Potom ale jeho vplyv upadol. Nepomohlo tomu ani zranenie hamstringu v\u00a0decembri. Ak sa mu vyhn\u00fa zranenia, bude to \u00faspe\u0161n\u00e9 hos\u0165ovanie.<\/p>\n<p><strong><img decoding=\"async\" class=\"alignright\" src=\"https:\/\/evertonfc.cz\/wp-content\/uploads\/2020\/02\/Korede-Adedoyin.png\" \/>Meno:<\/strong> <a href=\"https:\/\/evertonfc.cz\/index.php\/news\/dalsi-neuspesne-hostovani-mladika\/\" target=\"_blank\" rel=\"noopener noreferrer\"><strong>Korede Adedoyin<\/strong><\/a><br \/>\n<strong>Vek: <\/strong>19 <strong>Poz\u00edcia:<\/strong> kr\u00eddeln\u00edk<br \/>\n<strong>Klub:<\/strong> Hamilton Academical <strong>S\u00fa\u0165a\u017e:<\/strong> Scottish Premiership (11.miesto)<br \/>\n<strong>\u0160tatistiky (z-g-a):<\/strong> 0-0-0 <strong>Zmluva do:<\/strong> 30.6.2020 <strong>Opcia:<\/strong> nie<\/p>\n<p>Pred\u010dasne ukon\u010den\u00e1 p\u00f4\u017ei\u010dka. Nig\u00e9rijsk\u00fd r\u00fdchlik nebol ani s\u00fa\u010das\u0165ou Unsworthovej U23, preto bolo prekvapen\u00edm, \u017ee po \u0148om v\u00a0lete siahol prvoligov\u00fd \u0161k\u00f3tsky klub. Aj ke\u010f za U18 minul\u00fa sez\u00f3nu nas\u00fakal tento technik 24 g\u00f3lov v\u00a041 z\u00e1pasoch. Mal aj men\u0161ie zranenia, ale konkurencia bola jednoducho pr\u00edli\u0161 ve\u013ek\u00e1. Zl\u00fd v\u00fdber.<\/p>\n<p><strong><img decoding=\"async\" class=\"alignright\" src=\"https:\/\/evertonfc.cz\/wp-content\/uploads\/2019\/01\/bolasie.jpg\" \/>Meno:<\/strong> <a href=\"https:\/\/evertonfc.cz\/index.php\/soupiska\/yannick-bolasie\/\" target=\"_blank\" rel=\"noopener noreferrer\"><strong>Yannick Bolasie<\/strong><\/a><br \/>\n<strong>Vek: <\/strong>30 <strong>Poz\u00edcia:<\/strong> kr\u00eddeln\u00edk<br \/>\n<strong>Klub:<\/strong> Sporting Lisabon <strong>S\u00fa\u0165a\u017e:<\/strong> Primeira Liga (4.miesto)<br \/>\n<strong>\u0160tatistiky (z-g-a):<\/strong> 23-2-5 <strong>Zmluva do:<\/strong> 30.6.2021 <strong>Opcia:<\/strong> \u00e1no<\/p>\n<p>Ve\u013emi ne\u0161\u0165astn\u00fd prestup do Evertonu, ktor\u00fd mohol dopadn\u00fa\u0165 \u00faplne inak, neby\u0165 v\u00e1\u017eneho zranenia kolena. V\u00fdkony na hos\u0165ovaniach vo Ville a\u00a0Anderlechte mali st\u00fapaj\u00facu tendenciu. Nie je preto prekvapen\u00edm, \u017ee v\u00a0Portugalsku patr\u00ed Yannick k\u00a0stabiln\u00fdm \u010dlenom t\u00edmu. D\u00fafajme, \u017ee zelenobieli vyu\u017eij\u00fa opciu 4,5 mili\u00f3na eur.<\/p>\n<hr \/>\n<h4 style=\"text-align: center;\"><em>\u00datok:<\/em><\/h4>\n<p><strong><img decoding=\"async\" class=\"alignright\" src=\"https:\/\/evertonfc.cz\/wp-content\/uploads\/2019\/01\/tarashaj.jpg\" \/>Meno:<\/strong> <strong><a href=\"https:\/\/evertonfc.cz\/index.php\/soupiska\/shani-tarashaj\/\" target=\"_blank\" rel=\"noopener noreferrer\">Shani Tarashaj<\/a><\/strong><br \/>\n<strong>Vek:<\/strong> 25 <strong>Poz\u00edcia:<\/strong> \u00fato\u010dn\u00edk\/ofenz\u00edvny z\u00e1lo\u017en\u00edk<br \/>\n<strong>Klub:<\/strong> FC Emmen<strong> S\u00fa\u0165a\u017e:<\/strong> Eredivisie (13.miesto)<br \/>\n<strong>\u0160tatistiky (z-g-a):<\/strong> 0-0-0 <strong>Zmluva do:<\/strong> 30.6.2020 <strong>Opcia:<\/strong> nie<\/p>\n<p>\u0160vaj\u010diar v najlep\u0161\u00edch rokoch nepre\u017e\u00edva pr\u00e1ve najlep\u0161ie roky. Ako platen\u00fd profesion\u00e1l s\u00edce zar\u00e1ba, ale nie sp\u00f4sobom, ak\u00fd by sa mu p\u00e1\u010dil. T\u00fato sez\u00f3nu toti\u017e za prv\u00fd t\u00edm holandsk\u00e9ho klubu e\u0161te nenast\u00fapil. Na za\u010diatku sez\u00f3ny sa zranil a moment\u00e1lne laboruje vraj s chr\u00edpkou. Z piatich z\u00e1pasov sa aspo\u0148 4x dostal na lavi\u010dku.<\/p>\n<p><strong><img decoding=\"async\" class=\"alignright\" src=\"https:\/\/evertonfc.cz\/wp-content\/uploads\/2019\/08\/fraser_hornby.png\" \/>Meno:<\/strong> <a href=\"https:\/\/evertonfc.cz\/index.php\/soupiska\/fraser-hornby\/\" target=\"_blank\" rel=\"noopener noreferrer\"><strong>Fraser Hornby<\/strong><\/a><br \/>\n<strong>Vek: <\/strong>20 <strong>Poz\u00edcia:<\/strong> \u00fato\u010dn\u00edk<br \/>\n<strong>Klub:<\/strong> KV Kortrijk <strong>S\u00fa\u0165a\u017e:<\/strong> Jupiler Pro League (11.miesto)<br \/>\n<strong>\u0160tatistiky (z-g-a):<\/strong> 14-4-1 <strong>Zmluva do:<\/strong> 30.6.2021 <strong>Opcia:<\/strong> \u00e1no<\/p>\n<p>Vysok\u00e9mu \u0160k\u00f3tovi zabezpe\u010dil Brands st\u00e1\u017e v belgickej lige. Prv\u00fdch 8 z\u00e1pasov hr\u00e1val v z\u00e1klade a 3x sk\u00f3roval. Po\u010das zimy v\u0161ak svoje miesto stratil a aktu\u00e1lne dost\u00e1va len omrvinky z lavi\u010dky. Ak zabojuje, bude m\u00f4c\u0165 nazva\u0165 toto hos\u0165ovanie \u00faspe\u0161n\u00fdm a mo\u017eno si vysl\u00fa\u017ei aj trval\u00fd prestup, ktor\u00fd m\u00e1 zakotven\u00fd v zmluve.<\/p>\n<p><strong><img decoding=\"async\" class=\"alignright\" src=\"https:\/\/evertonfc.cz\/wp-content\/uploads\/2020\/01\/tosun_cenk.png\" \/>Meno:<\/strong> <a href=\"https:\/\/evertonfc.cz\/index.php\/soupiska\/cenk-tosun\/\" target=\"_blank\" rel=\"noopener noreferrer\"><strong>Cenk Tosun<\/strong><\/a><br \/>\n<strong>Vek: <\/strong>28 <strong>Poz\u00edcia:<\/strong> \u00fato\u010dn\u00edk<br \/>\n<strong>Klub:<\/strong> Crystal Palace <strong>S\u00fa\u0165a\u017e:<\/strong> Premier League (14.miesto)<br \/>\n<strong>\u0160tatistiky (z-g-a):<\/strong> 3-1-0 <strong>Zmluva do:<\/strong> 30.6.2022 <strong>Opcia:<\/strong> \u00e1no<\/p>\n<p>Dlhodob\u00fd cie\u013e skautov lond\u00fdnskych Orlov prist\u00e1l v Selhurst Parku desiateho janu\u00e1ra na polro\u010dn\u00e9 hos\u0165ovanie. Odohral zatia\u013e tri z\u00e1pasy. Proti Arsenalu premi\u00e9ra, Manchesteru City dal g\u00f3l, a zabr\u00e1ni\u0165 prehre so Southamptonom nedok\u00e1zal. Jeden z\u00e1pas vynechal pre zranenie a pri prehre s Evertonom sa z\u00fa\u010dastni\u0165 nemohol.<\/p>\n<p><strong><img decoding=\"async\" class=\"alignright\" src=\"https:\/\/evertonfc.cz\/wp-content\/uploads\/2019\/01\/sandro.png\" \/>Meno:<a href=\"https:\/\/evertonfc.cz\/index.php\/soupiska\/sandro-ramirez\/\" target=\"_blank\" rel=\"noopener noreferrer\"> Sandro Ram\u00edrez<\/a><\/strong><br \/>\n<strong>Vek: <\/strong>24 <strong>Poz\u00edcia:<\/strong> \u00fato\u010dn\u00edk<br \/>\n<strong>Klub:<\/strong> Real Valladolid <strong>S\u00fa\u0165a\u017e:<\/strong> La Liga (15.miesto)<br \/>\n<strong>\u0160tatistiky (z-g-a):<\/strong> 18-2-1 <strong>Zmluva do:<\/strong> 30.6.2021 <strong>Opcia:<\/strong> nie<\/p>\n<p>Doslova prekliaty \u0160paniel sa po p\u00f4\u017ei\u010dk\u00e1ch v Seville a Sociedade kone\u010dne trafil vo Valladolide. Trvalo to 2 roky. Na ihrisko sa dost\u00e1va pravidelne, ale i tak je jeho pr\u00ednos pr\u00edli\u0161 mal\u00fd na to, aby\u00a0v\u00fdznamn\u00fdm sp\u00f4sobom ovplyvnil vlastn\u00fa kari\u00e9ru na britsk\u00fdch ostrovoch. Zbavi\u0165 sa ho toto leto v\u0161ak bude ur\u010dite jednoduch\u0161ie.<\/p>\n<p style=\"text-align: center;\"><em>Ak sa v\u00e1m \u010dl\u00e1nok p\u00e1\u010dil, odme\u0148te ho svojimi n\u00e1zormi, kto pod\u013ea v\u00e1s m\u00e1 e\u0161te v\u00a0Evertone bud\u00facnos\u0165 a\u00a0kto nie. \u010eakujeme.<\/em><\/p>\n","protected":false},"excerpt":{"rendered":"<p>V na\u0161ej nepravidelnej rubrike o hr\u00e1\u010doch na hos\u0165ovan\u00ed v\u00e1m tentoraz neprin\u00e1\u0161ame rozhovor o jednotlivcovi, ale celkov\u00fd preh\u013ead o doteraj\u0161om \u0165a\u017een\u00ed v\u0161etk\u00fdch.<\/p>\n","protected":false},"author":1,"featured_media":10312,"comment_status":"open","ping_status":"closed","sticky":false,"template":"","format":"standard","meta":{"_eb_attr":"","_monsterinsights_skip_tracking":false,"_monsterinsights_sitenote_active":false,"_monsterinsights_sitenote_note":"","_monsterinsights_sitenote_category":0,"footnotes":""},"categories":[42],"tags":[],"yoast_head":"<!-- This site is optimized with the Yoast SEO plugin v23.4 - https:\/\/yoast.com\/wordpress\/plugins\/seo\/ -->\n<title>Game of Loans: Preh\u013ead - Official Czech &amp; Slovak Everton Supporters&#039; Club<\/title>\n<meta name=\"robots\" content=\"index, follow, max-snippet:-1, max-image-preview:large, max-video-preview:-1\" \/>\n<link rel=\"canonical\" href=\"https:\/\/evertonfc.cz\/index.php\/2020\/02\/19\/game-of-loans-prehlad\/\" \/>\n<meta property=\"og:locale\" content=\"cs_CZ\" \/>\n<meta property=\"og:type\" content=\"article\" \/>\n<meta property=\"og:title\" content=\"Game of Loans: Preh\u013ead - Official Czech &amp; Slovak Everton Supporters&#039; Club\" \/>\n<meta property=\"og:description\" content=\"V na\u0161ej nepravidelnej rubrike o hr\u00e1\u010doch na hos\u0165ovan\u00ed v\u00e1m tentoraz neprin\u00e1\u0161ame rozhovor o jednotlivcovi, ale celkov\u00fd preh\u013ead o doteraj\u0161om \u0165a\u017een\u00ed v\u0161etk\u00fdch.\" \/>\n<meta property=\"og:url\" content=\"https:\/\/evertonfc.cz\/index.php\/2020\/02\/19\/game-of-loans-prehlad\/\" \/>\n<meta property=\"og:site_name\" content=\"Official Czech &amp; Slovak Everton Supporters&#039; Club\" \/>\n<meta property=\"article:publisher\" content=\"https:\/\/www.facebook.com\/everton.fans.cz.sk\" \/>\n<meta property=\"article:published_time\" content=\"2020-02-19T09:06:34+00:00\" \/>\n<meta property=\"article:modified_time\" content=\"2020-05-22T10:50:47+00:00\" \/>\n<meta property=\"og:image\" content=\"https:\/\/evertonfc.cz\/wp-content\/uploads\/2020\/02\/Loanees.jpg\" \/>\n\t<meta property=\"og:image:width\" content=\"720\" \/>\n\t<meta property=\"og:image:height\" content=\"405\" \/>\n\t<meta property=\"og:image:type\" content=\"image\/jpeg\" \/>\n<meta name=\"author\" content=\"BlueBlooded\" \/>\n<meta name=\"twitter:card\" content=\"summary_large_image\" \/>\n<meta name=\"twitter:label1\" content=\"Napsal(a)\" \/>\n\t<meta name=\"twitter:data1\" content=\"BlueBlooded\" \/>\n\t<meta name=\"twitter:label2\" content=\"Odhadovan\u00e1 doba \u010dten\u00ed\" \/>\n\t<meta name=\"twitter:data2\" content=\"8 minut\" \/>\n<script type=\"application\/ld+json\" class=\"yoast-schema-graph\">{\"@context\":\"https:\/\/schema.org\",\"@graph\":[{\"@type\":\"Article\",\"@id\":\"https:\/\/evertonfc.cz\/index.php\/2020\/02\/19\/game-of-loans-prehlad\/#article\",\"isPartOf\":{\"@id\":\"https:\/\/evertonfc.cz\/index.php\/2020\/02\/19\/game-of-loans-prehlad\/\"},\"author\":{\"name\":\"BlueBlooded\",\"@id\":\"https:\/\/evertonfc.cz\/#\/schema\/person\/d4493b8cbea51532597fbc4685698916\"},\"headline\":\"Game of Loans: Preh\u013ead\",\"datePublished\":\"2020-02-19T09:06:34+00:00\",\"dateModified\":\"2020-05-22T10:50:47+00:00\",\"mainEntityOfPage\":{\"@id\":\"https:\/\/evertonfc.cz\/index.php\/2020\/02\/19\/game-of-loans-prehlad\/\"},\"wordCount\":1687,\"commentCount\":7,\"publisher\":{\"@id\":\"https:\/\/evertonfc.cz\/#organization\"},\"image\":{\"@id\":\"https:\/\/evertonfc.cz\/index.php\/2020\/02\/19\/game-of-loans-prehlad\/#primaryimage\"},\"thumbnailUrl\":\"https:\/\/evertonfc.cz\/wp-content\/uploads\/2020\/02\/Loanees.jpg\",\"articleSection\":[\"Aktuality\"],\"inLanguage\":\"cs\",\"potentialAction\":[{\"@type\":\"CommentAction\",\"name\":\"Comment\",\"target\":[\"https:\/\/evertonfc.cz\/index.php\/2020\/02\/19\/game-of-loans-prehlad\/#respond\"]}]},{\"@type\":\"WebPage\",\"@id\":\"https:\/\/evertonfc.cz\/index.php\/2020\/02\/19\/game-of-loans-prehlad\/\",\"url\":\"https:\/\/evertonfc.cz\/index.php\/2020\/02\/19\/game-of-loans-prehlad\/\",\"name\":\"Game of Loans: Preh\u013ead - Official Czech &amp; Slovak Everton Supporters&#039; Club\",\"isPartOf\":{\"@id\":\"https:\/\/evertonfc.cz\/#website\"},\"primaryImageOfPage\":{\"@id\":\"https:\/\/evertonfc.cz\/index.php\/2020\/02\/19\/game-of-loans-prehlad\/#primaryimage\"},\"image\":{\"@id\":\"https:\/\/evertonfc.cz\/index.php\/2020\/02\/19\/game-of-loans-prehlad\/#primaryimage\"},\"thumbnailUrl\":\"https:\/\/evertonfc.cz\/wp-content\/uploads\/2020\/02\/Loanees.jpg\",\"datePublished\":\"2020-02-19T09:06:34+00:00\",\"dateModified\":\"2020-05-22T10:50:47+00:00\",\"breadcrumb\":{\"@id\":\"https:\/\/evertonfc.cz\/index.php\/2020\/02\/19\/game-of-loans-prehlad\/#breadcrumb\"},\"inLanguage\":\"cs\",\"potentialAction\":[{\"@type\":\"ReadAction\",\"target\":[\"https:\/\/evertonfc.cz\/index.php\/2020\/02\/19\/game-of-loans-prehlad\/\"]}]},{\"@type\":\"ImageObject\",\"inLanguage\":\"cs\",\"@id\":\"https:\/\/evertonfc.cz\/index.php\/2020\/02\/19\/game-of-loans-prehlad\/#primaryimage\",\"url\":\"https:\/\/evertonfc.cz\/wp-content\/uploads\/2020\/02\/Loanees.jpg\",\"contentUrl\":\"https:\/\/evertonfc.cz\/wp-content\/uploads\/2020\/02\/Loanees.jpg\",\"width\":720,\"height\":405},{\"@type\":\"BreadcrumbList\",\"@id\":\"https:\/\/evertonfc.cz\/index.php\/2020\/02\/19\/game-of-loans-prehlad\/#breadcrumb\",\"itemListElement\":[{\"@type\":\"ListItem\",\"position\":1,\"name\":\"Home\",\"item\":\"https:\/\/evertonfc.cz\/\"},{\"@type\":\"ListItem\",\"position\":2,\"name\":\"Game of Loans: Preh\u013ead\"}]},{\"@type\":\"WebSite\",\"@id\":\"https:\/\/evertonfc.cz\/#website\",\"url\":\"https:\/\/evertonfc.cz\/\",\"name\":\"Official Czech &amp; Slovak Everton Supporters&#039; Club\",\"description\":\"\",\"publisher\":{\"@id\":\"https:\/\/evertonfc.cz\/#organization\"},\"potentialAction\":[{\"@type\":\"SearchAction\",\"target\":{\"@type\":\"EntryPoint\",\"urlTemplate\":\"https:\/\/evertonfc.cz\/?s={search_term_string}\"},\"query-input\":{\"@type\":\"PropertyValueSpecification\",\"valueRequired\":true,\"valueName\":\"search_term_string\"}}],\"inLanguage\":\"cs\"},{\"@type\":\"Organization\",\"@id\":\"https:\/\/evertonfc.cz\/#organization\",\"name\":\"Official Czech & Slovak Everton Supporters' Club\",\"url\":\"https:\/\/evertonfc.cz\/\",\"logo\":{\"@type\":\"ImageObject\",\"inLanguage\":\"cs\",\"@id\":\"https:\/\/evertonfc.cz\/#\/schema\/logo\/image\/\",\"url\":\"https:\/\/evertonfc.cz\/wp-content\/uploads\/2019\/05\/logo.png\",\"contentUrl\":\"https:\/\/evertonfc.cz\/wp-content\/uploads\/2019\/05\/logo.png\",\"width\":112,\"height\":112,\"caption\":\"Official Czech & Slovak Everton Supporters' Club\"},\"image\":{\"@id\":\"https:\/\/evertonfc.cz\/#\/schema\/logo\/image\/\"},\"sameAs\":[\"https:\/\/www.facebook.com\/everton.fans.cz.sk\"]},{\"@type\":\"Person\",\"@id\":\"https:\/\/evertonfc.cz\/#\/schema\/person\/d4493b8cbea51532597fbc4685698916\",\"name\":\"BlueBlooded\",\"url\":\"https:\/\/evertonfc.cz\/index.php\/author\/admin\/\"}]}<\/script>\n<!-- \/ Yoast SEO plugin. -->","yoast_head_json":{"title":"Game of Loans: Preh\u013ead - Official Czech &amp; Slovak Everton Supporters&#039; Club","robots":{"index":"index","follow":"follow","max-snippet":"max-snippet:-1","max-image-preview":"max-image-preview:large","max-video-preview":"max-video-preview:-1"},"canonical":"https:\/\/evertonfc.cz\/index.php\/2020\/02\/19\/game-of-loans-prehlad\/","og_locale":"cs_CZ","og_type":"article","og_title":"Game of Loans: Preh\u013ead - Official Czech &amp; Slovak Everton Supporters&#039; Club","og_description":"V na\u0161ej nepravidelnej rubrike o hr\u00e1\u010doch na hos\u0165ovan\u00ed v\u00e1m tentoraz neprin\u00e1\u0161ame rozhovor o jednotlivcovi, ale celkov\u00fd preh\u013ead o doteraj\u0161om \u0165a\u017een\u00ed v\u0161etk\u00fdch.","og_url":"https:\/\/evertonfc.cz\/index.php\/2020\/02\/19\/game-of-loans-prehlad\/","og_site_name":"Official Czech &amp; Slovak Everton Supporters&#039; Club","article_publisher":"https:\/\/www.facebook.com\/everton.fans.cz.sk","article_published_time":"2020-02-19T09:06:34+00:00","article_modified_time":"2020-05-22T10:50:47+00:00","og_image":[{"width":720,"height":405,"url":"https:\/\/evertonfc.cz\/wp-content\/uploads\/2020\/02\/Loanees.jpg","type":"image\/jpeg"}],"author":"BlueBlooded","twitter_card":"summary_large_image","twitter_misc":{"Napsal(a)":"BlueBlooded","Odhadovan\u00e1 doba \u010dten\u00ed":"8 minut"},"schema":{"@context":"https:\/\/schema.org","@graph":[{"@type":"Article","@id":"https:\/\/evertonfc.cz\/index.php\/2020\/02\/19\/game-of-loans-prehlad\/#article","isPartOf":{"@id":"https:\/\/evertonfc.cz\/index.php\/2020\/02\/19\/game-of-loans-prehlad\/"},"author":{"name":"BlueBlooded","@id":"https:\/\/evertonfc.cz\/#\/schema\/person\/d4493b8cbea51532597fbc4685698916"},"headline":"Game of Loans: Preh\u013ead","datePublished":"2020-02-19T09:06:34+00:00","dateModified":"2020-05-22T10:50:47+00:00","mainEntityOfPage":{"@id":"https:\/\/evertonfc.cz\/index.php\/2020\/02\/19\/game-of-loans-prehlad\/"},"wordCount":1687,"commentCount":7,"publisher":{"@id":"https:\/\/evertonfc.cz\/#organization"},"image":{"@id":"https:\/\/evertonfc.cz\/index.php\/2020\/02\/19\/game-of-loans-prehlad\/#primaryimage"},"thumbnailUrl":"https:\/\/evertonfc.cz\/wp-content\/uploads\/2020\/02\/Loanees.jpg","articleSection":["Aktuality"],"inLanguage":"cs","potentialAction":[{"@type":"CommentAction","name":"Comment","target":["https:\/\/evertonfc.cz\/index.php\/2020\/02\/19\/game-of-loans-prehlad\/#respond"]}]},{"@type":"WebPage","@id":"https:\/\/evertonfc.cz\/index.php\/2020\/02\/19\/game-of-loans-prehlad\/","url":"https:\/\/evertonfc.cz\/index.php\/2020\/02\/19\/game-of-loans-prehlad\/","name":"Game of Loans: Preh\u013ead - Official Czech &amp; Slovak Everton Supporters&#039; Club","isPartOf":{"@id":"https:\/\/evertonfc.cz\/#website"},"primaryImageOfPage":{"@id":"https:\/\/evertonfc.cz\/index.php\/2020\/02\/19\/game-of-loans-prehlad\/#primaryimage"},"image":{"@id":"https:\/\/evertonfc.cz\/index.php\/2020\/02\/19\/game-of-loans-prehlad\/#primaryimage"},"thumbnailUrl":"https:\/\/evertonfc.cz\/wp-content\/uploads\/2020\/02\/Loanees.jpg","datePublished":"2020-02-19T09:06:34+00:00","dateModified":"2020-05-22T10:50:47+00:00","breadcrumb":{"@id":"https:\/\/evertonfc.cz\/index.php\/2020\/02\/19\/game-of-loans-prehlad\/#breadcrumb"},"inLanguage":"cs","potentialAction":[{"@type":"ReadAction","target":["https:\/\/evertonfc.cz\/index.php\/2020\/02\/19\/game-of-loans-prehlad\/"]}]},{"@type":"ImageObject","inLanguage":"cs","@id":"https:\/\/evertonfc.cz\/index.php\/2020\/02\/19\/game-of-loans-prehlad\/#primaryimage","url":"https:\/\/evertonfc.cz\/wp-content\/uploads\/2020\/02\/Loanees.jpg","contentUrl":"https:\/\/evertonfc.cz\/wp-content\/uploads\/2020\/02\/Loanees.jpg","width":720,"height":405},{"@type":"BreadcrumbList","@id":"https:\/\/evertonfc.cz\/index.php\/2020\/02\/19\/game-of-loans-prehlad\/#breadcrumb","itemListElement":[{"@type":"ListItem","position":1,"name":"Home","item":"https:\/\/evertonfc.cz\/"},{"@type":"ListItem","position":2,"name":"Game of Loans: Preh\u013ead"}]},{"@type":"WebSite","@id":"https:\/\/evertonfc.cz\/#website","url":"https:\/\/evertonfc.cz\/","name":"Official Czech &amp; Slovak Everton Supporters&#039; Club","description":"","publisher":{"@id":"https:\/\/evertonfc.cz\/#organization"},"potentialAction":[{"@type":"SearchAction","target":{"@type":"EntryPoint","urlTemplate":"https:\/\/evertonfc.cz\/?s={search_term_string}"},"query-input":{"@type":"PropertyValueSpecification","valueRequired":true,"valueName":"search_term_string"}}],"inLanguage":"cs"},{"@type":"Organization","@id":"https:\/\/evertonfc.cz\/#organization","name":"Official Czech & Slovak Everton Supporters' Club","url":"https:\/\/evertonfc.cz\/","logo":{"@type":"ImageObject","inLanguage":"cs","@id":"https:\/\/evertonfc.cz\/#\/schema\/logo\/image\/","url":"https:\/\/evertonfc.cz\/wp-content\/uploads\/2019\/05\/logo.png","contentUrl":"https:\/\/evertonfc.cz\/wp-content\/uploads\/2019\/05\/logo.png","width":112,"height":112,"caption":"Official Czech & Slovak Everton Supporters' Club"},"image":{"@id":"https:\/\/evertonfc.cz\/#\/schema\/logo\/image\/"},"sameAs":["https:\/\/www.facebook.com\/everton.fans.cz.sk"]},{"@type":"Person","@id":"https:\/\/evertonfc.cz\/#\/schema\/person\/d4493b8cbea51532597fbc4685698916","name":"BlueBlooded","url":"https:\/\/evertonfc.cz\/index.php\/author\/admin\/"}]}},"_links":{"self":[{"href":"https:\/\/evertonfc.cz\/index.php\/wp-json\/wp\/v2\/posts\/10313"}],"collection":[{"href":"https:\/\/evertonfc.cz\/index.php\/wp-json\/wp\/v2\/posts"}],"about":[{"href":"https:\/\/evertonfc.cz\/index.php\/wp-json\/wp\/v2\/types\/post"}],"author":[{"embeddable":true,"href":"https:\/\/evertonfc.cz\/index.php\/wp-json\/wp\/v2\/users\/1"}],"replies":[{"embeddable":true,"href":"https:\/\/evertonfc.cz\/index.php\/wp-json\/wp\/v2\/comments?post=10313"}],"version-history":[{"count":12,"href":"https:\/\/evertonfc.cz\/index.php\/wp-json\/wp\/v2\/posts\/10313\/revisions"}],"predecessor-version":[{"id":11041,"href":"https:\/\/evertonfc.cz\/index.php\/wp-json\/wp\/v2\/posts\/10313\/revisions\/11041"}],"wp:featuredmedia":[{"embeddable":true,"href":"https:\/\/evertonfc.cz\/index.php\/wp-json\/wp\/v2\/media\/10312"}],"wp:attachment":[{"href":"https:\/\/evertonfc.cz\/index.php\/wp-json\/wp\/v2\/media?parent=10313"}],"wp:term":[{"taxonomy":"category","embeddable":true,"href":"https:\/\/evertonfc.cz\/index.php\/wp-json\/wp\/v2\/categories?post=10313"},{"taxonomy":"post_tag","embeddable":true,"href":"https:\/\/evertonfc.cz\/index.php\/wp-json\/wp\/v2\/tags?post=10313"}],"curies":[{"name":"wp","href":"https:\/\/api.w.org\/{rel}","templated":true}]}}