{"id":10384,"date":"2020-02-29T23:57:37","date_gmt":"2020-02-29T22:57:37","guid":{"rendered":"https:\/\/evertonfc.cz\/?p=10384"},"modified":"2020-11-06T12:39:48","modified_gmt":"2020-11-06T11:39:48","slug":"preview-everton-manchester-united-11","status":"publish","type":"post","link":"https:\/\/evertonfc.cz\/index.php\/2020\/02\/29\/preview-everton-manchester-united-11\/","title":{"rendered":"Preview: Everton \u2013 Manchester United"},"content":{"rendered":"<h4>Zbabran\u00fd v\u00fdlet na ihrisko Arsenalu sa pok\u00fasi Ancelottiho dru\u017eina napravi\u0165 doma. Vyz\u00fdvate\u013e sa nach\u00e1dza na piatom mieste a r\u00e1d by tam aj na\u010falej zotrval.<\/h4>\n<p>Ak m\u00e1 by\u0165 eur\u00f3psky cie\u013e aj na\u010falej re\u00e1lny, Everton mus\u00ed za\u010da\u0165 zbiera\u0165 body. A\u00a0to aj s\u00a0t\u00edmami, ktor\u00e9 s\u00fa mo\u017eno nad jeho be\u017en\u00e9 sily. Arsenal rozhodne nebol, z\u00a0Lond\u00fdna sme sa v\u0161ak vr\u00e1tili s\u00a0pr\u00e1zdnymi rukami. Matematick\u00e1 \u0161anca na\u0161\u0165astie st\u00e1le existuje a\u00a0ob\u010das aj povol\u00ed tak\u00e9to zav\u00e1hania. Donekone\u010dna benevolentn\u00e1 ale nebude.<\/p>\n<p>V\u00a0hre je e\u0161te tridsa\u0165tri bodov a\u00a0kone\u010dne aj <a href=\"https:\/\/evertonfc.cz\/index.php\/soupiska\/andre-gomes\/\" target=\"_blank\" rel=\"noopener noreferrer\">Andr\u00e9 Gomes<\/a>. Bez okolkov najlep\u0161\u00ed z\u00e1lo\u017en\u00edk The Toffees. A\u00a0pri \u0161t\u00fdle hry, ak\u00fd vyzn\u00e1va taliansky strat\u00e9g, je stred po\u013ea k\u013e\u00fa\u010dov\u00e9 miesto. Z\u00e1vis\u00ed od neho, \u010di sa dan\u00fd t\u00edm bude len bezcie\u013ene h\u013eada\u0165 v\u00a0nekone\u010dnom cyklen\u00ed ni\u010d nerie\u0161iacich prihr\u00e1vok, alebo bude progres\u00edvne \u00fato\u010di\u0165.<\/p>\n<p>So spom\u00ednan\u00fdmi frustruj\u00facimi prihr\u00e1vkami n\u00e1m na dlh\u0161iu dobu nebude pom\u00e1ha\u0165 <a href=\"https:\/\/evertonfc.cz\/index.php\/soupiska\/morgan-schneiderlin\/\" target=\"_blank\" rel=\"noopener noreferrer\">Morgan Schneiderlin<\/a>. Hoci to tak nevyzeralo, Franc\u00faz sa zranil po\u010das z\u00e1pasu na Emirates. Nadtrhol si meniskus, ktor\u00fd mu tento t\u00fd\u017ede\u0148 zo\u0161ili a\u00a0opravili spolu s\u00a0po\u0161kodenou chrupavkou. Je ve\u013emi pravdepodobn\u00e9, \u017ee t\u00fato sez\u00f3nu si u\u017e nekopne.<\/p>\n<p>Bude preto zauj\u00edmav\u00e9 sledova\u0165, komu d\u00e1 Ancelotti d\u00f4veru a\u00a0\u010di sa bude Gomes u\u017e c\u00edti\u0165 na ostr\u00fd \u0161tart. Ak \u00e1no, je ve\u013emi pravdepodobn\u00e9, \u017ee bude sp\u00e1rovan\u00fd so <a href=\"https:\/\/evertonfc.cz\/index.php\/soupiska\/gylfi-sigurdsson\/\" target=\"_blank\" rel=\"noopener noreferrer\">Sigurdssonom<\/a>. Teda pravdepodobne v najsilnej\u0161om mo\u017enom zlo\u017een\u00ed dvoj\u010dlennej z\u00e1lohy na papieri. Miesta v\u00a0\u00fatoku s\u00fa ve\u013emi jasne definovan\u00e9, rovnako ako v\u00a0strede obrany.<\/p>\n<p>Kraje v\u0161ak zmietaj\u00fa ot\u00e1zniky. <a href=\"https:\/\/evertonfc.cz\/index.php\/soupiska\/bernard\/\" target=\"_blank\" rel=\"noopener noreferrer\">Bernard<\/a> je pod nov\u00fdm mana\u017e\u00e9rom preva\u017ene \u0161etren\u00fd na dom\u00e1ce z\u00e1pasy, pravdepodobne pre v\u00e4\u010d\u0161ie dr\u017eanie lopty, a\u00a0uzdraven\u00fd <a href=\"https:\/\/evertonfc.cz\/index.php\/soupiska\/theo-walcott\/\" target=\"_blank\" rel=\"noopener noreferrer\">Walcott<\/a> ur\u010dite zav\u00e1\u017ei i pri v\u00fdbere druh\u00e9ho kr\u00eddla. <a href=\"https:\/\/evertonfc.cz\/index.php\/soupiska\/alexander-iwobi\/\" target=\"_blank\" rel=\"noopener noreferrer\">Iwobi<\/a> v\u00fdkonom proti ex-zamestn\u00e1vate\u013eovi neo\u010daril ani neurazil. Mo\u017eno sa do\u010dk\u00e1\u00a0Gordon \u010fal\u0161ej \u0161tipky d\u00f4very a odvahy.<\/p>\n<p>V\u00a0obrane po stran\u00e1ch m\u00f4\u017eeme \u010daka\u0165 absenciu <a href=\"https:\/\/evertonfc.cz\/index.php\/soupiska\/djibril-sidibe\/\" target=\"_blank\" rel=\"noopener noreferrer\">Sidib\u00e9ho<\/a> a\u00a0<a href=\"https:\/\/evertonfc.cz\/index.php\/soupiska\/lucas-digne\/\" target=\"_blank\" rel=\"noopener noreferrer\">Digneho<\/a>. Prv\u00fd naposledy ur\u010dite urazil a\u00a0druh\u00fd m\u00e1 probl\u00e9m s\u00a0l\u00fdtkom. O\u00a0jeho sp\u00f4sobilosti sa rozhodne pred z\u00e1pasom, tak\u017ee sa m\u00f4\u017eno op\u00e4\u0165 budeme te\u0161i\u0165 z\u00a0poh\u013eadu na nestarn\u00faceho <a href=\"https:\/\/evertonfc.cz\/index.php\/soupiska\/leighton-baines\/\" target=\"_blank\" rel=\"noopener noreferrer\">Bainesa<\/a>. Ktoko\u013evek v\u0161ak za Everton nast\u00fapi, d\u00f4le\u017eit\u00e9 bude, aby odovzdal pre klub v\u0161etko.<\/p>\n<h4><strong><em>It&#8217;s a long way back to the top<\/em><\/strong><\/h4>\n<p>Nie\u010do podobn\u00e9 si praj\u00fa na Old Trafford. Pri\u0161lo na spl\u00e1canie nekoncep\u010dnej pr\u00e1ce pri n\u00e1bore nov\u00fdch hr\u00e1\u010dov a\u00a0nepekn\u00e1 \u00faloha vy\u0165a\u017eenia maxima z\u00a0minima pripadla klubovej ikone. Ako sa sprvu zdalo, nebude to tak\u00e9 \u013eahk\u00e9. Solskj\u00e6r je n\u00faten\u00fd doslova sa spolieha\u0165 na nesk\u00fasenos\u0165, ako mlad\u00fdch hr\u00e1\u010dov, tak svoju mana\u017e\u00e9rsku.<\/p>\n<p>V\u00a0s\u00fa\u010dasnosti sa v\u0161ak zd\u00e1, \u017ee kr\u00edza je op\u00e4\u0165 za\u017eehnan\u00e1. United s\u00fa neporazen\u00ed v\u00a0siedmych z\u00e1pasoch vo v\u0161etk\u00fdch s\u00fa\u0165a\u017eiach, a\u00a0to hne\u010f \u0161es\u0165kr\u00e1t s\u00a0\u010dist\u00fdm kontom. Navy\u0161e si v\u00a0zime obstarali nov\u00fa hviezdu so Sportingu Lisabon, Bruna Fernandesa. Stredn\u00e9ho z\u00e1lo\u017en\u00edka s\u00a0v\u00fdnimo\u010dn\u00fdm ak\u010dn\u00fdm r\u00e1diusom a\u00a0p\u00f4sobiv\u00fdmi \u00fato\u010dn\u00fdmi ch\u00fa\u0165kami.<\/p>\n<p>Pr\u00e1ve on m\u00f4\u017ee sta\u0165 t\u00fdm ch\u00fdbaj\u00facim \u010dl\u00e1nkom t\u00edmu, ktor\u00fd si ve\u013emi \u010dasto nevie poradi\u0165 s\u00a0po\u017eiadavkou vlastnej iniciat\u00edvy. No bez zranen\u00e9ho person\u00e1lu ako Pogba \u010di Rashford, ochotn\u00e9ho riskova\u0165 a vyu\u017ei\u0165 chyby s\u00fapera, to ide \u0165a\u017e\u0161ie. Vol\u00ed sa bezpe\u010dnos\u0165 na prvom mieste a\u00a0alibizmus. Omnoho viac mu\u017estvu sed\u00ed reakt\u00edvnos\u0165.<\/p>\n<p>Odveta nadvia\u017ee na predch\u00e1dzaj\u00faci rem\u00edzov\u00fd duel, s\u00a0Evertonom veden\u00fdm Duncanom Fergusonom. Mana\u017e\u00e9r protivn\u00edka ale preferuje porovn\u00e1vanie so z\u00e1pasom z\u00a0minulej sez\u00f3ny. Pod\u013ea neho a\u017e stretnutie na tr\u00e1vniku nehostinn\u00e9ho Goodison Parku skuto\u010dne uk\u00e1\u017ee pokrok, ktor\u00fd jeho man\u0161aft od <a href=\"https:\/\/evertonfc.cz\/index.php\/2019\/04\/21\/everton-manchester-united-40\/\" target=\"_blank\" rel=\"noopener noreferrer\">potupy 0:4<\/a> urobil.<\/p>\n<h3 style=\"text-align: center;\"><span style=\"color: #3366ff;\"><strong><em>Up The Toffees !!!<\/em><\/strong><\/span><\/h3>\n<p><u>Forma s\u00fapera:<\/u><\/p>\n<table class=\"head_to_head h2h_away\">\n<tbody>\n<tr class=\"odd highlight\">\n<td><em><span class=\"date\">27.02.20<\/span><\/em><\/td>\n<td class=\"flag_td \" title=\"Eur\u00f3pska liga (Eur\u00f3pa)\"><em>EL<\/em><\/td>\n<td class=\"name highTeam\"><em><strong>Manchester Utd<\/strong><\/em><\/td>\n<td class=\"name\"><em>Club Bruggy<\/em><\/td>\n<td class=\"\"><em><span class=\"score\"><strong>5 : 0<\/strong><\/span><\/em><\/td>\n<td class=\"winLose\"><em><a class=\"wld wld--w\" title=\"V\u00ed\u0165azstvo\">V<\/a><\/em><\/td>\n<\/tr>\n<tr class=\"even highlight\">\n<td><em><span class=\"date\">23.02.20<\/span><\/em><\/td>\n<td class=\"flag_td \" title=\"Premier League (Anglicko)\"><em>PL<\/em><\/td>\n<td class=\"name highTeam\"><em><strong>Manchester Utd<\/strong><\/em><\/td>\n<td class=\"name\"><em>Watford<\/em><\/td>\n<td class=\"\"><em><span class=\"score\"><strong>3 : 0<\/strong><\/span><\/em><\/td>\n<td class=\"winLose\"><em><a class=\"wld wld--w\" title=\"V\u00ed\u0165azstvo\">V<\/a><\/em><\/td>\n<\/tr>\n<tr class=\"odd highlight\">\n<td><em><span class=\"date\">20.02.20<\/span><\/em><\/td>\n<td class=\"flag_td \" title=\"Eur\u00f3pska liga (Eur\u00f3pa)\"><em>EL<\/em><\/td>\n<td class=\"name\"><em>Club Bruggy<\/em><\/td>\n<td class=\"name highTeam\"><em>Manchester Utd<\/em><\/td>\n<td class=\"\"><em><span class=\"score\"><strong>1 : 1<\/strong><\/span><\/em><\/td>\n<td class=\"winLose\"><em><a class=\"wld wld--d\" title=\"Rem\u00edza\">R<\/a><\/em><\/td>\n<\/tr>\n<tr class=\"even highlight\">\n<td><em><span class=\"date\">17.02.20<\/span><\/em><\/td>\n<td class=\"flag_td \" title=\"Premier League (Anglicko)\"><em>PL<\/em><\/td>\n<td class=\"name\"><em>Chelsea<\/em><\/td>\n<td class=\"name highTeam\"><em><strong>Manchester Utd<\/strong><\/em><\/td>\n<td class=\"\"><em><span class=\"score\"><strong>0 : 2<\/strong><\/span><\/em><\/td>\n<td class=\"winLose\"><em><a class=\"wld wld--w\" title=\"V\u00ed\u0165azstvo\">V<\/a><\/em><\/td>\n<\/tr>\n<tr class=\"odd highlight highlighted\" title=\"Klikni pre detail z\u00e1pasu!\">\n<td><em><span class=\"date\">01.02.20<\/span><\/em><\/td>\n<td class=\"flag_td \" title=\"Premier League (Anglicko)\"><em>PL<\/em><\/td>\n<td class=\"name highTeam\"><em>Manchester Utd<\/em><\/td>\n<td class=\"name\"><em>Wolves<\/em><\/td>\n<td class=\"\"><em><span class=\"score\"><strong>0 : 0<\/strong><\/span><\/em><\/td>\n<td class=\"winLose\"><em><a class=\"wld wld--d\" title=\"Rem\u00edza\">R<\/a><\/em><\/td>\n<\/tr>\n<\/tbody>\n<\/table>\n<p><u>Absencie:<\/u><\/p>\n<ul>\n<li><strong>Dom\u00e1ci: <\/strong>Gbamin (kvadriceps), Schneiderlin (koleno), Digne (ot\u00e1zny \u0161tart &#8211; l\u00fdtko)<\/li>\n<li><strong>Hostia: <\/strong>Rashford (chrb\u00e1t), Pogba (\u010dlenok), Martial (ot\u00e1zny \u0161tart &#8211; stehno)<\/li>\n<\/ul>\n<hr \/>\n<p><strong>\u010co:<\/strong> Everton FC \u2013 Manchester United FC, 28. kolo Premier League<br \/>\n<strong>Kedy:<\/strong> 1.3. 2020 od 15:00 SE\u010c <strong>Ako:<\/strong> Premier Sport \u2013 priamy prenos<br \/>\n<strong>Kde:<\/strong> Goodison Park \u2013 Goodison Rd, Liverpool L4 4EL (kapacita: 39 572)<br \/>\n<strong>Rozhodca:<\/strong> C. Kavanagh <strong>Asistenti:<\/strong> L. Betts, C. Hatzidakis <strong>\u0160tvrt\u00fd rozhodca:<\/strong> C. Pawson<br \/>\n<strong>VAR: <\/strong>Jonathan Moss <strong>Asistent VAR: <\/strong>Eddie Smart<\/p>\n","protected":false},"excerpt":{"rendered":"<p>Zbabran\u00fd v\u00fdlet na ihrisko Arsenalu sa pok\u00fasi Ancelottiho dru\u017eina napravi\u0165 doma. Vyz\u00fdvate\u013e sa nach\u00e1dza na piatom mieste a r\u00e1d by tam aj na\u010falej zotrval.<\/p>\n","protected":false},"author":1,"featured_media":12849,"comment_status":"open","ping_status":"closed","sticky":false,"template":"","format":"standard","meta":{"_eb_attr":"","_monsterinsights_skip_tracking":false,"_monsterinsights_sitenote_active":false,"_monsterinsights_sitenote_note":"","_monsterinsights_sitenote_category":0,"footnotes":""},"categories":[4],"tags":[],"yoast_head":"<!-- This site is optimized with the Yoast SEO plugin v23.4 - https:\/\/yoast.com\/wordpress\/plugins\/seo\/ -->\n<title>Preview: Everton \u2013 Manchester United - Official Czech &amp; Slovak Everton Supporters&#039; Club<\/title>\n<meta name=\"robots\" content=\"index, follow, max-snippet:-1, max-image-preview:large, max-video-preview:-1\" \/>\n<link rel=\"canonical\" href=\"https:\/\/evertonfc.cz\/index.php\/2020\/02\/29\/preview-everton-manchester-united-11\/\" \/>\n<meta property=\"og:locale\" content=\"cs_CZ\" \/>\n<meta property=\"og:type\" content=\"article\" \/>\n<meta property=\"og:title\" content=\"Preview: Everton \u2013 Manchester United - Official Czech &amp; Slovak Everton Supporters&#039; Club\" \/>\n<meta property=\"og:description\" content=\"Zbabran\u00fd v\u00fdlet na ihrisko Arsenalu sa pok\u00fasi Ancelottiho dru\u017eina napravi\u0165 doma. Vyz\u00fdvate\u013e sa nach\u00e1dza na piatom mieste a r\u00e1d by tam aj na\u010falej zotrval.\" \/>\n<meta property=\"og:url\" content=\"https:\/\/evertonfc.cz\/index.php\/2020\/02\/29\/preview-everton-manchester-united-11\/\" \/>\n<meta property=\"og:site_name\" content=\"Official Czech &amp; Slovak Everton Supporters&#039; Club\" \/>\n<meta property=\"article:publisher\" content=\"https:\/\/www.facebook.com\/everton.fans.cz.sk\" \/>\n<meta property=\"article:published_time\" content=\"2020-02-29T22:57:37+00:00\" \/>\n<meta property=\"article:modified_time\" content=\"2020-11-06T11:39:48+00:00\" \/>\n<meta property=\"og:image\" content=\"https:\/\/evertonfc.cz\/wp-content\/uploads\/2020\/11\/Everton-VS-Manchester-United-7-11-2020.jpg.jpg\" \/>\n\t<meta property=\"og:image:width\" content=\"720\" \/>\n\t<meta property=\"og:image:height\" content=\"405\" \/>\n\t<meta property=\"og:image:type\" content=\"image\/jpeg\" \/>\n<meta name=\"author\" content=\"BlueBlooded\" \/>\n<meta name=\"twitter:card\" content=\"summary_large_image\" \/>\n<meta name=\"twitter:label1\" content=\"Napsal(a)\" \/>\n\t<meta name=\"twitter:data1\" content=\"BlueBlooded\" \/>\n\t<meta name=\"twitter:label2\" content=\"Odhadovan\u00e1 doba \u010dten\u00ed\" \/>\n\t<meta name=\"twitter:data2\" content=\"4 minuty\" \/>\n<script type=\"application\/ld+json\" class=\"yoast-schema-graph\">{\"@context\":\"https:\/\/schema.org\",\"@graph\":[{\"@type\":\"Article\",\"@id\":\"https:\/\/evertonfc.cz\/index.php\/2020\/02\/29\/preview-everton-manchester-united-11\/#article\",\"isPartOf\":{\"@id\":\"https:\/\/evertonfc.cz\/index.php\/2020\/02\/29\/preview-everton-manchester-united-11\/\"},\"author\":{\"name\":\"BlueBlooded\",\"@id\":\"https:\/\/evertonfc.cz\/#\/schema\/person\/d4493b8cbea51532597fbc4685698916\"},\"headline\":\"Preview: Everton \u2013 Manchester United\",\"datePublished\":\"2020-02-29T22:57:37+00:00\",\"dateModified\":\"2020-11-06T11:39:48+00:00\",\"mainEntityOfPage\":{\"@id\":\"https:\/\/evertonfc.cz\/index.php\/2020\/02\/29\/preview-everton-manchester-united-11\/\"},\"wordCount\":808,\"commentCount\":8,\"publisher\":{\"@id\":\"https:\/\/evertonfc.cz\/#organization\"},\"image\":{\"@id\":\"https:\/\/evertonfc.cz\/index.php\/2020\/02\/29\/preview-everton-manchester-united-11\/#primaryimage\"},\"thumbnailUrl\":\"https:\/\/evertonfc.cz\/wp-content\/uploads\/2020\/11\/Everton-VS-Manchester-United-7-11-2020.jpg.jpg\",\"articleSection\":[\"Z\u00e1pasy\"],\"inLanguage\":\"cs\",\"potentialAction\":[{\"@type\":\"CommentAction\",\"name\":\"Comment\",\"target\":[\"https:\/\/evertonfc.cz\/index.php\/2020\/02\/29\/preview-everton-manchester-united-11\/#respond\"]}]},{\"@type\":\"WebPage\",\"@id\":\"https:\/\/evertonfc.cz\/index.php\/2020\/02\/29\/preview-everton-manchester-united-11\/\",\"url\":\"https:\/\/evertonfc.cz\/index.php\/2020\/02\/29\/preview-everton-manchester-united-11\/\",\"name\":\"Preview: Everton \u2013 Manchester United - Official Czech &amp; Slovak Everton Supporters&#039; Club\",\"isPartOf\":{\"@id\":\"https:\/\/evertonfc.cz\/#website\"},\"primaryImageOfPage\":{\"@id\":\"https:\/\/evertonfc.cz\/index.php\/2020\/02\/29\/preview-everton-manchester-united-11\/#primaryimage\"},\"image\":{\"@id\":\"https:\/\/evertonfc.cz\/index.php\/2020\/02\/29\/preview-everton-manchester-united-11\/#primaryimage\"},\"thumbnailUrl\":\"https:\/\/evertonfc.cz\/wp-content\/uploads\/2020\/11\/Everton-VS-Manchester-United-7-11-2020.jpg.jpg\",\"datePublished\":\"2020-02-29T22:57:37+00:00\",\"dateModified\":\"2020-11-06T11:39:48+00:00\",\"breadcrumb\":{\"@id\":\"https:\/\/evertonfc.cz\/index.php\/2020\/02\/29\/preview-everton-manchester-united-11\/#breadcrumb\"},\"inLanguage\":\"cs\",\"potentialAction\":[{\"@type\":\"ReadAction\",\"target\":[\"https:\/\/evertonfc.cz\/index.php\/2020\/02\/29\/preview-everton-manchester-united-11\/\"]}]},{\"@type\":\"ImageObject\",\"inLanguage\":\"cs\",\"@id\":\"https:\/\/evertonfc.cz\/index.php\/2020\/02\/29\/preview-everton-manchester-united-11\/#primaryimage\",\"url\":\"https:\/\/evertonfc.cz\/wp-content\/uploads\/2020\/11\/Everton-VS-Manchester-United-7-11-2020.jpg.jpg\",\"contentUrl\":\"https:\/\/evertonfc.cz\/wp-content\/uploads\/2020\/11\/Everton-VS-Manchester-United-7-11-2020.jpg.jpg\",\"width\":720,\"height\":405},{\"@type\":\"BreadcrumbList\",\"@id\":\"https:\/\/evertonfc.cz\/index.php\/2020\/02\/29\/preview-everton-manchester-united-11\/#breadcrumb\",\"itemListElement\":[{\"@type\":\"ListItem\",\"position\":1,\"name\":\"Home\",\"item\":\"https:\/\/evertonfc.cz\/\"},{\"@type\":\"ListItem\",\"position\":2,\"name\":\"Preview: Everton \u2013 Manchester United\"}]},{\"@type\":\"WebSite\",\"@id\":\"https:\/\/evertonfc.cz\/#website\",\"url\":\"https:\/\/evertonfc.cz\/\",\"name\":\"Official Czech &amp; Slovak Everton Supporters&#039; Club\",\"description\":\"\",\"publisher\":{\"@id\":\"https:\/\/evertonfc.cz\/#organization\"},\"potentialAction\":[{\"@type\":\"SearchAction\",\"target\":{\"@type\":\"EntryPoint\",\"urlTemplate\":\"https:\/\/evertonfc.cz\/?s={search_term_string}\"},\"query-input\":{\"@type\":\"PropertyValueSpecification\",\"valueRequired\":true,\"valueName\":\"search_term_string\"}}],\"inLanguage\":\"cs\"},{\"@type\":\"Organization\",\"@id\":\"https:\/\/evertonfc.cz\/#organization\",\"name\":\"Official Czech & Slovak Everton Supporters' Club\",\"url\":\"https:\/\/evertonfc.cz\/\",\"logo\":{\"@type\":\"ImageObject\",\"inLanguage\":\"cs\",\"@id\":\"https:\/\/evertonfc.cz\/#\/schema\/logo\/image\/\",\"url\":\"https:\/\/evertonfc.cz\/wp-content\/uploads\/2019\/05\/logo.png\",\"contentUrl\":\"https:\/\/evertonfc.cz\/wp-content\/uploads\/2019\/05\/logo.png\",\"width\":112,\"height\":112,\"caption\":\"Official Czech & Slovak Everton Supporters' Club\"},\"image\":{\"@id\":\"https:\/\/evertonfc.cz\/#\/schema\/logo\/image\/\"},\"sameAs\":[\"https:\/\/www.facebook.com\/everton.fans.cz.sk\"]},{\"@type\":\"Person\",\"@id\":\"https:\/\/evertonfc.cz\/#\/schema\/person\/d4493b8cbea51532597fbc4685698916\",\"name\":\"BlueBlooded\",\"url\":\"https:\/\/evertonfc.cz\/index.php\/author\/admin\/\"}]}<\/script>\n<!-- \/ Yoast SEO plugin. -->","yoast_head_json":{"title":"Preview: Everton \u2013 Manchester United - Official Czech &amp; Slovak Everton Supporters&#039; Club","robots":{"index":"index","follow":"follow","max-snippet":"max-snippet:-1","max-image-preview":"max-image-preview:large","max-video-preview":"max-video-preview:-1"},"canonical":"https:\/\/evertonfc.cz\/index.php\/2020\/02\/29\/preview-everton-manchester-united-11\/","og_locale":"cs_CZ","og_type":"article","og_title":"Preview: Everton \u2013 Manchester United - Official Czech &amp; Slovak Everton Supporters&#039; Club","og_description":"Zbabran\u00fd v\u00fdlet na ihrisko Arsenalu sa pok\u00fasi Ancelottiho dru\u017eina napravi\u0165 doma. Vyz\u00fdvate\u013e sa nach\u00e1dza na piatom mieste a r\u00e1d by tam aj na\u010falej zotrval.","og_url":"https:\/\/evertonfc.cz\/index.php\/2020\/02\/29\/preview-everton-manchester-united-11\/","og_site_name":"Official Czech &amp; Slovak Everton Supporters&#039; Club","article_publisher":"https:\/\/www.facebook.com\/everton.fans.cz.sk","article_published_time":"2020-02-29T22:57:37+00:00","article_modified_time":"2020-11-06T11:39:48+00:00","og_image":[{"width":720,"height":405,"url":"https:\/\/evertonfc.cz\/wp-content\/uploads\/2020\/11\/Everton-VS-Manchester-United-7-11-2020.jpg.jpg","type":"image\/jpeg"}],"author":"BlueBlooded","twitter_card":"summary_large_image","twitter_misc":{"Napsal(a)":"BlueBlooded","Odhadovan\u00e1 doba \u010dten\u00ed":"4 minuty"},"schema":{"@context":"https:\/\/schema.org","@graph":[{"@type":"Article","@id":"https:\/\/evertonfc.cz\/index.php\/2020\/02\/29\/preview-everton-manchester-united-11\/#article","isPartOf":{"@id":"https:\/\/evertonfc.cz\/index.php\/2020\/02\/29\/preview-everton-manchester-united-11\/"},"author":{"name":"BlueBlooded","@id":"https:\/\/evertonfc.cz\/#\/schema\/person\/d4493b8cbea51532597fbc4685698916"},"headline":"Preview: Everton \u2013 Manchester United","datePublished":"2020-02-29T22:57:37+00:00","dateModified":"2020-11-06T11:39:48+00:00","mainEntityOfPage":{"@id":"https:\/\/evertonfc.cz\/index.php\/2020\/02\/29\/preview-everton-manchester-united-11\/"},"wordCount":808,"commentCount":8,"publisher":{"@id":"https:\/\/evertonfc.cz\/#organization"},"image":{"@id":"https:\/\/evertonfc.cz\/index.php\/2020\/02\/29\/preview-everton-manchester-united-11\/#primaryimage"},"thumbnailUrl":"https:\/\/evertonfc.cz\/wp-content\/uploads\/2020\/11\/Everton-VS-Manchester-United-7-11-2020.jpg.jpg","articleSection":["Z\u00e1pasy"],"inLanguage":"cs","potentialAction":[{"@type":"CommentAction","name":"Comment","target":["https:\/\/evertonfc.cz\/index.php\/2020\/02\/29\/preview-everton-manchester-united-11\/#respond"]}]},{"@type":"WebPage","@id":"https:\/\/evertonfc.cz\/index.php\/2020\/02\/29\/preview-everton-manchester-united-11\/","url":"https:\/\/evertonfc.cz\/index.php\/2020\/02\/29\/preview-everton-manchester-united-11\/","name":"Preview: Everton \u2013 Manchester United - Official Czech &amp; Slovak Everton Supporters&#039; Club","isPartOf":{"@id":"https:\/\/evertonfc.cz\/#website"},"primaryImageOfPage":{"@id":"https:\/\/evertonfc.cz\/index.php\/2020\/02\/29\/preview-everton-manchester-united-11\/#primaryimage"},"image":{"@id":"https:\/\/evertonfc.cz\/index.php\/2020\/02\/29\/preview-everton-manchester-united-11\/#primaryimage"},"thumbnailUrl":"https:\/\/evertonfc.cz\/wp-content\/uploads\/2020\/11\/Everton-VS-Manchester-United-7-11-2020.jpg.jpg","datePublished":"2020-02-29T22:57:37+00:00","dateModified":"2020-11-06T11:39:48+00:00","breadcrumb":{"@id":"https:\/\/evertonfc.cz\/index.php\/2020\/02\/29\/preview-everton-manchester-united-11\/#breadcrumb"},"inLanguage":"cs","potentialAction":[{"@type":"ReadAction","target":["https:\/\/evertonfc.cz\/index.php\/2020\/02\/29\/preview-everton-manchester-united-11\/"]}]},{"@type":"ImageObject","inLanguage":"cs","@id":"https:\/\/evertonfc.cz\/index.php\/2020\/02\/29\/preview-everton-manchester-united-11\/#primaryimage","url":"https:\/\/evertonfc.cz\/wp-content\/uploads\/2020\/11\/Everton-VS-Manchester-United-7-11-2020.jpg.jpg","contentUrl":"https:\/\/evertonfc.cz\/wp-content\/uploads\/2020\/11\/Everton-VS-Manchester-United-7-11-2020.jpg.jpg","width":720,"height":405},{"@type":"BreadcrumbList","@id":"https:\/\/evertonfc.cz\/index.php\/2020\/02\/29\/preview-everton-manchester-united-11\/#breadcrumb","itemListElement":[{"@type":"ListItem","position":1,"name":"Home","item":"https:\/\/evertonfc.cz\/"},{"@type":"ListItem","position":2,"name":"Preview: Everton \u2013 Manchester United"}]},{"@type":"WebSite","@id":"https:\/\/evertonfc.cz\/#website","url":"https:\/\/evertonfc.cz\/","name":"Official Czech &amp; Slovak Everton Supporters&#039; Club","description":"","publisher":{"@id":"https:\/\/evertonfc.cz\/#organization"},"potentialAction":[{"@type":"SearchAction","target":{"@type":"EntryPoint","urlTemplate":"https:\/\/evertonfc.cz\/?s={search_term_string}"},"query-input":{"@type":"PropertyValueSpecification","valueRequired":true,"valueName":"search_term_string"}}],"inLanguage":"cs"},{"@type":"Organization","@id":"https:\/\/evertonfc.cz\/#organization","name":"Official Czech & Slovak Everton Supporters' Club","url":"https:\/\/evertonfc.cz\/","logo":{"@type":"ImageObject","inLanguage":"cs","@id":"https:\/\/evertonfc.cz\/#\/schema\/logo\/image\/","url":"https:\/\/evertonfc.cz\/wp-content\/uploads\/2019\/05\/logo.png","contentUrl":"https:\/\/evertonfc.cz\/wp-content\/uploads\/2019\/05\/logo.png","width":112,"height":112,"caption":"Official Czech & Slovak Everton Supporters' Club"},"image":{"@id":"https:\/\/evertonfc.cz\/#\/schema\/logo\/image\/"},"sameAs":["https:\/\/www.facebook.com\/everton.fans.cz.sk"]},{"@type":"Person","@id":"https:\/\/evertonfc.cz\/#\/schema\/person\/d4493b8cbea51532597fbc4685698916","name":"BlueBlooded","url":"https:\/\/evertonfc.cz\/index.php\/author\/admin\/"}]}},"_links":{"self":[{"href":"https:\/\/evertonfc.cz\/index.php\/wp-json\/wp\/v2\/posts\/10384"}],"collection":[{"href":"https:\/\/evertonfc.cz\/index.php\/wp-json\/wp\/v2\/posts"}],"about":[{"href":"https:\/\/evertonfc.cz\/index.php\/wp-json\/wp\/v2\/types\/post"}],"author":[{"embeddable":true,"href":"https:\/\/evertonfc.cz\/index.php\/wp-json\/wp\/v2\/users\/1"}],"replies":[{"embeddable":true,"href":"https:\/\/evertonfc.cz\/index.php\/wp-json\/wp\/v2\/comments?post=10384"}],"version-history":[{"count":6,"href":"https:\/\/evertonfc.cz\/index.php\/wp-json\/wp\/v2\/posts\/10384\/revisions"}],"predecessor-version":[{"id":10878,"href":"https:\/\/evertonfc.cz\/index.php\/wp-json\/wp\/v2\/posts\/10384\/revisions\/10878"}],"wp:featuredmedia":[{"embeddable":true,"href":"https:\/\/evertonfc.cz\/index.php\/wp-json\/wp\/v2\/media\/12849"}],"wp:attachment":[{"href":"https:\/\/evertonfc.cz\/index.php\/wp-json\/wp\/v2\/media?parent=10384"}],"wp:term":[{"taxonomy":"category","embeddable":true,"href":"https:\/\/evertonfc.cz\/index.php\/wp-json\/wp\/v2\/categories?post=10384"},{"taxonomy":"post_tag","embeddable":true,"href":"https:\/\/evertonfc.cz\/index.php\/wp-json\/wp\/v2\/tags?post=10384"}],"curies":[{"name":"wp","href":"https:\/\/api.w.org\/{rel}","templated":true}]}}