{"id":10392,"date":"2020-03-01T17:36:35","date_gmt":"2020-03-01T16:36:35","guid":{"rendered":"https:\/\/evertonfc.cz\/?p=10392"},"modified":"2020-03-01T21:48:22","modified_gmt":"2020-03-01T20:48:22","slug":"everton-manchester-united-11-1-3-2020","status":"publish","type":"post","link":"https:\/\/evertonfc.cz\/index.php\/2020\/03\/01\/everton-manchester-united-11-1-3-2020\/","title":{"rendered":"Everton &#8211; Manchester United 1:1"},"content":{"rendered":"<h4>Utk\u00e1n\u00ed dvou polo\u010das\u016f skon\u010dilo rem\u00edzou, kter\u00e1 je v\u00a0kone\u010dn\u00e9m d\u016fsledku nedostate\u010dn\u00fdm bodov\u00fdm ziskem pro oba t\u00fdmy.<\/h4>\n<p>Mana\u017eer Carlo Ancelotti op\u011bt jednou proto\u010dil z\u00e1kladn\u00ed sestavu, \u00favodn\u00ed jeden\u00e1ctku zvolenou p\u0159ed t\u00fddnem p\u0159i proh\u0159e na Arsenalu obm\u011bnil dnes hned p\u011btkr\u00e1t. Na h\u0159i\u0161t\u011b od prvn\u00ed minuty vyb\u011bhli Coleman, Keane, Walcott, Davies a Gomes, naopak mezi vyvolen\u00e9 se neve\u0161li Sidib\u00e9, Mina, Iwobi, zran\u011bn\u00fd Schneiderlin a Delph.<\/p>\n<p>Sk\u00f3re utk\u00e1n\u00ed se poprv\u00e9 h\u00fdbalo u\u017e ve 3. minut\u011b. Hostuj\u00edc\u00ed brank\u00e1\u0159 de Gea ot\u00e1lel s rozehr\u00e1vkou, a kdy\u017e u\u017e kone\u010dn\u011b kopl do m\u00ed\u010de, trefil pouze napadaj\u00edc\u00edho Calverta-Lewina, od n\u011bho\u017e se m\u00ed\u010d odrazil do s\u00edt\u011b \u2013 <strong>1:0<\/strong>.<\/p>\n<p>Stejn\u00e1 dvojice se dostala do konfrontace tak\u0159ka ihned po rozehr\u00e1vce po vst\u0159elen\u00e9 brance. \u0160pan\u011bl ale tentokr\u00e1t vychytal rozeb\u011bhnut\u00e9ho Angli\u010dana st\u0159\u00edlej\u00edc\u00edho z \u00fahlu. Prvn\u00ed minuty utk\u00e1n\u00ed byly opravdu \u017eiv\u00e9, v t\u00e9 sedm\u00e9 p\u00e1lil zpoza v\u00e1pna do b\u0159evna Nemanja Mati\u0107.<\/p>\n<p>Ve 28. minut\u011b se ud\u00e1lo prvn\u00ed st\u0159\u00edd\u00e1n\u00ed z\u00e1pasu, a to nevynucen\u00e9. Zran\u011bn\u00fd Coleman musel b\u00fdt nahrazen a jeho m\u00edsto logicky zaujal Djibril Sidib\u00e9.<\/p>\n<p>United se v\u016fbec nedlouho po inkasovan\u00e9m g\u00f3lu chopili taktovky a diktovali tempo hry. Nav\u00edc si vytv\u00e1\u0159eli \u0161anci a vypadalo to, \u017ee vyrovn\u00e1n\u00ed vis\u00ed ve vzduchu, co\u017e se nakonec stalo skute\u010dnost\u00ed ve 32. minut\u011b. Sidib\u00e9 s Walcottem chybovali v rozehr\u00e1vce a pohotov\u00fd Fernandes ranou z d\u00e1lky nachytal nepozorn\u00e9ho Pickforda \u2013 <strong>1:1<\/strong>. Velmi lacin\u00e1 branka po n\u011bkolika individu\u00e1ln\u00edch chyb\u00e1ch hr\u00e1\u010d\u016f Toffees.<\/p>\n<p>Z\u00e1v\u011br prvn\u00ed p\u016fli pat\u0159il dom\u00e1c\u00edm, kte\u0159\u00ed se kone\u010dn\u011b dok\u00e1zali vymanit ze st\u0159edov\u00e9ho sev\u0159en\u00ed soupe\u0159e. \u0160koda jen, \u017ee po Bainesov\u011b dobr\u00e9m centru Richarlison hlavi\u010dkou v p\u00e1du nezam\u00ed\u0159il p\u0159esn\u011bji.<\/p>\n<p>Druh\u00e1 p\u016fle za\u010dala o pozn\u00e1n\u00ed klidn\u011bji ne\u017e ta prvn\u00ed a na prvn\u00ed velkou p\u0159\u00edle\u017eitost \u010dekali fanou\u0161ci do 56. minuty, kdy se k trestn\u00e9mu kopu ze strany postavil Sigurdsson a sv\u00fdm kopem p\u0159ed ze\u010f oraz\u00edtkoval ty\u010d. Sm\u016flu Blues podtrhl\u00a0 nep\u0159esn\u011b dor\u00e1\u017eej\u00edc\u00ed Richarlison.<\/p>\n<p>V 62. minut\u011b Ancelotti provedl druh\u00e9 st\u0159\u00edd\u00e1n\u00ed. M\u00edsto v\u00fdkonnostn\u011b slab\u00e9ho Walcotta zaujal Bernard.<\/p>\n<p>Mezi nejaktivn\u011bj\u0161\u00ed hr\u00e1\u010de na dom\u00e1c\u00ed stran\u011b pat\u0159il jednozna\u010dn\u011b Dominic Calvert-Calvert, v 72. minut\u011b zkou\u0161el z \u00fahlu p\u0159ipravenost de Gey, t\u0159eba\u017ee v lep\u0161\u00edch pozic\u00edch byli nab\u00edhaj\u00edc\u00ed Richarlison i Bernard.<\/p>\n<p>Everton byl ve druh\u00e9 p\u016fli lep\u0161\u00edm mu\u017estvem, evidentn\u011b ho motivoval zisk t\u0159\u00ed bod\u016f, to ostatn\u011b potvrdil i Ancelotti, kter\u00fd do posledn\u00ed desetiminutovky poslal na h\u0159i\u0161t\u011b \u00fato\u010dn\u00edka Keana m\u00edsto st\u0159edopola\u0159e Gomese.<\/p>\n<p>Host\u00e9 se ale nevzd\u00e1vali a tak\u00e9 koukali po v\u00fdh\u0159e. V 90. minut\u011b Pickford aspo\u0148 \u010d\u00e1ste\u010dn\u011b od\u010dinil sv\u00e9 zav\u00e1h\u00e1n\u00ed p\u0159i inkasovan\u00e9 brance \u2013 v rozmez\u00ed sekund bravurn\u011b vyrazil pokusy Fernandese a Ighala.<\/p>\n<p>V z\u00e1v\u011bru se semlelo po\u0159\u00e1dn\u00e9 vzru\u0161en\u00ed i na druh\u00e9 stran\u011b. Nejprve de Gea zne\u0161kodnil stoprocentn\u00ed \u0161anci Sigurdssona, pot\u00e9 se ale m\u00ed\u010de zmocnil Calvert-Lewin, jeho\u017e st\u0159ela odra\u017een\u00e1 od Maguirea doklop\u00fdtala do br\u00e1ny. Po posouzen\u00ed videorozhod\u010d\u00edho Mosse byla v\u0161ak branka odvol\u00e1na, proto\u017ee p\u0159ed de Geou sed\u011bl \u2013 a \u010d\u00edm\u017e mu pr\u00fd z\u00e1rove\u0148 br\u00e1nil ve v\u00fdhledu \u2013 v ofsajdov\u00e9 pozici nach\u00e1zej\u00edc\u00ed se Sigurdsson.<\/p>\n<p>Je v\u0161ak ot\u00e1zkou, nakolik Islan\u010fan skute\u010dn\u011b \u0161pan\u011blsk\u00e9mu g\u00f3lmanovi br\u00e1nil ve v\u00fdhledu, jist\u00e9 je ale, \u017ee jeho skr\u010den\u00ed nohou p\u0159ed m\u00ed\u010dem, kter\u00fd odrazil protihr\u00e1\u010d a na kter\u00fd by brank\u00e1\u0159 stejn\u011b nemohl dos\u00e1hnout, se nem\u016f\u017ee hodnotit jako zapojen\u00ed do hry (\u010dili proh\u0159e\u0161ek proti pravidl\u016fm).<\/p>\n<p>S p\u0159\u00edsn\u00fdm verdiktem podle o\u010dek\u00e1v\u00e1n\u00ed nesouhlasil cel\u00fd Goodison Park v\u010detn\u011b Carla Ancelottiho, jen\u017e si za protesty u rozhod\u010d\u00edho po z\u00e1v\u011bre\u010dn\u00e9m hvizdu vyslou\u017eil \u010dervenou kartu, a tak zme\u0161k\u00e1 p\u0159\u00ed\u0161t\u00ed ligov\u00e9 kole na p\u016fd\u011b Chelsea.<\/p>\n<p><strong>Branky:<\/strong> 3. Dominic Calvert-Lewin &#8211; 31. Bruno Fernandes<\/p>\n<p><strong>\u017dK:<\/strong> 41. Dominic Calvert-Lewin, 43. Tom Davies, 80. Djibril Sidib\u00e9 &#8211; 41. Luke Shaw, 45. Harry Maguire, 56. Viktor Lindel\u00f6f, 70. Fred<\/p>\n<p><strong>Everton:<\/strong> Jordan Pickford, Leighton Baines, S\u00e9amus Coleman (28. Djibril Sidib\u00e9), Michael Keane, Mason Holgate, Gylfi Sigurdsson, Andr\u00e9 Gomes (82. Moise Kean), Tom Davies, Theo Walcott (63. Bernard), Richarlison, Dominic Calvert-Lewin<\/p>\n<p><strong>Manchester United:<\/strong> David de Gea, Viktor Lindel\u00f6f, Harry Maguire, Luke Shaw, Aaron Wan-Bissaka, Nemanja Mati\u0107, Fred, Bruno Fernandes, Scott McTominay (72. Juan Manuel Mata), Anthony Martial (89. Brandon Williams), Mason Greenwood (72. Odion Ighalo)<\/p>\n<p><strong>Rozhod\u010d\u00ed:<\/strong> Chris Kavanagh<\/p>\n<p><strong>Div\u00e1ci:<\/strong> 39 374<\/p>\n","protected":false},"excerpt":{"rendered":"<p>Utk\u00e1n\u00ed dvou polo\u010das\u016f skon\u010dilo rem\u00edzou, kter\u00e1 je v\u00a0kone\u010dn\u00e9m d\u016fsledku nedostate\u010dn\u00fdm bodov\u00fdm ziskem pro oba t\u00fdmy.<\/p>\n","protected":false},"author":6,"featured_media":10391,"comment_status":"open","ping_status":"closed","sticky":false,"template":"","format":"standard","meta":{"_eb_attr":"","_monsterinsights_skip_tracking":false,"_monsterinsights_sitenote_active":false,"_monsterinsights_sitenote_note":"","_monsterinsights_sitenote_category":0,"footnotes":""},"categories":[4],"tags":[],"yoast_head":"<!-- This site is optimized with the Yoast SEO plugin v23.4 - https:\/\/yoast.com\/wordpress\/plugins\/seo\/ -->\n<title>Everton - Manchester United 1:1 - Official Czech &amp; Slovak Everton Supporters&#039; Club<\/title>\n<meta name=\"robots\" content=\"index, follow, max-snippet:-1, max-image-preview:large, max-video-preview:-1\" \/>\n<link rel=\"canonical\" href=\"https:\/\/evertonfc.cz\/index.php\/2020\/03\/01\/everton-manchester-united-11-1-3-2020\/\" \/>\n<meta property=\"og:locale\" content=\"cs_CZ\" \/>\n<meta property=\"og:type\" content=\"article\" \/>\n<meta property=\"og:title\" content=\"Everton - Manchester United 1:1 - Official Czech &amp; Slovak Everton Supporters&#039; Club\" \/>\n<meta property=\"og:description\" content=\"Utk\u00e1n\u00ed dvou polo\u010das\u016f skon\u010dilo rem\u00edzou, kter\u00e1 je v\u00a0kone\u010dn\u00e9m d\u016fsledku nedostate\u010dn\u00fdm bodov\u00fdm ziskem pro oba t\u00fdmy.\" \/>\n<meta property=\"og:url\" content=\"https:\/\/evertonfc.cz\/index.php\/2020\/03\/01\/everton-manchester-united-11-1-3-2020\/\" \/>\n<meta property=\"og:site_name\" content=\"Official Czech &amp; Slovak Everton Supporters&#039; Club\" \/>\n<meta property=\"article:publisher\" content=\"https:\/\/www.facebook.com\/everton.fans.cz.sk\" \/>\n<meta property=\"article:published_time\" content=\"2020-03-01T16:36:35+00:00\" \/>\n<meta property=\"article:modified_time\" content=\"2020-03-01T20:48:22+00:00\" \/>\n<meta property=\"og:image\" content=\"https:\/\/evertonfc.cz\/wp-content\/uploads\/2020\/03\/ancelotti_1_3_2020.jpg\" \/>\n\t<meta property=\"og:image:width\" content=\"720\" \/>\n\t<meta property=\"og:image:height\" content=\"405\" \/>\n\t<meta property=\"og:image:type\" content=\"image\/jpeg\" \/>\n<meta name=\"author\" content=\"Ri\u010di\" \/>\n<meta name=\"twitter:card\" content=\"summary_large_image\" \/>\n<meta name=\"twitter:creator\" content=\"@rbrejsa\" \/>\n<meta name=\"twitter:label1\" content=\"Napsal(a)\" \/>\n\t<meta name=\"twitter:data1\" content=\"Ri\u010di\" \/>\n\t<meta name=\"twitter:label2\" content=\"Odhadovan\u00e1 doba \u010dten\u00ed\" \/>\n\t<meta name=\"twitter:data2\" content=\"4 minuty\" \/>\n<script type=\"application\/ld+json\" class=\"yoast-schema-graph\">{\"@context\":\"https:\/\/schema.org\",\"@graph\":[{\"@type\":\"Article\",\"@id\":\"https:\/\/evertonfc.cz\/index.php\/2020\/03\/01\/everton-manchester-united-11-1-3-2020\/#article\",\"isPartOf\":{\"@id\":\"https:\/\/evertonfc.cz\/index.php\/2020\/03\/01\/everton-manchester-united-11-1-3-2020\/\"},\"author\":{\"name\":\"Ri\u010di\",\"@id\":\"https:\/\/evertonfc.cz\/#\/schema\/person\/f7a5daedb2ffee98480bc70e191aaef1\"},\"headline\":\"Everton &#8211; Manchester United 1:1\",\"datePublished\":\"2020-03-01T16:36:35+00:00\",\"dateModified\":\"2020-03-01T20:48:22+00:00\",\"mainEntityOfPage\":{\"@id\":\"https:\/\/evertonfc.cz\/index.php\/2020\/03\/01\/everton-manchester-united-11-1-3-2020\/\"},\"wordCount\":797,\"commentCount\":7,\"publisher\":{\"@id\":\"https:\/\/evertonfc.cz\/#organization\"},\"image\":{\"@id\":\"https:\/\/evertonfc.cz\/index.php\/2020\/03\/01\/everton-manchester-united-11-1-3-2020\/#primaryimage\"},\"thumbnailUrl\":\"https:\/\/evertonfc.cz\/wp-content\/uploads\/2020\/03\/ancelotti_1_3_2020.jpg\",\"articleSection\":[\"Z\u00e1pasy\"],\"inLanguage\":\"cs\",\"potentialAction\":[{\"@type\":\"CommentAction\",\"name\":\"Comment\",\"target\":[\"https:\/\/evertonfc.cz\/index.php\/2020\/03\/01\/everton-manchester-united-11-1-3-2020\/#respond\"]}]},{\"@type\":\"WebPage\",\"@id\":\"https:\/\/evertonfc.cz\/index.php\/2020\/03\/01\/everton-manchester-united-11-1-3-2020\/\",\"url\":\"https:\/\/evertonfc.cz\/index.php\/2020\/03\/01\/everton-manchester-united-11-1-3-2020\/\",\"name\":\"Everton - Manchester United 1:1 - Official Czech &amp; Slovak Everton Supporters&#039; Club\",\"isPartOf\":{\"@id\":\"https:\/\/evertonfc.cz\/#website\"},\"primaryImageOfPage\":{\"@id\":\"https:\/\/evertonfc.cz\/index.php\/2020\/03\/01\/everton-manchester-united-11-1-3-2020\/#primaryimage\"},\"image\":{\"@id\":\"https:\/\/evertonfc.cz\/index.php\/2020\/03\/01\/everton-manchester-united-11-1-3-2020\/#primaryimage\"},\"thumbnailUrl\":\"https:\/\/evertonfc.cz\/wp-content\/uploads\/2020\/03\/ancelotti_1_3_2020.jpg\",\"datePublished\":\"2020-03-01T16:36:35+00:00\",\"dateModified\":\"2020-03-01T20:48:22+00:00\",\"breadcrumb\":{\"@id\":\"https:\/\/evertonfc.cz\/index.php\/2020\/03\/01\/everton-manchester-united-11-1-3-2020\/#breadcrumb\"},\"inLanguage\":\"cs\",\"potentialAction\":[{\"@type\":\"ReadAction\",\"target\":[\"https:\/\/evertonfc.cz\/index.php\/2020\/03\/01\/everton-manchester-united-11-1-3-2020\/\"]}]},{\"@type\":\"ImageObject\",\"inLanguage\":\"cs\",\"@id\":\"https:\/\/evertonfc.cz\/index.php\/2020\/03\/01\/everton-manchester-united-11-1-3-2020\/#primaryimage\",\"url\":\"https:\/\/evertonfc.cz\/wp-content\/uploads\/2020\/03\/ancelotti_1_3_2020.jpg\",\"contentUrl\":\"https:\/\/evertonfc.cz\/wp-content\/uploads\/2020\/03\/ancelotti_1_3_2020.jpg\",\"width\":720,\"height\":405},{\"@type\":\"BreadcrumbList\",\"@id\":\"https:\/\/evertonfc.cz\/index.php\/2020\/03\/01\/everton-manchester-united-11-1-3-2020\/#breadcrumb\",\"itemListElement\":[{\"@type\":\"ListItem\",\"position\":1,\"name\":\"Home\",\"item\":\"https:\/\/evertonfc.cz\/\"},{\"@type\":\"ListItem\",\"position\":2,\"name\":\"Everton &#8211; Manchester United 1:1\"}]},{\"@type\":\"WebSite\",\"@id\":\"https:\/\/evertonfc.cz\/#website\",\"url\":\"https:\/\/evertonfc.cz\/\",\"name\":\"Official Czech &amp; Slovak Everton Supporters&#039; Club\",\"description\":\"\",\"publisher\":{\"@id\":\"https:\/\/evertonfc.cz\/#organization\"},\"potentialAction\":[{\"@type\":\"SearchAction\",\"target\":{\"@type\":\"EntryPoint\",\"urlTemplate\":\"https:\/\/evertonfc.cz\/?s={search_term_string}\"},\"query-input\":{\"@type\":\"PropertyValueSpecification\",\"valueRequired\":true,\"valueName\":\"search_term_string\"}}],\"inLanguage\":\"cs\"},{\"@type\":\"Organization\",\"@id\":\"https:\/\/evertonfc.cz\/#organization\",\"name\":\"Official Czech & Slovak Everton Supporters' Club\",\"url\":\"https:\/\/evertonfc.cz\/\",\"logo\":{\"@type\":\"ImageObject\",\"inLanguage\":\"cs\",\"@id\":\"https:\/\/evertonfc.cz\/#\/schema\/logo\/image\/\",\"url\":\"https:\/\/evertonfc.cz\/wp-content\/uploads\/2019\/05\/logo.png\",\"contentUrl\":\"https:\/\/evertonfc.cz\/wp-content\/uploads\/2019\/05\/logo.png\",\"width\":112,\"height\":112,\"caption\":\"Official Czech & Slovak Everton Supporters' Club\"},\"image\":{\"@id\":\"https:\/\/evertonfc.cz\/#\/schema\/logo\/image\/\"},\"sameAs\":[\"https:\/\/www.facebook.com\/everton.fans.cz.sk\"]},{\"@type\":\"Person\",\"@id\":\"https:\/\/evertonfc.cz\/#\/schema\/person\/f7a5daedb2ffee98480bc70e191aaef1\",\"name\":\"Ri\u010di\",\"sameAs\":[\"https:\/\/x.com\/rbrejsa\"],\"url\":\"https:\/\/evertonfc.cz\/index.php\/author\/rici\/\"}]}<\/script>\n<!-- \/ Yoast SEO plugin. -->","yoast_head_json":{"title":"Everton - Manchester United 1:1 - Official Czech &amp; Slovak Everton Supporters&#039; Club","robots":{"index":"index","follow":"follow","max-snippet":"max-snippet:-1","max-image-preview":"max-image-preview:large","max-video-preview":"max-video-preview:-1"},"canonical":"https:\/\/evertonfc.cz\/index.php\/2020\/03\/01\/everton-manchester-united-11-1-3-2020\/","og_locale":"cs_CZ","og_type":"article","og_title":"Everton - Manchester United 1:1 - Official Czech &amp; Slovak Everton Supporters&#039; Club","og_description":"Utk\u00e1n\u00ed dvou polo\u010das\u016f skon\u010dilo rem\u00edzou, kter\u00e1 je v\u00a0kone\u010dn\u00e9m d\u016fsledku nedostate\u010dn\u00fdm bodov\u00fdm ziskem pro oba t\u00fdmy.","og_url":"https:\/\/evertonfc.cz\/index.php\/2020\/03\/01\/everton-manchester-united-11-1-3-2020\/","og_site_name":"Official Czech &amp; Slovak Everton Supporters&#039; Club","article_publisher":"https:\/\/www.facebook.com\/everton.fans.cz.sk","article_published_time":"2020-03-01T16:36:35+00:00","article_modified_time":"2020-03-01T20:48:22+00:00","og_image":[{"width":720,"height":405,"url":"https:\/\/evertonfc.cz\/wp-content\/uploads\/2020\/03\/ancelotti_1_3_2020.jpg","type":"image\/jpeg"}],"author":"Ri\u010di","twitter_card":"summary_large_image","twitter_creator":"@rbrejsa","twitter_misc":{"Napsal(a)":"Ri\u010di","Odhadovan\u00e1 doba \u010dten\u00ed":"4 minuty"},"schema":{"@context":"https:\/\/schema.org","@graph":[{"@type":"Article","@id":"https:\/\/evertonfc.cz\/index.php\/2020\/03\/01\/everton-manchester-united-11-1-3-2020\/#article","isPartOf":{"@id":"https:\/\/evertonfc.cz\/index.php\/2020\/03\/01\/everton-manchester-united-11-1-3-2020\/"},"author":{"name":"Ri\u010di","@id":"https:\/\/evertonfc.cz\/#\/schema\/person\/f7a5daedb2ffee98480bc70e191aaef1"},"headline":"Everton &#8211; Manchester United 1:1","datePublished":"2020-03-01T16:36:35+00:00","dateModified":"2020-03-01T20:48:22+00:00","mainEntityOfPage":{"@id":"https:\/\/evertonfc.cz\/index.php\/2020\/03\/01\/everton-manchester-united-11-1-3-2020\/"},"wordCount":797,"commentCount":7,"publisher":{"@id":"https:\/\/evertonfc.cz\/#organization"},"image":{"@id":"https:\/\/evertonfc.cz\/index.php\/2020\/03\/01\/everton-manchester-united-11-1-3-2020\/#primaryimage"},"thumbnailUrl":"https:\/\/evertonfc.cz\/wp-content\/uploads\/2020\/03\/ancelotti_1_3_2020.jpg","articleSection":["Z\u00e1pasy"],"inLanguage":"cs","potentialAction":[{"@type":"CommentAction","name":"Comment","target":["https:\/\/evertonfc.cz\/index.php\/2020\/03\/01\/everton-manchester-united-11-1-3-2020\/#respond"]}]},{"@type":"WebPage","@id":"https:\/\/evertonfc.cz\/index.php\/2020\/03\/01\/everton-manchester-united-11-1-3-2020\/","url":"https:\/\/evertonfc.cz\/index.php\/2020\/03\/01\/everton-manchester-united-11-1-3-2020\/","name":"Everton - Manchester United 1:1 - Official Czech &amp; Slovak Everton Supporters&#039; Club","isPartOf":{"@id":"https:\/\/evertonfc.cz\/#website"},"primaryImageOfPage":{"@id":"https:\/\/evertonfc.cz\/index.php\/2020\/03\/01\/everton-manchester-united-11-1-3-2020\/#primaryimage"},"image":{"@id":"https:\/\/evertonfc.cz\/index.php\/2020\/03\/01\/everton-manchester-united-11-1-3-2020\/#primaryimage"},"thumbnailUrl":"https:\/\/evertonfc.cz\/wp-content\/uploads\/2020\/03\/ancelotti_1_3_2020.jpg","datePublished":"2020-03-01T16:36:35+00:00","dateModified":"2020-03-01T20:48:22+00:00","breadcrumb":{"@id":"https:\/\/evertonfc.cz\/index.php\/2020\/03\/01\/everton-manchester-united-11-1-3-2020\/#breadcrumb"},"inLanguage":"cs","potentialAction":[{"@type":"ReadAction","target":["https:\/\/evertonfc.cz\/index.php\/2020\/03\/01\/everton-manchester-united-11-1-3-2020\/"]}]},{"@type":"ImageObject","inLanguage":"cs","@id":"https:\/\/evertonfc.cz\/index.php\/2020\/03\/01\/everton-manchester-united-11-1-3-2020\/#primaryimage","url":"https:\/\/evertonfc.cz\/wp-content\/uploads\/2020\/03\/ancelotti_1_3_2020.jpg","contentUrl":"https:\/\/evertonfc.cz\/wp-content\/uploads\/2020\/03\/ancelotti_1_3_2020.jpg","width":720,"height":405},{"@type":"BreadcrumbList","@id":"https:\/\/evertonfc.cz\/index.php\/2020\/03\/01\/everton-manchester-united-11-1-3-2020\/#breadcrumb","itemListElement":[{"@type":"ListItem","position":1,"name":"Home","item":"https:\/\/evertonfc.cz\/"},{"@type":"ListItem","position":2,"name":"Everton &#8211; Manchester United 1:1"}]},{"@type":"WebSite","@id":"https:\/\/evertonfc.cz\/#website","url":"https:\/\/evertonfc.cz\/","name":"Official Czech &amp; Slovak Everton Supporters&#039; Club","description":"","publisher":{"@id":"https:\/\/evertonfc.cz\/#organization"},"potentialAction":[{"@type":"SearchAction","target":{"@type":"EntryPoint","urlTemplate":"https:\/\/evertonfc.cz\/?s={search_term_string}"},"query-input":{"@type":"PropertyValueSpecification","valueRequired":true,"valueName":"search_term_string"}}],"inLanguage":"cs"},{"@type":"Organization","@id":"https:\/\/evertonfc.cz\/#organization","name":"Official Czech & Slovak Everton Supporters' Club","url":"https:\/\/evertonfc.cz\/","logo":{"@type":"ImageObject","inLanguage":"cs","@id":"https:\/\/evertonfc.cz\/#\/schema\/logo\/image\/","url":"https:\/\/evertonfc.cz\/wp-content\/uploads\/2019\/05\/logo.png","contentUrl":"https:\/\/evertonfc.cz\/wp-content\/uploads\/2019\/05\/logo.png","width":112,"height":112,"caption":"Official Czech & Slovak Everton Supporters' Club"},"image":{"@id":"https:\/\/evertonfc.cz\/#\/schema\/logo\/image\/"},"sameAs":["https:\/\/www.facebook.com\/everton.fans.cz.sk"]},{"@type":"Person","@id":"https:\/\/evertonfc.cz\/#\/schema\/person\/f7a5daedb2ffee98480bc70e191aaef1","name":"Ri\u010di","sameAs":["https:\/\/x.com\/rbrejsa"],"url":"https:\/\/evertonfc.cz\/index.php\/author\/rici\/"}]}},"_links":{"self":[{"href":"https:\/\/evertonfc.cz\/index.php\/wp-json\/wp\/v2\/posts\/10392"}],"collection":[{"href":"https:\/\/evertonfc.cz\/index.php\/wp-json\/wp\/v2\/posts"}],"about":[{"href":"https:\/\/evertonfc.cz\/index.php\/wp-json\/wp\/v2\/types\/post"}],"author":[{"embeddable":true,"href":"https:\/\/evertonfc.cz\/index.php\/wp-json\/wp\/v2\/users\/6"}],"replies":[{"embeddable":true,"href":"https:\/\/evertonfc.cz\/index.php\/wp-json\/wp\/v2\/comments?post=10392"}],"version-history":[{"count":7,"href":"https:\/\/evertonfc.cz\/index.php\/wp-json\/wp\/v2\/posts\/10392\/revisions"}],"predecessor-version":[{"id":10406,"href":"https:\/\/evertonfc.cz\/index.php\/wp-json\/wp\/v2\/posts\/10392\/revisions\/10406"}],"wp:featuredmedia":[{"embeddable":true,"href":"https:\/\/evertonfc.cz\/index.php\/wp-json\/wp\/v2\/media\/10391"}],"wp:attachment":[{"href":"https:\/\/evertonfc.cz\/index.php\/wp-json\/wp\/v2\/media?parent=10392"}],"wp:term":[{"taxonomy":"category","embeddable":true,"href":"https:\/\/evertonfc.cz\/index.php\/wp-json\/wp\/v2\/categories?post=10392"},{"taxonomy":"post_tag","embeddable":true,"href":"https:\/\/evertonfc.cz\/index.php\/wp-json\/wp\/v2\/tags?post=10392"}],"curies":[{"name":"wp","href":"https:\/\/api.w.org\/{rel}","templated":true}]}}