{"id":10413,"date":"2020-03-04T10:06:28","date_gmt":"2020-03-04T09:06:28","guid":{"rendered":"https:\/\/evertonfc.cz\/?p=10413"},"modified":"2020-04-27T09:47:17","modified_gmt":"2020-04-27T07:47:17","slug":"holgate-sa-zaviazal-evertonu","status":"publish","type":"post","link":"https:\/\/evertonfc.cz\/index.php\/2020\/03\/04\/holgate-sa-zaviazal-evertonu\/","title":{"rendered":"Holgate sa zaviazal Evertonu"},"content":{"rendered":"<h4>Atletick\u00fd obranca a opora zadn\u00fdch radov tejto sez\u00f3ny o\u010dak\u00e1vane podp\u00edsal pred\u013a\u017eenie zmluvy. Ak dodr\u017e\u00ed jej nov\u00fa d\u013a\u017eku, do 2025, do\u010dk\u00e1 sa debutu aj v Bramley Moore.<\/h4>\n<p><span lang=\"SK\">Dvadsa\u0165triro\u010dn\u00fd Mason do Evertonu prest\u00fapil po vzore Johna Stonesa z akad\u00e9mie\u00a0Barnsley v\u00a0roku 2015. Na Merseyside sprvu hr\u00e1val za v\u00fdber do 21 rokov. Svoj debut za prv\u00fd t\u00edm si odbil v\u00a0auguste o\u00a0rok nesk\u00f4r proti Tottenhamu Hotspur, ke\u010f ho povolal Ronald Koeman.\u00a0Dovedna odohral za klub 74 z\u00e1pasov.<\/span><\/p>\n<p><span lang=\"SK\">Ve\u013emi dlho sa \u0161pekulovalo, ak\u00e1 je jeho najlep\u0161ia poz\u00edcia na ihrisku, a\u00a0\u010di v\u00f4bec m\u00e1 na to presadi\u0165 sa v\u00a0Premier League. Vzrastom nevysok\u00fd, o\u00a0to lep\u0161\u00ed v\u0161ak na lopte, striedal z\u00e1pasy na pravej obrane alebo stop\u00e9rovi. Minul\u00fd ro\u010dn\u00edk preto prijal za v\u010fak pravideln\u00e9 hern\u00e9 vy\u0165a\u017eenie na hos\u0165ovan\u00ed v\u00a0druholigovom West Bromwichi.<\/span><\/p>\n<p><span lang=\"SK\">Preto jeho obroda v\u00a0s\u00fa\u010dasnosti nie je prekvapen\u00edm. Odkedy v\u00a0okt\u00f3bri odohral prv\u00fdch 90 min\u00fat proti Brightonu, svoje miesto po\u013eaven\u00edm \u0161tandardov u\u017e nikomu nepustil. Z\u00a0posledn\u00fdch 22 z\u00e1pasov odohral 21. Okrem svojej preferovanej poz\u00edcie v\u00a0strede obrany si vysk\u00fa\u0161al aj rolu defenz\u00edvneho z\u00e1lo\u017en\u00edka a\u00a0exceloval.<\/span><\/p>\n<p><span lang=\"SK\">Jeho doteraj\u0161\u00ed kontrakt mal vypr\u0161a\u0165 o\u00a0dva roky. S\u00a0v\u00fdnimo\u010dnou formou sa objavili aj \u0161pekul\u00e1cie sp\u00e1jaj\u00face Holgatea s\u00a0letn\u00fdm ochodom do Manchesteru City. Ani pozv\u00e1nka do anglickej reprezent\u00e1cie ur\u010dite nie je \u010faleko. S\u00e1m sa ale vyjadril, \u017ee mysl\u00ed len na svoje v\u00fdkony a\u00a0na to, \u010do m\u00f4\u017ee dosiahnu\u0165 s\u00a0Evertonom.<\/span><\/p>\n<h4>Holgate pre evertonfc.com:<\/h4>\n<blockquote><p><em><span lang=\"SK\">\u201eToto je m\u00f4j piaty rok v\u00a0Evertone a za t\u00fa dobu som sa\u00a0mas\u00edvne rozvinul ako hr\u00e1\u010d aj\u00a0\u010dlovek. Je skvel\u00e9 by\u0165 v\u00a0takomto klube a\u00a0som naozaj vzru\u0161en\u00fd ak\u00fdm smerom sa uber\u00e1. Chceme spravi\u0165 \u010fal\u0161\u00ed krok a\u00a0tla\u010di\u0165 sa za v\u00e4\u010d\u0161\u00edmi a\u00a0lep\u0161\u00edmi vecami. Chcem vyhr\u00e1va\u0165 trofeje. A\u00a0vyhra\u0165 nejak\u00fa, to je to, kde n\u00e1s vid\u00edm.\u201c<\/span><\/em><\/p>\n<p><em><span lang=\"SK\">\u201eJa osobne, a\u00a0mysl\u00edm, \u017ee m\u00f4\u017eem hovori\u0165 aj za ostatn\u00fdch chlapcov, my sa ned\u00e1me len tak odtla\u010di\u0165 nabok a\u00a0necha\u0165 po\u0161liapa\u0165. Ak sa nie\u010do deje, alebo sa mus\u00ed poveda\u0165, mus\u00edme sa tomu postavi\u0165 a\u00a0\u010deli\u0165 spolu. Nie je to nie\u010do, \u010doho sa boj\u00edm. Chcem vyhr\u00e1va\u0165 z\u00e1pasy a nie sa priateli\u0165 so s\u00faperom.\u201c<\/span><\/em><\/p>\n<p><em><span lang=\"SK\">\u201eAko t\u00edm dr\u017e\u00edm s Evertonom. A nielen to, chalani v \u0161atni s\u00fa moji priatelia. Tak\u017ee ak m\u00e1 niekto z nich na ihrisku probl\u00e9m&#8230; sme tam aby sme vyhrali, nie kamar\u00e1tili a boli k sebe mil\u00ed. Ak n\u00e1s nemaj\u00fa radi, tak nemaj\u00fa. Sme tam aby sme vyhr\u00e1vali.\u201c<\/span><\/em><\/p><\/blockquote>\n<p style=\"text-align: right;\"><span style=\"text-align: right; font-size: 16px;\">(foto zdroj: evertonfc.com)<\/span><\/p>\n","protected":false},"excerpt":{"rendered":"<p>Atletick\u00fd obranca a opora zadn\u00fdch radov tejto sez\u00f3ny o\u010dak\u00e1vane podp\u00edsal pred\u013a\u017eenie zmluvy. Ak dodr\u017e\u00ed jej nov\u00fa d\u013a\u017eku, do 2025, do\u010dk\u00e1 sa debutu aj v Bramley Moore.<\/p>\n","protected":false},"author":1,"featured_media":10414,"comment_status":"open","ping_status":"closed","sticky":false,"template":"","format":"standard","meta":{"_eb_attr":"","_monsterinsights_skip_tracking":false,"_monsterinsights_sitenote_active":false,"_monsterinsights_sitenote_note":"","_monsterinsights_sitenote_category":0,"footnotes":""},"categories":[42],"tags":[],"yoast_head":"<!-- This site is optimized with the Yoast SEO plugin v23.4 - https:\/\/yoast.com\/wordpress\/plugins\/seo\/ -->\n<title>Holgate sa zaviazal Evertonu - Official Czech &amp; Slovak Everton Supporters&#039; Club<\/title>\n<meta name=\"robots\" content=\"index, follow, max-snippet:-1, max-image-preview:large, max-video-preview:-1\" \/>\n<link rel=\"canonical\" href=\"https:\/\/evertonfc.cz\/index.php\/2020\/03\/04\/holgate-sa-zaviazal-evertonu\/\" \/>\n<meta property=\"og:locale\" content=\"cs_CZ\" \/>\n<meta property=\"og:type\" content=\"article\" \/>\n<meta property=\"og:title\" content=\"Holgate sa zaviazal Evertonu - Official Czech &amp; Slovak Everton Supporters&#039; Club\" \/>\n<meta property=\"og:description\" content=\"Atletick\u00fd obranca a opora zadn\u00fdch radov tejto sez\u00f3ny o\u010dak\u00e1vane podp\u00edsal pred\u013a\u017eenie zmluvy. Ak dodr\u017e\u00ed jej nov\u00fa d\u013a\u017eku, do 2025, do\u010dk\u00e1 sa debutu aj v Bramley Moore.\" \/>\n<meta property=\"og:url\" content=\"https:\/\/evertonfc.cz\/index.php\/2020\/03\/04\/holgate-sa-zaviazal-evertonu\/\" \/>\n<meta property=\"og:site_name\" content=\"Official Czech &amp; Slovak Everton Supporters&#039; Club\" \/>\n<meta property=\"article:publisher\" content=\"https:\/\/www.facebook.com\/everton.fans.cz.sk\" \/>\n<meta property=\"article:published_time\" content=\"2020-03-04T09:06:28+00:00\" \/>\n<meta property=\"article:modified_time\" content=\"2020-04-27T07:47:17+00:00\" \/>\n<meta property=\"og:image\" content=\"https:\/\/evertonfc.cz\/wp-content\/uploads\/2020\/03\/Holgate-4-3-2020.jpg\" \/>\n\t<meta property=\"og:image:width\" content=\"720\" \/>\n\t<meta property=\"og:image:height\" content=\"405\" \/>\n\t<meta property=\"og:image:type\" content=\"image\/jpeg\" \/>\n<meta name=\"author\" content=\"BlueBlooded\" \/>\n<meta name=\"twitter:card\" content=\"summary_large_image\" \/>\n<meta name=\"twitter:label1\" content=\"Napsal(a)\" \/>\n\t<meta name=\"twitter:data1\" content=\"BlueBlooded\" \/>\n\t<meta name=\"twitter:label2\" content=\"Odhadovan\u00e1 doba \u010dten\u00ed\" \/>\n\t<meta name=\"twitter:data2\" content=\"2 minuty\" \/>\n<script type=\"application\/ld+json\" class=\"yoast-schema-graph\">{\"@context\":\"https:\/\/schema.org\",\"@graph\":[{\"@type\":\"Article\",\"@id\":\"https:\/\/evertonfc.cz\/index.php\/2020\/03\/04\/holgate-sa-zaviazal-evertonu\/#article\",\"isPartOf\":{\"@id\":\"https:\/\/evertonfc.cz\/index.php\/2020\/03\/04\/holgate-sa-zaviazal-evertonu\/\"},\"author\":{\"name\":\"BlueBlooded\",\"@id\":\"https:\/\/evertonfc.cz\/#\/schema\/person\/d4493b8cbea51532597fbc4685698916\"},\"headline\":\"Holgate sa zaviazal Evertonu\",\"datePublished\":\"2020-03-04T09:06:28+00:00\",\"dateModified\":\"2020-04-27T07:47:17+00:00\",\"mainEntityOfPage\":{\"@id\":\"https:\/\/evertonfc.cz\/index.php\/2020\/03\/04\/holgate-sa-zaviazal-evertonu\/\"},\"wordCount\":471,\"commentCount\":1,\"publisher\":{\"@id\":\"https:\/\/evertonfc.cz\/#organization\"},\"image\":{\"@id\":\"https:\/\/evertonfc.cz\/index.php\/2020\/03\/04\/holgate-sa-zaviazal-evertonu\/#primaryimage\"},\"thumbnailUrl\":\"https:\/\/evertonfc.cz\/wp-content\/uploads\/2020\/03\/Holgate-4-3-2020.jpg\",\"articleSection\":[\"Aktuality\"],\"inLanguage\":\"cs\",\"potentialAction\":[{\"@type\":\"CommentAction\",\"name\":\"Comment\",\"target\":[\"https:\/\/evertonfc.cz\/index.php\/2020\/03\/04\/holgate-sa-zaviazal-evertonu\/#respond\"]}]},{\"@type\":\"WebPage\",\"@id\":\"https:\/\/evertonfc.cz\/index.php\/2020\/03\/04\/holgate-sa-zaviazal-evertonu\/\",\"url\":\"https:\/\/evertonfc.cz\/index.php\/2020\/03\/04\/holgate-sa-zaviazal-evertonu\/\",\"name\":\"Holgate sa zaviazal Evertonu - Official Czech &amp; Slovak Everton Supporters&#039; Club\",\"isPartOf\":{\"@id\":\"https:\/\/evertonfc.cz\/#website\"},\"primaryImageOfPage\":{\"@id\":\"https:\/\/evertonfc.cz\/index.php\/2020\/03\/04\/holgate-sa-zaviazal-evertonu\/#primaryimage\"},\"image\":{\"@id\":\"https:\/\/evertonfc.cz\/index.php\/2020\/03\/04\/holgate-sa-zaviazal-evertonu\/#primaryimage\"},\"thumbnailUrl\":\"https:\/\/evertonfc.cz\/wp-content\/uploads\/2020\/03\/Holgate-4-3-2020.jpg\",\"datePublished\":\"2020-03-04T09:06:28+00:00\",\"dateModified\":\"2020-04-27T07:47:17+00:00\",\"breadcrumb\":{\"@id\":\"https:\/\/evertonfc.cz\/index.php\/2020\/03\/04\/holgate-sa-zaviazal-evertonu\/#breadcrumb\"},\"inLanguage\":\"cs\",\"potentialAction\":[{\"@type\":\"ReadAction\",\"target\":[\"https:\/\/evertonfc.cz\/index.php\/2020\/03\/04\/holgate-sa-zaviazal-evertonu\/\"]}]},{\"@type\":\"ImageObject\",\"inLanguage\":\"cs\",\"@id\":\"https:\/\/evertonfc.cz\/index.php\/2020\/03\/04\/holgate-sa-zaviazal-evertonu\/#primaryimage\",\"url\":\"https:\/\/evertonfc.cz\/wp-content\/uploads\/2020\/03\/Holgate-4-3-2020.jpg\",\"contentUrl\":\"https:\/\/evertonfc.cz\/wp-content\/uploads\/2020\/03\/Holgate-4-3-2020.jpg\",\"width\":720,\"height\":405},{\"@type\":\"BreadcrumbList\",\"@id\":\"https:\/\/evertonfc.cz\/index.php\/2020\/03\/04\/holgate-sa-zaviazal-evertonu\/#breadcrumb\",\"itemListElement\":[{\"@type\":\"ListItem\",\"position\":1,\"name\":\"Home\",\"item\":\"https:\/\/evertonfc.cz\/\"},{\"@type\":\"ListItem\",\"position\":2,\"name\":\"Holgate sa zaviazal Evertonu\"}]},{\"@type\":\"WebSite\",\"@id\":\"https:\/\/evertonfc.cz\/#website\",\"url\":\"https:\/\/evertonfc.cz\/\",\"name\":\"Official Czech &amp; Slovak Everton Supporters&#039; Club\",\"description\":\"\",\"publisher\":{\"@id\":\"https:\/\/evertonfc.cz\/#organization\"},\"potentialAction\":[{\"@type\":\"SearchAction\",\"target\":{\"@type\":\"EntryPoint\",\"urlTemplate\":\"https:\/\/evertonfc.cz\/?s={search_term_string}\"},\"query-input\":{\"@type\":\"PropertyValueSpecification\",\"valueRequired\":true,\"valueName\":\"search_term_string\"}}],\"inLanguage\":\"cs\"},{\"@type\":\"Organization\",\"@id\":\"https:\/\/evertonfc.cz\/#organization\",\"name\":\"Official Czech & Slovak Everton Supporters' Club\",\"url\":\"https:\/\/evertonfc.cz\/\",\"logo\":{\"@type\":\"ImageObject\",\"inLanguage\":\"cs\",\"@id\":\"https:\/\/evertonfc.cz\/#\/schema\/logo\/image\/\",\"url\":\"https:\/\/evertonfc.cz\/wp-content\/uploads\/2019\/05\/logo.png\",\"contentUrl\":\"https:\/\/evertonfc.cz\/wp-content\/uploads\/2019\/05\/logo.png\",\"width\":112,\"height\":112,\"caption\":\"Official Czech & Slovak Everton Supporters' Club\"},\"image\":{\"@id\":\"https:\/\/evertonfc.cz\/#\/schema\/logo\/image\/\"},\"sameAs\":[\"https:\/\/www.facebook.com\/everton.fans.cz.sk\"]},{\"@type\":\"Person\",\"@id\":\"https:\/\/evertonfc.cz\/#\/schema\/person\/d4493b8cbea51532597fbc4685698916\",\"name\":\"BlueBlooded\",\"url\":\"https:\/\/evertonfc.cz\/index.php\/author\/admin\/\"}]}<\/script>\n<!-- \/ Yoast SEO plugin. -->","yoast_head_json":{"title":"Holgate sa zaviazal Evertonu - Official Czech &amp; Slovak Everton Supporters&#039; Club","robots":{"index":"index","follow":"follow","max-snippet":"max-snippet:-1","max-image-preview":"max-image-preview:large","max-video-preview":"max-video-preview:-1"},"canonical":"https:\/\/evertonfc.cz\/index.php\/2020\/03\/04\/holgate-sa-zaviazal-evertonu\/","og_locale":"cs_CZ","og_type":"article","og_title":"Holgate sa zaviazal Evertonu - Official Czech &amp; Slovak Everton Supporters&#039; Club","og_description":"Atletick\u00fd obranca a opora zadn\u00fdch radov tejto sez\u00f3ny o\u010dak\u00e1vane podp\u00edsal pred\u013a\u017eenie zmluvy. Ak dodr\u017e\u00ed jej nov\u00fa d\u013a\u017eku, do 2025, do\u010dk\u00e1 sa debutu aj v Bramley Moore.","og_url":"https:\/\/evertonfc.cz\/index.php\/2020\/03\/04\/holgate-sa-zaviazal-evertonu\/","og_site_name":"Official Czech &amp; Slovak Everton Supporters&#039; Club","article_publisher":"https:\/\/www.facebook.com\/everton.fans.cz.sk","article_published_time":"2020-03-04T09:06:28+00:00","article_modified_time":"2020-04-27T07:47:17+00:00","og_image":[{"width":720,"height":405,"url":"https:\/\/evertonfc.cz\/wp-content\/uploads\/2020\/03\/Holgate-4-3-2020.jpg","type":"image\/jpeg"}],"author":"BlueBlooded","twitter_card":"summary_large_image","twitter_misc":{"Napsal(a)":"BlueBlooded","Odhadovan\u00e1 doba \u010dten\u00ed":"2 minuty"},"schema":{"@context":"https:\/\/schema.org","@graph":[{"@type":"Article","@id":"https:\/\/evertonfc.cz\/index.php\/2020\/03\/04\/holgate-sa-zaviazal-evertonu\/#article","isPartOf":{"@id":"https:\/\/evertonfc.cz\/index.php\/2020\/03\/04\/holgate-sa-zaviazal-evertonu\/"},"author":{"name":"BlueBlooded","@id":"https:\/\/evertonfc.cz\/#\/schema\/person\/d4493b8cbea51532597fbc4685698916"},"headline":"Holgate sa zaviazal Evertonu","datePublished":"2020-03-04T09:06:28+00:00","dateModified":"2020-04-27T07:47:17+00:00","mainEntityOfPage":{"@id":"https:\/\/evertonfc.cz\/index.php\/2020\/03\/04\/holgate-sa-zaviazal-evertonu\/"},"wordCount":471,"commentCount":1,"publisher":{"@id":"https:\/\/evertonfc.cz\/#organization"},"image":{"@id":"https:\/\/evertonfc.cz\/index.php\/2020\/03\/04\/holgate-sa-zaviazal-evertonu\/#primaryimage"},"thumbnailUrl":"https:\/\/evertonfc.cz\/wp-content\/uploads\/2020\/03\/Holgate-4-3-2020.jpg","articleSection":["Aktuality"],"inLanguage":"cs","potentialAction":[{"@type":"CommentAction","name":"Comment","target":["https:\/\/evertonfc.cz\/index.php\/2020\/03\/04\/holgate-sa-zaviazal-evertonu\/#respond"]}]},{"@type":"WebPage","@id":"https:\/\/evertonfc.cz\/index.php\/2020\/03\/04\/holgate-sa-zaviazal-evertonu\/","url":"https:\/\/evertonfc.cz\/index.php\/2020\/03\/04\/holgate-sa-zaviazal-evertonu\/","name":"Holgate sa zaviazal Evertonu - Official Czech &amp; Slovak Everton Supporters&#039; Club","isPartOf":{"@id":"https:\/\/evertonfc.cz\/#website"},"primaryImageOfPage":{"@id":"https:\/\/evertonfc.cz\/index.php\/2020\/03\/04\/holgate-sa-zaviazal-evertonu\/#primaryimage"},"image":{"@id":"https:\/\/evertonfc.cz\/index.php\/2020\/03\/04\/holgate-sa-zaviazal-evertonu\/#primaryimage"},"thumbnailUrl":"https:\/\/evertonfc.cz\/wp-content\/uploads\/2020\/03\/Holgate-4-3-2020.jpg","datePublished":"2020-03-04T09:06:28+00:00","dateModified":"2020-04-27T07:47:17+00:00","breadcrumb":{"@id":"https:\/\/evertonfc.cz\/index.php\/2020\/03\/04\/holgate-sa-zaviazal-evertonu\/#breadcrumb"},"inLanguage":"cs","potentialAction":[{"@type":"ReadAction","target":["https:\/\/evertonfc.cz\/index.php\/2020\/03\/04\/holgate-sa-zaviazal-evertonu\/"]}]},{"@type":"ImageObject","inLanguage":"cs","@id":"https:\/\/evertonfc.cz\/index.php\/2020\/03\/04\/holgate-sa-zaviazal-evertonu\/#primaryimage","url":"https:\/\/evertonfc.cz\/wp-content\/uploads\/2020\/03\/Holgate-4-3-2020.jpg","contentUrl":"https:\/\/evertonfc.cz\/wp-content\/uploads\/2020\/03\/Holgate-4-3-2020.jpg","width":720,"height":405},{"@type":"BreadcrumbList","@id":"https:\/\/evertonfc.cz\/index.php\/2020\/03\/04\/holgate-sa-zaviazal-evertonu\/#breadcrumb","itemListElement":[{"@type":"ListItem","position":1,"name":"Home","item":"https:\/\/evertonfc.cz\/"},{"@type":"ListItem","position":2,"name":"Holgate sa zaviazal Evertonu"}]},{"@type":"WebSite","@id":"https:\/\/evertonfc.cz\/#website","url":"https:\/\/evertonfc.cz\/","name":"Official Czech &amp; Slovak Everton Supporters&#039; Club","description":"","publisher":{"@id":"https:\/\/evertonfc.cz\/#organization"},"potentialAction":[{"@type":"SearchAction","target":{"@type":"EntryPoint","urlTemplate":"https:\/\/evertonfc.cz\/?s={search_term_string}"},"query-input":{"@type":"PropertyValueSpecification","valueRequired":true,"valueName":"search_term_string"}}],"inLanguage":"cs"},{"@type":"Organization","@id":"https:\/\/evertonfc.cz\/#organization","name":"Official Czech & Slovak Everton Supporters' Club","url":"https:\/\/evertonfc.cz\/","logo":{"@type":"ImageObject","inLanguage":"cs","@id":"https:\/\/evertonfc.cz\/#\/schema\/logo\/image\/","url":"https:\/\/evertonfc.cz\/wp-content\/uploads\/2019\/05\/logo.png","contentUrl":"https:\/\/evertonfc.cz\/wp-content\/uploads\/2019\/05\/logo.png","width":112,"height":112,"caption":"Official Czech & Slovak Everton Supporters' Club"},"image":{"@id":"https:\/\/evertonfc.cz\/#\/schema\/logo\/image\/"},"sameAs":["https:\/\/www.facebook.com\/everton.fans.cz.sk"]},{"@type":"Person","@id":"https:\/\/evertonfc.cz\/#\/schema\/person\/d4493b8cbea51532597fbc4685698916","name":"BlueBlooded","url":"https:\/\/evertonfc.cz\/index.php\/author\/admin\/"}]}},"_links":{"self":[{"href":"https:\/\/evertonfc.cz\/index.php\/wp-json\/wp\/v2\/posts\/10413"}],"collection":[{"href":"https:\/\/evertonfc.cz\/index.php\/wp-json\/wp\/v2\/posts"}],"about":[{"href":"https:\/\/evertonfc.cz\/index.php\/wp-json\/wp\/v2\/types\/post"}],"author":[{"embeddable":true,"href":"https:\/\/evertonfc.cz\/index.php\/wp-json\/wp\/v2\/users\/1"}],"replies":[{"embeddable":true,"href":"https:\/\/evertonfc.cz\/index.php\/wp-json\/wp\/v2\/comments?post=10413"}],"version-history":[{"count":5,"href":"https:\/\/evertonfc.cz\/index.php\/wp-json\/wp\/v2\/posts\/10413\/revisions"}],"predecessor-version":[{"id":10877,"href":"https:\/\/evertonfc.cz\/index.php\/wp-json\/wp\/v2\/posts\/10413\/revisions\/10877"}],"wp:featuredmedia":[{"embeddable":true,"href":"https:\/\/evertonfc.cz\/index.php\/wp-json\/wp\/v2\/media\/10414"}],"wp:attachment":[{"href":"https:\/\/evertonfc.cz\/index.php\/wp-json\/wp\/v2\/media?parent=10413"}],"wp:term":[{"taxonomy":"category","embeddable":true,"href":"https:\/\/evertonfc.cz\/index.php\/wp-json\/wp\/v2\/categories?post=10413"},{"taxonomy":"post_tag","embeddable":true,"href":"https:\/\/evertonfc.cz\/index.php\/wp-json\/wp\/v2\/tags?post=10413"}],"curies":[{"name":"wp","href":"https:\/\/api.w.org\/{rel}","templated":true}]}}