{"id":10425,"date":"2020-03-05T17:11:58","date_gmt":"2020-03-05T16:11:58","guid":{"rendered":"https:\/\/evertonfc.cz\/?p=10425"},"modified":"2020-04-27T09:46:32","modified_gmt":"2020-04-27T07:46:32","slug":"ca-anglictina-sa-musi-zlepsit","status":"publish","type":"post","link":"https:\/\/evertonfc.cz\/index.php\/2020\/03\/05\/ca-anglictina-sa-musi-zlepsit\/","title":{"rendered":"CA: Angli\u010dtina sa mus\u00ed zlep\u0161i\u0165"},"content":{"rendered":"<h4>\u0160\u00e9f lavi\u010dky Karameliek vie by\u0165 kritick\u00fd nielen k\u00a0vlastn\u00fdm hr\u00e1\u010dom, ale aj k\u00a0\u010dlenom tr\u00e9nersk\u00e9ho t\u00edmu. Okrem toho prezradil, v\u00a0ktorej oblasti sa mus\u00ed Everton posilni\u0165.<\/h4>\n<p>\u0160es\u0165desiatro\u010dn\u00fd kormideln\u00edk si so sebou na Merseyside priviedol vlastn\u00fd t\u00edm. Na poz\u00edcie asistenta, v\u00fdkonnostn\u00e9ho analytika, kondi\u010dn\u00e9ho tr\u00e9nera a\u00a0hern\u00e9ho analytika. \u010ci\u017ee v\u00a0rovnakom porad\u00ed &#8211; Davide Ancelotti (syn), Mino Fulco (za\u0165), Francesco Mauri a Simeone Montanaro. Posledn\u00fd dvaja sn\u00e1\u010f nie s\u00fa v\u00a0pr\u00edbuzenskom vz\u0165ahu.<\/p>\n<p>Posledn\u00e9 miesta v\u00a0realiza\u010dnom t\u00edme tradi\u010dne zap\u013a\u0148a Duncan Ferguson, tr\u00e9ner prv\u00e9ho t\u00edmu a\u00a0\u00fato\u010dn\u00edkov, a\u00a0Allan Kelly, ktor\u00fd od svojho do\u010dasn\u00e9ho pov\u00fd\u0161enia z\u00a0tr\u00e9nera brank\u00e1rov do 23 rokov, ostal aj v\u00a0novom re\u017eime ako tr\u00e9ner pre prv\u00fd t\u00edm. Mimo in\u00e9 p\u00f4sob\u00ed tie\u017e v\u00a0\u00cdrskej reprezent\u00e1cii po boku Micka McCarthyho.<\/p>\n<p>Spom\u00ednan\u00ed dvaja samozrejme s\u00a0angli\u010dtinou probl\u00e9m nemaj\u00fa (maxim\u00e1lne s pr\u00edzvukom), in\u00e9 to je v\u0161ak s\u00a0roden\u00fdmi Talianmi. Tam sa prirodzene jazykov\u00e1 bari\u00e9ra vyskytne, aj ke\u010f s\u00fa spolu ako t\u00edm zocelen\u00ed zamestnaniami vo Franc\u00fazsku, \u0160panielsku \u010di Nemecku, kde medzin\u00e1rodn\u00e1 kab\u00edna tie\u017e nie je ni\u010d\u00edm v\u00fdnimo\u010dn\u00fdm.<\/p>\n<h4>Ancelotti pre The Guardian:<\/h4>\n<p><em>\u201ePriniesol som sem asistenta &#8211; m\u00f4jho syna, video-analytika, tie\u017e troch kondi\u010dn\u00fdch tr\u00e9nerov a v\u00fdkonnostn\u00e9ho analytika, ktor\u00ed pracuj\u00fa na zotaven\u00ed hr\u00e1\u010dov. To je \u0161es\u0165 \u013eud\u00ed. Viac neprid\u00e1m. Som s t\u00fdm ve\u013emi spokojn\u00fd, preto\u017ee dobre spolupracujeme, aj s person\u00e1lom, ktor\u00fd tu bol pred nami. Okrem toho, \u017ee p\u00e1r \u013eud\u00ed z m\u00f4jho t\u00edmu nehovor\u00ed poriadne po anglicky nem\u00e1me \u017eiadne probl\u00e9my. Ale ja ich n\u00fatim hovori\u0165 v angli\u010dtine, aby sa ju nau\u010dili. Doteraz sme ale fungovali bez probl\u00e9mov.\u201c<\/em><\/p>\n<p>\u010ealej pod\u013ea slov Ancelottiho bude musie\u0165 Everton v\u00a0lete posilni\u0165 minim\u00e1lne na jednom poste. A\u00a0t\u00fdm je stred z\u00e1lohy. Miesto, ktor\u00e9 t\u00fato sez\u00f3nu u\u017e bolo sk\u00fa\u0161an\u00e9 zraneniami nieko\u013ekokr\u00e1t,\u00a0aj napriek a\u017e \u0161estici ortodoxn\u00fdch hr\u00e1\u010dov v k\u00e1dri. A\u00a0to nehovor\u00edme o\u00a0forme a\u00a0kvalite dan\u00fdch z\u00e1lo\u017en\u00edkov, ktor\u00fdmi Everton disponuje.<\/p>\n<p>Inak by sa v\u00a0d\u00f4le\u017eit\u00fdch z\u00e1pasoch neocitli v\u00a0strede po\u013ea Iwobi alebo Holgate. Preto sa netreba \u010dudova\u0165, \u017ee aj po invest\u00edcii do pretavenia hos\u0165ovania Gomesa z Barcelony v\u00a0trval\u00fd prestup, a\u00a0n\u00e1sledne n\u00e1kup Gbamina, ktor\u00fd skon\u010dil zranen\u00fd na zvy\u0161ok sez\u00f3ny, op\u00e4\u0165 spom\u00edna pr\u00edchod novej tv\u00e1re. Mal by to by\u0165 vraj behavej\u0161\u00ed typ.<\/p>\n<p><em>\u201eMysl\u00edm si, \u017ee to je miesto, kde potrebujeme viac energie. U\u017e m\u00e1me kvalitu, ale predov\u0161etk\u00fdm energia je v Premier League naozaj t\u00e1 d\u00f4le\u017eit\u00e1. Neznamen\u00e1 to v\u0161ak, \u017ee nie som spokojn\u00fd s hr\u00e1\u010dmi, ktor\u00fdch m\u00e1m. Len si mysl\u00edm, \u017ee ak uva\u017eujeme o zlep\u0161en\u00ed, toto je jeden z aspektov, ktor\u00fd m\u00f4\u017eeme zdokonali\u0165.\u201c<\/em><\/p>\n<p><em>\u201eDok\u00e1\u017eeme hra\u0165 r\u00f4znymi sp\u00f4sobmi s\u00a0Tomom Daviesom alebo Fabianom Delphom. Mo\u017eno dok\u00e1\u017eu kombinova\u0165 lep\u0161ie ne\u017e Gylfi, preto\u017ee s\u00fa viac silovej\u0161\u00ed hr\u00e1\u010di, ale v\u0161etko z\u00e1vis\u00ed od z\u00e1pasu a\u00a0\u0161t\u00fdlu, ak\u00fdm chceme hra\u0165. Ak chceme hra\u0165 odzadu, tak pod\u013ea m\u0148a n\u00e1m na to d\u00e1vaj\u00fa Gylfi a\u00a0Andr\u00e9 lep\u0161ie mo\u017enosti.\u201c<\/em><\/p>\n<p style=\"text-align: right;\">(p\u00f4vodn\u00fd rozhovor: <a href=\"https:\/\/www.theguardian.com\/football\/2020\/mar\/03\/carlo-ancelotti-orders-everton-backroom-staff-to-improve-their-english\" target=\"_blank\" rel=\"noopener noreferrer\">The Guardian<\/a> \/ foto zdroj: evertonfc.com )<\/p>\n","protected":false},"excerpt":{"rendered":"<p>\u0160\u00e9f lavi\u010dky Karameliek vie by\u0165 kritick\u00fd nielen k vlastn\u00fdm hr\u00e1\u010dom, ale aj k \u010dlenom tr\u00e9nersk\u00e9ho t\u00edmu. Okrem toho prezradil, v ktorej oblasti sa mus\u00ed Everton posilni\u0165.<\/p>\n","protected":false},"author":1,"featured_media":10424,"comment_status":"open","ping_status":"closed","sticky":false,"template":"","format":"standard","meta":{"_eb_attr":"","_monsterinsights_skip_tracking":false,"_monsterinsights_sitenote_active":false,"_monsterinsights_sitenote_note":"","_monsterinsights_sitenote_category":0,"footnotes":""},"categories":[42],"tags":[],"yoast_head":"<!-- This site is optimized with the Yoast SEO plugin v23.4 - https:\/\/yoast.com\/wordpress\/plugins\/seo\/ -->\n<title>CA: Angli\u010dtina sa mus\u00ed zlep\u0161i\u0165 - Official Czech &amp; Slovak Everton Supporters&#039; Club<\/title>\n<meta name=\"robots\" content=\"index, follow, max-snippet:-1, max-image-preview:large, max-video-preview:-1\" \/>\n<link rel=\"canonical\" href=\"https:\/\/evertonfc.cz\/index.php\/2020\/03\/05\/ca-anglictina-sa-musi-zlepsit\/\" \/>\n<meta property=\"og:locale\" content=\"cs_CZ\" \/>\n<meta property=\"og:type\" content=\"article\" \/>\n<meta property=\"og:title\" content=\"CA: Angli\u010dtina sa mus\u00ed zlep\u0161i\u0165 - Official Czech &amp; Slovak Everton Supporters&#039; Club\" \/>\n<meta property=\"og:description\" content=\"\u0160\u00e9f lavi\u010dky Karameliek vie by\u0165 kritick\u00fd nielen k vlastn\u00fdm hr\u00e1\u010dom, ale aj k \u010dlenom tr\u00e9nersk\u00e9ho t\u00edmu. Okrem toho prezradil, v ktorej oblasti sa mus\u00ed Everton posilni\u0165.\" \/>\n<meta property=\"og:url\" content=\"https:\/\/evertonfc.cz\/index.php\/2020\/03\/05\/ca-anglictina-sa-musi-zlepsit\/\" \/>\n<meta property=\"og:site_name\" content=\"Official Czech &amp; Slovak Everton Supporters&#039; Club\" \/>\n<meta property=\"article:publisher\" content=\"https:\/\/www.facebook.com\/everton.fans.cz.sk\" \/>\n<meta property=\"article:published_time\" content=\"2020-03-05T16:11:58+00:00\" \/>\n<meta property=\"article:modified_time\" content=\"2020-04-27T07:46:32+00:00\" \/>\n<meta property=\"og:image\" content=\"https:\/\/evertonfc.cz\/wp-content\/uploads\/2020\/03\/ancelotti-training-5-3-2020.jpeg\" \/>\n\t<meta property=\"og:image:width\" content=\"720\" \/>\n\t<meta property=\"og:image:height\" content=\"405\" \/>\n\t<meta property=\"og:image:type\" content=\"image\/jpeg\" \/>\n<meta name=\"author\" content=\"BlueBlooded\" \/>\n<meta name=\"twitter:card\" content=\"summary_large_image\" \/>\n<meta name=\"twitter:label1\" content=\"Napsal(a)\" \/>\n\t<meta name=\"twitter:data1\" content=\"BlueBlooded\" \/>\n\t<meta name=\"twitter:label2\" content=\"Odhadovan\u00e1 doba \u010dten\u00ed\" \/>\n\t<meta name=\"twitter:data2\" content=\"3 minuty\" \/>\n<script type=\"application\/ld+json\" class=\"yoast-schema-graph\">{\"@context\":\"https:\/\/schema.org\",\"@graph\":[{\"@type\":\"Article\",\"@id\":\"https:\/\/evertonfc.cz\/index.php\/2020\/03\/05\/ca-anglictina-sa-musi-zlepsit\/#article\",\"isPartOf\":{\"@id\":\"https:\/\/evertonfc.cz\/index.php\/2020\/03\/05\/ca-anglictina-sa-musi-zlepsit\/\"},\"author\":{\"name\":\"BlueBlooded\",\"@id\":\"https:\/\/evertonfc.cz\/#\/schema\/person\/d4493b8cbea51532597fbc4685698916\"},\"headline\":\"CA: Angli\u010dtina sa mus\u00ed zlep\u0161i\u0165\",\"datePublished\":\"2020-03-05T16:11:58+00:00\",\"dateModified\":\"2020-04-27T07:46:32+00:00\",\"mainEntityOfPage\":{\"@id\":\"https:\/\/evertonfc.cz\/index.php\/2020\/03\/05\/ca-anglictina-sa-musi-zlepsit\/\"},\"wordCount\":595,\"commentCount\":0,\"publisher\":{\"@id\":\"https:\/\/evertonfc.cz\/#organization\"},\"image\":{\"@id\":\"https:\/\/evertonfc.cz\/index.php\/2020\/03\/05\/ca-anglictina-sa-musi-zlepsit\/#primaryimage\"},\"thumbnailUrl\":\"https:\/\/evertonfc.cz\/wp-content\/uploads\/2020\/03\/ancelotti-training-5-3-2020.jpeg\",\"articleSection\":[\"Aktuality\"],\"inLanguage\":\"cs\",\"potentialAction\":[{\"@type\":\"CommentAction\",\"name\":\"Comment\",\"target\":[\"https:\/\/evertonfc.cz\/index.php\/2020\/03\/05\/ca-anglictina-sa-musi-zlepsit\/#respond\"]}]},{\"@type\":\"WebPage\",\"@id\":\"https:\/\/evertonfc.cz\/index.php\/2020\/03\/05\/ca-anglictina-sa-musi-zlepsit\/\",\"url\":\"https:\/\/evertonfc.cz\/index.php\/2020\/03\/05\/ca-anglictina-sa-musi-zlepsit\/\",\"name\":\"CA: Angli\u010dtina sa mus\u00ed zlep\u0161i\u0165 - Official Czech &amp; Slovak Everton Supporters&#039; Club\",\"isPartOf\":{\"@id\":\"https:\/\/evertonfc.cz\/#website\"},\"primaryImageOfPage\":{\"@id\":\"https:\/\/evertonfc.cz\/index.php\/2020\/03\/05\/ca-anglictina-sa-musi-zlepsit\/#primaryimage\"},\"image\":{\"@id\":\"https:\/\/evertonfc.cz\/index.php\/2020\/03\/05\/ca-anglictina-sa-musi-zlepsit\/#primaryimage\"},\"thumbnailUrl\":\"https:\/\/evertonfc.cz\/wp-content\/uploads\/2020\/03\/ancelotti-training-5-3-2020.jpeg\",\"datePublished\":\"2020-03-05T16:11:58+00:00\",\"dateModified\":\"2020-04-27T07:46:32+00:00\",\"breadcrumb\":{\"@id\":\"https:\/\/evertonfc.cz\/index.php\/2020\/03\/05\/ca-anglictina-sa-musi-zlepsit\/#breadcrumb\"},\"inLanguage\":\"cs\",\"potentialAction\":[{\"@type\":\"ReadAction\",\"target\":[\"https:\/\/evertonfc.cz\/index.php\/2020\/03\/05\/ca-anglictina-sa-musi-zlepsit\/\"]}]},{\"@type\":\"ImageObject\",\"inLanguage\":\"cs\",\"@id\":\"https:\/\/evertonfc.cz\/index.php\/2020\/03\/05\/ca-anglictina-sa-musi-zlepsit\/#primaryimage\",\"url\":\"https:\/\/evertonfc.cz\/wp-content\/uploads\/2020\/03\/ancelotti-training-5-3-2020.jpeg\",\"contentUrl\":\"https:\/\/evertonfc.cz\/wp-content\/uploads\/2020\/03\/ancelotti-training-5-3-2020.jpeg\",\"width\":720,\"height\":405},{\"@type\":\"BreadcrumbList\",\"@id\":\"https:\/\/evertonfc.cz\/index.php\/2020\/03\/05\/ca-anglictina-sa-musi-zlepsit\/#breadcrumb\",\"itemListElement\":[{\"@type\":\"ListItem\",\"position\":1,\"name\":\"Home\",\"item\":\"https:\/\/evertonfc.cz\/\"},{\"@type\":\"ListItem\",\"position\":2,\"name\":\"CA: Angli\u010dtina sa mus\u00ed zlep\u0161i\u0165\"}]},{\"@type\":\"WebSite\",\"@id\":\"https:\/\/evertonfc.cz\/#website\",\"url\":\"https:\/\/evertonfc.cz\/\",\"name\":\"Official Czech &amp; Slovak Everton Supporters&#039; Club\",\"description\":\"\",\"publisher\":{\"@id\":\"https:\/\/evertonfc.cz\/#organization\"},\"potentialAction\":[{\"@type\":\"SearchAction\",\"target\":{\"@type\":\"EntryPoint\",\"urlTemplate\":\"https:\/\/evertonfc.cz\/?s={search_term_string}\"},\"query-input\":{\"@type\":\"PropertyValueSpecification\",\"valueRequired\":true,\"valueName\":\"search_term_string\"}}],\"inLanguage\":\"cs\"},{\"@type\":\"Organization\",\"@id\":\"https:\/\/evertonfc.cz\/#organization\",\"name\":\"Official Czech & Slovak Everton Supporters' Club\",\"url\":\"https:\/\/evertonfc.cz\/\",\"logo\":{\"@type\":\"ImageObject\",\"inLanguage\":\"cs\",\"@id\":\"https:\/\/evertonfc.cz\/#\/schema\/logo\/image\/\",\"url\":\"https:\/\/evertonfc.cz\/wp-content\/uploads\/2019\/05\/logo.png\",\"contentUrl\":\"https:\/\/evertonfc.cz\/wp-content\/uploads\/2019\/05\/logo.png\",\"width\":112,\"height\":112,\"caption\":\"Official Czech & Slovak Everton Supporters' Club\"},\"image\":{\"@id\":\"https:\/\/evertonfc.cz\/#\/schema\/logo\/image\/\"},\"sameAs\":[\"https:\/\/www.facebook.com\/everton.fans.cz.sk\"]},{\"@type\":\"Person\",\"@id\":\"https:\/\/evertonfc.cz\/#\/schema\/person\/d4493b8cbea51532597fbc4685698916\",\"name\":\"BlueBlooded\",\"url\":\"https:\/\/evertonfc.cz\/index.php\/author\/admin\/\"}]}<\/script>\n<!-- \/ Yoast SEO plugin. -->","yoast_head_json":{"title":"CA: Angli\u010dtina sa mus\u00ed zlep\u0161i\u0165 - Official Czech &amp; Slovak Everton Supporters&#039; Club","robots":{"index":"index","follow":"follow","max-snippet":"max-snippet:-1","max-image-preview":"max-image-preview:large","max-video-preview":"max-video-preview:-1"},"canonical":"https:\/\/evertonfc.cz\/index.php\/2020\/03\/05\/ca-anglictina-sa-musi-zlepsit\/","og_locale":"cs_CZ","og_type":"article","og_title":"CA: Angli\u010dtina sa mus\u00ed zlep\u0161i\u0165 - Official Czech &amp; Slovak Everton Supporters&#039; Club","og_description":"\u0160\u00e9f lavi\u010dky Karameliek vie by\u0165 kritick\u00fd nielen k vlastn\u00fdm hr\u00e1\u010dom, ale aj k \u010dlenom tr\u00e9nersk\u00e9ho t\u00edmu. Okrem toho prezradil, v ktorej oblasti sa mus\u00ed Everton posilni\u0165.","og_url":"https:\/\/evertonfc.cz\/index.php\/2020\/03\/05\/ca-anglictina-sa-musi-zlepsit\/","og_site_name":"Official Czech &amp; Slovak Everton Supporters&#039; Club","article_publisher":"https:\/\/www.facebook.com\/everton.fans.cz.sk","article_published_time":"2020-03-05T16:11:58+00:00","article_modified_time":"2020-04-27T07:46:32+00:00","og_image":[{"width":720,"height":405,"url":"https:\/\/evertonfc.cz\/wp-content\/uploads\/2020\/03\/ancelotti-training-5-3-2020.jpeg","type":"image\/jpeg"}],"author":"BlueBlooded","twitter_card":"summary_large_image","twitter_misc":{"Napsal(a)":"BlueBlooded","Odhadovan\u00e1 doba \u010dten\u00ed":"3 minuty"},"schema":{"@context":"https:\/\/schema.org","@graph":[{"@type":"Article","@id":"https:\/\/evertonfc.cz\/index.php\/2020\/03\/05\/ca-anglictina-sa-musi-zlepsit\/#article","isPartOf":{"@id":"https:\/\/evertonfc.cz\/index.php\/2020\/03\/05\/ca-anglictina-sa-musi-zlepsit\/"},"author":{"name":"BlueBlooded","@id":"https:\/\/evertonfc.cz\/#\/schema\/person\/d4493b8cbea51532597fbc4685698916"},"headline":"CA: Angli\u010dtina sa mus\u00ed zlep\u0161i\u0165","datePublished":"2020-03-05T16:11:58+00:00","dateModified":"2020-04-27T07:46:32+00:00","mainEntityOfPage":{"@id":"https:\/\/evertonfc.cz\/index.php\/2020\/03\/05\/ca-anglictina-sa-musi-zlepsit\/"},"wordCount":595,"commentCount":0,"publisher":{"@id":"https:\/\/evertonfc.cz\/#organization"},"image":{"@id":"https:\/\/evertonfc.cz\/index.php\/2020\/03\/05\/ca-anglictina-sa-musi-zlepsit\/#primaryimage"},"thumbnailUrl":"https:\/\/evertonfc.cz\/wp-content\/uploads\/2020\/03\/ancelotti-training-5-3-2020.jpeg","articleSection":["Aktuality"],"inLanguage":"cs","potentialAction":[{"@type":"CommentAction","name":"Comment","target":["https:\/\/evertonfc.cz\/index.php\/2020\/03\/05\/ca-anglictina-sa-musi-zlepsit\/#respond"]}]},{"@type":"WebPage","@id":"https:\/\/evertonfc.cz\/index.php\/2020\/03\/05\/ca-anglictina-sa-musi-zlepsit\/","url":"https:\/\/evertonfc.cz\/index.php\/2020\/03\/05\/ca-anglictina-sa-musi-zlepsit\/","name":"CA: Angli\u010dtina sa mus\u00ed zlep\u0161i\u0165 - Official Czech &amp; Slovak Everton Supporters&#039; Club","isPartOf":{"@id":"https:\/\/evertonfc.cz\/#website"},"primaryImageOfPage":{"@id":"https:\/\/evertonfc.cz\/index.php\/2020\/03\/05\/ca-anglictina-sa-musi-zlepsit\/#primaryimage"},"image":{"@id":"https:\/\/evertonfc.cz\/index.php\/2020\/03\/05\/ca-anglictina-sa-musi-zlepsit\/#primaryimage"},"thumbnailUrl":"https:\/\/evertonfc.cz\/wp-content\/uploads\/2020\/03\/ancelotti-training-5-3-2020.jpeg","datePublished":"2020-03-05T16:11:58+00:00","dateModified":"2020-04-27T07:46:32+00:00","breadcrumb":{"@id":"https:\/\/evertonfc.cz\/index.php\/2020\/03\/05\/ca-anglictina-sa-musi-zlepsit\/#breadcrumb"},"inLanguage":"cs","potentialAction":[{"@type":"ReadAction","target":["https:\/\/evertonfc.cz\/index.php\/2020\/03\/05\/ca-anglictina-sa-musi-zlepsit\/"]}]},{"@type":"ImageObject","inLanguage":"cs","@id":"https:\/\/evertonfc.cz\/index.php\/2020\/03\/05\/ca-anglictina-sa-musi-zlepsit\/#primaryimage","url":"https:\/\/evertonfc.cz\/wp-content\/uploads\/2020\/03\/ancelotti-training-5-3-2020.jpeg","contentUrl":"https:\/\/evertonfc.cz\/wp-content\/uploads\/2020\/03\/ancelotti-training-5-3-2020.jpeg","width":720,"height":405},{"@type":"BreadcrumbList","@id":"https:\/\/evertonfc.cz\/index.php\/2020\/03\/05\/ca-anglictina-sa-musi-zlepsit\/#breadcrumb","itemListElement":[{"@type":"ListItem","position":1,"name":"Home","item":"https:\/\/evertonfc.cz\/"},{"@type":"ListItem","position":2,"name":"CA: Angli\u010dtina sa mus\u00ed zlep\u0161i\u0165"}]},{"@type":"WebSite","@id":"https:\/\/evertonfc.cz\/#website","url":"https:\/\/evertonfc.cz\/","name":"Official Czech &amp; Slovak Everton Supporters&#039; Club","description":"","publisher":{"@id":"https:\/\/evertonfc.cz\/#organization"},"potentialAction":[{"@type":"SearchAction","target":{"@type":"EntryPoint","urlTemplate":"https:\/\/evertonfc.cz\/?s={search_term_string}"},"query-input":{"@type":"PropertyValueSpecification","valueRequired":true,"valueName":"search_term_string"}}],"inLanguage":"cs"},{"@type":"Organization","@id":"https:\/\/evertonfc.cz\/#organization","name":"Official Czech & Slovak Everton Supporters' Club","url":"https:\/\/evertonfc.cz\/","logo":{"@type":"ImageObject","inLanguage":"cs","@id":"https:\/\/evertonfc.cz\/#\/schema\/logo\/image\/","url":"https:\/\/evertonfc.cz\/wp-content\/uploads\/2019\/05\/logo.png","contentUrl":"https:\/\/evertonfc.cz\/wp-content\/uploads\/2019\/05\/logo.png","width":112,"height":112,"caption":"Official Czech & Slovak Everton Supporters' Club"},"image":{"@id":"https:\/\/evertonfc.cz\/#\/schema\/logo\/image\/"},"sameAs":["https:\/\/www.facebook.com\/everton.fans.cz.sk"]},{"@type":"Person","@id":"https:\/\/evertonfc.cz\/#\/schema\/person\/d4493b8cbea51532597fbc4685698916","name":"BlueBlooded","url":"https:\/\/evertonfc.cz\/index.php\/author\/admin\/"}]}},"_links":{"self":[{"href":"https:\/\/evertonfc.cz\/index.php\/wp-json\/wp\/v2\/posts\/10425"}],"collection":[{"href":"https:\/\/evertonfc.cz\/index.php\/wp-json\/wp\/v2\/posts"}],"about":[{"href":"https:\/\/evertonfc.cz\/index.php\/wp-json\/wp\/v2\/types\/post"}],"author":[{"embeddable":true,"href":"https:\/\/evertonfc.cz\/index.php\/wp-json\/wp\/v2\/users\/1"}],"replies":[{"embeddable":true,"href":"https:\/\/evertonfc.cz\/index.php\/wp-json\/wp\/v2\/comments?post=10425"}],"version-history":[{"count":7,"href":"https:\/\/evertonfc.cz\/index.php\/wp-json\/wp\/v2\/posts\/10425\/revisions"}],"predecessor-version":[{"id":10876,"href":"https:\/\/evertonfc.cz\/index.php\/wp-json\/wp\/v2\/posts\/10425\/revisions\/10876"}],"wp:featuredmedia":[{"embeddable":true,"href":"https:\/\/evertonfc.cz\/index.php\/wp-json\/wp\/v2\/media\/10424"}],"wp:attachment":[{"href":"https:\/\/evertonfc.cz\/index.php\/wp-json\/wp\/v2\/media?parent=10425"}],"wp:term":[{"taxonomy":"category","embeddable":true,"href":"https:\/\/evertonfc.cz\/index.php\/wp-json\/wp\/v2\/categories?post=10425"},{"taxonomy":"post_tag","embeddable":true,"href":"https:\/\/evertonfc.cz\/index.php\/wp-json\/wp\/v2\/tags?post=10425"}],"curies":[{"name":"wp","href":"https:\/\/api.w.org\/{rel}","templated":true}]}}