{"id":10431,"date":"2020-03-09T06:00:27","date_gmt":"2020-03-09T05:00:27","guid":{"rendered":"https:\/\/evertonfc.cz\/?p=10431"},"modified":"2020-03-20T13:19:14","modified_gmt":"2020-03-20T12:19:14","slug":"davide-ancelotti-vaha-mena","status":"publish","type":"post","link":"https:\/\/evertonfc.cz\/index.php\/2020\/03\/09\/davide-ancelotti-vaha-mena\/","title":{"rendered":"Davide Ancelotti: V\u00e1ha mena"},"content":{"rendered":"<h4><span lang=\"SK\">Asistent mana\u017e\u00e9ra nesie na svojich pleciach \u0165a\u017ek\u00e9 bremeno rovnak\u00e9ho priezviska. Spolu v\u0161ak presk\u00e1kali viac futbalov\u00fdch dobrodru\u017estiev ako ktoko\u013evek in\u00fd.<\/span><\/h4>\n<p>By\u0165 synom velik\u00e1na vie by\u0165 trest aj po\u017eehnanie z\u00e1rove\u0148. Ako najmlad\u0161\u00ed tr\u00e9nersk\u00fd asistent v\u00a0Premier League, tridsa\u0165ro\u010dn\u00fd Davide, naroden\u00fd v\u00a0Parme 22. j\u00fala 1989, to v\u0161ak berie s\u00a0prostoduchos\u0165ou \u017eivota. Je to tak, nezmen\u00ed to a\u00a0preto sa zmieren\u00fd sna\u017e\u00ed z\u00a0tejto situ\u00e1cie vy\u0165a\u017ei\u0165 maximum pre svojich zverencov, nech je kdeko\u013evek.<\/p>\n<p><em>\u201eSamozrejme, v\u017edy je tam kv\u00f4li menu tento druh tlaku, ktor\u00fd m\u00e1m na ramen\u00e1ch. Ale pre m\u0148a je to extra motiv\u00e1cia uk\u00e1za\u0165 moje schopnosti a\u00a0znalosti ako tr\u00e9nera. N\u00fati ma to pracova\u0165 tvrd\u0161ie ka\u017ed\u00fd de\u0148. Zvykol som si prip\u00fa\u0161\u0165a\u0165 ten tlak, postupom \u010dasu som sa v\u0161ak nau\u010dil s\u00a0t\u00fdm \u017ei\u0165 a\u00a0premenil som to na moju v\u00fdhodu. Jedn\u00e9ho d\u0148a sa chcem sta\u0165 mana\u017e\u00e9rom, tak\u017ee m\u00e1m v \u0148om perfektn\u00fd pr\u00edklad. V\u00a0tomto oh\u013eade m\u00e1m ve\u013ek\u00e9 \u0161\u0165astie by\u0165 jeho synom. Pod\u013ea m\u0148a je to t\u00e1 najlep\u0161ia vec na svete, ktor\u00e1 sa v\u00e1m m\u00f4\u017ee sta\u0165, ak chcete by\u0165 mana\u017e\u00e9rom.\u201c<\/em><\/p>\n<p>Ako hr\u00e1\u010d, na rozdiel od jeho otca, najvy\u0161\u0161iu \u00farove\u0148 nikdy neok\u00fasil. Najprv p\u00f4sobil v\u00a0ml\u00e1de\u017en\u00edckych v\u00fdberoch AC Mil\u00e1no, ktor\u00e9 vtedy viedol pr\u00e1ve Ancelotti star\u0161\u00ed. Nesk\u00f4r, ale na kr\u00e1tko, prest\u00fapil do Borgomanera. Klubu, ktor\u00fd hr\u00e1 na amat\u00e9rskej \u00farovni, moment\u00e1lne v\u00a0piatej (region\u00e1lnej) lige.<\/p>\n<p><em>\u201eKe\u010f otec prestal s\u00a0futbalom, mal som len dva roky. \u00c1no, iste\u017ee som videl vide\u00e1 z\u00a0jeho kari\u00e9ry. Nestrie\u013eal ve\u013ea g\u00f3lov, ale zop\u00e1r pekn\u00fdch dal. Bol to dobr\u00fd hr\u00e1\u010d, dobr\u00fd z\u00e1lo\u017en\u00edk. Ja som ale nehral futbal na vysokej \u00farovni. Bol som pr\u00edli\u0161 pomal\u00fd. Moja hlava st\u00edhala, ale moje nohy nie.\u201c<\/em><\/p>\n<p><em>\u201eNezvl\u00e1dali v\u0161etko, \u010do po nich moja myse\u013e chcela. Nemal som dostatok talentu, aby som sa stal profesion\u00e1lnym hr\u00e1\u010dom. Ale v\u0161imol som si, \u017ee futbal bola moja v\u00e1\u0161e\u0148 odkedy som bol die\u0165a. Vyr\u00e1stol som s\u00a0moj\u00edm otcom prakticky v\u00a0\u0161atni. V\u017edy som vedel \u017ee mus\u00edm robi\u0165 to, \u010do rob\u00edm. Je to m\u00f4j \u017eivot.<\/em>\u201c<\/p>\n<p><em>\u201eKe\u010f som sa potom rozhodol presta\u0165 vo veku 22\/23 rokov,\u00a0za\u010dal som \u0161t\u00fadium. \u0160tudoval som \u0161portov\u00fa vedu v\u00a0Taliansku a\u00a0hne\u010f po \u0161t\u00fadiu som i\u0161iel do Par\u00ed\u017ea, kde som pracoval v\u00a0akad\u00e9mii. Vtedy mi bolo 24 a\u00a0v\u00a0Taliansku si nem\u00f4\u017eete spravi\u0165 tr\u00e9nersk\u00fa licenciu a\u017e k\u00fdm nie ste tridsiatnik. Tak\u017ee som tam za\u010dal ako kondi\u010dn\u00fd tr\u00e9ner.\u201c<\/em><\/p>\n<p><em>\u201eA\u00a0ke\u010f\u017ee v\u00a0dne\u0161nom futbale je pod\u013ea m\u0148a k\u013e\u00fa\u010dov\u00e9, aby mal tr\u00e9ner znalosti zo \u0161portovej vedy, bol to skvel\u00fd prv\u00fd krok k\u00a0mana\u017eovaniu. Spolu s\u00a0otcom sme i\u0161li potom do Madridu v roku\u00a02013. Ostali sme tam dve sez\u00f3ny a potom som si za\u010dal robi\u0165 svoju prv\u00fa tr\u00e9nersk\u00fa licenciu a\u00a0stal som sa asistentom tr\u00e9nera v\u00a0Mn\u00edchove, Neapole a\u00a0teraz sme tu\u201c<\/em><\/p>\n<p>Nie ka\u017ed\u00e9mu sa dostane tak\u00e9 privil\u00e9gium pracova\u0165 so svetov\u00fdmi hviezdami, a e\u0161te k tomu v tak mladom veku. Odkedy sa syn pripojil k otcovmu t\u00edmu, junior za\u017eil len tie najv\u00e4\u010d\u0161ie kluby, najlep\u0161ie zariadenia a najprofesion\u00e1lnej\u0161\u00ed pr\u00edstup. Fan\u00fa\u0161ikovia m\u00f4\u017eu len d\u00fafa\u0165, \u017ee tieto sk\u00fasenosti vyu\u017eije na transform\u00e1ciu Evertonu.<\/p>\n<p><em>\u201eMus\u00edm poveda\u0165, \u017ee op\u00e4\u0165 som bol die\u0165a \u0161\u0165asteny, ke\u010f som mohol spozna\u0165 tak\u00fdch hr\u00e1\u010dov, preto\u017ee otec pracoval len s\u00a0najlep\u0161\u00edmi. Nau\u010dil som sa a\u00a0videl som, ako sa ve\u013ek\u00ed hr\u00e1\u010di spr\u00e1vaj\u00fa. Je to obrovsk\u00e1 sk\u00fasenos\u0165 a\u00a0chcem si z\u00a0toho zobra\u0165 \u010do najviac do m\u00f4jho s\u00fa\u010dasn\u00e9ho aj bud\u00faceho \u017eivota, m\u00f4c\u0165 to zu\u017eitkova\u0165.\u201c<\/em><\/p>\n<p><em>\u201eSprvu bolo sk\u013eu\u010duj\u00face pracova\u0165 s\u00a0hr\u00e1\u010dmi tak\u00e9ho kalibru. Ste z\u00a0nich v\u00a0jednom kuse ohromen\u00fd. Ale koniec koncov, je to moja pr\u00e1ca, tak\u017ee mus\u00edm by\u0165 profesion\u00e1l a vyu\u017ei\u0165 moje znalosti najlep\u0161ie ako viem.\u00a0Prin\u00fati\u0165 \u013eud\u00ed veri\u0165 v\u00a0to, \u010do hovor\u00edm. Ak sa vyzn\u00e1te a\u00a0viete o\u00a0\u010dom hovor\u00edte, nakoniec v\u00e1m musia uveri\u0165.<\/em><\/p>\n<p><em>\u201eHr\u00e1\u010d m\u00f4\u017ee za\u010da\u0165 d\u00f4verova\u0165 svojmu tr\u00e9nerovi a\u017e vtedy, ke\u010f spozn\u00e1, \u017ee jeho pokyny prin\u00e1\u0161aj\u00fa na ihrisku re\u00e1lny rozdiel. Potom v\u00f4bec nez\u00e1le\u017e\u00ed ako sa vol\u00e1te a\u00a0koho ste syn. Ste prosto tr\u00e9ner. Ke\u010f som sa v\u00a0Mn\u00edchove stal asistentom mana\u017e\u00e9ra, za\u010dal som riadi\u0165 \u010das\u0165 tr\u00e9ningov, technick\u00e9 n\u00e1cviky, pr\u00edpravu strat\u00e9gii z\u00e1pasov.\u201c<\/em><\/p>\n<p><em>\u201eVtedy som za\u010dal ma\u0165 v\u00e4\u010d\u0161iu zodpovednos\u0165. Aj som sa c\u00edtil na to pripraven\u00fd. M\u00f4j otec d\u00e1va ve\u013ea zodpovednosti svoj\u00edm hr\u00e1\u010dom aj realiza\u010dn\u00e9mu t\u00edmu. A\u00a0pre asistenta je to len dobre. Lebo aj ke\u010f m\u00f4\u017eete spravi\u0165 chyby, rovnako sa z\u00a0nich m\u00f4\u017eete pou\u010di\u0165. Pod\u013ea m\u0148a, ke\u010f mana\u017e\u00e9r dok\u00e1\u017ee do ve\u013ekej miery d\u00f4verova\u0165 svoj\u00edm \u013eu\u010fom, \u010do nie je \u013eahk\u00e9 ak je l\u00edder, preukazuje to jeho kvalitu.\u201c<\/em><\/p>\n<p>Davide Ancelotti hovor\u00ed \u0161tyrmi cudz\u00edmi jazykmi \u2013 anglicky, franc\u00fazsky, nemecky a\u00a0\u0161panielsky. Vo v\u0161etk\u00fdch t\u00fdchto krajin\u00e1ch, vr\u00e1tene Talianska, pracoval a\u00a0nabral nemal\u00e9 sk\u00fasenosti, preto mu r\u00fdchla adapt\u00e1cia nerob\u00ed probl\u00e9my. Vo svojej profesii je odborn\u00edk a\u00a0po\u010d\u00fava ho aj otec, inak prirodzen\u00e1 autorita.<\/p>\n<p><em>\u201eM\u00e1m te\u00f3riu, \u017ee futbal je jeden jazyk a\u00a0v\u00a0r\u00f4znych krajin\u00e1ch mus\u00edte zvl\u00e1dnu\u0165 jeho pr\u00edzvuky. Mus\u00edte zvl\u00e1dnu\u0165 kult\u00faru danej krajiny a\u00a0r\u00f4zne okolnosti, napr\u00edklad aj po\u010dasie. D\u013a\u017eka tr\u00e9ningov sa napr\u00edklad m\u00f4\u017ee l\u00ed\u0161i\u0165. A ma\u0165 mo\u017enos\u0165 hovori\u0165 r\u00f4znymi jazykmi v\u00e1m to pravda\u017ee u\u013eah\u010d\u00ed. Mysl\u00edm, \u017ee sa m\u00f4\u017eeme\u00a0Anglicku ve\u013emi r\u00fdchlo prisp\u00f4sobi\u0165.\u201c<\/em><\/p>\n<p><em>\u201eTr\u00e9ningov\u00e9 jednotky na ostrovoch s\u00fa napr\u00edklad omnoho intenz\u00edvnej\u0161ie ako kdeko\u013evek inde, ale s\u00fa krat\u0161ie. V\u00a0Taliansku s\u00fa dlh\u0161ie, aj kv\u00f4li po\u010dasiu. Ak je vonku pr\u00edli\u0161 chladno, nem\u00f4\u017eete str\u00e1vi\u0165 s\u00a0hr\u00e1\u010dmi cel\u00fd de\u0148 pod hol\u00fdm nebom. Mus\u00edte tr\u00e9nova\u0165 krat\u0161ie, ale o\u00a0to intenz\u00edvnej\u0161ie. Aj tak\u00fd m\u00e1 na futbal vplyv po\u010dasie.\u201c<\/em><\/p>\n<p>Pr\u00edchod v\u00a0strede sez\u00f3ny so sebou v\u017edy prin\u00e1\u0161a v\u00fdzvy. Obzvl\u00e1\u0161\u0165 ak prich\u00e1dzate pozdvihn\u00fa\u0165 t\u00edm, ktor\u00e9mu sa a\u017e tak nedar\u00ed. Na v\u0161etko je menej \u010dasu a\u00a0neust\u00e1ly zhon m\u00e1 ur\u010dite vplyv aj v\u00fdsledky, ktor\u00e9 si \u017eiadaj\u00fa okam\u017eit\u00fa zmenu, najlep\u0161ie n\u00e1pravu. Tie na\u0161e sa zdaj\u00fa v\u00a0poriadku, a\u00a0mo\u017eno viac ne\u017e to. \u010cakaj\u00fa n\u00e1s kone\u010dne lep\u0161ie \u010dasy?<\/p>\n<p><em>\u201eZatia\u013e sa mi tu p\u00e1\u010di, m\u00e1m dobr\u00fd vz\u0165ah so v\u0161etk\u00fdmi. Prirodzene v\u0161ak potrebujeme \u010das sa spozna\u0165 navz\u00e1jom. Za\u010diatok bol r\u00fdchly. Len sme pri\u0161li a\u00a0hne\u010f sme hrali z\u00e1pasy. A\u017e nesk\u00f4r sme dostali viac priestoru na spolupr\u00e1cu a\u00a0vz\u00e1jomn\u00e9 porozumenie. Podrobn\u00e9 zozn\u00e1menie sa typol\u00f3giou hr\u00e1\u010dov a\u00a0anal\u00fdzou ich hry.\u201c<\/em><\/p>\n<p><em>\u201eOd prv\u00e9ho d\u0148a na m\u0148a spravil dojem pocit spolupatri\u010dnosti v\u00a0klube. Ka\u017ed\u00fd tento klub miluje a\u00a0vy to m\u00f4\u017eete c\u00edti\u0165 od prvej chv\u00edle. Od fan\u00fa\u0161ikov a\u017e po zamestnancov. Je to nie\u010do in\u00e9. Aj spolupr\u00e1ca s\u00a0takou legendou, akou je Duncan Ferguson, v\u00e1m d\u00e1va ten pocit. C\u00edtite, \u017ee klub naozaj miluje, tak\u017ee sa to pren\u00e1\u0161a aj na v\u00e1s.\u201c<\/em><\/p>\n<p><em>\u201eMal som pr\u00edle\u017eitos\u0165 pracova\u0165 pre ve\u013ek\u00e9 kluby a\u00a0mysl\u00edm, \u017ee Everton disponuje v\u0161etk\u00fdm potrebn\u00fdm na to, aby bol na rovnakej \u00farovni. Z\u00e1zemie m\u00e1 \u00fa\u017easn\u00e9, jedno z\u00a0najlep\u0161\u00edch v\u00a0Eur\u00f3pe. V\u017edy sme bojovali o\u00a0tituly a\u00a0to ist\u00e9 chceme robi\u0165 aj tu. To je na\u0161a mentalita, tak\u00fa m\u00e1 m\u00f4j otec a\u00a0chceme ju prinies\u0165 aj sem.\u201c<\/em><\/p>\n<p style=\"text-align: right;\"><a href=\"https:\/\/www.evertonfc.com\/news\/1635086\/watch-davide-ancelotti-on-why-everton-can-match-the-best\" target=\"_blank\" rel=\"noopener noreferrer\">(p\u00f4vodn\u00fd rozhovor\/foto zdroj: evertonfc.com)<\/a><\/p>\n","protected":false},"excerpt":{"rendered":"<p>Asistent mana\u017e\u00e9ra nesie na svojich pleciach \u0165a\u017ek\u00e9 bremeno rovnak\u00e9ho priezviska. Spolu v\u0161ak presk\u00e1kali viac futbalov\u00fdch dobrodru\u017estiev ako ktoko\u013evek in\u00fd.<\/p>\n","protected":false},"author":1,"featured_media":10432,"comment_status":"open","ping_status":"closed","sticky":false,"template":"","format":"standard","meta":{"_eb_attr":"","_monsterinsights_skip_tracking":false,"_monsterinsights_sitenote_active":false,"_monsterinsights_sitenote_note":"","_monsterinsights_sitenote_category":0,"footnotes":""},"categories":[1],"tags":[],"yoast_head":"<!-- This site is optimized with the Yoast SEO plugin v23.4 - https:\/\/yoast.com\/wordpress\/plugins\/seo\/ -->\n<title>Davide Ancelotti: V\u00e1ha mena - Official Czech &amp; Slovak Everton Supporters&#039; Club<\/title>\n<meta name=\"robots\" content=\"index, follow, max-snippet:-1, max-image-preview:large, max-video-preview:-1\" \/>\n<link rel=\"canonical\" href=\"https:\/\/evertonfc.cz\/index.php\/2020\/03\/09\/davide-ancelotti-vaha-mena\/\" \/>\n<meta property=\"og:locale\" content=\"cs_CZ\" \/>\n<meta property=\"og:type\" content=\"article\" \/>\n<meta property=\"og:title\" content=\"Davide Ancelotti: V\u00e1ha mena - Official Czech &amp; Slovak Everton Supporters&#039; Club\" \/>\n<meta property=\"og:description\" content=\"Asistent mana\u017e\u00e9ra nesie na svojich pleciach \u0165a\u017ek\u00e9 bremeno rovnak\u00e9ho priezviska. Spolu v\u0161ak presk\u00e1kali viac futbalov\u00fdch dobrodru\u017estiev ako ktoko\u013evek in\u00fd.\" \/>\n<meta property=\"og:url\" content=\"https:\/\/evertonfc.cz\/index.php\/2020\/03\/09\/davide-ancelotti-vaha-mena\/\" \/>\n<meta property=\"og:site_name\" content=\"Official Czech &amp; Slovak Everton Supporters&#039; Club\" \/>\n<meta property=\"article:publisher\" content=\"https:\/\/www.facebook.com\/everton.fans.cz.sk\" \/>\n<meta property=\"article:published_time\" content=\"2020-03-09T05:00:27+00:00\" \/>\n<meta property=\"article:modified_time\" content=\"2020-03-20T12:19:14+00:00\" \/>\n<meta property=\"og:image\" content=\"https:\/\/evertonfc.cz\/wp-content\/uploads\/2020\/03\/Davide-Ancelotti-6-3-2020.jpg\" \/>\n\t<meta property=\"og:image:width\" content=\"720\" \/>\n\t<meta property=\"og:image:height\" content=\"405\" \/>\n\t<meta property=\"og:image:type\" content=\"image\/jpeg\" \/>\n<meta name=\"author\" content=\"BlueBlooded\" \/>\n<meta name=\"twitter:card\" content=\"summary_large_image\" \/>\n<meta name=\"twitter:label1\" content=\"Napsal(a)\" \/>\n\t<meta name=\"twitter:data1\" content=\"BlueBlooded\" \/>\n\t<meta name=\"twitter:label2\" content=\"Odhadovan\u00e1 doba \u010dten\u00ed\" \/>\n\t<meta name=\"twitter:data2\" content=\"7 minut\" \/>\n<script type=\"application\/ld+json\" class=\"yoast-schema-graph\">{\"@context\":\"https:\/\/schema.org\",\"@graph\":[{\"@type\":\"Article\",\"@id\":\"https:\/\/evertonfc.cz\/index.php\/2020\/03\/09\/davide-ancelotti-vaha-mena\/#article\",\"isPartOf\":{\"@id\":\"https:\/\/evertonfc.cz\/index.php\/2020\/03\/09\/davide-ancelotti-vaha-mena\/\"},\"author\":{\"name\":\"BlueBlooded\",\"@id\":\"https:\/\/evertonfc.cz\/#\/schema\/person\/d4493b8cbea51532597fbc4685698916\"},\"headline\":\"Davide Ancelotti: V\u00e1ha mena\",\"datePublished\":\"2020-03-09T05:00:27+00:00\",\"dateModified\":\"2020-03-20T12:19:14+00:00\",\"mainEntityOfPage\":{\"@id\":\"https:\/\/evertonfc.cz\/index.php\/2020\/03\/09\/davide-ancelotti-vaha-mena\/\"},\"wordCount\":1391,\"commentCount\":0,\"publisher\":{\"@id\":\"https:\/\/evertonfc.cz\/#organization\"},\"image\":{\"@id\":\"https:\/\/evertonfc.cz\/index.php\/2020\/03\/09\/davide-ancelotti-vaha-mena\/#primaryimage\"},\"thumbnailUrl\":\"https:\/\/evertonfc.cz\/wp-content\/uploads\/2020\/03\/Davide-Ancelotti-6-3-2020.jpg\",\"articleSection\":[\"Rozhovory\"],\"inLanguage\":\"cs\",\"potentialAction\":[{\"@type\":\"CommentAction\",\"name\":\"Comment\",\"target\":[\"https:\/\/evertonfc.cz\/index.php\/2020\/03\/09\/davide-ancelotti-vaha-mena\/#respond\"]}]},{\"@type\":\"WebPage\",\"@id\":\"https:\/\/evertonfc.cz\/index.php\/2020\/03\/09\/davide-ancelotti-vaha-mena\/\",\"url\":\"https:\/\/evertonfc.cz\/index.php\/2020\/03\/09\/davide-ancelotti-vaha-mena\/\",\"name\":\"Davide Ancelotti: V\u00e1ha mena - Official Czech &amp; Slovak Everton Supporters&#039; Club\",\"isPartOf\":{\"@id\":\"https:\/\/evertonfc.cz\/#website\"},\"primaryImageOfPage\":{\"@id\":\"https:\/\/evertonfc.cz\/index.php\/2020\/03\/09\/davide-ancelotti-vaha-mena\/#primaryimage\"},\"image\":{\"@id\":\"https:\/\/evertonfc.cz\/index.php\/2020\/03\/09\/davide-ancelotti-vaha-mena\/#primaryimage\"},\"thumbnailUrl\":\"https:\/\/evertonfc.cz\/wp-content\/uploads\/2020\/03\/Davide-Ancelotti-6-3-2020.jpg\",\"datePublished\":\"2020-03-09T05:00:27+00:00\",\"dateModified\":\"2020-03-20T12:19:14+00:00\",\"breadcrumb\":{\"@id\":\"https:\/\/evertonfc.cz\/index.php\/2020\/03\/09\/davide-ancelotti-vaha-mena\/#breadcrumb\"},\"inLanguage\":\"cs\",\"potentialAction\":[{\"@type\":\"ReadAction\",\"target\":[\"https:\/\/evertonfc.cz\/index.php\/2020\/03\/09\/davide-ancelotti-vaha-mena\/\"]}]},{\"@type\":\"ImageObject\",\"inLanguage\":\"cs\",\"@id\":\"https:\/\/evertonfc.cz\/index.php\/2020\/03\/09\/davide-ancelotti-vaha-mena\/#primaryimage\",\"url\":\"https:\/\/evertonfc.cz\/wp-content\/uploads\/2020\/03\/Davide-Ancelotti-6-3-2020.jpg\",\"contentUrl\":\"https:\/\/evertonfc.cz\/wp-content\/uploads\/2020\/03\/Davide-Ancelotti-6-3-2020.jpg\",\"width\":720,\"height\":405},{\"@type\":\"BreadcrumbList\",\"@id\":\"https:\/\/evertonfc.cz\/index.php\/2020\/03\/09\/davide-ancelotti-vaha-mena\/#breadcrumb\",\"itemListElement\":[{\"@type\":\"ListItem\",\"position\":1,\"name\":\"Home\",\"item\":\"https:\/\/evertonfc.cz\/\"},{\"@type\":\"ListItem\",\"position\":2,\"name\":\"Davide Ancelotti: V\u00e1ha mena\"}]},{\"@type\":\"WebSite\",\"@id\":\"https:\/\/evertonfc.cz\/#website\",\"url\":\"https:\/\/evertonfc.cz\/\",\"name\":\"Official Czech &amp; Slovak Everton Supporters&#039; Club\",\"description\":\"\",\"publisher\":{\"@id\":\"https:\/\/evertonfc.cz\/#organization\"},\"potentialAction\":[{\"@type\":\"SearchAction\",\"target\":{\"@type\":\"EntryPoint\",\"urlTemplate\":\"https:\/\/evertonfc.cz\/?s={search_term_string}\"},\"query-input\":{\"@type\":\"PropertyValueSpecification\",\"valueRequired\":true,\"valueName\":\"search_term_string\"}}],\"inLanguage\":\"cs\"},{\"@type\":\"Organization\",\"@id\":\"https:\/\/evertonfc.cz\/#organization\",\"name\":\"Official Czech & Slovak Everton Supporters' Club\",\"url\":\"https:\/\/evertonfc.cz\/\",\"logo\":{\"@type\":\"ImageObject\",\"inLanguage\":\"cs\",\"@id\":\"https:\/\/evertonfc.cz\/#\/schema\/logo\/image\/\",\"url\":\"https:\/\/evertonfc.cz\/wp-content\/uploads\/2019\/05\/logo.png\",\"contentUrl\":\"https:\/\/evertonfc.cz\/wp-content\/uploads\/2019\/05\/logo.png\",\"width\":112,\"height\":112,\"caption\":\"Official Czech & Slovak Everton Supporters' Club\"},\"image\":{\"@id\":\"https:\/\/evertonfc.cz\/#\/schema\/logo\/image\/\"},\"sameAs\":[\"https:\/\/www.facebook.com\/everton.fans.cz.sk\"]},{\"@type\":\"Person\",\"@id\":\"https:\/\/evertonfc.cz\/#\/schema\/person\/d4493b8cbea51532597fbc4685698916\",\"name\":\"BlueBlooded\",\"url\":\"https:\/\/evertonfc.cz\/index.php\/author\/admin\/\"}]}<\/script>\n<!-- \/ Yoast SEO plugin. -->","yoast_head_json":{"title":"Davide Ancelotti: V\u00e1ha mena - Official Czech &amp; Slovak Everton Supporters&#039; Club","robots":{"index":"index","follow":"follow","max-snippet":"max-snippet:-1","max-image-preview":"max-image-preview:large","max-video-preview":"max-video-preview:-1"},"canonical":"https:\/\/evertonfc.cz\/index.php\/2020\/03\/09\/davide-ancelotti-vaha-mena\/","og_locale":"cs_CZ","og_type":"article","og_title":"Davide Ancelotti: V\u00e1ha mena - Official Czech &amp; Slovak Everton Supporters&#039; Club","og_description":"Asistent mana\u017e\u00e9ra nesie na svojich pleciach \u0165a\u017ek\u00e9 bremeno rovnak\u00e9ho priezviska. Spolu v\u0161ak presk\u00e1kali viac futbalov\u00fdch dobrodru\u017estiev ako ktoko\u013evek in\u00fd.","og_url":"https:\/\/evertonfc.cz\/index.php\/2020\/03\/09\/davide-ancelotti-vaha-mena\/","og_site_name":"Official Czech &amp; Slovak Everton Supporters&#039; Club","article_publisher":"https:\/\/www.facebook.com\/everton.fans.cz.sk","article_published_time":"2020-03-09T05:00:27+00:00","article_modified_time":"2020-03-20T12:19:14+00:00","og_image":[{"width":720,"height":405,"url":"https:\/\/evertonfc.cz\/wp-content\/uploads\/2020\/03\/Davide-Ancelotti-6-3-2020.jpg","type":"image\/jpeg"}],"author":"BlueBlooded","twitter_card":"summary_large_image","twitter_misc":{"Napsal(a)":"BlueBlooded","Odhadovan\u00e1 doba \u010dten\u00ed":"7 minut"},"schema":{"@context":"https:\/\/schema.org","@graph":[{"@type":"Article","@id":"https:\/\/evertonfc.cz\/index.php\/2020\/03\/09\/davide-ancelotti-vaha-mena\/#article","isPartOf":{"@id":"https:\/\/evertonfc.cz\/index.php\/2020\/03\/09\/davide-ancelotti-vaha-mena\/"},"author":{"name":"BlueBlooded","@id":"https:\/\/evertonfc.cz\/#\/schema\/person\/d4493b8cbea51532597fbc4685698916"},"headline":"Davide Ancelotti: V\u00e1ha mena","datePublished":"2020-03-09T05:00:27+00:00","dateModified":"2020-03-20T12:19:14+00:00","mainEntityOfPage":{"@id":"https:\/\/evertonfc.cz\/index.php\/2020\/03\/09\/davide-ancelotti-vaha-mena\/"},"wordCount":1391,"commentCount":0,"publisher":{"@id":"https:\/\/evertonfc.cz\/#organization"},"image":{"@id":"https:\/\/evertonfc.cz\/index.php\/2020\/03\/09\/davide-ancelotti-vaha-mena\/#primaryimage"},"thumbnailUrl":"https:\/\/evertonfc.cz\/wp-content\/uploads\/2020\/03\/Davide-Ancelotti-6-3-2020.jpg","articleSection":["Rozhovory"],"inLanguage":"cs","potentialAction":[{"@type":"CommentAction","name":"Comment","target":["https:\/\/evertonfc.cz\/index.php\/2020\/03\/09\/davide-ancelotti-vaha-mena\/#respond"]}]},{"@type":"WebPage","@id":"https:\/\/evertonfc.cz\/index.php\/2020\/03\/09\/davide-ancelotti-vaha-mena\/","url":"https:\/\/evertonfc.cz\/index.php\/2020\/03\/09\/davide-ancelotti-vaha-mena\/","name":"Davide Ancelotti: V\u00e1ha mena - Official Czech &amp; Slovak Everton Supporters&#039; Club","isPartOf":{"@id":"https:\/\/evertonfc.cz\/#website"},"primaryImageOfPage":{"@id":"https:\/\/evertonfc.cz\/index.php\/2020\/03\/09\/davide-ancelotti-vaha-mena\/#primaryimage"},"image":{"@id":"https:\/\/evertonfc.cz\/index.php\/2020\/03\/09\/davide-ancelotti-vaha-mena\/#primaryimage"},"thumbnailUrl":"https:\/\/evertonfc.cz\/wp-content\/uploads\/2020\/03\/Davide-Ancelotti-6-3-2020.jpg","datePublished":"2020-03-09T05:00:27+00:00","dateModified":"2020-03-20T12:19:14+00:00","breadcrumb":{"@id":"https:\/\/evertonfc.cz\/index.php\/2020\/03\/09\/davide-ancelotti-vaha-mena\/#breadcrumb"},"inLanguage":"cs","potentialAction":[{"@type":"ReadAction","target":["https:\/\/evertonfc.cz\/index.php\/2020\/03\/09\/davide-ancelotti-vaha-mena\/"]}]},{"@type":"ImageObject","inLanguage":"cs","@id":"https:\/\/evertonfc.cz\/index.php\/2020\/03\/09\/davide-ancelotti-vaha-mena\/#primaryimage","url":"https:\/\/evertonfc.cz\/wp-content\/uploads\/2020\/03\/Davide-Ancelotti-6-3-2020.jpg","contentUrl":"https:\/\/evertonfc.cz\/wp-content\/uploads\/2020\/03\/Davide-Ancelotti-6-3-2020.jpg","width":720,"height":405},{"@type":"BreadcrumbList","@id":"https:\/\/evertonfc.cz\/index.php\/2020\/03\/09\/davide-ancelotti-vaha-mena\/#breadcrumb","itemListElement":[{"@type":"ListItem","position":1,"name":"Home","item":"https:\/\/evertonfc.cz\/"},{"@type":"ListItem","position":2,"name":"Davide Ancelotti: V\u00e1ha mena"}]},{"@type":"WebSite","@id":"https:\/\/evertonfc.cz\/#website","url":"https:\/\/evertonfc.cz\/","name":"Official Czech &amp; Slovak Everton Supporters&#039; Club","description":"","publisher":{"@id":"https:\/\/evertonfc.cz\/#organization"},"potentialAction":[{"@type":"SearchAction","target":{"@type":"EntryPoint","urlTemplate":"https:\/\/evertonfc.cz\/?s={search_term_string}"},"query-input":{"@type":"PropertyValueSpecification","valueRequired":true,"valueName":"search_term_string"}}],"inLanguage":"cs"},{"@type":"Organization","@id":"https:\/\/evertonfc.cz\/#organization","name":"Official Czech & Slovak Everton Supporters' Club","url":"https:\/\/evertonfc.cz\/","logo":{"@type":"ImageObject","inLanguage":"cs","@id":"https:\/\/evertonfc.cz\/#\/schema\/logo\/image\/","url":"https:\/\/evertonfc.cz\/wp-content\/uploads\/2019\/05\/logo.png","contentUrl":"https:\/\/evertonfc.cz\/wp-content\/uploads\/2019\/05\/logo.png","width":112,"height":112,"caption":"Official Czech & Slovak Everton Supporters' Club"},"image":{"@id":"https:\/\/evertonfc.cz\/#\/schema\/logo\/image\/"},"sameAs":["https:\/\/www.facebook.com\/everton.fans.cz.sk"]},{"@type":"Person","@id":"https:\/\/evertonfc.cz\/#\/schema\/person\/d4493b8cbea51532597fbc4685698916","name":"BlueBlooded","url":"https:\/\/evertonfc.cz\/index.php\/author\/admin\/"}]}},"_links":{"self":[{"href":"https:\/\/evertonfc.cz\/index.php\/wp-json\/wp\/v2\/posts\/10431"}],"collection":[{"href":"https:\/\/evertonfc.cz\/index.php\/wp-json\/wp\/v2\/posts"}],"about":[{"href":"https:\/\/evertonfc.cz\/index.php\/wp-json\/wp\/v2\/types\/post"}],"author":[{"embeddable":true,"href":"https:\/\/evertonfc.cz\/index.php\/wp-json\/wp\/v2\/users\/1"}],"replies":[{"embeddable":true,"href":"https:\/\/evertonfc.cz\/index.php\/wp-json\/wp\/v2\/comments?post=10431"}],"version-history":[{"count":5,"href":"https:\/\/evertonfc.cz\/index.php\/wp-json\/wp\/v2\/posts\/10431\/revisions"}],"predecessor-version":[{"id":10522,"href":"https:\/\/evertonfc.cz\/index.php\/wp-json\/wp\/v2\/posts\/10431\/revisions\/10522"}],"wp:featuredmedia":[{"embeddable":true,"href":"https:\/\/evertonfc.cz\/index.php\/wp-json\/wp\/v2\/media\/10432"}],"wp:attachment":[{"href":"https:\/\/evertonfc.cz\/index.php\/wp-json\/wp\/v2\/media?parent=10431"}],"wp:term":[{"taxonomy":"category","embeddable":true,"href":"https:\/\/evertonfc.cz\/index.php\/wp-json\/wp\/v2\/categories?post=10431"},{"taxonomy":"post_tag","embeddable":true,"href":"https:\/\/evertonfc.cz\/index.php\/wp-json\/wp\/v2\/tags?post=10431"}],"curies":[{"name":"wp","href":"https:\/\/api.w.org\/{rel}","templated":true}]}}