{"id":10437,"date":"2020-03-06T20:05:25","date_gmt":"2020-03-06T19:05:25","guid":{"rendered":"https:\/\/evertonfc.cz\/?p=10437"},"modified":"2020-03-07T08:14:39","modified_gmt":"2020-03-07T07:14:39","slug":"prodlouzil-take-calvert-lewin","status":"publish","type":"post","link":"https:\/\/evertonfc.cz\/index.php\/2020\/03\/06\/prodlouzil-take-calvert-lewin\/","title":{"rendered":"Prodlou\u017eil tak\u00e9 Calvert-Lewin"},"content":{"rendered":"<h4><a href=\"https:\/\/evertonfc.cz\/index.php\/2020\/03\/04\/holgate-sa-zaviazal-evertonu\/\" target=\"_blank\" rel=\"noopener noreferrer\">Kr\u00e1tce po Masonovi Holgateovi<\/a>\u00a0stvrdila svou budoucnost v Evertonu dal\u0161\u00ed leto\u0161n\u00ed mlad\u00e1 kometa. Tak\u00e9 Dominic Calvert-Lewin prodlou\u017eil kontrakt do l\u00e9ta 2025.<\/h4>\n<p>22let\u00fd \u00fato\u010dn\u00edk p\u0159estoupil na Goodison Park v roce 2016 ze Sheffieldu United za 1,5 milionu liber a v modr\u00e9m dresu odehr\u00e1l ji\u017e p\u0159es stovku z\u00e1pas\u016f.<\/p>\n<p>Aktu\u00e1ln\u011b &#8211; po letech tvrd\u00e9 pr\u00e1ce a nab\u00edr\u00e1n\u00ed zku\u0161enost\u00ed se seniorsk\u00fdm fotbalem &#8211; pro\u017e\u00edv\u00e1 nejlep\u0161\u00ed obdob\u00ed sv\u00e9 kari\u00e9ry. Pod taktovkou mana\u017eera Carla Ancelottiho, kter\u00fd byl jmenov\u00e1n do funkce mana\u017eera Evertonu p\u0159ed v\u00e1no\u010dn\u00edmi sv\u00e1tky, se objevil v z\u00e1kladn\u00ed sestav\u011b ve v\u0161ech deseti ligov\u00fdch kolech, v nich\u017e vst\u0159elil osm branek, nejv\u00edce z cel\u00e9 ligy.<\/p>\n<p>Suma sum\u00e1rum zaznamenal v prob\u00edhaj\u00edc\u00ed sez\u00f3n\u011b u\u017e 15 sout\u011b\u017en\u00edch branek (z toho 13 ligov\u00fdch) a nejen\u017ee je nejlep\u0161\u00edm st\u0159elcem Toffees, ale rovn\u011b\u017e d\u00e1vno vylep\u0161il sv\u00e9 sez\u00f3nn\u00ed maximum, je\u017e stanovil lo\u0148sk\u00fdmi osmi g\u00f3ly.<\/p>\n<blockquote class=\"twitter-tweet\">\n<p dir=\"ltr\" lang=\"und\">\u270d\ufe0f | DCL 2025! <a href=\"https:\/\/twitter.com\/hashtag\/EFC?src=hash&amp;ref_src=twsrc%5Etfw\">#EFC<\/a> ? <a href=\"https:\/\/t.co\/A1CGJO0tZa\">pic.twitter.com\/A1CGJO0tZa<\/a><\/p>\n<p>\u2014 Everton (@Everton) <a href=\"https:\/\/twitter.com\/Everton\/status\/1235988543077519362?ref_src=twsrc%5Etfw\">March 6, 2020<\/a><\/p><\/blockquote>\n<p><script async src=\"https:\/\/platform.twitter.com\/widgets.js\" charset=\"utf-8\"><\/script><\/p>\n<p>Calvert-Lewin podpisem smlouvy prodlou\u017eil kontrakt o dva roky a v\u00a0bezprost\u0159edn\u00edm rozhovoru pro klubovou televizi neskr\u00fdval radost: <em>\u201eJe to pro m\u011b velk\u00fd den. Od za\u010d\u00e1tku anga\u017em\u00e1 v Evertonu pro\u017e\u00edv\u00e1m skv\u011bl\u00e9 \u010dasy a s netrp\u011blivost\u00ed vyhl\u00ed\u017e\u00edm ka\u017ed\u00fd nov\u00fd den. <\/em><\/p>\n<p><em>Od prosincov\u00e9mu obratu k lep\u0161\u00edmu m\u00e1me fantastickou atmosf\u00e9ru v t\u00fdmu. Nabyli jsme ztracen\u00e9 sebev\u011bdom\u00ed a op\u011bt si trouf\u00e1me v konfrontaci se \u0161pi\u010dkov\u00fdmi mu\u017estvy. S Carlem jako vrchn\u00edm velitelem je jednodu\u0161e sna\u017e\u00ed v\u011b\u0159it ambici\u00f3zn\u00edm pl\u00e1n\u016fm klubu.<\/em><\/p>\n<p><em>Chceme hr\u00e1t evropsk\u00e9 poh\u00e1ry, b\u00fdt ve spole\u010dnosti t\u011bch nejlep\u0161\u00edch a rovn\u011b\u017e se pokusit vyhr\u00e1vat trofeje.<\/em><\/p>\n<p><em>Po osobn\u00ed str\u00e1nce bych r\u00e1d ud\u011blal dal\u0161\u00ed krok vp\u0159ed. St\u00e1t se evertonsk\u00fdm \u010d\u00edslem dev\u011bt p\u0159edstavuje obrovskou motivaci, snad jsem ji\u017e nazna\u010dil sv\u00fdmi v\u00fdkony, \u017ee mohu dost\u00e1t vysok\u00fdm o\u010dek\u00e1v\u00e1n\u00edm. Na druhou stranu jsem si dob\u0159e v\u011bdom, o kolik se je\u0161t\u011b mus\u00edm zlep\u0161it, a kde je m\u016fj potenci\u00e1l. <\/em><\/p>\n<p><em>Celkov\u011b jsem ale moment\u00e1ln\u011b velmi spokojen, miluji hr\u00e1t za Everton.\u201c<\/em><\/p>\n<p>Vynese ho jeho sou\u010dasn\u00e1 fazona na letn\u00ed mistrovstv\u00ed Evropy v\u00a0barv\u00e1ch Anglie?<\/p>\n","protected":false},"excerpt":{"rendered":"<p>Kr\u00e1tce po Masonovi Holgateovi stvrdila svou budoucnost v Evertonu dal\u0161\u00ed leto\u0161n\u00ed mlad\u00e1 kometa. Tak\u00e9 Dominic Calvert-Lewin prodlou\u017eil kontrakt do l\u00e9ta 2025.<\/p>\n","protected":false},"author":6,"featured_media":10436,"comment_status":"open","ping_status":"closed","sticky":false,"template":"","format":"standard","meta":{"_eb_attr":"","_monsterinsights_skip_tracking":false,"_monsterinsights_sitenote_active":false,"_monsterinsights_sitenote_note":"","_monsterinsights_sitenote_category":0,"footnotes":""},"categories":[42],"tags":[],"yoast_head":"<!-- This site is optimized with the Yoast SEO plugin v23.4 - https:\/\/yoast.com\/wordpress\/plugins\/seo\/ -->\n<title>Prodlou\u017eil tak\u00e9 Calvert-Lewin - Official Czech &amp; Slovak Everton Supporters&#039; Club<\/title>\n<meta name=\"robots\" content=\"index, follow, max-snippet:-1, max-image-preview:large, max-video-preview:-1\" \/>\n<link rel=\"canonical\" href=\"https:\/\/evertonfc.cz\/index.php\/2020\/03\/06\/prodlouzil-take-calvert-lewin\/\" \/>\n<meta property=\"og:locale\" content=\"cs_CZ\" \/>\n<meta property=\"og:type\" content=\"article\" \/>\n<meta property=\"og:title\" content=\"Prodlou\u017eil tak\u00e9 Calvert-Lewin - Official Czech &amp; Slovak Everton Supporters&#039; Club\" \/>\n<meta property=\"og:description\" content=\"Kr\u00e1tce po Masonovi Holgateovi stvrdila svou budoucnost v Evertonu dal\u0161\u00ed leto\u0161n\u00ed mlad\u00e1 kometa. Tak\u00e9 Dominic Calvert-Lewin prodlou\u017eil kontrakt do l\u00e9ta 2025.\" \/>\n<meta property=\"og:url\" content=\"https:\/\/evertonfc.cz\/index.php\/2020\/03\/06\/prodlouzil-take-calvert-lewin\/\" \/>\n<meta property=\"og:site_name\" content=\"Official Czech &amp; Slovak Everton Supporters&#039; Club\" \/>\n<meta property=\"article:publisher\" content=\"https:\/\/www.facebook.com\/everton.fans.cz.sk\" \/>\n<meta property=\"article:published_time\" content=\"2020-03-06T19:05:25+00:00\" \/>\n<meta property=\"article:modified_time\" content=\"2020-03-07T07:14:39+00:00\" \/>\n<meta property=\"og:image\" content=\"https:\/\/evertonfc.cz\/wp-content\/uploads\/2020\/03\/dcl_6_3_2020.jpg\" \/>\n\t<meta property=\"og:image:width\" content=\"720\" \/>\n\t<meta property=\"og:image:height\" content=\"405\" \/>\n\t<meta property=\"og:image:type\" content=\"image\/jpeg\" \/>\n<meta name=\"author\" content=\"Ri\u010di\" \/>\n<meta name=\"twitter:card\" content=\"summary_large_image\" \/>\n<meta name=\"twitter:creator\" content=\"@rbrejsa\" \/>\n<meta name=\"twitter:label1\" content=\"Napsal(a)\" \/>\n\t<meta name=\"twitter:data1\" content=\"Ri\u010di\" \/>\n\t<meta name=\"twitter:label2\" content=\"Odhadovan\u00e1 doba \u010dten\u00ed\" \/>\n\t<meta name=\"twitter:data2\" content=\"2 minuty\" \/>\n<script type=\"application\/ld+json\" class=\"yoast-schema-graph\">{\"@context\":\"https:\/\/schema.org\",\"@graph\":[{\"@type\":\"Article\",\"@id\":\"https:\/\/evertonfc.cz\/index.php\/2020\/03\/06\/prodlouzil-take-calvert-lewin\/#article\",\"isPartOf\":{\"@id\":\"https:\/\/evertonfc.cz\/index.php\/2020\/03\/06\/prodlouzil-take-calvert-lewin\/\"},\"author\":{\"name\":\"Ri\u010di\",\"@id\":\"https:\/\/evertonfc.cz\/#\/schema\/person\/f7a5daedb2ffee98480bc70e191aaef1\"},\"headline\":\"Prodlou\u017eil tak\u00e9 Calvert-Lewin\",\"datePublished\":\"2020-03-06T19:05:25+00:00\",\"dateModified\":\"2020-03-07T07:14:39+00:00\",\"mainEntityOfPage\":{\"@id\":\"https:\/\/evertonfc.cz\/index.php\/2020\/03\/06\/prodlouzil-take-calvert-lewin\/\"},\"wordCount\":409,\"commentCount\":1,\"publisher\":{\"@id\":\"https:\/\/evertonfc.cz\/#organization\"},\"image\":{\"@id\":\"https:\/\/evertonfc.cz\/index.php\/2020\/03\/06\/prodlouzil-take-calvert-lewin\/#primaryimage\"},\"thumbnailUrl\":\"https:\/\/evertonfc.cz\/wp-content\/uploads\/2020\/03\/dcl_6_3_2020.jpg\",\"articleSection\":[\"Aktuality\"],\"inLanguage\":\"cs\",\"potentialAction\":[{\"@type\":\"CommentAction\",\"name\":\"Comment\",\"target\":[\"https:\/\/evertonfc.cz\/index.php\/2020\/03\/06\/prodlouzil-take-calvert-lewin\/#respond\"]}]},{\"@type\":\"WebPage\",\"@id\":\"https:\/\/evertonfc.cz\/index.php\/2020\/03\/06\/prodlouzil-take-calvert-lewin\/\",\"url\":\"https:\/\/evertonfc.cz\/index.php\/2020\/03\/06\/prodlouzil-take-calvert-lewin\/\",\"name\":\"Prodlou\u017eil tak\u00e9 Calvert-Lewin - Official Czech &amp; Slovak Everton Supporters&#039; Club\",\"isPartOf\":{\"@id\":\"https:\/\/evertonfc.cz\/#website\"},\"primaryImageOfPage\":{\"@id\":\"https:\/\/evertonfc.cz\/index.php\/2020\/03\/06\/prodlouzil-take-calvert-lewin\/#primaryimage\"},\"image\":{\"@id\":\"https:\/\/evertonfc.cz\/index.php\/2020\/03\/06\/prodlouzil-take-calvert-lewin\/#primaryimage\"},\"thumbnailUrl\":\"https:\/\/evertonfc.cz\/wp-content\/uploads\/2020\/03\/dcl_6_3_2020.jpg\",\"datePublished\":\"2020-03-06T19:05:25+00:00\",\"dateModified\":\"2020-03-07T07:14:39+00:00\",\"breadcrumb\":{\"@id\":\"https:\/\/evertonfc.cz\/index.php\/2020\/03\/06\/prodlouzil-take-calvert-lewin\/#breadcrumb\"},\"inLanguage\":\"cs\",\"potentialAction\":[{\"@type\":\"ReadAction\",\"target\":[\"https:\/\/evertonfc.cz\/index.php\/2020\/03\/06\/prodlouzil-take-calvert-lewin\/\"]}]},{\"@type\":\"ImageObject\",\"inLanguage\":\"cs\",\"@id\":\"https:\/\/evertonfc.cz\/index.php\/2020\/03\/06\/prodlouzil-take-calvert-lewin\/#primaryimage\",\"url\":\"https:\/\/evertonfc.cz\/wp-content\/uploads\/2020\/03\/dcl_6_3_2020.jpg\",\"contentUrl\":\"https:\/\/evertonfc.cz\/wp-content\/uploads\/2020\/03\/dcl_6_3_2020.jpg\",\"width\":720,\"height\":405},{\"@type\":\"BreadcrumbList\",\"@id\":\"https:\/\/evertonfc.cz\/index.php\/2020\/03\/06\/prodlouzil-take-calvert-lewin\/#breadcrumb\",\"itemListElement\":[{\"@type\":\"ListItem\",\"position\":1,\"name\":\"Home\",\"item\":\"https:\/\/evertonfc.cz\/\"},{\"@type\":\"ListItem\",\"position\":2,\"name\":\"Prodlou\u017eil tak\u00e9 Calvert-Lewin\"}]},{\"@type\":\"WebSite\",\"@id\":\"https:\/\/evertonfc.cz\/#website\",\"url\":\"https:\/\/evertonfc.cz\/\",\"name\":\"Official Czech &amp; Slovak Everton Supporters&#039; Club\",\"description\":\"\",\"publisher\":{\"@id\":\"https:\/\/evertonfc.cz\/#organization\"},\"potentialAction\":[{\"@type\":\"SearchAction\",\"target\":{\"@type\":\"EntryPoint\",\"urlTemplate\":\"https:\/\/evertonfc.cz\/?s={search_term_string}\"},\"query-input\":{\"@type\":\"PropertyValueSpecification\",\"valueRequired\":true,\"valueName\":\"search_term_string\"}}],\"inLanguage\":\"cs\"},{\"@type\":\"Organization\",\"@id\":\"https:\/\/evertonfc.cz\/#organization\",\"name\":\"Official Czech & Slovak Everton Supporters' Club\",\"url\":\"https:\/\/evertonfc.cz\/\",\"logo\":{\"@type\":\"ImageObject\",\"inLanguage\":\"cs\",\"@id\":\"https:\/\/evertonfc.cz\/#\/schema\/logo\/image\/\",\"url\":\"https:\/\/evertonfc.cz\/wp-content\/uploads\/2019\/05\/logo.png\",\"contentUrl\":\"https:\/\/evertonfc.cz\/wp-content\/uploads\/2019\/05\/logo.png\",\"width\":112,\"height\":112,\"caption\":\"Official Czech & Slovak Everton Supporters' Club\"},\"image\":{\"@id\":\"https:\/\/evertonfc.cz\/#\/schema\/logo\/image\/\"},\"sameAs\":[\"https:\/\/www.facebook.com\/everton.fans.cz.sk\"]},{\"@type\":\"Person\",\"@id\":\"https:\/\/evertonfc.cz\/#\/schema\/person\/f7a5daedb2ffee98480bc70e191aaef1\",\"name\":\"Ri\u010di\",\"sameAs\":[\"https:\/\/x.com\/rbrejsa\"],\"url\":\"https:\/\/evertonfc.cz\/index.php\/author\/rici\/\"}]}<\/script>\n<!-- \/ Yoast SEO plugin. -->","yoast_head_json":{"title":"Prodlou\u017eil tak\u00e9 Calvert-Lewin - Official Czech &amp; Slovak Everton Supporters&#039; Club","robots":{"index":"index","follow":"follow","max-snippet":"max-snippet:-1","max-image-preview":"max-image-preview:large","max-video-preview":"max-video-preview:-1"},"canonical":"https:\/\/evertonfc.cz\/index.php\/2020\/03\/06\/prodlouzil-take-calvert-lewin\/","og_locale":"cs_CZ","og_type":"article","og_title":"Prodlou\u017eil tak\u00e9 Calvert-Lewin - Official Czech &amp; Slovak Everton Supporters&#039; Club","og_description":"Kr\u00e1tce po Masonovi Holgateovi stvrdila svou budoucnost v Evertonu dal\u0161\u00ed leto\u0161n\u00ed mlad\u00e1 kometa. Tak\u00e9 Dominic Calvert-Lewin prodlou\u017eil kontrakt do l\u00e9ta 2025.","og_url":"https:\/\/evertonfc.cz\/index.php\/2020\/03\/06\/prodlouzil-take-calvert-lewin\/","og_site_name":"Official Czech &amp; Slovak Everton Supporters&#039; Club","article_publisher":"https:\/\/www.facebook.com\/everton.fans.cz.sk","article_published_time":"2020-03-06T19:05:25+00:00","article_modified_time":"2020-03-07T07:14:39+00:00","og_image":[{"width":720,"height":405,"url":"https:\/\/evertonfc.cz\/wp-content\/uploads\/2020\/03\/dcl_6_3_2020.jpg","type":"image\/jpeg"}],"author":"Ri\u010di","twitter_card":"summary_large_image","twitter_creator":"@rbrejsa","twitter_misc":{"Napsal(a)":"Ri\u010di","Odhadovan\u00e1 doba \u010dten\u00ed":"2 minuty"},"schema":{"@context":"https:\/\/schema.org","@graph":[{"@type":"Article","@id":"https:\/\/evertonfc.cz\/index.php\/2020\/03\/06\/prodlouzil-take-calvert-lewin\/#article","isPartOf":{"@id":"https:\/\/evertonfc.cz\/index.php\/2020\/03\/06\/prodlouzil-take-calvert-lewin\/"},"author":{"name":"Ri\u010di","@id":"https:\/\/evertonfc.cz\/#\/schema\/person\/f7a5daedb2ffee98480bc70e191aaef1"},"headline":"Prodlou\u017eil tak\u00e9 Calvert-Lewin","datePublished":"2020-03-06T19:05:25+00:00","dateModified":"2020-03-07T07:14:39+00:00","mainEntityOfPage":{"@id":"https:\/\/evertonfc.cz\/index.php\/2020\/03\/06\/prodlouzil-take-calvert-lewin\/"},"wordCount":409,"commentCount":1,"publisher":{"@id":"https:\/\/evertonfc.cz\/#organization"},"image":{"@id":"https:\/\/evertonfc.cz\/index.php\/2020\/03\/06\/prodlouzil-take-calvert-lewin\/#primaryimage"},"thumbnailUrl":"https:\/\/evertonfc.cz\/wp-content\/uploads\/2020\/03\/dcl_6_3_2020.jpg","articleSection":["Aktuality"],"inLanguage":"cs","potentialAction":[{"@type":"CommentAction","name":"Comment","target":["https:\/\/evertonfc.cz\/index.php\/2020\/03\/06\/prodlouzil-take-calvert-lewin\/#respond"]}]},{"@type":"WebPage","@id":"https:\/\/evertonfc.cz\/index.php\/2020\/03\/06\/prodlouzil-take-calvert-lewin\/","url":"https:\/\/evertonfc.cz\/index.php\/2020\/03\/06\/prodlouzil-take-calvert-lewin\/","name":"Prodlou\u017eil tak\u00e9 Calvert-Lewin - Official Czech &amp; Slovak Everton Supporters&#039; Club","isPartOf":{"@id":"https:\/\/evertonfc.cz\/#website"},"primaryImageOfPage":{"@id":"https:\/\/evertonfc.cz\/index.php\/2020\/03\/06\/prodlouzil-take-calvert-lewin\/#primaryimage"},"image":{"@id":"https:\/\/evertonfc.cz\/index.php\/2020\/03\/06\/prodlouzil-take-calvert-lewin\/#primaryimage"},"thumbnailUrl":"https:\/\/evertonfc.cz\/wp-content\/uploads\/2020\/03\/dcl_6_3_2020.jpg","datePublished":"2020-03-06T19:05:25+00:00","dateModified":"2020-03-07T07:14:39+00:00","breadcrumb":{"@id":"https:\/\/evertonfc.cz\/index.php\/2020\/03\/06\/prodlouzil-take-calvert-lewin\/#breadcrumb"},"inLanguage":"cs","potentialAction":[{"@type":"ReadAction","target":["https:\/\/evertonfc.cz\/index.php\/2020\/03\/06\/prodlouzil-take-calvert-lewin\/"]}]},{"@type":"ImageObject","inLanguage":"cs","@id":"https:\/\/evertonfc.cz\/index.php\/2020\/03\/06\/prodlouzil-take-calvert-lewin\/#primaryimage","url":"https:\/\/evertonfc.cz\/wp-content\/uploads\/2020\/03\/dcl_6_3_2020.jpg","contentUrl":"https:\/\/evertonfc.cz\/wp-content\/uploads\/2020\/03\/dcl_6_3_2020.jpg","width":720,"height":405},{"@type":"BreadcrumbList","@id":"https:\/\/evertonfc.cz\/index.php\/2020\/03\/06\/prodlouzil-take-calvert-lewin\/#breadcrumb","itemListElement":[{"@type":"ListItem","position":1,"name":"Home","item":"https:\/\/evertonfc.cz\/"},{"@type":"ListItem","position":2,"name":"Prodlou\u017eil tak\u00e9 Calvert-Lewin"}]},{"@type":"WebSite","@id":"https:\/\/evertonfc.cz\/#website","url":"https:\/\/evertonfc.cz\/","name":"Official Czech &amp; Slovak Everton Supporters&#039; Club","description":"","publisher":{"@id":"https:\/\/evertonfc.cz\/#organization"},"potentialAction":[{"@type":"SearchAction","target":{"@type":"EntryPoint","urlTemplate":"https:\/\/evertonfc.cz\/?s={search_term_string}"},"query-input":{"@type":"PropertyValueSpecification","valueRequired":true,"valueName":"search_term_string"}}],"inLanguage":"cs"},{"@type":"Organization","@id":"https:\/\/evertonfc.cz\/#organization","name":"Official Czech & Slovak Everton Supporters' Club","url":"https:\/\/evertonfc.cz\/","logo":{"@type":"ImageObject","inLanguage":"cs","@id":"https:\/\/evertonfc.cz\/#\/schema\/logo\/image\/","url":"https:\/\/evertonfc.cz\/wp-content\/uploads\/2019\/05\/logo.png","contentUrl":"https:\/\/evertonfc.cz\/wp-content\/uploads\/2019\/05\/logo.png","width":112,"height":112,"caption":"Official Czech & Slovak Everton Supporters' Club"},"image":{"@id":"https:\/\/evertonfc.cz\/#\/schema\/logo\/image\/"},"sameAs":["https:\/\/www.facebook.com\/everton.fans.cz.sk"]},{"@type":"Person","@id":"https:\/\/evertonfc.cz\/#\/schema\/person\/f7a5daedb2ffee98480bc70e191aaef1","name":"Ri\u010di","sameAs":["https:\/\/x.com\/rbrejsa"],"url":"https:\/\/evertonfc.cz\/index.php\/author\/rici\/"}]}},"_links":{"self":[{"href":"https:\/\/evertonfc.cz\/index.php\/wp-json\/wp\/v2\/posts\/10437"}],"collection":[{"href":"https:\/\/evertonfc.cz\/index.php\/wp-json\/wp\/v2\/posts"}],"about":[{"href":"https:\/\/evertonfc.cz\/index.php\/wp-json\/wp\/v2\/types\/post"}],"author":[{"embeddable":true,"href":"https:\/\/evertonfc.cz\/index.php\/wp-json\/wp\/v2\/users\/6"}],"replies":[{"embeddable":true,"href":"https:\/\/evertonfc.cz\/index.php\/wp-json\/wp\/v2\/comments?post=10437"}],"version-history":[{"count":5,"href":"https:\/\/evertonfc.cz\/index.php\/wp-json\/wp\/v2\/posts\/10437\/revisions"}],"predecessor-version":[{"id":10443,"href":"https:\/\/evertonfc.cz\/index.php\/wp-json\/wp\/v2\/posts\/10437\/revisions\/10443"}],"wp:featuredmedia":[{"embeddable":true,"href":"https:\/\/evertonfc.cz\/index.php\/wp-json\/wp\/v2\/media\/10436"}],"wp:attachment":[{"href":"https:\/\/evertonfc.cz\/index.php\/wp-json\/wp\/v2\/media?parent=10437"}],"wp:term":[{"taxonomy":"category","embeddable":true,"href":"https:\/\/evertonfc.cz\/index.php\/wp-json\/wp\/v2\/categories?post=10437"},{"taxonomy":"post_tag","embeddable":true,"href":"https:\/\/evertonfc.cz\/index.php\/wp-json\/wp\/v2\/tags?post=10437"}],"curies":[{"name":"wp","href":"https:\/\/api.w.org\/{rel}","templated":true}]}}