{"id":10446,"date":"2020-03-07T12:14:02","date_gmt":"2020-03-07T11:14:02","guid":{"rendered":"https:\/\/evertonfc.cz\/?p=10446"},"modified":"2020-03-07T12:49:08","modified_gmt":"2020-03-07T11:49:08","slug":"preview-chelsea-everton-10","status":"publish","type":"post","link":"https:\/\/evertonfc.cz\/index.php\/2020\/03\/07\/preview-chelsea-everton-10\/","title":{"rendered":"Preview: Chelsea &#8211; Everton"},"content":{"rendered":"<h4>Kdy\u017e v sez\u00f3n\u011b 2009-10 vyhr\u00e1l Carlo Ancelotti s Chelsea double, tak v\u00fdrazn\u011b k oboj\u00edmu p\u0159isp\u011bl Frank Lampard. V ned\u011bli odpoledne se pachatel vr\u00e1t\u00ed na m\u00edsto \u010dinu a z pozice u\u010ditele p\u016fjde proti u\u010dedn\u00edkovi.<\/h4>\n<p>Evertonians po cel\u00e9m sv\u011bt\u011b maj\u00ed po minul\u00e9m ligov\u00e9m kole novou voodoo panenku. Jej\u00edm re\u00e1ln\u00fdm p\u0159edobrazem je Jonathan Moss. Ten v nastaven\u00e9m \u010dase utk\u00e1n\u00ed proti Manchesteru United z pozice videorozhod\u010d\u00edho neuznal vlastn\u00ed branku Harryho Maguira. Utk\u00e1n\u00ed tak skon\u010dilo rem\u00edzou, zd\u016fvodn\u011bn\u00ed <em>\u201eSigurdsson v ofsajdov\u00e9 pozici br\u00e1nil ve v\u00fdhledu De Geovi\u201c<\/em> je p\u0159inejmen\u0161\u00edm sporn\u00e9. Po z\u00e1v\u011bre\u010dn\u00e9m hvizdu do\u0161el za rozhod\u010d\u00edm Kavanaghem do st\u0159edov\u00e9ho kruhu mana\u017eer Evertonu Ancelotti a z\u0159ejm\u011b prob\u011bhla i jin\u00e1 slova ne\u017e\u00a0 <em>\u201ePros\u00edm V\u00e1s, mohl byste mi zd\u016fvodnit, pro\u010d ta branka neplatila?\u201c<\/em> Kavanagh tasil \u010dervenou, Ancelotti rad\u0161i zaplatil pokutu 8 tis\u00edc liber, ne\u017e aby se odvol\u00e1val, a tak si poprv\u00e9 v kari\u00e9\u0159e vyzkou\u0161\u00ed na Stamford Bridge v r\u00e1mci ligy lavi\u010dku host\u016f.<\/p>\n<p>A v\u016fbec nen\u00ed vylou\u010den\u00e9, \u017ee by si Toffees mohli n\u011bjak\u00fd ten bod odv\u00e9zt. Chelsea ligou moment\u00e1ln\u011b sp\u00ed\u0161e klop\u00fdt\u00e1, bilance 1-3-1 z posledn\u00edch p\u011bti ligov\u00fdch z\u00e1pas\u016f nen\u00ed v\u011bc, kterou by se Pensioners mohli chlubit. Klub m\u00e1 ambice hr\u00e1t aspo\u0148 kvalifikaci Ligy mistr\u016f (moment\u00e1ln\u011b je \u010dtvrt\u00fd), p\u0159i\u010dem\u017e minul\u00fd t\u00fdden v Bournemouthu byl r\u00e1d za vyrovn\u00e1vac\u00ed branku Alonsa v 85. minut\u011b na kone\u010dn\u00fdch 2:2. A kdy\u017e k tomu p\u0159i\u010dteme prohru 0:3 v dom\u00e1c\u00edm z\u00e1pase Ligy mistr\u016f od Bayernu, tak je jasn\u00e9, \u017ee Chelsea je r\u00e1da, \u017ee je r\u00e1da. Aspo\u0148 trochu si chu\u0165 spravili v\u00fdhrou 2:0 nad RS v osmifin\u00e1le Anglick\u00e9ho poh\u00e1ru, p\u0159i\u010dem\u017e jej\u00edm \u010dtvrtfin\u00e1lov\u00fdm soupe\u0159em bude na Filbert Street Leicester.<\/p>\n<p>Chyb\u011bt bude dom\u00e1c\u00edm n\u011bkolik hr\u00e1\u010d\u016f. Kova\u010di\u010de nepust\u00ed do z\u00e1pasu zran\u011bn\u00e1 achillovka, stejn\u00e9 zran\u011bn\u00ed m\u00e1 Willian a o jeho startu se rozhodne p\u0159ed z\u00e1pasem. Abraham nebude hr\u00e1t kv\u016fli zran\u011bn\u00e9mu kotn\u00edku, Hudson-Odoi se zranil op\u011bt a tentokr\u00e1t l\u00e9\u010d\u00ed p\u0159itahova\u010d stehenn\u00edho svalu. S otazn\u00edkem je nasazen\u00ed Kanteho kv\u016fli l\u00fdtku a Jorginho si odpyk\u00e1v\u00e1 trest. Posti\u017een je tedy p\u0159edev\u0161\u00edm st\u0159ed pole. Lampard tak m\u016f\u017ee b\u00fdt donucen postavit do st\u0159edu z\u00e1lohy dvojici Gilmour (osmn\u00e1ctilet\u00fd Skot, kter\u00fd zat\u00edm v PL odehr\u00e1l 11 minut) &#8211; Barkley (tohoto p\u00e1na fand\u016fm Evertonu pochopiteln\u011b nep\u0159edstavuji), kter\u00e1 spolu hr\u00e1la od za\u010d\u00e1tku v \u00fater\u00fd p\u0159i v\u00fdh\u0159e nad RS. Sympatick\u00e9 ale od mana\u017eera Chelsea je prohl\u00e1\u0161en\u00ed, \u017ee Ancelotti bude fandy dom\u00e1c\u00edch p\u0159iv\u00edt\u00e1n vl\u00eddn\u011b.<\/p>\n<p>Dobrou zpr\u00e1vou pro Everton je vyl\u00e9\u010den\u00e9 zran\u011bn\u00ed Digneho. O jeho startu v z\u00e1kladn\u00ed sestav\u011b se moc pochybovat ned\u00e1. Ale aby byla kv\u00f3ta jednoho zran\u011bn\u00e9ho krajn\u00edho obr\u00e1nce napln\u011bna, tak naopak se svalov\u00fdm zran\u011bn\u00edm ulehl Coleman. Jeho absence se odhaduje na 4-6 t\u00fddn\u016f a Sidib\u00e9 si tedy dost zahraje. Dal\u0161\u00edm zran\u011bn\u00fdm je Tosun, kter\u00fd si p\u0159i tr\u00e9ninku v Crystal Palace p\u0159etrhl p\u0159edn\u00ed zk\u0159\u00ed\u017een\u00fd kolenn\u00ed vaz a p\u0159\u00ed\u0161t\u00ed t\u00fdden se podrob\u00ed operaci. Ten si nezahraje n\u011bkolik m\u011bs\u00edc\u016f. V\u0161ichni ostatn\u00ed jsou v po\u0159\u00e1dku.<\/p>\n<p><strong>Co:\u00a0<\/strong>Chelsea FC &#8211; Everton FC, 29. kolo Premier League<\/p>\n<p><strong>Kdy:\u00a0<\/strong>8. 3. 2020 od 15:00<\/p>\n<p><strong>TV:\u00a0<\/strong>P\u0159\u00edm\u00fd p\u0159enos na stanici Premier Sport<\/p>\n<p><strong>Rozhod\u010d\u00ed: <\/strong>Kevin Friend &#8211; Adrian Holmes, Simon Beck\u00a0<strong>\u010ctvrt\u00fd rozhod\u010d\u00ed: <\/strong>Graham Scott<\/p>\n<p><strong>Videorozhod\u010d\u00ed<\/strong>: Martin Atkinson\u00a0<strong>Asistent videorozhod\u010d\u00edho: <\/strong>Lee Betts<\/p>\n","protected":false},"excerpt":{"rendered":"<p>Kdy\u017e v sez\u00f3n\u011b 2009-10 vyhr\u00e1l Carlo Ancelotti s Chelsea double, tak v\u00fdrazn\u011b k oboj\u00edmu p\u0159isp\u011bl Frank Lampard. V ned\u011bli odpoledne se pachatel vr\u00e1t\u00ed na m\u00edsto \u010dinu a z pozice u\u010ditele p\u016fjde proti u\u010dedn\u00edkovi.<\/p>\n","protected":false},"author":12,"featured_media":10448,"comment_status":"open","ping_status":"closed","sticky":false,"template":"","format":"standard","meta":{"_eb_attr":"","_monsterinsights_skip_tracking":false,"_monsterinsights_sitenote_active":false,"_monsterinsights_sitenote_note":"","_monsterinsights_sitenote_category":0,"footnotes":""},"categories":[4],"tags":[],"yoast_head":"<!-- This site is optimized with the Yoast SEO plugin v23.4 - https:\/\/yoast.com\/wordpress\/plugins\/seo\/ -->\n<title>Preview: Chelsea - Everton - Official Czech &amp; Slovak Everton Supporters&#039; Club<\/title>\n<meta name=\"robots\" content=\"index, follow, max-snippet:-1, max-image-preview:large, max-video-preview:-1\" \/>\n<link rel=\"canonical\" href=\"https:\/\/evertonfc.cz\/index.php\/2020\/03\/07\/preview-chelsea-everton-10\/\" \/>\n<meta property=\"og:locale\" content=\"cs_CZ\" \/>\n<meta property=\"og:type\" content=\"article\" \/>\n<meta property=\"og:title\" content=\"Preview: Chelsea - Everton - Official Czech &amp; Slovak Everton Supporters&#039; Club\" \/>\n<meta property=\"og:description\" content=\"Kdy\u017e v sez\u00f3n\u011b 2009-10 vyhr\u00e1l Carlo Ancelotti s Chelsea double, tak v\u00fdrazn\u011b k oboj\u00edmu p\u0159isp\u011bl Frank Lampard. V ned\u011bli odpoledne se pachatel vr\u00e1t\u00ed na m\u00edsto \u010dinu a z pozice u\u010ditele p\u016fjde proti u\u010dedn\u00edkovi.\" \/>\n<meta property=\"og:url\" content=\"https:\/\/evertonfc.cz\/index.php\/2020\/03\/07\/preview-chelsea-everton-10\/\" \/>\n<meta property=\"og:site_name\" content=\"Official Czech &amp; Slovak Everton Supporters&#039; Club\" \/>\n<meta property=\"article:publisher\" content=\"https:\/\/www.facebook.com\/everton.fans.cz.sk\" \/>\n<meta property=\"article:published_time\" content=\"2020-03-07T11:14:02+00:00\" \/>\n<meta property=\"article:modified_time\" content=\"2020-03-07T11:49:08+00:00\" \/>\n<meta property=\"og:image\" content=\"https:\/\/evertonfc.cz\/wp-content\/uploads\/2020\/03\/lampard_7_3_2020.jpg\" \/>\n\t<meta property=\"og:image:width\" content=\"720\" \/>\n\t<meta property=\"og:image:height\" content=\"405\" \/>\n\t<meta property=\"og:image:type\" content=\"image\/jpeg\" \/>\n<meta name=\"author\" content=\"Javor\" \/>\n<meta name=\"twitter:card\" content=\"summary_large_image\" \/>\n<meta name=\"twitter:creator\" content=\"@LoudinJan\" \/>\n<meta name=\"twitter:label1\" content=\"Napsal(a)\" \/>\n\t<meta name=\"twitter:data1\" content=\"Javor\" \/>\n\t<meta name=\"twitter:label2\" content=\"Odhadovan\u00e1 doba \u010dten\u00ed\" \/>\n\t<meta name=\"twitter:data2\" content=\"3 minuty\" \/>\n<script type=\"application\/ld+json\" class=\"yoast-schema-graph\">{\"@context\":\"https:\/\/schema.org\",\"@graph\":[{\"@type\":\"Article\",\"@id\":\"https:\/\/evertonfc.cz\/index.php\/2020\/03\/07\/preview-chelsea-everton-10\/#article\",\"isPartOf\":{\"@id\":\"https:\/\/evertonfc.cz\/index.php\/2020\/03\/07\/preview-chelsea-everton-10\/\"},\"author\":{\"name\":\"Javor\",\"@id\":\"https:\/\/evertonfc.cz\/#\/schema\/person\/b30daf6a5852f4811f8207a17ec1bf78\"},\"headline\":\"Preview: Chelsea &#8211; Everton\",\"datePublished\":\"2020-03-07T11:14:02+00:00\",\"dateModified\":\"2020-03-07T11:49:08+00:00\",\"mainEntityOfPage\":{\"@id\":\"https:\/\/evertonfc.cz\/index.php\/2020\/03\/07\/preview-chelsea-everton-10\/\"},\"wordCount\":649,\"commentCount\":14,\"publisher\":{\"@id\":\"https:\/\/evertonfc.cz\/#organization\"},\"image\":{\"@id\":\"https:\/\/evertonfc.cz\/index.php\/2020\/03\/07\/preview-chelsea-everton-10\/#primaryimage\"},\"thumbnailUrl\":\"https:\/\/evertonfc.cz\/wp-content\/uploads\/2020\/03\/lampard_7_3_2020.jpg\",\"articleSection\":[\"Z\u00e1pasy\"],\"inLanguage\":\"cs\",\"potentialAction\":[{\"@type\":\"CommentAction\",\"name\":\"Comment\",\"target\":[\"https:\/\/evertonfc.cz\/index.php\/2020\/03\/07\/preview-chelsea-everton-10\/#respond\"]}]},{\"@type\":\"WebPage\",\"@id\":\"https:\/\/evertonfc.cz\/index.php\/2020\/03\/07\/preview-chelsea-everton-10\/\",\"url\":\"https:\/\/evertonfc.cz\/index.php\/2020\/03\/07\/preview-chelsea-everton-10\/\",\"name\":\"Preview: Chelsea - Everton - Official Czech &amp; Slovak Everton Supporters&#039; Club\",\"isPartOf\":{\"@id\":\"https:\/\/evertonfc.cz\/#website\"},\"primaryImageOfPage\":{\"@id\":\"https:\/\/evertonfc.cz\/index.php\/2020\/03\/07\/preview-chelsea-everton-10\/#primaryimage\"},\"image\":{\"@id\":\"https:\/\/evertonfc.cz\/index.php\/2020\/03\/07\/preview-chelsea-everton-10\/#primaryimage\"},\"thumbnailUrl\":\"https:\/\/evertonfc.cz\/wp-content\/uploads\/2020\/03\/lampard_7_3_2020.jpg\",\"datePublished\":\"2020-03-07T11:14:02+00:00\",\"dateModified\":\"2020-03-07T11:49:08+00:00\",\"breadcrumb\":{\"@id\":\"https:\/\/evertonfc.cz\/index.php\/2020\/03\/07\/preview-chelsea-everton-10\/#breadcrumb\"},\"inLanguage\":\"cs\",\"potentialAction\":[{\"@type\":\"ReadAction\",\"target\":[\"https:\/\/evertonfc.cz\/index.php\/2020\/03\/07\/preview-chelsea-everton-10\/\"]}]},{\"@type\":\"ImageObject\",\"inLanguage\":\"cs\",\"@id\":\"https:\/\/evertonfc.cz\/index.php\/2020\/03\/07\/preview-chelsea-everton-10\/#primaryimage\",\"url\":\"https:\/\/evertonfc.cz\/wp-content\/uploads\/2020\/03\/lampard_7_3_2020.jpg\",\"contentUrl\":\"https:\/\/evertonfc.cz\/wp-content\/uploads\/2020\/03\/lampard_7_3_2020.jpg\",\"width\":720,\"height\":405},{\"@type\":\"BreadcrumbList\",\"@id\":\"https:\/\/evertonfc.cz\/index.php\/2020\/03\/07\/preview-chelsea-everton-10\/#breadcrumb\",\"itemListElement\":[{\"@type\":\"ListItem\",\"position\":1,\"name\":\"Home\",\"item\":\"https:\/\/evertonfc.cz\/\"},{\"@type\":\"ListItem\",\"position\":2,\"name\":\"Preview: Chelsea &#8211; Everton\"}]},{\"@type\":\"WebSite\",\"@id\":\"https:\/\/evertonfc.cz\/#website\",\"url\":\"https:\/\/evertonfc.cz\/\",\"name\":\"Official Czech &amp; Slovak Everton Supporters&#039; Club\",\"description\":\"\",\"publisher\":{\"@id\":\"https:\/\/evertonfc.cz\/#organization\"},\"potentialAction\":[{\"@type\":\"SearchAction\",\"target\":{\"@type\":\"EntryPoint\",\"urlTemplate\":\"https:\/\/evertonfc.cz\/?s={search_term_string}\"},\"query-input\":{\"@type\":\"PropertyValueSpecification\",\"valueRequired\":true,\"valueName\":\"search_term_string\"}}],\"inLanguage\":\"cs\"},{\"@type\":\"Organization\",\"@id\":\"https:\/\/evertonfc.cz\/#organization\",\"name\":\"Official Czech & Slovak Everton Supporters' Club\",\"url\":\"https:\/\/evertonfc.cz\/\",\"logo\":{\"@type\":\"ImageObject\",\"inLanguage\":\"cs\",\"@id\":\"https:\/\/evertonfc.cz\/#\/schema\/logo\/image\/\",\"url\":\"https:\/\/evertonfc.cz\/wp-content\/uploads\/2019\/05\/logo.png\",\"contentUrl\":\"https:\/\/evertonfc.cz\/wp-content\/uploads\/2019\/05\/logo.png\",\"width\":112,\"height\":112,\"caption\":\"Official Czech & Slovak Everton Supporters' Club\"},\"image\":{\"@id\":\"https:\/\/evertonfc.cz\/#\/schema\/logo\/image\/\"},\"sameAs\":[\"https:\/\/www.facebook.com\/everton.fans.cz.sk\"]},{\"@type\":\"Person\",\"@id\":\"https:\/\/evertonfc.cz\/#\/schema\/person\/b30daf6a5852f4811f8207a17ec1bf78\",\"name\":\"Javor\",\"sameAs\":[\"https:\/\/x.com\/LoudinJan\"],\"url\":\"https:\/\/evertonfc.cz\/index.php\/author\/javor\/\"}]}<\/script>\n<!-- \/ Yoast SEO plugin. -->","yoast_head_json":{"title":"Preview: Chelsea - Everton - Official Czech &amp; Slovak Everton Supporters&#039; Club","robots":{"index":"index","follow":"follow","max-snippet":"max-snippet:-1","max-image-preview":"max-image-preview:large","max-video-preview":"max-video-preview:-1"},"canonical":"https:\/\/evertonfc.cz\/index.php\/2020\/03\/07\/preview-chelsea-everton-10\/","og_locale":"cs_CZ","og_type":"article","og_title":"Preview: Chelsea - Everton - Official Czech &amp; Slovak Everton Supporters&#039; Club","og_description":"Kdy\u017e v sez\u00f3n\u011b 2009-10 vyhr\u00e1l Carlo Ancelotti s Chelsea double, tak v\u00fdrazn\u011b k oboj\u00edmu p\u0159isp\u011bl Frank Lampard. V ned\u011bli odpoledne se pachatel vr\u00e1t\u00ed na m\u00edsto \u010dinu a z pozice u\u010ditele p\u016fjde proti u\u010dedn\u00edkovi.","og_url":"https:\/\/evertonfc.cz\/index.php\/2020\/03\/07\/preview-chelsea-everton-10\/","og_site_name":"Official Czech &amp; Slovak Everton Supporters&#039; Club","article_publisher":"https:\/\/www.facebook.com\/everton.fans.cz.sk","article_published_time":"2020-03-07T11:14:02+00:00","article_modified_time":"2020-03-07T11:49:08+00:00","og_image":[{"width":720,"height":405,"url":"https:\/\/evertonfc.cz\/wp-content\/uploads\/2020\/03\/lampard_7_3_2020.jpg","type":"image\/jpeg"}],"author":"Javor","twitter_card":"summary_large_image","twitter_creator":"@LoudinJan","twitter_misc":{"Napsal(a)":"Javor","Odhadovan\u00e1 doba \u010dten\u00ed":"3 minuty"},"schema":{"@context":"https:\/\/schema.org","@graph":[{"@type":"Article","@id":"https:\/\/evertonfc.cz\/index.php\/2020\/03\/07\/preview-chelsea-everton-10\/#article","isPartOf":{"@id":"https:\/\/evertonfc.cz\/index.php\/2020\/03\/07\/preview-chelsea-everton-10\/"},"author":{"name":"Javor","@id":"https:\/\/evertonfc.cz\/#\/schema\/person\/b30daf6a5852f4811f8207a17ec1bf78"},"headline":"Preview: Chelsea &#8211; Everton","datePublished":"2020-03-07T11:14:02+00:00","dateModified":"2020-03-07T11:49:08+00:00","mainEntityOfPage":{"@id":"https:\/\/evertonfc.cz\/index.php\/2020\/03\/07\/preview-chelsea-everton-10\/"},"wordCount":649,"commentCount":14,"publisher":{"@id":"https:\/\/evertonfc.cz\/#organization"},"image":{"@id":"https:\/\/evertonfc.cz\/index.php\/2020\/03\/07\/preview-chelsea-everton-10\/#primaryimage"},"thumbnailUrl":"https:\/\/evertonfc.cz\/wp-content\/uploads\/2020\/03\/lampard_7_3_2020.jpg","articleSection":["Z\u00e1pasy"],"inLanguage":"cs","potentialAction":[{"@type":"CommentAction","name":"Comment","target":["https:\/\/evertonfc.cz\/index.php\/2020\/03\/07\/preview-chelsea-everton-10\/#respond"]}]},{"@type":"WebPage","@id":"https:\/\/evertonfc.cz\/index.php\/2020\/03\/07\/preview-chelsea-everton-10\/","url":"https:\/\/evertonfc.cz\/index.php\/2020\/03\/07\/preview-chelsea-everton-10\/","name":"Preview: Chelsea - Everton - Official Czech &amp; Slovak Everton Supporters&#039; Club","isPartOf":{"@id":"https:\/\/evertonfc.cz\/#website"},"primaryImageOfPage":{"@id":"https:\/\/evertonfc.cz\/index.php\/2020\/03\/07\/preview-chelsea-everton-10\/#primaryimage"},"image":{"@id":"https:\/\/evertonfc.cz\/index.php\/2020\/03\/07\/preview-chelsea-everton-10\/#primaryimage"},"thumbnailUrl":"https:\/\/evertonfc.cz\/wp-content\/uploads\/2020\/03\/lampard_7_3_2020.jpg","datePublished":"2020-03-07T11:14:02+00:00","dateModified":"2020-03-07T11:49:08+00:00","breadcrumb":{"@id":"https:\/\/evertonfc.cz\/index.php\/2020\/03\/07\/preview-chelsea-everton-10\/#breadcrumb"},"inLanguage":"cs","potentialAction":[{"@type":"ReadAction","target":["https:\/\/evertonfc.cz\/index.php\/2020\/03\/07\/preview-chelsea-everton-10\/"]}]},{"@type":"ImageObject","inLanguage":"cs","@id":"https:\/\/evertonfc.cz\/index.php\/2020\/03\/07\/preview-chelsea-everton-10\/#primaryimage","url":"https:\/\/evertonfc.cz\/wp-content\/uploads\/2020\/03\/lampard_7_3_2020.jpg","contentUrl":"https:\/\/evertonfc.cz\/wp-content\/uploads\/2020\/03\/lampard_7_3_2020.jpg","width":720,"height":405},{"@type":"BreadcrumbList","@id":"https:\/\/evertonfc.cz\/index.php\/2020\/03\/07\/preview-chelsea-everton-10\/#breadcrumb","itemListElement":[{"@type":"ListItem","position":1,"name":"Home","item":"https:\/\/evertonfc.cz\/"},{"@type":"ListItem","position":2,"name":"Preview: Chelsea &#8211; Everton"}]},{"@type":"WebSite","@id":"https:\/\/evertonfc.cz\/#website","url":"https:\/\/evertonfc.cz\/","name":"Official Czech &amp; Slovak Everton Supporters&#039; Club","description":"","publisher":{"@id":"https:\/\/evertonfc.cz\/#organization"},"potentialAction":[{"@type":"SearchAction","target":{"@type":"EntryPoint","urlTemplate":"https:\/\/evertonfc.cz\/?s={search_term_string}"},"query-input":{"@type":"PropertyValueSpecification","valueRequired":true,"valueName":"search_term_string"}}],"inLanguage":"cs"},{"@type":"Organization","@id":"https:\/\/evertonfc.cz\/#organization","name":"Official Czech & Slovak Everton Supporters' Club","url":"https:\/\/evertonfc.cz\/","logo":{"@type":"ImageObject","inLanguage":"cs","@id":"https:\/\/evertonfc.cz\/#\/schema\/logo\/image\/","url":"https:\/\/evertonfc.cz\/wp-content\/uploads\/2019\/05\/logo.png","contentUrl":"https:\/\/evertonfc.cz\/wp-content\/uploads\/2019\/05\/logo.png","width":112,"height":112,"caption":"Official Czech & Slovak Everton Supporters' Club"},"image":{"@id":"https:\/\/evertonfc.cz\/#\/schema\/logo\/image\/"},"sameAs":["https:\/\/www.facebook.com\/everton.fans.cz.sk"]},{"@type":"Person","@id":"https:\/\/evertonfc.cz\/#\/schema\/person\/b30daf6a5852f4811f8207a17ec1bf78","name":"Javor","sameAs":["https:\/\/x.com\/LoudinJan"],"url":"https:\/\/evertonfc.cz\/index.php\/author\/javor\/"}]}},"_links":{"self":[{"href":"https:\/\/evertonfc.cz\/index.php\/wp-json\/wp\/v2\/posts\/10446"}],"collection":[{"href":"https:\/\/evertonfc.cz\/index.php\/wp-json\/wp\/v2\/posts"}],"about":[{"href":"https:\/\/evertonfc.cz\/index.php\/wp-json\/wp\/v2\/types\/post"}],"author":[{"embeddable":true,"href":"https:\/\/evertonfc.cz\/index.php\/wp-json\/wp\/v2\/users\/12"}],"replies":[{"embeddable":true,"href":"https:\/\/evertonfc.cz\/index.php\/wp-json\/wp\/v2\/comments?post=10446"}],"version-history":[{"count":3,"href":"https:\/\/evertonfc.cz\/index.php\/wp-json\/wp\/v2\/posts\/10446\/revisions"}],"predecessor-version":[{"id":10450,"href":"https:\/\/evertonfc.cz\/index.php\/wp-json\/wp\/v2\/posts\/10446\/revisions\/10450"}],"wp:featuredmedia":[{"embeddable":true,"href":"https:\/\/evertonfc.cz\/index.php\/wp-json\/wp\/v2\/media\/10448"}],"wp:attachment":[{"href":"https:\/\/evertonfc.cz\/index.php\/wp-json\/wp\/v2\/media?parent=10446"}],"wp:term":[{"taxonomy":"category","embeddable":true,"href":"https:\/\/evertonfc.cz\/index.php\/wp-json\/wp\/v2\/categories?post=10446"},{"taxonomy":"post_tag","embeddable":true,"href":"https:\/\/evertonfc.cz\/index.php\/wp-json\/wp\/v2\/tags?post=10446"}],"curies":[{"name":"wp","href":"https:\/\/api.w.org\/{rel}","templated":true}]}}