{"id":10470,"date":"2020-03-10T18:27:55","date_gmt":"2020-03-10T17:27:55","guid":{"rendered":"https:\/\/evertonfc.cz\/?p=10470"},"modified":"2020-04-27T09:34:42","modified_gmt":"2020-04-27T07:34:42","slug":"prestup-ma-zelenu-hovori-sidibe","status":"publish","type":"post","link":"https:\/\/evertonfc.cz\/index.php\/2020\/03\/10\/prestup-ma-zelenu-hovori-sidibe\/","title":{"rendered":"Prestup m\u00e1 zelen\u00fa, hovor\u00ed Sidib\u00e9"},"content":{"rendered":"<h4>Djibril Sidib\u00e9 sa pre RMC Sport vyjadril, \u017ee z jeho strany ni\u010d nebr\u00e1ni tomu, aby v lete trvalo prest\u00fapil na Merseyside. Everton m\u00e1 na hr\u00e1\u010da opciu 12,9 mili\u00f3na libier.<\/h4>\n<p>Dvadsa\u0165sedemro\u010dn\u00fd prav\u00fd obranca p\u00f4vodom z\u00a0franc\u00fazskeho Troyes, ktor\u00fd do Goodison Parku prest\u00fapil na ro\u010dn\u00e9 hos\u0165ovanie z\u00a0Monaka, mal za \u00falohu poskytn\u00fa\u0165 dostato\u010dn\u00fa konkurenciu Seamusovi Colemanovi potom, \u010do bol Jonjoe Kenny pusten\u00fd zbiera\u0165 sk\u00fasenosti do Bundesligov\u00e9ho Schalke 04.<\/p>\n<p>Majster sveta za galsk\u00fdch koh\u00fatov z\u00a0roku 2018 nast\u00fapil t\u00fato sez\u00f3nu za Karamelky do 24 duelov a\u00a0pripravil hne\u010f p\u00e4\u0165 g\u00f3lov. <a href=\"https:\/\/evertonfc.cz\/index.php\/hracske-statistiky\/\">V rebr\u00ed\u010dku asistencii<\/a> mu teda patr\u00ed druh\u00e9 miesto, v\u00a0tesnom z\u00e1vese za Lucasom Dignem (6). Sidib\u00e9 si tak r\u00fdchlo z\u00edskal priaze\u0148 Marca Silvu a\u00a0aj na lavi\u010dke \u010derstv\u00fd Ancelotti oce\u0148uje jeho univerz\u00e1lnos\u0165.<\/p>\n<h4><strong><a href=\"https:\/\/evertonfc.cz\/index.php\/soupiska\/djibril-sidibe\/\">Djibril Sidib\u00e9:<\/a><\/strong><\/h4>\n<blockquote><p><em>\u201eMal som rozhovor s veden\u00edm Monaka, t\u00ed vedia o mojom postoji a ja o ich. Moj\u00edm cie\u013eom je hr\u00e1va\u0165 z\u00e1pasy s vysok\u00fdm nasaden\u00edm a pr\u00e1ve to som na\u0161iel v Premier League. \u010co sa t\u00fdka Evertonu, zaujal som stanovisko a viem aj mana\u017e\u00e9rovo (Ancelottiho). Nem\u00f4\u017eem ho prezradi\u0165, ale z mojej strany m\u00e1 v\u0161etko zelen\u00fa. M\u00e1<\/em><em>m tr\u00e9nerovu priaze\u0148, ver\u00ed vo m\u0148a.<\/em><\/p>\n<p><em>Potom s\u00fa tu v\u0161ak veci, nad ktor\u00fdmi nem\u00e1m kontrolu \u2013 postoj Monaka, Evertonu. Moj\u00edm cie\u013eom je odohra\u0165 \u010do najviac z\u00e1pasov do konca sez\u00f3ny, bl\u00ed\u017ei sa Euro 2020. Everton chce tie\u017e investova\u0165 a dosiahnu\u0165 eur\u00f3pske prie\u010dky. To mi imponuje. Uvid\u00edme, \u010do prinesie bud\u00facnos\u0165.\u201c\u00a0<\/em><\/p><\/blockquote>\n<p>Spomenut\u00e1 plodnos\u0165 v \u00fato\u010dnej tretine je na obrancu \u00factyhodn\u00fd po\u010din. Zd\u00e1 sa v\u0161ak, \u017ee ofenz\u00edva je ale to jedin\u00e9, v\u00a0\u010dom Djibril ako tak vynik\u00e1. Vo svojej kari\u00e9re toti\u017e hr\u00e1val aj na poste krajn\u00e9ho z\u00e1lo\u017en\u00edka. Preto jeho najlep\u0161ie v\u00fdkony prich\u00e1dzaj\u00fa s\u00a0poz\u00edcie wingbacka, odkia\u013e z\u00e1sobuje \u00fato\u010dn\u00edkov presn\u00fdmi centrami.<\/p>\n<p>Naopak, s\u00a0defenz\u00edvnej\u0161ou \u00falohou vych\u00e1dzaj\u00fa na povrch jeho slabiny. Tie spo\u010d\u00edvaj\u00fa v\u00a0\u010dastej\u00a0nekoncentrovanosti a zlej pozi\u010dnej hre. A\u00a0bohu\u017eia\u013e, pre hr\u00e1\u010da, ktor\u00fd by sa mal sta\u0165 jednotkou v\u00a0prvom rade na defenz\u00edvnom poste, je to naozaj neakceptovate\u013en\u00e9. Seamus Coleman mimo \u010dastej\u0161\u00edch zranen\u00ed pod\u00e1va stabilnej\u0161ie v\u00fdkony.<\/p>\n<p>Preto bude ve\u013emi zauj\u00edmav\u00e9, ako sa bude situ\u00e1cia \u010falej vyv\u00edja\u0165 a\u00a0\u010di sa Marcel Brands op\u00e4\u0165 blysne li\u0161iackym \u0165ahom. Intenz\u00edvne sa spom\u00ednal aj z\u00e1ujem \u010fal\u0161\u00edch klubov, tak\u017ee eventu\u00e1lne by mohol klub uplatni\u0165 opciu a\u00a0obratom hr\u00e1\u010da za mierny v\u00fdnos preda\u0165 \u010falej. Ale to je zatia\u013e v rovine \u017eelan\u00ed niektor\u00fdch fan\u00fa\u0161ikov.<\/p>\n<p><em>\u010co si mysl\u00edte vy? Mal by Everton premeni\u0165 hos\u0165ovanie Djibrila Sidib\u00e9ho na trval\u00fd prestup? Pode\u013ete sa o svoje n\u00e1zory koment\u00e1rom pod t\u00fdmto \u010dl\u00e1nkom, alebo ak ste e\u0161te tak neurobili, zahlasujte v na\u0161ej ankete na webe. <\/em>\u2192<\/p>\n","protected":false},"excerpt":{"rendered":"<p>Djibril Sidib\u00e9 sa pre RMC Sport vyjadril, \u017ee z jeho strany ni\u010d nebr\u00e1ni tomu, aby v lete trvalo prest\u00fapil na Merseyside. Everton m\u00e1 na hr\u00e1\u010da opciu 12,9 mili\u00f3na libier.<\/p>\n","protected":false},"author":1,"featured_media":10471,"comment_status":"open","ping_status":"closed","sticky":false,"template":"","format":"standard","meta":{"_eb_attr":"","_monsterinsights_skip_tracking":false,"_monsterinsights_sitenote_active":false,"_monsterinsights_sitenote_note":"","_monsterinsights_sitenote_category":0,"footnotes":""},"categories":[42],"tags":[],"yoast_head":"<!-- This site is optimized with the Yoast SEO plugin v23.4 - https:\/\/yoast.com\/wordpress\/plugins\/seo\/ -->\n<title>Prestup m\u00e1 zelen\u00fa, hovor\u00ed Sidib\u00e9 - Official Czech &amp; Slovak Everton Supporters&#039; Club<\/title>\n<meta name=\"robots\" content=\"index, follow, max-snippet:-1, max-image-preview:large, max-video-preview:-1\" \/>\n<link rel=\"canonical\" href=\"https:\/\/evertonfc.cz\/index.php\/2020\/03\/10\/prestup-ma-zelenu-hovori-sidibe\/\" \/>\n<meta property=\"og:locale\" content=\"cs_CZ\" \/>\n<meta property=\"og:type\" content=\"article\" \/>\n<meta property=\"og:title\" content=\"Prestup m\u00e1 zelen\u00fa, hovor\u00ed Sidib\u00e9 - Official Czech &amp; Slovak Everton Supporters&#039; Club\" \/>\n<meta property=\"og:description\" content=\"Djibril Sidib\u00e9 sa pre RMC Sport vyjadril, \u017ee z jeho strany ni\u010d nebr\u00e1ni tomu, aby v lete trvalo prest\u00fapil na Merseyside. Everton m\u00e1 na hr\u00e1\u010da opciu 12,9 mili\u00f3na libier.\" \/>\n<meta property=\"og:url\" content=\"https:\/\/evertonfc.cz\/index.php\/2020\/03\/10\/prestup-ma-zelenu-hovori-sidibe\/\" \/>\n<meta property=\"og:site_name\" content=\"Official Czech &amp; Slovak Everton Supporters&#039; Club\" \/>\n<meta property=\"article:publisher\" content=\"https:\/\/www.facebook.com\/everton.fans.cz.sk\" \/>\n<meta property=\"article:published_time\" content=\"2020-03-10T17:27:55+00:00\" \/>\n<meta property=\"article:modified_time\" content=\"2020-04-27T07:34:42+00:00\" \/>\n<meta property=\"og:image\" content=\"https:\/\/evertonfc.cz\/wp-content\/uploads\/2020\/03\/everton-Djibril-Sidibe-10-3-2020.jpg\" \/>\n\t<meta property=\"og:image:width\" content=\"720\" \/>\n\t<meta property=\"og:image:height\" content=\"405\" \/>\n\t<meta property=\"og:image:type\" content=\"image\/jpeg\" \/>\n<meta name=\"author\" content=\"BlueBlooded\" \/>\n<meta name=\"twitter:card\" content=\"summary_large_image\" \/>\n<meta name=\"twitter:label1\" content=\"Napsal(a)\" \/>\n\t<meta name=\"twitter:data1\" content=\"BlueBlooded\" \/>\n\t<meta name=\"twitter:label2\" content=\"Odhadovan\u00e1 doba \u010dten\u00ed\" \/>\n\t<meta name=\"twitter:data2\" content=\"3 minuty\" \/>\n<script type=\"application\/ld+json\" class=\"yoast-schema-graph\">{\"@context\":\"https:\/\/schema.org\",\"@graph\":[{\"@type\":\"Article\",\"@id\":\"https:\/\/evertonfc.cz\/index.php\/2020\/03\/10\/prestup-ma-zelenu-hovori-sidibe\/#article\",\"isPartOf\":{\"@id\":\"https:\/\/evertonfc.cz\/index.php\/2020\/03\/10\/prestup-ma-zelenu-hovori-sidibe\/\"},\"author\":{\"name\":\"BlueBlooded\",\"@id\":\"https:\/\/evertonfc.cz\/#\/schema\/person\/d4493b8cbea51532597fbc4685698916\"},\"headline\":\"Prestup m\u00e1 zelen\u00fa, hovor\u00ed Sidib\u00e9\",\"datePublished\":\"2020-03-10T17:27:55+00:00\",\"dateModified\":\"2020-04-27T07:34:42+00:00\",\"mainEntityOfPage\":{\"@id\":\"https:\/\/evertonfc.cz\/index.php\/2020\/03\/10\/prestup-ma-zelenu-hovori-sidibe\/\"},\"wordCount\":510,\"commentCount\":2,\"publisher\":{\"@id\":\"https:\/\/evertonfc.cz\/#organization\"},\"image\":{\"@id\":\"https:\/\/evertonfc.cz\/index.php\/2020\/03\/10\/prestup-ma-zelenu-hovori-sidibe\/#primaryimage\"},\"thumbnailUrl\":\"https:\/\/evertonfc.cz\/wp-content\/uploads\/2020\/03\/everton-Djibril-Sidibe-10-3-2020.jpg\",\"articleSection\":[\"Aktuality\"],\"inLanguage\":\"cs\",\"potentialAction\":[{\"@type\":\"CommentAction\",\"name\":\"Comment\",\"target\":[\"https:\/\/evertonfc.cz\/index.php\/2020\/03\/10\/prestup-ma-zelenu-hovori-sidibe\/#respond\"]}]},{\"@type\":\"WebPage\",\"@id\":\"https:\/\/evertonfc.cz\/index.php\/2020\/03\/10\/prestup-ma-zelenu-hovori-sidibe\/\",\"url\":\"https:\/\/evertonfc.cz\/index.php\/2020\/03\/10\/prestup-ma-zelenu-hovori-sidibe\/\",\"name\":\"Prestup m\u00e1 zelen\u00fa, hovor\u00ed Sidib\u00e9 - Official Czech &amp; Slovak Everton Supporters&#039; Club\",\"isPartOf\":{\"@id\":\"https:\/\/evertonfc.cz\/#website\"},\"primaryImageOfPage\":{\"@id\":\"https:\/\/evertonfc.cz\/index.php\/2020\/03\/10\/prestup-ma-zelenu-hovori-sidibe\/#primaryimage\"},\"image\":{\"@id\":\"https:\/\/evertonfc.cz\/index.php\/2020\/03\/10\/prestup-ma-zelenu-hovori-sidibe\/#primaryimage\"},\"thumbnailUrl\":\"https:\/\/evertonfc.cz\/wp-content\/uploads\/2020\/03\/everton-Djibril-Sidibe-10-3-2020.jpg\",\"datePublished\":\"2020-03-10T17:27:55+00:00\",\"dateModified\":\"2020-04-27T07:34:42+00:00\",\"breadcrumb\":{\"@id\":\"https:\/\/evertonfc.cz\/index.php\/2020\/03\/10\/prestup-ma-zelenu-hovori-sidibe\/#breadcrumb\"},\"inLanguage\":\"cs\",\"potentialAction\":[{\"@type\":\"ReadAction\",\"target\":[\"https:\/\/evertonfc.cz\/index.php\/2020\/03\/10\/prestup-ma-zelenu-hovori-sidibe\/\"]}]},{\"@type\":\"ImageObject\",\"inLanguage\":\"cs\",\"@id\":\"https:\/\/evertonfc.cz\/index.php\/2020\/03\/10\/prestup-ma-zelenu-hovori-sidibe\/#primaryimage\",\"url\":\"https:\/\/evertonfc.cz\/wp-content\/uploads\/2020\/03\/everton-Djibril-Sidibe-10-3-2020.jpg\",\"contentUrl\":\"https:\/\/evertonfc.cz\/wp-content\/uploads\/2020\/03\/everton-Djibril-Sidibe-10-3-2020.jpg\",\"width\":720,\"height\":405},{\"@type\":\"BreadcrumbList\",\"@id\":\"https:\/\/evertonfc.cz\/index.php\/2020\/03\/10\/prestup-ma-zelenu-hovori-sidibe\/#breadcrumb\",\"itemListElement\":[{\"@type\":\"ListItem\",\"position\":1,\"name\":\"Home\",\"item\":\"https:\/\/evertonfc.cz\/\"},{\"@type\":\"ListItem\",\"position\":2,\"name\":\"Prestup m\u00e1 zelen\u00fa, hovor\u00ed Sidib\u00e9\"}]},{\"@type\":\"WebSite\",\"@id\":\"https:\/\/evertonfc.cz\/#website\",\"url\":\"https:\/\/evertonfc.cz\/\",\"name\":\"Official Czech &amp; Slovak Everton Supporters&#039; Club\",\"description\":\"\",\"publisher\":{\"@id\":\"https:\/\/evertonfc.cz\/#organization\"},\"potentialAction\":[{\"@type\":\"SearchAction\",\"target\":{\"@type\":\"EntryPoint\",\"urlTemplate\":\"https:\/\/evertonfc.cz\/?s={search_term_string}\"},\"query-input\":{\"@type\":\"PropertyValueSpecification\",\"valueRequired\":true,\"valueName\":\"search_term_string\"}}],\"inLanguage\":\"cs\"},{\"@type\":\"Organization\",\"@id\":\"https:\/\/evertonfc.cz\/#organization\",\"name\":\"Official Czech & Slovak Everton Supporters' Club\",\"url\":\"https:\/\/evertonfc.cz\/\",\"logo\":{\"@type\":\"ImageObject\",\"inLanguage\":\"cs\",\"@id\":\"https:\/\/evertonfc.cz\/#\/schema\/logo\/image\/\",\"url\":\"https:\/\/evertonfc.cz\/wp-content\/uploads\/2019\/05\/logo.png\",\"contentUrl\":\"https:\/\/evertonfc.cz\/wp-content\/uploads\/2019\/05\/logo.png\",\"width\":112,\"height\":112,\"caption\":\"Official Czech & Slovak Everton Supporters' Club\"},\"image\":{\"@id\":\"https:\/\/evertonfc.cz\/#\/schema\/logo\/image\/\"},\"sameAs\":[\"https:\/\/www.facebook.com\/everton.fans.cz.sk\"]},{\"@type\":\"Person\",\"@id\":\"https:\/\/evertonfc.cz\/#\/schema\/person\/d4493b8cbea51532597fbc4685698916\",\"name\":\"BlueBlooded\",\"url\":\"https:\/\/evertonfc.cz\/index.php\/author\/admin\/\"}]}<\/script>\n<!-- \/ Yoast SEO plugin. -->","yoast_head_json":{"title":"Prestup m\u00e1 zelen\u00fa, hovor\u00ed Sidib\u00e9 - Official Czech &amp; Slovak Everton Supporters&#039; Club","robots":{"index":"index","follow":"follow","max-snippet":"max-snippet:-1","max-image-preview":"max-image-preview:large","max-video-preview":"max-video-preview:-1"},"canonical":"https:\/\/evertonfc.cz\/index.php\/2020\/03\/10\/prestup-ma-zelenu-hovori-sidibe\/","og_locale":"cs_CZ","og_type":"article","og_title":"Prestup m\u00e1 zelen\u00fa, hovor\u00ed Sidib\u00e9 - Official Czech &amp; Slovak Everton Supporters&#039; Club","og_description":"Djibril Sidib\u00e9 sa pre RMC Sport vyjadril, \u017ee z jeho strany ni\u010d nebr\u00e1ni tomu, aby v lete trvalo prest\u00fapil na Merseyside. Everton m\u00e1 na hr\u00e1\u010da opciu 12,9 mili\u00f3na libier.","og_url":"https:\/\/evertonfc.cz\/index.php\/2020\/03\/10\/prestup-ma-zelenu-hovori-sidibe\/","og_site_name":"Official Czech &amp; Slovak Everton Supporters&#039; Club","article_publisher":"https:\/\/www.facebook.com\/everton.fans.cz.sk","article_published_time":"2020-03-10T17:27:55+00:00","article_modified_time":"2020-04-27T07:34:42+00:00","og_image":[{"width":720,"height":405,"url":"https:\/\/evertonfc.cz\/wp-content\/uploads\/2020\/03\/everton-Djibril-Sidibe-10-3-2020.jpg","type":"image\/jpeg"}],"author":"BlueBlooded","twitter_card":"summary_large_image","twitter_misc":{"Napsal(a)":"BlueBlooded","Odhadovan\u00e1 doba \u010dten\u00ed":"3 minuty"},"schema":{"@context":"https:\/\/schema.org","@graph":[{"@type":"Article","@id":"https:\/\/evertonfc.cz\/index.php\/2020\/03\/10\/prestup-ma-zelenu-hovori-sidibe\/#article","isPartOf":{"@id":"https:\/\/evertonfc.cz\/index.php\/2020\/03\/10\/prestup-ma-zelenu-hovori-sidibe\/"},"author":{"name":"BlueBlooded","@id":"https:\/\/evertonfc.cz\/#\/schema\/person\/d4493b8cbea51532597fbc4685698916"},"headline":"Prestup m\u00e1 zelen\u00fa, hovor\u00ed Sidib\u00e9","datePublished":"2020-03-10T17:27:55+00:00","dateModified":"2020-04-27T07:34:42+00:00","mainEntityOfPage":{"@id":"https:\/\/evertonfc.cz\/index.php\/2020\/03\/10\/prestup-ma-zelenu-hovori-sidibe\/"},"wordCount":510,"commentCount":2,"publisher":{"@id":"https:\/\/evertonfc.cz\/#organization"},"image":{"@id":"https:\/\/evertonfc.cz\/index.php\/2020\/03\/10\/prestup-ma-zelenu-hovori-sidibe\/#primaryimage"},"thumbnailUrl":"https:\/\/evertonfc.cz\/wp-content\/uploads\/2020\/03\/everton-Djibril-Sidibe-10-3-2020.jpg","articleSection":["Aktuality"],"inLanguage":"cs","potentialAction":[{"@type":"CommentAction","name":"Comment","target":["https:\/\/evertonfc.cz\/index.php\/2020\/03\/10\/prestup-ma-zelenu-hovori-sidibe\/#respond"]}]},{"@type":"WebPage","@id":"https:\/\/evertonfc.cz\/index.php\/2020\/03\/10\/prestup-ma-zelenu-hovori-sidibe\/","url":"https:\/\/evertonfc.cz\/index.php\/2020\/03\/10\/prestup-ma-zelenu-hovori-sidibe\/","name":"Prestup m\u00e1 zelen\u00fa, hovor\u00ed Sidib\u00e9 - Official Czech &amp; Slovak Everton Supporters&#039; Club","isPartOf":{"@id":"https:\/\/evertonfc.cz\/#website"},"primaryImageOfPage":{"@id":"https:\/\/evertonfc.cz\/index.php\/2020\/03\/10\/prestup-ma-zelenu-hovori-sidibe\/#primaryimage"},"image":{"@id":"https:\/\/evertonfc.cz\/index.php\/2020\/03\/10\/prestup-ma-zelenu-hovori-sidibe\/#primaryimage"},"thumbnailUrl":"https:\/\/evertonfc.cz\/wp-content\/uploads\/2020\/03\/everton-Djibril-Sidibe-10-3-2020.jpg","datePublished":"2020-03-10T17:27:55+00:00","dateModified":"2020-04-27T07:34:42+00:00","breadcrumb":{"@id":"https:\/\/evertonfc.cz\/index.php\/2020\/03\/10\/prestup-ma-zelenu-hovori-sidibe\/#breadcrumb"},"inLanguage":"cs","potentialAction":[{"@type":"ReadAction","target":["https:\/\/evertonfc.cz\/index.php\/2020\/03\/10\/prestup-ma-zelenu-hovori-sidibe\/"]}]},{"@type":"ImageObject","inLanguage":"cs","@id":"https:\/\/evertonfc.cz\/index.php\/2020\/03\/10\/prestup-ma-zelenu-hovori-sidibe\/#primaryimage","url":"https:\/\/evertonfc.cz\/wp-content\/uploads\/2020\/03\/everton-Djibril-Sidibe-10-3-2020.jpg","contentUrl":"https:\/\/evertonfc.cz\/wp-content\/uploads\/2020\/03\/everton-Djibril-Sidibe-10-3-2020.jpg","width":720,"height":405},{"@type":"BreadcrumbList","@id":"https:\/\/evertonfc.cz\/index.php\/2020\/03\/10\/prestup-ma-zelenu-hovori-sidibe\/#breadcrumb","itemListElement":[{"@type":"ListItem","position":1,"name":"Home","item":"https:\/\/evertonfc.cz\/"},{"@type":"ListItem","position":2,"name":"Prestup m\u00e1 zelen\u00fa, hovor\u00ed Sidib\u00e9"}]},{"@type":"WebSite","@id":"https:\/\/evertonfc.cz\/#website","url":"https:\/\/evertonfc.cz\/","name":"Official Czech &amp; Slovak Everton Supporters&#039; Club","description":"","publisher":{"@id":"https:\/\/evertonfc.cz\/#organization"},"potentialAction":[{"@type":"SearchAction","target":{"@type":"EntryPoint","urlTemplate":"https:\/\/evertonfc.cz\/?s={search_term_string}"},"query-input":{"@type":"PropertyValueSpecification","valueRequired":true,"valueName":"search_term_string"}}],"inLanguage":"cs"},{"@type":"Organization","@id":"https:\/\/evertonfc.cz\/#organization","name":"Official Czech & Slovak Everton Supporters' Club","url":"https:\/\/evertonfc.cz\/","logo":{"@type":"ImageObject","inLanguage":"cs","@id":"https:\/\/evertonfc.cz\/#\/schema\/logo\/image\/","url":"https:\/\/evertonfc.cz\/wp-content\/uploads\/2019\/05\/logo.png","contentUrl":"https:\/\/evertonfc.cz\/wp-content\/uploads\/2019\/05\/logo.png","width":112,"height":112,"caption":"Official Czech & Slovak Everton Supporters' Club"},"image":{"@id":"https:\/\/evertonfc.cz\/#\/schema\/logo\/image\/"},"sameAs":["https:\/\/www.facebook.com\/everton.fans.cz.sk"]},{"@type":"Person","@id":"https:\/\/evertonfc.cz\/#\/schema\/person\/d4493b8cbea51532597fbc4685698916","name":"BlueBlooded","url":"https:\/\/evertonfc.cz\/index.php\/author\/admin\/"}]}},"_links":{"self":[{"href":"https:\/\/evertonfc.cz\/index.php\/wp-json\/wp\/v2\/posts\/10470"}],"collection":[{"href":"https:\/\/evertonfc.cz\/index.php\/wp-json\/wp\/v2\/posts"}],"about":[{"href":"https:\/\/evertonfc.cz\/index.php\/wp-json\/wp\/v2\/types\/post"}],"author":[{"embeddable":true,"href":"https:\/\/evertonfc.cz\/index.php\/wp-json\/wp\/v2\/users\/1"}],"replies":[{"embeddable":true,"href":"https:\/\/evertonfc.cz\/index.php\/wp-json\/wp\/v2\/comments?post=10470"}],"version-history":[{"count":10,"href":"https:\/\/evertonfc.cz\/index.php\/wp-json\/wp\/v2\/posts\/10470\/revisions"}],"predecessor-version":[{"id":10479,"href":"https:\/\/evertonfc.cz\/index.php\/wp-json\/wp\/v2\/posts\/10470\/revisions\/10479"}],"wp:featuredmedia":[{"embeddable":true,"href":"https:\/\/evertonfc.cz\/index.php\/wp-json\/wp\/v2\/media\/10471"}],"wp:attachment":[{"href":"https:\/\/evertonfc.cz\/index.php\/wp-json\/wp\/v2\/media?parent=10470"}],"wp:term":[{"taxonomy":"category","embeddable":true,"href":"https:\/\/evertonfc.cz\/index.php\/wp-json\/wp\/v2\/categories?post=10470"},{"taxonomy":"post_tag","embeddable":true,"href":"https:\/\/evertonfc.cz\/index.php\/wp-json\/wp\/v2\/tags?post=10470"}],"curies":[{"name":"wp","href":"https:\/\/api.w.org\/{rel}","templated":true}]}}