{"id":10482,"date":"2020-03-12T13:15:45","date_gmt":"2020-03-12T12:15:45","guid":{"rendered":"https:\/\/evertonfc.cz\/?p=10482"},"modified":"2020-04-27T09:33:01","modified_gmt":"2020-04-27T07:33:01","slug":"ovplyvni-covid-19-everton","status":"publish","type":"post","link":"https:\/\/evertonfc.cz\/index.php\/2020\/03\/12\/ovplyvni-covid-19-everton\/","title":{"rendered":"Ovplyvn\u00ed COVID-19 Everton?"},"content":{"rendered":"<h4>U\u017e teraz je viac ne\u017e ist\u00e9, \u017ee ot\u00e1zka by nemala znie\u0165 \u010di, ale kedy. Svet sa odv\u010dera bije s\u00a0pand\u00e9miou a\u00a0zasiahnut\u00fd je u\u017e aj futbal, tak\u017ee fan\u00fa\u0161ik sa mus\u00ed pripravi\u0165.<\/h4>\n<p><span lang=\"SK\">Ke\u010f sa koncom roka objavili spr\u00e1vy o novej hrozbe pre \u013eudsk\u00e9 zdravie, mnoh\u00ed tomu nevenovali pozornos\u0165. Svet podcenil situ\u00e1ciu a objavil svoju nepripravenos\u0165. Teraz t\u00e1to choroba zasahuje do n\u00e1\u0161ho ka\u017edodenn\u00e9ho \u017eivota a nerob\u00ed v\u00fdnimky. Pr\u00e1ca, \u0161kola, kult\u00fara, \u0161port. Venujme sa poslednej kateg\u00f3rii, tak\u017ee \u010do \u010dak\u00e1 teraz Evertonians?<\/span><\/p>\n<p><span lang=\"SK\">Po celej Eur\u00f3pe, a aj vo svete, sa za\u010dali masovo ru\u0161i\u0165 \u0161portov\u00e9 podujatia a\u00a0futbal nie je v\u00fdnimkou. Niektor\u00e9, ako hokejov\u00e9 ligy, sa zru\u0161ili kompletne a\u00a0anulovali sez\u00f3nu. In\u00e9 s\u00fa\u0165a\u017ee s\u00fa zastaven\u00e9 a\u017e do odvolania, ako je to v\u00a0pr\u00edpade basketbalovej NBA. Na zelen\u00fdch tr\u00e1vnikoch sa zatia\u013e hr\u00e1, ale dlh\u00e9ho trvania to ma\u0165 nebude.<\/span><\/p>\n<p><span lang=\"SK\">Z\u00e1pasy Ligy majstrov sa v\u00a0niektor\u00fdch krajin\u00e1ch hraj\u00fa u\u017e pred pr\u00e1zdnymi trib\u00fanami, a\u00a0Eur\u00f3pska liga dokonca niektor\u00e9 stretnutia odlo\u017eila na neur\u010dito. Najhor\u0161ie je na tom Taliansko. Tamoj\u0161ie organiz\u00e1cie pripustili ve\u013emi re\u00e1lnu mo\u017enos\u0165 ukon\u010denia Serie A. Nakazen\u00fd je najnov\u0161ie hr\u00e1\u010d Juventusu, Daniele Rugani.<\/span><\/p>\n<h4>\u0160\u00edri sa strach<\/h4>\n<p><span lang=\"SK\">U\u017e samotn\u00e9 kluby avizuj\u00fa neochotu v\u00f4bec cestova\u0165 do postihnut\u00fdch oblast\u00ed. Bolo tomu tak v\u00a0pr\u00edpade Getafe, ktor\u00e9 odmietlo odohra\u0165 z\u00e1pas v\u00a0Mil\u00e1ne. V\u00a0Anglicku zase Wolverhampton vehementne protestoval proti uskuto\u010dneniu z\u00e1pasu na p\u00f4de gr\u00e9ckeho Olympiakosu. UEFA v\u0161ak jeho v\u00fdhrady zamietla a\u00a0hr\u00e1 sa bez div\u00e1kov.<\/span><\/p>\n<p><span lang=\"SK\">Ovplyvnen\u00e1 bola aj Premier League potom, \u010do sa majite\u013e Nottinghamu Forest priznal, \u017ee mu diagnostikovali koronav\u00edrus. Evangelos Marinakis toti\u017e predt\u00fdm nav\u0161t\u00edvil stretnutia jeho t\u00edmu s Millwallom a bol aj na z\u00e1pase Eur\u00f3pskej ligy &#8211; Arsenal vs Olympiakos, kde pri\u0161iel do styku aj s person\u00e1lom The Gunners.<\/span><\/p>\n<p><span lang=\"SK\">Ned\u00e1 sa potvrdi\u0165, \u010di u\u017e vtedy bol Marinakis infikovan\u00fd, \u00farady v\u0161ak ne\u010dakali a\u00a0okam\u017eite stredaj\u0161\u00ed z\u00e1pas medzi City a\u00a0Gunners odlo\u017eili. V\u00a0s\u00fa\u010dasnosti osem hr\u00e1\u010dov a\u00a0\u010dlenov person\u00e1lu Arsenalu ost\u00e1va v\u00a0\u0161trn\u00e1s\u0165dennej izol\u00e1cii. Brit\u00e1nia m\u00e1 aktu\u00e1lne st\u00fapaj\u00faci po\u010det potvrden\u00fdch pr\u00edpadov a\u00a0v\u010dera toto \u010d\u00edslo dosiahlo hranicu 460.<\/span><\/p>\n<p><span lang=\"SK\">Ide tak o\u00a0najv\u00e4\u010d\u0161\u00ed denn\u00fd pr\u00edrastok pozit\u00edvne testovan\u00fdch \u013eud\u00ed za jeden de\u0148. Krajina sa preto dost\u00e1va do situ\u00e1cie, kedy mus\u00ed zv\u00e1\u017ei\u0165 razantn\u00e9 kroky. O\u010dak\u00e1va sa, \u017ee medzin\u00e1rodn\u00e9 priate\u013esk\u00e9 z\u00e1pasy sa neodohraj\u00fa a\u00a0kvalifik\u00e1cia na letn\u00e9 Euro je tie\u017e v\u00a0ohrozen\u00ed. A\u00a0t\u00fdm najnov\u0161ie spr\u00e1vy v\u00f4bec nekon\u010dia, ba naberaj\u00fa na intenzite.<\/span><\/p>\n<h4>\u010cakaj\u00fa n\u00e1s \u0165a\u017ek\u00e9 rozhodnutia<\/h4>\n<p><span lang=\"SK\">Len pred chv\u00ed\u013eou bolo potvrden\u00e9, \u017ee La Liga s\u00a0platnos\u0165ou na dve kol\u00e1 s\u00fa\u0165a\u017ee pozastavuje svoju \u010dinnos\u0165. Vedenia anglickej najvy\u0161\u0161ej s\u00fa\u0165a\u017ee sa pod\u013ea vyjadren\u00ed bude riadi\u0165 pokynmi britskej vl\u00e1dy a\u00a0vyu\u017eije v\u0161etky mo\u017enosti na to, aby sa sez\u00f3na norm\u00e1lne ukon\u010dila. Aj keby to malo znamena\u0165 odohranie zvy\u0161n\u00fdch z\u00e1pasov bez div\u00e1kov.<\/span><\/p>\n<p><span lang=\"SK\">Ak sa v\u0161ak zist\u00ed v\u00fdskyt v\u00edrusu u\u00a0niektor\u00e9ho z\u00a0hr\u00e1\u010dov v\u00a0lige, bude sa musie\u0165 prist\u00fapi\u0165 k\u00a0najv\u00e1\u017enej\u0161\u00edm krokom. Klubom u\u017e boli zaslan\u00e9 in\u0161trukcie a\u00a0nariadenia o\u00a0zv\u00fd\u0161enej hygiene, \u010di in\u00fdch opatreniach, zamedzuj\u00facich \u0161\u00edreniu n\u00e1kazy. Everton rovnako vyz\u00fdva pred Merseyside derby fan\u00fa\u0161ikov k\u00a0zodpovednosti.<\/span><\/p>\n<p><span lang=\"SK\">Ako uv\u00e1dza BBC, v\u0161eobecne prevl\u00e1da n\u00e1zor, \u017ee futbalov\u00e9 z\u00e1pasy na otvoren\u00fdch \u0161tadi\u00f3noch nie s\u00fa v\u00fdznamn\u00fdm faktorom pri \u0161\u00edren\u00ed ochorenia. Ale pr\u00e1ve zdru\u017eovanie fan\u00fa\u0161ikov v\u00a0puboch a po\u010das cestovania na z\u00e1pasy. Zru\u0161enie z\u00e1pasov by vraj jednoducho viedlo \u013eud\u00ed k\u00a0in\u00fdm aktivit\u00e1m, po\u010das ktor\u00fdch by im hrozilo in\u00e9 riziko n\u00e1kazy.<\/span><\/p>\n<p><span lang=\"SK\">Nasleduj\u00face dni uk\u00e1\u017eu, ktor\u00fdm smerom sa situ\u00e1cia vyvinie. Ako fan\u00fa\u0161ikovia by sme sa v\u0161ak mali pripravi\u0165 na najhor\u0161ie. Ukon\u010denie sez\u00f3ny a\u00a0absencie vrcholov\u00e9ho futbalu na nejak\u00fd \u010das. Ak n\u00e1m to v\u0161ak pom\u00f4\u017ee k\u00a0bezprobl\u00e9mov\u00e9mu prekonaniu tejto kr\u00edzy, pova\u017eujme to priatelia za najmen\u0161iu mo\u017en\u00fa da\u0148.<\/span><\/p>\n<h3 style=\"text-align: center;\"><span style=\"color: #3366ff;\"><strong><em>Up The Toffees !!!<\/em><\/strong><\/span><\/h3>\n<p style=\"text-align: right;\"><em>(foto zdroj: Getty\/Soccrates Images)<\/em><\/p>\n","protected":false},"excerpt":{"rendered":"<p>U\u017e teraz je viac ne\u017e ist\u00e9, \u017ee ot\u00e1zka by nemala znie\u0165 \u010di, ale kedy. Svet sa odv\u010dera bije s pand\u00e9miou a zasiahnut\u00fd je u\u017e aj futbal, tak\u017ee fan\u00fa\u0161ik sa mus\u00ed pripravi\u0165.<\/p>\n","protected":false},"author":1,"featured_media":10483,"comment_status":"open","ping_status":"closed","sticky":false,"template":"","format":"standard","meta":{"_eb_attr":"","_monsterinsights_skip_tracking":false,"_monsterinsights_sitenote_active":false,"_monsterinsights_sitenote_note":"","_monsterinsights_sitenote_category":0,"footnotes":""},"categories":[42],"tags":[],"yoast_head":"<!-- This site is optimized with the Yoast SEO plugin v23.4 - https:\/\/yoast.com\/wordpress\/plugins\/seo\/ -->\n<title>Ovplyvn\u00ed COVID-19 Everton? - Official Czech &amp; Slovak Everton Supporters&#039; Club<\/title>\n<meta name=\"robots\" content=\"index, follow, max-snippet:-1, max-image-preview:large, max-video-preview:-1\" \/>\n<link rel=\"canonical\" href=\"https:\/\/evertonfc.cz\/index.php\/2020\/03\/12\/ovplyvni-covid-19-everton\/\" \/>\n<meta property=\"og:locale\" content=\"cs_CZ\" \/>\n<meta property=\"og:type\" content=\"article\" \/>\n<meta property=\"og:title\" content=\"Ovplyvn\u00ed COVID-19 Everton? - Official Czech &amp; Slovak Everton Supporters&#039; Club\" \/>\n<meta property=\"og:description\" content=\"U\u017e teraz je viac ne\u017e ist\u00e9, \u017ee ot\u00e1zka by nemala znie\u0165 \u010di, ale kedy. Svet sa odv\u010dera bije s pand\u00e9miou a zasiahnut\u00fd je u\u017e aj futbal, tak\u017ee fan\u00fa\u0161ik sa mus\u00ed pripravi\u0165.\" \/>\n<meta property=\"og:url\" content=\"https:\/\/evertonfc.cz\/index.php\/2020\/03\/12\/ovplyvni-covid-19-everton\/\" \/>\n<meta property=\"og:site_name\" content=\"Official Czech &amp; Slovak Everton Supporters&#039; Club\" \/>\n<meta property=\"article:publisher\" content=\"https:\/\/www.facebook.com\/everton.fans.cz.sk\" \/>\n<meta property=\"article:published_time\" content=\"2020-03-12T12:15:45+00:00\" \/>\n<meta property=\"article:modified_time\" content=\"2020-04-27T07:33:01+00:00\" \/>\n<meta property=\"og:image\" content=\"https:\/\/evertonfc.cz\/wp-content\/uploads\/2020\/03\/Coronavirus-12-3-2020.jpg\" \/>\n\t<meta property=\"og:image:width\" content=\"720\" \/>\n\t<meta property=\"og:image:height\" content=\"405\" \/>\n\t<meta property=\"og:image:type\" content=\"image\/jpeg\" \/>\n<meta name=\"author\" content=\"BlueBlooded\" \/>\n<meta name=\"twitter:card\" content=\"summary_large_image\" \/>\n<meta name=\"twitter:label1\" content=\"Napsal(a)\" \/>\n\t<meta name=\"twitter:data1\" content=\"BlueBlooded\" \/>\n\t<meta name=\"twitter:label2\" content=\"Odhadovan\u00e1 doba \u010dten\u00ed\" \/>\n\t<meta name=\"twitter:data2\" content=\"4 minuty\" \/>\n<script type=\"application\/ld+json\" class=\"yoast-schema-graph\">{\"@context\":\"https:\/\/schema.org\",\"@graph\":[{\"@type\":\"Article\",\"@id\":\"https:\/\/evertonfc.cz\/index.php\/2020\/03\/12\/ovplyvni-covid-19-everton\/#article\",\"isPartOf\":{\"@id\":\"https:\/\/evertonfc.cz\/index.php\/2020\/03\/12\/ovplyvni-covid-19-everton\/\"},\"author\":{\"name\":\"BlueBlooded\",\"@id\":\"https:\/\/evertonfc.cz\/#\/schema\/person\/d4493b8cbea51532597fbc4685698916\"},\"headline\":\"Ovplyvn\u00ed COVID-19 Everton?\",\"datePublished\":\"2020-03-12T12:15:45+00:00\",\"dateModified\":\"2020-04-27T07:33:01+00:00\",\"mainEntityOfPage\":{\"@id\":\"https:\/\/evertonfc.cz\/index.php\/2020\/03\/12\/ovplyvni-covid-19-everton\/\"},\"wordCount\":743,\"commentCount\":5,\"publisher\":{\"@id\":\"https:\/\/evertonfc.cz\/#organization\"},\"image\":{\"@id\":\"https:\/\/evertonfc.cz\/index.php\/2020\/03\/12\/ovplyvni-covid-19-everton\/#primaryimage\"},\"thumbnailUrl\":\"https:\/\/evertonfc.cz\/wp-content\/uploads\/2020\/03\/Coronavirus-12-3-2020.jpg\",\"articleSection\":[\"Aktuality\"],\"inLanguage\":\"cs\",\"potentialAction\":[{\"@type\":\"CommentAction\",\"name\":\"Comment\",\"target\":[\"https:\/\/evertonfc.cz\/index.php\/2020\/03\/12\/ovplyvni-covid-19-everton\/#respond\"]}]},{\"@type\":\"WebPage\",\"@id\":\"https:\/\/evertonfc.cz\/index.php\/2020\/03\/12\/ovplyvni-covid-19-everton\/\",\"url\":\"https:\/\/evertonfc.cz\/index.php\/2020\/03\/12\/ovplyvni-covid-19-everton\/\",\"name\":\"Ovplyvn\u00ed COVID-19 Everton? - Official Czech &amp; Slovak Everton Supporters&#039; Club\",\"isPartOf\":{\"@id\":\"https:\/\/evertonfc.cz\/#website\"},\"primaryImageOfPage\":{\"@id\":\"https:\/\/evertonfc.cz\/index.php\/2020\/03\/12\/ovplyvni-covid-19-everton\/#primaryimage\"},\"image\":{\"@id\":\"https:\/\/evertonfc.cz\/index.php\/2020\/03\/12\/ovplyvni-covid-19-everton\/#primaryimage\"},\"thumbnailUrl\":\"https:\/\/evertonfc.cz\/wp-content\/uploads\/2020\/03\/Coronavirus-12-3-2020.jpg\",\"datePublished\":\"2020-03-12T12:15:45+00:00\",\"dateModified\":\"2020-04-27T07:33:01+00:00\",\"breadcrumb\":{\"@id\":\"https:\/\/evertonfc.cz\/index.php\/2020\/03\/12\/ovplyvni-covid-19-everton\/#breadcrumb\"},\"inLanguage\":\"cs\",\"potentialAction\":[{\"@type\":\"ReadAction\",\"target\":[\"https:\/\/evertonfc.cz\/index.php\/2020\/03\/12\/ovplyvni-covid-19-everton\/\"]}]},{\"@type\":\"ImageObject\",\"inLanguage\":\"cs\",\"@id\":\"https:\/\/evertonfc.cz\/index.php\/2020\/03\/12\/ovplyvni-covid-19-everton\/#primaryimage\",\"url\":\"https:\/\/evertonfc.cz\/wp-content\/uploads\/2020\/03\/Coronavirus-12-3-2020.jpg\",\"contentUrl\":\"https:\/\/evertonfc.cz\/wp-content\/uploads\/2020\/03\/Coronavirus-12-3-2020.jpg\",\"width\":720,\"height\":405},{\"@type\":\"BreadcrumbList\",\"@id\":\"https:\/\/evertonfc.cz\/index.php\/2020\/03\/12\/ovplyvni-covid-19-everton\/#breadcrumb\",\"itemListElement\":[{\"@type\":\"ListItem\",\"position\":1,\"name\":\"Home\",\"item\":\"https:\/\/evertonfc.cz\/\"},{\"@type\":\"ListItem\",\"position\":2,\"name\":\"Ovplyvn\u00ed COVID-19 Everton?\"}]},{\"@type\":\"WebSite\",\"@id\":\"https:\/\/evertonfc.cz\/#website\",\"url\":\"https:\/\/evertonfc.cz\/\",\"name\":\"Official Czech &amp; Slovak Everton Supporters&#039; Club\",\"description\":\"\",\"publisher\":{\"@id\":\"https:\/\/evertonfc.cz\/#organization\"},\"potentialAction\":[{\"@type\":\"SearchAction\",\"target\":{\"@type\":\"EntryPoint\",\"urlTemplate\":\"https:\/\/evertonfc.cz\/?s={search_term_string}\"},\"query-input\":{\"@type\":\"PropertyValueSpecification\",\"valueRequired\":true,\"valueName\":\"search_term_string\"}}],\"inLanguage\":\"cs\"},{\"@type\":\"Organization\",\"@id\":\"https:\/\/evertonfc.cz\/#organization\",\"name\":\"Official Czech & Slovak Everton Supporters' Club\",\"url\":\"https:\/\/evertonfc.cz\/\",\"logo\":{\"@type\":\"ImageObject\",\"inLanguage\":\"cs\",\"@id\":\"https:\/\/evertonfc.cz\/#\/schema\/logo\/image\/\",\"url\":\"https:\/\/evertonfc.cz\/wp-content\/uploads\/2019\/05\/logo.png\",\"contentUrl\":\"https:\/\/evertonfc.cz\/wp-content\/uploads\/2019\/05\/logo.png\",\"width\":112,\"height\":112,\"caption\":\"Official Czech & Slovak Everton Supporters' Club\"},\"image\":{\"@id\":\"https:\/\/evertonfc.cz\/#\/schema\/logo\/image\/\"},\"sameAs\":[\"https:\/\/www.facebook.com\/everton.fans.cz.sk\"]},{\"@type\":\"Person\",\"@id\":\"https:\/\/evertonfc.cz\/#\/schema\/person\/d4493b8cbea51532597fbc4685698916\",\"name\":\"BlueBlooded\",\"url\":\"https:\/\/evertonfc.cz\/index.php\/author\/admin\/\"}]}<\/script>\n<!-- \/ Yoast SEO plugin. -->","yoast_head_json":{"title":"Ovplyvn\u00ed COVID-19 Everton? - Official Czech &amp; Slovak Everton Supporters&#039; Club","robots":{"index":"index","follow":"follow","max-snippet":"max-snippet:-1","max-image-preview":"max-image-preview:large","max-video-preview":"max-video-preview:-1"},"canonical":"https:\/\/evertonfc.cz\/index.php\/2020\/03\/12\/ovplyvni-covid-19-everton\/","og_locale":"cs_CZ","og_type":"article","og_title":"Ovplyvn\u00ed COVID-19 Everton? - Official Czech &amp; Slovak Everton Supporters&#039; Club","og_description":"U\u017e teraz je viac ne\u017e ist\u00e9, \u017ee ot\u00e1zka by nemala znie\u0165 \u010di, ale kedy. Svet sa odv\u010dera bije s pand\u00e9miou a zasiahnut\u00fd je u\u017e aj futbal, tak\u017ee fan\u00fa\u0161ik sa mus\u00ed pripravi\u0165.","og_url":"https:\/\/evertonfc.cz\/index.php\/2020\/03\/12\/ovplyvni-covid-19-everton\/","og_site_name":"Official Czech &amp; Slovak Everton Supporters&#039; Club","article_publisher":"https:\/\/www.facebook.com\/everton.fans.cz.sk","article_published_time":"2020-03-12T12:15:45+00:00","article_modified_time":"2020-04-27T07:33:01+00:00","og_image":[{"width":720,"height":405,"url":"https:\/\/evertonfc.cz\/wp-content\/uploads\/2020\/03\/Coronavirus-12-3-2020.jpg","type":"image\/jpeg"}],"author":"BlueBlooded","twitter_card":"summary_large_image","twitter_misc":{"Napsal(a)":"BlueBlooded","Odhadovan\u00e1 doba \u010dten\u00ed":"4 minuty"},"schema":{"@context":"https:\/\/schema.org","@graph":[{"@type":"Article","@id":"https:\/\/evertonfc.cz\/index.php\/2020\/03\/12\/ovplyvni-covid-19-everton\/#article","isPartOf":{"@id":"https:\/\/evertonfc.cz\/index.php\/2020\/03\/12\/ovplyvni-covid-19-everton\/"},"author":{"name":"BlueBlooded","@id":"https:\/\/evertonfc.cz\/#\/schema\/person\/d4493b8cbea51532597fbc4685698916"},"headline":"Ovplyvn\u00ed COVID-19 Everton?","datePublished":"2020-03-12T12:15:45+00:00","dateModified":"2020-04-27T07:33:01+00:00","mainEntityOfPage":{"@id":"https:\/\/evertonfc.cz\/index.php\/2020\/03\/12\/ovplyvni-covid-19-everton\/"},"wordCount":743,"commentCount":5,"publisher":{"@id":"https:\/\/evertonfc.cz\/#organization"},"image":{"@id":"https:\/\/evertonfc.cz\/index.php\/2020\/03\/12\/ovplyvni-covid-19-everton\/#primaryimage"},"thumbnailUrl":"https:\/\/evertonfc.cz\/wp-content\/uploads\/2020\/03\/Coronavirus-12-3-2020.jpg","articleSection":["Aktuality"],"inLanguage":"cs","potentialAction":[{"@type":"CommentAction","name":"Comment","target":["https:\/\/evertonfc.cz\/index.php\/2020\/03\/12\/ovplyvni-covid-19-everton\/#respond"]}]},{"@type":"WebPage","@id":"https:\/\/evertonfc.cz\/index.php\/2020\/03\/12\/ovplyvni-covid-19-everton\/","url":"https:\/\/evertonfc.cz\/index.php\/2020\/03\/12\/ovplyvni-covid-19-everton\/","name":"Ovplyvn\u00ed COVID-19 Everton? - Official Czech &amp; Slovak Everton Supporters&#039; Club","isPartOf":{"@id":"https:\/\/evertonfc.cz\/#website"},"primaryImageOfPage":{"@id":"https:\/\/evertonfc.cz\/index.php\/2020\/03\/12\/ovplyvni-covid-19-everton\/#primaryimage"},"image":{"@id":"https:\/\/evertonfc.cz\/index.php\/2020\/03\/12\/ovplyvni-covid-19-everton\/#primaryimage"},"thumbnailUrl":"https:\/\/evertonfc.cz\/wp-content\/uploads\/2020\/03\/Coronavirus-12-3-2020.jpg","datePublished":"2020-03-12T12:15:45+00:00","dateModified":"2020-04-27T07:33:01+00:00","breadcrumb":{"@id":"https:\/\/evertonfc.cz\/index.php\/2020\/03\/12\/ovplyvni-covid-19-everton\/#breadcrumb"},"inLanguage":"cs","potentialAction":[{"@type":"ReadAction","target":["https:\/\/evertonfc.cz\/index.php\/2020\/03\/12\/ovplyvni-covid-19-everton\/"]}]},{"@type":"ImageObject","inLanguage":"cs","@id":"https:\/\/evertonfc.cz\/index.php\/2020\/03\/12\/ovplyvni-covid-19-everton\/#primaryimage","url":"https:\/\/evertonfc.cz\/wp-content\/uploads\/2020\/03\/Coronavirus-12-3-2020.jpg","contentUrl":"https:\/\/evertonfc.cz\/wp-content\/uploads\/2020\/03\/Coronavirus-12-3-2020.jpg","width":720,"height":405},{"@type":"BreadcrumbList","@id":"https:\/\/evertonfc.cz\/index.php\/2020\/03\/12\/ovplyvni-covid-19-everton\/#breadcrumb","itemListElement":[{"@type":"ListItem","position":1,"name":"Home","item":"https:\/\/evertonfc.cz\/"},{"@type":"ListItem","position":2,"name":"Ovplyvn\u00ed COVID-19 Everton?"}]},{"@type":"WebSite","@id":"https:\/\/evertonfc.cz\/#website","url":"https:\/\/evertonfc.cz\/","name":"Official Czech &amp; Slovak Everton Supporters&#039; Club","description":"","publisher":{"@id":"https:\/\/evertonfc.cz\/#organization"},"potentialAction":[{"@type":"SearchAction","target":{"@type":"EntryPoint","urlTemplate":"https:\/\/evertonfc.cz\/?s={search_term_string}"},"query-input":{"@type":"PropertyValueSpecification","valueRequired":true,"valueName":"search_term_string"}}],"inLanguage":"cs"},{"@type":"Organization","@id":"https:\/\/evertonfc.cz\/#organization","name":"Official Czech & Slovak Everton Supporters' Club","url":"https:\/\/evertonfc.cz\/","logo":{"@type":"ImageObject","inLanguage":"cs","@id":"https:\/\/evertonfc.cz\/#\/schema\/logo\/image\/","url":"https:\/\/evertonfc.cz\/wp-content\/uploads\/2019\/05\/logo.png","contentUrl":"https:\/\/evertonfc.cz\/wp-content\/uploads\/2019\/05\/logo.png","width":112,"height":112,"caption":"Official Czech & Slovak Everton Supporters' Club"},"image":{"@id":"https:\/\/evertonfc.cz\/#\/schema\/logo\/image\/"},"sameAs":["https:\/\/www.facebook.com\/everton.fans.cz.sk"]},{"@type":"Person","@id":"https:\/\/evertonfc.cz\/#\/schema\/person\/d4493b8cbea51532597fbc4685698916","name":"BlueBlooded","url":"https:\/\/evertonfc.cz\/index.php\/author\/admin\/"}]}},"_links":{"self":[{"href":"https:\/\/evertonfc.cz\/index.php\/wp-json\/wp\/v2\/posts\/10482"}],"collection":[{"href":"https:\/\/evertonfc.cz\/index.php\/wp-json\/wp\/v2\/posts"}],"about":[{"href":"https:\/\/evertonfc.cz\/index.php\/wp-json\/wp\/v2\/types\/post"}],"author":[{"embeddable":true,"href":"https:\/\/evertonfc.cz\/index.php\/wp-json\/wp\/v2\/users\/1"}],"replies":[{"embeddable":true,"href":"https:\/\/evertonfc.cz\/index.php\/wp-json\/wp\/v2\/comments?post=10482"}],"version-history":[{"count":8,"href":"https:\/\/evertonfc.cz\/index.php\/wp-json\/wp\/v2\/posts\/10482\/revisions"}],"predecessor-version":[{"id":10871,"href":"https:\/\/evertonfc.cz\/index.php\/wp-json\/wp\/v2\/posts\/10482\/revisions\/10871"}],"wp:featuredmedia":[{"embeddable":true,"href":"https:\/\/evertonfc.cz\/index.php\/wp-json\/wp\/v2\/media\/10483"}],"wp:attachment":[{"href":"https:\/\/evertonfc.cz\/index.php\/wp-json\/wp\/v2\/media?parent=10482"}],"wp:term":[{"taxonomy":"category","embeddable":true,"href":"https:\/\/evertonfc.cz\/index.php\/wp-json\/wp\/v2\/categories?post=10482"},{"taxonomy":"post_tag","embeddable":true,"href":"https:\/\/evertonfc.cz\/index.php\/wp-json\/wp\/v2\/tags?post=10482"}],"curies":[{"name":"wp","href":"https:\/\/api.w.org\/{rel}","templated":true}]}}