{"id":10490,"date":"2020-03-13T11:13:15","date_gmt":"2020-03-13T10:13:15","guid":{"rendered":"https:\/\/evertonfc.cz\/?p=10490"},"modified":"2020-03-14T16:58:53","modified_gmt":"2020-03-14T15:58:53","slug":"everton-v-izolacii","status":"publish","type":"post","link":"https:\/\/evertonfc.cz\/index.php\/2020\/03\/13\/everton-v-izolacii\/","title":{"rendered":"Hr\u00e1\u010d Evertonu v izol\u00e1cii"},"content":{"rendered":"<h4>Po nepr\u00edjemn\u00fdch spr\u00e1vach r\u00fdchleho \u0161\u00edrenia n\u00e1kazy COVID-19 medzi t\u00edmami z\u00a0Premier League, sp\u00f4sobovan\u00fdm nov\u00fdm koronav\u00edrusom, vydal klub dnes r\u00e1no stanovisko.<\/h4>\n<p>Everton poopravil predch\u00e1dzaj\u00face stanovisko z\u00a0r\u00e1na, v\u00a0ktorom tvrdil, \u017ee cel\u00fd prv\u00fd t\u00edm a\u00a0jeho person\u00e1l je do\u010dasne v\u00a0samo-izol\u00e1cii. Pod\u013ea nov\u00fdch inform\u00e1cii je\u00a0izolovan\u00fd len jeden hr\u00e1\u010d. Ten\u00a0v\u010dera ve\u010der nahl\u00e1sil vysok\u00fa teplotu a\u00a0moment\u00e1lne podstupuje na sedem dn\u00ed izol\u00e1ciu v\u00a0dom\u00e1com prostred\u00ed.<\/p>\n<p>V s\u00falade s vl\u00e1dnymi pokynmi sa v tejto etape \u017eiadni \u010fal\u0161\u00ed hr\u00e1\u010di neizoluj\u00fa, ale tr\u00e9ningov\u00e9 zariadenie klubu USM Finch Farm, spolu so \u0161tadi\u00f3nom a\u00a0centr\u00e1lou, bolo ako prevent\u00edvne opatrenie zatvoren\u00e9 a zamestnancom vr\u00e1tane hr\u00e1\u010dov sa odpor\u00fa\u010da, aby sa zdr\u017eiavali mimo v\u0161etk\u00fdch klubov\u00fdch lokal\u00edt a\u017e do \u010fal\u0161ieho ozn\u00e1menia.<\/p>\n<p><strong>Predch\u00e1dzaj\u00face ozn\u00e1menie z\u00a0r\u00e1na:<\/strong><\/p>\n<p><em>Klub potvrdzuje, \u017ee ako prevent\u00edvne opatrenie je cel\u00fd prv\u00fdm t\u00edm a\u00a0tr\u00e9nersky person\u00e1l do\u010dasne v\u00a0samo-izol\u00e1cii, na z\u00e1klade lek\u00e1rskeho odporu\u010denia. Tento krok bol prijat\u00fd potom, ako hr\u00e1\u010d A\u00a0t\u00edmu nahl\u00e1sil sympt\u00f3my podobn\u00e9 s\u00a0koronav\u00edrusom. Klub je s\u00a0n\u00edm v\u00a0pravidelnom kontakte a\u00a0monitoruje stav ostatn\u00fdch hr\u00e1\u010dov a\u00a0person\u00e1lu.<\/em><\/p>\n<p><em>Zdravie a\u00a0bezpe\u010dnos\u0165 v\u0161etk\u00fdch hr\u00e1\u010dov, person\u00e1lu a\u00a0z\u00fa\u010dastnen\u00fdch str\u00e1n je pre Everton prioritou. Preto sa klub rozhodol zatvori\u0165 v\u0161etky pracovisk\u00e1, vr\u00e1tene Finch Farm, Goodison Parku a\u00a0centr\u00e1ly v\u00a0Royal Liver Building. Obchod so suven\u00edrmi na \u0161tadi\u00f3ne bude tie\u017e zatvoren\u00fd, okrem obchodu Liverpool ONE.<\/em><\/p>\n<p><em>Klub bude na\u010falej dodr\u017eiava\u0165 usmernenia vl\u00e1dy Spojen\u00e9ho kr\u00e1\u013eovstva a verejn\u00e9ho zdravia t\u00fdkaj\u00face sa zatvorenia jej zariaden\u00ed a dobr\u00fdch \u017eivotn\u00fdch podmienok zamestnancov, a v piatok r\u00e1no bude diskutova\u0165 o \u010fal\u0161\u00edch krokoch t\u00fdkaj\u00facich sa nadch\u00e1dzaj\u00facich z\u00e1pasov Premier League. <\/em><\/p>\n<p><em>\u010eal\u0161ie aktualiz\u00e1cie sa poskytn\u00fa v prav\u00fd \u010das vr\u00e1tane pokynov o pripravovan\u00fdch z\u00e1pasoch.<\/em><\/p>\n","protected":false},"excerpt":{"rendered":"<p>Po nepr\u00edjemn\u00fdch spr\u00e1vach r\u00fdchleho \u0161\u00edrenia n\u00e1kazy COVID-19 medzi t\u00edmami z Premier League, sp\u00f4sobovan\u00fdm nov\u00fdm koronav\u00edrusom, vydal klub dnes r\u00e1no stanovisko.<\/p>\n","protected":false},"author":1,"featured_media":10500,"comment_status":"open","ping_status":"closed","sticky":false,"template":"","format":"standard","meta":{"_eb_attr":"","_monsterinsights_skip_tracking":false,"_monsterinsights_sitenote_active":false,"_monsterinsights_sitenote_note":"","_monsterinsights_sitenote_category":0,"footnotes":""},"categories":[42],"tags":[],"yoast_head":"<!-- This site is optimized with the Yoast SEO plugin v23.4 - https:\/\/yoast.com\/wordpress\/plugins\/seo\/ -->\n<title>Hr\u00e1\u010d Evertonu v izol\u00e1cii - Official Czech &amp; Slovak Everton Supporters&#039; Club<\/title>\n<meta name=\"robots\" content=\"index, follow, max-snippet:-1, max-image-preview:large, max-video-preview:-1\" \/>\n<link rel=\"canonical\" href=\"https:\/\/evertonfc.cz\/index.php\/2020\/03\/13\/everton-v-izolacii\/\" \/>\n<meta property=\"og:locale\" content=\"cs_CZ\" \/>\n<meta property=\"og:type\" content=\"article\" \/>\n<meta property=\"og:title\" content=\"Hr\u00e1\u010d Evertonu v izol\u00e1cii - Official Czech &amp; Slovak Everton Supporters&#039; Club\" \/>\n<meta property=\"og:description\" content=\"Po nepr\u00edjemn\u00fdch spr\u00e1vach r\u00fdchleho \u0161\u00edrenia n\u00e1kazy COVID-19 medzi t\u00edmami z Premier League, sp\u00f4sobovan\u00fdm nov\u00fdm koronav\u00edrusom, vydal klub dnes r\u00e1no stanovisko.\" \/>\n<meta property=\"og:url\" content=\"https:\/\/evertonfc.cz\/index.php\/2020\/03\/13\/everton-v-izolacii\/\" \/>\n<meta property=\"og:site_name\" content=\"Official Czech &amp; Slovak Everton Supporters&#039; Club\" \/>\n<meta property=\"article:publisher\" content=\"https:\/\/www.facebook.com\/everton.fans.cz.sk\" \/>\n<meta property=\"article:published_time\" content=\"2020-03-13T10:13:15+00:00\" \/>\n<meta property=\"article:modified_time\" content=\"2020-03-14T15:58:53+00:00\" \/>\n<meta property=\"og:image\" content=\"https:\/\/evertonfc.cz\/wp-content\/uploads\/2020\/03\/Club-Statement-13-3-2020.jpg\" \/>\n\t<meta property=\"og:image:width\" content=\"720\" \/>\n\t<meta property=\"og:image:height\" content=\"405\" \/>\n\t<meta property=\"og:image:type\" content=\"image\/jpeg\" \/>\n<meta name=\"author\" content=\"BlueBlooded\" \/>\n<meta name=\"twitter:card\" content=\"summary_large_image\" \/>\n<meta name=\"twitter:label1\" content=\"Napsal(a)\" \/>\n\t<meta name=\"twitter:data1\" content=\"BlueBlooded\" \/>\n\t<meta name=\"twitter:label2\" content=\"Odhadovan\u00e1 doba \u010dten\u00ed\" \/>\n\t<meta name=\"twitter:data2\" content=\"2 minuty\" \/>\n<script type=\"application\/ld+json\" class=\"yoast-schema-graph\">{\"@context\":\"https:\/\/schema.org\",\"@graph\":[{\"@type\":\"Article\",\"@id\":\"https:\/\/evertonfc.cz\/index.php\/2020\/03\/13\/everton-v-izolacii\/#article\",\"isPartOf\":{\"@id\":\"https:\/\/evertonfc.cz\/index.php\/2020\/03\/13\/everton-v-izolacii\/\"},\"author\":{\"name\":\"BlueBlooded\",\"@id\":\"https:\/\/evertonfc.cz\/#\/schema\/person\/d4493b8cbea51532597fbc4685698916\"},\"headline\":\"Hr\u00e1\u010d Evertonu v izol\u00e1cii\",\"datePublished\":\"2020-03-13T10:13:15+00:00\",\"dateModified\":\"2020-03-14T15:58:53+00:00\",\"mainEntityOfPage\":{\"@id\":\"https:\/\/evertonfc.cz\/index.php\/2020\/03\/13\/everton-v-izolacii\/\"},\"wordCount\":360,\"commentCount\":1,\"publisher\":{\"@id\":\"https:\/\/evertonfc.cz\/#organization\"},\"image\":{\"@id\":\"https:\/\/evertonfc.cz\/index.php\/2020\/03\/13\/everton-v-izolacii\/#primaryimage\"},\"thumbnailUrl\":\"https:\/\/evertonfc.cz\/wp-content\/uploads\/2020\/03\/Club-Statement-13-3-2020.jpg\",\"articleSection\":[\"Aktuality\"],\"inLanguage\":\"cs\",\"potentialAction\":[{\"@type\":\"CommentAction\",\"name\":\"Comment\",\"target\":[\"https:\/\/evertonfc.cz\/index.php\/2020\/03\/13\/everton-v-izolacii\/#respond\"]}]},{\"@type\":\"WebPage\",\"@id\":\"https:\/\/evertonfc.cz\/index.php\/2020\/03\/13\/everton-v-izolacii\/\",\"url\":\"https:\/\/evertonfc.cz\/index.php\/2020\/03\/13\/everton-v-izolacii\/\",\"name\":\"Hr\u00e1\u010d Evertonu v izol\u00e1cii - Official Czech &amp; Slovak Everton Supporters&#039; Club\",\"isPartOf\":{\"@id\":\"https:\/\/evertonfc.cz\/#website\"},\"primaryImageOfPage\":{\"@id\":\"https:\/\/evertonfc.cz\/index.php\/2020\/03\/13\/everton-v-izolacii\/#primaryimage\"},\"image\":{\"@id\":\"https:\/\/evertonfc.cz\/index.php\/2020\/03\/13\/everton-v-izolacii\/#primaryimage\"},\"thumbnailUrl\":\"https:\/\/evertonfc.cz\/wp-content\/uploads\/2020\/03\/Club-Statement-13-3-2020.jpg\",\"datePublished\":\"2020-03-13T10:13:15+00:00\",\"dateModified\":\"2020-03-14T15:58:53+00:00\",\"breadcrumb\":{\"@id\":\"https:\/\/evertonfc.cz\/index.php\/2020\/03\/13\/everton-v-izolacii\/#breadcrumb\"},\"inLanguage\":\"cs\",\"potentialAction\":[{\"@type\":\"ReadAction\",\"target\":[\"https:\/\/evertonfc.cz\/index.php\/2020\/03\/13\/everton-v-izolacii\/\"]}]},{\"@type\":\"ImageObject\",\"inLanguage\":\"cs\",\"@id\":\"https:\/\/evertonfc.cz\/index.php\/2020\/03\/13\/everton-v-izolacii\/#primaryimage\",\"url\":\"https:\/\/evertonfc.cz\/wp-content\/uploads\/2020\/03\/Club-Statement-13-3-2020.jpg\",\"contentUrl\":\"https:\/\/evertonfc.cz\/wp-content\/uploads\/2020\/03\/Club-Statement-13-3-2020.jpg\",\"width\":720,\"height\":405},{\"@type\":\"BreadcrumbList\",\"@id\":\"https:\/\/evertonfc.cz\/index.php\/2020\/03\/13\/everton-v-izolacii\/#breadcrumb\",\"itemListElement\":[{\"@type\":\"ListItem\",\"position\":1,\"name\":\"Home\",\"item\":\"https:\/\/evertonfc.cz\/\"},{\"@type\":\"ListItem\",\"position\":2,\"name\":\"Hr\u00e1\u010d Evertonu v izol\u00e1cii\"}]},{\"@type\":\"WebSite\",\"@id\":\"https:\/\/evertonfc.cz\/#website\",\"url\":\"https:\/\/evertonfc.cz\/\",\"name\":\"Official Czech &amp; Slovak Everton Supporters&#039; Club\",\"description\":\"\",\"publisher\":{\"@id\":\"https:\/\/evertonfc.cz\/#organization\"},\"potentialAction\":[{\"@type\":\"SearchAction\",\"target\":{\"@type\":\"EntryPoint\",\"urlTemplate\":\"https:\/\/evertonfc.cz\/?s={search_term_string}\"},\"query-input\":{\"@type\":\"PropertyValueSpecification\",\"valueRequired\":true,\"valueName\":\"search_term_string\"}}],\"inLanguage\":\"cs\"},{\"@type\":\"Organization\",\"@id\":\"https:\/\/evertonfc.cz\/#organization\",\"name\":\"Official Czech & Slovak Everton Supporters' Club\",\"url\":\"https:\/\/evertonfc.cz\/\",\"logo\":{\"@type\":\"ImageObject\",\"inLanguage\":\"cs\",\"@id\":\"https:\/\/evertonfc.cz\/#\/schema\/logo\/image\/\",\"url\":\"https:\/\/evertonfc.cz\/wp-content\/uploads\/2019\/05\/logo.png\",\"contentUrl\":\"https:\/\/evertonfc.cz\/wp-content\/uploads\/2019\/05\/logo.png\",\"width\":112,\"height\":112,\"caption\":\"Official Czech & Slovak Everton Supporters' Club\"},\"image\":{\"@id\":\"https:\/\/evertonfc.cz\/#\/schema\/logo\/image\/\"},\"sameAs\":[\"https:\/\/www.facebook.com\/everton.fans.cz.sk\"]},{\"@type\":\"Person\",\"@id\":\"https:\/\/evertonfc.cz\/#\/schema\/person\/d4493b8cbea51532597fbc4685698916\",\"name\":\"BlueBlooded\",\"url\":\"https:\/\/evertonfc.cz\/index.php\/author\/admin\/\"}]}<\/script>\n<!-- \/ Yoast SEO plugin. -->","yoast_head_json":{"title":"Hr\u00e1\u010d Evertonu v izol\u00e1cii - Official Czech &amp; Slovak Everton Supporters&#039; Club","robots":{"index":"index","follow":"follow","max-snippet":"max-snippet:-1","max-image-preview":"max-image-preview:large","max-video-preview":"max-video-preview:-1"},"canonical":"https:\/\/evertonfc.cz\/index.php\/2020\/03\/13\/everton-v-izolacii\/","og_locale":"cs_CZ","og_type":"article","og_title":"Hr\u00e1\u010d Evertonu v izol\u00e1cii - Official Czech &amp; Slovak Everton Supporters&#039; Club","og_description":"Po nepr\u00edjemn\u00fdch spr\u00e1vach r\u00fdchleho \u0161\u00edrenia n\u00e1kazy COVID-19 medzi t\u00edmami z Premier League, sp\u00f4sobovan\u00fdm nov\u00fdm koronav\u00edrusom, vydal klub dnes r\u00e1no stanovisko.","og_url":"https:\/\/evertonfc.cz\/index.php\/2020\/03\/13\/everton-v-izolacii\/","og_site_name":"Official Czech &amp; Slovak Everton Supporters&#039; Club","article_publisher":"https:\/\/www.facebook.com\/everton.fans.cz.sk","article_published_time":"2020-03-13T10:13:15+00:00","article_modified_time":"2020-03-14T15:58:53+00:00","og_image":[{"width":720,"height":405,"url":"https:\/\/evertonfc.cz\/wp-content\/uploads\/2020\/03\/Club-Statement-13-3-2020.jpg","type":"image\/jpeg"}],"author":"BlueBlooded","twitter_card":"summary_large_image","twitter_misc":{"Napsal(a)":"BlueBlooded","Odhadovan\u00e1 doba \u010dten\u00ed":"2 minuty"},"schema":{"@context":"https:\/\/schema.org","@graph":[{"@type":"Article","@id":"https:\/\/evertonfc.cz\/index.php\/2020\/03\/13\/everton-v-izolacii\/#article","isPartOf":{"@id":"https:\/\/evertonfc.cz\/index.php\/2020\/03\/13\/everton-v-izolacii\/"},"author":{"name":"BlueBlooded","@id":"https:\/\/evertonfc.cz\/#\/schema\/person\/d4493b8cbea51532597fbc4685698916"},"headline":"Hr\u00e1\u010d Evertonu v izol\u00e1cii","datePublished":"2020-03-13T10:13:15+00:00","dateModified":"2020-03-14T15:58:53+00:00","mainEntityOfPage":{"@id":"https:\/\/evertonfc.cz\/index.php\/2020\/03\/13\/everton-v-izolacii\/"},"wordCount":360,"commentCount":1,"publisher":{"@id":"https:\/\/evertonfc.cz\/#organization"},"image":{"@id":"https:\/\/evertonfc.cz\/index.php\/2020\/03\/13\/everton-v-izolacii\/#primaryimage"},"thumbnailUrl":"https:\/\/evertonfc.cz\/wp-content\/uploads\/2020\/03\/Club-Statement-13-3-2020.jpg","articleSection":["Aktuality"],"inLanguage":"cs","potentialAction":[{"@type":"CommentAction","name":"Comment","target":["https:\/\/evertonfc.cz\/index.php\/2020\/03\/13\/everton-v-izolacii\/#respond"]}]},{"@type":"WebPage","@id":"https:\/\/evertonfc.cz\/index.php\/2020\/03\/13\/everton-v-izolacii\/","url":"https:\/\/evertonfc.cz\/index.php\/2020\/03\/13\/everton-v-izolacii\/","name":"Hr\u00e1\u010d Evertonu v izol\u00e1cii - Official Czech &amp; Slovak Everton Supporters&#039; Club","isPartOf":{"@id":"https:\/\/evertonfc.cz\/#website"},"primaryImageOfPage":{"@id":"https:\/\/evertonfc.cz\/index.php\/2020\/03\/13\/everton-v-izolacii\/#primaryimage"},"image":{"@id":"https:\/\/evertonfc.cz\/index.php\/2020\/03\/13\/everton-v-izolacii\/#primaryimage"},"thumbnailUrl":"https:\/\/evertonfc.cz\/wp-content\/uploads\/2020\/03\/Club-Statement-13-3-2020.jpg","datePublished":"2020-03-13T10:13:15+00:00","dateModified":"2020-03-14T15:58:53+00:00","breadcrumb":{"@id":"https:\/\/evertonfc.cz\/index.php\/2020\/03\/13\/everton-v-izolacii\/#breadcrumb"},"inLanguage":"cs","potentialAction":[{"@type":"ReadAction","target":["https:\/\/evertonfc.cz\/index.php\/2020\/03\/13\/everton-v-izolacii\/"]}]},{"@type":"ImageObject","inLanguage":"cs","@id":"https:\/\/evertonfc.cz\/index.php\/2020\/03\/13\/everton-v-izolacii\/#primaryimage","url":"https:\/\/evertonfc.cz\/wp-content\/uploads\/2020\/03\/Club-Statement-13-3-2020.jpg","contentUrl":"https:\/\/evertonfc.cz\/wp-content\/uploads\/2020\/03\/Club-Statement-13-3-2020.jpg","width":720,"height":405},{"@type":"BreadcrumbList","@id":"https:\/\/evertonfc.cz\/index.php\/2020\/03\/13\/everton-v-izolacii\/#breadcrumb","itemListElement":[{"@type":"ListItem","position":1,"name":"Home","item":"https:\/\/evertonfc.cz\/"},{"@type":"ListItem","position":2,"name":"Hr\u00e1\u010d Evertonu v izol\u00e1cii"}]},{"@type":"WebSite","@id":"https:\/\/evertonfc.cz\/#website","url":"https:\/\/evertonfc.cz\/","name":"Official Czech &amp; Slovak Everton Supporters&#039; Club","description":"","publisher":{"@id":"https:\/\/evertonfc.cz\/#organization"},"potentialAction":[{"@type":"SearchAction","target":{"@type":"EntryPoint","urlTemplate":"https:\/\/evertonfc.cz\/?s={search_term_string}"},"query-input":{"@type":"PropertyValueSpecification","valueRequired":true,"valueName":"search_term_string"}}],"inLanguage":"cs"},{"@type":"Organization","@id":"https:\/\/evertonfc.cz\/#organization","name":"Official Czech & Slovak Everton Supporters' Club","url":"https:\/\/evertonfc.cz\/","logo":{"@type":"ImageObject","inLanguage":"cs","@id":"https:\/\/evertonfc.cz\/#\/schema\/logo\/image\/","url":"https:\/\/evertonfc.cz\/wp-content\/uploads\/2019\/05\/logo.png","contentUrl":"https:\/\/evertonfc.cz\/wp-content\/uploads\/2019\/05\/logo.png","width":112,"height":112,"caption":"Official Czech & Slovak Everton Supporters' Club"},"image":{"@id":"https:\/\/evertonfc.cz\/#\/schema\/logo\/image\/"},"sameAs":["https:\/\/www.facebook.com\/everton.fans.cz.sk"]},{"@type":"Person","@id":"https:\/\/evertonfc.cz\/#\/schema\/person\/d4493b8cbea51532597fbc4685698916","name":"BlueBlooded","url":"https:\/\/evertonfc.cz\/index.php\/author\/admin\/"}]}},"_links":{"self":[{"href":"https:\/\/evertonfc.cz\/index.php\/wp-json\/wp\/v2\/posts\/10490"}],"collection":[{"href":"https:\/\/evertonfc.cz\/index.php\/wp-json\/wp\/v2\/posts"}],"about":[{"href":"https:\/\/evertonfc.cz\/index.php\/wp-json\/wp\/v2\/types\/post"}],"author":[{"embeddable":true,"href":"https:\/\/evertonfc.cz\/index.php\/wp-json\/wp\/v2\/users\/1"}],"replies":[{"embeddable":true,"href":"https:\/\/evertonfc.cz\/index.php\/wp-json\/wp\/v2\/comments?post=10490"}],"version-history":[{"count":6,"href":"https:\/\/evertonfc.cz\/index.php\/wp-json\/wp\/v2\/posts\/10490\/revisions"}],"predecessor-version":[{"id":10497,"href":"https:\/\/evertonfc.cz\/index.php\/wp-json\/wp\/v2\/posts\/10490\/revisions\/10497"}],"wp:featuredmedia":[{"embeddable":true,"href":"https:\/\/evertonfc.cz\/index.php\/wp-json\/wp\/v2\/media\/10500"}],"wp:attachment":[{"href":"https:\/\/evertonfc.cz\/index.php\/wp-json\/wp\/v2\/media?parent=10490"}],"wp:term":[{"taxonomy":"category","embeddable":true,"href":"https:\/\/evertonfc.cz\/index.php\/wp-json\/wp\/v2\/categories?post=10490"},{"taxonomy":"post_tag","embeddable":true,"href":"https:\/\/evertonfc.cz\/index.php\/wp-json\/wp\/v2\/tags?post=10490"}],"curies":[{"name":"wp","href":"https:\/\/api.w.org\/{rel}","templated":true}]}}