{"id":10501,"date":"2020-03-16T20:02:59","date_gmt":"2020-03-16T19:02:59","guid":{"rendered":"https:\/\/evertonfc.cz\/?p=10501"},"modified":"2020-04-27T09:31:06","modified_gmt":"2020-04-27T07:31:06","slug":"futbal-je-off-line","status":"publish","type":"post","link":"https:\/\/evertonfc.cz\/index.php\/2020\/03\/16\/futbal-je-off-line\/","title":{"rendered":"Futbal je off-line"},"content":{"rendered":"<h4><span lang=\"SK\">N\u00e1hoda alebo nie, trvalo to do piatku trin\u00e1steho, aby si zodpovedn\u00e9 org\u00e1ny uvedomili, \u017ee aj vrcholov\u00fd \u0161port mus\u00ed ust\u00fapi\u0165 pred zdrav\u00edm, zd\u00e1 sa, celej popul\u00e1cie.<\/span><\/h4>\n<p>Inkriminovan\u00fd marcov\u00fd de\u0148, potom ako viacero prvoligov\u00fdch t\u00edmov <a href=\"https:\/\/evertonfc.cz\/index.php\/2020\/03\/13\/everton-v-izolacii\/\" target=\"_blank\" rel=\"noopener noreferrer\">(vr\u00e1tane Evertonu)<\/a>, nahl\u00e1silo podozrenia \u010di dokonca potvrden\u00e9 pr\u00edpady ochorenia COVID-19, prist\u00fapila Premier League, English Football League aj Futbalov\u00e1 asoci\u00e1cia k\u00a0odlo\u017eeniu v\u0161etk\u00fdch s\u00fa\u0165a\u017en\u00fdch stretnut\u00ed minim\u00e1lne do 3. respekt\u00edve do 4. apr\u00edla.<\/p>\n<p>To znamen\u00e1, \u017ee dne\u0161n\u00fd pondelkov\u00fd ve\u010der sa zaob\u00edde bez Merseyside derby. A\u00a0nielen toho. V\u0161eobecne vzat\u00e9, v\u00fdpadok kult\u00farneho, soci\u00e1lneho a\u00a0\u0161portov\u00e9ho \u017eivota m\u00f4\u017eeme o\u010dak\u00e1va\u0165 na rozhodne dlh\u0161iu dobu, ako tri t\u00fd\u017edne. Stanovenie d\u00e1tumu odlo\u017eenia z\u00e1pasov toti\u017e s\u00favis\u00ed sk\u00f4r s\u00a0cie\u013eom n\u00e1js\u0165 dovtedy vhodn\u00e9 rie\u0161enia pre v\u0161etk\u00fdch.<\/p>\n<p>Preto\u017ee s\u00fa\u010dasn\u00fd futbal je moment\u00e1lne ve\u013emi odli\u0161n\u00fd od toho, ktor\u00fd v\u00a0minulosti za\u017eil podobn\u00e9 odst\u00e1vky. Nikdy v\u0161ak nie pre \u017eivot ohrozuj\u00face pliagy. Najsk\u00f4r pri\u0161la Prv\u00e1 svetov\u00e1 vojna a\u00a0zakr\u00e1tko nasledovala aj druh\u00e1. Ani to v\u0161ak nevyko\u013eajilo najpopul\u00e1rnej\u0161\u00ed \u0161port na svete tak, ako to za\u017e\u00edvame pr\u00e1ve teraz.<\/p>\n<p>Preto je slov\u00ed\u010dko off-line teraz ve\u013emi pr\u00edzna\u010dn\u00e9. Vtedy sa hlavn\u00e9 ligov\u00e9 dianie preru\u0161ilo spolu s poh\u00e1rom\u00a0FA, ale futbalov\u00fd \u017eivot ako tak\u00fd sa nezastavil, len prehodil v\u00fdhybku a\u00a0st\u00e1le pokra\u010doval na ved\u013eaj\u0161ej ko\u013eaji v\u00a0forme lok\u00e1lnych mini-l\u00edg a\u00a0War Cup-u. V\u00a0s\u00fa\u010dasnosti panuje ale takzvan\u00fd blackout \u2013 no people, no football.<\/p>\n<p>Cez v\u00edkend sa na starom kontinente odohrali z\u00e1pasy len v\u00a0troch krajin\u00e1ch: Ukrajina, Rusko, Turecko. Viac-menej kv\u00f4li nerozv\u00e1\u017enosti a\u00a0naivite. T\u00e1 panuje aj na z\u00e1padn\u00fdch kontinentoch, kde napr\u00edklad v Braz\u00edlii hr\u00e1\u010di protestovali proti pokra\u010dovaniu s\u00fa\u0165a\u017ee t\u00fdm, \u017ee na duel nast\u00fapili v\u00a0ochrann\u00fdch r\u00fa\u0161kach na tv\u00e1ri.<\/p>\n<p>Aj tam, a\u00a0vlastne v\u0161ade, \u010dasom pr\u00edde k\u00a0nevyhnutn\u00e9mu. Britsk\u00e1 vl\u00e1da sa zatia\u013e ale nem\u00e1 (ot\u00e1\u013ea) k\u00a0plo\u0161n\u00e9mu z\u00e1kazu masov\u00fdch zhroma\u017eden\u00ed a\u00a0celkovo pristupuje k\u00a0\u0161\u00edreniu n\u00e1kazy ve\u013emi vla\u017ene. Vysl\u00fa\u017eila si za to zna\u010dn\u00fa kritiku a\u00a0jej (ne)\u010dinnos\u0165 m\u00f4\u017ee n\u00e1vrat do norm\u00e1lneho \u017eivota len oddiali\u0165. To plat\u00ed aj pre futbal.<\/p>\n<h4><strong><em>Preh\u013ead o\u00a0suspend\u00e1cii v\u00e4\u010d\u0161iny eur\u00f3pskych l\u00edg:<\/em><\/strong><\/h4>\n<ul>\n<li><em><strong>Anglicko \u2013 <\/strong>z\u00e1pasy 1. a\u017e 4. ligy odlo\u017een\u00e9 minim\u00e1lne do 3. apr\u00edla<\/em><\/li>\n<li><em><strong>\u0160k\u00f3tsko \u2013 <\/strong>v\u0161etky z\u00e1pasy pod veden\u00edm SPFL odlo\u017een\u00e9 a\u017e do odvolania<\/em><\/li>\n<li><em><strong>Wales \u2013 <\/strong>v\u0161etky z\u00e1pasy pod veden\u00edm FAW odlo\u017een\u00e9 minim\u00e1lne do 3. apr\u00edla<\/em><\/li>\n<li><em><strong>\u00cdrsko &#8211; <\/strong>v\u0161etky z\u00e1pasy pod veden\u00edm FAI odlo\u017een\u00e9 minim\u00e1lne do 29. marca<\/em><\/li>\n<li><em><strong>Taliansko \u2013 <\/strong>z\u00e1pasy Serie A a B odlo\u017een\u00e9 minim\u00e1lne do 3. apr\u00edla<\/em><\/li>\n<li><em><strong>Franc\u00fazsko &#8211;<\/strong> z\u00e1pasy Ligue 1 a 2 odlo\u017een\u00e9 a\u017e do odvolania<\/em><\/li>\n<li><em><strong>\u0160panielsko &#8211; <\/strong>z\u00e1pasy La Liga a\u00a0La Liga 2 odlo\u017een\u00e9 minim\u00e1lne do 5. apr\u00edla<\/em><\/li>\n<li><em><strong>Holandsko &#8211; <\/strong>z\u00e1pasy Eredivisie odlo\u017een\u00e9 minim\u00e1lne do 31. marca<\/em><\/li>\n<li><em><strong>Nemecko &#8211; <\/strong>z\u00e1pasy Bundesligy a\u00a0Bundesligy 2 odlo\u017een\u00e9 minim\u00e1lne do 2. apr\u00edla<\/em><\/li>\n<li><em><strong>\u0160vaj\u010diarsko &#8211; <\/strong>z\u00e1pasy Super League odlo\u017een\u00e9 minim\u00e1lne do 23. marca<\/em><\/li>\n<li><em><strong>D\u00e1nsko &#8211; <\/strong>v\u0161etky z\u00e1pasy odlo\u017een\u00e9 minim\u00e1lne do 29. marca<\/em><\/li>\n<li><em><strong>Portugalsko &#8211; <\/strong>Primeira Liga a\u00a0LigaPro odlo\u017een\u00e9 a\u017e do odvolania<\/em><\/li>\n<li><em><strong>\u010cesko &#8211;<\/strong> v\u0161etky s\u00fa\u0165a\u017ee odlo\u017een\u00e9 a\u017e do odvolania<\/em><\/li>\n<li><em><strong>Slovensko &#8211;<\/strong> v\u0161etky s\u00fa\u0165a\u017ee odlo\u017een\u00e9 a\u017e do odvolania<\/em><\/li>\n<li><em><strong>Ukrajina &#8211; <\/strong>v\u0161etky z\u00e1pasy bez div\u00e1kov minim\u00e1lne do 3. apr\u00edla<\/em><\/li>\n<li><em><strong>Rusko &#8211; <\/strong>na\u010falej pokra\u010duje bez zmeny<\/em><\/li>\n<\/ul>\n<p>O bud\u00facnosti kontinent\u00e1lnych s\u00fa\u0165a\u017e\u00ed sa bude rozhodova\u0165 zajtra. Org\u00e1n UEFA m\u00e1 ma\u0165 \u0161tyri separ\u00e1tne konferen\u010dn\u00e9 hovory s Eur\u00f3pskou asoci\u00e1ciou klubov, zdru\u017een\u00edm tridsiatich dvoch Eur\u00f3pskych l\u00edg, so zdru\u017een\u00edm v\u0161etk\u00fdch 55 futbalov\u00fdch asoci\u00e1cii a nakoniec s V\u00fdkonn\u00fdm v\u00fdborom UEFA. Ten vyd\u00e1 kone\u010dn\u00e9 stanovisko.<\/p>\n<p>To sa bude s\u00a0ur\u010ditos\u0165ou t\u00fdka\u0165 aj letn\u00e9ho \u0161ampion\u00e1tu. Jeho novinkou malo by\u0165 zavedenie form\u00e1tu dvan\u00e1stich dej\u00edsk v\u00a0r\u00f4znych krajin\u00e1ch Eur\u00f3py. S\u00a0ve\u013ekou pravdepodobnos\u0165ou sa preto majstrovstv\u00e1 posun\u00fa o\u00a0rok. Ale nechcem predbieha\u0165. Na v\u00fdsledok tohto diania bude potom \u0161tvrtok nadv\u00e4zova\u0165 n\u00fadzov\u00e9 stretnutie klubov PL.<\/p>\n<h4>Rozpoltenos\u0165 n\u00e1zorov<\/h4>\n<p>Niektor\u00e9 kluby vraj st\u00e1le veria, \u017ee sa s\u00fa\u0165a\u017ee bud\u00fa m\u00f4c\u0165 obnovi\u0165 od 3. apr\u00edla, aj za zatvoren\u00fdmi dverami. In\u00e9, naopak, sa vidia u\u017e len v\u00a0novej sez\u00f3ne od augusta. To by malo v\u0161ak siahodlh\u00e9 n\u00e1sledky na finan\u010dn\u00fa stabilitu men\u0161\u00edch klubov, najm\u00e4 v\u00a0ni\u017e\u0161\u00edch lig\u00e1ch. O\u00a0mo\u017en\u00fdch altern\u00e1ci\u00e1ch dokon\u010den\u00ed sez\u00f3ny budem ale p\u00edsa\u0165 nabud\u00face.<\/p>\n<p>Zauj\u00edmavos\u0165 na koniec prich\u00e1dza, ako inak, tradi\u010dne z\u00a0ostrovov. Hoci sa profesion\u00e1lny futbal poddal verejn\u00e9mu zdraviu, ten amat\u00e9rsky st\u00e1le funguje. A to aj napriek odkladu men\u0161ieho po\u010dtu z\u00e1pasov, kv\u00f4li hl\u00e1sen\u00fdm karant\u00e9nam niektor\u00fdch klubov. To by v\u0161ak nebolo ni\u010d v\u00fdnimo\u010dn\u00e9. St\u00fapaj\u00face n\u00e1v\u0161tevy naopak s\u00fa.<\/p>\n<p>Ako ukazuje fanatickos\u0165 a\u00a0z\u00e1rove\u0148 ve\u013ek\u00e1 nerozv\u00e1\u017enos\u0165 kol\u00edsky futbalu, tento v\u00edkend st\u00fapla priemern\u00e1 n\u00e1v\u0161tevnos\u0165 piatej ligy o\u00a015,5\u00a0%. Siedma liga si prilep\u0161ila dokonca o\u00a089,7 %. Mimo toho zaznamenal Google na internete zv\u00fd\u0161en\u00fd po\u010det vyh\u013ead\u00e1van\u00ed s\u00a0dopytom po \u017eiv\u00fdch futbalov\u00fdch prenosoch.<\/p>\n<p>Ponuka sa ale ustavi\u010dne zmen\u0161uje. My v\u00e1s v\u0161ak chceme ubezpe\u010di\u0165, \u017ee aj ke\u010f futbal mo\u017eno je v bezvedom\u00ed, fan\u00fa\u0161ikovsk\u00fd servis pre Evertonians u n\u00e1s na webe nekon\u010d\u00ed. Preto n\u00e1m zachovajte vernos\u0165 a podporte koment\u00e1rmi, lebo aj v najbli\u017e\u0161\u00edch d\u0148och \u010di t\u00fd\u017ed\u0148och budeme publikova\u0165 aj bez zjavn\u00e9ho diania na tr\u00e1vnikoch.<\/p>\n<p style=\"text-align: right;\"><em>(foto zdroj: Skysports)<\/em><\/p>\n","protected":false},"excerpt":{"rendered":"<p>N\u00e1hoda alebo nie, trvalo to do piatku trin\u00e1steho, aby si zodpovedn\u00e9 org\u00e1ny uvedomili, \u017ee aj vrcholov\u00fd \u0161port mus\u00ed ust\u00fapi\u0165 pred zdrav\u00edm, zd\u00e1 sa, celej popul\u00e1cie.<\/p>\n","protected":false},"author":1,"featured_media":10502,"comment_status":"open","ping_status":"closed","sticky":false,"template":"","format":"standard","meta":{"_eb_attr":"","_monsterinsights_skip_tracking":false,"_monsterinsights_sitenote_active":false,"_monsterinsights_sitenote_note":"","_monsterinsights_sitenote_category":0,"footnotes":""},"categories":[42],"tags":[],"yoast_head":"<!-- This site is optimized with the Yoast SEO plugin v23.4 - https:\/\/yoast.com\/wordpress\/plugins\/seo\/ -->\n<title>Futbal je off-line - Official Czech &amp; Slovak Everton Supporters&#039; Club<\/title>\n<meta name=\"robots\" content=\"index, follow, max-snippet:-1, max-image-preview:large, max-video-preview:-1\" \/>\n<link rel=\"canonical\" href=\"https:\/\/evertonfc.cz\/index.php\/2020\/03\/16\/futbal-je-off-line\/\" \/>\n<meta property=\"og:locale\" content=\"cs_CZ\" \/>\n<meta property=\"og:type\" content=\"article\" \/>\n<meta property=\"og:title\" content=\"Futbal je off-line - Official Czech &amp; Slovak Everton Supporters&#039; Club\" \/>\n<meta property=\"og:description\" content=\"N\u00e1hoda alebo nie, trvalo to do piatku trin\u00e1steho, aby si zodpovedn\u00e9 org\u00e1ny uvedomili, \u017ee aj vrcholov\u00fd \u0161port mus\u00ed ust\u00fapi\u0165 pred zdrav\u00edm, zd\u00e1 sa, celej popul\u00e1cie.\" \/>\n<meta property=\"og:url\" content=\"https:\/\/evertonfc.cz\/index.php\/2020\/03\/16\/futbal-je-off-line\/\" \/>\n<meta property=\"og:site_name\" content=\"Official Czech &amp; Slovak Everton Supporters&#039; Club\" \/>\n<meta property=\"article:publisher\" content=\"https:\/\/www.facebook.com\/everton.fans.cz.sk\" \/>\n<meta property=\"article:published_time\" content=\"2020-03-16T19:02:59+00:00\" \/>\n<meta property=\"article:modified_time\" content=\"2020-04-27T07:31:06+00:00\" \/>\n<meta property=\"og:image\" content=\"https:\/\/evertonfc.cz\/wp-content\/uploads\/2020\/03\/EDITED-skysports-coronavirus-graphic-16-3-2020.jpg\" \/>\n\t<meta property=\"og:image:width\" content=\"720\" \/>\n\t<meta property=\"og:image:height\" content=\"405\" \/>\n\t<meta property=\"og:image:type\" content=\"image\/jpeg\" \/>\n<meta name=\"author\" content=\"BlueBlooded\" \/>\n<meta name=\"twitter:card\" content=\"summary_large_image\" \/>\n<meta name=\"twitter:label1\" content=\"Napsal(a)\" \/>\n\t<meta name=\"twitter:data1\" content=\"BlueBlooded\" \/>\n\t<meta name=\"twitter:label2\" content=\"Odhadovan\u00e1 doba \u010dten\u00ed\" \/>\n\t<meta name=\"twitter:data2\" content=\"5 minut\" \/>\n<script type=\"application\/ld+json\" class=\"yoast-schema-graph\">{\"@context\":\"https:\/\/schema.org\",\"@graph\":[{\"@type\":\"Article\",\"@id\":\"https:\/\/evertonfc.cz\/index.php\/2020\/03\/16\/futbal-je-off-line\/#article\",\"isPartOf\":{\"@id\":\"https:\/\/evertonfc.cz\/index.php\/2020\/03\/16\/futbal-je-off-line\/\"},\"author\":{\"name\":\"BlueBlooded\",\"@id\":\"https:\/\/evertonfc.cz\/#\/schema\/person\/d4493b8cbea51532597fbc4685698916\"},\"headline\":\"Futbal je off-line\",\"datePublished\":\"2020-03-16T19:02:59+00:00\",\"dateModified\":\"2020-04-27T07:31:06+00:00\",\"mainEntityOfPage\":{\"@id\":\"https:\/\/evertonfc.cz\/index.php\/2020\/03\/16\/futbal-je-off-line\/\"},\"wordCount\":1021,\"commentCount\":0,\"publisher\":{\"@id\":\"https:\/\/evertonfc.cz\/#organization\"},\"image\":{\"@id\":\"https:\/\/evertonfc.cz\/index.php\/2020\/03\/16\/futbal-je-off-line\/#primaryimage\"},\"thumbnailUrl\":\"https:\/\/evertonfc.cz\/wp-content\/uploads\/2020\/03\/EDITED-skysports-coronavirus-graphic-16-3-2020.jpg\",\"articleSection\":[\"Aktuality\"],\"inLanguage\":\"cs\",\"potentialAction\":[{\"@type\":\"CommentAction\",\"name\":\"Comment\",\"target\":[\"https:\/\/evertonfc.cz\/index.php\/2020\/03\/16\/futbal-je-off-line\/#respond\"]}]},{\"@type\":\"WebPage\",\"@id\":\"https:\/\/evertonfc.cz\/index.php\/2020\/03\/16\/futbal-je-off-line\/\",\"url\":\"https:\/\/evertonfc.cz\/index.php\/2020\/03\/16\/futbal-je-off-line\/\",\"name\":\"Futbal je off-line - Official Czech &amp; Slovak Everton Supporters&#039; Club\",\"isPartOf\":{\"@id\":\"https:\/\/evertonfc.cz\/#website\"},\"primaryImageOfPage\":{\"@id\":\"https:\/\/evertonfc.cz\/index.php\/2020\/03\/16\/futbal-je-off-line\/#primaryimage\"},\"image\":{\"@id\":\"https:\/\/evertonfc.cz\/index.php\/2020\/03\/16\/futbal-je-off-line\/#primaryimage\"},\"thumbnailUrl\":\"https:\/\/evertonfc.cz\/wp-content\/uploads\/2020\/03\/EDITED-skysports-coronavirus-graphic-16-3-2020.jpg\",\"datePublished\":\"2020-03-16T19:02:59+00:00\",\"dateModified\":\"2020-04-27T07:31:06+00:00\",\"breadcrumb\":{\"@id\":\"https:\/\/evertonfc.cz\/index.php\/2020\/03\/16\/futbal-je-off-line\/#breadcrumb\"},\"inLanguage\":\"cs\",\"potentialAction\":[{\"@type\":\"ReadAction\",\"target\":[\"https:\/\/evertonfc.cz\/index.php\/2020\/03\/16\/futbal-je-off-line\/\"]}]},{\"@type\":\"ImageObject\",\"inLanguage\":\"cs\",\"@id\":\"https:\/\/evertonfc.cz\/index.php\/2020\/03\/16\/futbal-je-off-line\/#primaryimage\",\"url\":\"https:\/\/evertonfc.cz\/wp-content\/uploads\/2020\/03\/EDITED-skysports-coronavirus-graphic-16-3-2020.jpg\",\"contentUrl\":\"https:\/\/evertonfc.cz\/wp-content\/uploads\/2020\/03\/EDITED-skysports-coronavirus-graphic-16-3-2020.jpg\",\"width\":720,\"height\":405},{\"@type\":\"BreadcrumbList\",\"@id\":\"https:\/\/evertonfc.cz\/index.php\/2020\/03\/16\/futbal-je-off-line\/#breadcrumb\",\"itemListElement\":[{\"@type\":\"ListItem\",\"position\":1,\"name\":\"Home\",\"item\":\"https:\/\/evertonfc.cz\/\"},{\"@type\":\"ListItem\",\"position\":2,\"name\":\"Futbal je off-line\"}]},{\"@type\":\"WebSite\",\"@id\":\"https:\/\/evertonfc.cz\/#website\",\"url\":\"https:\/\/evertonfc.cz\/\",\"name\":\"Official Czech &amp; Slovak Everton Supporters&#039; Club\",\"description\":\"\",\"publisher\":{\"@id\":\"https:\/\/evertonfc.cz\/#organization\"},\"potentialAction\":[{\"@type\":\"SearchAction\",\"target\":{\"@type\":\"EntryPoint\",\"urlTemplate\":\"https:\/\/evertonfc.cz\/?s={search_term_string}\"},\"query-input\":{\"@type\":\"PropertyValueSpecification\",\"valueRequired\":true,\"valueName\":\"search_term_string\"}}],\"inLanguage\":\"cs\"},{\"@type\":\"Organization\",\"@id\":\"https:\/\/evertonfc.cz\/#organization\",\"name\":\"Official Czech & Slovak Everton Supporters' Club\",\"url\":\"https:\/\/evertonfc.cz\/\",\"logo\":{\"@type\":\"ImageObject\",\"inLanguage\":\"cs\",\"@id\":\"https:\/\/evertonfc.cz\/#\/schema\/logo\/image\/\",\"url\":\"https:\/\/evertonfc.cz\/wp-content\/uploads\/2019\/05\/logo.png\",\"contentUrl\":\"https:\/\/evertonfc.cz\/wp-content\/uploads\/2019\/05\/logo.png\",\"width\":112,\"height\":112,\"caption\":\"Official Czech & Slovak Everton Supporters' Club\"},\"image\":{\"@id\":\"https:\/\/evertonfc.cz\/#\/schema\/logo\/image\/\"},\"sameAs\":[\"https:\/\/www.facebook.com\/everton.fans.cz.sk\"]},{\"@type\":\"Person\",\"@id\":\"https:\/\/evertonfc.cz\/#\/schema\/person\/d4493b8cbea51532597fbc4685698916\",\"name\":\"BlueBlooded\",\"url\":\"https:\/\/evertonfc.cz\/index.php\/author\/admin\/\"}]}<\/script>\n<!-- \/ Yoast SEO plugin. -->","yoast_head_json":{"title":"Futbal je off-line - Official Czech &amp; Slovak Everton Supporters&#039; Club","robots":{"index":"index","follow":"follow","max-snippet":"max-snippet:-1","max-image-preview":"max-image-preview:large","max-video-preview":"max-video-preview:-1"},"canonical":"https:\/\/evertonfc.cz\/index.php\/2020\/03\/16\/futbal-je-off-line\/","og_locale":"cs_CZ","og_type":"article","og_title":"Futbal je off-line - Official Czech &amp; Slovak Everton Supporters&#039; Club","og_description":"N\u00e1hoda alebo nie, trvalo to do piatku trin\u00e1steho, aby si zodpovedn\u00e9 org\u00e1ny uvedomili, \u017ee aj vrcholov\u00fd \u0161port mus\u00ed ust\u00fapi\u0165 pred zdrav\u00edm, zd\u00e1 sa, celej popul\u00e1cie.","og_url":"https:\/\/evertonfc.cz\/index.php\/2020\/03\/16\/futbal-je-off-line\/","og_site_name":"Official Czech &amp; Slovak Everton Supporters&#039; Club","article_publisher":"https:\/\/www.facebook.com\/everton.fans.cz.sk","article_published_time":"2020-03-16T19:02:59+00:00","article_modified_time":"2020-04-27T07:31:06+00:00","og_image":[{"width":720,"height":405,"url":"https:\/\/evertonfc.cz\/wp-content\/uploads\/2020\/03\/EDITED-skysports-coronavirus-graphic-16-3-2020.jpg","type":"image\/jpeg"}],"author":"BlueBlooded","twitter_card":"summary_large_image","twitter_misc":{"Napsal(a)":"BlueBlooded","Odhadovan\u00e1 doba \u010dten\u00ed":"5 minut"},"schema":{"@context":"https:\/\/schema.org","@graph":[{"@type":"Article","@id":"https:\/\/evertonfc.cz\/index.php\/2020\/03\/16\/futbal-je-off-line\/#article","isPartOf":{"@id":"https:\/\/evertonfc.cz\/index.php\/2020\/03\/16\/futbal-je-off-line\/"},"author":{"name":"BlueBlooded","@id":"https:\/\/evertonfc.cz\/#\/schema\/person\/d4493b8cbea51532597fbc4685698916"},"headline":"Futbal je off-line","datePublished":"2020-03-16T19:02:59+00:00","dateModified":"2020-04-27T07:31:06+00:00","mainEntityOfPage":{"@id":"https:\/\/evertonfc.cz\/index.php\/2020\/03\/16\/futbal-je-off-line\/"},"wordCount":1021,"commentCount":0,"publisher":{"@id":"https:\/\/evertonfc.cz\/#organization"},"image":{"@id":"https:\/\/evertonfc.cz\/index.php\/2020\/03\/16\/futbal-je-off-line\/#primaryimage"},"thumbnailUrl":"https:\/\/evertonfc.cz\/wp-content\/uploads\/2020\/03\/EDITED-skysports-coronavirus-graphic-16-3-2020.jpg","articleSection":["Aktuality"],"inLanguage":"cs","potentialAction":[{"@type":"CommentAction","name":"Comment","target":["https:\/\/evertonfc.cz\/index.php\/2020\/03\/16\/futbal-je-off-line\/#respond"]}]},{"@type":"WebPage","@id":"https:\/\/evertonfc.cz\/index.php\/2020\/03\/16\/futbal-je-off-line\/","url":"https:\/\/evertonfc.cz\/index.php\/2020\/03\/16\/futbal-je-off-line\/","name":"Futbal je off-line - Official Czech &amp; Slovak Everton Supporters&#039; Club","isPartOf":{"@id":"https:\/\/evertonfc.cz\/#website"},"primaryImageOfPage":{"@id":"https:\/\/evertonfc.cz\/index.php\/2020\/03\/16\/futbal-je-off-line\/#primaryimage"},"image":{"@id":"https:\/\/evertonfc.cz\/index.php\/2020\/03\/16\/futbal-je-off-line\/#primaryimage"},"thumbnailUrl":"https:\/\/evertonfc.cz\/wp-content\/uploads\/2020\/03\/EDITED-skysports-coronavirus-graphic-16-3-2020.jpg","datePublished":"2020-03-16T19:02:59+00:00","dateModified":"2020-04-27T07:31:06+00:00","breadcrumb":{"@id":"https:\/\/evertonfc.cz\/index.php\/2020\/03\/16\/futbal-je-off-line\/#breadcrumb"},"inLanguage":"cs","potentialAction":[{"@type":"ReadAction","target":["https:\/\/evertonfc.cz\/index.php\/2020\/03\/16\/futbal-je-off-line\/"]}]},{"@type":"ImageObject","inLanguage":"cs","@id":"https:\/\/evertonfc.cz\/index.php\/2020\/03\/16\/futbal-je-off-line\/#primaryimage","url":"https:\/\/evertonfc.cz\/wp-content\/uploads\/2020\/03\/EDITED-skysports-coronavirus-graphic-16-3-2020.jpg","contentUrl":"https:\/\/evertonfc.cz\/wp-content\/uploads\/2020\/03\/EDITED-skysports-coronavirus-graphic-16-3-2020.jpg","width":720,"height":405},{"@type":"BreadcrumbList","@id":"https:\/\/evertonfc.cz\/index.php\/2020\/03\/16\/futbal-je-off-line\/#breadcrumb","itemListElement":[{"@type":"ListItem","position":1,"name":"Home","item":"https:\/\/evertonfc.cz\/"},{"@type":"ListItem","position":2,"name":"Futbal je off-line"}]},{"@type":"WebSite","@id":"https:\/\/evertonfc.cz\/#website","url":"https:\/\/evertonfc.cz\/","name":"Official Czech &amp; Slovak Everton Supporters&#039; Club","description":"","publisher":{"@id":"https:\/\/evertonfc.cz\/#organization"},"potentialAction":[{"@type":"SearchAction","target":{"@type":"EntryPoint","urlTemplate":"https:\/\/evertonfc.cz\/?s={search_term_string}"},"query-input":{"@type":"PropertyValueSpecification","valueRequired":true,"valueName":"search_term_string"}}],"inLanguage":"cs"},{"@type":"Organization","@id":"https:\/\/evertonfc.cz\/#organization","name":"Official Czech & Slovak Everton Supporters' Club","url":"https:\/\/evertonfc.cz\/","logo":{"@type":"ImageObject","inLanguage":"cs","@id":"https:\/\/evertonfc.cz\/#\/schema\/logo\/image\/","url":"https:\/\/evertonfc.cz\/wp-content\/uploads\/2019\/05\/logo.png","contentUrl":"https:\/\/evertonfc.cz\/wp-content\/uploads\/2019\/05\/logo.png","width":112,"height":112,"caption":"Official Czech & Slovak Everton Supporters' Club"},"image":{"@id":"https:\/\/evertonfc.cz\/#\/schema\/logo\/image\/"},"sameAs":["https:\/\/www.facebook.com\/everton.fans.cz.sk"]},{"@type":"Person","@id":"https:\/\/evertonfc.cz\/#\/schema\/person\/d4493b8cbea51532597fbc4685698916","name":"BlueBlooded","url":"https:\/\/evertonfc.cz\/index.php\/author\/admin\/"}]}},"_links":{"self":[{"href":"https:\/\/evertonfc.cz\/index.php\/wp-json\/wp\/v2\/posts\/10501"}],"collection":[{"href":"https:\/\/evertonfc.cz\/index.php\/wp-json\/wp\/v2\/posts"}],"about":[{"href":"https:\/\/evertonfc.cz\/index.php\/wp-json\/wp\/v2\/types\/post"}],"author":[{"embeddable":true,"href":"https:\/\/evertonfc.cz\/index.php\/wp-json\/wp\/v2\/users\/1"}],"replies":[{"embeddable":true,"href":"https:\/\/evertonfc.cz\/index.php\/wp-json\/wp\/v2\/comments?post=10501"}],"version-history":[{"count":8,"href":"https:\/\/evertonfc.cz\/index.php\/wp-json\/wp\/v2\/posts\/10501\/revisions"}],"predecessor-version":[{"id":10523,"href":"https:\/\/evertonfc.cz\/index.php\/wp-json\/wp\/v2\/posts\/10501\/revisions\/10523"}],"wp:featuredmedia":[{"embeddable":true,"href":"https:\/\/evertonfc.cz\/index.php\/wp-json\/wp\/v2\/media\/10502"}],"wp:attachment":[{"href":"https:\/\/evertonfc.cz\/index.php\/wp-json\/wp\/v2\/media?parent=10501"}],"wp:term":[{"taxonomy":"category","embeddable":true,"href":"https:\/\/evertonfc.cz\/index.php\/wp-json\/wp\/v2\/categories?post=10501"},{"taxonomy":"post_tag","embeddable":true,"href":"https:\/\/evertonfc.cz\/index.php\/wp-json\/wp\/v2\/tags?post=10501"}],"curies":[{"name":"wp","href":"https:\/\/api.w.org\/{rel}","templated":true}]}}