{"id":10550,"date":"2020-03-24T18:01:50","date_gmt":"2020-03-24T17:01:50","guid":{"rendered":"https:\/\/evertonfc.cz\/?p=10550"},"modified":"2020-04-27T09:21:10","modified_gmt":"2020-04-27T07:21:10","slug":"predlzi-baines-zmluvu","status":"publish","type":"post","link":"https:\/\/evertonfc.cz\/index.php\/2020\/03\/24\/predlzi-baines-zmluvu\/","title":{"rendered":"Pred\u013a\u017ei Baines zmluvu?"},"content":{"rendered":"<h4><span lang=\"SK\">\u013dav\u00fd obranca vo veku veter\u00e1na st\u00e1le pod\u00e1va v\u00fdkony hodn\u00e9 z\u00e1kladnej zostavy. Mana\u017e\u00e9r Evertonu, Carlo Ancelotti, sa netaj\u00ed t\u00fdm, \u017ee by s\u00a0n\u00edm r\u00e1d pred\u013a\u017eil spolupr\u00e1cu.<\/span><\/h4>\n<p>Toto priznanie od st\u00e1le nov\u00e9ho lodivoda Karameliek pri\u0161lo po dobrom v\u00fdkone na ihrisk\u00e1ch Arsenalu a Manchesteru United, ke\u010f tridsa\u0165p\u00e4\u0165ro\u010dn\u00fd <a href=\"https:\/\/evertonfc.cz\/index.php\/soupiska\/leighton-baines\/\" target=\"_blank\" rel=\"noopener noreferrer\">Leighton Baines<\/a> hravo nechal zabudn\u00fa\u0165 na zranen\u00e9ho <a href=\"https:\/\/evertonfc.cz\/index.php\/soupiska\/lucas-digne\/\" target=\"_blank\" rel=\"noopener noreferrer\">Lucasa Digneho<\/a>. Hr\u00e1\u010dska ikona fan\u00fa\u0161ikov a nezamenite\u013en\u00e1 osobnos\u0165 v kab\u00edne odv\u00e1dza poctiv\u00fa robotu u\u017e trin\u00e1stu sez\u00f3nu v klube.<\/p>\n<p>Tento ro\u010dn\u00edk s\u00edce zasiahol len do \u0161iestich z\u00e1pasov, av\u0161ak niet poch\u00fdb, \u017ee st\u00e1le je ve\u013emi platn\u00fdm hr\u00e1\u010dom. Exkluz\u00edvne sme sa o tom mohli presved\u010di\u0165 aj v ligovom poh\u00e1ri. Proti Leicesteru v nadstavenom \u010dase <a href=\"https:\/\/www.evertonfc.com\/video\/1571541\/watch-evertons-goal-of-the-month-winner\" target=\"_blank\" rel=\"noopener noreferrer\">exportne vymietol \u0161ibenicu Schmeichelovej br\u00e1ny<\/a> a poslal tak duel do rozstrelu zo zna\u010dky pokutov\u00e9ho kopu.<\/p>\n<h4><strong>Carlo Ancelotti:<\/strong><\/h4>\n<blockquote><p><em>\u201eN\u00e1\u0161 z\u00e1mer, z\u00e1mer klubu je ,Neprest\u00e1vaj hra\u0165, zosta\u0148 s nami \u010fal\u0161\u00ed rok\u2018. Radi by sme ho udr\u017eali a ideme sa s n\u00edm o tom porozpr\u00e1va\u0165. Pre n\u00e1s bude lep\u0161ie, ak m\u00f4\u017ee osta\u0165. Fyzicky nem\u00e1 \u017eiadny probl\u00e9m a ost\u00e1va na \u0148om, \u010do si o tom mysl\u00ed a \u010di chce pokra\u010dova\u0165. Mysl\u00edm si, \u017ee chce, ale je to jeho rozhodnutie. <\/em><em>M\u00e1 sk\u00fasenosti a aj ke\u010f nehr\u00e1 \u010dasto, je schopn\u00fd pr\u00eds\u0165 a riadi\u0165 hru. Je fyzicky siln\u00fd a naozaj inteligentn\u00fd hr\u00e1\u010d. Maldini prestal s futbalom len preto, \u017ee mal na konci zdravotn\u00e9 probl\u00e9my. So svojou kvalitou mohol hra\u0165 dlh\u0161ie. A Ligu majstrov vyhral, ke\u010f mal takmer \u0161tyridsa\u0165 rokov \u2013 tak\u017ee Leighton m\u00e1 st\u00e1le \u010das.\u201c <\/em><\/p><\/blockquote>\n<p>Minul\u00e9 leto sme boli svedkami v\u00e1hania zo strany rod\u00e1ka z Kirkby, ke\u010f pred ro\u010dn\u00fdm pred\u013a\u017een\u00edm bol intenz\u00edvne sp\u00e1jan\u00fd s odchodom do americkej Major League Soccer. Z\u00e1ujem prich\u00e1dzal konkr\u00e9tne zo z\u00e1padn\u00e9ho pobre\u017eia, respekt\u00edve Los Angeles. Baines si bol vedom\u00fd svojho vytr\u00e1caj\u00faceho sa vplyvu pri tvorbe pravidelnej jeden\u00e1stky.<\/p>\n<p>Ako uv\u00e1dza port\u00e1l The Athletic, tento mo\u017en\u00fd prestup diskutoval aj so svojimi bl\u00edzkymi. Ako je dobre zn\u00e1me, s\u00a0rodinou \u010dasto tr\u00e1vi letn\u00e9 dovolenky v\u00a0z\u00e1mor\u00ed. Zatia\u013e v\u0161ak vyzer\u00e1 tento scen\u00e1r ve\u013emi nepravdepodobn\u00fd, nako\u013eko je v\u00a0hre viacero faktorov. Deti, pohodln\u00fd a\u00a0usaden\u00fd \u017eivot na Merseyside, \u010di zn\u00ed\u017een\u00fd z\u00e1ujem klubov toto leto.<\/p>\n<p>Hr\u00e1\u010d vraj nie je naklonen\u00fd ani prestupu do in\u00e9ho klubu Premier League. A\u00a0to aj napriek tomu, \u017ee v\u010faka svojej kvalite a\u00a0\u017eivotn\u00e9mu \u0161t\u00fdlu by mohol pri poskytnut\u00ed priestoru zatieni\u0165 v\u00e4\u010d\u0161inu \u013eav\u00fdch obrancov v\u00a0lige. Marco Silva a\u00a0aj Carlo Ancelotti, ako sa zd\u00e1, st\u00e1le viac preferuj\u00fa vo svojom veku mobilnej\u0161ieho Digneho.<\/p>\n<p>Na tom by nebolo ni\u010d zl\u00e9, ak by nebol n\u00faten\u00fd hra\u0165 aj s\u00a0nedolie\u010den\u00fdmi zraneniami alebo nie stopercentne fit, \u010do vedie k\u00a0strate formy a\u00a0po\u017eadovan\u00e9ho pr\u00ednosu. A\u00a0ke\u010f sa Baines po jeho v\u00fdbornom zast\u00fapen\u00ed znova ocitne na lavi\u010dke n\u00e1hradn\u00edkov, fan\u00fa\u0161ikovia \u017easn\u00fa a\u00a0z\u00e1rove\u0148 neveriacky \u0165ukaj\u00fa na \u010delo.<\/p>\n<p><em>Odmenili by ste Leightona Bainesa pred\u013a\u017een\u00edm kontraktu? Dajte n\u00e1m vedie\u0165 svoj n\u00e1zor v koment\u00e1roch! Osta\u0148te n\u00e1m vern\u00ed\u00a0 \u2192\u00a0doh\u013eadnej dobe pre v\u00e1s pripravujeme s legend\u00e1rnym \u010d\u00edslom tri aj rozhovor.<\/em><\/p>\n<p style=\"text-align: right;\">(foto zdroj: Emma Simpson \u2013 Everton FC)<\/p>\n","protected":false},"excerpt":{"rendered":"<p>\u013dav\u00fd obranca vo veku veter\u00e1na st\u00e1le pod\u00e1va v\u00fdkony hodn\u00e9 z\u00e1kladnej zostavy. Mana\u017e\u00e9r Evertonu, Carlo Ancelotti, sa netaj\u00ed t\u00fdm, \u017ee by s n\u00edm r\u00e1d pred\u013a\u017eil spolupr\u00e1cu.<\/p>\n","protected":false},"author":1,"featured_media":10551,"comment_status":"open","ping_status":"closed","sticky":false,"template":"","format":"standard","meta":{"_eb_attr":"","_monsterinsights_skip_tracking":false,"_monsterinsights_sitenote_active":false,"_monsterinsights_sitenote_note":"","_monsterinsights_sitenote_category":0,"footnotes":""},"categories":[42],"tags":[],"yoast_head":"<!-- This site is optimized with the Yoast SEO plugin v23.4 - https:\/\/yoast.com\/wordpress\/plugins\/seo\/ -->\n<title>Pred\u013a\u017ei Baines zmluvu? - Official Czech &amp; Slovak Everton Supporters&#039; Club<\/title>\n<meta name=\"robots\" content=\"index, follow, max-snippet:-1, max-image-preview:large, max-video-preview:-1\" \/>\n<link rel=\"canonical\" href=\"https:\/\/evertonfc.cz\/index.php\/2020\/03\/24\/predlzi-baines-zmluvu\/\" \/>\n<meta property=\"og:locale\" content=\"cs_CZ\" \/>\n<meta property=\"og:type\" content=\"article\" \/>\n<meta property=\"og:title\" content=\"Pred\u013a\u017ei Baines zmluvu? - Official Czech &amp; Slovak Everton Supporters&#039; Club\" \/>\n<meta property=\"og:description\" content=\"\u013dav\u00fd obranca vo veku veter\u00e1na st\u00e1le pod\u00e1va v\u00fdkony hodn\u00e9 z\u00e1kladnej zostavy. Mana\u017e\u00e9r Evertonu, Carlo Ancelotti, sa netaj\u00ed t\u00fdm, \u017ee by s n\u00edm r\u00e1d pred\u013a\u017eil spolupr\u00e1cu.\" \/>\n<meta property=\"og:url\" content=\"https:\/\/evertonfc.cz\/index.php\/2020\/03\/24\/predlzi-baines-zmluvu\/\" \/>\n<meta property=\"og:site_name\" content=\"Official Czech &amp; Slovak Everton Supporters&#039; Club\" \/>\n<meta property=\"article:publisher\" content=\"https:\/\/www.facebook.com\/everton.fans.cz.sk\" \/>\n<meta property=\"article:published_time\" content=\"2020-03-24T17:01:50+00:00\" \/>\n<meta property=\"article:modified_time\" content=\"2020-04-27T07:21:10+00:00\" \/>\n<meta property=\"og:image\" content=\"https:\/\/evertonfc.cz\/wp-content\/uploads\/2020\/03\/leighton-baines-24-3-2020.png\" \/>\n\t<meta property=\"og:image:width\" content=\"720\" \/>\n\t<meta property=\"og:image:height\" content=\"405\" \/>\n\t<meta property=\"og:image:type\" content=\"image\/png\" \/>\n<meta name=\"author\" content=\"BlueBlooded\" \/>\n<meta name=\"twitter:card\" content=\"summary_large_image\" \/>\n<meta name=\"twitter:label1\" content=\"Napsal(a)\" \/>\n\t<meta name=\"twitter:data1\" content=\"BlueBlooded\" \/>\n\t<meta name=\"twitter:label2\" content=\"Odhadovan\u00e1 doba \u010dten\u00ed\" \/>\n\t<meta name=\"twitter:data2\" content=\"3 minuty\" \/>\n<script type=\"application\/ld+json\" class=\"yoast-schema-graph\">{\"@context\":\"https:\/\/schema.org\",\"@graph\":[{\"@type\":\"Article\",\"@id\":\"https:\/\/evertonfc.cz\/index.php\/2020\/03\/24\/predlzi-baines-zmluvu\/#article\",\"isPartOf\":{\"@id\":\"https:\/\/evertonfc.cz\/index.php\/2020\/03\/24\/predlzi-baines-zmluvu\/\"},\"author\":{\"name\":\"BlueBlooded\",\"@id\":\"https:\/\/evertonfc.cz\/#\/schema\/person\/d4493b8cbea51532597fbc4685698916\"},\"headline\":\"Pred\u013a\u017ei Baines zmluvu?\",\"datePublished\":\"2020-03-24T17:01:50+00:00\",\"dateModified\":\"2020-04-27T07:21:10+00:00\",\"mainEntityOfPage\":{\"@id\":\"https:\/\/evertonfc.cz\/index.php\/2020\/03\/24\/predlzi-baines-zmluvu\/\"},\"wordCount\":588,\"commentCount\":5,\"publisher\":{\"@id\":\"https:\/\/evertonfc.cz\/#organization\"},\"image\":{\"@id\":\"https:\/\/evertonfc.cz\/index.php\/2020\/03\/24\/predlzi-baines-zmluvu\/#primaryimage\"},\"thumbnailUrl\":\"https:\/\/evertonfc.cz\/wp-content\/uploads\/2020\/03\/leighton-baines-24-3-2020.png\",\"articleSection\":[\"Aktuality\"],\"inLanguage\":\"cs\",\"potentialAction\":[{\"@type\":\"CommentAction\",\"name\":\"Comment\",\"target\":[\"https:\/\/evertonfc.cz\/index.php\/2020\/03\/24\/predlzi-baines-zmluvu\/#respond\"]}]},{\"@type\":\"WebPage\",\"@id\":\"https:\/\/evertonfc.cz\/index.php\/2020\/03\/24\/predlzi-baines-zmluvu\/\",\"url\":\"https:\/\/evertonfc.cz\/index.php\/2020\/03\/24\/predlzi-baines-zmluvu\/\",\"name\":\"Pred\u013a\u017ei Baines zmluvu? - Official Czech &amp; Slovak Everton Supporters&#039; Club\",\"isPartOf\":{\"@id\":\"https:\/\/evertonfc.cz\/#website\"},\"primaryImageOfPage\":{\"@id\":\"https:\/\/evertonfc.cz\/index.php\/2020\/03\/24\/predlzi-baines-zmluvu\/#primaryimage\"},\"image\":{\"@id\":\"https:\/\/evertonfc.cz\/index.php\/2020\/03\/24\/predlzi-baines-zmluvu\/#primaryimage\"},\"thumbnailUrl\":\"https:\/\/evertonfc.cz\/wp-content\/uploads\/2020\/03\/leighton-baines-24-3-2020.png\",\"datePublished\":\"2020-03-24T17:01:50+00:00\",\"dateModified\":\"2020-04-27T07:21:10+00:00\",\"breadcrumb\":{\"@id\":\"https:\/\/evertonfc.cz\/index.php\/2020\/03\/24\/predlzi-baines-zmluvu\/#breadcrumb\"},\"inLanguage\":\"cs\",\"potentialAction\":[{\"@type\":\"ReadAction\",\"target\":[\"https:\/\/evertonfc.cz\/index.php\/2020\/03\/24\/predlzi-baines-zmluvu\/\"]}]},{\"@type\":\"ImageObject\",\"inLanguage\":\"cs\",\"@id\":\"https:\/\/evertonfc.cz\/index.php\/2020\/03\/24\/predlzi-baines-zmluvu\/#primaryimage\",\"url\":\"https:\/\/evertonfc.cz\/wp-content\/uploads\/2020\/03\/leighton-baines-24-3-2020.png\",\"contentUrl\":\"https:\/\/evertonfc.cz\/wp-content\/uploads\/2020\/03\/leighton-baines-24-3-2020.png\",\"width\":720,\"height\":405},{\"@type\":\"BreadcrumbList\",\"@id\":\"https:\/\/evertonfc.cz\/index.php\/2020\/03\/24\/predlzi-baines-zmluvu\/#breadcrumb\",\"itemListElement\":[{\"@type\":\"ListItem\",\"position\":1,\"name\":\"Home\",\"item\":\"https:\/\/evertonfc.cz\/\"},{\"@type\":\"ListItem\",\"position\":2,\"name\":\"Pred\u013a\u017ei Baines zmluvu?\"}]},{\"@type\":\"WebSite\",\"@id\":\"https:\/\/evertonfc.cz\/#website\",\"url\":\"https:\/\/evertonfc.cz\/\",\"name\":\"Official Czech &amp; Slovak Everton Supporters&#039; Club\",\"description\":\"\",\"publisher\":{\"@id\":\"https:\/\/evertonfc.cz\/#organization\"},\"potentialAction\":[{\"@type\":\"SearchAction\",\"target\":{\"@type\":\"EntryPoint\",\"urlTemplate\":\"https:\/\/evertonfc.cz\/?s={search_term_string}\"},\"query-input\":{\"@type\":\"PropertyValueSpecification\",\"valueRequired\":true,\"valueName\":\"search_term_string\"}}],\"inLanguage\":\"cs\"},{\"@type\":\"Organization\",\"@id\":\"https:\/\/evertonfc.cz\/#organization\",\"name\":\"Official Czech & Slovak Everton Supporters' Club\",\"url\":\"https:\/\/evertonfc.cz\/\",\"logo\":{\"@type\":\"ImageObject\",\"inLanguage\":\"cs\",\"@id\":\"https:\/\/evertonfc.cz\/#\/schema\/logo\/image\/\",\"url\":\"https:\/\/evertonfc.cz\/wp-content\/uploads\/2019\/05\/logo.png\",\"contentUrl\":\"https:\/\/evertonfc.cz\/wp-content\/uploads\/2019\/05\/logo.png\",\"width\":112,\"height\":112,\"caption\":\"Official Czech & Slovak Everton Supporters' Club\"},\"image\":{\"@id\":\"https:\/\/evertonfc.cz\/#\/schema\/logo\/image\/\"},\"sameAs\":[\"https:\/\/www.facebook.com\/everton.fans.cz.sk\"]},{\"@type\":\"Person\",\"@id\":\"https:\/\/evertonfc.cz\/#\/schema\/person\/d4493b8cbea51532597fbc4685698916\",\"name\":\"BlueBlooded\",\"url\":\"https:\/\/evertonfc.cz\/index.php\/author\/admin\/\"}]}<\/script>\n<!-- \/ Yoast SEO plugin. -->","yoast_head_json":{"title":"Pred\u013a\u017ei Baines zmluvu? - Official Czech &amp; Slovak Everton Supporters&#039; Club","robots":{"index":"index","follow":"follow","max-snippet":"max-snippet:-1","max-image-preview":"max-image-preview:large","max-video-preview":"max-video-preview:-1"},"canonical":"https:\/\/evertonfc.cz\/index.php\/2020\/03\/24\/predlzi-baines-zmluvu\/","og_locale":"cs_CZ","og_type":"article","og_title":"Pred\u013a\u017ei Baines zmluvu? - Official Czech &amp; Slovak Everton Supporters&#039; Club","og_description":"\u013dav\u00fd obranca vo veku veter\u00e1na st\u00e1le pod\u00e1va v\u00fdkony hodn\u00e9 z\u00e1kladnej zostavy. Mana\u017e\u00e9r Evertonu, Carlo Ancelotti, sa netaj\u00ed t\u00fdm, \u017ee by s n\u00edm r\u00e1d pred\u013a\u017eil spolupr\u00e1cu.","og_url":"https:\/\/evertonfc.cz\/index.php\/2020\/03\/24\/predlzi-baines-zmluvu\/","og_site_name":"Official Czech &amp; Slovak Everton Supporters&#039; Club","article_publisher":"https:\/\/www.facebook.com\/everton.fans.cz.sk","article_published_time":"2020-03-24T17:01:50+00:00","article_modified_time":"2020-04-27T07:21:10+00:00","og_image":[{"width":720,"height":405,"url":"https:\/\/evertonfc.cz\/wp-content\/uploads\/2020\/03\/leighton-baines-24-3-2020.png","type":"image\/png"}],"author":"BlueBlooded","twitter_card":"summary_large_image","twitter_misc":{"Napsal(a)":"BlueBlooded","Odhadovan\u00e1 doba \u010dten\u00ed":"3 minuty"},"schema":{"@context":"https:\/\/schema.org","@graph":[{"@type":"Article","@id":"https:\/\/evertonfc.cz\/index.php\/2020\/03\/24\/predlzi-baines-zmluvu\/#article","isPartOf":{"@id":"https:\/\/evertonfc.cz\/index.php\/2020\/03\/24\/predlzi-baines-zmluvu\/"},"author":{"name":"BlueBlooded","@id":"https:\/\/evertonfc.cz\/#\/schema\/person\/d4493b8cbea51532597fbc4685698916"},"headline":"Pred\u013a\u017ei Baines zmluvu?","datePublished":"2020-03-24T17:01:50+00:00","dateModified":"2020-04-27T07:21:10+00:00","mainEntityOfPage":{"@id":"https:\/\/evertonfc.cz\/index.php\/2020\/03\/24\/predlzi-baines-zmluvu\/"},"wordCount":588,"commentCount":5,"publisher":{"@id":"https:\/\/evertonfc.cz\/#organization"},"image":{"@id":"https:\/\/evertonfc.cz\/index.php\/2020\/03\/24\/predlzi-baines-zmluvu\/#primaryimage"},"thumbnailUrl":"https:\/\/evertonfc.cz\/wp-content\/uploads\/2020\/03\/leighton-baines-24-3-2020.png","articleSection":["Aktuality"],"inLanguage":"cs","potentialAction":[{"@type":"CommentAction","name":"Comment","target":["https:\/\/evertonfc.cz\/index.php\/2020\/03\/24\/predlzi-baines-zmluvu\/#respond"]}]},{"@type":"WebPage","@id":"https:\/\/evertonfc.cz\/index.php\/2020\/03\/24\/predlzi-baines-zmluvu\/","url":"https:\/\/evertonfc.cz\/index.php\/2020\/03\/24\/predlzi-baines-zmluvu\/","name":"Pred\u013a\u017ei Baines zmluvu? - Official Czech &amp; Slovak Everton Supporters&#039; Club","isPartOf":{"@id":"https:\/\/evertonfc.cz\/#website"},"primaryImageOfPage":{"@id":"https:\/\/evertonfc.cz\/index.php\/2020\/03\/24\/predlzi-baines-zmluvu\/#primaryimage"},"image":{"@id":"https:\/\/evertonfc.cz\/index.php\/2020\/03\/24\/predlzi-baines-zmluvu\/#primaryimage"},"thumbnailUrl":"https:\/\/evertonfc.cz\/wp-content\/uploads\/2020\/03\/leighton-baines-24-3-2020.png","datePublished":"2020-03-24T17:01:50+00:00","dateModified":"2020-04-27T07:21:10+00:00","breadcrumb":{"@id":"https:\/\/evertonfc.cz\/index.php\/2020\/03\/24\/predlzi-baines-zmluvu\/#breadcrumb"},"inLanguage":"cs","potentialAction":[{"@type":"ReadAction","target":["https:\/\/evertonfc.cz\/index.php\/2020\/03\/24\/predlzi-baines-zmluvu\/"]}]},{"@type":"ImageObject","inLanguage":"cs","@id":"https:\/\/evertonfc.cz\/index.php\/2020\/03\/24\/predlzi-baines-zmluvu\/#primaryimage","url":"https:\/\/evertonfc.cz\/wp-content\/uploads\/2020\/03\/leighton-baines-24-3-2020.png","contentUrl":"https:\/\/evertonfc.cz\/wp-content\/uploads\/2020\/03\/leighton-baines-24-3-2020.png","width":720,"height":405},{"@type":"BreadcrumbList","@id":"https:\/\/evertonfc.cz\/index.php\/2020\/03\/24\/predlzi-baines-zmluvu\/#breadcrumb","itemListElement":[{"@type":"ListItem","position":1,"name":"Home","item":"https:\/\/evertonfc.cz\/"},{"@type":"ListItem","position":2,"name":"Pred\u013a\u017ei Baines zmluvu?"}]},{"@type":"WebSite","@id":"https:\/\/evertonfc.cz\/#website","url":"https:\/\/evertonfc.cz\/","name":"Official Czech &amp; Slovak Everton Supporters&#039; Club","description":"","publisher":{"@id":"https:\/\/evertonfc.cz\/#organization"},"potentialAction":[{"@type":"SearchAction","target":{"@type":"EntryPoint","urlTemplate":"https:\/\/evertonfc.cz\/?s={search_term_string}"},"query-input":{"@type":"PropertyValueSpecification","valueRequired":true,"valueName":"search_term_string"}}],"inLanguage":"cs"},{"@type":"Organization","@id":"https:\/\/evertonfc.cz\/#organization","name":"Official Czech & Slovak Everton Supporters' Club","url":"https:\/\/evertonfc.cz\/","logo":{"@type":"ImageObject","inLanguage":"cs","@id":"https:\/\/evertonfc.cz\/#\/schema\/logo\/image\/","url":"https:\/\/evertonfc.cz\/wp-content\/uploads\/2019\/05\/logo.png","contentUrl":"https:\/\/evertonfc.cz\/wp-content\/uploads\/2019\/05\/logo.png","width":112,"height":112,"caption":"Official Czech & Slovak Everton Supporters' Club"},"image":{"@id":"https:\/\/evertonfc.cz\/#\/schema\/logo\/image\/"},"sameAs":["https:\/\/www.facebook.com\/everton.fans.cz.sk"]},{"@type":"Person","@id":"https:\/\/evertonfc.cz\/#\/schema\/person\/d4493b8cbea51532597fbc4685698916","name":"BlueBlooded","url":"https:\/\/evertonfc.cz\/index.php\/author\/admin\/"}]}},"_links":{"self":[{"href":"https:\/\/evertonfc.cz\/index.php\/wp-json\/wp\/v2\/posts\/10550"}],"collection":[{"href":"https:\/\/evertonfc.cz\/index.php\/wp-json\/wp\/v2\/posts"}],"about":[{"href":"https:\/\/evertonfc.cz\/index.php\/wp-json\/wp\/v2\/types\/post"}],"author":[{"embeddable":true,"href":"https:\/\/evertonfc.cz\/index.php\/wp-json\/wp\/v2\/users\/1"}],"replies":[{"embeddable":true,"href":"https:\/\/evertonfc.cz\/index.php\/wp-json\/wp\/v2\/comments?post=10550"}],"version-history":[{"count":13,"href":"https:\/\/evertonfc.cz\/index.php\/wp-json\/wp\/v2\/posts\/10550\/revisions"}],"predecessor-version":[{"id":10865,"href":"https:\/\/evertonfc.cz\/index.php\/wp-json\/wp\/v2\/posts\/10550\/revisions\/10865"}],"wp:featuredmedia":[{"embeddable":true,"href":"https:\/\/evertonfc.cz\/index.php\/wp-json\/wp\/v2\/media\/10551"}],"wp:attachment":[{"href":"https:\/\/evertonfc.cz\/index.php\/wp-json\/wp\/v2\/media?parent=10550"}],"wp:term":[{"taxonomy":"category","embeddable":true,"href":"https:\/\/evertonfc.cz\/index.php\/wp-json\/wp\/v2\/categories?post=10550"},{"taxonomy":"post_tag","embeddable":true,"href":"https:\/\/evertonfc.cz\/index.php\/wp-json\/wp\/v2\/tags?post=10550"}],"curies":[{"name":"wp","href":"https:\/\/api.w.org\/{rel}","templated":true}]}}