{"id":10640,"date":"2020-03-26T18:52:24","date_gmt":"2020-03-26T17:52:24","guid":{"rendered":"https:\/\/evertonfc.cz\/?p=10640"},"modified":"2020-03-26T18:52:24","modified_gmt":"2020-03-26T17:52:24","slug":"everton-chce-gabriela","status":"publish","type":"post","link":"https:\/\/evertonfc.cz\/index.php\/2020\/03\/26\/everton-chce-gabriela\/","title":{"rendered":"Everton chce Gabriela"},"content":{"rendered":"<h4>Dnes sa objavili spr\u00e1vy vo viacer\u00fdch m\u00e9di\u00e1ch, \u017ee The Toffees s\u00fa ve\u013emi bl\u00edzko k\u00a0z\u00edskaniu prvej letnej posily a\u00a0ich ponuka bola vo franc\u00fazskom Lille OSC akceptovan\u00e1.<\/h4>\n<p>Ako sme v\u00e1s u\u017e informovali v na\u0161ich r\u00fdchlych spr\u00e1vach na konci febru\u00e1ra, Brands spolu s Ancelottim maj\u00fa v h\u013ead\u00e1\u010diku \u013eavonoh\u00e9ho stop\u00e9ra, menom Gabriel dos Santos Magalh\u00e3es. Stodev\u00e4\u0165desiat centimetrov vysok\u00fd Braz\u00edl\u010dan hr\u00e1 aktu\u00e1lne Ligue 1 za Dogy a t\u00fato sez\u00f3nu sa jeho hodnota na prestupovom trhu zdvojn\u00e1sobila.<\/p>\n<p>Prv\u00fdkr\u00e1t inform\u00e1ciu o\u00a0z\u00e1ujme Karameliek priniesol spo\u013eahliv\u00fd novin\u00e1r <a href=\"https:\/\/www.thetimes.co.uk\/article\/everton-join-leicester-and-arsenal-in-race-to-sign-25m-lille-defender-gabriel-ht3mct057\" target=\"_blank\" rel=\"noopener noreferrer\">Paul Joyce z\u00a0denn\u00edka The Times<\/a>. Dnes sa v\u0161ak spr\u00e1vy vystup\u0148ovali. <a href=\"https:\/\/www.skysports.com\/football\/news\/11671\/11964030\/everton-make-offer-for-lille-defender-gabriel-magalhaes\" target=\"_blank\" rel=\"noopener noreferrer\">Port\u00e1l Skysports uv\u00e1dza<\/a>, \u017ee Everton podal za Gabriela ponuku a\u00a0vedenie Lille prik\u00fdvlo, hoci dvadsa\u0165dvaro\u010dn\u00fd obranca len predned\u00e1vnom pred\u013a\u017eil svoj kontrakt do roku 2023.<\/p>\n<p><a href=\"https:\/\/twitter.com\/NicoSchira\/status\/1242958766263472129\" target=\"_blank\" rel=\"noopener noreferrer\">Taliansky novin\u00e1r Nicol\u00f2 Schira<\/a> spolu s denn\u00edkom <a href=\"https:\/\/www.independent.co.uk\/sport\/football\/premier-league\/everton-transfer-news-gabriel-magalhaes-fee-psg-leicester-coronavirus-a9425181.html\" target=\"_blank\" rel=\"noopener noreferrer\">The Independent<\/a> sa zhoduj\u00fa, \u017ee cena za slu\u017eby rod\u00e1ka zo S\u00e3o Paula by sa mala pohybova\u0165 okolo 30 mili\u00f3nov eur. Hr\u00e1\u010d u\u017e mal vraj prejs\u0165 aj neofici\u00e1lnou zdravotnou prehliadkou a\u00a0s\u00fahlasi\u0165 s\u00a0osobn\u00fdmi podmienkami zmluvy. Prestup v\u0161ak zatia\u013e nem\u00f4\u017ee by\u0165 uskuto\u010dnen\u00fd.<\/p>\n<p>Br\u00e1ni v tom pand\u00e9mia ochorenia COVID-19. Moment\u00e1lne Medzin\u00e1rodn\u00e1 futbalov\u00e1 feder\u00e1cia zva\u017euje, \u010di pre u\u017e ist\u00e9 oneskoren\u00e9 dokon\u010denie futbalov\u00fdch l\u00edg bude potrebn\u00e9 posunutie d\u00e1tumu prestupov\u00e9ho okna. P\u00f4vodne sa malo v Anglicku a \u0160k\u00f3tsku za\u010da\u0165 10. j\u00fana. Ot\u00e1zkou tie\u017e ost\u00e1va, \u010di preto plo\u0161ne pred\u013a\u017ei\u0165 kon\u010diace hr\u00e1\u010dske zmluvy.<\/p>\n<p>Tom Kershaw z\u00a0The Independent \u010falej \u0161pekuluje, \u017ee tieto zdr\u017eania by mohli vies\u0165 k\u00a0mo\u017enej zmene n\u00e1zoru futbalistu. Z\u00e1ujem toti\u017e prejavili aj Leicester City, Par\u00ed\u017e Saint-Germian, \u010di dva nemenovan\u00e9 talianske kluby. Skysport mimo in\u00e9ho spomenul, \u017ee ponuka Evertonu nebola jedin\u00e1, ktor\u00e1 bola v\u00a0Lille akceptovan\u00e1.<\/p>\n<h4><strong>A kto je to teda ten Gabriel?<\/strong><\/h4>\n<p>Do Franc\u00fazska pri\u0161iel e\u0161te v roku 2017 z braz\u00edlskeho druholigov\u00e9ho t\u00edmu Ava\u00ed. Prestupov\u00e1 \u010diastka mala by\u0165 len \u00a31.5 mili\u00f3na. Pod veden\u00edm \u0161portov\u00e9ho riadite\u013ea Luisa Camposa a mana\u017e\u00e9ra Christophe Galtier sa vypracoval na vych\u00e1dzaj\u00facu hviezdu, ke\u010f si pre\u0161iel aj hos\u0165ovaniami v Troyes a Dyname Z\u00e1hreb.<\/p>\n<p>Do prv\u00e9ho t\u00edmu sa prebil v jarnej \u010dasti sez\u00f3ny 2018\/19. Odvtedy patr\u00ed medzi opory t\u00edmu a v tejto sez\u00f3ne str\u00e1vil na ihrisku v 34 z\u00e1pasoch 2987 min\u00fat, Ligu majstrov nevyn\u00edmaj\u00fac. Je to tvrd\u00fd a pohotov\u00fd obranca, aj napriek svojej v\u00fd\u0161ke ve\u013emi atletick\u00fd. Viac predstavy mo\u017eno z\u00edskate s hore prilo\u017een\u00e9ho videa a t\u00fdchto \u0161tatist\u00edk:<\/p>\n<table class=\"items\" style=\"width: 100%; height: 287px;\">\n<thead>\n<tr style=\"height: 41px;\">\n<td id=\"yw1_c0\" style=\"height: 41px; width: 39.0666%; border-color: #000000; border-style: none;\" colspan=\"2\"><strong>Klub<\/strong><\/td>\n<td id=\"yw1_c2\" class=\"zentriert\" style=\"height: 41px; width: 12.9333%; border-color: #000000; text-align: center; border-style: none;\"><strong><span class=\"icons_sprite icon-einsaetze-table-header\" title=\"Appearances\">Z\u00e1pasy\u00a0<\/span><\/strong><\/td>\n<td id=\"yw1_c3\" class=\"zentriert\" style=\"height: 41px; width: 9.46667%; border-color: #000000; text-align: center; border-style: none;\"><strong><span class=\"icons_sprite icon-tor-table-header\" title=\"Goals\">\u00a0G\u00f3ly<\/span><\/strong><\/td>\n<td id=\"yw1_c4\" class=\"zentriert\" style=\"height: 41px; width: 10.4%; border-color: #000000; text-align: center; border-style: none;\"><strong><span class=\"icons_sprite icon-vorlage-table-header\" title=\"Assists\">Asist.<\/span><\/strong><\/td>\n<td id=\"yw1_c5\" class=\"zentriert\" style=\"height: 41px; width: 6.4%; border-color: #000000; text-align: center; border-style: none;\"><strong>\u017dK<\/strong><\/td>\n<td id=\"yw1_c7\" class=\"zentriert\" style=\"height: 41px; width: 6.53333%; border-color: #000000; text-align: center; border-style: none;\"><strong><span class=\"icons_sprite icon-rotekarte-table-header\" title=\"Red cards\">\u00a0\u010cK<\/span><\/strong><\/td>\n<td id=\"yw1_c8\" class=\"rechts\" style=\"height: 41px; width: 10.9333%; border-color: #000000; text-align: center; border-style: none;\"><strong><span class=\"icons_sprite icon-minuten-table-header\" title=\"Minutes played\">\u00a0Minut\u00e1\u017e<\/span><\/strong><\/td>\n<th id=\"yw1_c8\" class=\"rechts\" style=\"height: 41px; width: 10.9333%;\"><\/th>\n<\/tr>\n<\/thead>\n<tfoot>\n<tr style=\"height: 41px;\">\n<td class=\"rechts\" style=\"height: 41px; width: 39.0666%; border-color: #000000; border-style: none;\" colspan=\"2\"><strong>Celkovo :<\/strong><\/td>\n<td class=\"zentriert\" style=\"height: 41px; width: 12.9333%; text-align: center; border-color: #000000; border-style: none;\"><strong>88<\/strong><\/td>\n<td class=\"zentriert\" style=\"height: 41px; width: 9.46667%; text-align: center; border-color: #000000; border-style: none;\"><strong>5<\/strong><\/td>\n<td class=\"zentriert\" style=\"height: 41px; width: 10.4%; text-align: center; border-color: #000000; border-style: none;\"><strong>&#8211;<\/strong><\/td>\n<td class=\"zentriert\" style=\"height: 41px; width: 6.4%; text-align: center; border-color: #000000; border-style: none;\"><strong>17<\/strong><\/td>\n<td class=\"zentriert\" style=\"height: 41px; width: 6.53333%; text-align: center; border-color: #000000; border-style: none;\"><strong>&#8211;<\/strong><\/td>\n<td class=\"rechts\" style=\"height: 41px; width: 10.9333%; text-align: center; border-color: #000000; border-style: none;\"><strong>7.472&#8242;<\/strong><\/td>\n<td class=\"rechts\" style=\"height: 41px; width: 10.9333%; text-align: center;\"><\/td>\n<\/tr>\n<\/tfoot>\n<tbody>\n<tr class=\"odd\" style=\"height: 41px;\">\n<td class=\"hauptlink no-border-rechts zentriert\" style=\"height: 41px; width: 5.73333%; border-color: #000000; border-style: none;\"><strong><a id=\"1082\" class=\"vereinprofil_tooltip tooltipstered\" href=\"https:\/\/www.transfermarkt.com\/osc-lille\/startseite\/verein\/1082\"><img decoding=\"async\" class=\"tiny_wappen\" title=\"\u00a0\" src=\"https:\/\/tmssl.akamaized.net\/\/images\/wappen\/tiny\/1082.png?lm=1529521041\" alt=\"LOSC Lille\" \/><\/a><\/strong><\/td>\n<td class=\"hauptlink no-border-links\" style=\"height: 41px; width: 33.3333%; border-color: #000000; border-style: none;\"><strong>LOSC Lille<\/strong><\/td>\n<td class=\"zentriert\" style=\"height: 41px; width: 12.9333%; text-align: center; border-color: #000000; border-style: none;\"><strong>52<\/strong><\/td>\n<td class=\"zentriert\" style=\"height: 41px; width: 9.46667%; text-align: center; border-color: #000000; border-style: none;\"><strong>2<\/strong><\/td>\n<td class=\"zentriert\" style=\"height: 41px; width: 10.4%; text-align: center; border-color: #000000; border-style: none;\"><strong>&#8211;<\/strong><\/td>\n<td class=\"zentriert\" style=\"height: 41px; width: 6.4%; text-align: center; border-color: #000000; border-style: none;\"><strong>7<\/strong><\/td>\n<td class=\"zentriert\" style=\"height: 41px; width: 6.53333%; text-align: center; border-color: #000000; border-style: none;\"><strong>&#8211;<\/strong><\/td>\n<td class=\"rechts\" style=\"height: 41px; width: 10.9333%; text-align: center; border-color: #000000; border-style: none;\"><strong>4.238&#8242;<\/strong><\/td>\n<td class=\"rechts\" style=\"height: 41px; width: 10.9333%; text-align: center;\"><\/td>\n<\/tr>\n<tr class=\"even\" style=\"height: 41px;\">\n<td class=\"hauptlink no-border-rechts zentriert\" style=\"height: 41px; width: 5.73333%; border-color: #000000; border-style: none;\"><strong><a id=\"2035\" class=\"vereinprofil_tooltip tooltipstered\" href=\"https:\/\/www.transfermarkt.com\/avai-futebol-clube-sc-\/startseite\/verein\/2035\"><img decoding=\"async\" class=\"tiny_wappen\" title=\"\u00a0\" src=\"https:\/\/tmssl.akamaized.net\/\/images\/wappen\/tiny\/2035.png?lm=1419949249\" alt=\"Ava\u00ed Futebol Clube (SC)\" \/><\/a><\/strong><\/td>\n<td class=\"hauptlink no-border-links\" style=\"height: 41px; width: 33.3333%; border-color: #000000; border-style: none;\"><strong>Ava\u00ed Futebol Clube (SC)<\/strong><\/td>\n<td class=\"zentriert\" style=\"height: 41px; width: 12.9333%; text-align: center; border-color: #000000; border-style: none;\"><strong>21<\/strong><\/td>\n<td class=\"zentriert\" style=\"height: 41px; width: 9.46667%; text-align: center; border-color: #000000; border-style: none;\"><strong>1<\/strong><\/td>\n<td class=\"zentriert\" style=\"height: 41px; width: 10.4%; text-align: center; border-color: #000000; border-style: none;\"><strong>&#8211;<\/strong><\/td>\n<td class=\"zentriert\" style=\"height: 41px; width: 6.4%; text-align: center; border-color: #000000; border-style: none;\"><strong>6<\/strong><\/td>\n<td class=\"zentriert\" style=\"height: 41px; width: 6.53333%; text-align: center; border-color: #000000; border-style: none;\"><strong>&#8211;<\/strong><\/td>\n<td class=\"rechts\" style=\"height: 41px; width: 10.9333%; text-align: center; border-color: #000000; border-style: none;\"><strong>1.861&#8242;<\/strong><\/td>\n<td class=\"rechts\" style=\"height: 41px; width: 10.9333%; text-align: center;\"><\/td>\n<\/tr>\n<tr class=\"odd\" style=\"height: 41px;\">\n<td class=\"hauptlink no-border-rechts zentriert\" style=\"height: 41px; width: 5.73333%; border-color: #000000; border-style: none;\"><strong><a id=\"44796\" class=\"vereinprofil_tooltip tooltipstered\" href=\"https:\/\/www.transfermarkt.com\/gnk-dinamo-zagreb-b\/startseite\/verein\/44796\"><img decoding=\"async\" class=\"tiny_wappen\" title=\"\u00a0\" src=\"https:\/\/tmssl.akamaized.net\/\/images\/wappen\/tiny\/44796.png?lm=1571921138\" alt=\"GNK Dinamo Zagreb II\" \/><\/a><\/strong><\/td>\n<td class=\"hauptlink no-border-links\" style=\"height: 41px; width: 33.3333%; border-color: #000000; border-style: none;\"><strong>GNK Dinamo Zagreb II<\/strong><\/td>\n<td class=\"zentriert\" style=\"height: 41px; width: 12.9333%; text-align: center; border-color: #000000; border-style: none;\"><strong>10<\/strong><\/td>\n<td class=\"zentriert\" style=\"height: 41px; width: 9.46667%; text-align: center; border-color: #000000; border-style: none;\"><strong>2<\/strong><\/td>\n<td class=\"zentriert\" style=\"height: 41px; width: 10.4%; text-align: center; border-color: #000000; border-style: none;\"><strong>&#8211;<\/strong><\/td>\n<td class=\"zentriert\" style=\"height: 41px; width: 6.4%; text-align: center; border-color: #000000; border-style: none;\"><strong>2<\/strong><\/td>\n<td class=\"zentriert\" style=\"height: 41px; width: 6.53333%; text-align: center; border-color: #000000; border-style: none;\"><strong>&#8211;<\/strong><\/td>\n<td class=\"rechts\" style=\"height: 41px; width: 10.9333%; text-align: center; border-color: #000000; border-style: none;\"><strong>900&#8242;<\/strong><\/td>\n<td class=\"rechts\" style=\"height: 41px; width: 10.9333%; text-align: center;\"><\/td>\n<\/tr>\n<tr class=\"even\" style=\"height: 41px;\">\n<td class=\"hauptlink no-border-rechts zentriert\" style=\"height: 41px; width: 5.73333%; border-color: #000000; border-style: none;\"><strong><a id=\"1095\" class=\"vereinprofil_tooltip tooltipstered\" href=\"https:\/\/www.transfermarkt.com\/es-troyes-ac\/startseite\/verein\/1095\"><img decoding=\"async\" class=\"tiny_wappen\" title=\"\u00a0\" src=\"https:\/\/tmssl.akamaized.net\/\/images\/wappen\/tiny\/1095.png?lm=1408780227\" alt=\"ES Troyes AC\" \/><\/a><\/strong><\/td>\n<td class=\"hauptlink no-border-links\" style=\"height: 41px; width: 33.3333%; border-color: #000000; border-style: none;\"><strong>ES Troyes AC<\/strong><\/td>\n<td class=\"zentriert\" style=\"height: 41px; width: 12.9333%; text-align: center; border-color: #000000; border-style: none;\"><strong>4<\/strong><\/td>\n<td class=\"zentriert\" style=\"height: 41px; width: 9.46667%; text-align: center; border-color: #000000; border-style: none;\"><strong>&#8211;<\/strong><\/td>\n<td class=\"zentriert\" style=\"height: 41px; width: 10.4%; text-align: center; border-color: #000000; border-style: none;\"><strong>&#8211;<\/strong><\/td>\n<td class=\"zentriert\" style=\"height: 41px; width: 6.4%; text-align: center; border-color: #000000; border-style: none;\"><strong>2<\/strong><\/td>\n<td class=\"zentriert\" style=\"height: 41px; width: 6.53333%; text-align: center; border-color: #000000; border-style: none;\"><strong>&#8211;<\/strong><\/td>\n<td class=\"rechts\" style=\"height: 41px; width: 10.9333%; text-align: center; border-color: #000000; border-style: none;\"><strong>383&#8242;<\/strong><\/td>\n<td class=\"rechts\" style=\"height: 41px; width: 10.9333%; text-align: center;\"><\/td>\n<\/tr>\n<tr class=\"odd\" style=\"height: 41px;\">\n<td class=\"hauptlink no-border-rechts zentriert\" style=\"height: 41px; width: 5.73333%; border-color: #000000; border-style: none;\"><strong><a id=\"419\" class=\"vereinprofil_tooltip tooltipstered\" href=\"https:\/\/www.transfermarkt.com\/gnk-dinamo-zagreb\/startseite\/verein\/419\"><img decoding=\"async\" class=\"tiny_wappen\" title=\"\u00a0\" src=\"https:\/\/tmssl.akamaized.net\/\/images\/wappen\/tiny\/419.png?lm=1571921138\" alt=\"GNK Dinamo Zagreb\" \/><\/a><\/strong><\/td>\n<td class=\"hauptlink no-border-links\" style=\"height: 41px; width: 33.3333%; border-color: #000000; border-style: none;\"><strong>GNK Dinamo Zagreb<\/strong><\/td>\n<td class=\"zentriert\" style=\"height: 41px; width: 12.9333%; text-align: center; border-color: #000000; border-style: none;\"><strong>1<\/strong><\/td>\n<td class=\"zentriert\" style=\"height: 41px; width: 9.46667%; text-align: center; border-color: #000000; border-style: none;\"><strong>&#8211;<\/strong><\/td>\n<td class=\"zentriert\" style=\"height: 41px; width: 10.4%; text-align: center; border-color: #000000; border-style: none;\"><strong>&#8211;<\/strong><\/td>\n<td class=\"zentriert\" style=\"height: 41px; width: 6.4%; text-align: center; border-color: #000000; border-style: none;\"><strong>&#8211;<\/strong><\/td>\n<td class=\"zentriert\" style=\"height: 41px; width: 6.53333%; text-align: center; border-color: #000000; border-style: none;\"><strong>&#8211;<\/strong><\/td>\n<td class=\"rechts\" style=\"height: 41px; width: 10.9333%; text-align: center; border-color: #000000; border-style: none;\"><strong>90&#8242;<\/strong><\/td>\n<td class=\"rechts\" style=\"height: 41px; width: 10.9333%; text-align: center;\"><\/td>\n<\/tr>\n<\/tbody>\n<\/table>\n<p><em>Dajte n\u00e1m vedie\u0165, \u010do si o mo\u017enej posile mysl\u00edte v koment\u00e1roch. Je pod\u013ea v\u00e1s jeho pr\u00edchod re\u00e1lny?<\/em><\/p>\n<p style=\"text-align: right;\">(foto zdroj: besoccer.com)<\/p>\n","protected":false},"excerpt":{"rendered":"<p>Dnes sa objavili spr\u00e1vy vo viacer\u00fdch m\u00e9di\u00e1ch, \u017ee The Toffees s\u00fa ve\u013emi bl\u00edzko k z\u00edskaniu prvej letnej posily a ich ponuka bola vo franc\u00fazskom Lille OSC akceptovan\u00e1.<\/p>\n","protected":false},"author":1,"featured_media":10639,"comment_status":"open","ping_status":"closed","sticky":false,"template":"","format":"standard","meta":{"_eb_attr":"","_monsterinsights_skip_tracking":false,"_monsterinsights_sitenote_active":false,"_monsterinsights_sitenote_note":"","_monsterinsights_sitenote_category":0,"footnotes":""},"categories":[42],"tags":[],"yoast_head":"<!-- This site is optimized with the Yoast SEO plugin v23.4 - https:\/\/yoast.com\/wordpress\/plugins\/seo\/ -->\n<title>Everton chce Gabriela - Official Czech &amp; Slovak Everton Supporters&#039; Club<\/title>\n<meta name=\"robots\" content=\"index, follow, max-snippet:-1, max-image-preview:large, max-video-preview:-1\" \/>\n<link rel=\"canonical\" href=\"https:\/\/evertonfc.cz\/index.php\/2020\/03\/26\/everton-chce-gabriela\/\" \/>\n<meta property=\"og:locale\" content=\"cs_CZ\" \/>\n<meta property=\"og:type\" content=\"article\" \/>\n<meta property=\"og:title\" content=\"Everton chce Gabriela - Official Czech &amp; Slovak Everton Supporters&#039; Club\" \/>\n<meta property=\"og:description\" content=\"Dnes sa objavili spr\u00e1vy vo viacer\u00fdch m\u00e9di\u00e1ch, \u017ee The Toffees s\u00fa ve\u013emi bl\u00edzko k z\u00edskaniu prvej letnej posily a ich ponuka bola vo franc\u00fazskom Lille OSC akceptovan\u00e1.\" \/>\n<meta property=\"og:url\" content=\"https:\/\/evertonfc.cz\/index.php\/2020\/03\/26\/everton-chce-gabriela\/\" \/>\n<meta property=\"og:site_name\" content=\"Official Czech &amp; Slovak Everton Supporters&#039; Club\" \/>\n<meta property=\"article:publisher\" content=\"https:\/\/www.facebook.com\/everton.fans.cz.sk\" \/>\n<meta property=\"article:published_time\" content=\"2020-03-26T17:52:24+00:00\" \/>\n<meta property=\"og:image\" content=\"https:\/\/evertonfc.cz\/wp-content\/uploads\/2020\/03\/Gabriel-26-3-2020.jpg\" \/>\n\t<meta property=\"og:image:width\" content=\"720\" \/>\n\t<meta property=\"og:image:height\" content=\"405\" \/>\n\t<meta property=\"og:image:type\" content=\"image\/jpeg\" \/>\n<meta name=\"author\" content=\"BlueBlooded\" \/>\n<meta name=\"twitter:card\" content=\"summary_large_image\" \/>\n<meta name=\"twitter:label1\" content=\"Napsal(a)\" \/>\n\t<meta name=\"twitter:data1\" content=\"BlueBlooded\" \/>\n\t<meta name=\"twitter:label2\" content=\"Odhadovan\u00e1 doba \u010dten\u00ed\" \/>\n\t<meta name=\"twitter:data2\" content=\"3 minuty\" \/>\n<script type=\"application\/ld+json\" class=\"yoast-schema-graph\">{\"@context\":\"https:\/\/schema.org\",\"@graph\":[{\"@type\":\"Article\",\"@id\":\"https:\/\/evertonfc.cz\/index.php\/2020\/03\/26\/everton-chce-gabriela\/#article\",\"isPartOf\":{\"@id\":\"https:\/\/evertonfc.cz\/index.php\/2020\/03\/26\/everton-chce-gabriela\/\"},\"author\":{\"name\":\"BlueBlooded\",\"@id\":\"https:\/\/evertonfc.cz\/#\/schema\/person\/d4493b8cbea51532597fbc4685698916\"},\"headline\":\"Everton chce Gabriela\",\"datePublished\":\"2020-03-26T17:52:24+00:00\",\"dateModified\":\"2020-03-26T17:52:24+00:00\",\"mainEntityOfPage\":{\"@id\":\"https:\/\/evertonfc.cz\/index.php\/2020\/03\/26\/everton-chce-gabriela\/\"},\"wordCount\":542,\"commentCount\":6,\"publisher\":{\"@id\":\"https:\/\/evertonfc.cz\/#organization\"},\"image\":{\"@id\":\"https:\/\/evertonfc.cz\/index.php\/2020\/03\/26\/everton-chce-gabriela\/#primaryimage\"},\"thumbnailUrl\":\"https:\/\/evertonfc.cz\/wp-content\/uploads\/2020\/03\/Gabriel-26-3-2020.jpg\",\"articleSection\":[\"Aktuality\"],\"inLanguage\":\"cs\",\"potentialAction\":[{\"@type\":\"CommentAction\",\"name\":\"Comment\",\"target\":[\"https:\/\/evertonfc.cz\/index.php\/2020\/03\/26\/everton-chce-gabriela\/#respond\"]}]},{\"@type\":\"WebPage\",\"@id\":\"https:\/\/evertonfc.cz\/index.php\/2020\/03\/26\/everton-chce-gabriela\/\",\"url\":\"https:\/\/evertonfc.cz\/index.php\/2020\/03\/26\/everton-chce-gabriela\/\",\"name\":\"Everton chce Gabriela - Official Czech &amp; Slovak Everton Supporters&#039; Club\",\"isPartOf\":{\"@id\":\"https:\/\/evertonfc.cz\/#website\"},\"primaryImageOfPage\":{\"@id\":\"https:\/\/evertonfc.cz\/index.php\/2020\/03\/26\/everton-chce-gabriela\/#primaryimage\"},\"image\":{\"@id\":\"https:\/\/evertonfc.cz\/index.php\/2020\/03\/26\/everton-chce-gabriela\/#primaryimage\"},\"thumbnailUrl\":\"https:\/\/evertonfc.cz\/wp-content\/uploads\/2020\/03\/Gabriel-26-3-2020.jpg\",\"datePublished\":\"2020-03-26T17:52:24+00:00\",\"dateModified\":\"2020-03-26T17:52:24+00:00\",\"breadcrumb\":{\"@id\":\"https:\/\/evertonfc.cz\/index.php\/2020\/03\/26\/everton-chce-gabriela\/#breadcrumb\"},\"inLanguage\":\"cs\",\"potentialAction\":[{\"@type\":\"ReadAction\",\"target\":[\"https:\/\/evertonfc.cz\/index.php\/2020\/03\/26\/everton-chce-gabriela\/\"]}]},{\"@type\":\"ImageObject\",\"inLanguage\":\"cs\",\"@id\":\"https:\/\/evertonfc.cz\/index.php\/2020\/03\/26\/everton-chce-gabriela\/#primaryimage\",\"url\":\"https:\/\/evertonfc.cz\/wp-content\/uploads\/2020\/03\/Gabriel-26-3-2020.jpg\",\"contentUrl\":\"https:\/\/evertonfc.cz\/wp-content\/uploads\/2020\/03\/Gabriel-26-3-2020.jpg\",\"width\":720,\"height\":405},{\"@type\":\"BreadcrumbList\",\"@id\":\"https:\/\/evertonfc.cz\/index.php\/2020\/03\/26\/everton-chce-gabriela\/#breadcrumb\",\"itemListElement\":[{\"@type\":\"ListItem\",\"position\":1,\"name\":\"Home\",\"item\":\"https:\/\/evertonfc.cz\/\"},{\"@type\":\"ListItem\",\"position\":2,\"name\":\"Everton chce Gabriela\"}]},{\"@type\":\"WebSite\",\"@id\":\"https:\/\/evertonfc.cz\/#website\",\"url\":\"https:\/\/evertonfc.cz\/\",\"name\":\"Official Czech &amp; Slovak Everton Supporters&#039; Club\",\"description\":\"\",\"publisher\":{\"@id\":\"https:\/\/evertonfc.cz\/#organization\"},\"potentialAction\":[{\"@type\":\"SearchAction\",\"target\":{\"@type\":\"EntryPoint\",\"urlTemplate\":\"https:\/\/evertonfc.cz\/?s={search_term_string}\"},\"query-input\":{\"@type\":\"PropertyValueSpecification\",\"valueRequired\":true,\"valueName\":\"search_term_string\"}}],\"inLanguage\":\"cs\"},{\"@type\":\"Organization\",\"@id\":\"https:\/\/evertonfc.cz\/#organization\",\"name\":\"Official Czech & Slovak Everton Supporters' Club\",\"url\":\"https:\/\/evertonfc.cz\/\",\"logo\":{\"@type\":\"ImageObject\",\"inLanguage\":\"cs\",\"@id\":\"https:\/\/evertonfc.cz\/#\/schema\/logo\/image\/\",\"url\":\"https:\/\/evertonfc.cz\/wp-content\/uploads\/2019\/05\/logo.png\",\"contentUrl\":\"https:\/\/evertonfc.cz\/wp-content\/uploads\/2019\/05\/logo.png\",\"width\":112,\"height\":112,\"caption\":\"Official Czech & Slovak Everton Supporters' Club\"},\"image\":{\"@id\":\"https:\/\/evertonfc.cz\/#\/schema\/logo\/image\/\"},\"sameAs\":[\"https:\/\/www.facebook.com\/everton.fans.cz.sk\"]},{\"@type\":\"Person\",\"@id\":\"https:\/\/evertonfc.cz\/#\/schema\/person\/d4493b8cbea51532597fbc4685698916\",\"name\":\"BlueBlooded\",\"url\":\"https:\/\/evertonfc.cz\/index.php\/author\/admin\/\"}]}<\/script>\n<!-- \/ Yoast SEO plugin. -->","yoast_head_json":{"title":"Everton chce Gabriela - Official Czech &amp; Slovak Everton Supporters&#039; Club","robots":{"index":"index","follow":"follow","max-snippet":"max-snippet:-1","max-image-preview":"max-image-preview:large","max-video-preview":"max-video-preview:-1"},"canonical":"https:\/\/evertonfc.cz\/index.php\/2020\/03\/26\/everton-chce-gabriela\/","og_locale":"cs_CZ","og_type":"article","og_title":"Everton chce Gabriela - Official Czech &amp; Slovak Everton Supporters&#039; Club","og_description":"Dnes sa objavili spr\u00e1vy vo viacer\u00fdch m\u00e9di\u00e1ch, \u017ee The Toffees s\u00fa ve\u013emi bl\u00edzko k z\u00edskaniu prvej letnej posily a ich ponuka bola vo franc\u00fazskom Lille OSC akceptovan\u00e1.","og_url":"https:\/\/evertonfc.cz\/index.php\/2020\/03\/26\/everton-chce-gabriela\/","og_site_name":"Official Czech &amp; Slovak Everton Supporters&#039; Club","article_publisher":"https:\/\/www.facebook.com\/everton.fans.cz.sk","article_published_time":"2020-03-26T17:52:24+00:00","og_image":[{"width":720,"height":405,"url":"https:\/\/evertonfc.cz\/wp-content\/uploads\/2020\/03\/Gabriel-26-3-2020.jpg","type":"image\/jpeg"}],"author":"BlueBlooded","twitter_card":"summary_large_image","twitter_misc":{"Napsal(a)":"BlueBlooded","Odhadovan\u00e1 doba \u010dten\u00ed":"3 minuty"},"schema":{"@context":"https:\/\/schema.org","@graph":[{"@type":"Article","@id":"https:\/\/evertonfc.cz\/index.php\/2020\/03\/26\/everton-chce-gabriela\/#article","isPartOf":{"@id":"https:\/\/evertonfc.cz\/index.php\/2020\/03\/26\/everton-chce-gabriela\/"},"author":{"name":"BlueBlooded","@id":"https:\/\/evertonfc.cz\/#\/schema\/person\/d4493b8cbea51532597fbc4685698916"},"headline":"Everton chce Gabriela","datePublished":"2020-03-26T17:52:24+00:00","dateModified":"2020-03-26T17:52:24+00:00","mainEntityOfPage":{"@id":"https:\/\/evertonfc.cz\/index.php\/2020\/03\/26\/everton-chce-gabriela\/"},"wordCount":542,"commentCount":6,"publisher":{"@id":"https:\/\/evertonfc.cz\/#organization"},"image":{"@id":"https:\/\/evertonfc.cz\/index.php\/2020\/03\/26\/everton-chce-gabriela\/#primaryimage"},"thumbnailUrl":"https:\/\/evertonfc.cz\/wp-content\/uploads\/2020\/03\/Gabriel-26-3-2020.jpg","articleSection":["Aktuality"],"inLanguage":"cs","potentialAction":[{"@type":"CommentAction","name":"Comment","target":["https:\/\/evertonfc.cz\/index.php\/2020\/03\/26\/everton-chce-gabriela\/#respond"]}]},{"@type":"WebPage","@id":"https:\/\/evertonfc.cz\/index.php\/2020\/03\/26\/everton-chce-gabriela\/","url":"https:\/\/evertonfc.cz\/index.php\/2020\/03\/26\/everton-chce-gabriela\/","name":"Everton chce Gabriela - Official Czech &amp; Slovak Everton Supporters&#039; Club","isPartOf":{"@id":"https:\/\/evertonfc.cz\/#website"},"primaryImageOfPage":{"@id":"https:\/\/evertonfc.cz\/index.php\/2020\/03\/26\/everton-chce-gabriela\/#primaryimage"},"image":{"@id":"https:\/\/evertonfc.cz\/index.php\/2020\/03\/26\/everton-chce-gabriela\/#primaryimage"},"thumbnailUrl":"https:\/\/evertonfc.cz\/wp-content\/uploads\/2020\/03\/Gabriel-26-3-2020.jpg","datePublished":"2020-03-26T17:52:24+00:00","dateModified":"2020-03-26T17:52:24+00:00","breadcrumb":{"@id":"https:\/\/evertonfc.cz\/index.php\/2020\/03\/26\/everton-chce-gabriela\/#breadcrumb"},"inLanguage":"cs","potentialAction":[{"@type":"ReadAction","target":["https:\/\/evertonfc.cz\/index.php\/2020\/03\/26\/everton-chce-gabriela\/"]}]},{"@type":"ImageObject","inLanguage":"cs","@id":"https:\/\/evertonfc.cz\/index.php\/2020\/03\/26\/everton-chce-gabriela\/#primaryimage","url":"https:\/\/evertonfc.cz\/wp-content\/uploads\/2020\/03\/Gabriel-26-3-2020.jpg","contentUrl":"https:\/\/evertonfc.cz\/wp-content\/uploads\/2020\/03\/Gabriel-26-3-2020.jpg","width":720,"height":405},{"@type":"BreadcrumbList","@id":"https:\/\/evertonfc.cz\/index.php\/2020\/03\/26\/everton-chce-gabriela\/#breadcrumb","itemListElement":[{"@type":"ListItem","position":1,"name":"Home","item":"https:\/\/evertonfc.cz\/"},{"@type":"ListItem","position":2,"name":"Everton chce Gabriela"}]},{"@type":"WebSite","@id":"https:\/\/evertonfc.cz\/#website","url":"https:\/\/evertonfc.cz\/","name":"Official Czech &amp; Slovak Everton Supporters&#039; Club","description":"","publisher":{"@id":"https:\/\/evertonfc.cz\/#organization"},"potentialAction":[{"@type":"SearchAction","target":{"@type":"EntryPoint","urlTemplate":"https:\/\/evertonfc.cz\/?s={search_term_string}"},"query-input":{"@type":"PropertyValueSpecification","valueRequired":true,"valueName":"search_term_string"}}],"inLanguage":"cs"},{"@type":"Organization","@id":"https:\/\/evertonfc.cz\/#organization","name":"Official Czech & Slovak Everton Supporters' Club","url":"https:\/\/evertonfc.cz\/","logo":{"@type":"ImageObject","inLanguage":"cs","@id":"https:\/\/evertonfc.cz\/#\/schema\/logo\/image\/","url":"https:\/\/evertonfc.cz\/wp-content\/uploads\/2019\/05\/logo.png","contentUrl":"https:\/\/evertonfc.cz\/wp-content\/uploads\/2019\/05\/logo.png","width":112,"height":112,"caption":"Official Czech & Slovak Everton Supporters' Club"},"image":{"@id":"https:\/\/evertonfc.cz\/#\/schema\/logo\/image\/"},"sameAs":["https:\/\/www.facebook.com\/everton.fans.cz.sk"]},{"@type":"Person","@id":"https:\/\/evertonfc.cz\/#\/schema\/person\/d4493b8cbea51532597fbc4685698916","name":"BlueBlooded","url":"https:\/\/evertonfc.cz\/index.php\/author\/admin\/"}]}},"_links":{"self":[{"href":"https:\/\/evertonfc.cz\/index.php\/wp-json\/wp\/v2\/posts\/10640"}],"collection":[{"href":"https:\/\/evertonfc.cz\/index.php\/wp-json\/wp\/v2\/posts"}],"about":[{"href":"https:\/\/evertonfc.cz\/index.php\/wp-json\/wp\/v2\/types\/post"}],"author":[{"embeddable":true,"href":"https:\/\/evertonfc.cz\/index.php\/wp-json\/wp\/v2\/users\/1"}],"replies":[{"embeddable":true,"href":"https:\/\/evertonfc.cz\/index.php\/wp-json\/wp\/v2\/comments?post=10640"}],"version-history":[{"count":12,"href":"https:\/\/evertonfc.cz\/index.php\/wp-json\/wp\/v2\/posts\/10640\/revisions"}],"predecessor-version":[{"id":10652,"href":"https:\/\/evertonfc.cz\/index.php\/wp-json\/wp\/v2\/posts\/10640\/revisions\/10652"}],"wp:featuredmedia":[{"embeddable":true,"href":"https:\/\/evertonfc.cz\/index.php\/wp-json\/wp\/v2\/media\/10639"}],"wp:attachment":[{"href":"https:\/\/evertonfc.cz\/index.php\/wp-json\/wp\/v2\/media?parent=10640"}],"wp:term":[{"taxonomy":"category","embeddable":true,"href":"https:\/\/evertonfc.cz\/index.php\/wp-json\/wp\/v2\/categories?post=10640"},{"taxonomy":"post_tag","embeddable":true,"href":"https:\/\/evertonfc.cz\/index.php\/wp-json\/wp\/v2\/tags?post=10640"}],"curies":[{"name":"wp","href":"https:\/\/api.w.org\/{rel}","templated":true}]}}