{"id":10680,"date":"2020-03-29T20:49:11","date_gmt":"2020-03-29T18:49:11","guid":{"rendered":"https:\/\/evertonfc.cz\/?p=10680"},"modified":"2020-04-27T09:21:42","modified_gmt":"2020-04-27T07:21:42","slug":"ukoncenie-sezony-cena-762m","status":"publish","type":"post","link":"https:\/\/evertonfc.cz\/index.php\/2020\/03\/29\/ukoncenie-sezony-cena-762m\/","title":{"rendered":"Ukon\u010denie sez\u00f3ny? Cena \u00a3762m!"},"content":{"rendered":"<h4><span lang=\"SK\">Prezident \u00danie eur\u00f3pskych futbalov\u00fdch zv\u00e4zov, Aleksander \u010ceferin, pre talianske periodikum La Repubblica pripustil anulovanie sez\u00f3ny, ak sa ligy v\u010das nestihn\u00fa dohra\u0165.<\/span><\/h4>\n<blockquote><p><em>\u201eNikto nevie, kedy pand\u00e9mia skon\u010d\u00ed. M\u00e1me pl\u00e1n A, B a C \u2013 re\u0161tartova\u0165 v\u00a0strede m\u00e1ja, v\u00a0j\u00fani, alebo na konci j\u00fana. Ak sa n\u00e1m dovtedy nepodar\u00ed ani jedna z\u00a0t\u00fdchto mo\u017enost\u00ed, sez\u00f3na by bola pravdepodobne straten\u00e1. Tie\u017e je mo\u017enos\u0165 ukon\u010di\u0165 t\u00fato sez\u00f3nu na za\u010diatku novej. T\u00e1 by bola potom odlo\u017een\u00e1 a\u00a0od\u0161tartovala by trochu nesk\u00f4r.\u201c<\/em><\/p>\n<p><em>\u201eJe \u0165a\u017ek\u00e9 si predstavi\u0165 odohranie t\u00fdchto v\u0161etk\u00fdch z\u00e1pasov pred pr\u00e1zdnymi trib\u00fanami, ale moment\u00e1lne ani neviem, \u010di v\u00f4bec znovu za\u010dneme. S\u00a0fan\u00fa\u0161ikmi \u010di bez nich. Ak neexistuj\u00fa \u017eiadne \u010fal\u0161ie mo\u017enosti, st\u00e1le by bolo lep\u0161ie dokon\u010di\u0165 ligy.\u201c<\/em><\/p><\/blockquote>\n<p>Futbalov\u00e1 asoci\u00e1cia v\u00a0Anglicku u\u017e u\u010dinila prv\u00fd r\u00e1znej\u0161\u00ed krok. Ukon\u010dila v\u0161etky amat\u00e9rske s\u00fa\u0165a\u017ee ni\u017e\u0161ie od \u0161iestej ligy. V\u00fdsledky t\u00fdchto t\u00edmov bud\u00fa tak pre sez\u00f3nu 2019\/20 vymazan\u00e9 a\u00a0nikto nepost\u00fapi ani nezost\u00fapi. Rovnak\u00fd krok bol prijat\u00fd je pre \u017eensk\u00fd futbal. Tam zatia\u013e ost\u00e1vaj\u00fa ponechan\u00e9 prv\u00e9 dve ligy.<\/p>\n<p>Dokedy bud\u00fa podobn\u00fdm scen\u00e1rom odol\u00e1va\u0165 aj vrcholov\u00e9 s\u00fa\u0165a\u017ee, to sa uvid\u00ed. Rastie v\u0161ak pravdepodobnos\u0165, \u017ee rovnak\u00fd osud postihne futbal naprie\u010d celou Eur\u00f3pou a\u00a0na v\u0161etk\u00fdch \u00farovniach. Ostrovn\u00fd futbal m\u00e1 ale korienky najtuh\u0161ie a\u00a0m\u00e1 aj najv\u00e4\u010d\u0161ie finan\u010dn\u00e9 z\u00e1zemie, ke\u010f\u017ee patr\u00ed medzi najsledovanej\u0161\u00ed na svete.<\/p>\n<h4>Pr\u00e1va na vysielanie<\/h4>\n<p>Z\u00a0toho plyn\u00fa v\u00fdhody. A\u00a0v\u00a0\u010dase kr\u00edzy aj nev\u00fdhody. Port\u00e1l The Athletic priniesol inform\u00e1cie, \u017ee ved\u00faci predstavitelia Premier League boli obozn\u00e1men\u00ed, \u017ee vysielacie spolo\u010dnosti, ktor\u00e9 zak\u00fapili pr\u00e1va na najbohat\u0161iu futbalov\u00fa s\u00fa\u0165a\u017e sveta, bud\u00fa po\u017eadova\u0165 sp\u00e4\u0165 \u010das\u0165 u\u017e vyplaten\u00fdch pe\u0148az\u00ed v\u00a0pr\u00edpade pred\u010dasn\u00e9ho ukon\u010denia sez\u00f3ny.<\/p>\n<p>762 mili\u00f3nov libier. Vypl\u00fdvalo by to z\u00a0poru\u0161enia zmluvn\u00fdch podmienok, ktor\u00e9 uzavreli s\u00a0dom\u00e1cimi a\u00a0zahrani\u010dn\u00fdmi vysielac\u00edmi spolo\u010dnos\u0165ami ako Sky Sports, BT Sport, NBC, ESPN, beIN Sports a\u00a0mnoh\u00fdch \u010fal\u0161\u00edch. T\u00e1to eventualita im bola ozn\u00e1men\u00e1 na kr\u00edzovom m\u00edtingu prvoligov\u00fdch klubov, <a href=\"https:\/\/evertonfc.cz\/index.php\/2020\/03\/19\/premier-league-najskor-v-maji\/\">o\u00a0ktorom sme v\u00e1s u\u017e informovali.<\/a><\/p>\n<p>Zmluvn\u00e9 peniaze sa vypl\u00e1caj\u00fa dvakr\u00e1t do roka, v\u00a0auguste a\u00a0vo febru\u00e1ri. To jest, \u017ee za druh\u00fa polovicu sez\u00f3ny u\u017e kluby financie obdr\u017eali. Navy\u0161e, tento zdroj pr\u00edjmu v\u00fdrazne s\u00favis\u00ed so schopnos\u0165ou vypl\u00e1ca\u0165 nadmerne vysok\u00e9 mzdy hr\u00e1\u010dov. Preto je jednoduch\u00e9 si odvodi\u0165, odkia\u013e sa berie jednohlasn\u00e9 presved\u010denie o\u00a0dokon\u010den\u00ed sez\u00f3ny.<\/p>\n<p>Aj zatvoren\u00fdmi dverami ako sa hovor\u00ed. Len\u017ee pod\u013ea realistick\u00e9ho uv\u00e1\u017eenia si danej situ\u00e1cie, a\u00a0t\u00fdm sa mysl\u00ed celosvetov\u00e1 kr\u00edza koronav\u00edrusu, je ve\u013emi nepravdepodobn\u00e9, \u017ee by sa aj toto podarilo. Dosta\u0165 \u0161\u00edrenie ochorenia COVID-19 u\u017e len pod kontrolu, ak je to v\u00f4bec mo\u017en\u00e9, bude nejak\u00fd ten \u010das trva\u0165.<\/p>\n<p>Brit\u00e1nia svoj vrchol epid\u00e9mie e\u0161te nem\u00e1. A matematick\u00e9 modely (2\/3 mesiace) sa m\u00f4\u017eu meni\u0165, bohu\u017eia\u013e na obidve strany. Ako dnes povedala na dennom vl\u00e1dnom briefingu o koronav\u00edruse doktorka Jenny Harriesov\u00e1, z\u00e1stupky\u0148a ved\u00faceho lek\u00e1ra \u2013 krajine potrv\u00e1 minim\u00e1lne polroka, k\u00fdm sa takpovediac vr\u00e1ti do norm\u00e1lu.<\/p>\n<h4>Pr\u00edde k zmene n\u00e1zoru?<\/h4>\n<p>Zo zhor\u0161uj\u00facou sa situ\u00e1ciou v\u0161ak The Athletic najnov\u0161ie p\u00ed\u0161e, \u017ee vo futbalov\u00fdch kruhoch v\u0161eobecne rast\u00fa mor\u00e1lne z\u00e1brany. Op\u00e4tovne za\u010da\u0165 sez\u00f3nu po\u010das toho, ako sa zdravotn\u00edctvo bude bori\u0165 s kapacitn\u00fdmi probl\u00e9mami, sa zrazu zd\u00e1 nespr\u00e1vne. A to z \u013eudsk\u00e9ho h\u013eadiska. Nie z finan\u010dn\u00e9ho, hoci aj tam s\u00fa \u00faskalia.<\/p>\n<p>Tak\u00fdto krok v\u0161ak bude potrebova\u0165 \u0161trn\u00e1s\u0165 hlasov z dvadsiatich na kr\u00edzovom stretnut\u00ed, kde by sa o tom rozhodovalo. Dovtedy n\u00e1m ost\u00e1va len sledova\u0165, ako sa zachovaj\u00fa kluby, ktor\u00fdch by sa vr\u00e1ten\u00e1 suma dotkla. Ak za\u010dn\u00fa postupne prij\u00edma\u0165 skres\u00e1vanie platov, mohol by to by\u0165 jasn\u00fd krok zmierenia sa s nevyhnutn\u00fdm.<\/p>\n<p>Do tretice s\u00a0t\u00fdm s\u00favis\u00ed aj spr\u00e1va s\u00a0uvo\u013enen\u00edm pravidiel finan\u010dnej fair-play. Viacer\u00e9 m\u00e9dia informuj\u00fa, \u017ee UEFA za\u010dala kona\u0165 na naliehanie najviac postihnut\u00fdch. Pred\u013a\u017ei teda lehotu pre kluby, aby dok\u00e1zali, \u017ee nemaj\u00fa \u201eome\u0161kan\u00e9 z\u00e1v\u00e4zky\u201c &#8211; nezaplaten\u00e9 dane, prevody spl\u00e1tok alebo mzdy &#8211; od 31. marca do 30. apr\u00edla.<\/p>\n<p>FFP platia od roku 2011. Cie\u013e je obmedzi\u0165 nadmern\u00e9 utr\u00e1canie, \u010di\u017ee kluby by nemali min\u00fa\u0165 viac, ako zarobia. Majitelia s\u00edce m\u00f4\u017eu svojvo\u013ene investova\u0165, ale len do klubovej akad\u00e9mie, komunitnej pr\u00e1ce, \u0161tadi\u00f3na alebo \u017eensk\u00fdch t\u00edmov. Dodato\u010dn\u00e9 financovanie prv\u00e9ho t\u00edmu na n\u00e1kup a\u00a0platy hr\u00e1\u010dov je v\u0161ak limitovan\u00e9.<\/p>\n","protected":false},"excerpt":{"rendered":"<p>Prezident \u00danie eur\u00f3pskych futbalov\u00fdch zv\u00e4zov, Aleksander \u010ceferin, pre talianske periodikum La Repubblica pripustil anulovanie sez\u00f3ny, ak sa ligy v\u010das nestihn\u00fa dohra\u0165.<\/p>\n","protected":false},"author":1,"featured_media":10679,"comment_status":"open","ping_status":"closed","sticky":false,"template":"","format":"standard","meta":{"_eb_attr":"","_monsterinsights_skip_tracking":false,"_monsterinsights_sitenote_active":false,"_monsterinsights_sitenote_note":"","_monsterinsights_sitenote_category":0,"footnotes":""},"categories":[42],"tags":[],"yoast_head":"<!-- This site is optimized with the Yoast SEO plugin v23.4 - https:\/\/yoast.com\/wordpress\/plugins\/seo\/ -->\n<title>Ukon\u010denie sez\u00f3ny? Cena \u00a3762m! - Official Czech &amp; Slovak Everton Supporters&#039; Club<\/title>\n<meta name=\"robots\" content=\"index, follow, max-snippet:-1, max-image-preview:large, max-video-preview:-1\" \/>\n<link rel=\"canonical\" href=\"https:\/\/evertonfc.cz\/index.php\/2020\/03\/29\/ukoncenie-sezony-cena-762m\/\" \/>\n<meta property=\"og:locale\" content=\"cs_CZ\" \/>\n<meta property=\"og:type\" content=\"article\" \/>\n<meta property=\"og:title\" content=\"Ukon\u010denie sez\u00f3ny? Cena \u00a3762m! - Official Czech &amp; Slovak Everton Supporters&#039; Club\" \/>\n<meta property=\"og:description\" content=\"Prezident \u00danie eur\u00f3pskych futbalov\u00fdch zv\u00e4zov, Aleksander \u010ceferin, pre talianske periodikum La Repubblica pripustil anulovanie sez\u00f3ny, ak sa ligy v\u010das nestihn\u00fa dohra\u0165.\" \/>\n<meta property=\"og:url\" content=\"https:\/\/evertonfc.cz\/index.php\/2020\/03\/29\/ukoncenie-sezony-cena-762m\/\" \/>\n<meta property=\"og:site_name\" content=\"Official Czech &amp; Slovak Everton Supporters&#039; Club\" \/>\n<meta property=\"article:publisher\" content=\"https:\/\/www.facebook.com\/everton.fans.cz.sk\" \/>\n<meta property=\"article:published_time\" content=\"2020-03-29T18:49:11+00:00\" \/>\n<meta property=\"article:modified_time\" content=\"2020-04-27T07:21:42+00:00\" \/>\n<meta property=\"og:image\" content=\"https:\/\/evertonfc.cz\/wp-content\/uploads\/2020\/03\/broadcasting.jpg\" \/>\n\t<meta property=\"og:image:width\" content=\"720\" \/>\n\t<meta property=\"og:image:height\" content=\"405\" \/>\n\t<meta property=\"og:image:type\" content=\"image\/jpeg\" \/>\n<meta name=\"author\" content=\"BlueBlooded\" \/>\n<meta name=\"twitter:card\" content=\"summary_large_image\" \/>\n<meta name=\"twitter:label1\" content=\"Napsal(a)\" \/>\n\t<meta name=\"twitter:data1\" content=\"BlueBlooded\" \/>\n\t<meta name=\"twitter:label2\" content=\"Odhadovan\u00e1 doba \u010dten\u00ed\" \/>\n\t<meta name=\"twitter:data2\" content=\"4 minuty\" \/>\n<script type=\"application\/ld+json\" class=\"yoast-schema-graph\">{\"@context\":\"https:\/\/schema.org\",\"@graph\":[{\"@type\":\"Article\",\"@id\":\"https:\/\/evertonfc.cz\/index.php\/2020\/03\/29\/ukoncenie-sezony-cena-762m\/#article\",\"isPartOf\":{\"@id\":\"https:\/\/evertonfc.cz\/index.php\/2020\/03\/29\/ukoncenie-sezony-cena-762m\/\"},\"author\":{\"name\":\"BlueBlooded\",\"@id\":\"https:\/\/evertonfc.cz\/#\/schema\/person\/d4493b8cbea51532597fbc4685698916\"},\"headline\":\"Ukon\u010denie sez\u00f3ny? Cena \u00a3762m!\",\"datePublished\":\"2020-03-29T18:49:11+00:00\",\"dateModified\":\"2020-04-27T07:21:42+00:00\",\"mainEntityOfPage\":{\"@id\":\"https:\/\/evertonfc.cz\/index.php\/2020\/03\/29\/ukoncenie-sezony-cena-762m\/\"},\"wordCount\":847,\"commentCount\":2,\"publisher\":{\"@id\":\"https:\/\/evertonfc.cz\/#organization\"},\"image\":{\"@id\":\"https:\/\/evertonfc.cz\/index.php\/2020\/03\/29\/ukoncenie-sezony-cena-762m\/#primaryimage\"},\"thumbnailUrl\":\"https:\/\/evertonfc.cz\/wp-content\/uploads\/2020\/03\/broadcasting.jpg\",\"articleSection\":[\"Aktuality\"],\"inLanguage\":\"cs\",\"potentialAction\":[{\"@type\":\"CommentAction\",\"name\":\"Comment\",\"target\":[\"https:\/\/evertonfc.cz\/index.php\/2020\/03\/29\/ukoncenie-sezony-cena-762m\/#respond\"]}]},{\"@type\":\"WebPage\",\"@id\":\"https:\/\/evertonfc.cz\/index.php\/2020\/03\/29\/ukoncenie-sezony-cena-762m\/\",\"url\":\"https:\/\/evertonfc.cz\/index.php\/2020\/03\/29\/ukoncenie-sezony-cena-762m\/\",\"name\":\"Ukon\u010denie sez\u00f3ny? Cena \u00a3762m! - Official Czech &amp; Slovak Everton Supporters&#039; Club\",\"isPartOf\":{\"@id\":\"https:\/\/evertonfc.cz\/#website\"},\"primaryImageOfPage\":{\"@id\":\"https:\/\/evertonfc.cz\/index.php\/2020\/03\/29\/ukoncenie-sezony-cena-762m\/#primaryimage\"},\"image\":{\"@id\":\"https:\/\/evertonfc.cz\/index.php\/2020\/03\/29\/ukoncenie-sezony-cena-762m\/#primaryimage\"},\"thumbnailUrl\":\"https:\/\/evertonfc.cz\/wp-content\/uploads\/2020\/03\/broadcasting.jpg\",\"datePublished\":\"2020-03-29T18:49:11+00:00\",\"dateModified\":\"2020-04-27T07:21:42+00:00\",\"breadcrumb\":{\"@id\":\"https:\/\/evertonfc.cz\/index.php\/2020\/03\/29\/ukoncenie-sezony-cena-762m\/#breadcrumb\"},\"inLanguage\":\"cs\",\"potentialAction\":[{\"@type\":\"ReadAction\",\"target\":[\"https:\/\/evertonfc.cz\/index.php\/2020\/03\/29\/ukoncenie-sezony-cena-762m\/\"]}]},{\"@type\":\"ImageObject\",\"inLanguage\":\"cs\",\"@id\":\"https:\/\/evertonfc.cz\/index.php\/2020\/03\/29\/ukoncenie-sezony-cena-762m\/#primaryimage\",\"url\":\"https:\/\/evertonfc.cz\/wp-content\/uploads\/2020\/03\/broadcasting.jpg\",\"contentUrl\":\"https:\/\/evertonfc.cz\/wp-content\/uploads\/2020\/03\/broadcasting.jpg\",\"width\":720,\"height\":405},{\"@type\":\"BreadcrumbList\",\"@id\":\"https:\/\/evertonfc.cz\/index.php\/2020\/03\/29\/ukoncenie-sezony-cena-762m\/#breadcrumb\",\"itemListElement\":[{\"@type\":\"ListItem\",\"position\":1,\"name\":\"Home\",\"item\":\"https:\/\/evertonfc.cz\/\"},{\"@type\":\"ListItem\",\"position\":2,\"name\":\"Ukon\u010denie sez\u00f3ny? Cena \u00a3762m!\"}]},{\"@type\":\"WebSite\",\"@id\":\"https:\/\/evertonfc.cz\/#website\",\"url\":\"https:\/\/evertonfc.cz\/\",\"name\":\"Official Czech &amp; Slovak Everton Supporters&#039; Club\",\"description\":\"\",\"publisher\":{\"@id\":\"https:\/\/evertonfc.cz\/#organization\"},\"potentialAction\":[{\"@type\":\"SearchAction\",\"target\":{\"@type\":\"EntryPoint\",\"urlTemplate\":\"https:\/\/evertonfc.cz\/?s={search_term_string}\"},\"query-input\":{\"@type\":\"PropertyValueSpecification\",\"valueRequired\":true,\"valueName\":\"search_term_string\"}}],\"inLanguage\":\"cs\"},{\"@type\":\"Organization\",\"@id\":\"https:\/\/evertonfc.cz\/#organization\",\"name\":\"Official Czech & Slovak Everton Supporters' Club\",\"url\":\"https:\/\/evertonfc.cz\/\",\"logo\":{\"@type\":\"ImageObject\",\"inLanguage\":\"cs\",\"@id\":\"https:\/\/evertonfc.cz\/#\/schema\/logo\/image\/\",\"url\":\"https:\/\/evertonfc.cz\/wp-content\/uploads\/2019\/05\/logo.png\",\"contentUrl\":\"https:\/\/evertonfc.cz\/wp-content\/uploads\/2019\/05\/logo.png\",\"width\":112,\"height\":112,\"caption\":\"Official Czech & Slovak Everton Supporters' Club\"},\"image\":{\"@id\":\"https:\/\/evertonfc.cz\/#\/schema\/logo\/image\/\"},\"sameAs\":[\"https:\/\/www.facebook.com\/everton.fans.cz.sk\"]},{\"@type\":\"Person\",\"@id\":\"https:\/\/evertonfc.cz\/#\/schema\/person\/d4493b8cbea51532597fbc4685698916\",\"name\":\"BlueBlooded\",\"url\":\"https:\/\/evertonfc.cz\/index.php\/author\/admin\/\"}]}<\/script>\n<!-- \/ Yoast SEO plugin. -->","yoast_head_json":{"title":"Ukon\u010denie sez\u00f3ny? Cena \u00a3762m! - Official Czech &amp; Slovak Everton Supporters&#039; Club","robots":{"index":"index","follow":"follow","max-snippet":"max-snippet:-1","max-image-preview":"max-image-preview:large","max-video-preview":"max-video-preview:-1"},"canonical":"https:\/\/evertonfc.cz\/index.php\/2020\/03\/29\/ukoncenie-sezony-cena-762m\/","og_locale":"cs_CZ","og_type":"article","og_title":"Ukon\u010denie sez\u00f3ny? Cena \u00a3762m! - Official Czech &amp; Slovak Everton Supporters&#039; Club","og_description":"Prezident \u00danie eur\u00f3pskych futbalov\u00fdch zv\u00e4zov, Aleksander \u010ceferin, pre talianske periodikum La Repubblica pripustil anulovanie sez\u00f3ny, ak sa ligy v\u010das nestihn\u00fa dohra\u0165.","og_url":"https:\/\/evertonfc.cz\/index.php\/2020\/03\/29\/ukoncenie-sezony-cena-762m\/","og_site_name":"Official Czech &amp; Slovak Everton Supporters&#039; Club","article_publisher":"https:\/\/www.facebook.com\/everton.fans.cz.sk","article_published_time":"2020-03-29T18:49:11+00:00","article_modified_time":"2020-04-27T07:21:42+00:00","og_image":[{"width":720,"height":405,"url":"https:\/\/evertonfc.cz\/wp-content\/uploads\/2020\/03\/broadcasting.jpg","type":"image\/jpeg"}],"author":"BlueBlooded","twitter_card":"summary_large_image","twitter_misc":{"Napsal(a)":"BlueBlooded","Odhadovan\u00e1 doba \u010dten\u00ed":"4 minuty"},"schema":{"@context":"https:\/\/schema.org","@graph":[{"@type":"Article","@id":"https:\/\/evertonfc.cz\/index.php\/2020\/03\/29\/ukoncenie-sezony-cena-762m\/#article","isPartOf":{"@id":"https:\/\/evertonfc.cz\/index.php\/2020\/03\/29\/ukoncenie-sezony-cena-762m\/"},"author":{"name":"BlueBlooded","@id":"https:\/\/evertonfc.cz\/#\/schema\/person\/d4493b8cbea51532597fbc4685698916"},"headline":"Ukon\u010denie sez\u00f3ny? Cena \u00a3762m!","datePublished":"2020-03-29T18:49:11+00:00","dateModified":"2020-04-27T07:21:42+00:00","mainEntityOfPage":{"@id":"https:\/\/evertonfc.cz\/index.php\/2020\/03\/29\/ukoncenie-sezony-cena-762m\/"},"wordCount":847,"commentCount":2,"publisher":{"@id":"https:\/\/evertonfc.cz\/#organization"},"image":{"@id":"https:\/\/evertonfc.cz\/index.php\/2020\/03\/29\/ukoncenie-sezony-cena-762m\/#primaryimage"},"thumbnailUrl":"https:\/\/evertonfc.cz\/wp-content\/uploads\/2020\/03\/broadcasting.jpg","articleSection":["Aktuality"],"inLanguage":"cs","potentialAction":[{"@type":"CommentAction","name":"Comment","target":["https:\/\/evertonfc.cz\/index.php\/2020\/03\/29\/ukoncenie-sezony-cena-762m\/#respond"]}]},{"@type":"WebPage","@id":"https:\/\/evertonfc.cz\/index.php\/2020\/03\/29\/ukoncenie-sezony-cena-762m\/","url":"https:\/\/evertonfc.cz\/index.php\/2020\/03\/29\/ukoncenie-sezony-cena-762m\/","name":"Ukon\u010denie sez\u00f3ny? Cena \u00a3762m! - Official Czech &amp; Slovak Everton Supporters&#039; Club","isPartOf":{"@id":"https:\/\/evertonfc.cz\/#website"},"primaryImageOfPage":{"@id":"https:\/\/evertonfc.cz\/index.php\/2020\/03\/29\/ukoncenie-sezony-cena-762m\/#primaryimage"},"image":{"@id":"https:\/\/evertonfc.cz\/index.php\/2020\/03\/29\/ukoncenie-sezony-cena-762m\/#primaryimage"},"thumbnailUrl":"https:\/\/evertonfc.cz\/wp-content\/uploads\/2020\/03\/broadcasting.jpg","datePublished":"2020-03-29T18:49:11+00:00","dateModified":"2020-04-27T07:21:42+00:00","breadcrumb":{"@id":"https:\/\/evertonfc.cz\/index.php\/2020\/03\/29\/ukoncenie-sezony-cena-762m\/#breadcrumb"},"inLanguage":"cs","potentialAction":[{"@type":"ReadAction","target":["https:\/\/evertonfc.cz\/index.php\/2020\/03\/29\/ukoncenie-sezony-cena-762m\/"]}]},{"@type":"ImageObject","inLanguage":"cs","@id":"https:\/\/evertonfc.cz\/index.php\/2020\/03\/29\/ukoncenie-sezony-cena-762m\/#primaryimage","url":"https:\/\/evertonfc.cz\/wp-content\/uploads\/2020\/03\/broadcasting.jpg","contentUrl":"https:\/\/evertonfc.cz\/wp-content\/uploads\/2020\/03\/broadcasting.jpg","width":720,"height":405},{"@type":"BreadcrumbList","@id":"https:\/\/evertonfc.cz\/index.php\/2020\/03\/29\/ukoncenie-sezony-cena-762m\/#breadcrumb","itemListElement":[{"@type":"ListItem","position":1,"name":"Home","item":"https:\/\/evertonfc.cz\/"},{"@type":"ListItem","position":2,"name":"Ukon\u010denie sez\u00f3ny? Cena \u00a3762m!"}]},{"@type":"WebSite","@id":"https:\/\/evertonfc.cz\/#website","url":"https:\/\/evertonfc.cz\/","name":"Official Czech &amp; Slovak Everton Supporters&#039; Club","description":"","publisher":{"@id":"https:\/\/evertonfc.cz\/#organization"},"potentialAction":[{"@type":"SearchAction","target":{"@type":"EntryPoint","urlTemplate":"https:\/\/evertonfc.cz\/?s={search_term_string}"},"query-input":{"@type":"PropertyValueSpecification","valueRequired":true,"valueName":"search_term_string"}}],"inLanguage":"cs"},{"@type":"Organization","@id":"https:\/\/evertonfc.cz\/#organization","name":"Official Czech & Slovak Everton Supporters' Club","url":"https:\/\/evertonfc.cz\/","logo":{"@type":"ImageObject","inLanguage":"cs","@id":"https:\/\/evertonfc.cz\/#\/schema\/logo\/image\/","url":"https:\/\/evertonfc.cz\/wp-content\/uploads\/2019\/05\/logo.png","contentUrl":"https:\/\/evertonfc.cz\/wp-content\/uploads\/2019\/05\/logo.png","width":112,"height":112,"caption":"Official Czech & Slovak Everton Supporters' Club"},"image":{"@id":"https:\/\/evertonfc.cz\/#\/schema\/logo\/image\/"},"sameAs":["https:\/\/www.facebook.com\/everton.fans.cz.sk"]},{"@type":"Person","@id":"https:\/\/evertonfc.cz\/#\/schema\/person\/d4493b8cbea51532597fbc4685698916","name":"BlueBlooded","url":"https:\/\/evertonfc.cz\/index.php\/author\/admin\/"}]}},"_links":{"self":[{"href":"https:\/\/evertonfc.cz\/index.php\/wp-json\/wp\/v2\/posts\/10680"}],"collection":[{"href":"https:\/\/evertonfc.cz\/index.php\/wp-json\/wp\/v2\/posts"}],"about":[{"href":"https:\/\/evertonfc.cz\/index.php\/wp-json\/wp\/v2\/types\/post"}],"author":[{"embeddable":true,"href":"https:\/\/evertonfc.cz\/index.php\/wp-json\/wp\/v2\/users\/1"}],"replies":[{"embeddable":true,"href":"https:\/\/evertonfc.cz\/index.php\/wp-json\/wp\/v2\/comments?post=10680"}],"version-history":[{"count":7,"href":"https:\/\/evertonfc.cz\/index.php\/wp-json\/wp\/v2\/posts\/10680\/revisions"}],"predecessor-version":[{"id":10866,"href":"https:\/\/evertonfc.cz\/index.php\/wp-json\/wp\/v2\/posts\/10680\/revisions\/10866"}],"wp:featuredmedia":[{"embeddable":true,"href":"https:\/\/evertonfc.cz\/index.php\/wp-json\/wp\/v2\/media\/10679"}],"wp:attachment":[{"href":"https:\/\/evertonfc.cz\/index.php\/wp-json\/wp\/v2\/media?parent=10680"}],"wp:term":[{"taxonomy":"category","embeddable":true,"href":"https:\/\/evertonfc.cz\/index.php\/wp-json\/wp\/v2\/categories?post=10680"},{"taxonomy":"post_tag","embeddable":true,"href":"https:\/\/evertonfc.cz\/index.php\/wp-json\/wp\/v2\/tags?post=10680"}],"curies":[{"name":"wp","href":"https:\/\/api.w.org\/{rel}","templated":true}]}}