{"id":10690,"date":"2020-04-01T09:39:14","date_gmt":"2020-04-01T07:39:14","guid":{"rendered":"https:\/\/evertonfc.cz\/?p=10690"},"modified":"2020-05-24T15:13:29","modified_gmt":"2020-05-24T13:13:29","slug":"kviz-s-calvertom-lewinom","status":"publish","type":"post","link":"https:\/\/evertonfc.cz\/index.php\/2020\/04\/01\/kviz-s-calvertom-lewinom\/","title":{"rendered":"Kv\u00edz s Calvertom-Lewinom"},"content":{"rendered":"<h4>V z\u00e1pasov\u00fdch programoch tejto sez\u00f3ny sa hr\u00e1\u010dov p\u00fdtali r\u00f4zne ot\u00e1zky \u2013 od ob\u013e\u00faben\u00fdch filmov a\u017e po jedlo. Ak chcete zisti\u0165 viac Dominicovi, \u010d\u00edtajte nasleduj\u00face riadky.<\/h4>\n<p><strong><em>Najlep\u0161\u00ed moment doteraz v kari\u00e9re?<\/em><\/strong><\/p>\n<p>Z\u00e1pas s\u00a0Chelsea v\u00a0decembri bol pre m\u0148a naozaj ve\u013ek\u00fd moment pre m\u0148a. I\u0161lo tam o\u00a0ve\u013ea. Nem\u00f4\u017eete podceni\u0165, ak\u00e9 ve\u013ek\u00e9 a d\u00f4le\u017eit\u00e9 to pre n\u00e1s bolo. Zmenilo to na\u0161e smerovanie v\u00a0lige. Da\u0165 dva g\u00f3ly a\u00a0by\u0165 mu\u017eom z\u00e1pasu, s\u00a0Duncanom ako do\u010dasn\u00fdm mana\u017e\u00e9rom \u2013 mus\u00ed to patri\u0165 medzi najlep\u0161ie.<\/p>\n<p><strong><em>Najlep\u0161\u00ed kamar\u00e1t vo futbale?<\/em><\/strong><\/p>\n<p>Tom Davies. Davo je m\u00f4j najlep\u0161\u00ed kamo\u0161. M\u00e1m jeho a\u00a0Jonjoea Kennyho tie\u017e. T\u00fdchto dvoch.<\/p>\n<p><strong><em>Ob\u013e\u00faben\u00fd film?<\/em><\/strong><\/p>\n<p>Akur\u00e1t som si pozrel <em>Jerry Maguire<\/em>. Dostal som sa k\u00a0tomu len ned\u00e1vno. Skvel\u00fd film. \u201eShow me the money, Jerry!\u201c \u00daprimne, asi p\u00f4jdem domov po tomto rozhovore a\u00a0pozriem si ho znova. Tak\u00fd je dobr\u00fd.<\/p>\n<p><em>(americk\u00e1 filmov\u00e1 kom\u00e9di\u00e1lna dr\u00e1ma o \u0161portovom agentovi z roku 1996. Re\u017eis\u00e9rom filmu je Cameron Crowe. Hlavn\u00e9 \u00falohy vo filme stv\u00e1rnili Tom Cruise, Cuba Gooding, Jr., Ren\u00e9e Zellweger.)<\/em><\/p>\n<p><strong><em>Prv\u00e1 celebritn\u00e1 l\u00e1ska?<\/em><\/strong><\/p>\n<p>Cheryl Cole!<\/p>\n<p><em>(anglick\u00e1 spev\u00e1\u010dka, 36r, \u010dlenka britskej diev\u010denskej skupiny Girls Aloud. Bola jednou z porotk\u00fd\u0148 britsk\u00e9ho X-Factoru)<\/em><\/p>\n<p><strong><em>Ob\u013e\u00faben\u00e9 mesto?<\/em><\/strong><\/p>\n<p>Los Angeles. Je to \u00fa\u017easn\u00e9 miesto. M\u00f4\u017eete \u00eds\u0165 na pl\u00e1\u017e, milujem palmy a\u00a0cel\u00fa atmosf\u00e9ru mesta. Ke\u010f v\u00a0lete dovolenkujeme, je to pekn\u00e9 miesto kam \u00eds\u0165.<\/p>\n<p><strong><em>Ob\u013e\u00faben\u00fd \u0161portovec mimo futbalu?<\/em><\/strong><\/p>\n<p>Vyberiem Anthonyho Joshuu. Mus\u00edte by\u0165 ment\u00e1lne ve\u013emi odoln\u00fd v prostred\u00ed a v \u0161porte v akom je on. To je nie\u010do \u010do obdivujem na tom, ako sa spr\u00e1va.<\/p>\n<p><em>(britsk\u00fd profesion\u00e1lny boxer, 30r., dr\u017eite\u013e titulov organiz\u00e1cie IBF, WBA, WBO a IBO (v\u0161etko 2019) a olympijsk\u00fd v\u00ed\u0165az LOH 2012 v Lond\u00fdne v super\u0165a\u017ekej v\u00e1he.)<\/em><\/p>\n<p><strong><em>Ob\u013e\u00faben\u00e9 jedlo?<\/em><\/strong><\/p>\n<p>Losos a\u00a0pizza. Nie v\u0161ak spolu.<\/p>\n<p><em><strong>Jedlo, ktor\u00e9 nezn\u00e1\u0161a?<\/strong><\/em><\/p>\n<p>Syr. D\u00e1m si ho na pizzu, ale to je tak v\u0161etko.<\/p>\n<p><em><strong>Vie spieva\u0165?<\/strong><\/em><\/p>\n<p>R\u00e1d by som si to myslel, ale pravdepodobne nie ve\u013emi dobre.<\/p>\n<p><strong><em>Ak\u00e1 bola jeho inicia\u010dn\u00e1 piese\u0148?<\/em><\/strong><\/p>\n<p><em>Ain\u2019t No Mountain High Enough <\/em>(Marvin Gaye &amp; Tammi Terrell, 1967)<em>. <\/em>Mal som v\u00a0ruke f\u013ea\u0161ku od ke\u010dupu ako mikrof\u00f3n. Pesni\u010dka sa celkom uchytila.<\/p>\n<p><em>(trad\u00edcia spievania pred nov\u00fdmi spoluhr\u00e1\u010dmi, najm\u00e4 v anglick\u00fdch kluboch, za \u00fa\u010delom str\u00e1pnenia sa)<\/em><\/p>\n<p><strong><em>Najz\u00e1bavnej\u0161ia osoba, ak\u00fa stretol vo futbale?<\/em><\/strong><\/p>\n<p>Ryan Cresswell. Hrali sme spolu, ke\u010f som hos\u0165oval v Northamptone. Podaren\u00fd bol. Stret\u00e1val som sa s n\u00edm na kri\u017eovatke na M1 a odtia\u013e sme spolu chodievali do Northamptonu. Najz\u00e1bavnej\u0161\u00ed \u010dlovek vo futbale.<\/p>\n<p>(anglick\u00fd stredn\u00fd obranca, 32r, v sez\u00f3ne 2012\/2013 bol menovan\u00fd do PFA t\u00edmu roka v League Two)<\/p>\n<p><strong><em>\u010co mu lezie na nervy?<\/em><\/strong><\/p>\n<p>Tankovanie m\u00f4jho auta benz\u00ednom. Irituje ma to. V\u017edy to rob\u00edm.<\/p>\n<p><strong><em>Ak by votrelci spustili inv\u00e1ziu, ktor\u00e9ho hr\u00e1\u010da Evertonu by vybral, aby n\u00e1s zachr\u00e1nil?<\/em><\/strong><\/p>\n<p>Yerry Mina. Chcel by som, aby bojoval po mojom boku. Len \u010d\u00edra, brut\u00e1lna sila.<\/p>\n<p style=\"text-align: right;\"><a href=\"https:\/\/www.evertonfc.com\/news\/1649572\/dcl-talks-films-friends-and-the-funniest-man-in-football\" target=\"_blank\" rel=\"noopener noreferrer\"><em>(p\u00f4vodn\u00fd \u010dl\u00e1nok \/ foto zdroj: evertonfc.com)<\/em><\/a><\/p>\n","protected":false},"excerpt":{"rendered":"<p>V z\u00e1pasov\u00fdch programoch tejto sez\u00f3ny sa hr\u00e1\u010dov p\u00fdtali r\u00f4zne ot\u00e1zky \u2013 od ob\u013e\u00faben\u00fdch filmov a\u017e po jedlo. Ak chcete zisti\u0165 viac Dominicovi, \u010d\u00edtajte nasleduj\u00face riadky.<\/p>\n","protected":false},"author":1,"featured_media":10691,"comment_status":"open","ping_status":"closed","sticky":false,"template":"","format":"standard","meta":{"_eb_attr":"","_monsterinsights_skip_tracking":false,"_monsterinsights_sitenote_active":false,"_monsterinsights_sitenote_note":"","_monsterinsights_sitenote_category":0,"footnotes":""},"categories":[1],"tags":[],"yoast_head":"<!-- This site is optimized with the Yoast SEO plugin v23.4 - https:\/\/yoast.com\/wordpress\/plugins\/seo\/ -->\n<title>Kv\u00edz s Calvertom-Lewinom - Official Czech &amp; Slovak Everton Supporters&#039; Club<\/title>\n<meta name=\"robots\" content=\"index, follow, max-snippet:-1, max-image-preview:large, max-video-preview:-1\" \/>\n<link rel=\"canonical\" href=\"https:\/\/evertonfc.cz\/index.php\/2020\/04\/01\/kviz-s-calvertom-lewinom\/\" \/>\n<meta property=\"og:locale\" content=\"cs_CZ\" \/>\n<meta property=\"og:type\" content=\"article\" \/>\n<meta property=\"og:title\" content=\"Kv\u00edz s Calvertom-Lewinom - Official Czech &amp; Slovak Everton Supporters&#039; Club\" \/>\n<meta property=\"og:description\" content=\"V z\u00e1pasov\u00fdch programoch tejto sez\u00f3ny sa hr\u00e1\u010dov p\u00fdtali r\u00f4zne ot\u00e1zky \u2013 od ob\u013e\u00faben\u00fdch filmov a\u017e po jedlo. Ak chcete zisti\u0165 viac Dominicovi, \u010d\u00edtajte nasleduj\u00face riadky.\" \/>\n<meta property=\"og:url\" content=\"https:\/\/evertonfc.cz\/index.php\/2020\/04\/01\/kviz-s-calvertom-lewinom\/\" \/>\n<meta property=\"og:site_name\" content=\"Official Czech &amp; Slovak Everton Supporters&#039; Club\" \/>\n<meta property=\"article:publisher\" content=\"https:\/\/www.facebook.com\/everton.fans.cz.sk\" \/>\n<meta property=\"article:published_time\" content=\"2020-04-01T07:39:14+00:00\" \/>\n<meta property=\"article:modified_time\" content=\"2020-05-24T13:13:29+00:00\" \/>\n<meta property=\"og:image\" content=\"https:\/\/evertonfc.cz\/wp-content\/uploads\/2020\/04\/DCL-1-4-2020.jpg\" \/>\n\t<meta property=\"og:image:width\" content=\"720\" \/>\n\t<meta property=\"og:image:height\" content=\"405\" \/>\n\t<meta property=\"og:image:type\" content=\"image\/jpeg\" \/>\n<meta name=\"author\" content=\"BlueBlooded\" \/>\n<meta name=\"twitter:card\" content=\"summary_large_image\" \/>\n<meta name=\"twitter:label1\" content=\"Napsal(a)\" \/>\n\t<meta name=\"twitter:data1\" content=\"BlueBlooded\" \/>\n\t<meta name=\"twitter:label2\" content=\"Odhadovan\u00e1 doba \u010dten\u00ed\" \/>\n\t<meta name=\"twitter:data2\" content=\"3 minuty\" \/>\n<script type=\"application\/ld+json\" class=\"yoast-schema-graph\">{\"@context\":\"https:\/\/schema.org\",\"@graph\":[{\"@type\":\"Article\",\"@id\":\"https:\/\/evertonfc.cz\/index.php\/2020\/04\/01\/kviz-s-calvertom-lewinom\/#article\",\"isPartOf\":{\"@id\":\"https:\/\/evertonfc.cz\/index.php\/2020\/04\/01\/kviz-s-calvertom-lewinom\/\"},\"author\":{\"name\":\"BlueBlooded\",\"@id\":\"https:\/\/evertonfc.cz\/#\/schema\/person\/d4493b8cbea51532597fbc4685698916\"},\"headline\":\"Kv\u00edz s Calvertom-Lewinom\",\"datePublished\":\"2020-04-01T07:39:14+00:00\",\"dateModified\":\"2020-05-24T13:13:29+00:00\",\"mainEntityOfPage\":{\"@id\":\"https:\/\/evertonfc.cz\/index.php\/2020\/04\/01\/kviz-s-calvertom-lewinom\/\"},\"wordCount\":550,\"commentCount\":0,\"publisher\":{\"@id\":\"https:\/\/evertonfc.cz\/#organization\"},\"image\":{\"@id\":\"https:\/\/evertonfc.cz\/index.php\/2020\/04\/01\/kviz-s-calvertom-lewinom\/#primaryimage\"},\"thumbnailUrl\":\"https:\/\/evertonfc.cz\/wp-content\/uploads\/2020\/04\/DCL-1-4-2020.jpg\",\"articleSection\":[\"Rozhovory\"],\"inLanguage\":\"cs\",\"potentialAction\":[{\"@type\":\"CommentAction\",\"name\":\"Comment\",\"target\":[\"https:\/\/evertonfc.cz\/index.php\/2020\/04\/01\/kviz-s-calvertom-lewinom\/#respond\"]}]},{\"@type\":\"WebPage\",\"@id\":\"https:\/\/evertonfc.cz\/index.php\/2020\/04\/01\/kviz-s-calvertom-lewinom\/\",\"url\":\"https:\/\/evertonfc.cz\/index.php\/2020\/04\/01\/kviz-s-calvertom-lewinom\/\",\"name\":\"Kv\u00edz s Calvertom-Lewinom - Official Czech &amp; Slovak Everton Supporters&#039; Club\",\"isPartOf\":{\"@id\":\"https:\/\/evertonfc.cz\/#website\"},\"primaryImageOfPage\":{\"@id\":\"https:\/\/evertonfc.cz\/index.php\/2020\/04\/01\/kviz-s-calvertom-lewinom\/#primaryimage\"},\"image\":{\"@id\":\"https:\/\/evertonfc.cz\/index.php\/2020\/04\/01\/kviz-s-calvertom-lewinom\/#primaryimage\"},\"thumbnailUrl\":\"https:\/\/evertonfc.cz\/wp-content\/uploads\/2020\/04\/DCL-1-4-2020.jpg\",\"datePublished\":\"2020-04-01T07:39:14+00:00\",\"dateModified\":\"2020-05-24T13:13:29+00:00\",\"breadcrumb\":{\"@id\":\"https:\/\/evertonfc.cz\/index.php\/2020\/04\/01\/kviz-s-calvertom-lewinom\/#breadcrumb\"},\"inLanguage\":\"cs\",\"potentialAction\":[{\"@type\":\"ReadAction\",\"target\":[\"https:\/\/evertonfc.cz\/index.php\/2020\/04\/01\/kviz-s-calvertom-lewinom\/\"]}]},{\"@type\":\"ImageObject\",\"inLanguage\":\"cs\",\"@id\":\"https:\/\/evertonfc.cz\/index.php\/2020\/04\/01\/kviz-s-calvertom-lewinom\/#primaryimage\",\"url\":\"https:\/\/evertonfc.cz\/wp-content\/uploads\/2020\/04\/DCL-1-4-2020.jpg\",\"contentUrl\":\"https:\/\/evertonfc.cz\/wp-content\/uploads\/2020\/04\/DCL-1-4-2020.jpg\",\"width\":720,\"height\":405},{\"@type\":\"BreadcrumbList\",\"@id\":\"https:\/\/evertonfc.cz\/index.php\/2020\/04\/01\/kviz-s-calvertom-lewinom\/#breadcrumb\",\"itemListElement\":[{\"@type\":\"ListItem\",\"position\":1,\"name\":\"Home\",\"item\":\"https:\/\/evertonfc.cz\/\"},{\"@type\":\"ListItem\",\"position\":2,\"name\":\"Kv\u00edz s Calvertom-Lewinom\"}]},{\"@type\":\"WebSite\",\"@id\":\"https:\/\/evertonfc.cz\/#website\",\"url\":\"https:\/\/evertonfc.cz\/\",\"name\":\"Official Czech &amp; Slovak Everton Supporters&#039; Club\",\"description\":\"\",\"publisher\":{\"@id\":\"https:\/\/evertonfc.cz\/#organization\"},\"potentialAction\":[{\"@type\":\"SearchAction\",\"target\":{\"@type\":\"EntryPoint\",\"urlTemplate\":\"https:\/\/evertonfc.cz\/?s={search_term_string}\"},\"query-input\":{\"@type\":\"PropertyValueSpecification\",\"valueRequired\":true,\"valueName\":\"search_term_string\"}}],\"inLanguage\":\"cs\"},{\"@type\":\"Organization\",\"@id\":\"https:\/\/evertonfc.cz\/#organization\",\"name\":\"Official Czech & Slovak Everton Supporters' Club\",\"url\":\"https:\/\/evertonfc.cz\/\",\"logo\":{\"@type\":\"ImageObject\",\"inLanguage\":\"cs\",\"@id\":\"https:\/\/evertonfc.cz\/#\/schema\/logo\/image\/\",\"url\":\"https:\/\/evertonfc.cz\/wp-content\/uploads\/2019\/05\/logo.png\",\"contentUrl\":\"https:\/\/evertonfc.cz\/wp-content\/uploads\/2019\/05\/logo.png\",\"width\":112,\"height\":112,\"caption\":\"Official Czech & Slovak Everton Supporters' Club\"},\"image\":{\"@id\":\"https:\/\/evertonfc.cz\/#\/schema\/logo\/image\/\"},\"sameAs\":[\"https:\/\/www.facebook.com\/everton.fans.cz.sk\"]},{\"@type\":\"Person\",\"@id\":\"https:\/\/evertonfc.cz\/#\/schema\/person\/d4493b8cbea51532597fbc4685698916\",\"name\":\"BlueBlooded\",\"url\":\"https:\/\/evertonfc.cz\/index.php\/author\/admin\/\"}]}<\/script>\n<!-- \/ Yoast SEO plugin. -->","yoast_head_json":{"title":"Kv\u00edz s Calvertom-Lewinom - Official Czech &amp; Slovak Everton Supporters&#039; Club","robots":{"index":"index","follow":"follow","max-snippet":"max-snippet:-1","max-image-preview":"max-image-preview:large","max-video-preview":"max-video-preview:-1"},"canonical":"https:\/\/evertonfc.cz\/index.php\/2020\/04\/01\/kviz-s-calvertom-lewinom\/","og_locale":"cs_CZ","og_type":"article","og_title":"Kv\u00edz s Calvertom-Lewinom - Official Czech &amp; Slovak Everton Supporters&#039; Club","og_description":"V z\u00e1pasov\u00fdch programoch tejto sez\u00f3ny sa hr\u00e1\u010dov p\u00fdtali r\u00f4zne ot\u00e1zky \u2013 od ob\u013e\u00faben\u00fdch filmov a\u017e po jedlo. Ak chcete zisti\u0165 viac Dominicovi, \u010d\u00edtajte nasleduj\u00face riadky.","og_url":"https:\/\/evertonfc.cz\/index.php\/2020\/04\/01\/kviz-s-calvertom-lewinom\/","og_site_name":"Official Czech &amp; Slovak Everton Supporters&#039; Club","article_publisher":"https:\/\/www.facebook.com\/everton.fans.cz.sk","article_published_time":"2020-04-01T07:39:14+00:00","article_modified_time":"2020-05-24T13:13:29+00:00","og_image":[{"width":720,"height":405,"url":"https:\/\/evertonfc.cz\/wp-content\/uploads\/2020\/04\/DCL-1-4-2020.jpg","type":"image\/jpeg"}],"author":"BlueBlooded","twitter_card":"summary_large_image","twitter_misc":{"Napsal(a)":"BlueBlooded","Odhadovan\u00e1 doba \u010dten\u00ed":"3 minuty"},"schema":{"@context":"https:\/\/schema.org","@graph":[{"@type":"Article","@id":"https:\/\/evertonfc.cz\/index.php\/2020\/04\/01\/kviz-s-calvertom-lewinom\/#article","isPartOf":{"@id":"https:\/\/evertonfc.cz\/index.php\/2020\/04\/01\/kviz-s-calvertom-lewinom\/"},"author":{"name":"BlueBlooded","@id":"https:\/\/evertonfc.cz\/#\/schema\/person\/d4493b8cbea51532597fbc4685698916"},"headline":"Kv\u00edz s Calvertom-Lewinom","datePublished":"2020-04-01T07:39:14+00:00","dateModified":"2020-05-24T13:13:29+00:00","mainEntityOfPage":{"@id":"https:\/\/evertonfc.cz\/index.php\/2020\/04\/01\/kviz-s-calvertom-lewinom\/"},"wordCount":550,"commentCount":0,"publisher":{"@id":"https:\/\/evertonfc.cz\/#organization"},"image":{"@id":"https:\/\/evertonfc.cz\/index.php\/2020\/04\/01\/kviz-s-calvertom-lewinom\/#primaryimage"},"thumbnailUrl":"https:\/\/evertonfc.cz\/wp-content\/uploads\/2020\/04\/DCL-1-4-2020.jpg","articleSection":["Rozhovory"],"inLanguage":"cs","potentialAction":[{"@type":"CommentAction","name":"Comment","target":["https:\/\/evertonfc.cz\/index.php\/2020\/04\/01\/kviz-s-calvertom-lewinom\/#respond"]}]},{"@type":"WebPage","@id":"https:\/\/evertonfc.cz\/index.php\/2020\/04\/01\/kviz-s-calvertom-lewinom\/","url":"https:\/\/evertonfc.cz\/index.php\/2020\/04\/01\/kviz-s-calvertom-lewinom\/","name":"Kv\u00edz s Calvertom-Lewinom - Official Czech &amp; Slovak Everton Supporters&#039; Club","isPartOf":{"@id":"https:\/\/evertonfc.cz\/#website"},"primaryImageOfPage":{"@id":"https:\/\/evertonfc.cz\/index.php\/2020\/04\/01\/kviz-s-calvertom-lewinom\/#primaryimage"},"image":{"@id":"https:\/\/evertonfc.cz\/index.php\/2020\/04\/01\/kviz-s-calvertom-lewinom\/#primaryimage"},"thumbnailUrl":"https:\/\/evertonfc.cz\/wp-content\/uploads\/2020\/04\/DCL-1-4-2020.jpg","datePublished":"2020-04-01T07:39:14+00:00","dateModified":"2020-05-24T13:13:29+00:00","breadcrumb":{"@id":"https:\/\/evertonfc.cz\/index.php\/2020\/04\/01\/kviz-s-calvertom-lewinom\/#breadcrumb"},"inLanguage":"cs","potentialAction":[{"@type":"ReadAction","target":["https:\/\/evertonfc.cz\/index.php\/2020\/04\/01\/kviz-s-calvertom-lewinom\/"]}]},{"@type":"ImageObject","inLanguage":"cs","@id":"https:\/\/evertonfc.cz\/index.php\/2020\/04\/01\/kviz-s-calvertom-lewinom\/#primaryimage","url":"https:\/\/evertonfc.cz\/wp-content\/uploads\/2020\/04\/DCL-1-4-2020.jpg","contentUrl":"https:\/\/evertonfc.cz\/wp-content\/uploads\/2020\/04\/DCL-1-4-2020.jpg","width":720,"height":405},{"@type":"BreadcrumbList","@id":"https:\/\/evertonfc.cz\/index.php\/2020\/04\/01\/kviz-s-calvertom-lewinom\/#breadcrumb","itemListElement":[{"@type":"ListItem","position":1,"name":"Home","item":"https:\/\/evertonfc.cz\/"},{"@type":"ListItem","position":2,"name":"Kv\u00edz s Calvertom-Lewinom"}]},{"@type":"WebSite","@id":"https:\/\/evertonfc.cz\/#website","url":"https:\/\/evertonfc.cz\/","name":"Official Czech &amp; Slovak Everton Supporters&#039; Club","description":"","publisher":{"@id":"https:\/\/evertonfc.cz\/#organization"},"potentialAction":[{"@type":"SearchAction","target":{"@type":"EntryPoint","urlTemplate":"https:\/\/evertonfc.cz\/?s={search_term_string}"},"query-input":{"@type":"PropertyValueSpecification","valueRequired":true,"valueName":"search_term_string"}}],"inLanguage":"cs"},{"@type":"Organization","@id":"https:\/\/evertonfc.cz\/#organization","name":"Official Czech & Slovak Everton Supporters' Club","url":"https:\/\/evertonfc.cz\/","logo":{"@type":"ImageObject","inLanguage":"cs","@id":"https:\/\/evertonfc.cz\/#\/schema\/logo\/image\/","url":"https:\/\/evertonfc.cz\/wp-content\/uploads\/2019\/05\/logo.png","contentUrl":"https:\/\/evertonfc.cz\/wp-content\/uploads\/2019\/05\/logo.png","width":112,"height":112,"caption":"Official Czech & Slovak Everton Supporters' Club"},"image":{"@id":"https:\/\/evertonfc.cz\/#\/schema\/logo\/image\/"},"sameAs":["https:\/\/www.facebook.com\/everton.fans.cz.sk"]},{"@type":"Person","@id":"https:\/\/evertonfc.cz\/#\/schema\/person\/d4493b8cbea51532597fbc4685698916","name":"BlueBlooded","url":"https:\/\/evertonfc.cz\/index.php\/author\/admin\/"}]}},"_links":{"self":[{"href":"https:\/\/evertonfc.cz\/index.php\/wp-json\/wp\/v2\/posts\/10690"}],"collection":[{"href":"https:\/\/evertonfc.cz\/index.php\/wp-json\/wp\/v2\/posts"}],"about":[{"href":"https:\/\/evertonfc.cz\/index.php\/wp-json\/wp\/v2\/types\/post"}],"author":[{"embeddable":true,"href":"https:\/\/evertonfc.cz\/index.php\/wp-json\/wp\/v2\/users\/1"}],"replies":[{"embeddable":true,"href":"https:\/\/evertonfc.cz\/index.php\/wp-json\/wp\/v2\/comments?post=10690"}],"version-history":[{"count":10,"href":"https:\/\/evertonfc.cz\/index.php\/wp-json\/wp\/v2\/posts\/10690\/revisions"}],"predecessor-version":[{"id":11049,"href":"https:\/\/evertonfc.cz\/index.php\/wp-json\/wp\/v2\/posts\/10690\/revisions\/11049"}],"wp:featuredmedia":[{"embeddable":true,"href":"https:\/\/evertonfc.cz\/index.php\/wp-json\/wp\/v2\/media\/10691"}],"wp:attachment":[{"href":"https:\/\/evertonfc.cz\/index.php\/wp-json\/wp\/v2\/media?parent=10690"}],"wp:term":[{"taxonomy":"category","embeddable":true,"href":"https:\/\/evertonfc.cz\/index.php\/wp-json\/wp\/v2\/categories?post=10690"},{"taxonomy":"post_tag","embeddable":true,"href":"https:\/\/evertonfc.cz\/index.php\/wp-json\/wp\/v2\/tags?post=10690"}],"curies":[{"name":"wp","href":"https:\/\/api.w.org\/{rel}","templated":true}]}}