{"id":10701,"date":"2020-04-02T17:27:06","date_gmt":"2020-04-02T15:27:06","guid":{"rendered":"https:\/\/evertonfc.cz\/?p=10701"},"modified":"2020-04-03T09:30:40","modified_gmt":"2020-04-03T07:30:40","slug":"kenny-by-mohol-ostat-v-schalke","status":"publish","type":"post","link":"https:\/\/evertonfc.cz\/index.php\/2020\/04\/02\/kenny-by-mohol-ostat-v-schalke\/","title":{"rendered":"Kenny by mohol osta\u0165 v Schalke"},"content":{"rendered":"<h4><span lang=\"SK\">Dvadsa\u0165triro\u010dn\u00fd prav\u00fd obranca Jonjoe Kenny m\u00e1 v\u00a0Nemecku ve\u013ea fan\u00fa\u0161ikov, \u0161portov\u00e9ho riadite\u013ea klubu nevyn\u00edmaj\u00fac. Jeho najnov\u0161ie vyjadrenia o\u00a0tom sved\u010dia.<\/span><\/h4>\n<p>Rod\u00e1k z\u00a0liverpoolskeho Kirkdale sa stal neoddelite\u013enou s\u00fa\u010das\u0165ou zadn\u00fdch radov nemeck\u00fdch Die K\u00f6nigsblauen. Neby\u0165 zranenia, ktor\u00e9ho ho vo febru\u00e1ri vyradilo na dva t\u00fd\u017edne, zasiahol by do v\u0161etk\u00fdch doteraj\u0161\u00edch z\u00e1pasov sez\u00f3ny. Za klub v\u00a0Gelsenkirchene odohral do vypuknutia kr\u00edzy koronav\u00edrusu celkovo 23 duelov a\u00a0dal jeden g\u00f3l.<\/p>\n<p>Nemeck\u00fd bulv\u00e1rny denn\u00edk Bild predned\u00e1vnom priniesol inform\u00e1ciu, \u017ee Kenny je vo Veltins-Arene ve\u013emi spokojn\u00fd. Mal sa s t\u00fdm prizna\u0165 svoj\u00edm spoluhr\u00e1\u010dom a aj vedeniu klubu. \u00dadajne si vie predstavi\u0165 aj dlh\u0161ie zotrvanie vo farb\u00e1ch Schalke 04. Jonjoe je navy\u0161e u\u00a0fan\u00fa\u0161ikov klubu ob\u013e\u00faben\u00fd. Najm\u00e4 pre svoj bojovn\u00fd duch.<\/p>\n<p>\u0160portov\u00fd riadite\u013e klubu, Jochen Schneider, pre BILD nad\u0161ene povedal:<\/p>\n<blockquote><p><em>\u201eZatia\u013e mal skvel\u00fa sez\u00f3nu. Nielen\u017ee sed\u00ed Schalke ako hr\u00e1\u010d, ale aj ako \u010dlovek. Maliar, ktor\u00fd vyma\u013euje ka\u017ed\u00fd z\u00e1pas stopercentne na \u010disto!\u201c<\/em><\/p><\/blockquote>\n<p>Aj keby zmienen\u00e9 inform\u00e1cie boli pravdiv\u00e9, probl\u00e9m pre bundesligov\u00fd t\u00edm tkvie v\u00a0tom, \u017ee Kenny je st\u00e1le hr\u00e1\u010dom Evertonu. Platn\u00fa zmluvu m\u00e1 e\u0161te dva roky a\u00a0na jeho poz\u00edcii v\u00a0t\u00edme sa oslabila konkurencia. Seamus Coleman m\u00e1 31 rokov a\u00a0Djibril Sidib\u00e9 nem\u00e1 prestup na Merseyside v\u00a0podobe k\u00fapnej opcie v\u00f4bec ist\u00fd.<\/p>\n<p>Ban\u00edci navy\u0161e podobnou v\u00fdhodou, \u010do sa t\u00fdka opcie, nedisponuj\u00fa. Ich financie sa pohybuj\u00fa na hrane aj bez pand\u00e9mie COVID-19 a vyplati\u0165 The Toffees za n\u00e1dejn\u00e9ho, st\u00e1le mlad\u00e9ho obrancu, by im asi nevy\u0161lo. Jedin\u00e1 mo\u017enos\u0165 by teda ost\u00e1vala len v pred\u013a\u017een\u00ed hos\u0165ovania. A okrem toho, v k\u00e1dri maj\u00fa aj nov\u00e9 ucho z Barcelony.<\/p>\n<p><span lang=\"SK\">Jean-Clair Todibo, dvadsa\u0165ro\u010dn\u00fd stop\u00e9r, hos\u0165uje v Schalke od janu\u00e1ra a v jeho kontrakte sa opcia nach\u00e1dza. Za 21 mili\u00f3nov libier. Vo febru\u00e1ri bol dokonca vyhl\u00e1sen\u00fd za klubov\u00e9ho hr\u00e1\u010da mesiaca. Tento fakt tie\u017e zni\u017euje pravdepodobnos\u0165 trvalej straty \u010fal\u0161ieho\u00a0 talentovan\u00e9ho Angli\u010dana v prospech nemeck\u00e9ho futbalu.<\/span><\/p>\n<p style=\"text-align: right;\"><em>(foto zdroj: schalke04.de)<\/em><\/p>\n","protected":false},"excerpt":{"rendered":"<p>Dvadsa\u0165triro\u010dn\u00fd prav\u00fd obranca Jonjoe Kenny m\u00e1 v Nemecku ve\u013ea fan\u00fa\u0161ikov, \u0161portov\u00e9ho riadite\u013ea klubu nevyn\u00edmaj\u00fac. Jeho najnov\u0161ie vyjadrenia o tom sved\u010dia.<\/p>\n","protected":false},"author":1,"featured_media":10702,"comment_status":"open","ping_status":"closed","sticky":false,"template":"","format":"standard","meta":{"_eb_attr":"","_monsterinsights_skip_tracking":false,"_monsterinsights_sitenote_active":false,"_monsterinsights_sitenote_note":"","_monsterinsights_sitenote_category":0,"footnotes":""},"categories":[42],"tags":[],"yoast_head":"<!-- This site is optimized with the Yoast SEO plugin v23.4 - https:\/\/yoast.com\/wordpress\/plugins\/seo\/ -->\n<title>Kenny by mohol osta\u0165 v Schalke - Official Czech &amp; Slovak Everton Supporters&#039; Club<\/title>\n<meta name=\"robots\" content=\"index, follow, max-snippet:-1, max-image-preview:large, max-video-preview:-1\" \/>\n<link rel=\"canonical\" href=\"https:\/\/evertonfc.cz\/index.php\/2020\/04\/02\/kenny-by-mohol-ostat-v-schalke\/\" \/>\n<meta property=\"og:locale\" content=\"cs_CZ\" \/>\n<meta property=\"og:type\" content=\"article\" \/>\n<meta property=\"og:title\" content=\"Kenny by mohol osta\u0165 v Schalke - Official Czech &amp; Slovak Everton Supporters&#039; Club\" \/>\n<meta property=\"og:description\" content=\"Dvadsa\u0165triro\u010dn\u00fd prav\u00fd obranca Jonjoe Kenny m\u00e1 v Nemecku ve\u013ea fan\u00fa\u0161ikov, \u0161portov\u00e9ho riadite\u013ea klubu nevyn\u00edmaj\u00fac. Jeho najnov\u0161ie vyjadrenia o tom sved\u010dia.\" \/>\n<meta property=\"og:url\" content=\"https:\/\/evertonfc.cz\/index.php\/2020\/04\/02\/kenny-by-mohol-ostat-v-schalke\/\" \/>\n<meta property=\"og:site_name\" content=\"Official Czech &amp; Slovak Everton Supporters&#039; Club\" \/>\n<meta property=\"article:publisher\" content=\"https:\/\/www.facebook.com\/everton.fans.cz.sk\" \/>\n<meta property=\"article:published_time\" content=\"2020-04-02T15:27:06+00:00\" \/>\n<meta property=\"article:modified_time\" content=\"2020-04-03T07:30:40+00:00\" \/>\n<meta property=\"og:image\" content=\"https:\/\/evertonfc.cz\/wp-content\/uploads\/2020\/04\/schalke-kenny-2-20-2020.jpg\" \/>\n\t<meta property=\"og:image:width\" content=\"720\" \/>\n\t<meta property=\"og:image:height\" content=\"405\" \/>\n\t<meta property=\"og:image:type\" content=\"image\/jpeg\" \/>\n<meta name=\"author\" content=\"BlueBlooded\" \/>\n<meta name=\"twitter:card\" content=\"summary_large_image\" \/>\n<meta name=\"twitter:label1\" content=\"Napsal(a)\" \/>\n\t<meta name=\"twitter:data1\" content=\"BlueBlooded\" \/>\n\t<meta name=\"twitter:label2\" content=\"Odhadovan\u00e1 doba \u010dten\u00ed\" \/>\n\t<meta name=\"twitter:data2\" content=\"2 minuty\" \/>\n<script type=\"application\/ld+json\" class=\"yoast-schema-graph\">{\"@context\":\"https:\/\/schema.org\",\"@graph\":[{\"@type\":\"Article\",\"@id\":\"https:\/\/evertonfc.cz\/index.php\/2020\/04\/02\/kenny-by-mohol-ostat-v-schalke\/#article\",\"isPartOf\":{\"@id\":\"https:\/\/evertonfc.cz\/index.php\/2020\/04\/02\/kenny-by-mohol-ostat-v-schalke\/\"},\"author\":{\"name\":\"BlueBlooded\",\"@id\":\"https:\/\/evertonfc.cz\/#\/schema\/person\/d4493b8cbea51532597fbc4685698916\"},\"headline\":\"Kenny by mohol osta\u0165 v Schalke\",\"datePublished\":\"2020-04-02T15:27:06+00:00\",\"dateModified\":\"2020-04-03T07:30:40+00:00\",\"mainEntityOfPage\":{\"@id\":\"https:\/\/evertonfc.cz\/index.php\/2020\/04\/02\/kenny-by-mohol-ostat-v-schalke\/\"},\"wordCount\":385,\"commentCount\":4,\"publisher\":{\"@id\":\"https:\/\/evertonfc.cz\/#organization\"},\"image\":{\"@id\":\"https:\/\/evertonfc.cz\/index.php\/2020\/04\/02\/kenny-by-mohol-ostat-v-schalke\/#primaryimage\"},\"thumbnailUrl\":\"https:\/\/evertonfc.cz\/wp-content\/uploads\/2020\/04\/schalke-kenny-2-20-2020.jpg\",\"articleSection\":[\"Aktuality\"],\"inLanguage\":\"cs\",\"potentialAction\":[{\"@type\":\"CommentAction\",\"name\":\"Comment\",\"target\":[\"https:\/\/evertonfc.cz\/index.php\/2020\/04\/02\/kenny-by-mohol-ostat-v-schalke\/#respond\"]}]},{\"@type\":\"WebPage\",\"@id\":\"https:\/\/evertonfc.cz\/index.php\/2020\/04\/02\/kenny-by-mohol-ostat-v-schalke\/\",\"url\":\"https:\/\/evertonfc.cz\/index.php\/2020\/04\/02\/kenny-by-mohol-ostat-v-schalke\/\",\"name\":\"Kenny by mohol osta\u0165 v Schalke - Official Czech &amp; Slovak Everton Supporters&#039; Club\",\"isPartOf\":{\"@id\":\"https:\/\/evertonfc.cz\/#website\"},\"primaryImageOfPage\":{\"@id\":\"https:\/\/evertonfc.cz\/index.php\/2020\/04\/02\/kenny-by-mohol-ostat-v-schalke\/#primaryimage\"},\"image\":{\"@id\":\"https:\/\/evertonfc.cz\/index.php\/2020\/04\/02\/kenny-by-mohol-ostat-v-schalke\/#primaryimage\"},\"thumbnailUrl\":\"https:\/\/evertonfc.cz\/wp-content\/uploads\/2020\/04\/schalke-kenny-2-20-2020.jpg\",\"datePublished\":\"2020-04-02T15:27:06+00:00\",\"dateModified\":\"2020-04-03T07:30:40+00:00\",\"breadcrumb\":{\"@id\":\"https:\/\/evertonfc.cz\/index.php\/2020\/04\/02\/kenny-by-mohol-ostat-v-schalke\/#breadcrumb\"},\"inLanguage\":\"cs\",\"potentialAction\":[{\"@type\":\"ReadAction\",\"target\":[\"https:\/\/evertonfc.cz\/index.php\/2020\/04\/02\/kenny-by-mohol-ostat-v-schalke\/\"]}]},{\"@type\":\"ImageObject\",\"inLanguage\":\"cs\",\"@id\":\"https:\/\/evertonfc.cz\/index.php\/2020\/04\/02\/kenny-by-mohol-ostat-v-schalke\/#primaryimage\",\"url\":\"https:\/\/evertonfc.cz\/wp-content\/uploads\/2020\/04\/schalke-kenny-2-20-2020.jpg\",\"contentUrl\":\"https:\/\/evertonfc.cz\/wp-content\/uploads\/2020\/04\/schalke-kenny-2-20-2020.jpg\",\"width\":720,\"height\":405},{\"@type\":\"BreadcrumbList\",\"@id\":\"https:\/\/evertonfc.cz\/index.php\/2020\/04\/02\/kenny-by-mohol-ostat-v-schalke\/#breadcrumb\",\"itemListElement\":[{\"@type\":\"ListItem\",\"position\":1,\"name\":\"Home\",\"item\":\"https:\/\/evertonfc.cz\/\"},{\"@type\":\"ListItem\",\"position\":2,\"name\":\"Kenny by mohol osta\u0165 v Schalke\"}]},{\"@type\":\"WebSite\",\"@id\":\"https:\/\/evertonfc.cz\/#website\",\"url\":\"https:\/\/evertonfc.cz\/\",\"name\":\"Official Czech &amp; Slovak Everton Supporters&#039; Club\",\"description\":\"\",\"publisher\":{\"@id\":\"https:\/\/evertonfc.cz\/#organization\"},\"potentialAction\":[{\"@type\":\"SearchAction\",\"target\":{\"@type\":\"EntryPoint\",\"urlTemplate\":\"https:\/\/evertonfc.cz\/?s={search_term_string}\"},\"query-input\":{\"@type\":\"PropertyValueSpecification\",\"valueRequired\":true,\"valueName\":\"search_term_string\"}}],\"inLanguage\":\"cs\"},{\"@type\":\"Organization\",\"@id\":\"https:\/\/evertonfc.cz\/#organization\",\"name\":\"Official Czech & Slovak Everton Supporters' Club\",\"url\":\"https:\/\/evertonfc.cz\/\",\"logo\":{\"@type\":\"ImageObject\",\"inLanguage\":\"cs\",\"@id\":\"https:\/\/evertonfc.cz\/#\/schema\/logo\/image\/\",\"url\":\"https:\/\/evertonfc.cz\/wp-content\/uploads\/2019\/05\/logo.png\",\"contentUrl\":\"https:\/\/evertonfc.cz\/wp-content\/uploads\/2019\/05\/logo.png\",\"width\":112,\"height\":112,\"caption\":\"Official Czech & Slovak Everton Supporters' Club\"},\"image\":{\"@id\":\"https:\/\/evertonfc.cz\/#\/schema\/logo\/image\/\"},\"sameAs\":[\"https:\/\/www.facebook.com\/everton.fans.cz.sk\"]},{\"@type\":\"Person\",\"@id\":\"https:\/\/evertonfc.cz\/#\/schema\/person\/d4493b8cbea51532597fbc4685698916\",\"name\":\"BlueBlooded\",\"url\":\"https:\/\/evertonfc.cz\/index.php\/author\/admin\/\"}]}<\/script>\n<!-- \/ Yoast SEO plugin. -->","yoast_head_json":{"title":"Kenny by mohol osta\u0165 v Schalke - Official Czech &amp; Slovak Everton Supporters&#039; Club","robots":{"index":"index","follow":"follow","max-snippet":"max-snippet:-1","max-image-preview":"max-image-preview:large","max-video-preview":"max-video-preview:-1"},"canonical":"https:\/\/evertonfc.cz\/index.php\/2020\/04\/02\/kenny-by-mohol-ostat-v-schalke\/","og_locale":"cs_CZ","og_type":"article","og_title":"Kenny by mohol osta\u0165 v Schalke - Official Czech &amp; Slovak Everton Supporters&#039; Club","og_description":"Dvadsa\u0165triro\u010dn\u00fd prav\u00fd obranca Jonjoe Kenny m\u00e1 v Nemecku ve\u013ea fan\u00fa\u0161ikov, \u0161portov\u00e9ho riadite\u013ea klubu nevyn\u00edmaj\u00fac. Jeho najnov\u0161ie vyjadrenia o tom sved\u010dia.","og_url":"https:\/\/evertonfc.cz\/index.php\/2020\/04\/02\/kenny-by-mohol-ostat-v-schalke\/","og_site_name":"Official Czech &amp; Slovak Everton Supporters&#039; Club","article_publisher":"https:\/\/www.facebook.com\/everton.fans.cz.sk","article_published_time":"2020-04-02T15:27:06+00:00","article_modified_time":"2020-04-03T07:30:40+00:00","og_image":[{"width":720,"height":405,"url":"https:\/\/evertonfc.cz\/wp-content\/uploads\/2020\/04\/schalke-kenny-2-20-2020.jpg","type":"image\/jpeg"}],"author":"BlueBlooded","twitter_card":"summary_large_image","twitter_misc":{"Napsal(a)":"BlueBlooded","Odhadovan\u00e1 doba \u010dten\u00ed":"2 minuty"},"schema":{"@context":"https:\/\/schema.org","@graph":[{"@type":"Article","@id":"https:\/\/evertonfc.cz\/index.php\/2020\/04\/02\/kenny-by-mohol-ostat-v-schalke\/#article","isPartOf":{"@id":"https:\/\/evertonfc.cz\/index.php\/2020\/04\/02\/kenny-by-mohol-ostat-v-schalke\/"},"author":{"name":"BlueBlooded","@id":"https:\/\/evertonfc.cz\/#\/schema\/person\/d4493b8cbea51532597fbc4685698916"},"headline":"Kenny by mohol osta\u0165 v Schalke","datePublished":"2020-04-02T15:27:06+00:00","dateModified":"2020-04-03T07:30:40+00:00","mainEntityOfPage":{"@id":"https:\/\/evertonfc.cz\/index.php\/2020\/04\/02\/kenny-by-mohol-ostat-v-schalke\/"},"wordCount":385,"commentCount":4,"publisher":{"@id":"https:\/\/evertonfc.cz\/#organization"},"image":{"@id":"https:\/\/evertonfc.cz\/index.php\/2020\/04\/02\/kenny-by-mohol-ostat-v-schalke\/#primaryimage"},"thumbnailUrl":"https:\/\/evertonfc.cz\/wp-content\/uploads\/2020\/04\/schalke-kenny-2-20-2020.jpg","articleSection":["Aktuality"],"inLanguage":"cs","potentialAction":[{"@type":"CommentAction","name":"Comment","target":["https:\/\/evertonfc.cz\/index.php\/2020\/04\/02\/kenny-by-mohol-ostat-v-schalke\/#respond"]}]},{"@type":"WebPage","@id":"https:\/\/evertonfc.cz\/index.php\/2020\/04\/02\/kenny-by-mohol-ostat-v-schalke\/","url":"https:\/\/evertonfc.cz\/index.php\/2020\/04\/02\/kenny-by-mohol-ostat-v-schalke\/","name":"Kenny by mohol osta\u0165 v Schalke - Official Czech &amp; Slovak Everton Supporters&#039; Club","isPartOf":{"@id":"https:\/\/evertonfc.cz\/#website"},"primaryImageOfPage":{"@id":"https:\/\/evertonfc.cz\/index.php\/2020\/04\/02\/kenny-by-mohol-ostat-v-schalke\/#primaryimage"},"image":{"@id":"https:\/\/evertonfc.cz\/index.php\/2020\/04\/02\/kenny-by-mohol-ostat-v-schalke\/#primaryimage"},"thumbnailUrl":"https:\/\/evertonfc.cz\/wp-content\/uploads\/2020\/04\/schalke-kenny-2-20-2020.jpg","datePublished":"2020-04-02T15:27:06+00:00","dateModified":"2020-04-03T07:30:40+00:00","breadcrumb":{"@id":"https:\/\/evertonfc.cz\/index.php\/2020\/04\/02\/kenny-by-mohol-ostat-v-schalke\/#breadcrumb"},"inLanguage":"cs","potentialAction":[{"@type":"ReadAction","target":["https:\/\/evertonfc.cz\/index.php\/2020\/04\/02\/kenny-by-mohol-ostat-v-schalke\/"]}]},{"@type":"ImageObject","inLanguage":"cs","@id":"https:\/\/evertonfc.cz\/index.php\/2020\/04\/02\/kenny-by-mohol-ostat-v-schalke\/#primaryimage","url":"https:\/\/evertonfc.cz\/wp-content\/uploads\/2020\/04\/schalke-kenny-2-20-2020.jpg","contentUrl":"https:\/\/evertonfc.cz\/wp-content\/uploads\/2020\/04\/schalke-kenny-2-20-2020.jpg","width":720,"height":405},{"@type":"BreadcrumbList","@id":"https:\/\/evertonfc.cz\/index.php\/2020\/04\/02\/kenny-by-mohol-ostat-v-schalke\/#breadcrumb","itemListElement":[{"@type":"ListItem","position":1,"name":"Home","item":"https:\/\/evertonfc.cz\/"},{"@type":"ListItem","position":2,"name":"Kenny by mohol osta\u0165 v Schalke"}]},{"@type":"WebSite","@id":"https:\/\/evertonfc.cz\/#website","url":"https:\/\/evertonfc.cz\/","name":"Official Czech &amp; Slovak Everton Supporters&#039; Club","description":"","publisher":{"@id":"https:\/\/evertonfc.cz\/#organization"},"potentialAction":[{"@type":"SearchAction","target":{"@type":"EntryPoint","urlTemplate":"https:\/\/evertonfc.cz\/?s={search_term_string}"},"query-input":{"@type":"PropertyValueSpecification","valueRequired":true,"valueName":"search_term_string"}}],"inLanguage":"cs"},{"@type":"Organization","@id":"https:\/\/evertonfc.cz\/#organization","name":"Official Czech & Slovak Everton Supporters' Club","url":"https:\/\/evertonfc.cz\/","logo":{"@type":"ImageObject","inLanguage":"cs","@id":"https:\/\/evertonfc.cz\/#\/schema\/logo\/image\/","url":"https:\/\/evertonfc.cz\/wp-content\/uploads\/2019\/05\/logo.png","contentUrl":"https:\/\/evertonfc.cz\/wp-content\/uploads\/2019\/05\/logo.png","width":112,"height":112,"caption":"Official Czech & Slovak Everton Supporters' Club"},"image":{"@id":"https:\/\/evertonfc.cz\/#\/schema\/logo\/image\/"},"sameAs":["https:\/\/www.facebook.com\/everton.fans.cz.sk"]},{"@type":"Person","@id":"https:\/\/evertonfc.cz\/#\/schema\/person\/d4493b8cbea51532597fbc4685698916","name":"BlueBlooded","url":"https:\/\/evertonfc.cz\/index.php\/author\/admin\/"}]}},"_links":{"self":[{"href":"https:\/\/evertonfc.cz\/index.php\/wp-json\/wp\/v2\/posts\/10701"}],"collection":[{"href":"https:\/\/evertonfc.cz\/index.php\/wp-json\/wp\/v2\/posts"}],"about":[{"href":"https:\/\/evertonfc.cz\/index.php\/wp-json\/wp\/v2\/types\/post"}],"author":[{"embeddable":true,"href":"https:\/\/evertonfc.cz\/index.php\/wp-json\/wp\/v2\/users\/1"}],"replies":[{"embeddable":true,"href":"https:\/\/evertonfc.cz\/index.php\/wp-json\/wp\/v2\/comments?post=10701"}],"version-history":[{"count":5,"href":"https:\/\/evertonfc.cz\/index.php\/wp-json\/wp\/v2\/posts\/10701\/revisions"}],"predecessor-version":[{"id":10709,"href":"https:\/\/evertonfc.cz\/index.php\/wp-json\/wp\/v2\/posts\/10701\/revisions\/10709"}],"wp:featuredmedia":[{"embeddable":true,"href":"https:\/\/evertonfc.cz\/index.php\/wp-json\/wp\/v2\/media\/10702"}],"wp:attachment":[{"href":"https:\/\/evertonfc.cz\/index.php\/wp-json\/wp\/v2\/media?parent=10701"}],"wp:term":[{"taxonomy":"category","embeddable":true,"href":"https:\/\/evertonfc.cz\/index.php\/wp-json\/wp\/v2\/categories?post=10701"},{"taxonomy":"post_tag","embeddable":true,"href":"https:\/\/evertonfc.cz\/index.php\/wp-json\/wp\/v2\/tags?post=10701"}],"curies":[{"name":"wp","href":"https:\/\/api.w.org\/{rel}","templated":true}]}}