{"id":10712,"date":"2020-04-13T16:26:33","date_gmt":"2020-04-13T14:26:33","guid":{"rendered":"https:\/\/evertonfc.cz\/?p=10712"},"modified":"2020-04-21T09:37:43","modified_gmt":"2020-04-21T07:37:43","slug":"legenda-kevin-ratcliffe","status":"publish","type":"post","link":"https:\/\/evertonfc.cz\/index.php\/2020\/04\/13\/legenda-kevin-ratcliffe\/","title":{"rendered":"Legenda: Kevin Ratcliffe"},"content":{"rendered":"<h4>Je norm\u00e1ln\u00ed, \u017ee se lid\u00e9 v \u010dasech t\u011b\u017ek\u00fdch vrac\u00ed do minulosti a vzpom\u00ednaj\u00ed na \u010dasy dobr\u00e9. Tak\u017ee je jasn\u00e9, \u017ee v\u00e1m te\u010f redakce p\u0159in\u00e1\u0161\u00ed profil nejdekorovan\u011bj\u0161\u00edho kapit\u00e1na v historii klubu.<\/h4>\n<p>Ratcliffe se narodil v Mancotu, co\u017e je m\u011bste\u010dko (3500 obyvatel) ve Walesu na hranic\u00edch s Angli\u00ed, kter\u00e9 je asi 30 kilometr\u016f ji\u017en\u011b od Liverpoolu. Tak\u00e9 se zde narodil Gary Speed, dal\u0161\u00ed Evertonian. Kevin fandil Karamelk\u00e1m od d\u011btstv\u00ed a kdy\u017e opustil st\u0159edn\u00ed, tak podepsal jako u\u010de\u0148 smlouvu v \u010dervnu 1977.<\/p>\n<p>To ji\u017e reprezentoval na mezin\u00e1rodn\u00ed \u00farovni \u0161kol\u00e1ky Walesu a plynule p\u0159e\u0161el do t\u00fdmu t\u00e9\u017ee zem\u011b do 18 let. V\u00fdznamn\u00fdm dnem v kari\u00e9\u0159e ka\u017ed\u00e9ho fotbalisty je pochopiteln\u011b debut za \u00e1\u010dko, ten jeho p\u0159i\u0161el 12. b\u0159ezna 1980, kdy na Old Trafford zvl\u00e1dl z pozice stopera uhl\u00eddat Joa Jordana a p\u0159isp\u011bl sv\u00fdm v\u00fdkonem k bezg\u00f3lov\u00e9 rem\u00edze.<\/p>\n<p>Cenn\u00fd bod, kdy\u017e vememe v \u00favahu, \u017ee devaten\u00e1ct\u00fd (\u010dtvrt\u00fd t\u00fdm od konce) hr\u00e1l na h\u0159i\u0161ti druh\u00e9ho. Jeho dal\u0161\u00edm startem se stalo opakovan\u00e9 semifin\u00e1le Anglick\u00e9ho poh\u00e1ru proti tehdy druholigov\u00e9mu West Hamu na Elland Road. V\u00edt\u011bznou branku na 2:1 vst\u0159elil ve 119. minut\u011b Frank Lampard, otec sou\u010dasn\u00e9ho mana\u017eera Chelsea.<\/p>\n<p>O mnoho let pozd\u011bji se Ratcliffe vyj\u00e1d\u0159il pro str\u00e1nku Blue Kipper takto. <em>\u201ePeter Eastoe a Bob Latchford bre\u010deli. \u0158\u00edkali mi : ,Jsi mlad\u00fd, m\u00e1\u0161 spoustu \u010dasu, aby ses dostal do dal\u0161\u00edho fin\u00e1le, my ne.\u2018\u00a0\u00a0M\u011bli pravdu.<\/em>\u201c (Hammers n\u00e1sledn\u011b ve fin\u00e1le porazili Arsenal a z\u00edskali tedy trofej.)<\/p>\n<p>V z\u00e1\u0159\u00ed 1981 p\u0159et\u00e1hl poprv\u00e9 p\u0159es hlavu n\u00e1rodn\u00ed dres. Bylo to na stadionu Ev\u017eena Ro\u0161ick\u00e9ho a soupe\u0159e nemus\u00edm dod\u00e1vat. Tenhle z\u00e1pas dom\u00e1c\u00ed zvl\u00e1dli, vyhr\u00e1li 2:0, Ratcliffe se do d\u011bjin utk\u00e1n\u00ed zapsal \u017elutou kartu po faulu na Nehodu. Jinak ale odvedl solidn\u00ed v\u00fdkon. Oba t\u00fdmy se o postupov\u00e9 m\u00edsto ve skupin\u011b (a tedy \u00fa\u010dast na MS ve \u0160pan\u011blsku) p\u0159etahovali celou dobu &#8211; nakonec postoupilo \u010ceskoslovensko.<\/p>\n<p>To ji\u017e byl mana\u017eerem Evertonu <a href=\"https:\/\/evertonfc.cz\/index.php\/2013\/03\/26\/howard-kendall\/\" target=\"_blank\" rel=\"noopener noreferrer\">Howard Kendall<\/a>. Ten se rozhodl, \u017ee ve st\u0159edu obrany bude preferovat dvojici Wright-Higgins. Ratcliffa stav\u011bl na pozici lev\u00e9ho obr\u00e1nce, kterou hr\u00e1l i na Strahov\u011b. Vel\u0161sk\u00e9 koz\u00e1\u010de vysloven\u011b trp\u011blo, mluvilo se o z\u00e1jmu Ipswiche, Stoke City a Blackburnu.<\/p>\n<p>Kendall ale odm\u00edtl Ratcliffa prodat a v prosinci 1982 se do\u010dkal &#8211; za\u010dal hr\u00e1t pravideln\u011b na stoperu, kde nahradil Wrighta. Celkov\u011b se zlep\u0161ila forma t\u00fdmu, z patn\u00e1ct\u00e9ho m\u00edsta se Everton vy\u0161plhal a\u017e na kone\u010dn\u00e9 sedm\u00e9 a v Anglick\u00e9m poh\u00e1ru vypadl a\u017e ve \u010dtvrtfin\u00e1le.<\/p>\n<p>Sp\u00e1rov\u00e1n\u00ed s Higginsem na stoperu vydr\u017eelo rok, pak dostal Ratcliffe nov\u00e9ho partnera &#8211; vedle n\u011bj se za\u010dal stav\u011bt Mountfield. Je\u0161t\u011b p\u0159ed skon\u010den\u00edm sezony 1983-1984 za\u010dal Vel\u0161an navl\u00e9kat kapit\u00e1nskou p\u00e1sku v klubu i v reprezentaci. I tentokr\u00e1t skon\u010dil Everton na sedm\u00e9 pozici a zajistil si \u00fa\u010dast v PVP pro p\u0159\u00ed\u0161t\u00ed sez\u00f3nu.<\/p>\n<p>Ve fin\u00e1le Anglick\u00e9ho poh\u00e1ru po brank\u00e1ch Graye a Sharpa rozesmutnil Watford, kter\u00e9mu tehdy p\u0159edsedal zn\u00e1m\u00fd zp\u011bv\u00e1k Elton John. Sez\u00f3na 1984-1985 je nej\u00fasp\u011b\u0161n\u011bj\u0161\u00ed v historii klubu, tak aspo\u0148 jednu v\u011btu &#8211; v\u00fdhra v lize, v\u00fdhra v PVP, prohra ve fin\u00e1le Anglick\u00e9ho poh\u00e1ru. Ratcliffe tak b\u011bhem dvou sez\u00f3n pozvedl jako kapit\u00e1n nad svou hlavu t\u0159i trofeje &#8211; slu\u0161n\u00e1 bilance. A to nebylo v\u0161e.<\/p>\n<p>Zdrav\u00ed slou\u017eilo, tak\u017ee v sez\u00f3n\u011b 1986-1987 p\u0159ibyl dal\u0161\u00ed titul a \u010dasem dal\u0161\u00ed dv\u011b prohran\u00e1 fin\u00e1le Anglick\u00e9ho poh\u00e1ru. Obhajoba se ale nepovedla. Ratcliffe za\u010dal m\u00edt na za\u010d\u00e1tku roku 1988 zdravotn\u00ed probl\u00e9my &#8211; t\u0159\u00edsla a k\u00fdla. Vr\u00e1til se a\u017e v \u0159\u00edjnu t\u00e9ho\u017e roku &#8211; a v\u00fdrazn\u011b hor\u0161\u00ed. N\u011bkdy ho na stoperu vyst\u0159\u00eddal Keown a Ratcliffe musel hr\u00e1t lev\u00e9ho obr\u00e1nce. Aspo\u0148 si ale zahr\u00e1l vlastn\u00ed rozlu\u010dkov\u00fd z\u00e1pas &#8211; 4. dubna 1989 bylo v Goodison Parku soupe\u0159em Athletic Bilbao. Pro\u010d asi.. ?<\/p>\n<p>To ji\u017e byl mana\u017eerem Colin Harvey a za\u010dal postupn\u00fd sestup. \u010ctvrt\u00e9, \u0161est\u00e9 a osm\u00e9 m\u00edsto nen\u00ed \u0161patn\u00e9, ale taky to nen\u00ed hran\u00ed o titul. A tak se v listopadu 1990 vr\u00e1til Howard Kendall. Vel\u0161an sice i nad\u00e1le hr\u00e1l v z\u00e1kladu, ale obrann\u00e9 experimenty mana\u017eera znamenaly, \u017ee cestoval po cel\u00e9 obran\u011b, dokonce i libera si zahr\u00e1l. Posledn\u00ed utk\u00e1n\u00ed za klub odehr\u00e1l v prosinci 1991 v Ligov\u00e9m poh\u00e1ru proti Leedsu.<\/p>\n<p>O m\u011bs\u00edc pozd\u011bji byl koupen Abblett, kapit\u00e1nem byl jmenov\u00e1n Watson a Ratcliffe byl um\u00edst\u011bn na transfer listinu. Po p\u016flro\u010dn\u00edm hostov\u00e1n\u00ed v Dundee, b\u011bhem kter\u00e9ho odehr\u00e1l jen \u010dty\u0159i z\u00e1pasy, ode\u0161el zadarmo do Cardiffu City. Druh\u00e1 polovina sez\u00f3ny zastihla t\u00fdm z Walesu ve form\u011b &#8211; bilance po p\u0159\u00edchodu Radcliffa byla 17-2-2, a tak se konal postup ze t\u0159et\u00ed ligy do druh\u00e9, dokonce z prvn\u00edho m\u00edsta.<\/p>\n<p>V polovin\u011b sez\u00f3ny 1993-1994 se st\u011bhoval znovu, tentokr\u00e1t do Derby County. Tam jen dohr\u00e1l sez\u00f3nu a vydal se na svou definitivn\u011b posledn\u00ed hr\u00e1\u010dskou \u0161taci, tentokr\u00e1t do Chesteru City. Po absolvov\u00e1n\u00ed jedn\u00e9 sez\u00f3ny pov\u011bsil kopa\u010dky na h\u0159eb\u00edk a nahradil Mika Peji\u010de (hr\u00e1\u010d Evertonu ve druh\u00e9 polovin\u011b 70. let) na pozici mana\u017eera klubu, p\u0159i\u010dem\u017e u\u017e jako hr\u00e1\u010d p\u016fsobil na pozici hraj\u00edc\u00edho asistenta. Radcliffovi se poda\u0159ilo klub stabilizovat ve vod\u00e1ch klidn\u00e9ho st\u0159edu, p\u0159i\u010dem\u017e v sez\u00f3n\u011b 1996-1997 dovedl t\u00fdm dokonce do play-off.<\/p>\n<p>Ale nepostoupilo se a po sporech s p\u0159edsedou klubu polo\u017eil v srpnu 1999 funkci. V listopadu t\u00e9ho\u017e roku k\u00fdvnul na m\u00edsto mana\u017eera v klubu Shrewsbury Town. Hned pomohl zachr\u00e1nit klub v lize v\u00fdhrou na h\u0159i\u0161ti Exeteru v posledn\u00edm (a na \u00fakor Chesteru City), p\u0159iem\u017e se mu postupn\u011b da\u0159ilo t\u00fdm zlep\u0161ovat. Nesporn\u00fdm vrcholem jeho p\u016fsoben\u00ed bylo v\u00edt\u011bzstv\u00ed nad Evertonem ve t\u0159et\u00edm kole Anglick\u00e9ho poh\u00e1ru v sez\u00f3n\u011b 2002-2003.<\/p>\n<p>Tehdej\u0161\u00ed mana\u017eer Toffees? Jak\u00fdsi David Moyes, b\u00fdval\u00fd stoper Shrewsbury Town. Tento v\u00fdsledek pat\u0159\u00ed dodnes k t\u011bm nejv\u011bt\u0161\u00edm ostud\u00e1m v historii klubu z Goodison Parku. Jen\u017ee na konci sez\u00f3ny se klub neudr\u017eel, tak\u017ee Ratcliffe n\u011bkolik dn\u00ed pot\u00e9 rezignoval na funkci. A v\u00e9st klub z pozice mana\u017eera se u\u017e od t\u00e9 doby, tedy od 2003, nepokusil.<\/p>\n<p style=\"text-align: left;\">Jak\u00fd byl Kevin Ratcliffe jako hr\u00e1\u010d? P\u0159edev\u0161\u00edm jeden z nejrychlej\u0161\u00edch obr\u00e1nc\u016f sv\u00e9 doby. M\u00e1lokter\u00fd \u00fato\u010dn\u00edk mu utekl. T\u00e9\u017e se neb\u00e1l p\u0159itvrdit. Dob\u0159e \u010detl hru, solidn\u00ed hlavi\u010dk\u00e1\u0159. A kdy\u017e bylo t\u0159eba, tak se pou\u017eila i n\u011bjak\u00e1 ta provoka\u010dka. Ale \u00fato\u010dn\u00fd p\u0159\u00edsp\u011bvek byl minim\u00e1ln\u00ed &#8211; za 12 rok\u016f v \u00e1\u010dku Evertonu sk\u00f3roval jen dvakr\u00e1t. Ale v\u00edt\u011bzn\u00fd g\u00f3l na Anfield Road nen\u00ed k zahozen\u00ed&#8230;<\/p>\n<p style=\"text-align: center;\"><iframe loading=\"lazy\" src=\"https:\/\/www.youtube.com\/embed\/QWUQzgJL8TQ\" width=\"640\" height=\"480\" frameborder=\"0\" allowfullscreen=\"allowfullscreen\"><\/iframe><\/p>\n<p style=\"text-align: left;\">Kevin Ratcliffe pracuje v sou\u010dasnosti jako fotbalov\u00fd expert pro BBC Wales.<\/p>\n<p><strong>Statistiky podle EvertonResults.com:<\/strong><\/p>\n<table style=\"height: 125px; width: 100%;\" border=\"1\" width=\"100%\">\n<tbody>\n<tr style=\"height: 41px;\">\n<td style=\"height: 125px;\" rowspan=\"3\" width=\"64\"><strong>Everton:<\/strong> <em>sez\u00f3ny 1980 &#8211; 1992<\/em><\/td>\n<td style=\"height: 41px;\" colspan=\"2\" width=\"128\"><strong>Liga<\/strong><\/td>\n<td style=\"height: 41px;\" colspan=\"2\" width=\"128\"><strong>FA Cup<\/strong><\/td>\n<td style=\"height: 41px;\" colspan=\"2\" width=\"128\"><strong>Ligov\u00fd poh\u00e1r<\/strong><\/td>\n<td style=\"height: 41px;\" colspan=\"2\" width=\"128\"><strong>Evropsk\u00e9 poh\u00e1ry<\/strong><\/td>\n<td style=\"height: 41px;\" colspan=\"2\" width=\"128\"><strong>Ostatn\u00ed<\/strong><\/td>\n<td style=\"height: 41px; text-align: center;\" colspan=\"2\" width=\"128\"><strong>Celkem<\/strong><\/td>\n<\/tr>\n<tr style=\"height: 42px;\">\n<td style=\"height: 42px; text-align: center;\"><em>z\u00e1pasy<\/em><\/td>\n<td style=\"height: 42px; text-align: center;\"><em>g\u00f3ly<\/em><\/td>\n<td style=\"height: 42px; text-align: center;\"><em>z\u00e1pasy<\/em><\/td>\n<td style=\"height: 42px; text-align: center;\"><em>g\u00f3ly<\/em><\/td>\n<td style=\"height: 42px; text-align: center;\"><em>z\u00e1pasy<\/em><\/td>\n<td style=\"height: 42px; text-align: center;\"><em>g\u00f3ly<\/em><\/td>\n<td style=\"height: 42px; text-align: center;\"><em>z\u00e1pasy<\/em><\/td>\n<td style=\"height: 42px; text-align: center;\"><em>g\u00f3ly<\/em><\/td>\n<td style=\"height: 42px; text-align: center;\"><em>z\u00e1pasy<\/em><\/td>\n<td style=\"height: 42px; text-align: center;\"><em>g\u00f3ly<\/em><\/td>\n<td style=\"height: 42px; text-align: center;\"><em>z\u00e1pasy<\/em><\/td>\n<td style=\"height: 42px; text-align: center;\"><em>g\u00f3ly<\/em><\/td>\n<\/tr>\n<tr style=\"height: 42px;\">\n<td style=\"height: 42px; text-align: center;\">359<\/td>\n<td style=\"height: 42px; text-align: center;\">2<\/td>\n<td style=\"height: 42px; text-align: center;\">57<\/td>\n<td style=\"height: 42px; text-align: center;\">0<\/td>\n<td style=\"height: 42px; text-align: center;\">46<\/td>\n<td style=\"height: 42px; text-align: center;\">0<\/td>\n<td style=\"height: 42px; text-align: center;\">9<\/td>\n<td style=\"height: 42px; text-align: center;\">0<\/td>\n<td style=\"height: 42px; text-align: center;\">22<\/td>\n<td style=\"height: 42px; text-align: center;\">0<\/td>\n<td style=\"height: 42px; text-align: center;\">493<\/td>\n<td style=\"height: 42px; text-align: center;\">2<\/td>\n<\/tr>\n<\/tbody>\n<\/table>\n","protected":false},"excerpt":{"rendered":"<p>Je norm\u00e1ln\u00ed, \u017ee se lid\u00e9 v \u010dasech t\u011b\u017ek\u00fdch vrac\u00ed do minulosti a vzpom\u00edn\u00e1 na \u010dasy dobr\u00e9. Tak\u017ee je jasn\u00e9, \u017ee v\u00e1m te\u010f redakce p\u0159in\u00e1\u0161\u00ed profil nejdekorovan\u011bj\u0161\u00edho kapit\u00e1na v historii klubu.<\/p>\n","protected":false},"author":12,"featured_media":10717,"comment_status":"open","ping_status":"closed","sticky":false,"template":"","format":"standard","meta":{"_eb_attr":"","_monsterinsights_skip_tracking":false,"_monsterinsights_sitenote_active":false,"_monsterinsights_sitenote_note":"","_monsterinsights_sitenote_category":0,"footnotes":""},"categories":[11],"tags":[],"yoast_head":"<!-- This site is optimized with the Yoast SEO plugin v23.4 - https:\/\/yoast.com\/wordpress\/plugins\/seo\/ -->\n<title>Legenda: Kevin Ratcliffe - Official Czech &amp; Slovak Everton Supporters&#039; Club<\/title>\n<meta name=\"robots\" content=\"index, follow, max-snippet:-1, max-image-preview:large, max-video-preview:-1\" \/>\n<link rel=\"canonical\" href=\"https:\/\/evertonfc.cz\/index.php\/2020\/04\/13\/legenda-kevin-ratcliffe\/\" \/>\n<meta property=\"og:locale\" content=\"cs_CZ\" \/>\n<meta property=\"og:type\" content=\"article\" \/>\n<meta property=\"og:title\" content=\"Legenda: Kevin Ratcliffe - Official Czech &amp; Slovak Everton Supporters&#039; Club\" \/>\n<meta property=\"og:description\" content=\"Je norm\u00e1ln\u00ed, \u017ee se lid\u00e9 v \u010dasech t\u011b\u017ek\u00fdch vrac\u00ed do minulosti a vzpom\u00edn\u00e1 na \u010dasy dobr\u00e9. Tak\u017ee je jasn\u00e9, \u017ee v\u00e1m te\u010f redakce p\u0159in\u00e1\u0161\u00ed profil nejdekorovan\u011bj\u0161\u00edho kapit\u00e1na v historii klubu.\" \/>\n<meta property=\"og:url\" content=\"https:\/\/evertonfc.cz\/index.php\/2020\/04\/13\/legenda-kevin-ratcliffe\/\" \/>\n<meta property=\"og:site_name\" content=\"Official Czech &amp; Slovak Everton Supporters&#039; Club\" \/>\n<meta property=\"article:publisher\" content=\"https:\/\/www.facebook.com\/everton.fans.cz.sk\" \/>\n<meta property=\"article:published_time\" content=\"2020-04-13T14:26:33+00:00\" \/>\n<meta property=\"article:modified_time\" content=\"2020-04-21T07:37:43+00:00\" \/>\n<meta property=\"og:image\" content=\"https:\/\/evertonfc.cz\/wp-content\/uploads\/2020\/04\/Kevin-Ratcliffe-5-4-2020.png\" \/>\n\t<meta property=\"og:image:width\" content=\"720\" \/>\n\t<meta property=\"og:image:height\" content=\"405\" \/>\n\t<meta property=\"og:image:type\" content=\"image\/png\" \/>\n<meta name=\"author\" content=\"Javor\" \/>\n<meta name=\"twitter:card\" content=\"summary_large_image\" \/>\n<meta name=\"twitter:creator\" content=\"@LoudinJan\" \/>\n<meta name=\"twitter:label1\" content=\"Napsal(a)\" \/>\n\t<meta name=\"twitter:data1\" content=\"Javor\" \/>\n\t<meta name=\"twitter:label2\" content=\"Odhadovan\u00e1 doba \u010dten\u00ed\" \/>\n\t<meta name=\"twitter:data2\" content=\"6 minut\" \/>\n<script type=\"application\/ld+json\" class=\"yoast-schema-graph\">{\"@context\":\"https:\/\/schema.org\",\"@graph\":[{\"@type\":\"Article\",\"@id\":\"https:\/\/evertonfc.cz\/index.php\/2020\/04\/13\/legenda-kevin-ratcliffe\/#article\",\"isPartOf\":{\"@id\":\"https:\/\/evertonfc.cz\/index.php\/2020\/04\/13\/legenda-kevin-ratcliffe\/\"},\"author\":{\"name\":\"Javor\",\"@id\":\"https:\/\/evertonfc.cz\/#\/schema\/person\/b30daf6a5852f4811f8207a17ec1bf78\"},\"headline\":\"Legenda: Kevin Ratcliffe\",\"datePublished\":\"2020-04-13T14:26:33+00:00\",\"dateModified\":\"2020-04-21T07:37:43+00:00\",\"mainEntityOfPage\":{\"@id\":\"https:\/\/evertonfc.cz\/index.php\/2020\/04\/13\/legenda-kevin-ratcliffe\/\"},\"wordCount\":1301,\"commentCount\":0,\"publisher\":{\"@id\":\"https:\/\/evertonfc.cz\/#organization\"},\"image\":{\"@id\":\"https:\/\/evertonfc.cz\/index.php\/2020\/04\/13\/legenda-kevin-ratcliffe\/#primaryimage\"},\"thumbnailUrl\":\"https:\/\/evertonfc.cz\/wp-content\/uploads\/2020\/04\/Kevin-Ratcliffe-5-4-2020.png\",\"articleSection\":[\"Legendy\"],\"inLanguage\":\"cs\",\"potentialAction\":[{\"@type\":\"CommentAction\",\"name\":\"Comment\",\"target\":[\"https:\/\/evertonfc.cz\/index.php\/2020\/04\/13\/legenda-kevin-ratcliffe\/#respond\"]}]},{\"@type\":\"WebPage\",\"@id\":\"https:\/\/evertonfc.cz\/index.php\/2020\/04\/13\/legenda-kevin-ratcliffe\/\",\"url\":\"https:\/\/evertonfc.cz\/index.php\/2020\/04\/13\/legenda-kevin-ratcliffe\/\",\"name\":\"Legenda: Kevin Ratcliffe - Official Czech &amp; Slovak Everton Supporters&#039; Club\",\"isPartOf\":{\"@id\":\"https:\/\/evertonfc.cz\/#website\"},\"primaryImageOfPage\":{\"@id\":\"https:\/\/evertonfc.cz\/index.php\/2020\/04\/13\/legenda-kevin-ratcliffe\/#primaryimage\"},\"image\":{\"@id\":\"https:\/\/evertonfc.cz\/index.php\/2020\/04\/13\/legenda-kevin-ratcliffe\/#primaryimage\"},\"thumbnailUrl\":\"https:\/\/evertonfc.cz\/wp-content\/uploads\/2020\/04\/Kevin-Ratcliffe-5-4-2020.png\",\"datePublished\":\"2020-04-13T14:26:33+00:00\",\"dateModified\":\"2020-04-21T07:37:43+00:00\",\"breadcrumb\":{\"@id\":\"https:\/\/evertonfc.cz\/index.php\/2020\/04\/13\/legenda-kevin-ratcliffe\/#breadcrumb\"},\"inLanguage\":\"cs\",\"potentialAction\":[{\"@type\":\"ReadAction\",\"target\":[\"https:\/\/evertonfc.cz\/index.php\/2020\/04\/13\/legenda-kevin-ratcliffe\/\"]}]},{\"@type\":\"ImageObject\",\"inLanguage\":\"cs\",\"@id\":\"https:\/\/evertonfc.cz\/index.php\/2020\/04\/13\/legenda-kevin-ratcliffe\/#primaryimage\",\"url\":\"https:\/\/evertonfc.cz\/wp-content\/uploads\/2020\/04\/Kevin-Ratcliffe-5-4-2020.png\",\"contentUrl\":\"https:\/\/evertonfc.cz\/wp-content\/uploads\/2020\/04\/Kevin-Ratcliffe-5-4-2020.png\",\"width\":720,\"height\":405},{\"@type\":\"BreadcrumbList\",\"@id\":\"https:\/\/evertonfc.cz\/index.php\/2020\/04\/13\/legenda-kevin-ratcliffe\/#breadcrumb\",\"itemListElement\":[{\"@type\":\"ListItem\",\"position\":1,\"name\":\"Home\",\"item\":\"https:\/\/evertonfc.cz\/\"},{\"@type\":\"ListItem\",\"position\":2,\"name\":\"Legenda: Kevin Ratcliffe\"}]},{\"@type\":\"WebSite\",\"@id\":\"https:\/\/evertonfc.cz\/#website\",\"url\":\"https:\/\/evertonfc.cz\/\",\"name\":\"Official Czech &amp; Slovak Everton Supporters&#039; Club\",\"description\":\"\",\"publisher\":{\"@id\":\"https:\/\/evertonfc.cz\/#organization\"},\"potentialAction\":[{\"@type\":\"SearchAction\",\"target\":{\"@type\":\"EntryPoint\",\"urlTemplate\":\"https:\/\/evertonfc.cz\/?s={search_term_string}\"},\"query-input\":{\"@type\":\"PropertyValueSpecification\",\"valueRequired\":true,\"valueName\":\"search_term_string\"}}],\"inLanguage\":\"cs\"},{\"@type\":\"Organization\",\"@id\":\"https:\/\/evertonfc.cz\/#organization\",\"name\":\"Official Czech & Slovak Everton Supporters' Club\",\"url\":\"https:\/\/evertonfc.cz\/\",\"logo\":{\"@type\":\"ImageObject\",\"inLanguage\":\"cs\",\"@id\":\"https:\/\/evertonfc.cz\/#\/schema\/logo\/image\/\",\"url\":\"https:\/\/evertonfc.cz\/wp-content\/uploads\/2019\/05\/logo.png\",\"contentUrl\":\"https:\/\/evertonfc.cz\/wp-content\/uploads\/2019\/05\/logo.png\",\"width\":112,\"height\":112,\"caption\":\"Official Czech & Slovak Everton Supporters' Club\"},\"image\":{\"@id\":\"https:\/\/evertonfc.cz\/#\/schema\/logo\/image\/\"},\"sameAs\":[\"https:\/\/www.facebook.com\/everton.fans.cz.sk\"]},{\"@type\":\"Person\",\"@id\":\"https:\/\/evertonfc.cz\/#\/schema\/person\/b30daf6a5852f4811f8207a17ec1bf78\",\"name\":\"Javor\",\"sameAs\":[\"https:\/\/x.com\/LoudinJan\"],\"url\":\"https:\/\/evertonfc.cz\/index.php\/author\/javor\/\"}]}<\/script>\n<!-- \/ Yoast SEO plugin. -->","yoast_head_json":{"title":"Legenda: Kevin Ratcliffe - Official Czech &amp; Slovak Everton Supporters&#039; Club","robots":{"index":"index","follow":"follow","max-snippet":"max-snippet:-1","max-image-preview":"max-image-preview:large","max-video-preview":"max-video-preview:-1"},"canonical":"https:\/\/evertonfc.cz\/index.php\/2020\/04\/13\/legenda-kevin-ratcliffe\/","og_locale":"cs_CZ","og_type":"article","og_title":"Legenda: Kevin Ratcliffe - Official Czech &amp; Slovak Everton Supporters&#039; Club","og_description":"Je norm\u00e1ln\u00ed, \u017ee se lid\u00e9 v \u010dasech t\u011b\u017ek\u00fdch vrac\u00ed do minulosti a vzpom\u00edn\u00e1 na \u010dasy dobr\u00e9. Tak\u017ee je jasn\u00e9, \u017ee v\u00e1m te\u010f redakce p\u0159in\u00e1\u0161\u00ed profil nejdekorovan\u011bj\u0161\u00edho kapit\u00e1na v historii klubu.","og_url":"https:\/\/evertonfc.cz\/index.php\/2020\/04\/13\/legenda-kevin-ratcliffe\/","og_site_name":"Official Czech &amp; Slovak Everton Supporters&#039; Club","article_publisher":"https:\/\/www.facebook.com\/everton.fans.cz.sk","article_published_time":"2020-04-13T14:26:33+00:00","article_modified_time":"2020-04-21T07:37:43+00:00","og_image":[{"width":720,"height":405,"url":"https:\/\/evertonfc.cz\/wp-content\/uploads\/2020\/04\/Kevin-Ratcliffe-5-4-2020.png","type":"image\/png"}],"author":"Javor","twitter_card":"summary_large_image","twitter_creator":"@LoudinJan","twitter_misc":{"Napsal(a)":"Javor","Odhadovan\u00e1 doba \u010dten\u00ed":"6 minut"},"schema":{"@context":"https:\/\/schema.org","@graph":[{"@type":"Article","@id":"https:\/\/evertonfc.cz\/index.php\/2020\/04\/13\/legenda-kevin-ratcliffe\/#article","isPartOf":{"@id":"https:\/\/evertonfc.cz\/index.php\/2020\/04\/13\/legenda-kevin-ratcliffe\/"},"author":{"name":"Javor","@id":"https:\/\/evertonfc.cz\/#\/schema\/person\/b30daf6a5852f4811f8207a17ec1bf78"},"headline":"Legenda: Kevin Ratcliffe","datePublished":"2020-04-13T14:26:33+00:00","dateModified":"2020-04-21T07:37:43+00:00","mainEntityOfPage":{"@id":"https:\/\/evertonfc.cz\/index.php\/2020\/04\/13\/legenda-kevin-ratcliffe\/"},"wordCount":1301,"commentCount":0,"publisher":{"@id":"https:\/\/evertonfc.cz\/#organization"},"image":{"@id":"https:\/\/evertonfc.cz\/index.php\/2020\/04\/13\/legenda-kevin-ratcliffe\/#primaryimage"},"thumbnailUrl":"https:\/\/evertonfc.cz\/wp-content\/uploads\/2020\/04\/Kevin-Ratcliffe-5-4-2020.png","articleSection":["Legendy"],"inLanguage":"cs","potentialAction":[{"@type":"CommentAction","name":"Comment","target":["https:\/\/evertonfc.cz\/index.php\/2020\/04\/13\/legenda-kevin-ratcliffe\/#respond"]}]},{"@type":"WebPage","@id":"https:\/\/evertonfc.cz\/index.php\/2020\/04\/13\/legenda-kevin-ratcliffe\/","url":"https:\/\/evertonfc.cz\/index.php\/2020\/04\/13\/legenda-kevin-ratcliffe\/","name":"Legenda: Kevin Ratcliffe - Official Czech &amp; Slovak Everton Supporters&#039; Club","isPartOf":{"@id":"https:\/\/evertonfc.cz\/#website"},"primaryImageOfPage":{"@id":"https:\/\/evertonfc.cz\/index.php\/2020\/04\/13\/legenda-kevin-ratcliffe\/#primaryimage"},"image":{"@id":"https:\/\/evertonfc.cz\/index.php\/2020\/04\/13\/legenda-kevin-ratcliffe\/#primaryimage"},"thumbnailUrl":"https:\/\/evertonfc.cz\/wp-content\/uploads\/2020\/04\/Kevin-Ratcliffe-5-4-2020.png","datePublished":"2020-04-13T14:26:33+00:00","dateModified":"2020-04-21T07:37:43+00:00","breadcrumb":{"@id":"https:\/\/evertonfc.cz\/index.php\/2020\/04\/13\/legenda-kevin-ratcliffe\/#breadcrumb"},"inLanguage":"cs","potentialAction":[{"@type":"ReadAction","target":["https:\/\/evertonfc.cz\/index.php\/2020\/04\/13\/legenda-kevin-ratcliffe\/"]}]},{"@type":"ImageObject","inLanguage":"cs","@id":"https:\/\/evertonfc.cz\/index.php\/2020\/04\/13\/legenda-kevin-ratcliffe\/#primaryimage","url":"https:\/\/evertonfc.cz\/wp-content\/uploads\/2020\/04\/Kevin-Ratcliffe-5-4-2020.png","contentUrl":"https:\/\/evertonfc.cz\/wp-content\/uploads\/2020\/04\/Kevin-Ratcliffe-5-4-2020.png","width":720,"height":405},{"@type":"BreadcrumbList","@id":"https:\/\/evertonfc.cz\/index.php\/2020\/04\/13\/legenda-kevin-ratcliffe\/#breadcrumb","itemListElement":[{"@type":"ListItem","position":1,"name":"Home","item":"https:\/\/evertonfc.cz\/"},{"@type":"ListItem","position":2,"name":"Legenda: Kevin Ratcliffe"}]},{"@type":"WebSite","@id":"https:\/\/evertonfc.cz\/#website","url":"https:\/\/evertonfc.cz\/","name":"Official Czech &amp; Slovak Everton Supporters&#039; Club","description":"","publisher":{"@id":"https:\/\/evertonfc.cz\/#organization"},"potentialAction":[{"@type":"SearchAction","target":{"@type":"EntryPoint","urlTemplate":"https:\/\/evertonfc.cz\/?s={search_term_string}"},"query-input":{"@type":"PropertyValueSpecification","valueRequired":true,"valueName":"search_term_string"}}],"inLanguage":"cs"},{"@type":"Organization","@id":"https:\/\/evertonfc.cz\/#organization","name":"Official Czech & Slovak Everton Supporters' Club","url":"https:\/\/evertonfc.cz\/","logo":{"@type":"ImageObject","inLanguage":"cs","@id":"https:\/\/evertonfc.cz\/#\/schema\/logo\/image\/","url":"https:\/\/evertonfc.cz\/wp-content\/uploads\/2019\/05\/logo.png","contentUrl":"https:\/\/evertonfc.cz\/wp-content\/uploads\/2019\/05\/logo.png","width":112,"height":112,"caption":"Official Czech & Slovak Everton Supporters' Club"},"image":{"@id":"https:\/\/evertonfc.cz\/#\/schema\/logo\/image\/"},"sameAs":["https:\/\/www.facebook.com\/everton.fans.cz.sk"]},{"@type":"Person","@id":"https:\/\/evertonfc.cz\/#\/schema\/person\/b30daf6a5852f4811f8207a17ec1bf78","name":"Javor","sameAs":["https:\/\/x.com\/LoudinJan"],"url":"https:\/\/evertonfc.cz\/index.php\/author\/javor\/"}]}},"_links":{"self":[{"href":"https:\/\/evertonfc.cz\/index.php\/wp-json\/wp\/v2\/posts\/10712"}],"collection":[{"href":"https:\/\/evertonfc.cz\/index.php\/wp-json\/wp\/v2\/posts"}],"about":[{"href":"https:\/\/evertonfc.cz\/index.php\/wp-json\/wp\/v2\/types\/post"}],"author":[{"embeddable":true,"href":"https:\/\/evertonfc.cz\/index.php\/wp-json\/wp\/v2\/users\/12"}],"replies":[{"embeddable":true,"href":"https:\/\/evertonfc.cz\/index.php\/wp-json\/wp\/v2\/comments?post=10712"}],"version-history":[{"count":12,"href":"https:\/\/evertonfc.cz\/index.php\/wp-json\/wp\/v2\/posts\/10712\/revisions"}],"predecessor-version":[{"id":10780,"href":"https:\/\/evertonfc.cz\/index.php\/wp-json\/wp\/v2\/posts\/10712\/revisions\/10780"}],"wp:featuredmedia":[{"embeddable":true,"href":"https:\/\/evertonfc.cz\/index.php\/wp-json\/wp\/v2\/media\/10717"}],"wp:attachment":[{"href":"https:\/\/evertonfc.cz\/index.php\/wp-json\/wp\/v2\/media?parent=10712"}],"wp:term":[{"taxonomy":"category","embeddable":true,"href":"https:\/\/evertonfc.cz\/index.php\/wp-json\/wp\/v2\/categories?post=10712"},{"taxonomy":"post_tag","embeddable":true,"href":"https:\/\/evertonfc.cz\/index.php\/wp-json\/wp\/v2\/tags?post=10712"}],"curies":[{"name":"wp","href":"https:\/\/api.w.org\/{rel}","templated":true}]}}