{"id":10723,"date":"2020-04-06T17:09:28","date_gmt":"2020-04-06T15:09:28","guid":{"rendered":"https:\/\/evertonfc.cz\/?p=10723"},"modified":"2020-04-09T16:55:06","modified_gmt":"2020-04-09T14:55:06","slug":"liga-pozastavena-na-neurcito","status":"publish","type":"post","link":"https:\/\/evertonfc.cz\/index.php\/2020\/04\/06\/liga-pozastavena-na-neurcito\/","title":{"rendered":"Liga pozastaven\u00e1 na neur\u010dito"},"content":{"rendered":"<h4>V piatok sa po stretnut\u00ed z\u00e1stupcov Premier League, EFL a mana\u017e\u00e9rskej a\u00a0hr\u00e1\u010dskej asoci\u00e1cie prijalo rozhodnutie, \u017ee s\u00fa\u0165a\u017ee neza\u010dn\u00fa sk\u00f4r, ako to bude bezpe\u010dn\u00e9 a vhodn\u00e9.<\/h4>\n<p>To znamen\u00e1, \u017ee ligov\u00e1 sez\u00f3na sa pravdepodobne neza\u010dne 30. apr\u00edla, ako bolo <a href=\"https:\/\/evertonfc.cz\/index.php\/2020\/03\/19\/premier-league-najskor-v-maji\/\" target=\"_blank\" rel=\"noopener noreferrer\">p\u00f4vodne dohodnut\u00e9 na kr\u00edzovom stretnut\u00ed v\u00a0polovici marca<\/a>. Sp\u00f4sob, ak\u00fdm by sa malo ligov\u00e9 dianie obnovi\u0165, bolo hlavnou t\u00e9mou, av\u0161ak \u017eiadne definit\u00edvne rozhodnutia v\u00a0tomto smere nepadli. Diskusie by v\u0161ak mali prebieha\u0165 na\u010falej.<\/p>\n<p>Jednohlasn\u00e9 zvolenie prebehlo pri ot\u00e1zke pomoci ni\u017e\u0161\u00edm s\u00fa\u0165a\u017eiam. V\u0161etk\u00fdch dvadsa\u0165 klubov s\u00fahlasilo s poskytnut\u00edm finan\u010dnej injekcie \u00a3125 mili\u00f3nov trom lig\u00e1m EFL a trom lig\u00e1m spadaj\u00facim pod National League. To zmanen\u00e1, \u017ee tieto peniaze sa pod\u013ea k\u013e\u00fa\u010da rozdelia medzi kluby od druhej a\u017e po \u0161iestu ligu.<\/p>\n<p>Z\u00e1rove\u0148 sa ods\u00fahlasila okam\u017eit\u00e1 pomoc pre NHS po konzult\u00e1ci\u00e1ch s ministerstvom pre digitalitu, kult\u00faru, m\u00e9di\u00e1 a\u00a0\u0161port. A\u00a0to vo v\u00fd\u0161ke \u00a320 mili\u00f3nov. Tento krok, spolu s\u00a0pomocou pre chudobnej\u0161ie kluby v\u00a0ni\u017e\u0161\u00edch s\u00fa\u0165a\u017eiach, bol dlho o\u010dak\u00e1van\u00fd a\u00a0po mor\u00e1lnej str\u00e1nke od\u013eah\u010dil \u0165archu nepr\u00edjemn\u00fdch poh\u013eadov na vrchol pyram\u00eddy.<\/p>\n<h4><strong><em>Zn\u00ed\u017eenie platov nesie so sebou rizik\u00e1<\/em><\/strong><\/h4>\n<p>P\u00e1l\u010divou t\u00e9mou bola aj situ\u00e1cia s\u00a0platmi hr\u00e1\u010dov. T\u00ed sa v\u00a0poslednej dobe stali ter\u010dom vyhl\u00e1sen\u00ed politikov, konkr\u00e9tne britsk\u00e9ho ministra zdravotn\u00edctva Matta Hancocka. Ten ich urguje, aby zohrali svoju rolu pri zn\u00e1\u0161an\u00ed finan\u010dn\u00e9ho bremena po\u010das kr\u00edzy koronav\u00edrusu. Kluby v\u0161ak sami navrhli zn\u00ed\u017eenie platov o\u00a030 percent.<\/p>\n<p>Dohoda s\u00a0hr\u00e1\u010dskou asoci\u00e1ciou sa zatia\u013e ale nepodarila. Naopak, t\u00e1 varuje, \u017ee pri odpo\u010d\u00edtan\u00ed takmer tretiny mzdy v\u0161etk\u00fdch hr\u00e1\u010dov pr\u00edde \u0161t\u00e1tna pokladnica o zna\u010dn\u00e9 sumy. To by malo nepriazniv\u00fd vplyv na britsk\u00fd NHS, \u010do je verejne financovan\u00fd syst\u00e9m zdravotn\u00edctva, a \u010fal\u0161ie slu\u017eby financovan\u00e9 \u0161t\u00e1tom.<\/p>\n<p>Konkr\u00e9tne &#8211; za 12 mesiacov by pr\u00edjem na daniach klesol o\u00a0viac ako 200 mili\u00f3nov libier. Samozrejme, zn\u00ed\u017eenie platov, alebo aspo\u0148 ich vyu\u017eitie na in\u00e9 (prospe\u0161nej\u0161ie) \u00fa\u010dely sa zd\u00e1 by\u0165 nevyhnutn\u00e9, ak trvanie pand\u00e9mie ochorenia COVID-19 nebude ma\u0165 doh\u013eadn\u00e9ho konca. Vl\u00e1da preto schv\u00e1lila program pomoci.<\/p>\n<p>Spo\u010d\u00edva v tom, \u017ee firmy postihnut\u00e9 pand\u00e9miou koronav\u00edrusu m\u00f4\u017eu svojich zamestnancov posla\u0165 na neplaten\u00e9 vo\u013eno, pri\u010dom im ich pr\u00edjem zabezpe\u010d\u00ed \u0161t\u00e1t vo v\u00fd\u0161ke 80% platu. Ale len do sumy \u00a32 500 mesa\u010dne pred zdanen\u00edm. Plat\u00ed to pre v\u0161etky zamestnania, ktor\u00e9 nie s\u00fa schopn\u00e9 vykon\u00e1va\u0165 svoju \u010dinnos\u0165 po\u010das aktu\u00e1lnej kr\u00edzy.<\/p>\n<p>T\u00fato sch\u00e9mu m\u00f4\u017eu zamestn\u00e1vatelia vyu\u017e\u00edva\u0165 od prv\u00e9ho marca minim\u00e1lne nasleduj\u00face tri mesiace. Ve\u013ek\u00fd po\u010det t\u00edmov z\u00a0Football League u\u017e poslal niektor\u00fdch svojich zamestnancov na neplaten\u00e9 vo\u013eno. A\u00a0prid\u00e1vaj\u00fa sa \u010fal\u0161\u00ed, \u010faleko bohat\u0161\u00ed. To vyvol\u00e1va vlnu kritiky, aj kv\u00f4li spom\u00ednan\u00fdm platom hr\u00e1\u010dov, ale aj hodnost\u00e1rov v kluboch.<\/p>\n<p>Najnov\u0161ie sa k\u00a0tomu odhodlali Newcastle, Norwich, Bournemouth,\u00a0Tottenham a Liverpool. V\u00a0Evertone ost\u00e1va situ\u00e1cia rovnak\u00e1 ako doteraz, klub nem\u00e1 v\u00a0pl\u00e1ne t\u00fato sch\u00e9mu vyu\u017ei\u0165 a mzdy sa vypl\u00e1caj\u00fa ka\u017ed\u00e9mu a\u00a0bez zr\u00e1\u017eok \u010di odkladov. V\u00a0ot\u00e1zke platov hr\u00e1\u010dov \u010dak\u00e1 Everton na v\u00fdsledok diskusie medzi PL a\u00a0hr\u00e1\u010dskou asoci\u00e1ciou.<\/p>\n<h4><strong><em>\u00dania eur\u00f3pskych futbalov\u00fdch zv\u00e4zov vyz\u00fdva k jednote<\/em><\/strong><\/h4>\n<p>Medzit\u00fdm UEFA nap\u00edsala list v\u0161etk\u00fdm 55 \u010dlensk\u00fdm asoci\u00e1ci\u00e1m a vyzvala ich k spolo\u010dnej jednote pri \u010delen\u00ed kr\u00edzy koronav\u00edrusu. Apeluje v \u0148om aby sa v\u0161etky ligy sna\u017eili pracova\u0165 na obnoven\u00ed s\u00fa\u0165a\u017ee, ke\u010f to bude bezpe\u010dn\u00e9. Organiz\u00e1cia dokonca pracuje na pl\u00e1ne pred\u013a\u017eenia s\u00fa\u010dasn\u00e9ho term\u00ednu (30.6.) ukon\u010denia sez\u00f3ny.<\/p>\n<p>Nadv\u00e4zuje t\u00fdm aj na pod\u013ea nich\u00a0un\u00e1hlen\u00e9 rozhodnutie zo strany belgick\u00e9ho futbalu. Tamoj\u0161ie autority sa toti\u017e rozhodli pred\u010dasne ukon\u010di\u0165 najvy\u0161\u0161iu s\u00fa\u0165a\u017e, hoci predbe\u017ene, a\u00a0titul udeli\u0165 po nekompletnom programe klubu FC Bruggy. Belgick\u00e1 futbalov\u00e1 asoci\u00e1cia teraz pracuje s UEFA na vyrie\u0161en\u00ed ot\u00e1zky kvalifik\u00e1cie do LM\/EL.<\/p>\n<p>Definit\u00edvne ukon\u010denie si v\u0161ak Belgi\u010dania napl\u00e1novali na p\u00e4tn\u00e1steho apr\u00edla a\u00a0svoje rozhodnutie st\u00e1le m\u00f4\u017eu odvola\u0165. Vzda\u0165 sa preto miesteniek do kontinent\u00e1lnych s\u00fa\u0165a\u017e\u00ed rozhodne nechc\u00fa. Tie aktu\u00e1lne rozohrat\u00e9 sa pod\u013ea prezidenta UEFA, Aleksandera \u010ceferina, m\u00f4\u017eu dohra\u0165 pred pr\u00e1zdnymi trib\u00fanami ak to bude potrebn\u00e9.<\/p>\n<p style=\"text-align: right;\"><em>(foto zdroj: ESPN)<\/em><\/p>\n","protected":false},"excerpt":{"rendered":"<p>V piatok sa po stretnut\u00ed z\u00e1stupcov Premier League, EFL a mana\u017e\u00e9rskej a hr\u00e1\u010dskej asoci\u00e1cie prijalo rozhodnutie, \u017ee s\u00fa\u0165a\u017ee neza\u010dn\u00fa sk\u00f4r, ako to bude bezpe\u010dn\u00e9 a vhodn\u00e9.<\/p>\n","protected":false},"author":1,"featured_media":10724,"comment_status":"open","ping_status":"closed","sticky":false,"template":"","format":"standard","meta":{"_eb_attr":"","_monsterinsights_skip_tracking":false,"_monsterinsights_sitenote_active":false,"_monsterinsights_sitenote_note":"","_monsterinsights_sitenote_category":0,"footnotes":""},"categories":[42],"tags":[],"yoast_head":"<!-- This site is optimized with the Yoast SEO plugin v23.4 - https:\/\/yoast.com\/wordpress\/plugins\/seo\/ -->\n<title>Liga pozastaven\u00e1 na neur\u010dito - Official Czech &amp; Slovak Everton Supporters&#039; Club<\/title>\n<meta name=\"robots\" content=\"index, follow, max-snippet:-1, max-image-preview:large, max-video-preview:-1\" \/>\n<link rel=\"canonical\" href=\"https:\/\/evertonfc.cz\/index.php\/2020\/04\/06\/liga-pozastavena-na-neurcito\/\" \/>\n<meta property=\"og:locale\" content=\"cs_CZ\" \/>\n<meta property=\"og:type\" content=\"article\" \/>\n<meta property=\"og:title\" content=\"Liga pozastaven\u00e1 na neur\u010dito - Official Czech &amp; Slovak Everton Supporters&#039; Club\" \/>\n<meta property=\"og:description\" content=\"V piatok sa po stretnut\u00ed z\u00e1stupcov Premier League, EFL a mana\u017e\u00e9rskej a hr\u00e1\u010dskej asoci\u00e1cie prijalo rozhodnutie, \u017ee s\u00fa\u0165a\u017ee neza\u010dn\u00fa sk\u00f4r, ako to bude bezpe\u010dn\u00e9 a vhodn\u00e9.\" \/>\n<meta property=\"og:url\" content=\"https:\/\/evertonfc.cz\/index.php\/2020\/04\/06\/liga-pozastavena-na-neurcito\/\" \/>\n<meta property=\"og:site_name\" content=\"Official Czech &amp; Slovak Everton Supporters&#039; Club\" \/>\n<meta property=\"article:publisher\" content=\"https:\/\/www.facebook.com\/everton.fans.cz.sk\" \/>\n<meta property=\"article:published_time\" content=\"2020-04-06T15:09:28+00:00\" \/>\n<meta property=\"article:modified_time\" content=\"2020-04-09T14:55:06+00:00\" \/>\n<meta property=\"og:image\" content=\"https:\/\/evertonfc.cz\/wp-content\/uploads\/2020\/04\/PL-ball-6-4-2020.jpg\" \/>\n\t<meta property=\"og:image:width\" content=\"720\" \/>\n\t<meta property=\"og:image:height\" content=\"405\" \/>\n\t<meta property=\"og:image:type\" content=\"image\/jpeg\" \/>\n<meta name=\"author\" content=\"BlueBlooded\" \/>\n<meta name=\"twitter:card\" content=\"summary_large_image\" \/>\n<meta name=\"twitter:label1\" content=\"Napsal(a)\" \/>\n\t<meta name=\"twitter:data1\" content=\"BlueBlooded\" \/>\n\t<meta name=\"twitter:label2\" content=\"Odhadovan\u00e1 doba \u010dten\u00ed\" \/>\n\t<meta name=\"twitter:data2\" content=\"4 minuty\" \/>\n<script type=\"application\/ld+json\" class=\"yoast-schema-graph\">{\"@context\":\"https:\/\/schema.org\",\"@graph\":[{\"@type\":\"Article\",\"@id\":\"https:\/\/evertonfc.cz\/index.php\/2020\/04\/06\/liga-pozastavena-na-neurcito\/#article\",\"isPartOf\":{\"@id\":\"https:\/\/evertonfc.cz\/index.php\/2020\/04\/06\/liga-pozastavena-na-neurcito\/\"},\"author\":{\"name\":\"BlueBlooded\",\"@id\":\"https:\/\/evertonfc.cz\/#\/schema\/person\/d4493b8cbea51532597fbc4685698916\"},\"headline\":\"Liga pozastaven\u00e1 na neur\u010dito\",\"datePublished\":\"2020-04-06T15:09:28+00:00\",\"dateModified\":\"2020-04-09T14:55:06+00:00\",\"mainEntityOfPage\":{\"@id\":\"https:\/\/evertonfc.cz\/index.php\/2020\/04\/06\/liga-pozastavena-na-neurcito\/\"},\"wordCount\":801,\"commentCount\":1,\"publisher\":{\"@id\":\"https:\/\/evertonfc.cz\/#organization\"},\"image\":{\"@id\":\"https:\/\/evertonfc.cz\/index.php\/2020\/04\/06\/liga-pozastavena-na-neurcito\/#primaryimage\"},\"thumbnailUrl\":\"https:\/\/evertonfc.cz\/wp-content\/uploads\/2020\/04\/PL-ball-6-4-2020.jpg\",\"articleSection\":[\"Aktuality\"],\"inLanguage\":\"cs\",\"potentialAction\":[{\"@type\":\"CommentAction\",\"name\":\"Comment\",\"target\":[\"https:\/\/evertonfc.cz\/index.php\/2020\/04\/06\/liga-pozastavena-na-neurcito\/#respond\"]}]},{\"@type\":\"WebPage\",\"@id\":\"https:\/\/evertonfc.cz\/index.php\/2020\/04\/06\/liga-pozastavena-na-neurcito\/\",\"url\":\"https:\/\/evertonfc.cz\/index.php\/2020\/04\/06\/liga-pozastavena-na-neurcito\/\",\"name\":\"Liga pozastaven\u00e1 na neur\u010dito - Official Czech &amp; Slovak Everton Supporters&#039; Club\",\"isPartOf\":{\"@id\":\"https:\/\/evertonfc.cz\/#website\"},\"primaryImageOfPage\":{\"@id\":\"https:\/\/evertonfc.cz\/index.php\/2020\/04\/06\/liga-pozastavena-na-neurcito\/#primaryimage\"},\"image\":{\"@id\":\"https:\/\/evertonfc.cz\/index.php\/2020\/04\/06\/liga-pozastavena-na-neurcito\/#primaryimage\"},\"thumbnailUrl\":\"https:\/\/evertonfc.cz\/wp-content\/uploads\/2020\/04\/PL-ball-6-4-2020.jpg\",\"datePublished\":\"2020-04-06T15:09:28+00:00\",\"dateModified\":\"2020-04-09T14:55:06+00:00\",\"breadcrumb\":{\"@id\":\"https:\/\/evertonfc.cz\/index.php\/2020\/04\/06\/liga-pozastavena-na-neurcito\/#breadcrumb\"},\"inLanguage\":\"cs\",\"potentialAction\":[{\"@type\":\"ReadAction\",\"target\":[\"https:\/\/evertonfc.cz\/index.php\/2020\/04\/06\/liga-pozastavena-na-neurcito\/\"]}]},{\"@type\":\"ImageObject\",\"inLanguage\":\"cs\",\"@id\":\"https:\/\/evertonfc.cz\/index.php\/2020\/04\/06\/liga-pozastavena-na-neurcito\/#primaryimage\",\"url\":\"https:\/\/evertonfc.cz\/wp-content\/uploads\/2020\/04\/PL-ball-6-4-2020.jpg\",\"contentUrl\":\"https:\/\/evertonfc.cz\/wp-content\/uploads\/2020\/04\/PL-ball-6-4-2020.jpg\",\"width\":720,\"height\":405},{\"@type\":\"BreadcrumbList\",\"@id\":\"https:\/\/evertonfc.cz\/index.php\/2020\/04\/06\/liga-pozastavena-na-neurcito\/#breadcrumb\",\"itemListElement\":[{\"@type\":\"ListItem\",\"position\":1,\"name\":\"Home\",\"item\":\"https:\/\/evertonfc.cz\/\"},{\"@type\":\"ListItem\",\"position\":2,\"name\":\"Liga pozastaven\u00e1 na neur\u010dito\"}]},{\"@type\":\"WebSite\",\"@id\":\"https:\/\/evertonfc.cz\/#website\",\"url\":\"https:\/\/evertonfc.cz\/\",\"name\":\"Official Czech &amp; Slovak Everton Supporters&#039; Club\",\"description\":\"\",\"publisher\":{\"@id\":\"https:\/\/evertonfc.cz\/#organization\"},\"potentialAction\":[{\"@type\":\"SearchAction\",\"target\":{\"@type\":\"EntryPoint\",\"urlTemplate\":\"https:\/\/evertonfc.cz\/?s={search_term_string}\"},\"query-input\":{\"@type\":\"PropertyValueSpecification\",\"valueRequired\":true,\"valueName\":\"search_term_string\"}}],\"inLanguage\":\"cs\"},{\"@type\":\"Organization\",\"@id\":\"https:\/\/evertonfc.cz\/#organization\",\"name\":\"Official Czech & Slovak Everton Supporters' Club\",\"url\":\"https:\/\/evertonfc.cz\/\",\"logo\":{\"@type\":\"ImageObject\",\"inLanguage\":\"cs\",\"@id\":\"https:\/\/evertonfc.cz\/#\/schema\/logo\/image\/\",\"url\":\"https:\/\/evertonfc.cz\/wp-content\/uploads\/2019\/05\/logo.png\",\"contentUrl\":\"https:\/\/evertonfc.cz\/wp-content\/uploads\/2019\/05\/logo.png\",\"width\":112,\"height\":112,\"caption\":\"Official Czech & Slovak Everton Supporters' Club\"},\"image\":{\"@id\":\"https:\/\/evertonfc.cz\/#\/schema\/logo\/image\/\"},\"sameAs\":[\"https:\/\/www.facebook.com\/everton.fans.cz.sk\"]},{\"@type\":\"Person\",\"@id\":\"https:\/\/evertonfc.cz\/#\/schema\/person\/d4493b8cbea51532597fbc4685698916\",\"name\":\"BlueBlooded\",\"url\":\"https:\/\/evertonfc.cz\/index.php\/author\/admin\/\"}]}<\/script>\n<!-- \/ Yoast SEO plugin. -->","yoast_head_json":{"title":"Liga pozastaven\u00e1 na neur\u010dito - Official Czech &amp; Slovak Everton Supporters&#039; Club","robots":{"index":"index","follow":"follow","max-snippet":"max-snippet:-1","max-image-preview":"max-image-preview:large","max-video-preview":"max-video-preview:-1"},"canonical":"https:\/\/evertonfc.cz\/index.php\/2020\/04\/06\/liga-pozastavena-na-neurcito\/","og_locale":"cs_CZ","og_type":"article","og_title":"Liga pozastaven\u00e1 na neur\u010dito - Official Czech &amp; Slovak Everton Supporters&#039; Club","og_description":"V piatok sa po stretnut\u00ed z\u00e1stupcov Premier League, EFL a mana\u017e\u00e9rskej a hr\u00e1\u010dskej asoci\u00e1cie prijalo rozhodnutie, \u017ee s\u00fa\u0165a\u017ee neza\u010dn\u00fa sk\u00f4r, ako to bude bezpe\u010dn\u00e9 a vhodn\u00e9.","og_url":"https:\/\/evertonfc.cz\/index.php\/2020\/04\/06\/liga-pozastavena-na-neurcito\/","og_site_name":"Official Czech &amp; Slovak Everton Supporters&#039; Club","article_publisher":"https:\/\/www.facebook.com\/everton.fans.cz.sk","article_published_time":"2020-04-06T15:09:28+00:00","article_modified_time":"2020-04-09T14:55:06+00:00","og_image":[{"width":720,"height":405,"url":"https:\/\/evertonfc.cz\/wp-content\/uploads\/2020\/04\/PL-ball-6-4-2020.jpg","type":"image\/jpeg"}],"author":"BlueBlooded","twitter_card":"summary_large_image","twitter_misc":{"Napsal(a)":"BlueBlooded","Odhadovan\u00e1 doba \u010dten\u00ed":"4 minuty"},"schema":{"@context":"https:\/\/schema.org","@graph":[{"@type":"Article","@id":"https:\/\/evertonfc.cz\/index.php\/2020\/04\/06\/liga-pozastavena-na-neurcito\/#article","isPartOf":{"@id":"https:\/\/evertonfc.cz\/index.php\/2020\/04\/06\/liga-pozastavena-na-neurcito\/"},"author":{"name":"BlueBlooded","@id":"https:\/\/evertonfc.cz\/#\/schema\/person\/d4493b8cbea51532597fbc4685698916"},"headline":"Liga pozastaven\u00e1 na neur\u010dito","datePublished":"2020-04-06T15:09:28+00:00","dateModified":"2020-04-09T14:55:06+00:00","mainEntityOfPage":{"@id":"https:\/\/evertonfc.cz\/index.php\/2020\/04\/06\/liga-pozastavena-na-neurcito\/"},"wordCount":801,"commentCount":1,"publisher":{"@id":"https:\/\/evertonfc.cz\/#organization"},"image":{"@id":"https:\/\/evertonfc.cz\/index.php\/2020\/04\/06\/liga-pozastavena-na-neurcito\/#primaryimage"},"thumbnailUrl":"https:\/\/evertonfc.cz\/wp-content\/uploads\/2020\/04\/PL-ball-6-4-2020.jpg","articleSection":["Aktuality"],"inLanguage":"cs","potentialAction":[{"@type":"CommentAction","name":"Comment","target":["https:\/\/evertonfc.cz\/index.php\/2020\/04\/06\/liga-pozastavena-na-neurcito\/#respond"]}]},{"@type":"WebPage","@id":"https:\/\/evertonfc.cz\/index.php\/2020\/04\/06\/liga-pozastavena-na-neurcito\/","url":"https:\/\/evertonfc.cz\/index.php\/2020\/04\/06\/liga-pozastavena-na-neurcito\/","name":"Liga pozastaven\u00e1 na neur\u010dito - Official Czech &amp; Slovak Everton Supporters&#039; Club","isPartOf":{"@id":"https:\/\/evertonfc.cz\/#website"},"primaryImageOfPage":{"@id":"https:\/\/evertonfc.cz\/index.php\/2020\/04\/06\/liga-pozastavena-na-neurcito\/#primaryimage"},"image":{"@id":"https:\/\/evertonfc.cz\/index.php\/2020\/04\/06\/liga-pozastavena-na-neurcito\/#primaryimage"},"thumbnailUrl":"https:\/\/evertonfc.cz\/wp-content\/uploads\/2020\/04\/PL-ball-6-4-2020.jpg","datePublished":"2020-04-06T15:09:28+00:00","dateModified":"2020-04-09T14:55:06+00:00","breadcrumb":{"@id":"https:\/\/evertonfc.cz\/index.php\/2020\/04\/06\/liga-pozastavena-na-neurcito\/#breadcrumb"},"inLanguage":"cs","potentialAction":[{"@type":"ReadAction","target":["https:\/\/evertonfc.cz\/index.php\/2020\/04\/06\/liga-pozastavena-na-neurcito\/"]}]},{"@type":"ImageObject","inLanguage":"cs","@id":"https:\/\/evertonfc.cz\/index.php\/2020\/04\/06\/liga-pozastavena-na-neurcito\/#primaryimage","url":"https:\/\/evertonfc.cz\/wp-content\/uploads\/2020\/04\/PL-ball-6-4-2020.jpg","contentUrl":"https:\/\/evertonfc.cz\/wp-content\/uploads\/2020\/04\/PL-ball-6-4-2020.jpg","width":720,"height":405},{"@type":"BreadcrumbList","@id":"https:\/\/evertonfc.cz\/index.php\/2020\/04\/06\/liga-pozastavena-na-neurcito\/#breadcrumb","itemListElement":[{"@type":"ListItem","position":1,"name":"Home","item":"https:\/\/evertonfc.cz\/"},{"@type":"ListItem","position":2,"name":"Liga pozastaven\u00e1 na neur\u010dito"}]},{"@type":"WebSite","@id":"https:\/\/evertonfc.cz\/#website","url":"https:\/\/evertonfc.cz\/","name":"Official Czech &amp; Slovak Everton Supporters&#039; Club","description":"","publisher":{"@id":"https:\/\/evertonfc.cz\/#organization"},"potentialAction":[{"@type":"SearchAction","target":{"@type":"EntryPoint","urlTemplate":"https:\/\/evertonfc.cz\/?s={search_term_string}"},"query-input":{"@type":"PropertyValueSpecification","valueRequired":true,"valueName":"search_term_string"}}],"inLanguage":"cs"},{"@type":"Organization","@id":"https:\/\/evertonfc.cz\/#organization","name":"Official Czech & Slovak Everton Supporters' Club","url":"https:\/\/evertonfc.cz\/","logo":{"@type":"ImageObject","inLanguage":"cs","@id":"https:\/\/evertonfc.cz\/#\/schema\/logo\/image\/","url":"https:\/\/evertonfc.cz\/wp-content\/uploads\/2019\/05\/logo.png","contentUrl":"https:\/\/evertonfc.cz\/wp-content\/uploads\/2019\/05\/logo.png","width":112,"height":112,"caption":"Official Czech & Slovak Everton Supporters' Club"},"image":{"@id":"https:\/\/evertonfc.cz\/#\/schema\/logo\/image\/"},"sameAs":["https:\/\/www.facebook.com\/everton.fans.cz.sk"]},{"@type":"Person","@id":"https:\/\/evertonfc.cz\/#\/schema\/person\/d4493b8cbea51532597fbc4685698916","name":"BlueBlooded","url":"https:\/\/evertonfc.cz\/index.php\/author\/admin\/"}]}},"_links":{"self":[{"href":"https:\/\/evertonfc.cz\/index.php\/wp-json\/wp\/v2\/posts\/10723"}],"collection":[{"href":"https:\/\/evertonfc.cz\/index.php\/wp-json\/wp\/v2\/posts"}],"about":[{"href":"https:\/\/evertonfc.cz\/index.php\/wp-json\/wp\/v2\/types\/post"}],"author":[{"embeddable":true,"href":"https:\/\/evertonfc.cz\/index.php\/wp-json\/wp\/v2\/users\/1"}],"replies":[{"embeddable":true,"href":"https:\/\/evertonfc.cz\/index.php\/wp-json\/wp\/v2\/comments?post=10723"}],"version-history":[{"count":5,"href":"https:\/\/evertonfc.cz\/index.php\/wp-json\/wp\/v2\/posts\/10723\/revisions"}],"predecessor-version":[{"id":10729,"href":"https:\/\/evertonfc.cz\/index.php\/wp-json\/wp\/v2\/posts\/10723\/revisions\/10729"}],"wp:featuredmedia":[{"embeddable":true,"href":"https:\/\/evertonfc.cz\/index.php\/wp-json\/wp\/v2\/media\/10724"}],"wp:attachment":[{"href":"https:\/\/evertonfc.cz\/index.php\/wp-json\/wp\/v2\/media?parent=10723"}],"wp:term":[{"taxonomy":"category","embeddable":true,"href":"https:\/\/evertonfc.cz\/index.php\/wp-json\/wp\/v2\/categories?post=10723"},{"taxonomy":"post_tag","embeddable":true,"href":"https:\/\/evertonfc.cz\/index.php\/wp-json\/wp\/v2\/tags?post=10723"}],"curies":[{"name":"wp","href":"https:\/\/api.w.org\/{rel}","templated":true}]}}