{"id":10730,"date":"2020-04-08T13:24:44","date_gmt":"2020-04-08T11:24:44","guid":{"rendered":"https:\/\/evertonfc.cz\/?p=10730"},"modified":"2020-04-15T14:16:43","modified_gmt":"2020-04-15T12:16:43","slug":"kviz-s-daviesom","status":"publish","type":"post","link":"https:\/\/evertonfc.cz\/index.php\/2020\/04\/08\/kviz-s-daviesom\/","title":{"rendered":"Kv\u00edz s Daviesom"},"content":{"rendered":"<h4>V z\u00e1pasov\u00fdch programoch tejto sez\u00f3ny sa hr\u00e1\u010dov p\u00fdtali r\u00f4zne ot\u00e1zky \u2013 od ob\u013e\u00faben\u00fdch filmov a\u017e po jedlo. Ak chcete zisti\u0165 viac o Tomovi, \u010d\u00edtajte nasleduj\u00face riadky.<\/h4>\n<p><strong><em>Ob\u013e\u00faben\u00e9 mesto?<\/em><\/strong><\/p>\n<p>New York. Bol som tam pred p\u00e1r t\u00fd\u017ed\u0148ami, ale to nebolo po prv\u00fd raz. Milujem to tam.<\/p>\n<p><em><strong>Vie spieva\u0165?<\/strong><\/em><\/p>\n<p>Trochu. Povedal by som, \u017ee som priemern\u00fd. Pri svojej inicia\u010dnej piesni som spieval <em>Blame It On The Boogie<\/em> od The Jacksons. Vlastne som bol zvolen\u00fd za najlep\u0161ieho, kto v\u00a0t\u00fa noc spieval.<\/p>\n<p><em>(piese\u0148 p\u00f4vodne vydan\u00e1 v roku 1978 anglick\u00fdm spev\u00e1kom a skladate\u013eom Mickom Jacksonom. Nesk\u00f4r bola naspievan\u00e1 mnoh\u00fdmi \u010fal\u0161\u00edmi umelcami vr\u00e1tane <a href=\"https:\/\/www.youtube.com\/watch?v=nqxVMLVe62U\" target=\"_blank\" rel=\"noopener noreferrer\">The Jacksons<\/a>)<\/em><\/p>\n<p><strong><em>Prv\u00e1 celebritn\u00e1 l\u00e1ska?<\/em><\/strong><\/p>\n<p>Mysl\u00edm, \u017ee to mohla by\u0165 Rihanna.<\/p>\n<p><em>(32r, barbadosk\u00e1 spev\u00e1\u010dka a\u00a0skladate\u013eka popu a R&amp;B, tie\u017e here\u010dka a\u00a0podnikate\u013eka. Predala viac ako 250 mili\u00f3nov nahr\u00e1vok a je jedn\u00fdm z najpred\u00e1vanej\u0161\u00edch hudobn\u00fdch umelcov na svete.)<\/em><\/p>\n<p><strong><em>Ob\u013e\u00faben\u00fd \u0161portovec?<\/em><\/strong><\/p>\n<p>Roger Federer. On je jednoducho \u00fapln\u00e1 trieda.\u00a0V\u017edy pokojn\u00fd a vyrovnan\u00fd. Tie\u017e sa mi p\u00e1\u010dia jeho hodinky.<\/p>\n<p><em>(38r, \u0161vaj\u010diarsky profesion\u00e1lny tenista. Vyhral 20 Grand Slam titulov &#8211; najviac v hist\u00f3rii mu\u017esk\u00e9ho tenisu.)<\/em><\/p>\n<p><strong><em>Najlep\u0161\u00ed dar\u010dek, ktor\u00fd dostal?<\/em><\/strong><\/p>\n<p>Minul\u00fd rok mi niekto dal mikrof\u00f3n a\u00a0reproduktor. Bolo to super, cel\u00fd de\u0148 som len spieval!<\/p>\n<p><strong><em>Ob\u013e\u00faben\u00e1 TV rel\u00e1cia?<\/em><\/strong><\/p>\n<p>M\u00e1m r\u00e1d <em>Entourage. <\/em>Je to skvel\u00fd seri\u00e1l. Ari Gold je neskuto\u010dne dobr\u00e1 postava!<\/p>\n<p><em>(Americk\u00fd komedi\u00e1lny seri\u00e1l, uveden\u00fd v\u00a0roku 2004. Pr\u00edbeh sleduje rozv\u00edjaj\u00facu sa kari\u00e9ru mlad\u00e9ho herca v\u00a0dne\u0161nom Hollywoode. Rel\u00e1cia je zn\u00e1ma pre cel\u00fd rad sl\u00e1vnych osobnosti, ktor\u00e9 s\u00a0v\u00a0\u0148om zahrali)<\/em><\/p>\n<p><strong><em>Ob\u013e\u00faben\u00fd hudobn\u00edk?<\/em><\/strong><\/p>\n<p>Raper Kano. Je lyrick\u00fd g\u00e9nius.<\/p>\n<p><em>(34r, britsk\u00fd raper, skladate\u013e a herec z East Hamu v Lond\u00fdne. V\u00fdznamn\u00fd prispievate\u013e do hudobn\u00e9ho \u017e\u00e1nru a kult\u00fary grime. Je v\u0161eobecne pova\u017eovan\u00fd za jeho priekopn\u00edka. Odpor\u00fa\u010dam skladbu <a href=\"https:\/\/www.youtube.com\/watch?v=uPmNxobIoWI\" target=\"_blank\" rel=\"noopener noreferrer\">This is England<\/a>.)<\/em><\/p>\n<p><strong><em>Naj\u0165a\u017e\u0161\u00ed protivn\u00edk vo futbale?<\/em><\/strong><\/p>\n<p>Moussa Demb\u00e9l\u00e9. Hral za Spurs. Bol ve\u013emi r\u00fdchly a\u00a0siln\u00fd. Je to skvel\u00fd hr\u00e1\u010d.<\/p>\n<p><em>(32r, belgick\u00fd profesion\u00e1lny futbalista, ktor\u00fd hr\u00e1 ako stredn\u00fd z\u00e1lo\u017en\u00edk \u010d\u00ednskeho klubu Super League Guangzhou R&amp;F. Za belgick\u00fd v\u00fdber nast\u00fapil 80kr\u00e1t. Za Tottenham hral v\u00a0rokoch 2012 a\u017e 2019)<\/em><\/p>\n<p><strong><em>Ob\u013e\u00faben\u00fd film?<\/em><\/strong><\/p>\n<p>Vyberiem <em>Uncut Gems. <\/em>Je to o obchodn\u00edkovi s diamantmi v New Yorku. Brilantn\u00fd film. Adam Sandler tam je skvel\u00fd.<\/p>\n<p><em>(Americk\u00fd triler z\u00a0roku 2019, v\u00a0hlavnej \u00falohe s\u00a0A.Sandlerom. Film z\u00edskal uznania kritikov za scen\u00e1r, r\u00e9\u017eiu, strih a\u00a0hereck\u00fd v\u00fdkon Adama Sandlera.)<\/em><\/p>\n<p><strong><em>M\u00e1 nejak\u00e9 tetovania?<\/em><\/strong><\/p>\n<p>Nie, nem\u00e1m a\u00a0ani nebudem ma\u0165. To nie je pre m\u0148a.<\/p>\n<p><strong><em>\u010co mu lezie na nervy?<\/em><\/strong><\/p>\n<p>Ke\u010f maj\u00fa \u013eudia \u0161pinu za nechtami. Je to nechutn\u00e9.<\/p>\n<p><strong><em>Najlep\u0161\u00ed zab\u00e1va\u010d v\u00a0Evertone?<\/em><\/strong><\/p>\n<p>Vyberiem Dominika. Jeho humor vie by\u0165 ob\u010das pochab\u00fd, ale aj tak je z\u00e1bavn\u00fd.<\/p>\n<p><strong><em>\u010co m\u00e1 najrad\u0161ej na meste Liverpool?<\/em><\/strong><\/p>\n<p>Je to proste domov. Moje mesto, odkia\u013e poch\u00e1dzam. A\u00a0m\u00e1m r\u00e1d tunaj\u0161\u00edch \u013eud\u00ed. S\u00fa cool.<\/p>\n<p style=\"text-align: right;\"><em>(p\u00f4vodn\u00fd \u010dl\u00e1nok: evertonfc.com \/ foto zdroj: Tony McArdle\/Everton FC)<\/em><\/p>\n","protected":false},"excerpt":{"rendered":"<p>V z\u00e1pasov\u00fdch programoch tejto sez\u00f3ny sa hr\u00e1\u010dov p\u00fdtali r\u00f4zne ot\u00e1zky \u2013 od ob\u013e\u00faben\u00fdch filmov a\u017e po jedlo. Ak chcete zisti\u0165 viac o Tomovi, \u010d\u00edtajte nasleduj\u00face riadky.<\/p>\n","protected":false},"author":1,"featured_media":10731,"comment_status":"open","ping_status":"closed","sticky":false,"template":"","format":"standard","meta":{"_eb_attr":"","_monsterinsights_skip_tracking":false,"_monsterinsights_sitenote_active":false,"_monsterinsights_sitenote_note":"","_monsterinsights_sitenote_category":0,"footnotes":""},"categories":[1],"tags":[],"yoast_head":"<!-- This site is optimized with the Yoast SEO plugin v23.4 - https:\/\/yoast.com\/wordpress\/plugins\/seo\/ -->\n<title>Kv\u00edz s Daviesom - Official Czech &amp; Slovak Everton Supporters&#039; Club<\/title>\n<meta name=\"robots\" content=\"index, follow, max-snippet:-1, max-image-preview:large, max-video-preview:-1\" \/>\n<link rel=\"canonical\" href=\"https:\/\/evertonfc.cz\/index.php\/2020\/04\/08\/kviz-s-daviesom\/\" \/>\n<meta property=\"og:locale\" content=\"cs_CZ\" \/>\n<meta property=\"og:type\" content=\"article\" \/>\n<meta property=\"og:title\" content=\"Kv\u00edz s Daviesom - Official Czech &amp; Slovak Everton Supporters&#039; Club\" \/>\n<meta property=\"og:description\" content=\"V z\u00e1pasov\u00fdch programoch tejto sez\u00f3ny sa hr\u00e1\u010dov p\u00fdtali r\u00f4zne ot\u00e1zky \u2013 od ob\u013e\u00faben\u00fdch filmov a\u017e po jedlo. Ak chcete zisti\u0165 viac o Tomovi, \u010d\u00edtajte nasleduj\u00face riadky.\" \/>\n<meta property=\"og:url\" content=\"https:\/\/evertonfc.cz\/index.php\/2020\/04\/08\/kviz-s-daviesom\/\" \/>\n<meta property=\"og:site_name\" content=\"Official Czech &amp; Slovak Everton Supporters&#039; Club\" \/>\n<meta property=\"article:publisher\" content=\"https:\/\/www.facebook.com\/everton.fans.cz.sk\" \/>\n<meta property=\"article:published_time\" content=\"2020-04-08T11:24:44+00:00\" \/>\n<meta property=\"article:modified_time\" content=\"2020-04-15T12:16:43+00:00\" \/>\n<meta property=\"og:image\" content=\"https:\/\/evertonfc.cz\/wp-content\/uploads\/2020\/04\/Tom-Davies-by-Tony-McArdle-Everton-FC-4-8-2020.png\" \/>\n\t<meta property=\"og:image:width\" content=\"720\" \/>\n\t<meta property=\"og:image:height\" content=\"405\" \/>\n\t<meta property=\"og:image:type\" content=\"image\/png\" \/>\n<meta name=\"author\" content=\"BlueBlooded\" \/>\n<meta name=\"twitter:card\" content=\"summary_large_image\" \/>\n<meta name=\"twitter:label1\" content=\"Napsal(a)\" \/>\n\t<meta name=\"twitter:data1\" content=\"BlueBlooded\" \/>\n\t<meta name=\"twitter:label2\" content=\"Odhadovan\u00e1 doba \u010dten\u00ed\" \/>\n\t<meta name=\"twitter:data2\" content=\"3 minuty\" \/>\n<script type=\"application\/ld+json\" class=\"yoast-schema-graph\">{\"@context\":\"https:\/\/schema.org\",\"@graph\":[{\"@type\":\"Article\",\"@id\":\"https:\/\/evertonfc.cz\/index.php\/2020\/04\/08\/kviz-s-daviesom\/#article\",\"isPartOf\":{\"@id\":\"https:\/\/evertonfc.cz\/index.php\/2020\/04\/08\/kviz-s-daviesom\/\"},\"author\":{\"name\":\"BlueBlooded\",\"@id\":\"https:\/\/evertonfc.cz\/#\/schema\/person\/d4493b8cbea51532597fbc4685698916\"},\"headline\":\"Kv\u00edz s Daviesom\",\"datePublished\":\"2020-04-08T11:24:44+00:00\",\"dateModified\":\"2020-04-15T12:16:43+00:00\",\"mainEntityOfPage\":{\"@id\":\"https:\/\/evertonfc.cz\/index.php\/2020\/04\/08\/kviz-s-daviesom\/\"},\"wordCount\":544,\"commentCount\":0,\"publisher\":{\"@id\":\"https:\/\/evertonfc.cz\/#organization\"},\"image\":{\"@id\":\"https:\/\/evertonfc.cz\/index.php\/2020\/04\/08\/kviz-s-daviesom\/#primaryimage\"},\"thumbnailUrl\":\"https:\/\/evertonfc.cz\/wp-content\/uploads\/2020\/04\/Tom-Davies-by-Tony-McArdle-Everton-FC-4-8-2020.png\",\"articleSection\":[\"Rozhovory\"],\"inLanguage\":\"cs\",\"potentialAction\":[{\"@type\":\"CommentAction\",\"name\":\"Comment\",\"target\":[\"https:\/\/evertonfc.cz\/index.php\/2020\/04\/08\/kviz-s-daviesom\/#respond\"]}]},{\"@type\":\"WebPage\",\"@id\":\"https:\/\/evertonfc.cz\/index.php\/2020\/04\/08\/kviz-s-daviesom\/\",\"url\":\"https:\/\/evertonfc.cz\/index.php\/2020\/04\/08\/kviz-s-daviesom\/\",\"name\":\"Kv\u00edz s Daviesom - Official Czech &amp; Slovak Everton Supporters&#039; Club\",\"isPartOf\":{\"@id\":\"https:\/\/evertonfc.cz\/#website\"},\"primaryImageOfPage\":{\"@id\":\"https:\/\/evertonfc.cz\/index.php\/2020\/04\/08\/kviz-s-daviesom\/#primaryimage\"},\"image\":{\"@id\":\"https:\/\/evertonfc.cz\/index.php\/2020\/04\/08\/kviz-s-daviesom\/#primaryimage\"},\"thumbnailUrl\":\"https:\/\/evertonfc.cz\/wp-content\/uploads\/2020\/04\/Tom-Davies-by-Tony-McArdle-Everton-FC-4-8-2020.png\",\"datePublished\":\"2020-04-08T11:24:44+00:00\",\"dateModified\":\"2020-04-15T12:16:43+00:00\",\"breadcrumb\":{\"@id\":\"https:\/\/evertonfc.cz\/index.php\/2020\/04\/08\/kviz-s-daviesom\/#breadcrumb\"},\"inLanguage\":\"cs\",\"potentialAction\":[{\"@type\":\"ReadAction\",\"target\":[\"https:\/\/evertonfc.cz\/index.php\/2020\/04\/08\/kviz-s-daviesom\/\"]}]},{\"@type\":\"ImageObject\",\"inLanguage\":\"cs\",\"@id\":\"https:\/\/evertonfc.cz\/index.php\/2020\/04\/08\/kviz-s-daviesom\/#primaryimage\",\"url\":\"https:\/\/evertonfc.cz\/wp-content\/uploads\/2020\/04\/Tom-Davies-by-Tony-McArdle-Everton-FC-4-8-2020.png\",\"contentUrl\":\"https:\/\/evertonfc.cz\/wp-content\/uploads\/2020\/04\/Tom-Davies-by-Tony-McArdle-Everton-FC-4-8-2020.png\",\"width\":720,\"height\":405},{\"@type\":\"BreadcrumbList\",\"@id\":\"https:\/\/evertonfc.cz\/index.php\/2020\/04\/08\/kviz-s-daviesom\/#breadcrumb\",\"itemListElement\":[{\"@type\":\"ListItem\",\"position\":1,\"name\":\"Home\",\"item\":\"https:\/\/evertonfc.cz\/\"},{\"@type\":\"ListItem\",\"position\":2,\"name\":\"Kv\u00edz s Daviesom\"}]},{\"@type\":\"WebSite\",\"@id\":\"https:\/\/evertonfc.cz\/#website\",\"url\":\"https:\/\/evertonfc.cz\/\",\"name\":\"Official Czech &amp; Slovak Everton Supporters&#039; Club\",\"description\":\"\",\"publisher\":{\"@id\":\"https:\/\/evertonfc.cz\/#organization\"},\"potentialAction\":[{\"@type\":\"SearchAction\",\"target\":{\"@type\":\"EntryPoint\",\"urlTemplate\":\"https:\/\/evertonfc.cz\/?s={search_term_string}\"},\"query-input\":{\"@type\":\"PropertyValueSpecification\",\"valueRequired\":true,\"valueName\":\"search_term_string\"}}],\"inLanguage\":\"cs\"},{\"@type\":\"Organization\",\"@id\":\"https:\/\/evertonfc.cz\/#organization\",\"name\":\"Official Czech & Slovak Everton Supporters' Club\",\"url\":\"https:\/\/evertonfc.cz\/\",\"logo\":{\"@type\":\"ImageObject\",\"inLanguage\":\"cs\",\"@id\":\"https:\/\/evertonfc.cz\/#\/schema\/logo\/image\/\",\"url\":\"https:\/\/evertonfc.cz\/wp-content\/uploads\/2019\/05\/logo.png\",\"contentUrl\":\"https:\/\/evertonfc.cz\/wp-content\/uploads\/2019\/05\/logo.png\",\"width\":112,\"height\":112,\"caption\":\"Official Czech & Slovak Everton Supporters' Club\"},\"image\":{\"@id\":\"https:\/\/evertonfc.cz\/#\/schema\/logo\/image\/\"},\"sameAs\":[\"https:\/\/www.facebook.com\/everton.fans.cz.sk\"]},{\"@type\":\"Person\",\"@id\":\"https:\/\/evertonfc.cz\/#\/schema\/person\/d4493b8cbea51532597fbc4685698916\",\"name\":\"BlueBlooded\",\"url\":\"https:\/\/evertonfc.cz\/index.php\/author\/admin\/\"}]}<\/script>\n<!-- \/ Yoast SEO plugin. -->","yoast_head_json":{"title":"Kv\u00edz s Daviesom - Official Czech &amp; Slovak Everton Supporters&#039; Club","robots":{"index":"index","follow":"follow","max-snippet":"max-snippet:-1","max-image-preview":"max-image-preview:large","max-video-preview":"max-video-preview:-1"},"canonical":"https:\/\/evertonfc.cz\/index.php\/2020\/04\/08\/kviz-s-daviesom\/","og_locale":"cs_CZ","og_type":"article","og_title":"Kv\u00edz s Daviesom - Official Czech &amp; Slovak Everton Supporters&#039; Club","og_description":"V z\u00e1pasov\u00fdch programoch tejto sez\u00f3ny sa hr\u00e1\u010dov p\u00fdtali r\u00f4zne ot\u00e1zky \u2013 od ob\u013e\u00faben\u00fdch filmov a\u017e po jedlo. Ak chcete zisti\u0165 viac o Tomovi, \u010d\u00edtajte nasleduj\u00face riadky.","og_url":"https:\/\/evertonfc.cz\/index.php\/2020\/04\/08\/kviz-s-daviesom\/","og_site_name":"Official Czech &amp; Slovak Everton Supporters&#039; Club","article_publisher":"https:\/\/www.facebook.com\/everton.fans.cz.sk","article_published_time":"2020-04-08T11:24:44+00:00","article_modified_time":"2020-04-15T12:16:43+00:00","og_image":[{"width":720,"height":405,"url":"https:\/\/evertonfc.cz\/wp-content\/uploads\/2020\/04\/Tom-Davies-by-Tony-McArdle-Everton-FC-4-8-2020.png","type":"image\/png"}],"author":"BlueBlooded","twitter_card":"summary_large_image","twitter_misc":{"Napsal(a)":"BlueBlooded","Odhadovan\u00e1 doba \u010dten\u00ed":"3 minuty"},"schema":{"@context":"https:\/\/schema.org","@graph":[{"@type":"Article","@id":"https:\/\/evertonfc.cz\/index.php\/2020\/04\/08\/kviz-s-daviesom\/#article","isPartOf":{"@id":"https:\/\/evertonfc.cz\/index.php\/2020\/04\/08\/kviz-s-daviesom\/"},"author":{"name":"BlueBlooded","@id":"https:\/\/evertonfc.cz\/#\/schema\/person\/d4493b8cbea51532597fbc4685698916"},"headline":"Kv\u00edz s Daviesom","datePublished":"2020-04-08T11:24:44+00:00","dateModified":"2020-04-15T12:16:43+00:00","mainEntityOfPage":{"@id":"https:\/\/evertonfc.cz\/index.php\/2020\/04\/08\/kviz-s-daviesom\/"},"wordCount":544,"commentCount":0,"publisher":{"@id":"https:\/\/evertonfc.cz\/#organization"},"image":{"@id":"https:\/\/evertonfc.cz\/index.php\/2020\/04\/08\/kviz-s-daviesom\/#primaryimage"},"thumbnailUrl":"https:\/\/evertonfc.cz\/wp-content\/uploads\/2020\/04\/Tom-Davies-by-Tony-McArdle-Everton-FC-4-8-2020.png","articleSection":["Rozhovory"],"inLanguage":"cs","potentialAction":[{"@type":"CommentAction","name":"Comment","target":["https:\/\/evertonfc.cz\/index.php\/2020\/04\/08\/kviz-s-daviesom\/#respond"]}]},{"@type":"WebPage","@id":"https:\/\/evertonfc.cz\/index.php\/2020\/04\/08\/kviz-s-daviesom\/","url":"https:\/\/evertonfc.cz\/index.php\/2020\/04\/08\/kviz-s-daviesom\/","name":"Kv\u00edz s Daviesom - Official Czech &amp; Slovak Everton Supporters&#039; Club","isPartOf":{"@id":"https:\/\/evertonfc.cz\/#website"},"primaryImageOfPage":{"@id":"https:\/\/evertonfc.cz\/index.php\/2020\/04\/08\/kviz-s-daviesom\/#primaryimage"},"image":{"@id":"https:\/\/evertonfc.cz\/index.php\/2020\/04\/08\/kviz-s-daviesom\/#primaryimage"},"thumbnailUrl":"https:\/\/evertonfc.cz\/wp-content\/uploads\/2020\/04\/Tom-Davies-by-Tony-McArdle-Everton-FC-4-8-2020.png","datePublished":"2020-04-08T11:24:44+00:00","dateModified":"2020-04-15T12:16:43+00:00","breadcrumb":{"@id":"https:\/\/evertonfc.cz\/index.php\/2020\/04\/08\/kviz-s-daviesom\/#breadcrumb"},"inLanguage":"cs","potentialAction":[{"@type":"ReadAction","target":["https:\/\/evertonfc.cz\/index.php\/2020\/04\/08\/kviz-s-daviesom\/"]}]},{"@type":"ImageObject","inLanguage":"cs","@id":"https:\/\/evertonfc.cz\/index.php\/2020\/04\/08\/kviz-s-daviesom\/#primaryimage","url":"https:\/\/evertonfc.cz\/wp-content\/uploads\/2020\/04\/Tom-Davies-by-Tony-McArdle-Everton-FC-4-8-2020.png","contentUrl":"https:\/\/evertonfc.cz\/wp-content\/uploads\/2020\/04\/Tom-Davies-by-Tony-McArdle-Everton-FC-4-8-2020.png","width":720,"height":405},{"@type":"BreadcrumbList","@id":"https:\/\/evertonfc.cz\/index.php\/2020\/04\/08\/kviz-s-daviesom\/#breadcrumb","itemListElement":[{"@type":"ListItem","position":1,"name":"Home","item":"https:\/\/evertonfc.cz\/"},{"@type":"ListItem","position":2,"name":"Kv\u00edz s Daviesom"}]},{"@type":"WebSite","@id":"https:\/\/evertonfc.cz\/#website","url":"https:\/\/evertonfc.cz\/","name":"Official Czech &amp; Slovak Everton Supporters&#039; Club","description":"","publisher":{"@id":"https:\/\/evertonfc.cz\/#organization"},"potentialAction":[{"@type":"SearchAction","target":{"@type":"EntryPoint","urlTemplate":"https:\/\/evertonfc.cz\/?s={search_term_string}"},"query-input":{"@type":"PropertyValueSpecification","valueRequired":true,"valueName":"search_term_string"}}],"inLanguage":"cs"},{"@type":"Organization","@id":"https:\/\/evertonfc.cz\/#organization","name":"Official Czech & Slovak Everton Supporters' Club","url":"https:\/\/evertonfc.cz\/","logo":{"@type":"ImageObject","inLanguage":"cs","@id":"https:\/\/evertonfc.cz\/#\/schema\/logo\/image\/","url":"https:\/\/evertonfc.cz\/wp-content\/uploads\/2019\/05\/logo.png","contentUrl":"https:\/\/evertonfc.cz\/wp-content\/uploads\/2019\/05\/logo.png","width":112,"height":112,"caption":"Official Czech & Slovak Everton Supporters' Club"},"image":{"@id":"https:\/\/evertonfc.cz\/#\/schema\/logo\/image\/"},"sameAs":["https:\/\/www.facebook.com\/everton.fans.cz.sk"]},{"@type":"Person","@id":"https:\/\/evertonfc.cz\/#\/schema\/person\/d4493b8cbea51532597fbc4685698916","name":"BlueBlooded","url":"https:\/\/evertonfc.cz\/index.php\/author\/admin\/"}]}},"_links":{"self":[{"href":"https:\/\/evertonfc.cz\/index.php\/wp-json\/wp\/v2\/posts\/10730"}],"collection":[{"href":"https:\/\/evertonfc.cz\/index.php\/wp-json\/wp\/v2\/posts"}],"about":[{"href":"https:\/\/evertonfc.cz\/index.php\/wp-json\/wp\/v2\/types\/post"}],"author":[{"embeddable":true,"href":"https:\/\/evertonfc.cz\/index.php\/wp-json\/wp\/v2\/users\/1"}],"replies":[{"embeddable":true,"href":"https:\/\/evertonfc.cz\/index.php\/wp-json\/wp\/v2\/comments?post=10730"}],"version-history":[{"count":7,"href":"https:\/\/evertonfc.cz\/index.php\/wp-json\/wp\/v2\/posts\/10730\/revisions"}],"predecessor-version":[{"id":10784,"href":"https:\/\/evertonfc.cz\/index.php\/wp-json\/wp\/v2\/posts\/10730\/revisions\/10784"}],"wp:featuredmedia":[{"embeddable":true,"href":"https:\/\/evertonfc.cz\/index.php\/wp-json\/wp\/v2\/media\/10731"}],"wp:attachment":[{"href":"https:\/\/evertonfc.cz\/index.php\/wp-json\/wp\/v2\/media?parent=10730"}],"wp:term":[{"taxonomy":"category","embeddable":true,"href":"https:\/\/evertonfc.cz\/index.php\/wp-json\/wp\/v2\/categories?post=10730"},{"taxonomy":"post_tag","embeddable":true,"href":"https:\/\/evertonfc.cz\/index.php\/wp-json\/wp\/v2\/tags?post=10730"}],"curies":[{"name":"wp","href":"https:\/\/api.w.org\/{rel}","templated":true}]}}