{"id":10735,"date":"2020-04-09T16:52:31","date_gmt":"2020-04-09T14:52:31","guid":{"rendered":"https:\/\/evertonfc.cz\/?p=10735"},"modified":"2020-04-27T09:25:41","modified_gmt":"2020-04-27T07:25:41","slug":"obetny-baranok-futbalista","status":"publish","type":"post","link":"https:\/\/evertonfc.cz\/index.php\/2020\/04\/09\/obetny-baranok-futbalista\/","title":{"rendered":"Obetn\u00fd bar\u00e1nok futbalista"},"content":{"rendered":"<h4>Profesia \u0161portovca, obzvl\u00e1\u0161\u0165 futbalistu, za\u010d\u00edna by\u0165 v tejto dobe a okolnostiach \u010doraz n\u00e1ro\u010dnej\u0161ia. Nie pre zv\u00fd\u0161en\u00e9 n\u00e1roky na tr\u00e1vniku, ale pre zv\u00fd\u0161en\u00fd n\u00e1tlak mimo neho.<\/h4>\n<p><em>(\u010dl\u00e1nok obsahuje subjekt\u00edvny n\u00e1zor autora)<\/em><\/p>\n<p>A\u00a0to dokonca aj ke\u010f sa nehr\u00e1. Futbal sa ve\u013emi \u010dasto st\u00e1va \u013eahk\u00fdm cie\u013eom, aj preto, kam sa v\u010faka svojej popularite dostal. Na vrchol. A\u00a0tam hraj\u00fa ve\u013ek\u00fa rolu peniaze. Pr\u00ed\u010dina sv\u00e1ru posledn\u00fdch dn\u00ed v Anglicku, medzi politikmi a\u00a0futbalov\u00fdmi osobnos\u0165ami. Ako to u\u017e b\u00fdva, topiaci sa slamky chyt\u00e1, v\u00a0tomto pr\u00edpade Matt Hancock:<\/p>\n<p><em>\u201eVzh\u013eadom na obete, ktor\u00e9 \u013eudia robia, vr\u00e1tane niektor\u00fdch mojich kolegov z NHS, ktor\u00ed vykonali najvy\u0161\u0161iu obetu a odi\u0161li do pr\u00e1ce, nakazili sa chorobou a bohu\u017eia\u013e zomreli, mysl\u00edm si, \u017ee prv\u00e1 vec, ktor\u00fa m\u00f4\u017eu futbalisti Premier League urobi\u0165, je prispie\u0165, zn\u00ed\u017ei\u0165 si plat a zohra\u0165 svoju \u00falohu.\u201c<\/em><\/p>\n<p>Britsk\u00fd minister zdravotn\u00edctva z\u010faleka nie je jedin\u00fd, ani prv\u00fd a\u00a0ani posledn\u00fd s\u00a0takouto r\u00e9torikou. Kult\u00fara zva\u013eovania viny popri vlastn\u00fdch chyb\u00e1ch nie je ni\u010d\u00edm v\u00fdnimo\u010dn\u00fdm. Vlastne aj v\u00a0pr\u00edpade, \u017ee ni\u010d nezakr\u00fdvate, poukazovanie na druh\u00fdch, bez \u0161ir\u0161ieho kontextu a priamej spojitosti, ni\u010d nikdy neprinieslo.<\/p>\n<h4><em>\u013dahk\u00fd cie\u013e<\/em><\/h4>\n<p>Kolekt\u00edvna \u201evina\u201c je v\u00a0modernej demokracii absol\u00fatne vyl\u00fa\u010den\u00e1. Mal by to vedie\u0165 aj p\u00e1n minister. Spolo\u010densk\u00e9, alebo, lep\u0161ie povedan\u00e9, etick\u00e9 faux pas preto spo\u010d\u00edva v\u00a0tom, \u017ee pouk\u00e1zal na imanie futbalistov a povrchne ich t\u00fdm p\u00e1dom vykreslil ako oby\u010dajn\u00fdch \u017eoldnierov, hoci nejeden z\u00a0nich sa venuje charite \u010di komunit\u00e1m.<\/p>\n<p>A to bez toho, aby si uvedomil proces, ak\u00fdm futbalov\u00e9 \u0161trukt\u00fary funguj\u00fa. Hr\u00e1\u010dska asoci\u00e1cia m\u00e1 ve\u013emi jasn\u00fd postoj. Vehementne odmietla spr\u00e1vy, ktor\u00e9 by nazna\u010dovali, \u017ee by blokovala v\u0161etky \u017eiadosti klubov o odlo\u017eenie miezd. Naopak, chc\u00fa zavies\u0165 \u0161trukt\u00farovan\u00fd a jednotn\u00fd pr\u00edstup, ktor\u00fd zabezpe\u010d\u00ed spravodliv\u00fd postup v jednotliv\u00fdch lig\u00e1ch.<\/p>\n<p><em>\u201eHr\u00e1\u010di, s ktor\u00fdmi sme hovorili, uznali, \u017ee nehraj\u00faci zamestnanci s\u00fa d\u00f4le\u017eitou s\u00fa\u010das\u0165ou ich klubu a nechc\u00fa by\u0165 svedkami toho, aby bol person\u00e1l klubu nespravodlivo obmedzen\u00ed. Ak\u00e9ko\u013evek pou\u017eitie vl\u00e1dnych podporn\u00fdch sch\u00e9m bez skuto\u010dnej finan\u010dnej potreby je na \u0161kodu pre \u0161ir\u0161iu spolo\u010dnos\u0165.\u201c<\/em><\/p>\n<p>Napriek tomu, \u017ee dohoda medzi ligami a hr\u00e1\u010dskou asoci\u00e1ciou e\u0161te nie je, niektor\u00ed hr\u00e1\u010di u\u017e svoje mzdy zn\u00ed\u017eili. Futbalisti Leeds United sa dobrovo\u013ene rozhodli pre odklad platov, zatia\u013e \u010do Birmingham po\u017eiadal svoje mu\u017estvo, aby prijalo 50 % odklad. V League One Portsmouth a Sunderland poslal hr\u00e1\u010dov aj person\u00e1l na neplaten\u00e9 vo\u013eno.<\/p>\n<p>V\u00a0Premier League kou\u010d The Cherries, Eddie Howe, a Graham Potter z\u00a0Brightonu, s\u00fa prv\u00fdmi dvoma mana\u017e\u00e9rmi Premier League, ktor\u00ed sa dohodli na dobrovo\u013enom zn\u00ed\u017een\u00ed ich platov. Medzit\u00fdm niektor\u00ed hr\u00e1\u010di Premier League spustili fond #PlayersTogether, z ktor\u00e9ho bud\u00fa ma\u0165 \u00fa\u017eitok charitat\u00edvne organiz\u00e1cie NHS.<\/p>\n<p>Southampton dnes tie\u017e ozn\u00e1mil, \u017ee \u0161t\u00e1tnu podporu nevyu\u017eije a ich hr\u00e1\u010di, mana\u017e\u00e9r Ralph Hasenhuttl a jeho realiza\u010dn\u00fd t\u00edm, sa dohodli, \u017ee odlo\u017eia \u010das\u0165 svojich platov na mesiace apr\u00edl, m\u00e1j a j\u00fan <em>\u201es cie\u013eom pom\u00f4c\u0165 chr\u00e1ni\u0165 bud\u00facnos\u0165 klubu, zamestnancov, ktor\u00ed v \u0148om pracuj\u00fa, a komunitu, v ktorej p\u00f4sobia.\u201c<\/em><\/p>\n<h4><em>Biznis vo futbale je ako ka\u017ed\u00fd in\u00fd. Bohu\u017eia\u013e.<\/em><\/h4>\n<p>\u00c1no, to \u017ee kluby typu Spurs a\u00a0Liverpool po\u0161l\u00fa vlastn\u00fdch zamestnancov vyu\u017e\u00edva\u0165 vl\u00e1dnu sch\u00e9mu na podporu ove\u013ea ohrozenej\u0161\u00edch a d\u00f4le\u017eitej\u0161\u00edch skup\u00edn ekonomiky, to je hodnotov\u00e1 samovra\u017eda. Mimochodom, The Reds u\u017e stihli tento krok odvola\u0165. \u010co sprav\u00ed Tottenham s\u00a0ich 550 zamestnancami na podpore, to ost\u00e1va zatia\u013e ot\u00e1zne.<\/p>\n<p>No pri minuloro\u010dnom zisku takmer 180 mili\u00f3nov libier, by sa mali zam\u00fd\u0161\u013ea\u0165 nad svoj\u00edm konan\u00edm v ot\u00e1zke mor\u00e1lky hlb\u0161ie. Matt Le Tissier, legenda Southamptonu, ver\u00ed, \u017ee tak\u00e9to konanie len po\u0161kodzuje obraz futbalu ako tak\u00e9ho. A \u010di sa naprav\u00ed, bude z\u00e1visie\u0165 od toho, ako sa kluby zachovaj\u00fa v bud\u00facnosti:<\/p>\n<p><em>\u201eMysl\u00edm si, \u017ee vyu\u017e\u00edvaj\u00fa situ\u00e1ciu, ktor\u00fa zaviedla vl\u00e1da v dobrej viere pre podniky, ktor\u00e9 s t\u00fdm z\u00e1pasia. Je \u0165a\u017ek\u00e9 pochopi\u0165, pre\u010do by to robili podniky, ktor\u00e9 dosahuj\u00fa pomerne ve\u013ek\u00e9 zisky. Pozeraj\u00fa sa na to z \u010disto obchodn\u00e9ho h\u013eadiska. Niekedy sa vo svete dej\u00fa veci, ktor\u00e9 id\u00fa nad r\u00e1mec podnikania a peniaze. Na to je potrebn\u00e9 sa znovu pozrie\u0165. Z mor\u00e1lneho h\u013eadiska.\u201c<\/em><\/p>\n<h4><em>Len futbal<\/em><\/h4>\n<p>S\u00fa tu v\u0161ak aj svetlej\u0161ie pr\u00edpady. Ako vy\u0161\u0161ie spomenut\u00ed Saints, alebo n\u00e1\u0161 Everton, Manchester United aj City, ktor\u00ed sa zaviazali, \u017ee ni\u010d tak\u00e9 v pl\u00e1ne nemaj\u00fa. Aj kv\u00f4li tomu mi st\u00e1le v\u0155ta v hlave, pre\u010do s\u00fa teda v\u0161etky svetl\u00e1 namieren\u00e9 st\u00e1le len na gu\u013eat\u00fd nezmysel. Pre\u010do s\u00fa vynechan\u00ed \u0161portovci, kluby a t\u00edmy v ostatn\u00fdch sf\u00e9rach?<\/p>\n<p><a href=\"https:\/\/www.forbes.com\/athletes\/list\/#tab:overall\" target=\"_blank\" rel=\"noopener noreferrer\">Magaz\u00edn Forbes napr\u00edklad uv\u00e1dza<\/a> najlep\u0161ie platen\u00fdch britsk\u00fdch atl\u00e9tov za rok 2019 Lewisa Hamiltona z Formuly 1 a boxera Anthonyho Joshuu. T\u00ed boli v prvej dvadsiatke. Nikto z Premier League sa nedostal ani do stovky! <span lang=\"SK\">Potom tu m\u00e1me aj in\u00e9 odvetia, ne\u017e \u0161portov\u00e9. Mo\u017eno d\u00f4le\u017eitej\u0161ie pre ekonomiku, ale v rovnakej poz\u00edcii.<\/span><\/p>\n<p>Zab\u00fada sa toti\u017eto (nevedno pre\u010do) aj na, povedzme, omnoho zahojenej\u0161\u00edch \u013eud\u00ed a\u00a0ich spolo\u010dnosti, ktor\u00e9 sa nev\u00e1haj\u00fa prihl\u00e1si\u0165 o\u00a0pomoc zo \u0161t\u00e1tnej kasy. Napr\u00edklad tak\u00fd Sir Phillip Green. Miliard\u00e1r vlastniaci Arcadia Group, zdru\u017euj\u00facu sie\u0165 obchodov, po\u017eiadal vl\u00e1du o\u00a0podporu takmer 15 000 svojich zamestnancov.<\/p>\n<p>Alebo Richard Branson a\u00a0jeho leteck\u00e1 Virgin Atlantic Airways, s\u00a0ro\u010dn\u00fdm obratom bl\u00ed\u017eiacim sa k\u00a0trom miliard\u00e1m. Osem a\u00a0pol tis\u00edc zamestnancov. Asi by sa dalo pokra\u010dova\u0165. Ka\u017ed\u00fd bude v\u00a0strate, iba\u017ee nie ka\u017ed\u00fd si to m\u00f4\u017ee dovoli\u0165. A\u00a0preto nahnevan\u00e9 reakcie z\u00a0futbalov\u00e9ho odvetvia nenechali na seba dlho \u010daka\u0165.<\/p>\n<h4><strong>Wayne Rooney vo svojom st\u013apiku v\u00a0The Sunday Times:<\/strong><\/h4>\n<p><em>\u201eJe hanba, \u010do sa za posledn\u00fdch p\u00e1r dn\u00ed udialo. Mal (Hancock) d\u00e1va\u0165 n\u00e1rodu najnov\u0161ie inform\u00e1cie o najv\u00e4\u010d\u0161ej kr\u00edze, ktorej sme v na\u0161ich \u017eivotoch \u010delili. Pre\u010do mal v\u00f4bec v\u00a0hlave platy futbalistov? Chcel z\u00fafalo odvr\u00e1ti\u0165 pozornos\u0165 od zvl\u00e1dania tejto pand\u00e9mie zo strany vl\u00e1dy?\u201c<\/em><\/p>\n<p><em>\u201eKeby ma vl\u00e1da oslovila, aby som finan\u010dne podporil zdravotn\u00e9 sestry alebo k\u00fapil ventil\u00e1tory, hrdo by som to urobil \u2013 ak by som vedel, kam peniaze p\u00f4jdu. Som v poz\u00edcii, ke\u010f sa m\u00f4\u017eem nie\u010doho vzda\u0165. Nie ka\u017ed\u00fd futbalista je v rovnakej poz\u00edcii. Pre\u010do s\u00fa futbalisti zrazu obetn\u00fdmi bar\u00e1nkami?\u201c<\/em><\/p>\n<h4><strong>Andros Townsend pre TalkSport:<\/strong><\/h4>\n<p><em>\u201eFutbal sa sna\u017e\u00ed robi\u0165 ve\u013ea dobr\u00e9ho. Zobudi\u0165 sa v\u010dera a vidie\u0165, \u017ee s\u00fa futbalisti vykres\u013eovan\u00ed ako dareb\u00e1ci, bolo trochu prekvapen\u00edm, aby som bol \u00faprimn\u00fd. Nikdy som nebol py\u0161nej\u0161\u00ed na to, \u017ee som futbalista. Odkedy sa t\u00e1to kr\u00edza za\u010dala, kone\u010dne je vidie\u0165 pr\u00e1ca, ktor\u00fa hr\u00e1\u010di a kluby vykonali v komunite.\u201c<\/em><\/p>\n<p><em>\u201eV Palace sme pom\u00e1hali bezdomovcom a prispeli miestnym charitat\u00edvnym organiz\u00e1ci\u00e1m. Jednotliv\u00ed hr\u00e1\u010di prem\u00fd\u0161\u013eaj\u00fa o sp\u00f4soboch, ktor\u00fdm m\u00f4\u017eu pom\u00f4c\u0165. Ja sa z\u00fa\u010dast\u0148ujem na kampani Football United, kde z\u00edskavam peniaze pre n\u00fadzov\u00fa nad\u00e1ciu. Marcus Rashford pomohol nak\u0155mi\u0165 viac ako 400 000 \u0161kol\u00e1kov v\u00a0Manchestri.\u201c<\/em><\/p>\n<h4><strong>Gordon Taylor, v\u00fdkonn\u00fd riadite\u013e Asoci\u00e1cie profesion\u00e1lnych futbalistov pre SkySportNews:<\/strong><\/h4>\n<p><em>\u201eNie je to tak, \u017ee hr\u00e1\u010di si neuvedomuj\u00fa v\u00e1\u017enos\u0165 toho, v \u010dom sa nach\u00e1dzame. Je to tak, \u017ee ak s\u00fa ich peniaze ovplyvnen\u00e9, chc\u00fa vedie\u0165, \u010do sa s nimi deje, a chceli by ma\u0165 na v\u00fdber, kam p\u00f4jdu. M\u00e1me ve\u013ea zahrani\u010dn\u00fdch hr\u00e1\u010dov, ktor\u00ed prich\u00e1dzaj\u00fa do tejto krajiny a t\u00ed vedia, \u010do maj\u00fa v zmluve, ktor\u00fa dostan\u00fa. A\u00a0to nie v\u017edy samozrejmos\u0165 v in\u00fdch \u010dastiach sveta kde boli. Mnoho z nich chce tie\u017e pom\u00f4c\u0165 svoj\u00edm vlastn\u00fdm krajin\u00e1m a vlastn\u00fdm rodin\u00e1m.\u201c<\/em><\/p>\n<p>Aj v\u00a0mojom skromnom okol\u00ed ve\u013emi ve\u013ea laikov poukazuje na to, ak\u00e9 horibiln\u00e9 \u010diastky prist\u00e1vaj\u00fa futbalistom na \u00fa\u010dty. A\u00a0v\u0161etci z\u00a0nich zab\u00fadaj\u00fa, \u017ee futbal si u\u017e dlh\u0161iu dobu na seba zar\u00e1ba s\u00e1m. Preto ke\u010f u\u017e, tak ukazova\u0165 prstom v \u0165a\u017ek\u00fdch \u010dasoch treba aspo\u0148 do v\u0161etk\u00fdch str\u00e1n, ke\u010f u\u017e nie\u00a0do tej spr\u00e1vnej.<\/p>\n<p style=\"text-align: right;\"><em>(foto zdroj: SkySports)<\/em><\/p>\n","protected":false},"excerpt":{"rendered":"<p>Profesia \u0161portovca, obzvl\u00e1\u0161\u0165 futbalistu, za\u010d\u00edna by\u0165 v tejto dobe a okolnostiach \u010doraz n\u00e1ro\u010dnej\u0161ia. Nie pre zv\u00fd\u0161en\u00e9 n\u00e1roky na tr\u00e1vniku, ale pre zv\u00fd\u0161en\u00fd n\u00e1tlak mimo neho.<\/p>\n","protected":false},"author":1,"featured_media":10746,"comment_status":"open","ping_status":"closed","sticky":false,"template":"","format":"standard","meta":{"_eb_attr":"","_monsterinsights_skip_tracking":false,"_monsterinsights_sitenote_active":false,"_monsterinsights_sitenote_note":"","_monsterinsights_sitenote_category":0,"footnotes":""},"categories":[39],"tags":[],"yoast_head":"<!-- This site is optimized with the Yoast SEO plugin v23.4 - https:\/\/yoast.com\/wordpress\/plugins\/seo\/ -->\n<title>Obetn\u00fd bar\u00e1nok futbalista - Official Czech &amp; Slovak Everton Supporters&#039; Club<\/title>\n<meta name=\"robots\" content=\"index, follow, max-snippet:-1, max-image-preview:large, max-video-preview:-1\" \/>\n<link rel=\"canonical\" href=\"https:\/\/evertonfc.cz\/index.php\/2020\/04\/09\/obetny-baranok-futbalista\/\" \/>\n<meta property=\"og:locale\" content=\"cs_CZ\" \/>\n<meta property=\"og:type\" content=\"article\" \/>\n<meta property=\"og:title\" content=\"Obetn\u00fd bar\u00e1nok futbalista - Official Czech &amp; Slovak Everton Supporters&#039; Club\" \/>\n<meta property=\"og:description\" content=\"Profesia \u0161portovca, obzvl\u00e1\u0161\u0165 futbalistu, za\u010d\u00edna by\u0165 v tejto dobe a okolnostiach \u010doraz n\u00e1ro\u010dnej\u0161ia. Nie pre zv\u00fd\u0161en\u00e9 n\u00e1roky na tr\u00e1vniku, ale pre zv\u00fd\u0161en\u00fd n\u00e1tlak mimo neho.\" \/>\n<meta property=\"og:url\" content=\"https:\/\/evertonfc.cz\/index.php\/2020\/04\/09\/obetny-baranok-futbalista\/\" \/>\n<meta property=\"og:site_name\" content=\"Official Czech &amp; Slovak Everton Supporters&#039; Club\" \/>\n<meta property=\"article:publisher\" content=\"https:\/\/www.facebook.com\/everton.fans.cz.sk\" \/>\n<meta property=\"article:published_time\" content=\"2020-04-09T14:52:31+00:00\" \/>\n<meta property=\"article:modified_time\" content=\"2020-04-27T07:25:41+00:00\" \/>\n<meta property=\"og:image\" content=\"https:\/\/evertonfc.cz\/wp-content\/uploads\/2020\/04\/skysports-stock-generic-ball-10-4-2020.jpg\" \/>\n\t<meta property=\"og:image:width\" content=\"720\" \/>\n\t<meta property=\"og:image:height\" content=\"405\" \/>\n\t<meta property=\"og:image:type\" content=\"image\/jpeg\" \/>\n<meta name=\"author\" content=\"BlueBlooded\" \/>\n<meta name=\"twitter:card\" content=\"summary_large_image\" \/>\n<meta name=\"twitter:label1\" content=\"Napsal(a)\" \/>\n\t<meta name=\"twitter:data1\" content=\"BlueBlooded\" \/>\n\t<meta name=\"twitter:label2\" content=\"Odhadovan\u00e1 doba \u010dten\u00ed\" \/>\n\t<meta name=\"twitter:data2\" content=\"7 minut\" \/>\n<script type=\"application\/ld+json\" class=\"yoast-schema-graph\">{\"@context\":\"https:\/\/schema.org\",\"@graph\":[{\"@type\":\"Article\",\"@id\":\"https:\/\/evertonfc.cz\/index.php\/2020\/04\/09\/obetny-baranok-futbalista\/#article\",\"isPartOf\":{\"@id\":\"https:\/\/evertonfc.cz\/index.php\/2020\/04\/09\/obetny-baranok-futbalista\/\"},\"author\":{\"name\":\"BlueBlooded\",\"@id\":\"https:\/\/evertonfc.cz\/#\/schema\/person\/d4493b8cbea51532597fbc4685698916\"},\"headline\":\"Obetn\u00fd bar\u00e1nok futbalista\",\"datePublished\":\"2020-04-09T14:52:31+00:00\",\"dateModified\":\"2020-04-27T07:25:41+00:00\",\"mainEntityOfPage\":{\"@id\":\"https:\/\/evertonfc.cz\/index.php\/2020\/04\/09\/obetny-baranok-futbalista\/\"},\"wordCount\":1471,\"commentCount\":0,\"publisher\":{\"@id\":\"https:\/\/evertonfc.cz\/#organization\"},\"image\":{\"@id\":\"https:\/\/evertonfc.cz\/index.php\/2020\/04\/09\/obetny-baranok-futbalista\/#primaryimage\"},\"thumbnailUrl\":\"https:\/\/evertonfc.cz\/wp-content\/uploads\/2020\/04\/skysports-stock-generic-ball-10-4-2020.jpg\",\"articleSection\":[\"Blog\"],\"inLanguage\":\"cs\",\"potentialAction\":[{\"@type\":\"CommentAction\",\"name\":\"Comment\",\"target\":[\"https:\/\/evertonfc.cz\/index.php\/2020\/04\/09\/obetny-baranok-futbalista\/#respond\"]}]},{\"@type\":\"WebPage\",\"@id\":\"https:\/\/evertonfc.cz\/index.php\/2020\/04\/09\/obetny-baranok-futbalista\/\",\"url\":\"https:\/\/evertonfc.cz\/index.php\/2020\/04\/09\/obetny-baranok-futbalista\/\",\"name\":\"Obetn\u00fd bar\u00e1nok futbalista - Official Czech &amp; Slovak Everton Supporters&#039; Club\",\"isPartOf\":{\"@id\":\"https:\/\/evertonfc.cz\/#website\"},\"primaryImageOfPage\":{\"@id\":\"https:\/\/evertonfc.cz\/index.php\/2020\/04\/09\/obetny-baranok-futbalista\/#primaryimage\"},\"image\":{\"@id\":\"https:\/\/evertonfc.cz\/index.php\/2020\/04\/09\/obetny-baranok-futbalista\/#primaryimage\"},\"thumbnailUrl\":\"https:\/\/evertonfc.cz\/wp-content\/uploads\/2020\/04\/skysports-stock-generic-ball-10-4-2020.jpg\",\"datePublished\":\"2020-04-09T14:52:31+00:00\",\"dateModified\":\"2020-04-27T07:25:41+00:00\",\"breadcrumb\":{\"@id\":\"https:\/\/evertonfc.cz\/index.php\/2020\/04\/09\/obetny-baranok-futbalista\/#breadcrumb\"},\"inLanguage\":\"cs\",\"potentialAction\":[{\"@type\":\"ReadAction\",\"target\":[\"https:\/\/evertonfc.cz\/index.php\/2020\/04\/09\/obetny-baranok-futbalista\/\"]}]},{\"@type\":\"ImageObject\",\"inLanguage\":\"cs\",\"@id\":\"https:\/\/evertonfc.cz\/index.php\/2020\/04\/09\/obetny-baranok-futbalista\/#primaryimage\",\"url\":\"https:\/\/evertonfc.cz\/wp-content\/uploads\/2020\/04\/skysports-stock-generic-ball-10-4-2020.jpg\",\"contentUrl\":\"https:\/\/evertonfc.cz\/wp-content\/uploads\/2020\/04\/skysports-stock-generic-ball-10-4-2020.jpg\",\"width\":720,\"height\":405},{\"@type\":\"BreadcrumbList\",\"@id\":\"https:\/\/evertonfc.cz\/index.php\/2020\/04\/09\/obetny-baranok-futbalista\/#breadcrumb\",\"itemListElement\":[{\"@type\":\"ListItem\",\"position\":1,\"name\":\"Home\",\"item\":\"https:\/\/evertonfc.cz\/\"},{\"@type\":\"ListItem\",\"position\":2,\"name\":\"Obetn\u00fd bar\u00e1nok futbalista\"}]},{\"@type\":\"WebSite\",\"@id\":\"https:\/\/evertonfc.cz\/#website\",\"url\":\"https:\/\/evertonfc.cz\/\",\"name\":\"Official Czech &amp; Slovak Everton Supporters&#039; Club\",\"description\":\"\",\"publisher\":{\"@id\":\"https:\/\/evertonfc.cz\/#organization\"},\"potentialAction\":[{\"@type\":\"SearchAction\",\"target\":{\"@type\":\"EntryPoint\",\"urlTemplate\":\"https:\/\/evertonfc.cz\/?s={search_term_string}\"},\"query-input\":{\"@type\":\"PropertyValueSpecification\",\"valueRequired\":true,\"valueName\":\"search_term_string\"}}],\"inLanguage\":\"cs\"},{\"@type\":\"Organization\",\"@id\":\"https:\/\/evertonfc.cz\/#organization\",\"name\":\"Official Czech & Slovak Everton Supporters' Club\",\"url\":\"https:\/\/evertonfc.cz\/\",\"logo\":{\"@type\":\"ImageObject\",\"inLanguage\":\"cs\",\"@id\":\"https:\/\/evertonfc.cz\/#\/schema\/logo\/image\/\",\"url\":\"https:\/\/evertonfc.cz\/wp-content\/uploads\/2019\/05\/logo.png\",\"contentUrl\":\"https:\/\/evertonfc.cz\/wp-content\/uploads\/2019\/05\/logo.png\",\"width\":112,\"height\":112,\"caption\":\"Official Czech & Slovak Everton Supporters' Club\"},\"image\":{\"@id\":\"https:\/\/evertonfc.cz\/#\/schema\/logo\/image\/\"},\"sameAs\":[\"https:\/\/www.facebook.com\/everton.fans.cz.sk\"]},{\"@type\":\"Person\",\"@id\":\"https:\/\/evertonfc.cz\/#\/schema\/person\/d4493b8cbea51532597fbc4685698916\",\"name\":\"BlueBlooded\",\"url\":\"https:\/\/evertonfc.cz\/index.php\/author\/admin\/\"}]}<\/script>\n<!-- \/ Yoast SEO plugin. -->","yoast_head_json":{"title":"Obetn\u00fd bar\u00e1nok futbalista - Official Czech &amp; Slovak Everton Supporters&#039; Club","robots":{"index":"index","follow":"follow","max-snippet":"max-snippet:-1","max-image-preview":"max-image-preview:large","max-video-preview":"max-video-preview:-1"},"canonical":"https:\/\/evertonfc.cz\/index.php\/2020\/04\/09\/obetny-baranok-futbalista\/","og_locale":"cs_CZ","og_type":"article","og_title":"Obetn\u00fd bar\u00e1nok futbalista - Official Czech &amp; Slovak Everton Supporters&#039; Club","og_description":"Profesia \u0161portovca, obzvl\u00e1\u0161\u0165 futbalistu, za\u010d\u00edna by\u0165 v tejto dobe a okolnostiach \u010doraz n\u00e1ro\u010dnej\u0161ia. Nie pre zv\u00fd\u0161en\u00e9 n\u00e1roky na tr\u00e1vniku, ale pre zv\u00fd\u0161en\u00fd n\u00e1tlak mimo neho.","og_url":"https:\/\/evertonfc.cz\/index.php\/2020\/04\/09\/obetny-baranok-futbalista\/","og_site_name":"Official Czech &amp; Slovak Everton Supporters&#039; Club","article_publisher":"https:\/\/www.facebook.com\/everton.fans.cz.sk","article_published_time":"2020-04-09T14:52:31+00:00","article_modified_time":"2020-04-27T07:25:41+00:00","og_image":[{"width":720,"height":405,"url":"https:\/\/evertonfc.cz\/wp-content\/uploads\/2020\/04\/skysports-stock-generic-ball-10-4-2020.jpg","type":"image\/jpeg"}],"author":"BlueBlooded","twitter_card":"summary_large_image","twitter_misc":{"Napsal(a)":"BlueBlooded","Odhadovan\u00e1 doba \u010dten\u00ed":"7 minut"},"schema":{"@context":"https:\/\/schema.org","@graph":[{"@type":"Article","@id":"https:\/\/evertonfc.cz\/index.php\/2020\/04\/09\/obetny-baranok-futbalista\/#article","isPartOf":{"@id":"https:\/\/evertonfc.cz\/index.php\/2020\/04\/09\/obetny-baranok-futbalista\/"},"author":{"name":"BlueBlooded","@id":"https:\/\/evertonfc.cz\/#\/schema\/person\/d4493b8cbea51532597fbc4685698916"},"headline":"Obetn\u00fd bar\u00e1nok futbalista","datePublished":"2020-04-09T14:52:31+00:00","dateModified":"2020-04-27T07:25:41+00:00","mainEntityOfPage":{"@id":"https:\/\/evertonfc.cz\/index.php\/2020\/04\/09\/obetny-baranok-futbalista\/"},"wordCount":1471,"commentCount":0,"publisher":{"@id":"https:\/\/evertonfc.cz\/#organization"},"image":{"@id":"https:\/\/evertonfc.cz\/index.php\/2020\/04\/09\/obetny-baranok-futbalista\/#primaryimage"},"thumbnailUrl":"https:\/\/evertonfc.cz\/wp-content\/uploads\/2020\/04\/skysports-stock-generic-ball-10-4-2020.jpg","articleSection":["Blog"],"inLanguage":"cs","potentialAction":[{"@type":"CommentAction","name":"Comment","target":["https:\/\/evertonfc.cz\/index.php\/2020\/04\/09\/obetny-baranok-futbalista\/#respond"]}]},{"@type":"WebPage","@id":"https:\/\/evertonfc.cz\/index.php\/2020\/04\/09\/obetny-baranok-futbalista\/","url":"https:\/\/evertonfc.cz\/index.php\/2020\/04\/09\/obetny-baranok-futbalista\/","name":"Obetn\u00fd bar\u00e1nok futbalista - Official Czech &amp; Slovak Everton Supporters&#039; Club","isPartOf":{"@id":"https:\/\/evertonfc.cz\/#website"},"primaryImageOfPage":{"@id":"https:\/\/evertonfc.cz\/index.php\/2020\/04\/09\/obetny-baranok-futbalista\/#primaryimage"},"image":{"@id":"https:\/\/evertonfc.cz\/index.php\/2020\/04\/09\/obetny-baranok-futbalista\/#primaryimage"},"thumbnailUrl":"https:\/\/evertonfc.cz\/wp-content\/uploads\/2020\/04\/skysports-stock-generic-ball-10-4-2020.jpg","datePublished":"2020-04-09T14:52:31+00:00","dateModified":"2020-04-27T07:25:41+00:00","breadcrumb":{"@id":"https:\/\/evertonfc.cz\/index.php\/2020\/04\/09\/obetny-baranok-futbalista\/#breadcrumb"},"inLanguage":"cs","potentialAction":[{"@type":"ReadAction","target":["https:\/\/evertonfc.cz\/index.php\/2020\/04\/09\/obetny-baranok-futbalista\/"]}]},{"@type":"ImageObject","inLanguage":"cs","@id":"https:\/\/evertonfc.cz\/index.php\/2020\/04\/09\/obetny-baranok-futbalista\/#primaryimage","url":"https:\/\/evertonfc.cz\/wp-content\/uploads\/2020\/04\/skysports-stock-generic-ball-10-4-2020.jpg","contentUrl":"https:\/\/evertonfc.cz\/wp-content\/uploads\/2020\/04\/skysports-stock-generic-ball-10-4-2020.jpg","width":720,"height":405},{"@type":"BreadcrumbList","@id":"https:\/\/evertonfc.cz\/index.php\/2020\/04\/09\/obetny-baranok-futbalista\/#breadcrumb","itemListElement":[{"@type":"ListItem","position":1,"name":"Home","item":"https:\/\/evertonfc.cz\/"},{"@type":"ListItem","position":2,"name":"Obetn\u00fd bar\u00e1nok futbalista"}]},{"@type":"WebSite","@id":"https:\/\/evertonfc.cz\/#website","url":"https:\/\/evertonfc.cz\/","name":"Official Czech &amp; Slovak Everton Supporters&#039; Club","description":"","publisher":{"@id":"https:\/\/evertonfc.cz\/#organization"},"potentialAction":[{"@type":"SearchAction","target":{"@type":"EntryPoint","urlTemplate":"https:\/\/evertonfc.cz\/?s={search_term_string}"},"query-input":{"@type":"PropertyValueSpecification","valueRequired":true,"valueName":"search_term_string"}}],"inLanguage":"cs"},{"@type":"Organization","@id":"https:\/\/evertonfc.cz\/#organization","name":"Official Czech & Slovak Everton Supporters' Club","url":"https:\/\/evertonfc.cz\/","logo":{"@type":"ImageObject","inLanguage":"cs","@id":"https:\/\/evertonfc.cz\/#\/schema\/logo\/image\/","url":"https:\/\/evertonfc.cz\/wp-content\/uploads\/2019\/05\/logo.png","contentUrl":"https:\/\/evertonfc.cz\/wp-content\/uploads\/2019\/05\/logo.png","width":112,"height":112,"caption":"Official Czech & Slovak Everton Supporters' Club"},"image":{"@id":"https:\/\/evertonfc.cz\/#\/schema\/logo\/image\/"},"sameAs":["https:\/\/www.facebook.com\/everton.fans.cz.sk"]},{"@type":"Person","@id":"https:\/\/evertonfc.cz\/#\/schema\/person\/d4493b8cbea51532597fbc4685698916","name":"BlueBlooded","url":"https:\/\/evertonfc.cz\/index.php\/author\/admin\/"}]}},"_links":{"self":[{"href":"https:\/\/evertonfc.cz\/index.php\/wp-json\/wp\/v2\/posts\/10735"}],"collection":[{"href":"https:\/\/evertonfc.cz\/index.php\/wp-json\/wp\/v2\/posts"}],"about":[{"href":"https:\/\/evertonfc.cz\/index.php\/wp-json\/wp\/v2\/types\/post"}],"author":[{"embeddable":true,"href":"https:\/\/evertonfc.cz\/index.php\/wp-json\/wp\/v2\/users\/1"}],"replies":[{"embeddable":true,"href":"https:\/\/evertonfc.cz\/index.php\/wp-json\/wp\/v2\/comments?post=10735"}],"version-history":[{"count":12,"href":"https:\/\/evertonfc.cz\/index.php\/wp-json\/wp\/v2\/posts\/10735\/revisions"}],"predecessor-version":[{"id":10867,"href":"https:\/\/evertonfc.cz\/index.php\/wp-json\/wp\/v2\/posts\/10735\/revisions\/10867"}],"wp:featuredmedia":[{"embeddable":true,"href":"https:\/\/evertonfc.cz\/index.php\/wp-json\/wp\/v2\/media\/10746"}],"wp:attachment":[{"href":"https:\/\/evertonfc.cz\/index.php\/wp-json\/wp\/v2\/media?parent=10735"}],"wp:term":[{"taxonomy":"category","embeddable":true,"href":"https:\/\/evertonfc.cz\/index.php\/wp-json\/wp\/v2\/categories?post=10735"},{"taxonomy":"post_tag","embeddable":true,"href":"https:\/\/evertonfc.cz\/index.php\/wp-json\/wp\/v2\/tags?post=10735"}],"curies":[{"name":"wp","href":"https:\/\/api.w.org\/{rel}","templated":true}]}}