{"id":10754,"date":"2020-04-10T18:47:01","date_gmt":"2020-04-10T16:47:01","guid":{"rendered":"https:\/\/evertonfc.cz\/?p=10754"},"modified":"2020-04-27T09:27:39","modified_gmt":"2020-04-27T07:27:39","slug":"bernard-odmietol-spekulacie","status":"publish","type":"post","link":"https:\/\/evertonfc.cz\/index.php\/2020\/04\/10\/bernard-odmietol-spekulacie\/","title":{"rendered":"Bernard odmietol \u0161pekul\u00e1cie"},"content":{"rendered":"<h4>Braz\u00edlsky z\u00e1lo\u017en\u00edk aj v\u00a0\u010dasoch bez futbalu nem\u00e1 n\u00fadzu o pozornos\u0165. Najnov\u0161ie sa stal v\u010fa\u010dn\u00fdm objektom novin\u00e1rov, ktor\u00fd ho za\u010dali sp\u00e1ja\u0165 s\u00a0odchodom do Talianska.<\/h4>\n<p><span lang=\"SK\">Tak\u00e9to inform\u00e1cie priniesli m\u00e9dia typu Calciomercato.com, \u010di LaRoma24.it a\u00a0postupne ich prebrali aj niektor\u00e9 anglick\u00e9 m\u00e9di\u00e1. Spr\u00e1vy sa mierne l\u00ed\u0161ia, ale v\u00a0podstate hovoria o\u00a0tom, \u017ee n\u00e1\u0161 \u013eav\u00fd kr\u00eddeln\u00edk s\u00a0\u010d\u00edslom dvadsa\u0165 doposia\u013e pr\u00edli\u0161 neoslnil a\u00a0Everton by mohol by\u0165 naklonen\u00fd k\u00a0spe\u0148a\u017eeniu hr\u00e1\u010da, ktor\u00e9ho z\u00edskal zadarmo.<\/span><\/p>\n<p><span lang=\"SK\">Rod\u00e1k z Belohorizonte toti\u017e pri\u0161iel na Merseyside v auguste 2018 potom, \u010do mu v ukrajinskom \u0160achtare Doneck vypr\u0161ala zmluva. Jeho plat sa vraj aj kv\u00f4li tomu pohybuje okolo sumy 120 000 libier t\u00fd\u017edenne. Marco Silva spolu s Marcelom Brandsom podp\u00edsali vtedy s 26-ro\u010dn\u00fdm hr\u00e1\u010dom kontrakt do leta 2022.<\/span><\/p>\n<p><span lang=\"SK\">\u0160ikovn\u00fd kr\u00eddeln\u00edk s neuverite\u013en\u00fdm citom pre loptu sa stal takmer okam\u017eite \u010dlenom z\u00e1kladnej zostavy, ke\u010f vytvoril nerozlu\u010dn\u00e9 partnerstvo s \u013eav\u00fdm obrancom Lucasom Dignem. Po\u010das debutovej sez\u00f3ny, v ktorej si musel prejs\u0165 aklimatiz\u00e1ciou na nov\u00fd \u0161t\u00fdl futbalu, zaknihoval v 36 z\u00e1pasoch dva g\u00f3ly a \u0161tyri asistencie vo v\u0161etk\u00fdch s\u00fa\u0165a\u017eiach.<\/span><\/p>\n<p><span lang=\"SK\">V\u00a0tomto ro\u010dn\u00edku za\u010dal v\u00fdkonmi s\u013eubne, nepomohlo mu v\u0161ak zranenie kolena a zl\u00e1 forma t\u00edmu. T\u00e1 nakoniec vy\u00fastila k\u00a0vyhodeniu Silvu. N\u00e1stupca Ancelotti priniesol so sebou aj nov\u00fd \u0161t\u00fdl hry. Oproti predchodcovmu 4-2-3-1 zvolil rigidnej\u0161\u00ed syst\u00e9m s\u00a0dvomi \u00fato\u010dn\u00edkmi, ktor\u00fdm nadviazal na pr\u00e1cu do\u010dasn\u00e9ho kou\u010da Fergusona.<\/span><\/p>\n<h4>Men\u0161ia d\u00f4vera Ancelottiho<\/h4>\n<p><span lang=\"SK\">Sprvu to vyzeralo, \u017ee by sa v\u00a0\u0148om Bernard mohol uchyti\u0165 ako falo\u0161n\u00e9 kr\u00eddlo. Len\u017ee postupom \u010dasu vysvitlo, \u017ee Talian preferuje na kr\u00eddelnej poz\u00edcii robustnej\u0161\u00edch hr\u00e1\u010dov typu Sigurdsson alebo Iwobi. Braz\u00edl\u010dan sa preto ocitol na lavi\u010dke n\u00e1hradn\u00edkov a\u00a0to zrejme vzbudilo z\u00e1ujem senz\u00e1cie chtiv\u00fdch report\u00e9rov na Apeninskom polostrove.<\/span><\/p>\n<p><span lang=\"SK\">The Toffees pod\u013ea nich pon\u00fakli Bernarda r\u00edmskym AS. Spom\u00edna sa aj meno Lorenza Pellegriniho, ktor\u00e9ho by Ancelotti \u00fadajne r\u00e1d z\u00edskal, a\u00a0Bernard by mohol posl\u00fa\u017ei\u0165 ako \u010das\u0165 sumy v\u00fdkupnej klauzuly, ktor\u00fa m\u00e1 23-ro\u010dn\u00fd stredn\u00fd z\u00e1lo\u017en\u00edk vo v\u00fd\u0161ke \u00a326,5 mili\u00f3na. D\u00e1vaj\u00fa v\u00f4bec tieto f\u00e1my nejak\u00fd zmysel?<\/span><\/p>\n<p><span lang=\"SK\">Logicky ur\u010dite \u00e1no. Bernard u\u017e nem\u00e1 tak\u00fa pevn\u00fa p\u00f4du pod nohami, ako tomu bolo za re\u017eimu Marca Silvu. Taktie\u017e nevedno, \u010do v R\u00edme urobia s hos\u0165ovan\u00edm Henrikha Mkhitaryana s Arsenalu. A pr\u00edchod nov\u00e9ho z\u00e1lo\u017en\u00edka Karamelky rozhodne potrebuj\u00fa. A nepodce\u0148ujme ani skuto\u010dnos\u0165, \u017ee AS vedie Paulo Fonseca, ex-kou\u010d \u0160achtaru.<\/span><\/p>\n<p><span lang=\"SK\">M\u00e1 to v\u0161ak aj svoje h\u00e1\u010diky, ako ka\u017ed\u00e1 dobr\u00e1 futbalov\u00e1 ka\u010dica. V prvom rade, Bernard st\u00e1le patr\u00ed medzi lep\u0161\u00edch hr\u00e1\u010dov k\u00e1dra a hoci mu bude v septembri u\u017e 28 rokov, st\u00e1le sa n\u00e1jdu aj zbyto\u010dnej\u0161ie men\u00e1 na zozname. Po druh\u00e9, samotn\u00fd hr\u00e1\u010d tak\u00e9to nie\u010do poprel cez svoje twitterov\u00e9 konto slovami <em>\u201eToto je lo\u017e\u201c<\/em>.<\/span><\/p>\n<blockquote class=\"twitter-tweet\" data-width=\"550\" data-dnt=\"true\">\n<p lang=\"en\" dir=\"ltr\">That clears that up. <a href=\"https:\/\/t.co\/1ACotE9sYg\">pic.twitter.com\/1ACotE9sYg<\/a><\/p>\n<p>&mdash; Tom ?? (@CarIoMagnifico_) <a href=\"https:\/\/twitter.com\/CarIoMagnifico_\/status\/1246116130827177984?ref_src=twsrc%5Etfw\">April 3, 2020<\/a><\/p><\/blockquote>\n<p><script async src=\"https:\/\/platform.twitter.com\/widgets.js\" charset=\"utf-8\"><\/script><\/p>\n<p><span lang=\"SK\">Po t\u00fdchto slov\u00e1ch asi k\u00a0tomu viac dod\u00e1va\u0165 ani netreba. Ale osobne si mysl\u00edm, \u017ee stoj\u00ed za zv\u00e1\u017eenie, \u010di sa klub eventu\u00e1lne m\u00f4\u017ee nakloni\u0165 k\u00a0mo\u017en\u00e9mu predaju Braz\u00edl\u010dana v\u00a0\u010dase, ke\u010f sa bude pravdepodobne pot\u00fdka\u0165 s\u00a0finan\u010dn\u00fdmi n\u00e1sledkami kr\u00edzy koronav\u00edrusu. Rovnako, ako zvy\u0161ok futbalov\u00e9ho sveta.<\/span><\/p>\n<p><em>Dajte n\u00e1m vedie\u0165 v koment\u00e1roch, \u010do si mysl\u00edte o Bernardovi. M\u00e1 pod\u013ea v\u00e1s e\u0161te \u0161ancu v Evertone pod Ancelottim? Alebo bude lep\u0161ie ak ho klub spe\u0148a\u017e\u00ed?<\/em><\/p>\n<p style=\"text-align: right;\">(foto zdroj: SkySports-edited)<\/p>\n","protected":false},"excerpt":{"rendered":"<p>Braz\u00edlsky z\u00e1lo\u017en\u00edk aj v \u010dasoch bez futbalu nem\u00e1 n\u00fadzu o pozornos\u0165. Najnov\u0161ie sa stal v\u010fa\u010dn\u00fdm objektom novin\u00e1rov, ktor\u00fd ho za\u010dali sp\u00e1ja\u0165 s odchodom do Talianska. <\/p>\n","protected":false},"author":1,"featured_media":10755,"comment_status":"open","ping_status":"closed","sticky":false,"template":"","format":"standard","meta":{"_eb_attr":"","_monsterinsights_skip_tracking":false,"_monsterinsights_sitenote_active":false,"_monsterinsights_sitenote_note":"","_monsterinsights_sitenote_category":0,"footnotes":""},"categories":[42],"tags":[],"yoast_head":"<!-- This site is optimized with the Yoast SEO plugin v23.4 - https:\/\/yoast.com\/wordpress\/plugins\/seo\/ -->\n<title>Bernard odmietol \u0161pekul\u00e1cie - Official Czech &amp; Slovak Everton Supporters&#039; Club<\/title>\n<meta name=\"robots\" content=\"index, follow, max-snippet:-1, max-image-preview:large, max-video-preview:-1\" \/>\n<link rel=\"canonical\" href=\"https:\/\/evertonfc.cz\/index.php\/2020\/04\/10\/bernard-odmietol-spekulacie\/\" \/>\n<meta property=\"og:locale\" content=\"cs_CZ\" \/>\n<meta property=\"og:type\" content=\"article\" \/>\n<meta property=\"og:title\" content=\"Bernard odmietol \u0161pekul\u00e1cie - Official Czech &amp; Slovak Everton Supporters&#039; Club\" \/>\n<meta property=\"og:description\" content=\"Braz\u00edlsky z\u00e1lo\u017en\u00edk aj v \u010dasoch bez futbalu nem\u00e1 n\u00fadzu o pozornos\u0165. Najnov\u0161ie sa stal v\u010fa\u010dn\u00fdm objektom novin\u00e1rov, ktor\u00fd ho za\u010dali sp\u00e1ja\u0165 s odchodom do Talianska.\" \/>\n<meta property=\"og:url\" content=\"https:\/\/evertonfc.cz\/index.php\/2020\/04\/10\/bernard-odmietol-spekulacie\/\" \/>\n<meta property=\"og:site_name\" content=\"Official Czech &amp; Slovak Everton Supporters&#039; Club\" \/>\n<meta property=\"article:publisher\" content=\"https:\/\/www.facebook.com\/everton.fans.cz.sk\" \/>\n<meta property=\"article:published_time\" content=\"2020-04-10T16:47:01+00:00\" \/>\n<meta property=\"article:modified_time\" content=\"2020-04-27T07:27:39+00:00\" \/>\n<meta property=\"og:image\" content=\"https:\/\/evertonfc.cz\/wp-content\/uploads\/2020\/04\/Bernard-Roma-SkySports-10-4-2020.jpg.jpg\" \/>\n\t<meta property=\"og:image:width\" content=\"720\" \/>\n\t<meta property=\"og:image:height\" content=\"405\" \/>\n\t<meta property=\"og:image:type\" content=\"image\/jpeg\" \/>\n<meta name=\"author\" content=\"BlueBlooded\" \/>\n<meta name=\"twitter:card\" content=\"summary_large_image\" \/>\n<meta name=\"twitter:label1\" content=\"Napsal(a)\" \/>\n\t<meta name=\"twitter:data1\" content=\"BlueBlooded\" \/>\n\t<meta name=\"twitter:label2\" content=\"Odhadovan\u00e1 doba \u010dten\u00ed\" \/>\n\t<meta name=\"twitter:data2\" content=\"3 minuty\" \/>\n<script type=\"application\/ld+json\" class=\"yoast-schema-graph\">{\"@context\":\"https:\/\/schema.org\",\"@graph\":[{\"@type\":\"Article\",\"@id\":\"https:\/\/evertonfc.cz\/index.php\/2020\/04\/10\/bernard-odmietol-spekulacie\/#article\",\"isPartOf\":{\"@id\":\"https:\/\/evertonfc.cz\/index.php\/2020\/04\/10\/bernard-odmietol-spekulacie\/\"},\"author\":{\"name\":\"BlueBlooded\",\"@id\":\"https:\/\/evertonfc.cz\/#\/schema\/person\/d4493b8cbea51532597fbc4685698916\"},\"headline\":\"Bernard odmietol \u0161pekul\u00e1cie\",\"datePublished\":\"2020-04-10T16:47:01+00:00\",\"dateModified\":\"2020-04-27T07:27:39+00:00\",\"mainEntityOfPage\":{\"@id\":\"https:\/\/evertonfc.cz\/index.php\/2020\/04\/10\/bernard-odmietol-spekulacie\/\"},\"wordCount\":671,\"commentCount\":2,\"publisher\":{\"@id\":\"https:\/\/evertonfc.cz\/#organization\"},\"image\":{\"@id\":\"https:\/\/evertonfc.cz\/index.php\/2020\/04\/10\/bernard-odmietol-spekulacie\/#primaryimage\"},\"thumbnailUrl\":\"https:\/\/evertonfc.cz\/wp-content\/uploads\/2020\/04\/Bernard-Roma-SkySports-10-4-2020.jpg.jpg\",\"articleSection\":[\"Aktuality\"],\"inLanguage\":\"cs\",\"potentialAction\":[{\"@type\":\"CommentAction\",\"name\":\"Comment\",\"target\":[\"https:\/\/evertonfc.cz\/index.php\/2020\/04\/10\/bernard-odmietol-spekulacie\/#respond\"]}]},{\"@type\":\"WebPage\",\"@id\":\"https:\/\/evertonfc.cz\/index.php\/2020\/04\/10\/bernard-odmietol-spekulacie\/\",\"url\":\"https:\/\/evertonfc.cz\/index.php\/2020\/04\/10\/bernard-odmietol-spekulacie\/\",\"name\":\"Bernard odmietol \u0161pekul\u00e1cie - Official Czech &amp; Slovak Everton Supporters&#039; Club\",\"isPartOf\":{\"@id\":\"https:\/\/evertonfc.cz\/#website\"},\"primaryImageOfPage\":{\"@id\":\"https:\/\/evertonfc.cz\/index.php\/2020\/04\/10\/bernard-odmietol-spekulacie\/#primaryimage\"},\"image\":{\"@id\":\"https:\/\/evertonfc.cz\/index.php\/2020\/04\/10\/bernard-odmietol-spekulacie\/#primaryimage\"},\"thumbnailUrl\":\"https:\/\/evertonfc.cz\/wp-content\/uploads\/2020\/04\/Bernard-Roma-SkySports-10-4-2020.jpg.jpg\",\"datePublished\":\"2020-04-10T16:47:01+00:00\",\"dateModified\":\"2020-04-27T07:27:39+00:00\",\"breadcrumb\":{\"@id\":\"https:\/\/evertonfc.cz\/index.php\/2020\/04\/10\/bernard-odmietol-spekulacie\/#breadcrumb\"},\"inLanguage\":\"cs\",\"potentialAction\":[{\"@type\":\"ReadAction\",\"target\":[\"https:\/\/evertonfc.cz\/index.php\/2020\/04\/10\/bernard-odmietol-spekulacie\/\"]}]},{\"@type\":\"ImageObject\",\"inLanguage\":\"cs\",\"@id\":\"https:\/\/evertonfc.cz\/index.php\/2020\/04\/10\/bernard-odmietol-spekulacie\/#primaryimage\",\"url\":\"https:\/\/evertonfc.cz\/wp-content\/uploads\/2020\/04\/Bernard-Roma-SkySports-10-4-2020.jpg.jpg\",\"contentUrl\":\"https:\/\/evertonfc.cz\/wp-content\/uploads\/2020\/04\/Bernard-Roma-SkySports-10-4-2020.jpg.jpg\",\"width\":720,\"height\":405},{\"@type\":\"BreadcrumbList\",\"@id\":\"https:\/\/evertonfc.cz\/index.php\/2020\/04\/10\/bernard-odmietol-spekulacie\/#breadcrumb\",\"itemListElement\":[{\"@type\":\"ListItem\",\"position\":1,\"name\":\"Home\",\"item\":\"https:\/\/evertonfc.cz\/\"},{\"@type\":\"ListItem\",\"position\":2,\"name\":\"Bernard odmietol \u0161pekul\u00e1cie\"}]},{\"@type\":\"WebSite\",\"@id\":\"https:\/\/evertonfc.cz\/#website\",\"url\":\"https:\/\/evertonfc.cz\/\",\"name\":\"Official Czech &amp; Slovak Everton Supporters&#039; Club\",\"description\":\"\",\"publisher\":{\"@id\":\"https:\/\/evertonfc.cz\/#organization\"},\"potentialAction\":[{\"@type\":\"SearchAction\",\"target\":{\"@type\":\"EntryPoint\",\"urlTemplate\":\"https:\/\/evertonfc.cz\/?s={search_term_string}\"},\"query-input\":{\"@type\":\"PropertyValueSpecification\",\"valueRequired\":true,\"valueName\":\"search_term_string\"}}],\"inLanguage\":\"cs\"},{\"@type\":\"Organization\",\"@id\":\"https:\/\/evertonfc.cz\/#organization\",\"name\":\"Official Czech & Slovak Everton Supporters' Club\",\"url\":\"https:\/\/evertonfc.cz\/\",\"logo\":{\"@type\":\"ImageObject\",\"inLanguage\":\"cs\",\"@id\":\"https:\/\/evertonfc.cz\/#\/schema\/logo\/image\/\",\"url\":\"https:\/\/evertonfc.cz\/wp-content\/uploads\/2019\/05\/logo.png\",\"contentUrl\":\"https:\/\/evertonfc.cz\/wp-content\/uploads\/2019\/05\/logo.png\",\"width\":112,\"height\":112,\"caption\":\"Official Czech & Slovak Everton Supporters' Club\"},\"image\":{\"@id\":\"https:\/\/evertonfc.cz\/#\/schema\/logo\/image\/\"},\"sameAs\":[\"https:\/\/www.facebook.com\/everton.fans.cz.sk\"]},{\"@type\":\"Person\",\"@id\":\"https:\/\/evertonfc.cz\/#\/schema\/person\/d4493b8cbea51532597fbc4685698916\",\"name\":\"BlueBlooded\",\"url\":\"https:\/\/evertonfc.cz\/index.php\/author\/admin\/\"}]}<\/script>\n<!-- \/ Yoast SEO plugin. -->","yoast_head_json":{"title":"Bernard odmietol \u0161pekul\u00e1cie - Official Czech &amp; Slovak Everton Supporters&#039; Club","robots":{"index":"index","follow":"follow","max-snippet":"max-snippet:-1","max-image-preview":"max-image-preview:large","max-video-preview":"max-video-preview:-1"},"canonical":"https:\/\/evertonfc.cz\/index.php\/2020\/04\/10\/bernard-odmietol-spekulacie\/","og_locale":"cs_CZ","og_type":"article","og_title":"Bernard odmietol \u0161pekul\u00e1cie - Official Czech &amp; Slovak Everton Supporters&#039; Club","og_description":"Braz\u00edlsky z\u00e1lo\u017en\u00edk aj v \u010dasoch bez futbalu nem\u00e1 n\u00fadzu o pozornos\u0165. Najnov\u0161ie sa stal v\u010fa\u010dn\u00fdm objektom novin\u00e1rov, ktor\u00fd ho za\u010dali sp\u00e1ja\u0165 s odchodom do Talianska.","og_url":"https:\/\/evertonfc.cz\/index.php\/2020\/04\/10\/bernard-odmietol-spekulacie\/","og_site_name":"Official Czech &amp; Slovak Everton Supporters&#039; Club","article_publisher":"https:\/\/www.facebook.com\/everton.fans.cz.sk","article_published_time":"2020-04-10T16:47:01+00:00","article_modified_time":"2020-04-27T07:27:39+00:00","og_image":[{"width":720,"height":405,"url":"https:\/\/evertonfc.cz\/wp-content\/uploads\/2020\/04\/Bernard-Roma-SkySports-10-4-2020.jpg.jpg","type":"image\/jpeg"}],"author":"BlueBlooded","twitter_card":"summary_large_image","twitter_misc":{"Napsal(a)":"BlueBlooded","Odhadovan\u00e1 doba \u010dten\u00ed":"3 minuty"},"schema":{"@context":"https:\/\/schema.org","@graph":[{"@type":"Article","@id":"https:\/\/evertonfc.cz\/index.php\/2020\/04\/10\/bernard-odmietol-spekulacie\/#article","isPartOf":{"@id":"https:\/\/evertonfc.cz\/index.php\/2020\/04\/10\/bernard-odmietol-spekulacie\/"},"author":{"name":"BlueBlooded","@id":"https:\/\/evertonfc.cz\/#\/schema\/person\/d4493b8cbea51532597fbc4685698916"},"headline":"Bernard odmietol \u0161pekul\u00e1cie","datePublished":"2020-04-10T16:47:01+00:00","dateModified":"2020-04-27T07:27:39+00:00","mainEntityOfPage":{"@id":"https:\/\/evertonfc.cz\/index.php\/2020\/04\/10\/bernard-odmietol-spekulacie\/"},"wordCount":671,"commentCount":2,"publisher":{"@id":"https:\/\/evertonfc.cz\/#organization"},"image":{"@id":"https:\/\/evertonfc.cz\/index.php\/2020\/04\/10\/bernard-odmietol-spekulacie\/#primaryimage"},"thumbnailUrl":"https:\/\/evertonfc.cz\/wp-content\/uploads\/2020\/04\/Bernard-Roma-SkySports-10-4-2020.jpg.jpg","articleSection":["Aktuality"],"inLanguage":"cs","potentialAction":[{"@type":"CommentAction","name":"Comment","target":["https:\/\/evertonfc.cz\/index.php\/2020\/04\/10\/bernard-odmietol-spekulacie\/#respond"]}]},{"@type":"WebPage","@id":"https:\/\/evertonfc.cz\/index.php\/2020\/04\/10\/bernard-odmietol-spekulacie\/","url":"https:\/\/evertonfc.cz\/index.php\/2020\/04\/10\/bernard-odmietol-spekulacie\/","name":"Bernard odmietol \u0161pekul\u00e1cie - Official Czech &amp; Slovak Everton Supporters&#039; Club","isPartOf":{"@id":"https:\/\/evertonfc.cz\/#website"},"primaryImageOfPage":{"@id":"https:\/\/evertonfc.cz\/index.php\/2020\/04\/10\/bernard-odmietol-spekulacie\/#primaryimage"},"image":{"@id":"https:\/\/evertonfc.cz\/index.php\/2020\/04\/10\/bernard-odmietol-spekulacie\/#primaryimage"},"thumbnailUrl":"https:\/\/evertonfc.cz\/wp-content\/uploads\/2020\/04\/Bernard-Roma-SkySports-10-4-2020.jpg.jpg","datePublished":"2020-04-10T16:47:01+00:00","dateModified":"2020-04-27T07:27:39+00:00","breadcrumb":{"@id":"https:\/\/evertonfc.cz\/index.php\/2020\/04\/10\/bernard-odmietol-spekulacie\/#breadcrumb"},"inLanguage":"cs","potentialAction":[{"@type":"ReadAction","target":["https:\/\/evertonfc.cz\/index.php\/2020\/04\/10\/bernard-odmietol-spekulacie\/"]}]},{"@type":"ImageObject","inLanguage":"cs","@id":"https:\/\/evertonfc.cz\/index.php\/2020\/04\/10\/bernard-odmietol-spekulacie\/#primaryimage","url":"https:\/\/evertonfc.cz\/wp-content\/uploads\/2020\/04\/Bernard-Roma-SkySports-10-4-2020.jpg.jpg","contentUrl":"https:\/\/evertonfc.cz\/wp-content\/uploads\/2020\/04\/Bernard-Roma-SkySports-10-4-2020.jpg.jpg","width":720,"height":405},{"@type":"BreadcrumbList","@id":"https:\/\/evertonfc.cz\/index.php\/2020\/04\/10\/bernard-odmietol-spekulacie\/#breadcrumb","itemListElement":[{"@type":"ListItem","position":1,"name":"Home","item":"https:\/\/evertonfc.cz\/"},{"@type":"ListItem","position":2,"name":"Bernard odmietol \u0161pekul\u00e1cie"}]},{"@type":"WebSite","@id":"https:\/\/evertonfc.cz\/#website","url":"https:\/\/evertonfc.cz\/","name":"Official Czech &amp; Slovak Everton Supporters&#039; Club","description":"","publisher":{"@id":"https:\/\/evertonfc.cz\/#organization"},"potentialAction":[{"@type":"SearchAction","target":{"@type":"EntryPoint","urlTemplate":"https:\/\/evertonfc.cz\/?s={search_term_string}"},"query-input":{"@type":"PropertyValueSpecification","valueRequired":true,"valueName":"search_term_string"}}],"inLanguage":"cs"},{"@type":"Organization","@id":"https:\/\/evertonfc.cz\/#organization","name":"Official Czech & Slovak Everton Supporters' Club","url":"https:\/\/evertonfc.cz\/","logo":{"@type":"ImageObject","inLanguage":"cs","@id":"https:\/\/evertonfc.cz\/#\/schema\/logo\/image\/","url":"https:\/\/evertonfc.cz\/wp-content\/uploads\/2019\/05\/logo.png","contentUrl":"https:\/\/evertonfc.cz\/wp-content\/uploads\/2019\/05\/logo.png","width":112,"height":112,"caption":"Official Czech & Slovak Everton Supporters' Club"},"image":{"@id":"https:\/\/evertonfc.cz\/#\/schema\/logo\/image\/"},"sameAs":["https:\/\/www.facebook.com\/everton.fans.cz.sk"]},{"@type":"Person","@id":"https:\/\/evertonfc.cz\/#\/schema\/person\/d4493b8cbea51532597fbc4685698916","name":"BlueBlooded","url":"https:\/\/evertonfc.cz\/index.php\/author\/admin\/"}]}},"_links":{"self":[{"href":"https:\/\/evertonfc.cz\/index.php\/wp-json\/wp\/v2\/posts\/10754"}],"collection":[{"href":"https:\/\/evertonfc.cz\/index.php\/wp-json\/wp\/v2\/posts"}],"about":[{"href":"https:\/\/evertonfc.cz\/index.php\/wp-json\/wp\/v2\/types\/post"}],"author":[{"embeddable":true,"href":"https:\/\/evertonfc.cz\/index.php\/wp-json\/wp\/v2\/users\/1"}],"replies":[{"embeddable":true,"href":"https:\/\/evertonfc.cz\/index.php\/wp-json\/wp\/v2\/comments?post=10754"}],"version-history":[{"count":8,"href":"https:\/\/evertonfc.cz\/index.php\/wp-json\/wp\/v2\/posts\/10754\/revisions"}],"predecessor-version":[{"id":10868,"href":"https:\/\/evertonfc.cz\/index.php\/wp-json\/wp\/v2\/posts\/10754\/revisions\/10868"}],"wp:featuredmedia":[{"embeddable":true,"href":"https:\/\/evertonfc.cz\/index.php\/wp-json\/wp\/v2\/media\/10755"}],"wp:attachment":[{"href":"https:\/\/evertonfc.cz\/index.php\/wp-json\/wp\/v2\/media?parent=10754"}],"wp:term":[{"taxonomy":"category","embeddable":true,"href":"https:\/\/evertonfc.cz\/index.php\/wp-json\/wp\/v2\/categories?post=10754"},{"taxonomy":"post_tag","embeddable":true,"href":"https:\/\/evertonfc.cz\/index.php\/wp-json\/wp\/v2\/tags?post=10754"}],"curies":[{"name":"wp","href":"https:\/\/api.w.org\/{rel}","templated":true}]}}