{"id":10768,"date":"2020-04-12T19:06:01","date_gmt":"2020-04-12T17:06:01","guid":{"rendered":"https:\/\/evertonfc.cz\/?p=10768"},"modified":"2021-04-07T11:14:51","modified_gmt":"2021-04-07T09:14:51","slug":"onyekuru-na-vine-je-anderlecht","status":"publish","type":"post","link":"https:\/\/evertonfc.cz\/index.php\/2020\/04\/12\/onyekuru-na-vine-je-anderlecht\/","title":{"rendered":"Onyekuru: Na vine je Anderlecht"},"content":{"rendered":"<h4>Nig\u00e9rijsk\u00fd \u00fato\u010dn\u00edk ned\u00e1vno vlial trochu svetla do udalost\u00ed, ktor\u00e9 mu zabr\u00e1nili v\u00a0kari\u00e9re na Merseyside. Sedemmili\u00f3nov\u00e1 posila si nikdy za The Toffees nekopla.<\/h4>\n<p>Ako p\u00ed\u0161e hist\u00f3ria, Henry Onyekuru pri\u0161iel do Evertonu na konci j\u00fana 2017 z belgick\u00e9ho Eupenu. Na sez\u00f3nu ho ale e\u0161te nechali hos\u0165ova\u0165 v\u00a0Anderlechte, ke\u010f\u017ee v\u00a0Anglicku nedostal pracovn\u00e9 povolenie. Karamelky v\u00a0tej dobe prebili z\u00e1ujem aj v\u00e4\u010d\u0161ieho PSG a najlep\u0161ieho strelca belgickej ligy predch\u00e1dzaj\u00facej sez\u00f3ny z\u00edskali.<\/p>\n<p><em>\u201ePo sez\u00f3ne 2016\/17 som mal v\u00a0Par\u00ed\u017ei zdravotn\u00fa prehliadku. Stretol som sa s\u00a0prezidentom, uk\u00e1zal mi \u0161tadi\u00f3n a\u00a0spravil som v\u0161etko o\u00a0\u010do ma \u017eiadali. Av\u0161ak musel som po\u010dka\u0165 do nasleduj\u00faceho d\u0148a na ofici\u00e1lne ozn\u00e1menie, preto\u017ee podpisovali e\u0161te jedn\u00e9ho nov\u00e9ho hr\u00e1\u010da a\u00a0chceli n\u00e1s ozn\u00e1mi\u0165 naraz.\u201c<\/em><\/p>\n<p><em>\u201ePrem\u00fd\u0161\u013eal som o tom. Nem\u00e1m r\u00e1d franc\u00fazsku ligu a Premier League bol m\u00f4j sen. Hovoril som s Koemanom a Josephom Yobom o Evertone. Koeman mi povedal, \u017ee ma potrebuje do t\u00edmu a d\u00fafaj\u00fa, \u017ee mi zo\u017een\u00fa pracovn\u00e9 povolenie. Tak\u017ee m\u00e1m tr\u00e9nova\u0165 a v lete sa uvid\u00ed.\u201c<\/em><\/p>\n<p><em>\u201eYobo videl, \u017ee ma sp\u00e1jaj\u00fa s Arsenalom. Tak mi poradil. Povedal, \u017ee m\u00e1m \u00eds\u0165 do Evertonu a uvid\u00ed sa, ako mi to p\u00f4jde. Ak by to i\u0161lo dobre, potom by som mohol prest\u00fapi\u0165 do Arsenalu. Myslel si, \u017ee prestup do Evertonu bude pre m\u0148a dobr\u00fd krok. Bolo to ako splnen\u00fd sen.\u201c<\/em><\/p>\n<p>V s\u00fa\u010dasnosti je 22-ro\u010dn\u00fd kr\u00eddeln\u00edk na hos\u0165ovan\u00ed v Galatasarayi z matersk\u00e9ho Monaka, a n\u00e1lepka jedn\u00e9ho z najv\u00e4\u010d\u0161\u00edch talentov Eur\u00f3py je pre\u010d. Ako sa rozpam\u00e4tal pre port\u00e1l The Athletic, za v\u0161etko vraj m\u00f4\u017ee zranenie kolena, ktor\u00e9 si v onej sez\u00f3ne za Anderlecht privodil. N\u00e1sledn\u00e9 nezhody v sp\u00f4sobe lie\u010dby toti\u017e sp\u00f4sobili, \u017ee sa Henry nedostal do v\u00fdberu na MS 2018.<\/p>\n<p><em>\u201eAnderlecht chcel, aby som i\u0161iel na oper\u00e1ciu, ale Everton povedal nie a\u00a0po\u017eiadal ma, nech pr\u00eddem sp\u00e4\u0165 do Anglicka. Bol som na kontrole a\u00a0jeden z tamoj\u0161\u00edch \u0161pecialistov povedal, \u017ee mi sta\u010d\u00ed ak si prejdem rehabilit\u00e1ciou a\u00a0budem v\u00a0poriadku za p\u00e1r mesiacov. B\u00fdval som teda v\u00a0Liverpoole a\u00a0bolo to \u0165a\u017ek\u00e9 obdobie.\u201c<\/em><\/p>\n<p><em>\u201eMusel som sa o seba postara\u0165, pok\u00fdm som bol zranen\u00fd. C\u00edtil som sa zle. V\u0161ade som musel chodi\u0165 s\u00e1m na barl\u00e1ch. Jedin\u00e9, \u010do som musel robi\u0165 ka\u017ed\u00fd de\u0148, bolo jes\u0165 a \u00eds\u0165 na rehabilit\u00e1ciu, zatia\u013e \u010do moja rodina bola st\u00e1le v Belgicku.\u201c<\/em><\/p>\n<p>Vedenie Anderlechtu, a hlavne mana\u017e\u00e9r Hein Vanhaezebrouck, boli roz\u010d\u00falen\u00ed, \u017ee Onyekuru sa riadil pokynmi, ktor\u00e9 dostal od Evertonu a\u00a0podrobil sa len rehabilit\u00e1cii miesto riadnej oper\u00e1cie. Potom, \u010do v\u00a0prvej polovici sez\u00f3ny dal 10 g\u00f3lov, sa z\u00a0ni\u010doho ni\u010d objavila tr\u00e9nerova ned\u00f4vera a\u00a0Henry si u\u017e viac nekopol.<\/p>\n<p><em>\u201eVr\u00e1til som sa do Belgicka pripraven\u00fd hra\u0165. Ale musel im zavola\u0165 a\u017e tr\u00e9ner Nig\u00e9rie a poprosi\u0165 Anderlecht, nech mi dovolia hra\u0165 aspo\u0148 15 min\u00fat, nech vedia, \u017ee som OK. M\u00f4j kou\u010d bol toti\u017e bl\u00e1zon. Ke\u010f sme prehrali, bola to na\u0161a vina. Ke\u010f sme vyhrali, vravel, \u017ee to kv\u00f4li nemu. Strie\u013eal som g\u00f3ly, aj tak mi ale vravel, \u017ee som bol na hovno a podobne.\u201c<\/em><\/p>\n<p><em>\u201eBoli nahnevan\u00ed. Aj pre fakt, \u017ee moja zmluva mi d\u00e1vala pr\u00e1vo rozhodn\u00fa\u0165 sa, \u010di tam zostanem aj nasleduj\u00facu sez\u00f3nu. Nov\u00fd prezident klubu z\u00faril a\u00a0p\u00fdtal sa: ,Kto spravil t\u00fato zmluvu?\u2018 Chceli aby som tam ostal e\u0161te jeden rok. Ale ja povedal som nie, preto\u017ee kv\u00f4li tomu \u010do spravili, som nemohol \u00eds\u0165 na Majstrovstv\u00e1 sveta.\u201c<\/em><\/p>\n<p><em>\u201eNajv\u00e4\u010d\u0161ia \u0161anca, ako z\u00edska\u0165 pre m\u0148a pracovn\u00e9 povolenie, bola \u00eds\u0165 na Majstrovstv\u00e1 sveta. Pl\u00e1n spo\u010d\u00edval preto v\u00a0tom \u00eds\u0165 z\u00a0Evertonu do Anderlechtu. Mal som z\u00a0toho dobr\u00fd pocit. Boli v\u00a0Lige majstrov a\u00a0ja som chcel z\u00edska\u0165 viac sk\u00fasenost\u00ed a\u00a0hra\u0165 proti ve\u013ek\u00fdm klubom. Preto Everton tla\u010dil na Anderlecht aby som hral.\u201c<\/em><\/p>\n<p><em>\u201eBolo to obrovsk\u00e9 sklamanie. Ako keby ma zasiahla bomba. Je to najv\u00e4\u010d\u0161\u00ed turnaj na svete a\u00a0ka\u017ed\u00fd tam chce by\u0165.\u201c<\/em><\/p>\n<h4>Prekvapiv\u00fd prestup do Franc\u00fazska<\/h4>\n<p>V\u00a0Belgicku Onyekuru teda nezostal. Po\u017ei\u010dal si ho Galatasaray a\u00a0Nig\u00e9rij\u010dan zasiahol do \u0161tyridsiatich \u0161tyroch z\u00e1pasov, v ktor\u00fdch strelil \u0161estn\u00e1s\u0165 g\u00f3lov a na \u010fal\u0161\u00edch \u0161es\u0165 prihral. S n\u00e1rodn\u00fdm v\u00fdberom sa dokonca z\u00fa\u010dastnil aj na Africkom poh\u00e1ri n\u00e1rodov. Odohral v\u0161ak len dvan\u00e1s\u0165 min\u00fat pri prehre s Al\u017e\u00edrskom.<\/p>\n<p>Povolenie mu \u00farady op\u00e4\u0165 neudelili a\u00a0Brandsovi do\u0161la trpezlivos\u0165 pri vidine dobr\u00e9ho biznisu. Z\u00e1ujem prejavili aj v Turecku, len\u017ee ich probl\u00e9my s financiami by znamenali len \u010fal\u0161iu p\u00f4\u017ei\u010dku. V\u00a0tom vst\u00fapilo do hry Monako, ktor\u00e9 si mohlo dovoli\u0165 cenovku Evertonu. T\u00e1 sa pohybovala okolo 13 mili\u00f3nov libier.<\/p>\n<p><em>\u201eNemal som pracovn\u00e9 povolenie a ani\u00a0hlavou som nebol v\u00a0Evertone, preto\u017ee som vedel, \u017ee by som ho nedostal. Prestup do Monaka ale nebol pl\u00e1novan\u00fd. Chcel som \u00eds\u0165 sp\u00e4\u0165 do Galatasaraya po Africkom poh\u00e1ri n\u00e1rodov, ale z\u00a0ni\u010doho ni\u010d som dostal telefon\u00e1t od \u0161portov\u00e9ho riadite\u013ea Evertonu, \u017ee pre m\u0148a na\u0161li dobr\u00fd klub.\u201c<\/em><\/p>\n<p><em>\u201eU\u017e prebiehali rokovania, \u017ee sa vr\u00e1tim do Turecka, ale potom Everton povedal, \u017ee nie je mo\u017en\u00e9 aby som tam \u00ed\u0161iel hos\u0165ova\u0165 dvakr\u00e1t. Vedel som, \u017ee chc\u00fa aby som \u0161iel do Monaka. Nemal som na v\u00fdber. Nechcel som na ni\u010d tla\u010di\u0165, ani robi\u0165 probl\u00e9my, ke\u010f\u017ee som si bol vedom\u00fd, \u017ee by som sa vr\u00e1til do Evertonu a\u00a0tr\u00e9noval s\u00e1m, bez t\u00edmu.\u201c<\/em><\/p>\n<p><em>\u201eNebolo to moje rozhodnutie \u00eds\u0165 do Monaka. Chcel som \u00eds\u0165 nasp\u00e4\u0165 do Galatasarayu. T\u00e1 cel\u00e1 vec s Monakom nevy\u0161la pod\u013ea predst\u00e1v. Mal som p\u00e1r probl\u00e9mov s Jardimom. Po druhom z\u00e1pase mi vysvetlil, \u017ee men\u00ed form\u00e1ciu na dvoch \u00fato\u010dn\u00edkov a bez krajn\u00fdch z\u00e1lo\u017en\u00edkov. Moja poz\u00edcia, \u010do je \u013eav\u00e9 kr\u00eddlo, preto nebola potrebn\u00e1.\u201c<\/em><\/p>\n<p><em>\u201ePo\u017eiadal ma, aby som bol pokojn\u00fd a\u00a0na\u010falej tr\u00e9noval. Tak som tr\u00e9noval p\u00e1r mesiacov bez hrania a\u00a0on mi odmietol \u010doko\u013evek na to poveda\u0165. Odvtedy sme za\u010dali ma\u0165 probl\u00e9my. Vedel som, \u017ee Monako mi v\u00a0zime dovol\u00ed od\u00eds\u0165, tak som tvrdo pracoval, aby som nepri\u0161iel do Galatasarayu ako prepad\u00e1k.\u201c<\/em><\/p>\n<p><em>\u201eTeraz som \u0161\u0165astn\u00fd. Galatasaray je jeden z najv\u00e4\u010d\u0161\u00edch klubov v Turecku a ka\u017ed\u00fd rok hraj\u00fa o titul a \u00fa\u010das\u0165 v Lige majstrov. Chcem by\u0165 v \u0161pi\u010dkovej lige, ale nepon\u00e1h\u013eam sa. Minul\u00fa sez\u00f3nu som bol pripraven\u00fd, no nestalo sa. Tak\u017ee teraz sa chcem len pozera\u0165, ako sa to vyvinie.<\/em><\/p>\n<p style=\"text-align: right;\"><span style=\"font-size: 8pt;\">(p\u00f4vodn\u00fd rozhovor: <a href=\"https:\/\/theathletic.com\/1721219\/2020\/04\/06\/onyekuru-exclusive-everton-monaco-alves\/\" target=\"_blank\" rel=\"noopener noreferrer\">The Athletic.com<\/a> \/ foto zdroj: www.aa.com.tr)<\/span><\/p>\n","protected":false},"excerpt":{"rendered":"<p>Nig\u00e9rijsk\u00fd \u00fato\u010dn\u00edk ned\u00e1vno vlial trochu svetla do udalost\u00ed, ktor\u00e9 mu zabr\u00e1nili v kari\u00e9re na Merseyside. Sedemmili\u00f3nov\u00e1 posila si nikdy za The Toffees nekopla.<\/p>\n","protected":false},"author":1,"featured_media":10769,"comment_status":"open","ping_status":"closed","sticky":false,"template":"","format":"standard","meta":{"_eb_attr":"","_monsterinsights_skip_tracking":false,"_monsterinsights_sitenote_active":false,"_monsterinsights_sitenote_note":"","_monsterinsights_sitenote_category":0,"footnotes":""},"categories":[1],"tags":[],"yoast_head":"<!-- This site is optimized with the Yoast SEO plugin v23.4 - https:\/\/yoast.com\/wordpress\/plugins\/seo\/ -->\n<title>Onyekuru: Na vine je Anderlecht - Official Czech &amp; Slovak Everton Supporters&#039; Club<\/title>\n<meta name=\"robots\" content=\"index, follow, max-snippet:-1, max-image-preview:large, max-video-preview:-1\" \/>\n<link rel=\"canonical\" href=\"https:\/\/evertonfc.cz\/index.php\/2020\/04\/12\/onyekuru-na-vine-je-anderlecht\/\" \/>\n<meta property=\"og:locale\" content=\"cs_CZ\" \/>\n<meta property=\"og:type\" content=\"article\" \/>\n<meta property=\"og:title\" content=\"Onyekuru: Na vine je Anderlecht - Official Czech &amp; Slovak Everton Supporters&#039; Club\" \/>\n<meta property=\"og:description\" content=\"Nig\u00e9rijsk\u00fd \u00fato\u010dn\u00edk ned\u00e1vno vlial trochu svetla do udalost\u00ed, ktor\u00e9 mu zabr\u00e1nili v kari\u00e9re na Merseyside. Sedemmili\u00f3nov\u00e1 posila si nikdy za The Toffees nekopla.\" \/>\n<meta property=\"og:url\" content=\"https:\/\/evertonfc.cz\/index.php\/2020\/04\/12\/onyekuru-na-vine-je-anderlecht\/\" \/>\n<meta property=\"og:site_name\" content=\"Official Czech &amp; Slovak Everton Supporters&#039; Club\" \/>\n<meta property=\"article:publisher\" content=\"https:\/\/www.facebook.com\/everton.fans.cz.sk\" \/>\n<meta property=\"article:published_time\" content=\"2020-04-12T17:06:01+00:00\" \/>\n<meta property=\"article:modified_time\" content=\"2021-04-07T09:14:51+00:00\" \/>\n<meta property=\"og:image\" content=\"https:\/\/evertonfc.cz\/wp-content\/uploads\/2020\/04\/Onyekuru-12-4-2020.jpg\" \/>\n\t<meta property=\"og:image:width\" content=\"720\" \/>\n\t<meta property=\"og:image:height\" content=\"405\" \/>\n\t<meta property=\"og:image:type\" content=\"image\/jpeg\" \/>\n<meta name=\"author\" content=\"BlueBlooded\" \/>\n<meta name=\"twitter:card\" content=\"summary_large_image\" \/>\n<meta name=\"twitter:label1\" content=\"Napsal(a)\" \/>\n\t<meta name=\"twitter:data1\" content=\"BlueBlooded\" \/>\n\t<meta name=\"twitter:label2\" content=\"Odhadovan\u00e1 doba \u010dten\u00ed\" \/>\n\t<meta name=\"twitter:data2\" content=\"5 minut\" \/>\n<script type=\"application\/ld+json\" class=\"yoast-schema-graph\">{\"@context\":\"https:\/\/schema.org\",\"@graph\":[{\"@type\":\"Article\",\"@id\":\"https:\/\/evertonfc.cz\/index.php\/2020\/04\/12\/onyekuru-na-vine-je-anderlecht\/#article\",\"isPartOf\":{\"@id\":\"https:\/\/evertonfc.cz\/index.php\/2020\/04\/12\/onyekuru-na-vine-je-anderlecht\/\"},\"author\":{\"name\":\"BlueBlooded\",\"@id\":\"https:\/\/evertonfc.cz\/#\/schema\/person\/d4493b8cbea51532597fbc4685698916\"},\"headline\":\"Onyekuru: Na vine je Anderlecht\",\"datePublished\":\"2020-04-12T17:06:01+00:00\",\"dateModified\":\"2021-04-07T09:14:51+00:00\",\"mainEntityOfPage\":{\"@id\":\"https:\/\/evertonfc.cz\/index.php\/2020\/04\/12\/onyekuru-na-vine-je-anderlecht\/\"},\"wordCount\":1193,\"commentCount\":0,\"publisher\":{\"@id\":\"https:\/\/evertonfc.cz\/#organization\"},\"image\":{\"@id\":\"https:\/\/evertonfc.cz\/index.php\/2020\/04\/12\/onyekuru-na-vine-je-anderlecht\/#primaryimage\"},\"thumbnailUrl\":\"https:\/\/evertonfc.cz\/wp-content\/uploads\/2020\/04\/Onyekuru-12-4-2020.jpg\",\"articleSection\":[\"Rozhovory\"],\"inLanguage\":\"cs\",\"potentialAction\":[{\"@type\":\"CommentAction\",\"name\":\"Comment\",\"target\":[\"https:\/\/evertonfc.cz\/index.php\/2020\/04\/12\/onyekuru-na-vine-je-anderlecht\/#respond\"]}]},{\"@type\":\"WebPage\",\"@id\":\"https:\/\/evertonfc.cz\/index.php\/2020\/04\/12\/onyekuru-na-vine-je-anderlecht\/\",\"url\":\"https:\/\/evertonfc.cz\/index.php\/2020\/04\/12\/onyekuru-na-vine-je-anderlecht\/\",\"name\":\"Onyekuru: Na vine je Anderlecht - Official Czech &amp; Slovak Everton Supporters&#039; Club\",\"isPartOf\":{\"@id\":\"https:\/\/evertonfc.cz\/#website\"},\"primaryImageOfPage\":{\"@id\":\"https:\/\/evertonfc.cz\/index.php\/2020\/04\/12\/onyekuru-na-vine-je-anderlecht\/#primaryimage\"},\"image\":{\"@id\":\"https:\/\/evertonfc.cz\/index.php\/2020\/04\/12\/onyekuru-na-vine-je-anderlecht\/#primaryimage\"},\"thumbnailUrl\":\"https:\/\/evertonfc.cz\/wp-content\/uploads\/2020\/04\/Onyekuru-12-4-2020.jpg\",\"datePublished\":\"2020-04-12T17:06:01+00:00\",\"dateModified\":\"2021-04-07T09:14:51+00:00\",\"breadcrumb\":{\"@id\":\"https:\/\/evertonfc.cz\/index.php\/2020\/04\/12\/onyekuru-na-vine-je-anderlecht\/#breadcrumb\"},\"inLanguage\":\"cs\",\"potentialAction\":[{\"@type\":\"ReadAction\",\"target\":[\"https:\/\/evertonfc.cz\/index.php\/2020\/04\/12\/onyekuru-na-vine-je-anderlecht\/\"]}]},{\"@type\":\"ImageObject\",\"inLanguage\":\"cs\",\"@id\":\"https:\/\/evertonfc.cz\/index.php\/2020\/04\/12\/onyekuru-na-vine-je-anderlecht\/#primaryimage\",\"url\":\"https:\/\/evertonfc.cz\/wp-content\/uploads\/2020\/04\/Onyekuru-12-4-2020.jpg\",\"contentUrl\":\"https:\/\/evertonfc.cz\/wp-content\/uploads\/2020\/04\/Onyekuru-12-4-2020.jpg\",\"width\":720,\"height\":405},{\"@type\":\"BreadcrumbList\",\"@id\":\"https:\/\/evertonfc.cz\/index.php\/2020\/04\/12\/onyekuru-na-vine-je-anderlecht\/#breadcrumb\",\"itemListElement\":[{\"@type\":\"ListItem\",\"position\":1,\"name\":\"Home\",\"item\":\"https:\/\/evertonfc.cz\/\"},{\"@type\":\"ListItem\",\"position\":2,\"name\":\"Onyekuru: Na vine je Anderlecht\"}]},{\"@type\":\"WebSite\",\"@id\":\"https:\/\/evertonfc.cz\/#website\",\"url\":\"https:\/\/evertonfc.cz\/\",\"name\":\"Official Czech &amp; Slovak Everton Supporters&#039; Club\",\"description\":\"\",\"publisher\":{\"@id\":\"https:\/\/evertonfc.cz\/#organization\"},\"potentialAction\":[{\"@type\":\"SearchAction\",\"target\":{\"@type\":\"EntryPoint\",\"urlTemplate\":\"https:\/\/evertonfc.cz\/?s={search_term_string}\"},\"query-input\":{\"@type\":\"PropertyValueSpecification\",\"valueRequired\":true,\"valueName\":\"search_term_string\"}}],\"inLanguage\":\"cs\"},{\"@type\":\"Organization\",\"@id\":\"https:\/\/evertonfc.cz\/#organization\",\"name\":\"Official Czech & Slovak Everton Supporters' Club\",\"url\":\"https:\/\/evertonfc.cz\/\",\"logo\":{\"@type\":\"ImageObject\",\"inLanguage\":\"cs\",\"@id\":\"https:\/\/evertonfc.cz\/#\/schema\/logo\/image\/\",\"url\":\"https:\/\/evertonfc.cz\/wp-content\/uploads\/2019\/05\/logo.png\",\"contentUrl\":\"https:\/\/evertonfc.cz\/wp-content\/uploads\/2019\/05\/logo.png\",\"width\":112,\"height\":112,\"caption\":\"Official Czech & Slovak Everton Supporters' Club\"},\"image\":{\"@id\":\"https:\/\/evertonfc.cz\/#\/schema\/logo\/image\/\"},\"sameAs\":[\"https:\/\/www.facebook.com\/everton.fans.cz.sk\"]},{\"@type\":\"Person\",\"@id\":\"https:\/\/evertonfc.cz\/#\/schema\/person\/d4493b8cbea51532597fbc4685698916\",\"name\":\"BlueBlooded\",\"url\":\"https:\/\/evertonfc.cz\/index.php\/author\/admin\/\"}]}<\/script>\n<!-- \/ Yoast SEO plugin. -->","yoast_head_json":{"title":"Onyekuru: Na vine je Anderlecht - Official Czech &amp; Slovak Everton Supporters&#039; Club","robots":{"index":"index","follow":"follow","max-snippet":"max-snippet:-1","max-image-preview":"max-image-preview:large","max-video-preview":"max-video-preview:-1"},"canonical":"https:\/\/evertonfc.cz\/index.php\/2020\/04\/12\/onyekuru-na-vine-je-anderlecht\/","og_locale":"cs_CZ","og_type":"article","og_title":"Onyekuru: Na vine je Anderlecht - Official Czech &amp; Slovak Everton Supporters&#039; Club","og_description":"Nig\u00e9rijsk\u00fd \u00fato\u010dn\u00edk ned\u00e1vno vlial trochu svetla do udalost\u00ed, ktor\u00e9 mu zabr\u00e1nili v kari\u00e9re na Merseyside. Sedemmili\u00f3nov\u00e1 posila si nikdy za The Toffees nekopla.","og_url":"https:\/\/evertonfc.cz\/index.php\/2020\/04\/12\/onyekuru-na-vine-je-anderlecht\/","og_site_name":"Official Czech &amp; Slovak Everton Supporters&#039; Club","article_publisher":"https:\/\/www.facebook.com\/everton.fans.cz.sk","article_published_time":"2020-04-12T17:06:01+00:00","article_modified_time":"2021-04-07T09:14:51+00:00","og_image":[{"width":720,"height":405,"url":"https:\/\/evertonfc.cz\/wp-content\/uploads\/2020\/04\/Onyekuru-12-4-2020.jpg","type":"image\/jpeg"}],"author":"BlueBlooded","twitter_card":"summary_large_image","twitter_misc":{"Napsal(a)":"BlueBlooded","Odhadovan\u00e1 doba \u010dten\u00ed":"5 minut"},"schema":{"@context":"https:\/\/schema.org","@graph":[{"@type":"Article","@id":"https:\/\/evertonfc.cz\/index.php\/2020\/04\/12\/onyekuru-na-vine-je-anderlecht\/#article","isPartOf":{"@id":"https:\/\/evertonfc.cz\/index.php\/2020\/04\/12\/onyekuru-na-vine-je-anderlecht\/"},"author":{"name":"BlueBlooded","@id":"https:\/\/evertonfc.cz\/#\/schema\/person\/d4493b8cbea51532597fbc4685698916"},"headline":"Onyekuru: Na vine je Anderlecht","datePublished":"2020-04-12T17:06:01+00:00","dateModified":"2021-04-07T09:14:51+00:00","mainEntityOfPage":{"@id":"https:\/\/evertonfc.cz\/index.php\/2020\/04\/12\/onyekuru-na-vine-je-anderlecht\/"},"wordCount":1193,"commentCount":0,"publisher":{"@id":"https:\/\/evertonfc.cz\/#organization"},"image":{"@id":"https:\/\/evertonfc.cz\/index.php\/2020\/04\/12\/onyekuru-na-vine-je-anderlecht\/#primaryimage"},"thumbnailUrl":"https:\/\/evertonfc.cz\/wp-content\/uploads\/2020\/04\/Onyekuru-12-4-2020.jpg","articleSection":["Rozhovory"],"inLanguage":"cs","potentialAction":[{"@type":"CommentAction","name":"Comment","target":["https:\/\/evertonfc.cz\/index.php\/2020\/04\/12\/onyekuru-na-vine-je-anderlecht\/#respond"]}]},{"@type":"WebPage","@id":"https:\/\/evertonfc.cz\/index.php\/2020\/04\/12\/onyekuru-na-vine-je-anderlecht\/","url":"https:\/\/evertonfc.cz\/index.php\/2020\/04\/12\/onyekuru-na-vine-je-anderlecht\/","name":"Onyekuru: Na vine je Anderlecht - Official Czech &amp; Slovak Everton Supporters&#039; Club","isPartOf":{"@id":"https:\/\/evertonfc.cz\/#website"},"primaryImageOfPage":{"@id":"https:\/\/evertonfc.cz\/index.php\/2020\/04\/12\/onyekuru-na-vine-je-anderlecht\/#primaryimage"},"image":{"@id":"https:\/\/evertonfc.cz\/index.php\/2020\/04\/12\/onyekuru-na-vine-je-anderlecht\/#primaryimage"},"thumbnailUrl":"https:\/\/evertonfc.cz\/wp-content\/uploads\/2020\/04\/Onyekuru-12-4-2020.jpg","datePublished":"2020-04-12T17:06:01+00:00","dateModified":"2021-04-07T09:14:51+00:00","breadcrumb":{"@id":"https:\/\/evertonfc.cz\/index.php\/2020\/04\/12\/onyekuru-na-vine-je-anderlecht\/#breadcrumb"},"inLanguage":"cs","potentialAction":[{"@type":"ReadAction","target":["https:\/\/evertonfc.cz\/index.php\/2020\/04\/12\/onyekuru-na-vine-je-anderlecht\/"]}]},{"@type":"ImageObject","inLanguage":"cs","@id":"https:\/\/evertonfc.cz\/index.php\/2020\/04\/12\/onyekuru-na-vine-je-anderlecht\/#primaryimage","url":"https:\/\/evertonfc.cz\/wp-content\/uploads\/2020\/04\/Onyekuru-12-4-2020.jpg","contentUrl":"https:\/\/evertonfc.cz\/wp-content\/uploads\/2020\/04\/Onyekuru-12-4-2020.jpg","width":720,"height":405},{"@type":"BreadcrumbList","@id":"https:\/\/evertonfc.cz\/index.php\/2020\/04\/12\/onyekuru-na-vine-je-anderlecht\/#breadcrumb","itemListElement":[{"@type":"ListItem","position":1,"name":"Home","item":"https:\/\/evertonfc.cz\/"},{"@type":"ListItem","position":2,"name":"Onyekuru: Na vine je Anderlecht"}]},{"@type":"WebSite","@id":"https:\/\/evertonfc.cz\/#website","url":"https:\/\/evertonfc.cz\/","name":"Official Czech &amp; Slovak Everton Supporters&#039; Club","description":"","publisher":{"@id":"https:\/\/evertonfc.cz\/#organization"},"potentialAction":[{"@type":"SearchAction","target":{"@type":"EntryPoint","urlTemplate":"https:\/\/evertonfc.cz\/?s={search_term_string}"},"query-input":{"@type":"PropertyValueSpecification","valueRequired":true,"valueName":"search_term_string"}}],"inLanguage":"cs"},{"@type":"Organization","@id":"https:\/\/evertonfc.cz\/#organization","name":"Official Czech & Slovak Everton Supporters' Club","url":"https:\/\/evertonfc.cz\/","logo":{"@type":"ImageObject","inLanguage":"cs","@id":"https:\/\/evertonfc.cz\/#\/schema\/logo\/image\/","url":"https:\/\/evertonfc.cz\/wp-content\/uploads\/2019\/05\/logo.png","contentUrl":"https:\/\/evertonfc.cz\/wp-content\/uploads\/2019\/05\/logo.png","width":112,"height":112,"caption":"Official Czech & Slovak Everton Supporters' Club"},"image":{"@id":"https:\/\/evertonfc.cz\/#\/schema\/logo\/image\/"},"sameAs":["https:\/\/www.facebook.com\/everton.fans.cz.sk"]},{"@type":"Person","@id":"https:\/\/evertonfc.cz\/#\/schema\/person\/d4493b8cbea51532597fbc4685698916","name":"BlueBlooded","url":"https:\/\/evertonfc.cz\/index.php\/author\/admin\/"}]}},"_links":{"self":[{"href":"https:\/\/evertonfc.cz\/index.php\/wp-json\/wp\/v2\/posts\/10768"}],"collection":[{"href":"https:\/\/evertonfc.cz\/index.php\/wp-json\/wp\/v2\/posts"}],"about":[{"href":"https:\/\/evertonfc.cz\/index.php\/wp-json\/wp\/v2\/types\/post"}],"author":[{"embeddable":true,"href":"https:\/\/evertonfc.cz\/index.php\/wp-json\/wp\/v2\/users\/1"}],"replies":[{"embeddable":true,"href":"https:\/\/evertonfc.cz\/index.php\/wp-json\/wp\/v2\/comments?post=10768"}],"version-history":[{"count":11,"href":"https:\/\/evertonfc.cz\/index.php\/wp-json\/wp\/v2\/posts\/10768\/revisions"}],"predecessor-version":[{"id":14908,"href":"https:\/\/evertonfc.cz\/index.php\/wp-json\/wp\/v2\/posts\/10768\/revisions\/14908"}],"wp:featuredmedia":[{"embeddable":true,"href":"https:\/\/evertonfc.cz\/index.php\/wp-json\/wp\/v2\/media\/10769"}],"wp:attachment":[{"href":"https:\/\/evertonfc.cz\/index.php\/wp-json\/wp\/v2\/media?parent=10768"}],"wp:term":[{"taxonomy":"category","embeddable":true,"href":"https:\/\/evertonfc.cz\/index.php\/wp-json\/wp\/v2\/categories?post=10768"},{"taxonomy":"post_tag","embeddable":true,"href":"https:\/\/evertonfc.cz\/index.php\/wp-json\/wp\/v2\/tags?post=10768"}],"curies":[{"name":"wp","href":"https:\/\/api.w.org\/{rel}","templated":true}]}}