{"id":10787,"date":"2020-04-15T17:44:33","date_gmt":"2020-04-15T15:44:33","guid":{"rendered":"https:\/\/evertonfc.cz\/?p=10787"},"modified":"2020-04-28T08:54:47","modified_gmt":"2020-04-28T06:54:47","slug":"kviz-s-walcottom","status":"publish","type":"post","link":"https:\/\/evertonfc.cz\/index.php\/2020\/04\/15\/kviz-s-walcottom\/","title":{"rendered":"Kv\u00edz s Walcottom"},"content":{"rendered":"<h4><span lang=\"SK\">V z\u00e1pasov\u00fdch programoch tejto sez\u00f3ny sa hr\u00e1\u010dov p\u00fdtali r\u00f4zne ot\u00e1zky \u2013 od ob\u013e\u00faben\u00fdch filmov a\u017e po jedlo. Ak chcete zisti\u0165 viac o Theovi, \u010d\u00edtajte nasleduj\u00face riadky.<\/span><\/h4>\n<p><strong><em>Ob\u013e\u00faben\u00e9 mesto?<\/em><\/strong><\/p>\n<p>Najpam\u00e4tnej\u0161ie miesto, kde som kedy bol, by bola Florencia. O\u017eenil som sa tam. Bola tam skvel\u00e1 atmosf\u00e9ra,\u00a0po\u010dasie. A, samozrejme, svadba bola \u00fa\u017easn\u00e1 \u2013 zdie\u013ea\u0165 ten de\u0148 s\u00a0rodinou a\u00a0priate\u013emi bol ve\u013emi \u0161peci\u00e1lny.<\/p>\n<p><em>(Florencia sa nach\u00e1dza v centre regi\u00f3nu Tosk\u00e1nska v Taliansku. Kol\u00edska renesancie a talianskych klasikov ako s\u00fa Dante, Petrarca a Boccaccio. Prez\u00fdvan\u00e1 &#8222;talianske At\u00e9ny&#8220;. Zap\u00edsan\u00e1 v zozname kult\u00farneho dedi\u010dstva UNESCO)<\/em><\/p>\n<p><strong><em>Najlep\u0161\u00ed kamar\u00e1t vo futbale?<\/em><\/strong><\/p>\n<p><a href=\"https:\/\/evertonfc.cz\/index.php\/soupiska\/michael-keane\/\" target=\"_blank\" rel=\"noopener noreferrer\">Michael Keane<\/a> a\u00a0<a href=\"https:\/\/evertonfc.cz\/index.php\/soupiska\/andre-gomes\/\" target=\"_blank\" rel=\"noopener noreferrer\">Andr\u00e9 Gomes<\/a>. Michael a\u00a0ja spolu hr\u00e1me golf ke\u010f je to mo\u017en\u00e9 a\u00a0s\u00a0Andr\u00e9m ve\u013emi dobre vych\u00e1dzam. On a\u00a0jeho partnerka chodia so mnou a mojou man\u017eelkou von, do mesta a\u00a0podobne.<\/p>\n<p><strong><em>Najz\u00e1bavnej\u0161ia osoba, ak\u00fa stretol vo futbale?<\/em><\/strong><\/p>\n<p>Emmanuel Eboue. Je v\u017edy ve\u013emi pozit\u00edvny a\u00a0dobr\u00fd spolo\u010dn\u00edk. Dajte ho dokopy s\u00a0Alexom Songom, a\u00a0tie\u017e mo\u017eno aj s\u00a0Emmanuelom Adebayorom\u2013 a\u00a0ur\u010dite budete ma\u0165 o\u00a0z\u00e1bavu postaran\u00e9.<\/p>\n<p><em>(36r, b\u00fdval\u00fd profesion\u00e1lny futbalista z Pobre\u017eia Slonoviny, v rokoch 2004-2011 odohral za Arsenal 215 z\u00e1pasov)<\/em><\/p>\n<p><strong><em>Ob\u013e\u00faben\u00fd telev\u00edzny seri\u00e1l?<\/em><\/strong><\/p>\n<p>Power. St\u00e1le to sledujem. Je to skvel\u00fd seri\u00e1l.<\/p>\n<p><em>(<a href=\"https:\/\/www.csfd.cz\/film\/374585-power\/prehled\/\" target=\"_blank\" rel=\"noopener noreferrer\">2014, americk\u00fd krimin\u00e1lny seri\u00e1l z drogov\u00e9ho prostredia<\/a>)<\/em><\/p>\n<p><strong><em>Naj\u0165a\u017e\u0161\u00ed protivn\u00edk vo futbale?<\/em><\/strong><\/p>\n<p>Patrice Evra. S\u00a0n\u00edm to bol zaka\u017ed\u00fdm dobr\u00fd s\u00faboj. Smerom dopredu, aj v\u00a0obrane, bol jeden z\u00a0najsilnej\u0161\u00edch. Raz vyhral on, inokedy sa darilo mne. Po\u010das z\u00e1pasu sa to zvyklo aj meni\u0165. Mysl\u00edm, \u017ee Evra a\u00a0Ashley Cole boli dvaja najlep\u0161\u00ed krajn\u00ed obrancovia svojej doby.<\/p>\n<p><em>(38r, b\u00fdval\u00fd profesion\u00e1lny franc\u00fazsky futbalista a moment\u00e1lne tr\u00e9ner v akad\u00e9mii Manchesteru United, za ktor\u00fd v rokoch 2006-2014 odohral 379 z\u00e1pasov.)<\/em><\/p>\n<p><strong><em>Ob\u013e\u00faben\u00fd film?<\/em><\/strong><\/p>\n<p>Vyberiem <em>Nepriate\u013e \u0160t\u00e1tu<\/em>, s\u00a0Willom Smithom. Je to celkom star\u00e1 vec, ale skvel\u00e1.<\/p>\n<p><em>(<a href=\"https:\/\/www.csfd.cz\/film\/8280-nepritel-statu\/prehled\/\" target=\"_blank\" rel=\"noopener noreferrer\">1998, americk\u00fd ak\u010dn\u00fd thriller re\u017eis\u00e9ra Tonyho Scotta<\/a>)<\/em><\/p>\n<p><strong><em>Prv\u00fd k\u00fapen\u00fd single?<\/em><\/strong><\/p>\n<p>Bol to <a href=\"https:\/\/www.youtube.com\/watch?v=IxszlJppRQI\" target=\"_blank\" rel=\"noopener noreferrer\"><em>So Sick <\/em>od Ne-ya<\/a>, miloval som t\u00fa mel\u00f3diu ke\u010f som bol mlad\u0161\u00ed. M\u00f4j prv\u00fd album bol <em>8701<\/em> od Ushera.<\/p>\n<p><strong><em>Piese\u0148, ktor\u00e1 mu pripom\u00edna mlados\u0165?<\/em><\/strong><\/p>\n<p>Sk\u00f4r si pam\u00e4t\u00e1m umelcov, ne\u017e konkr\u00e9tne pesni\u010dky. Ve\u013ea som po\u010d\u00faval Ushera, Ja-Rule, Ashanti, J-Lo&#8230; tak\u00fd R&amp;B \u0161t\u00fdl. Ak by som mal vybra\u0165 jednu, bola by to <a href=\"https:\/\/www.youtube.com\/watch?v=0tcDXJfAFVw\" target=\"_blank\" rel=\"noopener noreferrer\"><em>Always on Time<\/em> od Ja-Rule a\u00a0Ashanti<\/a>. Pripom\u00edna mi \u0161kolsk\u00e9 \u010dasy.<\/p>\n<p><strong><em>Jeho futbalov\u00fd hrdina?<\/em><\/strong><\/p>\n<p>Mus\u00ed to by\u0165 Thierry Henry. Bolo \u00fa\u017easn\u00e9 s\u00a0n\u00edm hra\u0165 v\u00a0Arsenale. U\u017e len ho sledova\u0165 pri tr\u00e9ningu ka\u017ed\u00fd de\u0148 a\u00a0vidie\u0165 veci, ktor\u00e9 dok\u00e1\u017ee s\u00a0loptou, bolo fantastick\u00e9. Je tie\u017e rovnako dobr\u00fd \u010dlovek, ako je brilantn\u00fd hr\u00e1\u010d.<\/p>\n<p><em>(42r, franc\u00fazsky futbalov\u00fd tr\u00e9ner a b\u00fdval\u00fd hr\u00e1\u010d,v s\u00fa\u010dasnosti mana\u017e\u00e9r v Major League Soccer, kde vedie klub Montreal Impact. Je pova\u017eovan\u00fd za jedn\u00e9ho z najlep\u0161\u00edch \u00fato\u010dn\u00edkov s\u00fa\u010dasnosti a v hist\u00f3rii Premier League.)<\/em><\/p>\n<p><strong><em>Ob\u013e\u00faben\u00e9 jedlo?<\/em><\/strong><\/p>\n<p>Lasagne mojej man\u017eelky. S\u00fa najlep\u0161ie.<\/p>\n<p><strong><em>Jedlo, ktor\u00e9 nezn\u00e1\u0161a?<\/em><\/strong><\/p>\n<p>Nie som pr\u00edli\u0161 n\u00e1ro\u010dn\u00fd. Nie je ni\u010d, \u010do by som nemal r\u00e1d!<\/p>\n<p><strong><em>\u010co mu lezie na nervy?<\/em><\/strong><\/p>\n<p>\u013dudia, ktor\u00ed pou\u017e\u00edvaj\u00fa svoje telef\u00f3ny po\u010das \u0161of\u00e9rovania. Len si pomysl\u00edm: <em>\u201eNem\u00f4\u017ee\u0161 po\u010dka\u0165, k\u00fdm niekde zaparkuje\u0161 alebo pr\u00edde\u0161 domov?\u201c<\/em> Toto ma naozaj vyt\u00e1\u010da.<\/p>\n<p><strong><em>Kto m\u00e1 najtvrd\u0161ia strelu na tr\u00e9ningu?<\/em><\/strong><\/p>\n<p>Pravdepodobne Lucas Digne. R\u00e1d strie\u013ea odv\u0161adia\u013e. T\u00fa silu ak\u00fa m\u00e1, vid\u00edte pod\u013ea t\u00fdch \u00fa\u017easn\u00fdch g\u00f3lov, ktor\u00e9 strelil za n\u00e1s.<\/p>\n<p><strong><em>Najlep\u0161\u00ed dar\u010dek, ktor\u00fd dostal?<\/em><\/strong><\/p>\n<p>Minul\u00fd rok som mal na moju tridsiatku ve\u013ea prekvapen\u00ed. Mnoho mojich priate\u013eov spolu s\u00a0mojou rodinou oslavovali so mnou. Spolu sme dali <em>\u00danikov\u00fa miestnos\u0165<\/em>. Bola to z\u00e1bava. V\u0161etci sme boli jeden ve\u013ek\u00fd t\u00edm a na\u0161\u0165astie sme sa dostali von!<\/p>\n<p><em>(hra, v ktorej hr\u00e1\u010di t\u00edmu spolo\u010dne objavuj\u00fa stopy, rie\u0161ia h\u00e1danky a plnia \u00falohy v jednej alebo viacer\u00fdch miestnostiach s cie\u013eom napredova\u0165 a dosiahnu\u0165 konkr\u00e9tny cie\u013e v obmedzenom \u010dase, v\u00e4\u010d\u0161inou unikn\u00fa\u0165 z miesta hry)<\/em><\/p>\n<p style=\"text-align: right;\">(p\u00f4vodn\u00fd \u010dl\u00e1nok \/ foto zdroj: evertonfc.com)<\/p>\n","protected":false},"excerpt":{"rendered":"<p>V z\u00e1pasov\u00fdch programoch tejto sez\u00f3ny sa hr\u00e1\u010dov p\u00fdtali r\u00f4zne ot\u00e1zky \u2013 od ob\u013e\u00faben\u00fdch filmov a\u017e po jedlo. Ak chcete zisti\u0165 viac o Theovi, \u010d\u00edtajte nasleduj\u00face riadky.<\/p>\n","protected":false},"author":1,"featured_media":10786,"comment_status":"open","ping_status":"closed","sticky":false,"template":"","format":"standard","meta":{"_eb_attr":"","_monsterinsights_skip_tracking":false,"_monsterinsights_sitenote_active":false,"_monsterinsights_sitenote_note":"","_monsterinsights_sitenote_category":0,"footnotes":""},"categories":[1],"tags":[],"yoast_head":"<!-- This site is optimized with the Yoast SEO plugin v23.4 - https:\/\/yoast.com\/wordpress\/plugins\/seo\/ -->\n<title>Kv\u00edz s Walcottom - Official Czech &amp; Slovak Everton Supporters&#039; Club<\/title>\n<meta name=\"robots\" content=\"index, follow, max-snippet:-1, max-image-preview:large, max-video-preview:-1\" \/>\n<link rel=\"canonical\" href=\"https:\/\/evertonfc.cz\/index.php\/2020\/04\/15\/kviz-s-walcottom\/\" \/>\n<meta property=\"og:locale\" content=\"cs_CZ\" \/>\n<meta property=\"og:type\" content=\"article\" \/>\n<meta property=\"og:title\" content=\"Kv\u00edz s Walcottom - Official Czech &amp; Slovak Everton Supporters&#039; Club\" \/>\n<meta property=\"og:description\" content=\"V z\u00e1pasov\u00fdch programoch tejto sez\u00f3ny sa hr\u00e1\u010dov p\u00fdtali r\u00f4zne ot\u00e1zky \u2013 od ob\u013e\u00faben\u00fdch filmov a\u017e po jedlo. Ak chcete zisti\u0165 viac o Theovi, \u010d\u00edtajte nasleduj\u00face riadky.\" \/>\n<meta property=\"og:url\" content=\"https:\/\/evertonfc.cz\/index.php\/2020\/04\/15\/kviz-s-walcottom\/\" \/>\n<meta property=\"og:site_name\" content=\"Official Czech &amp; Slovak Everton Supporters&#039; Club\" \/>\n<meta property=\"article:publisher\" content=\"https:\/\/www.facebook.com\/everton.fans.cz.sk\" \/>\n<meta property=\"article:published_time\" content=\"2020-04-15T15:44:33+00:00\" \/>\n<meta property=\"article:modified_time\" content=\"2020-04-28T06:54:47+00:00\" \/>\n<meta property=\"og:image\" content=\"https:\/\/evertonfc.cz\/wp-content\/uploads\/2020\/04\/Theo-Walcott-15-4-2020.jpg\" \/>\n\t<meta property=\"og:image:width\" content=\"720\" \/>\n\t<meta property=\"og:image:height\" content=\"405\" \/>\n\t<meta property=\"og:image:type\" content=\"image\/jpeg\" \/>\n<meta name=\"author\" content=\"BlueBlooded\" \/>\n<meta name=\"twitter:card\" content=\"summary_large_image\" \/>\n<meta name=\"twitter:label1\" content=\"Napsal(a)\" \/>\n\t<meta name=\"twitter:data1\" content=\"BlueBlooded\" \/>\n\t<meta name=\"twitter:label2\" content=\"Odhadovan\u00e1 doba \u010dten\u00ed\" \/>\n\t<meta name=\"twitter:data2\" content=\"4 minuty\" \/>\n<script type=\"application\/ld+json\" class=\"yoast-schema-graph\">{\"@context\":\"https:\/\/schema.org\",\"@graph\":[{\"@type\":\"Article\",\"@id\":\"https:\/\/evertonfc.cz\/index.php\/2020\/04\/15\/kviz-s-walcottom\/#article\",\"isPartOf\":{\"@id\":\"https:\/\/evertonfc.cz\/index.php\/2020\/04\/15\/kviz-s-walcottom\/\"},\"author\":{\"name\":\"BlueBlooded\",\"@id\":\"https:\/\/evertonfc.cz\/#\/schema\/person\/d4493b8cbea51532597fbc4685698916\"},\"headline\":\"Kv\u00edz s Walcottom\",\"datePublished\":\"2020-04-15T15:44:33+00:00\",\"dateModified\":\"2020-04-28T06:54:47+00:00\",\"mainEntityOfPage\":{\"@id\":\"https:\/\/evertonfc.cz\/index.php\/2020\/04\/15\/kviz-s-walcottom\/\"},\"wordCount\":741,\"commentCount\":9,\"publisher\":{\"@id\":\"https:\/\/evertonfc.cz\/#organization\"},\"image\":{\"@id\":\"https:\/\/evertonfc.cz\/index.php\/2020\/04\/15\/kviz-s-walcottom\/#primaryimage\"},\"thumbnailUrl\":\"https:\/\/evertonfc.cz\/wp-content\/uploads\/2020\/04\/Theo-Walcott-15-4-2020.jpg\",\"articleSection\":[\"Rozhovory\"],\"inLanguage\":\"cs\",\"potentialAction\":[{\"@type\":\"CommentAction\",\"name\":\"Comment\",\"target\":[\"https:\/\/evertonfc.cz\/index.php\/2020\/04\/15\/kviz-s-walcottom\/#respond\"]}]},{\"@type\":\"WebPage\",\"@id\":\"https:\/\/evertonfc.cz\/index.php\/2020\/04\/15\/kviz-s-walcottom\/\",\"url\":\"https:\/\/evertonfc.cz\/index.php\/2020\/04\/15\/kviz-s-walcottom\/\",\"name\":\"Kv\u00edz s Walcottom - Official Czech &amp; Slovak Everton Supporters&#039; Club\",\"isPartOf\":{\"@id\":\"https:\/\/evertonfc.cz\/#website\"},\"primaryImageOfPage\":{\"@id\":\"https:\/\/evertonfc.cz\/index.php\/2020\/04\/15\/kviz-s-walcottom\/#primaryimage\"},\"image\":{\"@id\":\"https:\/\/evertonfc.cz\/index.php\/2020\/04\/15\/kviz-s-walcottom\/#primaryimage\"},\"thumbnailUrl\":\"https:\/\/evertonfc.cz\/wp-content\/uploads\/2020\/04\/Theo-Walcott-15-4-2020.jpg\",\"datePublished\":\"2020-04-15T15:44:33+00:00\",\"dateModified\":\"2020-04-28T06:54:47+00:00\",\"breadcrumb\":{\"@id\":\"https:\/\/evertonfc.cz\/index.php\/2020\/04\/15\/kviz-s-walcottom\/#breadcrumb\"},\"inLanguage\":\"cs\",\"potentialAction\":[{\"@type\":\"ReadAction\",\"target\":[\"https:\/\/evertonfc.cz\/index.php\/2020\/04\/15\/kviz-s-walcottom\/\"]}]},{\"@type\":\"ImageObject\",\"inLanguage\":\"cs\",\"@id\":\"https:\/\/evertonfc.cz\/index.php\/2020\/04\/15\/kviz-s-walcottom\/#primaryimage\",\"url\":\"https:\/\/evertonfc.cz\/wp-content\/uploads\/2020\/04\/Theo-Walcott-15-4-2020.jpg\",\"contentUrl\":\"https:\/\/evertonfc.cz\/wp-content\/uploads\/2020\/04\/Theo-Walcott-15-4-2020.jpg\",\"width\":720,\"height\":405},{\"@type\":\"BreadcrumbList\",\"@id\":\"https:\/\/evertonfc.cz\/index.php\/2020\/04\/15\/kviz-s-walcottom\/#breadcrumb\",\"itemListElement\":[{\"@type\":\"ListItem\",\"position\":1,\"name\":\"Home\",\"item\":\"https:\/\/evertonfc.cz\/\"},{\"@type\":\"ListItem\",\"position\":2,\"name\":\"Kv\u00edz s Walcottom\"}]},{\"@type\":\"WebSite\",\"@id\":\"https:\/\/evertonfc.cz\/#website\",\"url\":\"https:\/\/evertonfc.cz\/\",\"name\":\"Official Czech &amp; Slovak Everton Supporters&#039; Club\",\"description\":\"\",\"publisher\":{\"@id\":\"https:\/\/evertonfc.cz\/#organization\"},\"potentialAction\":[{\"@type\":\"SearchAction\",\"target\":{\"@type\":\"EntryPoint\",\"urlTemplate\":\"https:\/\/evertonfc.cz\/?s={search_term_string}\"},\"query-input\":{\"@type\":\"PropertyValueSpecification\",\"valueRequired\":true,\"valueName\":\"search_term_string\"}}],\"inLanguage\":\"cs\"},{\"@type\":\"Organization\",\"@id\":\"https:\/\/evertonfc.cz\/#organization\",\"name\":\"Official Czech & Slovak Everton Supporters' Club\",\"url\":\"https:\/\/evertonfc.cz\/\",\"logo\":{\"@type\":\"ImageObject\",\"inLanguage\":\"cs\",\"@id\":\"https:\/\/evertonfc.cz\/#\/schema\/logo\/image\/\",\"url\":\"https:\/\/evertonfc.cz\/wp-content\/uploads\/2019\/05\/logo.png\",\"contentUrl\":\"https:\/\/evertonfc.cz\/wp-content\/uploads\/2019\/05\/logo.png\",\"width\":112,\"height\":112,\"caption\":\"Official Czech & Slovak Everton Supporters' Club\"},\"image\":{\"@id\":\"https:\/\/evertonfc.cz\/#\/schema\/logo\/image\/\"},\"sameAs\":[\"https:\/\/www.facebook.com\/everton.fans.cz.sk\"]},{\"@type\":\"Person\",\"@id\":\"https:\/\/evertonfc.cz\/#\/schema\/person\/d4493b8cbea51532597fbc4685698916\",\"name\":\"BlueBlooded\",\"url\":\"https:\/\/evertonfc.cz\/index.php\/author\/admin\/\"}]}<\/script>\n<!-- \/ Yoast SEO plugin. -->","yoast_head_json":{"title":"Kv\u00edz s Walcottom - Official Czech &amp; Slovak Everton Supporters&#039; Club","robots":{"index":"index","follow":"follow","max-snippet":"max-snippet:-1","max-image-preview":"max-image-preview:large","max-video-preview":"max-video-preview:-1"},"canonical":"https:\/\/evertonfc.cz\/index.php\/2020\/04\/15\/kviz-s-walcottom\/","og_locale":"cs_CZ","og_type":"article","og_title":"Kv\u00edz s Walcottom - Official Czech &amp; Slovak Everton Supporters&#039; Club","og_description":"V z\u00e1pasov\u00fdch programoch tejto sez\u00f3ny sa hr\u00e1\u010dov p\u00fdtali r\u00f4zne ot\u00e1zky \u2013 od ob\u013e\u00faben\u00fdch filmov a\u017e po jedlo. Ak chcete zisti\u0165 viac o Theovi, \u010d\u00edtajte nasleduj\u00face riadky.","og_url":"https:\/\/evertonfc.cz\/index.php\/2020\/04\/15\/kviz-s-walcottom\/","og_site_name":"Official Czech &amp; Slovak Everton Supporters&#039; Club","article_publisher":"https:\/\/www.facebook.com\/everton.fans.cz.sk","article_published_time":"2020-04-15T15:44:33+00:00","article_modified_time":"2020-04-28T06:54:47+00:00","og_image":[{"width":720,"height":405,"url":"https:\/\/evertonfc.cz\/wp-content\/uploads\/2020\/04\/Theo-Walcott-15-4-2020.jpg","type":"image\/jpeg"}],"author":"BlueBlooded","twitter_card":"summary_large_image","twitter_misc":{"Napsal(a)":"BlueBlooded","Odhadovan\u00e1 doba \u010dten\u00ed":"4 minuty"},"schema":{"@context":"https:\/\/schema.org","@graph":[{"@type":"Article","@id":"https:\/\/evertonfc.cz\/index.php\/2020\/04\/15\/kviz-s-walcottom\/#article","isPartOf":{"@id":"https:\/\/evertonfc.cz\/index.php\/2020\/04\/15\/kviz-s-walcottom\/"},"author":{"name":"BlueBlooded","@id":"https:\/\/evertonfc.cz\/#\/schema\/person\/d4493b8cbea51532597fbc4685698916"},"headline":"Kv\u00edz s Walcottom","datePublished":"2020-04-15T15:44:33+00:00","dateModified":"2020-04-28T06:54:47+00:00","mainEntityOfPage":{"@id":"https:\/\/evertonfc.cz\/index.php\/2020\/04\/15\/kviz-s-walcottom\/"},"wordCount":741,"commentCount":9,"publisher":{"@id":"https:\/\/evertonfc.cz\/#organization"},"image":{"@id":"https:\/\/evertonfc.cz\/index.php\/2020\/04\/15\/kviz-s-walcottom\/#primaryimage"},"thumbnailUrl":"https:\/\/evertonfc.cz\/wp-content\/uploads\/2020\/04\/Theo-Walcott-15-4-2020.jpg","articleSection":["Rozhovory"],"inLanguage":"cs","potentialAction":[{"@type":"CommentAction","name":"Comment","target":["https:\/\/evertonfc.cz\/index.php\/2020\/04\/15\/kviz-s-walcottom\/#respond"]}]},{"@type":"WebPage","@id":"https:\/\/evertonfc.cz\/index.php\/2020\/04\/15\/kviz-s-walcottom\/","url":"https:\/\/evertonfc.cz\/index.php\/2020\/04\/15\/kviz-s-walcottom\/","name":"Kv\u00edz s Walcottom - Official Czech &amp; Slovak Everton Supporters&#039; Club","isPartOf":{"@id":"https:\/\/evertonfc.cz\/#website"},"primaryImageOfPage":{"@id":"https:\/\/evertonfc.cz\/index.php\/2020\/04\/15\/kviz-s-walcottom\/#primaryimage"},"image":{"@id":"https:\/\/evertonfc.cz\/index.php\/2020\/04\/15\/kviz-s-walcottom\/#primaryimage"},"thumbnailUrl":"https:\/\/evertonfc.cz\/wp-content\/uploads\/2020\/04\/Theo-Walcott-15-4-2020.jpg","datePublished":"2020-04-15T15:44:33+00:00","dateModified":"2020-04-28T06:54:47+00:00","breadcrumb":{"@id":"https:\/\/evertonfc.cz\/index.php\/2020\/04\/15\/kviz-s-walcottom\/#breadcrumb"},"inLanguage":"cs","potentialAction":[{"@type":"ReadAction","target":["https:\/\/evertonfc.cz\/index.php\/2020\/04\/15\/kviz-s-walcottom\/"]}]},{"@type":"ImageObject","inLanguage":"cs","@id":"https:\/\/evertonfc.cz\/index.php\/2020\/04\/15\/kviz-s-walcottom\/#primaryimage","url":"https:\/\/evertonfc.cz\/wp-content\/uploads\/2020\/04\/Theo-Walcott-15-4-2020.jpg","contentUrl":"https:\/\/evertonfc.cz\/wp-content\/uploads\/2020\/04\/Theo-Walcott-15-4-2020.jpg","width":720,"height":405},{"@type":"BreadcrumbList","@id":"https:\/\/evertonfc.cz\/index.php\/2020\/04\/15\/kviz-s-walcottom\/#breadcrumb","itemListElement":[{"@type":"ListItem","position":1,"name":"Home","item":"https:\/\/evertonfc.cz\/"},{"@type":"ListItem","position":2,"name":"Kv\u00edz s Walcottom"}]},{"@type":"WebSite","@id":"https:\/\/evertonfc.cz\/#website","url":"https:\/\/evertonfc.cz\/","name":"Official Czech &amp; Slovak Everton Supporters&#039; Club","description":"","publisher":{"@id":"https:\/\/evertonfc.cz\/#organization"},"potentialAction":[{"@type":"SearchAction","target":{"@type":"EntryPoint","urlTemplate":"https:\/\/evertonfc.cz\/?s={search_term_string}"},"query-input":{"@type":"PropertyValueSpecification","valueRequired":true,"valueName":"search_term_string"}}],"inLanguage":"cs"},{"@type":"Organization","@id":"https:\/\/evertonfc.cz\/#organization","name":"Official Czech & Slovak Everton Supporters' Club","url":"https:\/\/evertonfc.cz\/","logo":{"@type":"ImageObject","inLanguage":"cs","@id":"https:\/\/evertonfc.cz\/#\/schema\/logo\/image\/","url":"https:\/\/evertonfc.cz\/wp-content\/uploads\/2019\/05\/logo.png","contentUrl":"https:\/\/evertonfc.cz\/wp-content\/uploads\/2019\/05\/logo.png","width":112,"height":112,"caption":"Official Czech & Slovak Everton Supporters' Club"},"image":{"@id":"https:\/\/evertonfc.cz\/#\/schema\/logo\/image\/"},"sameAs":["https:\/\/www.facebook.com\/everton.fans.cz.sk"]},{"@type":"Person","@id":"https:\/\/evertonfc.cz\/#\/schema\/person\/d4493b8cbea51532597fbc4685698916","name":"BlueBlooded","url":"https:\/\/evertonfc.cz\/index.php\/author\/admin\/"}]}},"_links":{"self":[{"href":"https:\/\/evertonfc.cz\/index.php\/wp-json\/wp\/v2\/posts\/10787"}],"collection":[{"href":"https:\/\/evertonfc.cz\/index.php\/wp-json\/wp\/v2\/posts"}],"about":[{"href":"https:\/\/evertonfc.cz\/index.php\/wp-json\/wp\/v2\/types\/post"}],"author":[{"embeddable":true,"href":"https:\/\/evertonfc.cz\/index.php\/wp-json\/wp\/v2\/users\/1"}],"replies":[{"embeddable":true,"href":"https:\/\/evertonfc.cz\/index.php\/wp-json\/wp\/v2\/comments?post=10787"}],"version-history":[{"count":7,"href":"https:\/\/evertonfc.cz\/index.php\/wp-json\/wp\/v2\/posts\/10787\/revisions"}],"predecessor-version":[{"id":10794,"href":"https:\/\/evertonfc.cz\/index.php\/wp-json\/wp\/v2\/posts\/10787\/revisions\/10794"}],"wp:featuredmedia":[{"embeddable":true,"href":"https:\/\/evertonfc.cz\/index.php\/wp-json\/wp\/v2\/media\/10786"}],"wp:attachment":[{"href":"https:\/\/evertonfc.cz\/index.php\/wp-json\/wp\/v2\/media?parent=10787"}],"wp:term":[{"taxonomy":"category","embeddable":true,"href":"https:\/\/evertonfc.cz\/index.php\/wp-json\/wp\/v2\/categories?post=10787"},{"taxonomy":"post_tag","embeddable":true,"href":"https:\/\/evertonfc.cz\/index.php\/wp-json\/wp\/v2\/tags?post=10787"}],"curies":[{"name":"wp","href":"https:\/\/api.w.org\/{rel}","templated":true}]}}