{"id":10797,"date":"2020-04-18T21:11:22","date_gmt":"2020-04-18T19:11:22","guid":{"rendered":"https:\/\/evertonfc.cz\/?p=10797"},"modified":"2020-04-27T09:14:52","modified_gmt":"2020-04-27T07:14:52","slug":"nevedel-som-ci-zartuje","status":"publish","type":"post","link":"https:\/\/evertonfc.cz\/index.php\/2020\/04\/18\/nevedel-som-ci-zartuje\/","title":{"rendered":"\u201eNevedel som, \u010di \u017eartuje!\u201c"},"content":{"rendered":"<h4>Islan\u010fan sa te\u0161\u00ed d\u00f4vere nov\u00e9ho talianskeho \u0161\u00e9fa lavi\u010dky Karameliek. Aj za cenu, \u017ee hr\u00e1 mimo svojho prirodzen\u00e9ho postu. \u010c\u00edtajte \u010falej, ak\u00e9 po\u017eiadavky m\u00e1 na\u0148ho Ancelotti.<\/h4>\n<p>Zbrklos\u0165 sa rod\u00ed r\u00fdchlo. Preto je Carlo u\u017e druh\u00fd mana\u017e\u00e9r v\u00a0Evertone, ktor\u00fd sa mus\u00ed vysporiada\u0165 s\u00a0ve\u010dn\u00fdm probl\u00e9mom drah\u00fdch a\u00a0neefekt\u00edvnych n\u00e1kupov. Ten najv\u00e4\u010d\u0161\u00ed predstavuje osobu <a href=\"https:\/\/evertonfc.cz\/index.php\/soupiska\/gylfi-sigurdsson\/\" target=\"_blank\" rel=\"noopener noreferrer\">Gylfiho Sigurdssona<\/a>. Posila <a href=\"https:\/\/evertonfc.cz\/index.php\/2016\/07\/01\/profil-ronald-koeman\/\" target=\"_blank\" rel=\"noopener noreferrer\">Koemana<\/a> s\u00a0<a href=\"https:\/\/evertonfc.cz\/index.php\/2016\/10\/12\/empiricky-walsh\/\" target=\"_blank\" rel=\"noopener noreferrer\">Walshom<\/a> pripravila klubov\u00fa kasu o\u00a0\u0161tyridsa\u0165p\u00e4\u0165 mili\u00f3nov libier, <a href=\"https:\/\/evertonfc.cz\/index.php\/2017\/09\/01\/prestupove-leto-2017\/\" target=\"_blank\" rel=\"noopener noreferrer\">v prekliatom lete roku 2017<\/a>.<\/p>\n<p>A\u00a0pridala bolehlav nielen strojcom tohto pre\u0161\u013eapu, ale aj ich n\u00e1stupcom. Pravdepodobne naj\u00faspe\u0161nej\u0161\u00ed vo vyu\u017eit\u00ed potenci\u00e1lu tohto stredopoliara bol <a href=\"https:\/\/evertonfc.cz\/index.php\/manazeri\/marco-silva\/\" target=\"_blank\" rel=\"noopener noreferrer\">Marco Silva<\/a>. Dnes u\u017e meno minul\u00e9 akceptovalo nutnos\u0165 zapracova\u0165 prednosti hr\u00e1\u010da a vo form\u00e1cii 4-2-3-1 z neho vy\u017em\u00fdkalo pravdepodobne maximum v sez\u00f3ne 2018\/19.<\/p>\n<p>Leniv\u00fd podhrot si toti\u017e v druhej sez\u00f3ne na Merseyside prip\u00edsal celkovo \u0161trn\u00e1s\u0165 s\u00fa\u0165a\u017en\u00fdch g\u00f3lov a sedem asistenci\u00ed. Ak nepo\u010d\u00edtame \u00fa\u010dinkovanie v Eur\u00f3pskej lige, je to vy\u0161e dvojn\u00e1sobok, ne\u017e v debutovom ro\u010dn\u00edku, ktor\u00fd st\u00e1l holandsk\u00fa hr\u00e1\u010dsku legendu miesto. O dva roky nesk\u00f4r v\u0161ak podobn\u00fd osud postihol aj Portugal\u010dana.<\/p>\n<p>Jedna z pr\u00ed\u010din? \u00c1no, aj Sigurdsson. Pritom sa toho ve\u013ea nezmenilo, kreat\u00edvec st\u00e1le hr\u00e1val na svojom preferovanom poste, no predt\u00fdm v\u00eddan\u00fd efekt na tr\u00e1vniku zmizol. Ferguson v do\u010dasnej \u00e9re veril Sigurdssonovi, ktor\u00fd ak mohol, nast\u00fapil, a rovnak\u00fd trend pokra\u010doval aj po oslavnom n\u00e1stupe <a href=\"https:\/\/evertonfc.cz\/index.php\/2020\/03\/02\/profil-carlo-ancelotti\/\" target=\"_blank\" rel=\"noopener noreferrer\">Carla Ancelottiho<\/a>.<\/p>\n<p>Ten zhodou okolnost\u00ed nadviazal na prost\u00fd syst\u00e9m klubovej legendy s\u00a0dvomi \u00fato\u010dn\u00edkmi. Tvar 4-4-2 pou\u017e\u00edval v\u00a0Neapole a\u00a0p\u00e1r rokov predt\u00fdm aj v\u00a0Reale Madrid. Form\u00e1cia ako tak\u00e1 nedisponuje v\u00fdslovne ofenz\u00edvnym tvorcom hry, \u010d\u00edslom desa\u0165. Naopak, potrebuje pohybliv\u00fdch a\u00a0univerz\u00e1lnej\u0161\u00edch stredn\u00fdch z\u00e1lo\u017en\u00edkov.<\/p>\n<p>A\u00a0to Gylfi rozhodne nie je. V\u00a0podstate z\u00a0n\u00fadze b\u00fdval vyu\u017e\u00edvan\u00fd ako jeden zo stredovej dvojice po\u010das zranenia vhodnej\u0161\u00edch typov ako s\u00fa<a href=\"https:\/\/evertonfc.cz\/index.php\/soupiska\/andre-gomes\/\" target=\"_blank\" rel=\"noopener noreferrer\"> Gomes<\/a> \u010di<a href=\"https:\/\/evertonfc.cz\/index.php\/soupiska\/fabian-delph\/\" target=\"_blank\" rel=\"noopener noreferrer\"> Delph<\/a>. Ke\u010f sa t\u00ed dostan\u00fa na tr\u00e1vnik, st\u00e1va sa pr\u00edpadne e\u0161te neefekt\u00edvnej\u0161\u00edm, doslova odlo\u017een\u00fdm na kraji \u013eavej z\u00e1lohy. Odtia\u013e m\u00e1 podnika\u0165 v\u00fdpady do stredu a\u00a0pom\u00e1ha\u0165 v\u00a0riaden\u00ed hry.<\/p>\n<p>Ak\u00e9 bolo len jeho prekvapenie, ke\u010f sa v prv\u00fd de\u0148 talianskeho re\u017eimu dozvedel, \u017ee sa s n\u00edm v hlbokom strede z\u00e1lohy, \u010faleko od s\u00faperovej br\u00e1ny, po\u010d\u00edta aj na\u010falej.<\/p>\n<h4>Sigurdsson pre ofici\u00e1lnu str\u00e1nku klubu:<\/h4>\n<blockquote><p><em>\u201eNevedel som, \u010di \u017eartuje! Teraz je ve\u013ea vec\u00ed, o\u00a0ktor\u00fdch mus\u00edm po\u010das z\u00e1pasu prem\u00fd\u0161\u013ea\u0165. Tak\u00fdch, o\u00a0ktor\u00fdch som predt\u00fdm nerozm\u00fd\u0161\u013eal. Ak napr\u00edklad \u00fato\u010d\u00edme, mus\u00edm osta\u0165 vzadu a\u00a0uisti\u0165 sa, \u017ee sme defenz\u00edvne zoraden\u00fd, ak strat\u00edme loptu. Na tom odv\u00e1dza ve\u013emi ve\u013ea pr\u00e1ce, aby sme boli dobre organizovan\u00ed v\u00a0obrane.\u201c<\/em><\/p>\n<p><em>\u201eMus\u00edm to hra\u0165 jednoducho, st\u00e1le pos\u00fava\u0165 loptu a\u00a0nema\u0165 pri tom pr\u00edli\u0161 ve\u013ea dotykov. Mus\u00edm si odbi\u0165 aj obranu, ale aj by\u0165 na lopte a\u00a0d\u00e1va\u0165 jednoduch\u00e9 prihr\u00e1vky hr\u00e1\u010dom, ktor\u00ed s\u00fa nebezpe\u010dn\u00ed smerom dopredu. Rovnako t\u00fdm \u00faplne vpredu, kde m\u00f4\u017eu nie\u010do spravi\u0165.\u201c<\/em><\/p>\n<p><em>\u201eMilujem veci ako strie\u013eanie g\u00f3lov, chodenie do v\u00e1pna, nabiehanie si na centre a dost\u00e1vanie sa do miest, kde sa v\u00e1m m\u00f4\u017ee objavi\u0165 lopta. V\u017edy bol m\u00f4j cie\u013e \u00fato\u010di\u0165 a d\u00e1va\u0165 g\u00f3ly. Trvalo p\u00e1r z\u00e1pasov, k\u00fdm som si zvykol na nie\u010do in\u00e9, ale za\u010dal som si t\u00fato poz\u00edciu u\u017e\u00edva\u0165. P\u00e4\u0165 alebo \u0161es\u0165 rokov dozadu by som t\u00fdm nebol nad\u0161en\u00fd.\u201c<\/em><\/p>\n<p><em>\u201eKe\u010f dozriete a\u00a0z\u00edskate viac sk\u00fasenost\u00ed, je to dobr\u00e1 v\u00fdzva zahra\u0165 si na novej poz\u00edcii, \u010di\u017ee mysl\u00edm na kompletne odli\u0161n\u00e9 veci. Carlo je ve\u013emi sk\u00fasen\u00fd a\u00a0\u00faspe\u0161n\u00fd mana\u017e\u00e9r a\u00a0m\u00e1me dobr\u00e9 vz\u0165ahy. Je fajn by\u0165 v\u00a0jeho t\u00edme. A\u00a0ak hr\u00e1vate, ste \u0161\u0165astn\u00fd. Nekomplikuje veci, jeho in\u0161trukcie s\u00fa jednoduch\u00e9 a\u00a0v\u0161etci vedia \u010do robia.\u201c<\/em><\/p><\/blockquote>\n<p>Dajte n\u00e1m vedie\u0165 v\u00e1\u0161 n\u00e1zor v\u00a0koment\u00e1roch. \u010co si mysl\u00edte vy? Sed\u00ed po novom islandsk\u00e9mu \u010d\u00edslu 10 jednoduchos\u0165?<\/p>\n<p style=\"text-align: right;\"><em>(foto zdroj: Tony McArdle\/Everton FC)<\/em><\/p>\n","protected":false},"excerpt":{"rendered":"<p>Islan\u010fan sa te\u0161\u00ed d\u00f4vere nov\u00e9ho talianskeho \u0161\u00e9fa lavi\u010dky Karameliek. Aj za cenu, \u017ee hr\u00e1 mimo svojho prirodzen\u00e9ho postu. \u010c\u00edtajte \u010falej, ak\u00e9 po\u017eiadavky m\u00e1 na\u0148ho Ancelotti.<\/p>\n","protected":false},"author":1,"featured_media":10798,"comment_status":"open","ping_status":"closed","sticky":false,"template":"","format":"standard","meta":{"_eb_attr":"","_monsterinsights_skip_tracking":false,"_monsterinsights_sitenote_active":false,"_monsterinsights_sitenote_note":"","_monsterinsights_sitenote_category":0,"footnotes":""},"categories":[1],"tags":[],"yoast_head":"<!-- This site is optimized with the Yoast SEO plugin v23.4 - https:\/\/yoast.com\/wordpress\/plugins\/seo\/ -->\n<title>\u201eNevedel som, \u010di \u017eartuje!\u201c - Official Czech &amp; Slovak Everton Supporters&#039; Club<\/title>\n<meta name=\"robots\" content=\"index, follow, max-snippet:-1, max-image-preview:large, max-video-preview:-1\" \/>\n<link rel=\"canonical\" href=\"https:\/\/evertonfc.cz\/index.php\/2020\/04\/18\/nevedel-som-ci-zartuje\/\" \/>\n<meta property=\"og:locale\" content=\"cs_CZ\" \/>\n<meta property=\"og:type\" content=\"article\" \/>\n<meta property=\"og:title\" content=\"\u201eNevedel som, \u010di \u017eartuje!\u201c - Official Czech &amp; Slovak Everton Supporters&#039; Club\" \/>\n<meta property=\"og:description\" content=\"Islan\u010fan sa te\u0161\u00ed d\u00f4vere nov\u00e9ho talianskeho \u0161\u00e9fa lavi\u010dky Karameliek. Aj za cenu, \u017ee hr\u00e1 mimo svojho prirodzen\u00e9ho postu. \u010c\u00edtajte \u010falej, ak\u00e9 po\u017eiadavky m\u00e1 na\u0148ho Ancelotti.\" \/>\n<meta property=\"og:url\" content=\"https:\/\/evertonfc.cz\/index.php\/2020\/04\/18\/nevedel-som-ci-zartuje\/\" \/>\n<meta property=\"og:site_name\" content=\"Official Czech &amp; Slovak Everton Supporters&#039; Club\" \/>\n<meta property=\"article:publisher\" content=\"https:\/\/www.facebook.com\/everton.fans.cz.sk\" \/>\n<meta property=\"article:published_time\" content=\"2020-04-18T19:11:22+00:00\" \/>\n<meta property=\"article:modified_time\" content=\"2020-04-27T07:14:52+00:00\" \/>\n<meta property=\"og:image\" content=\"https:\/\/evertonfc.cz\/wp-content\/uploads\/2020\/04\/Sigurdsson-18-4-2020.jpg\" \/>\n\t<meta property=\"og:image:width\" content=\"720\" \/>\n\t<meta property=\"og:image:height\" content=\"405\" \/>\n\t<meta property=\"og:image:type\" content=\"image\/jpeg\" \/>\n<meta name=\"author\" content=\"BlueBlooded\" \/>\n<meta name=\"twitter:card\" content=\"summary_large_image\" \/>\n<meta name=\"twitter:label1\" content=\"Napsal(a)\" \/>\n\t<meta name=\"twitter:data1\" content=\"BlueBlooded\" \/>\n\t<meta name=\"twitter:label2\" content=\"Odhadovan\u00e1 doba \u010dten\u00ed\" \/>\n\t<meta name=\"twitter:data2\" content=\"4 minuty\" \/>\n<script type=\"application\/ld+json\" class=\"yoast-schema-graph\">{\"@context\":\"https:\/\/schema.org\",\"@graph\":[{\"@type\":\"Article\",\"@id\":\"https:\/\/evertonfc.cz\/index.php\/2020\/04\/18\/nevedel-som-ci-zartuje\/#article\",\"isPartOf\":{\"@id\":\"https:\/\/evertonfc.cz\/index.php\/2020\/04\/18\/nevedel-som-ci-zartuje\/\"},\"author\":{\"name\":\"BlueBlooded\",\"@id\":\"https:\/\/evertonfc.cz\/#\/schema\/person\/d4493b8cbea51532597fbc4685698916\"},\"headline\":\"\u201eNevedel som, \u010di \u017eartuje!\u201c\",\"datePublished\":\"2020-04-18T19:11:22+00:00\",\"dateModified\":\"2020-04-27T07:14:52+00:00\",\"mainEntityOfPage\":{\"@id\":\"https:\/\/evertonfc.cz\/index.php\/2020\/04\/18\/nevedel-som-ci-zartuje\/\"},\"wordCount\":738,\"commentCount\":0,\"publisher\":{\"@id\":\"https:\/\/evertonfc.cz\/#organization\"},\"image\":{\"@id\":\"https:\/\/evertonfc.cz\/index.php\/2020\/04\/18\/nevedel-som-ci-zartuje\/#primaryimage\"},\"thumbnailUrl\":\"https:\/\/evertonfc.cz\/wp-content\/uploads\/2020\/04\/Sigurdsson-18-4-2020.jpg\",\"articleSection\":[\"Rozhovory\"],\"inLanguage\":\"cs\",\"potentialAction\":[{\"@type\":\"CommentAction\",\"name\":\"Comment\",\"target\":[\"https:\/\/evertonfc.cz\/index.php\/2020\/04\/18\/nevedel-som-ci-zartuje\/#respond\"]}]},{\"@type\":\"WebPage\",\"@id\":\"https:\/\/evertonfc.cz\/index.php\/2020\/04\/18\/nevedel-som-ci-zartuje\/\",\"url\":\"https:\/\/evertonfc.cz\/index.php\/2020\/04\/18\/nevedel-som-ci-zartuje\/\",\"name\":\"\u201eNevedel som, \u010di \u017eartuje!\u201c - Official Czech &amp; Slovak Everton Supporters&#039; Club\",\"isPartOf\":{\"@id\":\"https:\/\/evertonfc.cz\/#website\"},\"primaryImageOfPage\":{\"@id\":\"https:\/\/evertonfc.cz\/index.php\/2020\/04\/18\/nevedel-som-ci-zartuje\/#primaryimage\"},\"image\":{\"@id\":\"https:\/\/evertonfc.cz\/index.php\/2020\/04\/18\/nevedel-som-ci-zartuje\/#primaryimage\"},\"thumbnailUrl\":\"https:\/\/evertonfc.cz\/wp-content\/uploads\/2020\/04\/Sigurdsson-18-4-2020.jpg\",\"datePublished\":\"2020-04-18T19:11:22+00:00\",\"dateModified\":\"2020-04-27T07:14:52+00:00\",\"breadcrumb\":{\"@id\":\"https:\/\/evertonfc.cz\/index.php\/2020\/04\/18\/nevedel-som-ci-zartuje\/#breadcrumb\"},\"inLanguage\":\"cs\",\"potentialAction\":[{\"@type\":\"ReadAction\",\"target\":[\"https:\/\/evertonfc.cz\/index.php\/2020\/04\/18\/nevedel-som-ci-zartuje\/\"]}]},{\"@type\":\"ImageObject\",\"inLanguage\":\"cs\",\"@id\":\"https:\/\/evertonfc.cz\/index.php\/2020\/04\/18\/nevedel-som-ci-zartuje\/#primaryimage\",\"url\":\"https:\/\/evertonfc.cz\/wp-content\/uploads\/2020\/04\/Sigurdsson-18-4-2020.jpg\",\"contentUrl\":\"https:\/\/evertonfc.cz\/wp-content\/uploads\/2020\/04\/Sigurdsson-18-4-2020.jpg\",\"width\":720,\"height\":405,\"caption\":\"HALEWOOD, ENGLAND - DECEMBER 23 (EXCLUSIVE COVERAGE) New Everton manager Carlo Ancelotti chats to Gylfi Sigurdsson (L) during his first training session with Everton FC at USM Finch Farm on December 23 2019 in Halewood, England. (Photo by Tony McArdle\/Everton FC via Getty Images)\"},{\"@type\":\"BreadcrumbList\",\"@id\":\"https:\/\/evertonfc.cz\/index.php\/2020\/04\/18\/nevedel-som-ci-zartuje\/#breadcrumb\",\"itemListElement\":[{\"@type\":\"ListItem\",\"position\":1,\"name\":\"Home\",\"item\":\"https:\/\/evertonfc.cz\/\"},{\"@type\":\"ListItem\",\"position\":2,\"name\":\"\u201eNevedel som, \u010di \u017eartuje!\u201c\"}]},{\"@type\":\"WebSite\",\"@id\":\"https:\/\/evertonfc.cz\/#website\",\"url\":\"https:\/\/evertonfc.cz\/\",\"name\":\"Official Czech &amp; Slovak Everton Supporters&#039; Club\",\"description\":\"\",\"publisher\":{\"@id\":\"https:\/\/evertonfc.cz\/#organization\"},\"potentialAction\":[{\"@type\":\"SearchAction\",\"target\":{\"@type\":\"EntryPoint\",\"urlTemplate\":\"https:\/\/evertonfc.cz\/?s={search_term_string}\"},\"query-input\":{\"@type\":\"PropertyValueSpecification\",\"valueRequired\":true,\"valueName\":\"search_term_string\"}}],\"inLanguage\":\"cs\"},{\"@type\":\"Organization\",\"@id\":\"https:\/\/evertonfc.cz\/#organization\",\"name\":\"Official Czech & Slovak Everton Supporters' Club\",\"url\":\"https:\/\/evertonfc.cz\/\",\"logo\":{\"@type\":\"ImageObject\",\"inLanguage\":\"cs\",\"@id\":\"https:\/\/evertonfc.cz\/#\/schema\/logo\/image\/\",\"url\":\"https:\/\/evertonfc.cz\/wp-content\/uploads\/2019\/05\/logo.png\",\"contentUrl\":\"https:\/\/evertonfc.cz\/wp-content\/uploads\/2019\/05\/logo.png\",\"width\":112,\"height\":112,\"caption\":\"Official Czech & Slovak Everton Supporters' Club\"},\"image\":{\"@id\":\"https:\/\/evertonfc.cz\/#\/schema\/logo\/image\/\"},\"sameAs\":[\"https:\/\/www.facebook.com\/everton.fans.cz.sk\"]},{\"@type\":\"Person\",\"@id\":\"https:\/\/evertonfc.cz\/#\/schema\/person\/d4493b8cbea51532597fbc4685698916\",\"name\":\"BlueBlooded\",\"url\":\"https:\/\/evertonfc.cz\/index.php\/author\/admin\/\"}]}<\/script>\n<!-- \/ Yoast SEO plugin. -->","yoast_head_json":{"title":"\u201eNevedel som, \u010di \u017eartuje!\u201c - Official Czech &amp; Slovak Everton Supporters&#039; Club","robots":{"index":"index","follow":"follow","max-snippet":"max-snippet:-1","max-image-preview":"max-image-preview:large","max-video-preview":"max-video-preview:-1"},"canonical":"https:\/\/evertonfc.cz\/index.php\/2020\/04\/18\/nevedel-som-ci-zartuje\/","og_locale":"cs_CZ","og_type":"article","og_title":"\u201eNevedel som, \u010di \u017eartuje!\u201c - Official Czech &amp; Slovak Everton Supporters&#039; Club","og_description":"Islan\u010fan sa te\u0161\u00ed d\u00f4vere nov\u00e9ho talianskeho \u0161\u00e9fa lavi\u010dky Karameliek. Aj za cenu, \u017ee hr\u00e1 mimo svojho prirodzen\u00e9ho postu. \u010c\u00edtajte \u010falej, ak\u00e9 po\u017eiadavky m\u00e1 na\u0148ho Ancelotti.","og_url":"https:\/\/evertonfc.cz\/index.php\/2020\/04\/18\/nevedel-som-ci-zartuje\/","og_site_name":"Official Czech &amp; Slovak Everton Supporters&#039; Club","article_publisher":"https:\/\/www.facebook.com\/everton.fans.cz.sk","article_published_time":"2020-04-18T19:11:22+00:00","article_modified_time":"2020-04-27T07:14:52+00:00","og_image":[{"width":720,"height":405,"url":"https:\/\/evertonfc.cz\/wp-content\/uploads\/2020\/04\/Sigurdsson-18-4-2020.jpg","type":"image\/jpeg"}],"author":"BlueBlooded","twitter_card":"summary_large_image","twitter_misc":{"Napsal(a)":"BlueBlooded","Odhadovan\u00e1 doba \u010dten\u00ed":"4 minuty"},"schema":{"@context":"https:\/\/schema.org","@graph":[{"@type":"Article","@id":"https:\/\/evertonfc.cz\/index.php\/2020\/04\/18\/nevedel-som-ci-zartuje\/#article","isPartOf":{"@id":"https:\/\/evertonfc.cz\/index.php\/2020\/04\/18\/nevedel-som-ci-zartuje\/"},"author":{"name":"BlueBlooded","@id":"https:\/\/evertonfc.cz\/#\/schema\/person\/d4493b8cbea51532597fbc4685698916"},"headline":"\u201eNevedel som, \u010di \u017eartuje!\u201c","datePublished":"2020-04-18T19:11:22+00:00","dateModified":"2020-04-27T07:14:52+00:00","mainEntityOfPage":{"@id":"https:\/\/evertonfc.cz\/index.php\/2020\/04\/18\/nevedel-som-ci-zartuje\/"},"wordCount":738,"commentCount":0,"publisher":{"@id":"https:\/\/evertonfc.cz\/#organization"},"image":{"@id":"https:\/\/evertonfc.cz\/index.php\/2020\/04\/18\/nevedel-som-ci-zartuje\/#primaryimage"},"thumbnailUrl":"https:\/\/evertonfc.cz\/wp-content\/uploads\/2020\/04\/Sigurdsson-18-4-2020.jpg","articleSection":["Rozhovory"],"inLanguage":"cs","potentialAction":[{"@type":"CommentAction","name":"Comment","target":["https:\/\/evertonfc.cz\/index.php\/2020\/04\/18\/nevedel-som-ci-zartuje\/#respond"]}]},{"@type":"WebPage","@id":"https:\/\/evertonfc.cz\/index.php\/2020\/04\/18\/nevedel-som-ci-zartuje\/","url":"https:\/\/evertonfc.cz\/index.php\/2020\/04\/18\/nevedel-som-ci-zartuje\/","name":"\u201eNevedel som, \u010di \u017eartuje!\u201c - Official Czech &amp; Slovak Everton Supporters&#039; Club","isPartOf":{"@id":"https:\/\/evertonfc.cz\/#website"},"primaryImageOfPage":{"@id":"https:\/\/evertonfc.cz\/index.php\/2020\/04\/18\/nevedel-som-ci-zartuje\/#primaryimage"},"image":{"@id":"https:\/\/evertonfc.cz\/index.php\/2020\/04\/18\/nevedel-som-ci-zartuje\/#primaryimage"},"thumbnailUrl":"https:\/\/evertonfc.cz\/wp-content\/uploads\/2020\/04\/Sigurdsson-18-4-2020.jpg","datePublished":"2020-04-18T19:11:22+00:00","dateModified":"2020-04-27T07:14:52+00:00","breadcrumb":{"@id":"https:\/\/evertonfc.cz\/index.php\/2020\/04\/18\/nevedel-som-ci-zartuje\/#breadcrumb"},"inLanguage":"cs","potentialAction":[{"@type":"ReadAction","target":["https:\/\/evertonfc.cz\/index.php\/2020\/04\/18\/nevedel-som-ci-zartuje\/"]}]},{"@type":"ImageObject","inLanguage":"cs","@id":"https:\/\/evertonfc.cz\/index.php\/2020\/04\/18\/nevedel-som-ci-zartuje\/#primaryimage","url":"https:\/\/evertonfc.cz\/wp-content\/uploads\/2020\/04\/Sigurdsson-18-4-2020.jpg","contentUrl":"https:\/\/evertonfc.cz\/wp-content\/uploads\/2020\/04\/Sigurdsson-18-4-2020.jpg","width":720,"height":405,"caption":"HALEWOOD, ENGLAND - DECEMBER 23 (EXCLUSIVE COVERAGE) New Everton manager Carlo Ancelotti chats to Gylfi Sigurdsson (L) during his first training session with Everton FC at USM Finch Farm on December 23 2019 in Halewood, England. (Photo by Tony McArdle\/Everton FC via Getty Images)"},{"@type":"BreadcrumbList","@id":"https:\/\/evertonfc.cz\/index.php\/2020\/04\/18\/nevedel-som-ci-zartuje\/#breadcrumb","itemListElement":[{"@type":"ListItem","position":1,"name":"Home","item":"https:\/\/evertonfc.cz\/"},{"@type":"ListItem","position":2,"name":"\u201eNevedel som, \u010di \u017eartuje!\u201c"}]},{"@type":"WebSite","@id":"https:\/\/evertonfc.cz\/#website","url":"https:\/\/evertonfc.cz\/","name":"Official Czech &amp; Slovak Everton Supporters&#039; Club","description":"","publisher":{"@id":"https:\/\/evertonfc.cz\/#organization"},"potentialAction":[{"@type":"SearchAction","target":{"@type":"EntryPoint","urlTemplate":"https:\/\/evertonfc.cz\/?s={search_term_string}"},"query-input":{"@type":"PropertyValueSpecification","valueRequired":true,"valueName":"search_term_string"}}],"inLanguage":"cs"},{"@type":"Organization","@id":"https:\/\/evertonfc.cz\/#organization","name":"Official Czech & Slovak Everton Supporters' Club","url":"https:\/\/evertonfc.cz\/","logo":{"@type":"ImageObject","inLanguage":"cs","@id":"https:\/\/evertonfc.cz\/#\/schema\/logo\/image\/","url":"https:\/\/evertonfc.cz\/wp-content\/uploads\/2019\/05\/logo.png","contentUrl":"https:\/\/evertonfc.cz\/wp-content\/uploads\/2019\/05\/logo.png","width":112,"height":112,"caption":"Official Czech & Slovak Everton Supporters' Club"},"image":{"@id":"https:\/\/evertonfc.cz\/#\/schema\/logo\/image\/"},"sameAs":["https:\/\/www.facebook.com\/everton.fans.cz.sk"]},{"@type":"Person","@id":"https:\/\/evertonfc.cz\/#\/schema\/person\/d4493b8cbea51532597fbc4685698916","name":"BlueBlooded","url":"https:\/\/evertonfc.cz\/index.php\/author\/admin\/"}]}},"_links":{"self":[{"href":"https:\/\/evertonfc.cz\/index.php\/wp-json\/wp\/v2\/posts\/10797"}],"collection":[{"href":"https:\/\/evertonfc.cz\/index.php\/wp-json\/wp\/v2\/posts"}],"about":[{"href":"https:\/\/evertonfc.cz\/index.php\/wp-json\/wp\/v2\/types\/post"}],"author":[{"embeddable":true,"href":"https:\/\/evertonfc.cz\/index.php\/wp-json\/wp\/v2\/users\/1"}],"replies":[{"embeddable":true,"href":"https:\/\/evertonfc.cz\/index.php\/wp-json\/wp\/v2\/comments?post=10797"}],"version-history":[{"count":6,"href":"https:\/\/evertonfc.cz\/index.php\/wp-json\/wp\/v2\/posts\/10797\/revisions"}],"predecessor-version":[{"id":10862,"href":"https:\/\/evertonfc.cz\/index.php\/wp-json\/wp\/v2\/posts\/10797\/revisions\/10862"}],"wp:featuredmedia":[{"embeddable":true,"href":"https:\/\/evertonfc.cz\/index.php\/wp-json\/wp\/v2\/media\/10798"}],"wp:attachment":[{"href":"https:\/\/evertonfc.cz\/index.php\/wp-json\/wp\/v2\/media?parent=10797"}],"wp:term":[{"taxonomy":"category","embeddable":true,"href":"https:\/\/evertonfc.cz\/index.php\/wp-json\/wp\/v2\/categories?post=10797"},{"taxonomy":"post_tag","embeddable":true,"href":"https:\/\/evertonfc.cz\/index.php\/wp-json\/wp\/v2\/tags?post=10797"}],"curies":[{"name":"wp","href":"https:\/\/api.w.org\/{rel}","templated":true}]}}