{"id":10807,"date":"2020-04-21T09:37:17","date_gmt":"2020-04-21T07:37:17","guid":{"rendered":"https:\/\/evertonfc.cz\/?p=10807"},"modified":"2020-04-28T08:53:25","modified_gmt":"2020-04-28T06:53:25","slug":"velky-rozhovor-s-fanusikmi-pocas-koronakrizy","status":"publish","type":"post","link":"https:\/\/evertonfc.cz\/index.php\/2020\/04\/21\/velky-rozhovor-s-fanusikmi-pocas-koronakrizy\/","title":{"rendered":"Ve\u013ek\u00fd rozhovor s fan\u00fa\u0161ikmi po\u010das koronakr\u00edzy"},"content":{"rendered":"<h4><span lang=\"SK\">Na\u0161a redakcia oslovila viacero tunaj\u0161\u00edch fan\u00fa\u0161ikov Evertonu, aby ich vyspovedala po\u010das za\u0165a\u017ek\u00e1vaj\u00facej sk\u00fa\u0161ky, ktor\u00fa pr\u00e1ve podstupuje cel\u00fd svet, vr\u00e1tane futbalu.<\/span><\/h4>\n<p><em>Pozvanie prijali \u0161iesti na\u0161i vern\u00ed \u010ditatelia a zn\u00e1mi v\u00e1\u0161niv\u00ed diskut\u00e9ri, z\u00e1rove\u0148 v\u0161ak aj \u010dlenovia ofici\u00e1lneho \u010cesk\u00e9ho a Slovensk\u00e9ho Klubu podporovate\u013eov Evertonu. Pl\u00e1n bol vyspoveda\u0165 nov\u00e9 tv\u00e1re, nako\u013eko n\u00e1zory redakcie v\u00e1s u\u017e ur\u010dite omrzeli.\u00a0\u00a0<\/em><em>\ud83d\ude42<\/em><\/p>\n<p><em>Tak\u017ee zo Slovenska v\u00e1m svoj poh\u013ead na vec pon\u00fakne Wendo, Rob\u010di, duch.abum, Jan\u010di a kukol113 \u2013 administr\u00e1tor facebookovej str\u00e1nky fan\u00fa\u0161ikov Evertonu, ktor\u00e1 s\u00a0nami spolupracuje od roku 2013. Spoza \u010desk\u00fdch hran\u00edc prispeje Karamela. Varujem pred dlh\u00fdm, ale o\u00a0to pr\u00edjemnej\u0161\u00edm \u010d\u00edtan\u00edm priatelia!<\/em><\/p>\n<p><strong>V\u00a0prvom rade, \u010fakujem, \u017ee ste si na\u0161li \u010das a\u00a0ochotu sadn\u00fa\u0165 si k\u00a0po\u010d\u00edta\u010du a\u00a0podeli\u0165 sa o\u00a0svoje n\u00e1zory. Ver\u00edm, \u017ee v\u00e1s COVID-19 \u00faspe\u0161ne obch\u00e1dza osobne aj pracovne, a\u00a0rovnak\u00e9 \u0161\u0165astie a\u00a0pevn\u00e9 zdravie v\u00e1m a\u00a0va\u0161im bl\u00edzkym prajem aj v\u00a0nasleduj\u00facich mesiacoch. Za\u010dnem preto tak v\u0161eobecnej\u0161ie. T\u00e1to no\u010dn\u00e1 mora i modernej \u013eudskej civiliz\u00e1cie sa o\u010dividne nebude nikam pon\u00e1h\u013ea\u0165. Ako vn\u00edmate tento s\u00fa\u010dasn\u00fd stav, kedy sme obmedzovan\u00ed na na\u0161ich be\u017en\u00fdch radostiach \u017eivota, a\u00a0to kv\u00f4li ochrane vlastnej aj ostatn\u00fdch?<\/strong><\/p>\n<p><strong>duch.abum:<\/strong> Je to nie\u010do nov\u00e9 a zauj\u00edmav\u00e9. Keby som sa neb\u00e1l o svojich bl\u00edzkych, predov\u0161etk\u00fdm rodi\u010dov, a keby nezomierali \u013eudia, povedal by som, \u017ee zvl\u00e1\u0161tna sk\u00fasenos\u0165, ktor\u00fa sme mo\u017eno viacer\u00ed potrebovali.<\/p>\n<p><strong>Jan\u010di:<\/strong> Tak, sna\u017e\u00edm sa v prvom rade dodr\u017eiava\u0165 dan\u00e9 opatrenia, ako s\u00fa dezinfekcia, vyh\u00fdbanie sa v\u00e4\u010d\u0161\u00edm skupin\u00e1m \u013eud\u00ed, nepodlieha\u0165 panike. O v\u00edrus sa v\u0161eobecne moc nezauj\u00edmam, beriem to ako vec, ktor\u00e1 by sk\u00f4r \u010di nesk\u00f4r tak \u010di tak pri\u0161la, a koniec koncov \u010fakujme Bohu zato, \u017ee to nie je nato\u013eko agres\u00edvne, ako Ebola, mor alebo HIV. Inak fungujem \u00faplne rovnako, ale s tak\u00fdm &#8222;\u0161etriacim m\u00f3dom&#8220;.<\/p>\n<p><strong>Karamela:<\/strong> Ano, omezov\u00e1n\u00ed jsme, ale ned\u00e1 se s t\u00edm nic d\u011blat. Pandemii nejsp\u00ed\u0161 ne\u0161lo p\u0159edej\u00edt, pomineme-li liknavou \u010d\u00ednskou reakci na za\u010d\u00e1tku. Nem\u00e1 smysl se tedy n\u011bjak zvl\u00e1\u0161\u0165 u\u017e\u00edrat t\u00edm, co v\u0161echno nem\u016f\u017eeme. Jin\u00e1 v\u011bc je, \u017ee nem\u00e1m pocit, \u017ee by krizov\u00e1 situace v \u010cech\u00e1ch byla \u0159\u00edzena kompetentn\u011b. Zejm\u00e9na na za\u010d\u00e1tku nebyla k m\u00e1n\u00ed desinfekce a rou\u0161ky ani v nemocnic\u00edch. Co\u017e m\u011b ve st\u00e1t\u011b, kter\u00fd v produkci lihu (a ve spot\u0159eb\u011b alkoholu) nehraje pr\u00e1v\u011b druhou ligu a kter\u00fd\u00a0 vynik\u00e1 i v oboru nanovl\u00e1knov\u00fdch textili\u00ed p\u0159ipad\u00e1 jako jasn\u00e1 uk\u00e1zka nekompetentn\u00edho st\u00e1tn\u00edho managementu.<\/p>\n<p>Tento stav chaosu, okam\u017eit\u00fdch, zjevn\u011b nekoncep\u010dn\u00edch a nekoordinovan\u00fdch (mnohdy i protich\u016fdn\u00fdch) n\u00e1pad\u016f trv\u00e1 i nad\u00e1le. A nem\u016f\u017ee za to jen sice neschopn\u00fd, a psychopatick\u00fd \u0161a\u0161ek v \u010dele vl\u00e1dy.\u00a0 P\u0159ipo\u010dteme-li sklon vl\u00e1dy ukrajovat si dal\u0161\u00ed a dal\u0161\u00ed kompetence si mysl\u00edm, \u017ee n\u00e1s jednou po odezn\u011bn\u00ed pandemie \u010dek\u00e1 dost pr\u00e1ce vr\u00e1tit \u017eivot do kolej\u00ed parlamentn\u00ed liber\u00e1ln\u00ed demokracie. Na druhou stranu si mo\u017en\u00e1 vezmeme pou\u010den\u00ed z na\u0161\u00ed nesob\u011bsta\u010dnosti a z\u00e1vislosti na v\u00fdrobc\u00edch z druh\u00e9 strany zem\u011bkoule (jakkoliv jsem fanou\u0161kem globalizace). Celkem vzato, d\u00edky Bohu, \u017ee v \u010cech\u00e1ch, na Morav\u011b i na Slovensku zat\u00edm proch\u00e1z\u00edme pandemi\u00ed tak, jak proch\u00e1z\u00edme.<\/p>\n<p><strong>kukol113:<\/strong> Nezost\u00e1va n\u00e1m ni\u010d in\u00e9, ako sa popasova\u0165 s touto pand\u00e9miou, spr\u00e1va\u0165 sa zodpovedne, dodr\u017eiava\u0165 nariadenia a odpor\u00fa\u010dania vl\u00e1dy a veri\u0165, \u017ee to \u010doskoro bude lep\u0161ie, aby sme sa \u010d\u00edm sk\u00f4r mohli vr\u00e1ti\u0165 do norm\u00e1lnej\u0161ieho sp\u00f4sobu \u017eivota.<\/p>\n<p><strong>Rob\u010di:<\/strong> \u00c1no, tak mus\u00edme sa prisp\u00f4sobi\u0165 tejto ne\u013eahkej a obmedzuj\u00facej dobe, aby t\u00e1to pand\u00e9mia, \u010do postihla cel\u00fd svet, \u010do najsk\u00f4r pominula a mohli sme sa vr\u00e1ti\u0165 v\u0161etci k\u00a0tomu, \u010do n\u00e1s bav\u00ed a nap\u013a\u0148a. Ja osobne chod\u00edm do pr\u00e1ce a som za to r\u00e1d, lebo som typ \u010dloveka, ktor\u00fd neobsed\u00ed doma cel\u00e9 dni. Niektor\u00ed tak\u00e9 mo\u017enosti nemaj\u00fa. Na\u0161\u0165astie v pr\u00e1ci neprich\u00e1dzam do styku s ve\u013ea \u013eu\u010fmi ako je to v in\u00fdch zamestnaniach a preto si v\u00e1\u017eim v\u0161etk\u00fdch, ktor\u00fd sa podie\u013eaj\u00fa na ka\u017edodennom fungovan\u00ed na\u0161ej krajiny.<\/p>\n<p><strong>Wendo:<\/strong> Dodr\u017eiavame s rodinkou v\u0161etky nariadenia a re\u0161pektujeme ich. Ka\u017ed\u00e1 minca m\u00e1 v\u0161ak dve strany, ako aj t\u00e1to minca v hodnote \u201eCOVID-19\u201c a je dos\u0165 \u0165a\u017ek\u00e9 vyzna\u0165 sa v zmesi inform\u00e1ci\u00ed, ktor\u00e9 n\u00e1m pos\u00favaj\u00fa cez r\u00f4zne m\u00e9dia. Je to pre n\u00e1s nov\u00e1 situ\u00e1cia, tak ako aj pre ostatn\u00fdch a\u00a0uvid\u00edme, ako sa to vyvinie v najbli\u017e\u0161\u00edch d\u0148och\/t\u00fd\u017ed\u0148och.<\/p>\n<p><strong>Zasiahnut\u00fd je, zd\u00e1 sa, ka\u017ed\u00fd aspekt n\u00e1\u0161ho \u017eivota a\u00a0Everton v\u00a0\u0148om zohr\u00e1va \u00falohu tie\u017e, hoci za t\u00fdchto okolnost\u00ed mal\u00fa a\u00a0nepodstatn\u00fa. Ubehol u\u017e vy\u0161e mesiac, odkedy sa piatok trin\u00e1steho preru\u0161ila Premier League a\u00a0svet postupne vystavil stopku takmer v\u0161etk\u00fdm \u0161portom. Mne osobne ch\u00fdba v\u00edkendov\u00e9 \u0161portov\u00e9 z\u00e1polenie ob\u013e\u00faben\u00e9ho klubu, a\u00a0prakticky som pri\u0161iel o\u00a0stredobod mojich vo\u013eno\u010dasov\u00fdch aktiv\u00edt. \u010co predstavuje pre v\u00e1s absencia Evertonu? Vyrovn\u00e1vate sa s\u00a0\u0148ou nejak\u00fdm sp\u00f4sobom?<\/strong><\/p>\n<p><strong>duch.abum:<\/strong> Pravideln\u00fd z\u00e1pas pred monitorom mi samozrejme ch\u00fdba. Je to v\u0161ak podobn\u00e9, ako cez letn\u00fa prest\u00e1vku. Teda neve\u0161iam sa a \u010dak\u00e1m kedy to za\u010dne. Z poh\u013eadu Evertonu som u\u017e ni\u010d ve\u013ek\u00e9 t\u00fato sez\u00f3nu ne\u010dakal, tak\u017ee je to jednoduch\u0161ie. M\u00e1m doma dve deti, jedn\u00e9mu z nich sa intenz\u00edvne venujem, vo\u013ena ve\u013ea nem\u00e1m. A n\u00e1padov, \u010do robi\u0165 je ve\u013ea, vyplni\u0165 si \u010das ur\u010dite nie je m\u00f4j probl\u00e9m.<\/p>\n<p><strong>Jan\u010di:<\/strong> M\u00e1m to podobne. Taktie\u017e som si v\u00edkendov\u00e9 aktivity pl\u00e1noval pod\u013ea toho, kedy sa hral z\u00e1pas, a neuverite\u013ene ma \u0161tvalo, ke\u010f za\u010d\u00ednali reprezenta\u010dn\u00e9 prest\u00e1vky. U\u017e len t\u00e1 predstava, nesledova\u0165 klubov\u00fd futbal dva t\u00fd\u017edne, bola pre m\u0148a \u00famorn\u00e1. Teraz je to u\u017e vy\u0161e mesiaca a nejako si za\u010d\u00ednam zvyka\u0165, ale tu ide u\u017e o viac, ako len o \u0161port samotn\u00fd, tak\u017ee to beriem \u00faplne v pohode.<\/p>\n<p><strong>Karamela: <\/strong>Ano, sobotn\u00ed z\u00e1pasy mi chyb\u00ed, cvrkot okolo Evertonu a PL tak\u00e9. Ale otev\u0159en\u011b \u0159e\u010deno to je velmi zbytn\u00fd luxus. Vzhledem k pandemii si mysl\u00edm, \u017ee to nen\u00ed zas\u00e1dn\u00ed probl\u00e9m. M\u00e9 volno\u010dasov\u00e9 aktivity se zm\u011bnily, konkr\u00e9tn\u011b se v\u00edce v\u011bnuji kolu a kn\u00ed\u017ek\u00e1m, na kter\u00e9 se zat\u00edm nedostalo. Ve v\u0161edn\u00ed dny pak p\u0159ekvapiv\u011b dost \u010dasu tr\u00e1v\u00edm nad \u0161kolou se synem, dom\u00e1c\u00edmi pracemi a home office. Je velk\u00e9 \u0161t\u011bst\u00ed, \u017ee epidemie je v dob\u011b dlouh\u00fdch a slunn\u00fdch dn\u016f, kdy obt\u00ed\u017ee sn\u00e1\u0161\u00edm podstatn\u011b l\u00e9pe ne\u017e na p\u0159elomu listopadu a prosince, nap\u0159\u00edklad.<\/p>\n<p><strong>kukol113: <\/strong>Samozrejme, \u017ee je to bolestiv\u00e1 strata vo v\u00edkendovom programe, kedy som bol zvyknut\u00fd sledova\u0165 z\u00e1pasy The Toffees, no vyrovnal som sa s t\u00fdm a dianie okolo klubu sledujem neust\u00e1le aj na\u010falej a takisto sledujem aj z\u00e1pasy, ktor\u00e9 prid\u00e1va klub na svoj YouTube kan\u00e1l. Taktie\u017e je tu op\u00e4\u0165 \u010das, aby sne si mohli zaspom\u00edna\u0165 na r\u00f4zne pam\u00e4tn\u00e9 momenty z hist\u00f3rie Evertonu, ktor\u00fdch je nespo\u010detne ve\u013ea.<\/p>\n<p><strong>Rob\u010di:<\/strong> Prv\u00e9 dva t\u00fd\u017edne som to e\u0161te ve\u013emi nepoci\u0165oval. Samozrejme postupom \u010dasu mi za\u010dalo sledovanie predov\u0161etk\u00fdm m\u00f4jho milovan\u00e9ho klubu ch\u00fdba\u0165 viac a viac, ale bohu\u017eia\u013e sa situ\u00e1cia vyvinula ve\u013emi v\u00e1\u017ene, tak neost\u00e1va n\u00e1m ni\u010d in\u00e9, ako ju pre\u010dka\u0165 v zdrav\u00ed. Teraz m\u00e1m viac \u010dasu na pozeranie seri\u00e1lov, na ktor\u00e9 som v poslednej dobe u\u017e nemal \u010das, a\u00a0samozrejme v\u00fdlety do pr\u00edrody alebo aspo\u0148 nejak\u00fd pohyb.<\/p>\n<p><strong>Wendo:<\/strong> Premier League sledujem u\u017e ve\u013ea rokov a od za\u010diatku fand\u00edm Evertonu. Vybudoval som si asi nejak\u00fa z\u00e1vislos\u0165, nako\u013eko m\u00e1m niekedy pocit, \u017ee mi ch\u00fdbaj\u00fa kolapsy na\u0161ich Karameliek, ke\u010f napr. vedieme 2:0 v\u00a093. min\u00fate a v\u00a095. min\u00fate je 2:2! Ch\u00fdbaj\u00faci \u0161port v TV si aspo\u0148 \u010diasto\u010dne nahr\u00e1dzam skvel\u00fdmi z\u00e1znamami na Trojke (RTVS), kde repr\u00edzuj\u00fa fin\u00e1lov\u00e9 z\u00e1pasy slovenskej Extraligy v hokeji. Nako\u013eko som bol pri v\u0161etk\u00fdch tituloch Slovana osobne na hokejovom \u0161tadi\u00f3ne, tak si osvie\u017eujem skvel\u00e9 pocity.<\/p>\n<p><strong>N\u00e1\u0161 modr\u00fd klub z Merseyside ide doposia\u013e hodnotov\u00fdm pr\u00edkladom. Odv\u00e1dza ve\u013ek\u00e9 mno\u017estvo komunitnej pr\u00e1ce vo svojom okol\u00ed, a zaujal aj neoblomn\u00e9 stanovisko oh\u013eadom platenia v\u0161etk\u00fdch svojich hr\u00e1\u010dov a zamestnancov v \u010dase kr\u00edzy. A to aj ke\u010f moment\u00e1lne nevykon\u00e1vaj\u00fa \u017eiadnu pr\u00e1cu. V ot\u00e1zke zn\u00ed\u017eenia platov hr\u00e1\u010dov sa bude riadi\u0165 pod\u013ea dohody medzi veden\u00edm ligy a hr\u00e1\u010dskou asoci\u00e1ciou. Aj to je rozumn\u00fd \u0161tandardn\u00fd postup, ktor\u00fdm nikoho neobmedz\u00ed proti svojej v\u00f4li. Klub je o\u010dividne zatia\u013e schopn\u00fd fungova\u0165 aj bez tohto kroku. Hr\u00e1\u010di The Toffees doposia\u013e nepri\u0161li s kolekt\u00edvnym n\u00e1vrhom zn\u00ed\u017eenia. Mysl\u00edte si, \u017ee by mali spravi\u0165 tak\u00fdto krok a uk\u00e1za\u0165 solid\u00e1rnos\u0165 zo zamestn\u00e1vate\u013eom? Ako prv\u00fd sa na to podujal Southampton, hoci len v r\u00e1mci odkladu. Futbalisti Arsenalu zn\u00ed\u017eenie napr\u00edklad odmietli <em>(v \u010dase zaslania ot\u00e1zok, pozn.\u00a0redakcie).<\/em><\/strong><\/p>\n<p><strong>duch.abum:<\/strong> Hr\u00e1\u010di by sa rozhodne mali uskromni\u0165. Ja s\u00e1m nepatr\u00edm medzi \u013eud\u00ed, ktor\u00ed tvrdia, \u017ee platy futbalistov s\u00fa nehor\u00e1zne ve\u013ek\u00e9 a je to nezmysel. Pokia\u013e tie sumy prines\u00fa svojim klubom sp\u00e4\u0165, pr\u00edpadne pokia\u013e s\u00fa \u013eudia, ktor\u00ed im to s\u00fa ochotn\u00ed plati\u0165, nech sa p\u00e1\u010di. Ale dnes v\u00e4\u010d\u0161ina pr\u00edjmov vyschla. Hr\u00e1\u010di svojim klubom neprin\u00e1\u0161aj\u00fa \u017eiadne peniaze a uskrom\u0148ujeme sa mnoh\u00ed. Hr\u00e1\u010di by si to mali uvedomi\u0165. Mo\u017eno je to pre nich dobr\u00e1 pr\u00edle\u017eitos\u0165 za\u017ei\u0165 si to, \u010do pr\u00edde po konci kari\u00e9ry.<\/p>\n<p><strong>Jan\u010di:<\/strong> Everton sledujem aj kv\u00f4li tomu, \u017ee v\u017edy si ctil hodnoty a trad\u00edcie, a nie nadarmo sa ozna\u010dujeme ako &#8222;The People&#8217;s Club&#8220;. Toto motto je pre klub sv\u00e4t\u00e9, a rob\u00ed n\u00e1s v\u00fdnimo\u010dn\u00fdm. Klub sa zatia\u013e s touto ne\u013eahkou situ\u00e1ciou okolo v\u00edrusu vysporiadava pr\u00edkladne. Ak pr\u00edde na zni\u017eovanie platov, asi s t\u00fdm u hr\u00e1\u010dov probl\u00e9m nebude, nie je tu vyslovene nikto, kto by nebol spokojn\u00fd a nepoci\u0165oval dostato\u010dn\u00fa &#8222;p\u00e9\u010di&#8220; zo strany klubu. \u010co sa t\u00fdka S\u00b4otonu, tak \u00e1no, je to kr\u00e1sne gesto, ale mysl\u00edm si, \u017ee tam hr\u00e1\u010di st\u00e1le nes\u00fa \u0165archu viny za ten debakel od Leicesteru, a t\u00e1 facka v nich nie\u010do zlomila, a ur\u010dite s\u00fa lep\u0161\u00ed kolekt\u00edv, ako predt\u00fdm. Ak by sme aj my mali v k\u00e1dri nejak\u00fa siln\u00fa osobnos\u0165 (kapit\u00e1na, hraj\u00facu legendu), tak ver\u00edm, \u017ee by na svoju stranu strhol cel\u00fd kolekt\u00edv a tie\u017e by spravili nie\u010do podobn\u00e9.<\/p>\n<p><strong>Karamela:<\/strong> Zde t\u011b\u017eko soudit, nezn\u00e1m detaily ekonomiky a smluvn\u00edch vztah\u016f v Evertonu a v PL v\u016fbec. Pokud je klub na tom tak, \u017ee je schopen a ochoten hr\u00e1\u010d\u016fm platit pln\u00fd plat, tak pro\u010d ne. O\u010dek\u00e1v\u00e1m v\u0161ak, \u017ee a\u017e toho schopen nebude, tak zase hr\u00e1\u010di vcelku bez debat p\u0159istoup\u00ed na jeho podstatn\u00e9 sn\u00ed\u017een\u00ed.<\/p>\n<p><strong>kukol113: <\/strong>Aj po\u010das koronakr\u00edzy sa ukazuje, ak\u00fd je Everton ve\u013ek\u00fd klub a pom\u00e1ha aj na\u010falej \u013eu\u010fom v komunite. Rovnako pom\u00e1ha svojim zamestnancom t\u00fdm, \u017ee im bude vypl\u00e1ca\u0165 plat aj po\u010das tohto obdobia, za \u010do tie\u017e treba da\u0165 palec hore. \u010co sa t\u00fdka hr\u00e1\u010dov a zni\u017eovania ich platov, mysl\u00edm si, \u017ee by to mohlo by\u0165 sk\u00f4r individu\u00e1lne. Ka\u017ed\u00fd hr\u00e1\u010d m\u00e1 za sebou in\u00fd pr\u00edbeh a in\u00fd \u017eivot, niekto si m\u00f4\u017ee dovoli\u0165 zn\u00ed\u017ei\u0165 plat aj o 80%, zatia\u013e \u010do niekto mo\u017eno len o 30%. Napr\u00edklad Steven Naismith sa v Hearts zriekol cel\u00e9ho svojho platu, no z\u00e1rove\u0148 vyjadril pochopenie, \u017ee nie ka\u017ed\u00fd hr\u00e1\u010d si to m\u00f4\u017ee dovoli\u0165. Je aj jasn\u00e9, \u017ee pokia\u013e klub netla\u010d\u00ed na hr\u00e1\u010dov, aby si zn\u00ed\u017eili platy, sami od seba to zrejme nespravia.<\/p>\n<p><strong>Rob\u010di:<\/strong> Ak to bude nevyhnutn\u00e9 v \u010fal\u0161om fungovan\u00ed klubu a v zamedzen\u00ed \u010do najni\u017e\u0161\u00edch str\u00e1t, tak som za zn\u00ed\u017eenie platov a tam sa uk\u00e1\u017ee solid\u00e1rnos\u0165 hr\u00e1\u010dov ku klubu.<\/p>\n<p><strong>Wendo:<\/strong> Ako som u\u017e vy\u0161\u0161ie p\u00edsal, je to nov\u00e1 situ\u00e1cia pre v\u0161etk\u00fdch (majitelia, hr\u00e1\u010di, tr\u00e9neri, ostatn\u00ed \u010dlenovia klubu). Z m\u00f4jho poh\u013eadu by som za nevykonan\u00fa pln\u00fa pr\u00e1cu, nechcel ur\u010dite pln\u00fa pl\u00e1cu.<\/p>\n<p><strong>Premier League je moment\u00e1lne pozastaven\u00e1 na neur\u010dito. Reflektuje t\u00fdm spolo\u010dn\u00fa snahu UEFA a\u00a0ostatn\u00fdch eur\u00f3pskych l\u00edg o\u00a0\u00faspe\u0161n\u00e9 ukon\u010denie sez\u00f3n. A\u00a0to aj za cenu, \u017ee by sa z\u00e1pasy odohrali po\u010das letn\u00fdch mesiacov a\u00a0za\u010diatok novej, ak to situ\u00e1cia dovol\u00ed, sa o\u00a0k\u00fasok posunie. Mysl\u00edte si, \u017ee je to spr\u00e1vny postup zo strany zodpovedn\u00fdch org\u00e1nov? Majme na pam\u00e4ti, \u017ee je ve\u013emi pravdepodobne by sa zvy\u0161n\u00e9 kol\u00e1 odohrali na pr\u00e1zdnych \u0161tadi\u00f3noch. Hlavnou motiv\u00e1ciou v\u00a0takomto pr\u00edpade s\u00fa peniaze z\u00a0vysielac\u00edch pr\u00e1v, na ktorom bohatstvo anglick\u00fdch klubov stoj\u00ed.<\/strong><\/p>\n<p><strong>duch.abum:<\/strong> Never\u00edm, \u017ee v lete alebo na jese\u0148 bude mo\u017en\u00e9 otvori\u0165 \u0161tadi\u00f3ny pre div\u00e1kov. Pod\u013ea m\u0148a sa budeme pred v\u00edrusom v nejakej miere chr\u00e1ni\u0165 a\u017e dovtedy, k\u00fdm nevyvinieme liek alebo vakc\u00ednu. Hromadn\u00e9 podujatia bud\u00fa na odstrel prv\u00e9. Pod\u013ea m\u0148a u\u017e na Goodison parku 38 tis\u00edc \u013eud\u00ed v roku 2020 neuvid\u00edme.<\/p>\n<p><strong>Jan\u010di:<\/strong> Toto je politika, ako ka\u017ed\u00e1 in\u00e1. Probl\u00e9m je, \u017ee nikto nevie, \u010do n\u00e1s \u010dak\u00e1 \u010fal\u0161ie dni\/t\u00fd\u017edne\/mesiace a tak prich\u00e1dzaj\u00fa r\u00f4zne n\u00e1vrhy a ich n\u00e1sledn\u00e9 zmeny, \u00fapravy, pr\u00edpadne \u00faplne skon\u010dia v ko\u0161i. Je tu obrovsk\u00e1 \u0165archa zodpovednosti, ktor\u00fa nikto nechce ma\u0165 na pleciach, ale niekto a nejako rozhodn\u00fa\u0165 mus\u00ed.<\/p>\n<p><strong>Karamela:<\/strong> Nechme te\u010f stranou, \u017ee si moc neum\u00edm p\u0159edstavit epiemiologicky bezrizikov\u00e9 z\u00e1pasy dvou mu\u017estev s kompletn\u00edmi realiza\u010dn\u00edmi t\u00fdmy. Ale t\u0159eba to \u010dasem mo\u017en\u00e9 bude, dob\u0159e. Soukrom\u011b si mysl\u00edm, \u017ee fotbalov\u011b vyhladov\u011bl\u00ed fandov\u00e9 by velmi uv\u00edtali i z\u00e1pasy na pr\u00e1zdn\u00fdch stadi\u00f3nech a vys\u00edl\u00e1n\u00ed by mohlo b\u00fdt mo\u017en\u00e1 p\u0159ekvapiv\u011b ziskov\u00e9. Aspo\u0148 v pom\u011brech sou\u010dasn\u00e9 ekonomick\u00e9 krize, kdy je ka\u017ed\u00e1 libra (euro, dolar) dobr\u00e1.<\/p>\n<p>Mo\u017en\u00e1 i hra by se zaj\u00edmav\u011b zm\u011bnila. Diving p\u0159ed pr\u00e1zdn\u00fdm stadi\u00f3nem by asi vypadal dost exoticky, permarentn\u011b uk\u0159ivd\u011bn\u00fd Salah by nem\u011bl sv\u00e9 obvykl\u00e9 publikum atd. Tlak na rozhod\u010d\u00ed by byl mo\u017en\u00e1 men\u0161\u00ed, co\u017e by nemuselo nutn\u011b vadit. Ale bral bych to jako nouzov\u00e9 \u0159e\u0161en\u00ed. Fotbal pat\u0159\u00ed na stadi\u00f3ny s lidmi. Nezd\u00e1 se mi mo\u017en\u00e9 stihnout znovusehr\u00e1v\u00e1n\u00ed se t\u00fdm\u016f, dohr\u00e1vku v l\u00e9t\u011b, posunut\u00ed nov\u00e9 sez\u00f3ny a jej\u00ed dohr\u00e1n\u00ed v pl\u00e1novan\u00e9m \u010dase.<\/p>\n<p><strong>kukol113:<\/strong> Nikto nechce pr\u00eds\u0165 o ve\u013ek\u00e9 peniaze z vysielac\u00edch pr\u00e1v a to je hlavn\u00e1 motiva\u010dn\u00e1 sila, pre\u010do sa v\u0161eobecne chce, aby sa t\u00e1to sez\u00f3na dohrala. No aj ke\u010f sa dohr\u00e1, bude to na pr\u00e1zdnych \u0161tadi\u00f3noch (\u0161tadi\u00f3ne) a nebude to ma\u0165 tak\u00fd n\u00e1boj. Situ\u00e1cia oh\u013eadom koronav\u00edrusu sa vyv\u00edja ka\u017ed\u00fd de\u0148, tak\u017ee je \u0165a\u017ek\u00e9 predikova\u0165, \u010do bude v lete a \u010di bude bezpe\u010dn\u00e9 a spr\u00e1vne, aby sa t\u00e1to sez\u00f3na dohrala.<\/p>\n<p><strong>Rob\u010di:<\/strong> Mysl\u00edm si, \u017ee ak to situ\u00e1cia dovol\u00ed, tak by sa dohra\u0165 sez\u00f3na mala. Aj na \u00fakor pr\u00e1zdnych trib\u00fan. Bolo by ve\u013emi nef\u00e9r, ak by sa sez\u00f3na mala zru\u0161i\u0165 a to nie len pre t\u00fdch, \u010do bojuj\u00fa o eur\u00f3pu ako my, ale aj pre v\u0161etk\u00fdch ostatn\u00fdch. A v\u0161etci vieme, ako m\u00e1 n\u00e1\u0161 najv\u00e4\u010d\u0161\u00ed rival (neznamen\u00e1 nepriate\u013e, \u010do by si malo ve\u013ea \u013eud\u00ed uvedomi\u0165) rozbehnut\u00fa sez\u00f3nu. A m\u00f4j n\u00e1zor je, \u017ee titul si zasl\u00fa\u017eia, preto\u017ee tomu tak v\u0161etko nasved\u010dovalo.<\/p>\n<p><strong>Wendo:<\/strong> Rozhodnutia ohrani\u010duj\u00fa r\u00f4zne term\u00edny, ktor\u00e9 nadv\u00e4zuj\u00fa na seba (kvalifik\u00e1cie ME \u010di MS, kvalifik\u00e1cie Eur\u00f3pskej ligy, Ligy majstrov). V ur\u010ditej f\u00e1ze, ke\u010f u\u017e sa to nebude da\u0165 stihn\u00fa\u0165 term\u00ednovo, bude musie\u0165 pr\u00eds\u0165 kone\u010dn\u00e9 rozhodnutie. \u010co sa t\u00fdka hry bez div\u00e1kov, pre m\u0148a by sa v podstate ni\u010d nezmenilo, st\u00e1le by som Karamelky pozeral v\u00a0TV.<\/p>\n<p><strong>Extr\u00e9mne verzie po\u010d\u00edtaj\u00fa aj mo\u017enos\u0165ami dohratia prvej ligy formou turnaja, v\u00a0inej krajine, \u010di len na vyhraden\u00fdch \u0161tadi\u00f3noch s\u00a0nahusten\u00fdm programom. Je pod\u013ea v\u00e1s z\u00a0mor\u00e1lneho h\u013eadiska spr\u00e1vne, aby sa za ka\u017ed\u00fa cenu prenasledovala integrita s\u00fa\u0165a\u017ee? Predsa len, zdravotn\u00edctvo nielen vo Ve\u013ekej Brit\u00e1nii dost\u00e1va zabra\u0165, \u013eudia umieraj\u00fa, a\u00a0tak\u00e9to kroky by mohli poukazova\u0165 na ist\u00fa bezoh\u013eadnos\u0165.<\/strong><\/p>\n<p><strong>duch.abum:<\/strong> Technicky si to viem predstavi\u0165. Museli by by\u0165 zabezpe\u010den\u00e9 podmienky, pravideln\u00e9 testovanie v\u0161etk\u00fdch hr\u00e1\u010dov a person\u00e1lu a dezinfekcia. Ale \u010di je to mo\u017en\u00e9 zabezpe\u010di\u0165, to netu\u0161\u00edm. Samozrejme museli by by\u0165 vo\u013en\u00e9 zdravotn\u00edcke kapacity, dnes by to asi ne\u0161lo. V tom pr\u00edpade by som na tom nevidel ni\u010d nemor\u00e1lne.<\/p>\n<p><strong>Jan\u010di:<\/strong> Peniaze h\u00fdbu svetom, tak by som sa ne\u010dudoval aj dohraniu ligy bez div\u00e1kov, ka\u017ed\u00fd tret\u00ed de\u0148, s mo\u017enos\u0165ou 6x vystrieda\u0165 a podobn\u00fdch absurd\u00edt. Uvid\u00edme. Sn\u00e1\u010f si p\u00e1ni v oblekoch uvedomia, \u017ee nie v\u0161etko je o peniazoch.<\/p>\n<p><strong>Karamela:<\/strong> Nejsem si jist\u00fd, zda ot\u00e1zce dob\u0159e rozum\u00edm. Pokud by \u0161lo o stadi\u00f3ny na\u0161lapan\u00e9 lidmi, pova\u017eoval bych to za nep\u0159ijateln\u00fd epidemiologick\u00fd hazard, pokud by to tedy nebylo v Turkmenist\u00e1nu, Severn\u00ed Korei nebo v B\u011blorusku, kde tu\u0161\u00edm COVID 16 ofici\u00e1ln\u011b nemaj\u00ed. Ostatn\u011b i samotn\u00fd z\u00e1pas dvou mu\u017estev je nyn\u00ed v Brit\u00e1nii asi epidemiologick\u00e9 riziko (viz odpov\u011b\u010f v\u00fd\u0161e).<\/p>\n<p>Ale co nen\u00ed, m\u016f\u017ee je\u0161t\u011b b\u00fdt. Pokud by n\u011bjak\u00e1 podoba sout\u011b\u017ee prob\u011bhla s minim\u00e1ln\u00edm rizikem pro hr\u00e1\u010de a spol. i pro ve\u0159ejnost, tak mysl\u00edm, \u017ee to je mor\u00e1ln\u011b zcela v po\u0159\u00e1dku. Ch\u00e1pu, \u017ee Brit\u00e1nie je ve velmi zl\u00e9 situaci, ale fotbal v\u017edy plnil funkci prost\u0159edku, kter\u00fd d\u00e1 \u010dlov\u011bku aspo\u0148 na dv\u011b hodiny zapomenout na to, v jak\u00e9m svrabu se zrovna nal\u00e9z\u00e1.<\/p>\n<p><strong>kukol113:<\/strong> Nie, ur\u010dite by nebolo spr\u00e1vne, aby sa liga dohrala za \u00faplne ka\u017ed\u00fa cenu. Ak by sa situ\u00e1cia stabilizovala, po\u010det nakazen\u00fdch by nest\u00fapal a nemocnice a zdravotn\u00edci by situ\u00e1ciu zvl\u00e1dali, len vtedy by sa mala sez\u00f3na dokon\u010di\u0165. Nebolo by dobre postavi\u0165 futbal pred zdravie. Futbal tu bude nav\u017edy, treba vydr\u017ea\u0165.<\/p>\n<p><strong>Rob\u010di:<\/strong> Jednozna\u010dne takouto formou nie. To si neviem predstavi\u0165 a ani nechcem<strong>.<\/strong><\/p>\n<p><strong>Wendo:<\/strong> Peniaze, peniaze a znova peniaze &#8211; v\u017edy sa to bude to\u010di\u0165 okolo nich! \u013dudia s\u00fa pre t\u00fdch, \u010do \u0165ahaj\u00fa za p\u00e1ky, len \u010d\u00edsla&#8230;<\/p>\n<p><strong>\u010eal\u0161\u00edm mo\u017en\u00fdm scen\u00e1rom je anulovanie ligy. Najnov\u0161ie spr\u00e1vy hovoria, \u017ee na ostrovoch prib\u00fadaj\u00fa n\u00e1zory, ktor\u00e9 presadzuj\u00fa ukon\u010denie tohto ro\u010dn\u00edka, ak sa ligy nestihn\u00fa dohra\u0165 do ur\u010dit\u00e9ho term\u00ednu. Bohat\u00e1 Premier League si m\u00f4\u017ee dovoli\u0165 vy\u010dk\u00e1va\u0165. Hor\u0161ie to je v\u0161ak s\u00a0ni\u017e\u0161\u00edmi ligami, kde klubom pri dlh\u0161\u00edch prestojoch, aj napriek finan\u010dnej pomoci, re\u00e1lne hrozia bankroty. \u010co si o\u00a0tom mysl\u00edte? Dok\u00e1zali by sa bohat\u00ed dobrovo\u013ene vzda\u0165 spom\u00ednan\u00fdch pr\u00edjmov, zn\u00e1\u0161a\u0165\u00a0obrovsk\u00fa stratu (medzi nimi aj Everton), aby t\u00fdm pomohli men\u0161\u00edm a\u00a0zranite\u013enej\u0161\u00edm?<\/strong><\/p>\n<p><strong>duch.abum:<\/strong> Mysl\u00edm, \u017ee nakoniec to tak bude musie\u0165 skon\u010di\u0165 jednoducho preto, \u017ee n\u00e1s k tomu dotla\u010dia podmienky. Pod\u013ea m\u0148a je re\u00e1lne ohrozen\u00e1 aj sez\u00f3na 20\/21. Bud\u00fa bankroty, bude ve\u013ek\u00e9 mno\u017estvo vo\u013en\u00fdch hr\u00e1\u010dov, futbal v Anglicku na ni\u017e\u0161\u00edch poschodiach sa riadne otrasie. Nem\u00e1 kto pom\u00f4c\u0165, v tomto nevid\u00edm v\u00fdchodisko.<\/p>\n<p><strong>Jan\u010di:<\/strong> Futbal, ale aj celkovo \u0161port sa v\u017edy opieral o faktor &#8222;\u013eudskosti&#8220;. Ver\u00edm, \u017ee to ostane zachovan\u00e9 a pod\u00e1me si pomocn\u00fa ruku.<\/p>\n<p><strong>Karamela:<\/strong> Ukon\u010den\u00ed ligy je mysl\u00edm tak\u00e9 p\u0159ijateln\u00e1 mo\u017enost. A (a to p\u0159izn\u00e1v\u00e1m z t\u011b\u017ek\u00fdm srdcem) ani bych j\u00ed neanuloval. Bankrot klub\u016f ni\u017e\u0161\u00edch lig fotbalu na Ostrovech zrovna nepom\u016f\u017ee. Co\u017e takhle n\u011bjak\u00e1 meziklubov\u00e1 &#8211; meziligov\u00e1 solidarita?<\/p>\n<p><strong>kukol113:<\/strong> Celkovo v tejto situ\u00e1cii by mali bohat\u0161\u00ed pom\u00e1ha\u0165 chudobnej\u0161\u00edm a zranite\u013enej\u0161\u00edm a to plat\u00ed aj vo futbale. Mal\u00fdm klubom z ni\u017e\u0161\u00edch l\u00edg pom\u00f4\u017ee \u010dastokr\u00e1t aj p\u00e1r desiatok tis\u00edc, \u010do pre kluby z PL nie je ve\u013ek\u00e1 suma.<\/p>\n<p><strong>Rob\u010di:<\/strong> \u0164a\u017eko poveda\u0165, ak by to bolo jednotne a spravodlivo rozdelen\u00e9 medzi tie najviac ohrozen\u00e9 kluby, tak \u00e1no. Samozrejme, ka\u017ed\u00fd klub by mohol pon\u00faknu\u0165 in\u00fa sumu pod\u013ea v\u00fd\u0161ky svojich ziskov. Ale to je u\u017e zlo\u017eitej\u0161ia t\u00e9ma do ktorej nevid\u00edm. Ka\u017edop\u00e1dne, ak niekomu hroz\u00ed bankrot malo by sa mu pom\u00f4c\u0165.<\/p>\n<p><strong>Wendo:<\/strong> M\u00f4j n\u00e1zor je, \u017ee to nebude pravdepodobne hromadn\u00e9 rozhodnutie platn\u00e9 pre v\u0161etky ligy a bude sa postupova\u0165 tak, aby sa minimalizovali \u0161kody vo forme krachov a podobne. Ke\u010f bude treba, prisp\u00f4sobia sa tomu aj pravidl\u00e1.<\/p>\n<p><strong>V\u00a0hre s\u00fa majstrovsk\u00e9 tituly, poh\u00e1re, postupy a\u00a0aj zostupy, celoro\u010dn\u00e9 snahy klubov o\u00a0miestenky do eur\u00f3pskych s\u00fa\u0165a\u017e\u00ed. Ak by sa tento ro\u010dn\u00edk pred\u010dasne ukon\u010dil, ktor\u00e1 mo\u017enos\u0165 je pod\u013ea v\u00e1s najlep\u0161ia a\u00a0pre\u010do?<\/strong><\/p>\n<ul>\n<li><strong>A = Celkov\u00e9 anulovanie bez titulu a\u00a0platn\u00fdch umiestnen\u00ed \u2013 sez\u00f3na sa vyhl\u00e1si za neplatn\u00fa, nikto nezost\u00fapi, nepost\u00fapi a\u00a0nez\u00edska majstrovsk\u00fd titul. Nie jasn\u00e9, \u010di sa ak\u00e9ko\u013evek \u0161tatistiky u\u017e odohrat\u00fdch z\u00e1pasoch zachovaj\u00fa. Bud\u00faca sez\u00f3na sa za\u010dne s\u00a0rovnak\u00fdmi t\u00edmami v\u00a0dom\u00e1cich aj kontinent\u00e1lnych s\u00fa\u0165a\u017eiach.<\/strong><\/li>\n<li><strong>B = Platn\u00e9 ukon\u010denie pod\u013ea aktu\u00e1lnej poz\u00edcie t\u00edmov \u2013 sez\u00f3na bude platn\u00e1, hoci s\u00a0nekompletn\u00fdm programom, v\u00a0pr\u00edpade Premier League po 28 odohrat\u00fdch z\u00e1pasoch v\u0161etk\u00fdch klubov. Liverpool sa stane majstrom a\u00a0Bournemouth, spolu s\u00a0Aston Villou a\u00a0Norwichom, zost\u00fapi.<\/strong><\/li>\n<\/ul>\n<p><strong>duch.abum:<\/strong> Ur\u010dite A. Nehovor\u00edm to zo \u0161kodoradosti. Nehovor\u00ed sa mi to \u013eahko, ale LFC si ten titul zasl\u00fa\u017eia ako m\u00e1lokto v minulosti. A to ten klub \u00faprimne nezn\u00e1\u0161am. Ale napr\u00edklad ur\u010di\u0165 dnes \u0161tvrt\u00e9 alebo osemn\u00e1ste miesto by jednoducho nebolo f\u00e9r. A f\u00e9r to predsa mus\u00ed by\u0165, nie?<\/p>\n<p><strong>Jan\u010di:<\/strong> Prikl\u00e1\u0148am sa k mo\u017enosti B. Liverpool by aj tak bol majstrom a Norwich by ur\u010dite zost\u00fapil. \u00c1no, je tam st\u00e1le nejak\u00e1 t\u00e1 teoretick\u00e1 mo\u017enos\u0165, ale \u0161tatisticky je to ove\u013ea pravdepodobnej\u0161ie. A zostup Bournemouthu a Aston Villy by boli ove\u013ea men\u0161ou obe\u0165ou, ako komplik\u00e1cie okolo bud\u00faceho ro\u010dn\u00edka Eur\u00f3pskych poh\u00e1rov. Neviem si to anulovanie predstavi\u0165.<\/p>\n<p><strong>Karamela:<\/strong> Asi by bylo dobr\u00e9 pod\u00edvat se do n\u011bjak\u00e9ho statutu PL, pokud n\u011bco takov\u00e9ho existuje, co se tak o podobn\u00fdch situac\u00edch p\u00ed\u0161e. Ale za sebe bych byl pro B. Fotbal nen\u00ed sal\u00f3nn\u00ed z\u00e1le\u017eitost, ale hraje se s re\u00e1ln\u00fdmi lidmi, p\u0159ed re\u00e1ln\u00fdmi lidmi a v re\u00e1ln\u00e9m sv\u011bt\u011b. Je tedy p\u0159irozen\u00e9, \u017ee \u010das od \u010dasu do n\u011bj zas\u00e1hnou neo\u010dek\u00e1van\u00e9 okolnosti. A nezb\u00fdv\u00e1, ne\u017e jejich z\u00e1sah akceptovat.<\/p>\n<p><strong>kukol113:<\/strong> Je to ve\u013emi \u0165a\u017ek\u00e9, Everton sa moment\u00e1lne nach\u00e1dza v strede tabu\u013eky a tak by pre n\u00e1s nebol katastrofou ani jeden variant. Av\u0161ak, z celkov\u00e9ho h\u013eadiska by bol pod\u013ea m\u0148a teda lep\u0161\u00ed variant A. \u00c1no Liverpool \u010dak\u00e1 na titul dlho a v tejto sez\u00f3ne si ho zasl\u00fa\u017ei. Ale oslava titulu bez fan\u00fa\u0161ikov? Bolo by to len \u010d\u00edslo v kol\u00f3nke po\u010dtu titulov. A vo\u010di zostupuj\u00facim t\u00edmom, ktor\u00e9 mali pr\u00e1ve teraz zv\u00e1dza\u0165 najv\u00e4\u010d\u0161ie boje o z\u00e1chranu by to bolo nef\u00e9r. Ak by nevypadli a liga by sa roz\u0161\u00edrila o postupuj\u00face t\u00edmy z ni\u017e\u0161ej ligy, dalo by sa uva\u017eova\u0165 aj o variante B.<\/p>\n<p><strong>Rob\u010di:<\/strong> Ak by k tomu muselo d\u00f4js\u0165, tak mo\u017enos\u0165 B. M\u00e1me odohrat\u00fdch 74% sez\u00f3ny, \u010di\u017ee kluby u\u017e mali dostatok priestoru sa uk\u00e1za\u0165 ako s\u00fa na tom v\u00fdkonnostne, ur\u010dite by tam e\u0161te nejak\u00e9 zmeny prebehli a bolo by o \u010do bojova\u0165, ale tak mi to pr\u00edde spravodlivej\u0161ie. Ale ako som u\u017e p\u00edsal, budem najrad\u0161ej, ak sa sez\u00f3na dohr\u00e1. Ale to n\u00e1m uk\u00e1\u017eu a\u017e nasleduj\u00face t\u00fd\u017edne.<\/p>\n<p><strong>Wendo:<\/strong> Za m\u0148a \u201eA\u201c &#8211; hlavne z l\u00e1sky k\u00a0Red Shites. Kamar\u00e1tom, ktor\u00ed fandia LFC som vravel po ich prvej prehre s Watfordom (ktor\u00fa som mimochodom predpovedal niekedy za\u010diatkom janu\u00e1ra, ke\u010f za\u010dal Watford \u0165aha\u0165 bodov\u00fa s\u00e9riu), \u017ee titul im ujde len keby traktory padali! Ur\u010dite bud\u00fa niektor\u00ed \u0161\u0165astn\u00ed a aj sklaman\u00ed, ak pr\u00edde hociktor\u00e9 rozhodnutie.<\/p>\n<p><strong>Na z\u00e1ver\u00a0posledn\u00e1, od\u013eah\u010duj\u00faca ot\u00e1zka. V\u00a0\u010dasoch, kedy najviac \u010dasu m\u00e1me bezpe\u010dne tr\u00e1vi\u0165 medzi m\u00farmi na\u0161ich domovov, \u010do by ste odporu\u010dili na\u0161im \u010ditate\u013eom, kolegom fan\u00fa\u0161ikom, na spr\u00edjemnenie dlh\u00e9ho o\u010dak\u00e1vania n\u00e1vratu futbalu a\u00a0Evertonu na na\u0161e obrazovky? M\u00e1te nejak\u00e9 dobr\u00e9 tipy na filmy, knihy, seri\u00e1ly, \u010di in\u00e9 tr\u00e1venie \u010dasu, ktor\u00e9 v\u00e1m pom\u00e1ha zvl\u00e1da\u0165 kr\u00edzu koronav\u00edrusu?<\/strong><\/p>\n<p><strong>duch.abum:<\/strong> Te\u0161\u00edm sa, \u017ee si pozriem druh\u00fa s\u00e9riu <a href=\"https:\/\/www.csfd.cz\/film\/678477-dycky-sunderland\/prehled\/\" target=\"_blank\" rel=\"noopener noreferrer\"><em>Sunderland &#8218;Til I die<\/em><\/a>. Prv\u00e1 bola fantastick\u00e1. Odpor\u00fa\u010dam. A kto ne\u010d\u00edtal <a href=\"https:\/\/www.databazeknih.cz\/knihy\/fotbalova-horecka-5029\" target=\"_blank\" rel=\"noopener noreferrer\"><em>Fotbalov\u00fa hore\u010dku<\/em><\/a>, \u0161up do toho.<\/p>\n<p><strong>Jan\u010di: <\/strong>Najprv by som sa chcel po\u010fakova\u0165 za mo\u017enos\u0165 podeli\u0165 sa o svoj n\u00e1zor, ve\u013emi si toho v\u00e1\u017eim. Teraz k ot\u00e1zke. Sk\u00faste r\u00edbezl\u00e1k, seri\u00e1ly Netflixu, filmy od dobr\u00fdch re\u017eis\u00e9rov (<a href=\"https:\/\/www.csfd.cz\/tvurce\/3022-christopher-nolan\/\" target=\"_blank\" rel=\"noopener noreferrer\">Ch. Nolan<\/a>, <a href=\"https:\/\/www.csfd.cz\/tvurce\/3074-ridley-scott\/\" target=\"_blank\" rel=\"noopener noreferrer\">R. Scott<\/a>), hrajte Fifu, WoW, strat\u00e9gie. Hlavne \u017eite tak, ako doteraz, ale oh\u013eaduplnej\u0161ie. No a hlavne pou\u017e\u00edvajte ochranu, preto\u017ee v Decembri a Janu\u00e1ri o\u010dak\u00e1vajte zv\u00fd\u0161en\u00fa p\u00f4rodnos\u0165! \ud83d\ude42<\/p>\n<p><strong>Karamela:<\/strong> Kdo z fotbalofiln\u00edch se dostane k Netflixu, tomu doporu\u010duji <a href=\"https:\/\/www.csfd.cz\/film\/678477-dycky-sunderland\/prehled\/\" target=\"_blank\" rel=\"noopener noreferrer\"><em>&#8222;Sunderland Till I Die&#8220;<\/em><\/a>. Pro milovn\u00edky podivn\u00fdch film\u016f pak <a href=\"https:\/\/www.csfd.cz\/film\/223672-borat-nakoukani-do-amerycke-kultury-na-obednavku-slavnoj-kazasskoj-narodu\/prehled\/\" target=\"_blank\" rel=\"noopener noreferrer\"><em>&#8222;Borat: Nakouk\u00e1n\u00ed do ameryck\u00e9 kult\u016fry na ob\u011bdn\u00e1vku svavnoj kaza\u0161skoj n\u00e1rodu&#8220;<\/em><\/a>, \u00fapln\u011b jin\u00fd Harry Potter ve filmu <a href=\"https:\/\/www.csfd.cz\/film\/56206-svycarak\/prehled\/\" target=\"_blank\" rel=\"noopener noreferrer\"><em>&#8222;\u0160v\u00fdcar\u00e1k&#8220;<\/em>,<\/a> trochu dost krvav\u00fd <a href=\"https:\/\/www.csfd.cz\/film\/362346-co-delame-v-temnotach\/prehled\/\" target=\"_blank\" rel=\"noopener noreferrer\"><em>&#8222;Co d\u011bl\u00e1me v temnot\u00e1ch&#8220;<\/em><\/a>, a m\u00e1 srde\u010dn\u00ed z\u00e1le\u017eitost <em>&#8222;<a href=\"https:\/\/www.csfd.cz\/film\/29220-delikatesy\/prehled\/\" target=\"_blank\" rel=\"noopener noreferrer\">Delikatesy&#8220;<\/a><\/em>. Pro romantick\u00fd ve\u010der pak <a href=\"https:\/\/www.csfd.cz\/film\/344847-cizi-obed\/prehled\/\" target=\"_blank\" rel=\"noopener noreferrer\"><em>&#8222;Ciz\u00ed ob\u011bd&#8220;<\/em><\/a>, <a href=\"https:\/\/www.csfd.cz\/film\/42578-italstina-pro-zacatecniky\/prehled\/\" target=\"_blank\" rel=\"noopener noreferrer\"><em>&#8222;Ital\u0161tina pro za\u010d\u00e1te\u010dn\u00edky&#8220;<\/em><\/a> \u010di <em>&#8222;<a href=\"https:\/\/www.csfd.cz\/film\/233789-lars-a-jeho-vazna-znamost\/prehled\/\" target=\"_blank\" rel=\"noopener noreferrer\">Lars a jeho v\u00e1\u017en\u00e1 zn\u00e1most&#8220;<\/a><\/em>.<\/p>\n<p>Knihy: Tak t\u0159eba pov\u00eddky <em>&#8222;<a href=\"https:\/\/www.databazeknih.cz\/knihy\/za-letnich-noci-se-tu-nespi-lehce-antologie-povidek-finskeho-severu-409190\" target=\"_blank\" rel=\"noopener noreferrer\">O letn\u00edch noc\u00edch se zde nesp\u00ed dob\u0159e&#8220;<\/a><\/em>, prakticky cokoliv od izraelsk\u00e9ho arabsk\u00e9ho spisovatele Sajjida Ka\u0161uy nebo Sebastiano Vassali: <a href=\"https:\/\/www.databazeknih.cz\/knihy\/dva-kostely-337270\" target=\"_blank\" rel=\"noopener noreferrer\"><em>&#8222;Dva kostely&#8220;<\/em><\/a>.<\/p>\n<p>Dr\u017ete se a ahoj v\u0161em v postpandemick\u00fdch \u010dasech!<\/p>\n<p><strong>kukol113:<\/strong> Na\u0161\u0165astie b\u00fdvam v oblasti, kde je kr\u00e1sna okolit\u00e1 pr\u00edroda a tak \u010das tr\u00e1vim aj von, v\u00e4\u010d\u0161inou s\u00e1m a \u010falej od \u013eud\u00ed. Bu\u010f prech\u00e1dzka alebo si idem zabeha\u0165. Nie je od veci si ani trocha zacvi\u010di\u0165. Doma d\u00e1vam prednos\u0165 sk\u00f4r filmom ako knih\u00e1m a z futbalov\u00e9ho prostredia m\u00f4\u017eem poradi\u0165 napr\u00edklad <a href=\"https:\/\/www.csfd.cz\/film\/261567-zevlaci\/prehled\/\" target=\"_blank\" rel=\"noopener noreferrer\"><em>Awaydays<\/em><\/a>, ktor\u00fd je o fan\u00fa\u0161ikoch\/chulig\u00e1noch <em>The Pack<\/em>, t\u00edmu Tranmere Rovers z Merseyside alebo <a href=\"https:\/\/www.csfd.cz\/film\/182361-hooligans\/prehled\/\" target=\"_blank\" rel=\"noopener noreferrer\"><em>Football Factory<\/em><\/a>, film s podobnou tematikou z anglick\u00e9ho prostredia. Zo seri\u00e1lov ma moment\u00e1lne najviac bav\u00ed <a href=\"https:\/\/www.csfd.cz\/film\/525549-papirovy-dum-netflix-verze\/prehled\/\" target=\"_blank\" rel=\"noopener noreferrer\"><em>Money Heist<\/em><\/a>.<\/p>\n<p>Treba h\u013eada\u0165 vo v\u0161etkom pozit\u00edva, ja som moment\u00e1lne r\u00e1d, \u017ee m\u00e1m viac \u010dasu na seba. Sk\u00fasme sa ka\u017ed\u00fd zamyslie\u0165 a zobra\u0165 z tohto cel\u00e9ho \u010do najviac pozit\u00edvnych vec\u00ed. \u010caute, ve\u013ea zdravia a dr\u017ete sa!<\/p>\n<p><strong>Rob\u010di:<\/strong> Sledujem <a href=\"https:\/\/www.youtube.com\/channel\/UCtK4QAczAN2mt2ow_jlGinQ\" target=\"_blank\" rel=\"noopener noreferrer\">ofici\u00e1lny YouTube kan\u00e1l Evertonu<\/a> ke\u010f vyjde nov\u00e9 video, za\u010dali d\u00e1va\u0165 aj z\u00e1pasy z hist\u00f3rie, tak si ob\u010das nejak\u00fd pozriem. Sledujem samozrejme ofici\u00e1lnu \u010desko-slovensk\u00fa str\u00e1nku podporovate\u013eov Evertonu. Je super vidie\u0165 t\u00edm \u013eud\u00ed, ktor\u00ed na nej pracuj\u00fa a ka\u017ed\u00fdm d\u0148om prin\u00e1\u0161aj\u00fa nie\u010do nov\u00e9.<\/p>\n<p>Odpor\u00fa\u010dam v\u00fdlety do pr\u00edrody a prech\u00e1dzky nie tam, kde chodia v\u0161etci, ale niekde, kde je k\u013eud. A celkovo pohyb by nemal ch\u00fdba\u0165. Ka\u017ed\u00fd aby robil na \u010do be\u017ene nem\u00e1 \u010das a \u010do sa chcel niekedy nau\u010di\u0165 alebo sa tomu venova\u0165. Hlavne by\u0165 oh\u013eadupln\u00fd k sebe a ostatn\u00fdm. Lebo len tak sa n\u00e1m podar\u00ed vyhra\u0165 nad v\u00edrusom v \u010do najkrat\u0161om \u010dase a robi\u0165 na\u010falej, \u010do n\u00e1s bav\u00ed a sledova\u0165 n\u00e1\u0161 milovan\u00fd klub na tr\u00e1vnikoch.<\/p>\n<p>Na z\u00e1ver v\u00e1m chcem v\u0161etk\u00fdm popria\u0165 pevn\u00e9 nervy a pevn\u00e9 zdravie!<\/p>\n<p><strong>Wendo:<\/strong> O\u010distu du\u0161e vykon\u00e1vam popri rodine a pr\u00e1ci, v gar\u00e1\u017ei kde re\u0161taurujem stoli\u010dky a r\u00f4zne veci na na\u0161u chatku, kde sa ve\u013emi te\u0161\u00edme ke\u010f sa uvo\u013enia hranice, nako\u013eko ju m\u00e1me v Ma\u010farsku.<\/p>\n<p>Knihy: <em>\u201e<a href=\"https:\/\/www.databazeknih.cz\/knihy\/volali-ma-bitkar-409489\" target=\"_blank\" rel=\"noopener noreferrer\">Volali ma Bitk\u00e1r<\/a>\u201c<\/em> od Borisa Val\u00e1bika o jeho hokejovom \u017eivote, <a href=\"https:\/\/www.databazeknih.cz\/knihy\/ronaldo-posedlost-dokonalosti-136923\" target=\"_blank\" rel=\"noopener noreferrer\"><em>\u201eRONALDO\u201c<\/em><\/a> o Cristianovi Ronaldovi, tie\u017e o jeho \u017eivote s futbalom od Luca Caioli.<\/p>\n<p>Filmy: pozer\u00e1me skvel\u00fd d\u00e1nsko-\u0161v\u00e9dsky detekt\u00edvny seri\u00e1l <a href=\"https:\/\/www.csfd.cz\/film\/305322-most\/prehled\/\" target=\"_blank\" rel=\"noopener noreferrer\"><em>MOST<\/em><\/a> (Bron\/Broen), m\u00e1 \u0161tyri s\u00e9rie a v\u0161etky s\u00fa skvel\u00e9, <a href=\"https:\/\/www.csfd.cz\/film\/381251-most-spionu\/prehled\/\" target=\"_blank\" rel=\"noopener noreferrer\"><em>MOST \u0160PI\u00d3NOV<\/em><\/a> &#8211; perfektn\u00fd film o studenej vojne, Berl\u00ednskom m\u00fare.<\/p>\n<p style=\"text-align: right;\"><em>(foto zdroj: Ciro Fusco\/EPA &#8211; edited)<\/em><\/p>\n","protected":false},"excerpt":{"rendered":"<p>Na\u0161a redakcia oslovila viacero tunaj\u0161\u00edch fan\u00fa\u0161ikov Evertonu, aby ich vyspovedala po\u010das za\u0165a\u017ek\u00e1vaj\u00facej sk\u00fa\u0161ky, ktor\u00fa pr\u00e1ve podstupuje cel\u00fd svet, vr\u00e1tane futbalu.<\/p>\n","protected":false},"author":1,"featured_media":10806,"comment_status":"open","ping_status":"closed","sticky":false,"template":"","format":"standard","meta":{"_eb_attr":"","_monsterinsights_skip_tracking":false,"_monsterinsights_sitenote_active":false,"_monsterinsights_sitenote_note":"","_monsterinsights_sitenote_category":0,"footnotes":""},"categories":[1],"tags":[],"yoast_head":"<!-- This site is optimized with the Yoast SEO plugin v23.4 - https:\/\/yoast.com\/wordpress\/plugins\/seo\/ -->\n<title>Ve\u013ek\u00fd rozhovor s fan\u00fa\u0161ikmi po\u010das koronakr\u00edzy - Official Czech &amp; Slovak Everton Supporters&#039; Club<\/title>\n<meta name=\"robots\" content=\"index, follow, max-snippet:-1, max-image-preview:large, max-video-preview:-1\" \/>\n<link rel=\"canonical\" href=\"https:\/\/evertonfc.cz\/index.php\/2020\/04\/21\/velky-rozhovor-s-fanusikmi-pocas-koronakrizy\/\" \/>\n<meta property=\"og:locale\" content=\"cs_CZ\" \/>\n<meta property=\"og:type\" content=\"article\" \/>\n<meta property=\"og:title\" content=\"Ve\u013ek\u00fd rozhovor s fan\u00fa\u0161ikmi po\u010das koronakr\u00edzy - Official Czech &amp; Slovak Everton Supporters&#039; Club\" \/>\n<meta property=\"og:description\" content=\"Na\u0161a redakcia oslovila viacero tunaj\u0161\u00edch fan\u00fa\u0161ikov Evertonu, aby ich vyspovedala po\u010das za\u0165a\u017ek\u00e1vaj\u00facej sk\u00fa\u0161ky, ktor\u00fa pr\u00e1ve podstupuje cel\u00fd svet, vr\u00e1tane futbalu.\" \/>\n<meta property=\"og:url\" content=\"https:\/\/evertonfc.cz\/index.php\/2020\/04\/21\/velky-rozhovor-s-fanusikmi-pocas-koronakrizy\/\" \/>\n<meta property=\"og:site_name\" content=\"Official Czech &amp; Slovak Everton Supporters&#039; Club\" \/>\n<meta property=\"article:publisher\" content=\"https:\/\/www.facebook.com\/everton.fans.cz.sk\" \/>\n<meta property=\"article:published_time\" content=\"2020-04-21T07:37:17+00:00\" \/>\n<meta property=\"article:modified_time\" content=\"2020-04-28T06:53:25+00:00\" \/>\n<meta property=\"og:image\" content=\"https:\/\/evertonfc.cz\/wp-content\/uploads\/2020\/04\/Stadium-disinfection-20-4-2020-edited-Ciro-Fusco-EPA.jpg.jpg\" \/>\n\t<meta property=\"og:image:width\" content=\"720\" \/>\n\t<meta property=\"og:image:height\" content=\"405\" \/>\n\t<meta property=\"og:image:type\" content=\"image\/jpeg\" \/>\n<meta name=\"author\" content=\"BlueBlooded\" \/>\n<meta name=\"twitter:card\" content=\"summary_large_image\" \/>\n<meta name=\"twitter:label1\" content=\"Napsal(a)\" \/>\n\t<meta name=\"twitter:data1\" content=\"BlueBlooded\" \/>\n\t<meta name=\"twitter:label2\" content=\"Odhadovan\u00e1 doba \u010dten\u00ed\" \/>\n\t<meta name=\"twitter:data2\" content=\"26 minut\" \/>\n<script type=\"application\/ld+json\" class=\"yoast-schema-graph\">{\"@context\":\"https:\/\/schema.org\",\"@graph\":[{\"@type\":\"Article\",\"@id\":\"https:\/\/evertonfc.cz\/index.php\/2020\/04\/21\/velky-rozhovor-s-fanusikmi-pocas-koronakrizy\/#article\",\"isPartOf\":{\"@id\":\"https:\/\/evertonfc.cz\/index.php\/2020\/04\/21\/velky-rozhovor-s-fanusikmi-pocas-koronakrizy\/\"},\"author\":{\"name\":\"BlueBlooded\",\"@id\":\"https:\/\/evertonfc.cz\/#\/schema\/person\/d4493b8cbea51532597fbc4685698916\"},\"headline\":\"Ve\u013ek\u00fd rozhovor s fan\u00fa\u0161ikmi po\u010das koronakr\u00edzy\",\"datePublished\":\"2020-04-21T07:37:17+00:00\",\"dateModified\":\"2020-04-28T06:53:25+00:00\",\"mainEntityOfPage\":{\"@id\":\"https:\/\/evertonfc.cz\/index.php\/2020\/04\/21\/velky-rozhovor-s-fanusikmi-pocas-koronakrizy\/\"},\"wordCount\":5194,\"commentCount\":8,\"publisher\":{\"@id\":\"https:\/\/evertonfc.cz\/#organization\"},\"image\":{\"@id\":\"https:\/\/evertonfc.cz\/index.php\/2020\/04\/21\/velky-rozhovor-s-fanusikmi-pocas-koronakrizy\/#primaryimage\"},\"thumbnailUrl\":\"https:\/\/evertonfc.cz\/wp-content\/uploads\/2020\/04\/Stadium-disinfection-20-4-2020-edited-Ciro-Fusco-EPA.jpg.jpg\",\"articleSection\":[\"Rozhovory\"],\"inLanguage\":\"cs\",\"potentialAction\":[{\"@type\":\"CommentAction\",\"name\":\"Comment\",\"target\":[\"https:\/\/evertonfc.cz\/index.php\/2020\/04\/21\/velky-rozhovor-s-fanusikmi-pocas-koronakrizy\/#respond\"]}]},{\"@type\":\"WebPage\",\"@id\":\"https:\/\/evertonfc.cz\/index.php\/2020\/04\/21\/velky-rozhovor-s-fanusikmi-pocas-koronakrizy\/\",\"url\":\"https:\/\/evertonfc.cz\/index.php\/2020\/04\/21\/velky-rozhovor-s-fanusikmi-pocas-koronakrizy\/\",\"name\":\"Ve\u013ek\u00fd rozhovor s fan\u00fa\u0161ikmi po\u010das koronakr\u00edzy - Official Czech &amp; Slovak Everton Supporters&#039; Club\",\"isPartOf\":{\"@id\":\"https:\/\/evertonfc.cz\/#website\"},\"primaryImageOfPage\":{\"@id\":\"https:\/\/evertonfc.cz\/index.php\/2020\/04\/21\/velky-rozhovor-s-fanusikmi-pocas-koronakrizy\/#primaryimage\"},\"image\":{\"@id\":\"https:\/\/evertonfc.cz\/index.php\/2020\/04\/21\/velky-rozhovor-s-fanusikmi-pocas-koronakrizy\/#primaryimage\"},\"thumbnailUrl\":\"https:\/\/evertonfc.cz\/wp-content\/uploads\/2020\/04\/Stadium-disinfection-20-4-2020-edited-Ciro-Fusco-EPA.jpg.jpg\",\"datePublished\":\"2020-04-21T07:37:17+00:00\",\"dateModified\":\"2020-04-28T06:53:25+00:00\",\"breadcrumb\":{\"@id\":\"https:\/\/evertonfc.cz\/index.php\/2020\/04\/21\/velky-rozhovor-s-fanusikmi-pocas-koronakrizy\/#breadcrumb\"},\"inLanguage\":\"cs\",\"potentialAction\":[{\"@type\":\"ReadAction\",\"target\":[\"https:\/\/evertonfc.cz\/index.php\/2020\/04\/21\/velky-rozhovor-s-fanusikmi-pocas-koronakrizy\/\"]}]},{\"@type\":\"ImageObject\",\"inLanguage\":\"cs\",\"@id\":\"https:\/\/evertonfc.cz\/index.php\/2020\/04\/21\/velky-rozhovor-s-fanusikmi-pocas-koronakrizy\/#primaryimage\",\"url\":\"https:\/\/evertonfc.cz\/wp-content\/uploads\/2020\/04\/Stadium-disinfection-20-4-2020-edited-Ciro-Fusco-EPA.jpg.jpg\",\"contentUrl\":\"https:\/\/evertonfc.cz\/wp-content\/uploads\/2020\/04\/Stadium-disinfection-20-4-2020-edited-Ciro-Fusco-EPA.jpg.jpg\",\"width\":720,\"height\":405},{\"@type\":\"BreadcrumbList\",\"@id\":\"https:\/\/evertonfc.cz\/index.php\/2020\/04\/21\/velky-rozhovor-s-fanusikmi-pocas-koronakrizy\/#breadcrumb\",\"itemListElement\":[{\"@type\":\"ListItem\",\"position\":1,\"name\":\"Home\",\"item\":\"https:\/\/evertonfc.cz\/\"},{\"@type\":\"ListItem\",\"position\":2,\"name\":\"Ve\u013ek\u00fd rozhovor s fan\u00fa\u0161ikmi po\u010das koronakr\u00edzy\"}]},{\"@type\":\"WebSite\",\"@id\":\"https:\/\/evertonfc.cz\/#website\",\"url\":\"https:\/\/evertonfc.cz\/\",\"name\":\"Official Czech &amp; Slovak Everton Supporters&#039; Club\",\"description\":\"\",\"publisher\":{\"@id\":\"https:\/\/evertonfc.cz\/#organization\"},\"potentialAction\":[{\"@type\":\"SearchAction\",\"target\":{\"@type\":\"EntryPoint\",\"urlTemplate\":\"https:\/\/evertonfc.cz\/?s={search_term_string}\"},\"query-input\":{\"@type\":\"PropertyValueSpecification\",\"valueRequired\":true,\"valueName\":\"search_term_string\"}}],\"inLanguage\":\"cs\"},{\"@type\":\"Organization\",\"@id\":\"https:\/\/evertonfc.cz\/#organization\",\"name\":\"Official Czech & Slovak Everton Supporters' Club\",\"url\":\"https:\/\/evertonfc.cz\/\",\"logo\":{\"@type\":\"ImageObject\",\"inLanguage\":\"cs\",\"@id\":\"https:\/\/evertonfc.cz\/#\/schema\/logo\/image\/\",\"url\":\"https:\/\/evertonfc.cz\/wp-content\/uploads\/2019\/05\/logo.png\",\"contentUrl\":\"https:\/\/evertonfc.cz\/wp-content\/uploads\/2019\/05\/logo.png\",\"width\":112,\"height\":112,\"caption\":\"Official Czech & Slovak Everton Supporters' Club\"},\"image\":{\"@id\":\"https:\/\/evertonfc.cz\/#\/schema\/logo\/image\/\"},\"sameAs\":[\"https:\/\/www.facebook.com\/everton.fans.cz.sk\"]},{\"@type\":\"Person\",\"@id\":\"https:\/\/evertonfc.cz\/#\/schema\/person\/d4493b8cbea51532597fbc4685698916\",\"name\":\"BlueBlooded\",\"url\":\"https:\/\/evertonfc.cz\/index.php\/author\/admin\/\"}]}<\/script>\n<!-- \/ Yoast SEO plugin. -->","yoast_head_json":{"title":"Ve\u013ek\u00fd rozhovor s fan\u00fa\u0161ikmi po\u010das koronakr\u00edzy - Official Czech &amp; Slovak Everton Supporters&#039; Club","robots":{"index":"index","follow":"follow","max-snippet":"max-snippet:-1","max-image-preview":"max-image-preview:large","max-video-preview":"max-video-preview:-1"},"canonical":"https:\/\/evertonfc.cz\/index.php\/2020\/04\/21\/velky-rozhovor-s-fanusikmi-pocas-koronakrizy\/","og_locale":"cs_CZ","og_type":"article","og_title":"Ve\u013ek\u00fd rozhovor s fan\u00fa\u0161ikmi po\u010das koronakr\u00edzy - Official Czech &amp; Slovak Everton Supporters&#039; Club","og_description":"Na\u0161a redakcia oslovila viacero tunaj\u0161\u00edch fan\u00fa\u0161ikov Evertonu, aby ich vyspovedala po\u010das za\u0165a\u017ek\u00e1vaj\u00facej sk\u00fa\u0161ky, ktor\u00fa pr\u00e1ve podstupuje cel\u00fd svet, vr\u00e1tane futbalu.","og_url":"https:\/\/evertonfc.cz\/index.php\/2020\/04\/21\/velky-rozhovor-s-fanusikmi-pocas-koronakrizy\/","og_site_name":"Official Czech &amp; Slovak Everton Supporters&#039; Club","article_publisher":"https:\/\/www.facebook.com\/everton.fans.cz.sk","article_published_time":"2020-04-21T07:37:17+00:00","article_modified_time":"2020-04-28T06:53:25+00:00","og_image":[{"width":720,"height":405,"url":"https:\/\/evertonfc.cz\/wp-content\/uploads\/2020\/04\/Stadium-disinfection-20-4-2020-edited-Ciro-Fusco-EPA.jpg.jpg","type":"image\/jpeg"}],"author":"BlueBlooded","twitter_card":"summary_large_image","twitter_misc":{"Napsal(a)":"BlueBlooded","Odhadovan\u00e1 doba \u010dten\u00ed":"26 minut"},"schema":{"@context":"https:\/\/schema.org","@graph":[{"@type":"Article","@id":"https:\/\/evertonfc.cz\/index.php\/2020\/04\/21\/velky-rozhovor-s-fanusikmi-pocas-koronakrizy\/#article","isPartOf":{"@id":"https:\/\/evertonfc.cz\/index.php\/2020\/04\/21\/velky-rozhovor-s-fanusikmi-pocas-koronakrizy\/"},"author":{"name":"BlueBlooded","@id":"https:\/\/evertonfc.cz\/#\/schema\/person\/d4493b8cbea51532597fbc4685698916"},"headline":"Ve\u013ek\u00fd rozhovor s fan\u00fa\u0161ikmi po\u010das koronakr\u00edzy","datePublished":"2020-04-21T07:37:17+00:00","dateModified":"2020-04-28T06:53:25+00:00","mainEntityOfPage":{"@id":"https:\/\/evertonfc.cz\/index.php\/2020\/04\/21\/velky-rozhovor-s-fanusikmi-pocas-koronakrizy\/"},"wordCount":5194,"commentCount":8,"publisher":{"@id":"https:\/\/evertonfc.cz\/#organization"},"image":{"@id":"https:\/\/evertonfc.cz\/index.php\/2020\/04\/21\/velky-rozhovor-s-fanusikmi-pocas-koronakrizy\/#primaryimage"},"thumbnailUrl":"https:\/\/evertonfc.cz\/wp-content\/uploads\/2020\/04\/Stadium-disinfection-20-4-2020-edited-Ciro-Fusco-EPA.jpg.jpg","articleSection":["Rozhovory"],"inLanguage":"cs","potentialAction":[{"@type":"CommentAction","name":"Comment","target":["https:\/\/evertonfc.cz\/index.php\/2020\/04\/21\/velky-rozhovor-s-fanusikmi-pocas-koronakrizy\/#respond"]}]},{"@type":"WebPage","@id":"https:\/\/evertonfc.cz\/index.php\/2020\/04\/21\/velky-rozhovor-s-fanusikmi-pocas-koronakrizy\/","url":"https:\/\/evertonfc.cz\/index.php\/2020\/04\/21\/velky-rozhovor-s-fanusikmi-pocas-koronakrizy\/","name":"Ve\u013ek\u00fd rozhovor s fan\u00fa\u0161ikmi po\u010das koronakr\u00edzy - Official Czech &amp; Slovak Everton Supporters&#039; Club","isPartOf":{"@id":"https:\/\/evertonfc.cz\/#website"},"primaryImageOfPage":{"@id":"https:\/\/evertonfc.cz\/index.php\/2020\/04\/21\/velky-rozhovor-s-fanusikmi-pocas-koronakrizy\/#primaryimage"},"image":{"@id":"https:\/\/evertonfc.cz\/index.php\/2020\/04\/21\/velky-rozhovor-s-fanusikmi-pocas-koronakrizy\/#primaryimage"},"thumbnailUrl":"https:\/\/evertonfc.cz\/wp-content\/uploads\/2020\/04\/Stadium-disinfection-20-4-2020-edited-Ciro-Fusco-EPA.jpg.jpg","datePublished":"2020-04-21T07:37:17+00:00","dateModified":"2020-04-28T06:53:25+00:00","breadcrumb":{"@id":"https:\/\/evertonfc.cz\/index.php\/2020\/04\/21\/velky-rozhovor-s-fanusikmi-pocas-koronakrizy\/#breadcrumb"},"inLanguage":"cs","potentialAction":[{"@type":"ReadAction","target":["https:\/\/evertonfc.cz\/index.php\/2020\/04\/21\/velky-rozhovor-s-fanusikmi-pocas-koronakrizy\/"]}]},{"@type":"ImageObject","inLanguage":"cs","@id":"https:\/\/evertonfc.cz\/index.php\/2020\/04\/21\/velky-rozhovor-s-fanusikmi-pocas-koronakrizy\/#primaryimage","url":"https:\/\/evertonfc.cz\/wp-content\/uploads\/2020\/04\/Stadium-disinfection-20-4-2020-edited-Ciro-Fusco-EPA.jpg.jpg","contentUrl":"https:\/\/evertonfc.cz\/wp-content\/uploads\/2020\/04\/Stadium-disinfection-20-4-2020-edited-Ciro-Fusco-EPA.jpg.jpg","width":720,"height":405},{"@type":"BreadcrumbList","@id":"https:\/\/evertonfc.cz\/index.php\/2020\/04\/21\/velky-rozhovor-s-fanusikmi-pocas-koronakrizy\/#breadcrumb","itemListElement":[{"@type":"ListItem","position":1,"name":"Home","item":"https:\/\/evertonfc.cz\/"},{"@type":"ListItem","position":2,"name":"Ve\u013ek\u00fd rozhovor s fan\u00fa\u0161ikmi po\u010das koronakr\u00edzy"}]},{"@type":"WebSite","@id":"https:\/\/evertonfc.cz\/#website","url":"https:\/\/evertonfc.cz\/","name":"Official Czech &amp; Slovak Everton Supporters&#039; Club","description":"","publisher":{"@id":"https:\/\/evertonfc.cz\/#organization"},"potentialAction":[{"@type":"SearchAction","target":{"@type":"EntryPoint","urlTemplate":"https:\/\/evertonfc.cz\/?s={search_term_string}"},"query-input":{"@type":"PropertyValueSpecification","valueRequired":true,"valueName":"search_term_string"}}],"inLanguage":"cs"},{"@type":"Organization","@id":"https:\/\/evertonfc.cz\/#organization","name":"Official Czech & Slovak Everton Supporters' Club","url":"https:\/\/evertonfc.cz\/","logo":{"@type":"ImageObject","inLanguage":"cs","@id":"https:\/\/evertonfc.cz\/#\/schema\/logo\/image\/","url":"https:\/\/evertonfc.cz\/wp-content\/uploads\/2019\/05\/logo.png","contentUrl":"https:\/\/evertonfc.cz\/wp-content\/uploads\/2019\/05\/logo.png","width":112,"height":112,"caption":"Official Czech & Slovak Everton Supporters' Club"},"image":{"@id":"https:\/\/evertonfc.cz\/#\/schema\/logo\/image\/"},"sameAs":["https:\/\/www.facebook.com\/everton.fans.cz.sk"]},{"@type":"Person","@id":"https:\/\/evertonfc.cz\/#\/schema\/person\/d4493b8cbea51532597fbc4685698916","name":"BlueBlooded","url":"https:\/\/evertonfc.cz\/index.php\/author\/admin\/"}]}},"_links":{"self":[{"href":"https:\/\/evertonfc.cz\/index.php\/wp-json\/wp\/v2\/posts\/10807"}],"collection":[{"href":"https:\/\/evertonfc.cz\/index.php\/wp-json\/wp\/v2\/posts"}],"about":[{"href":"https:\/\/evertonfc.cz\/index.php\/wp-json\/wp\/v2\/types\/post"}],"author":[{"embeddable":true,"href":"https:\/\/evertonfc.cz\/index.php\/wp-json\/wp\/v2\/users\/1"}],"replies":[{"embeddable":true,"href":"https:\/\/evertonfc.cz\/index.php\/wp-json\/wp\/v2\/comments?post=10807"}],"version-history":[{"count":10,"href":"https:\/\/evertonfc.cz\/index.php\/wp-json\/wp\/v2\/posts\/10807\/revisions"}],"predecessor-version":[{"id":10825,"href":"https:\/\/evertonfc.cz\/index.php\/wp-json\/wp\/v2\/posts\/10807\/revisions\/10825"}],"wp:featuredmedia":[{"embeddable":true,"href":"https:\/\/evertonfc.cz\/index.php\/wp-json\/wp\/v2\/media\/10806"}],"wp:attachment":[{"href":"https:\/\/evertonfc.cz\/index.php\/wp-json\/wp\/v2\/media?parent=10807"}],"wp:term":[{"taxonomy":"category","embeddable":true,"href":"https:\/\/evertonfc.cz\/index.php\/wp-json\/wp\/v2\/categories?post=10807"},{"taxonomy":"post_tag","embeddable":true,"href":"https:\/\/evertonfc.cz\/index.php\/wp-json\/wp\/v2\/tags?post=10807"}],"curies":[{"name":"wp","href":"https:\/\/api.w.org\/{rel}","templated":true}]}}