{"id":10810,"date":"2020-04-20T13:47:50","date_gmt":"2020-04-20T11:47:50","guid":{"rendered":"https:\/\/evertonfc.cz\/?p=10810"},"modified":"2020-04-20T13:47:50","modified_gmt":"2020-04-20T11:47:50","slug":"kviz-s-iwobim","status":"publish","type":"post","link":"https:\/\/evertonfc.cz\/index.php\/2020\/04\/20\/kviz-s-iwobim\/","title":{"rendered":"Kv\u00edz s Iwobim"},"content":{"rendered":"<h4><span lang=\"SK\">V z\u00e1pasov\u00fdch programoch tejto sez\u00f3ny sa hr\u00e1\u010dov p\u00fdtali r\u00f4zne ot\u00e1zky \u2013 od ob\u013e\u00faben\u00fdch filmov a\u017e po jedlo. Ak chcete zisti\u0165 viac o Alexovi, \u010d\u00edtajte nasleduj\u00face riadky.<\/span><\/h4>\n<p><strong><em>Ak\u00e9 boli jeho prv\u00e9 kopa\u010dky?<\/em><\/strong><\/p>\n<p>Mysl\u00edm, \u017ee m\u00f4j prv\u00fd p\u00e1r boli Adidas T90. Pam\u00e4t\u00e1m si, ako som ved\u013ea nich sp\u00e1val, ke\u010f mi ich otec daroval.<\/p>\n<p><strong><em>Ob\u013e\u00faben\u00fd film?<\/em><\/strong><\/p>\n<p>Minul\u00fd rok som videl <em>Pursuit of Happiness <\/em>a\u00a0bolo to fantastick\u00e9. Skoro som sa rozplakal, ale musel som sa zdr\u017ea\u0165, preto\u017ee m\u00f4j otec bol v\u00a0tom momente ved\u013ea m\u0148a! Bol to bl\u00e1zniv\u00fd pr\u00edbeh.<\/p>\n<p><em><a href=\"https:\/\/www.csfd.cz\/film\/221903-stesti-na-dosah\/prehled\/\" target=\"_blank\" rel=\"noopener noreferrer\">(2006, americk\u00e1 biografick\u00e1 dr\u00e1ma re\u017eis\u00e9ra Gabriela Mucciniho, v hlavnej \u00falohe Will Smith ako Chris Gardner, predava\u010d bez domova.)<\/a><\/em><\/p>\n<p><strong><em>Ob\u013e\u00faben\u00fd \u0161portovec mimo futbalu?<\/em><\/strong><\/p>\n<p>Vyberiem Odella Beckhama Jr, hr\u00e1\u010da NFL. \u010casto chod\u00ed na moju Explore str\u00e1nku na Instagrame. <a href=\"https:\/\/www.youtube.com\/watch?v=zxbz3DDQzHU\" target=\"_blank\" rel=\"noopener noreferrer\">M\u00e1 ten legend\u00e1rny jednoru\u010dn\u00fd chyt<\/a>. Je to neuverite\u013en\u00e9.<\/p>\n<p><strong><em>Ob\u013e\u00faben\u00e9 mesto?<\/em><\/strong><\/p>\n<p>Vyrastal som v\u00a0Lond\u00fdne, tak\u017ee by som vybral ten.<\/p>\n<p><strong><em>Ak by mohol ma\u0165 nejak\u00fa super schopnos\u0165, ak\u00e1 by to bola?<\/em><\/strong><\/p>\n<p>V\u017edy som chcel by\u0165 tak\u00fd r\u00fdchly, \u017ee len lusknem prstami a\u00a0som niekde inde. Tak\u017ee by som mohol luskn\u00fa\u0165 a\u00a0by\u0165 v\u00a0Lond\u00fdne, alebo luskn\u00fa\u0165 znovu a\u00a0by\u0165 spa\u0165 v\u00a0Evertone.<\/p>\n<p><strong><em>Najlep\u0161\u00ed moment doteraz v kari\u00e9re?<\/em><\/strong><\/p>\n<p>Pre m\u0148a by to bol g\u00f3l, ktor\u00fd poslal moju krajinu na Majstrovstv\u00e1 sveta <a href=\"https:\/\/www.youtube.com\/watch?v=r02pWvPQ-1s\" target=\"_blank\" rel=\"noopener noreferrer\">(proti Zambii, okt\u00f3ber 2017)<\/a>. Bolo to \u0161ialen\u00e9. A\u00a0ma\u0165 tam mamu a\u00a0otca bol \u00fa\u017easn\u00fd pocit.<\/p>\n<p><strong><em>M\u00e1 nejak\u00fd skryt\u00fd talent?<\/em><\/strong><\/p>\n<p>Kv\u00f4li futbalu som bol v\u017edy dobr\u00fd v cezpo\u013enom behu. Neviem, \u010di to je zrovna skryt\u00fd talent, ale mohol by by\u0165, ist\u00fdm sp\u00f4sobom! Alebo, ke\u010f som s kamar\u00e1tmi, len tak si vtipkujeme a za\u010dneme spolu vym\u00fd\u0161\u013ea\u0165 hudbu \u2013 h\u00e1dam, aj to by mohol by\u0165 talent!<\/p>\n<p><strong><em>Ob\u013e\u00faben\u00e9 jedlo?<\/em><\/strong><\/p>\n<p>Milujem nig\u00e9rijsk\u00e9 jedlo!<\/p>\n<p><em>(Z\u00e1kladn\u00fdmi\u00a0surovinami nig\u00e9rijskej kuchyne s\u00fa bataty (sladk\u00e9 zemiaky), hojne sa pou\u017e\u00edvaj\u00fa r\u00f4zne korenia, bylinky, zeleninov\u00e9 ban\u00e1ny, ara\u0161idy a olej (predov\u0161etk\u00fdm palmov\u00fd alebo ara\u0161idov\u00fd). Jedlo sa \u010dasto pripravuje na sp\u00f4sob barbecue. <\/em><em>Ako pr\u00edloha s\u00fa be\u017en\u00e9 fufu \u010di kukuri\u010dn\u00e9 placky.)<\/em><\/p>\n<p><strong><em>Jedlo, ktor\u00e9 nezn\u00e1\u0161a?<\/em><\/strong><\/p>\n<p>V\u00f4bec nie som fan\u00fa\u0161ik sushi.<\/p>\n<p><strong><em>\u010coho sa boj\u00ed?<\/em><\/strong><\/p>\n<p>Hadov alebo ak\u00fdchko\u013evek divok\u00fdch zvierat, ktor\u00e9 \u0165a m\u00f4\u017eu zabi\u0165! I\u0161iel som si minul\u00fd rok na dovolenke zapl\u00e1va\u0165 v\u00a0oce\u00e1ne, a\u00a0bolo to \u00faplne bezpe\u010dn\u00e9, ale zaka\u017ed\u00fdm som mal pocit, \u017ee po mne p\u00f4jde med\u00faza alebo \u017eralok!<\/p>\n<p><strong><em>Najz\u00e1bavnej\u0161ia osoba, ak\u00fa stretol vo futbale?<\/em><\/strong><\/p>\n<p>Zvol\u00edm m\u00f4jho b\u00fdval\u00e9ho spoluhr\u00e1\u010da Dannyho Welbecka. Ve\u010dne ma rozosmieval!<\/p>\n<p><strong><em>\u010co mu lezie na nervy?<\/em><\/strong><\/p>\n<p>Ke\u010f pr\u00eddu \u013eudia ku mne domov a\u00a0nenechaj\u00fa veci tak, ako ich na\u0161li. Napr\u00edklad, ak ich pon\u00faknem f\u013ea\u0161ou vody a\u00a0oni ju potom nehodia do ko\u0161a \u2013 len ju nechaj\u00fa niekde napoly dopit\u00fa. V\u0161etci moji priatelia vedia, \u017ee mi to lezie na nervy.<\/p>\n<p><strong><em>Ak\u00e1 je jeho motiv\u00e1cia?<\/em><\/strong><\/p>\n<p>Ve\u013ea \u013eud\u00ed ma motivuje, a\u00a0ja motivujem seba. Aby som bol lep\u0161\u00ed ka\u017ed\u00fd de\u0148. Moja rodina s\u00a0ich podporou, a\u00a0tie\u017e moji priatelia. Ke\u010f som vyrastal v\u00a0Lond\u00fdne, hrali sme s\u00a0kamar\u00e1tmi p\u00e4\u0165 na p\u00e4\u0165. V\u017edy mi hovorili, \u010do by som mohol robi\u0165 lep\u0161ie a\u00a0pom\u00f4c\u0165 mi tak.<\/p>\n<p><strong><em>Idol z detstva?<\/em><\/strong><\/p>\n<p>M\u00f4j str\u00fdko, Jay-Jay Okocha. Mal som pr\u00edle\u017eitos\u0165 \u00eds\u0165 a\u00a0sledova\u0165 ho, <a href=\"https:\/\/www.youtube.com\/watch?v=8Abu8B0DhZU\" target=\"_blank\" rel=\"noopener noreferrer\">ke\u010f e\u0161te hral za Bolton<\/a>. Dokonca boli \u010dasy, kedy som \u0161iel na ich tr\u00e9ning a\u00a0Sam Allardyce bol vtedy mana\u017e\u00e9r. Raz mali ob\u010derstvovaciu prest\u00e1vku a\u00a0Jay-Jay si so mnou \u017eongloval. Sam len <em>\u201eJay-Jay, vr\u00e1\u0165 sa! Vr\u00e1\u0165 sa!\u201c <\/em>Musel sa \u00eds\u0165 ospravedlni\u0165, preto\u017ee miesto tr\u00e9ningu so mnou blbol! Rozpr\u00e1val som sa n\u00edm o\u00a0prestupe do Evertonu a\u00a0povedal, \u017ee je to dobr\u00fd krok. Bol u\u017e \u010das aby som odi\u0161iel, stal sa mu\u017eom a\u00a0prezentoval sa.<\/p>\n<p><strong><em>Najlep\u0161\u00ed g\u00f3l, ktor\u00fd vstrelil?<\/em><\/strong><\/p>\n<p>Rozhodne to bol <a href=\"https:\/\/www.youtube.com\/watch?v=GcbokzfdSIo\" target=\"_blank\" rel=\"noopener noreferrer\">g\u00f3l vo fin\u00e1le\u00a0Eur\u00f3pskej ligy proti Chelsea minul\u00fa sez\u00f3nu<\/a>. Aj ke\u010f Arsenal prehral. Pri\u0161iel z\u00a0ni\u010doho ni\u010d. Chcel som si nie\u010do dok\u00e1za\u0165 a\u00a0mysl\u00edm, \u017ee sa mi to podarilo.<\/p>\n<p><strong><em>Jeho prez\u00fdvka?<\/em><\/strong><\/p>\n<p>V\u00a0detstve to bola \u201eLittle Kickers\u201c, preto\u017ee som bol mal\u00fd a\u00a0v\u017edy som nosil Kickers. No a\u00a0samozrejme pre futbal, kopete loptu&#8230; Teraz je to len \u201eBig One-Seven\u201c kv\u00f4li m\u00f4jmu \u010d\u00edslu na drese. Zvykol som by\u0165 aj \u201eBig Four-Five\u201c!<\/p>\n<p><strong><em>Naj\u0165a\u017e\u0161\u00ed protivn\u00edk vo futbale?<\/em><\/strong><\/p>\n<p>Hral som proti Messimu a\u00a0to bola \u0165a\u017ek\u00e1 \u00faloha! Barcelona verzus Arsenal a hral on, Su\u00e1rez a Neymar. V\u0161etci traja boli \u00fa\u017easn\u00ed. A\u017e po z\u00e1pase mi vlastne do\u0161lo, proti komu som hral. Cel\u00fd \u0161tadi\u00f3n skandoval \u201eMessi, Messi\u201c. \u0160ialen\u00e9.<\/p>\n<p><em>(sez\u00f3na 2015\/16, druh\u00e9 kolo 16-fin\u00e1le Ligy majstrov na Camp Nou, Iwobi odohral 73 min\u00fat vtedy e\u0161te s \u010d\u00edslom 45 a bol vystriedan\u00fd Theom Walcottom, Arsenal prehral 3:1 po g\u00f3loch Neymara, Su\u00e1reza a Messiho)<\/em><\/p>\n<p><strong><em>Najsl\u00e1vnej\u0161ia osoba ak\u00fa stretol?<\/em><\/strong><\/p>\n<p>Ronaldinho, aj ke\u010f si to moc dobre nepam\u00e4t\u00e1m, bol som ve\u013emi mlad\u00fd. Str\u00fdko hral za PSG, mal som \u0161\u0165astie, \u017ee som tam i\u0161iel a\u00a0stretol ich oboch. M\u00e1m s\u00a0nimi doma fotku, ktor\u00e1 ve\u013ea pre m\u0148a znamen\u00e1.<\/p>\n<p style=\"text-align: right;\"><em>(foto zdroj: evertonfc.com)<\/em><\/p>\n","protected":false},"excerpt":{"rendered":"<p>V z\u00e1pasov\u00fdch programoch tejto sez\u00f3ny sa hr\u00e1\u010dov p\u00fdtali r\u00f4zne ot\u00e1zky \u2013 od ob\u013e\u00faben\u00fdch filmov a\u017e po jedlo. Ak chcete zisti\u0165 viac o Alexovi, \u010d\u00edtajte nasleduj\u00face riadky.<\/p>\n","protected":false},"author":1,"featured_media":10811,"comment_status":"open","ping_status":"closed","sticky":false,"template":"","format":"standard","meta":{"_eb_attr":"","_monsterinsights_skip_tracking":false,"_monsterinsights_sitenote_active":false,"_monsterinsights_sitenote_note":"","_monsterinsights_sitenote_category":0,"footnotes":""},"categories":[1],"tags":[],"yoast_head":"<!-- This site is optimized with the Yoast SEO plugin v23.4 - https:\/\/yoast.com\/wordpress\/plugins\/seo\/ -->\n<title>Kv\u00edz s Iwobim - Official Czech &amp; Slovak Everton Supporters&#039; Club<\/title>\n<meta name=\"robots\" content=\"index, follow, max-snippet:-1, max-image-preview:large, max-video-preview:-1\" \/>\n<link rel=\"canonical\" href=\"https:\/\/evertonfc.cz\/index.php\/2020\/04\/20\/kviz-s-iwobim\/\" \/>\n<meta property=\"og:locale\" content=\"cs_CZ\" \/>\n<meta property=\"og:type\" content=\"article\" \/>\n<meta property=\"og:title\" content=\"Kv\u00edz s Iwobim - Official Czech &amp; Slovak Everton Supporters&#039; Club\" \/>\n<meta property=\"og:description\" content=\"V z\u00e1pasov\u00fdch programoch tejto sez\u00f3ny sa hr\u00e1\u010dov p\u00fdtali r\u00f4zne ot\u00e1zky \u2013 od ob\u013e\u00faben\u00fdch filmov a\u017e po jedlo. Ak chcete zisti\u0165 viac o Alexovi, \u010d\u00edtajte nasleduj\u00face riadky.\" \/>\n<meta property=\"og:url\" content=\"https:\/\/evertonfc.cz\/index.php\/2020\/04\/20\/kviz-s-iwobim\/\" \/>\n<meta property=\"og:site_name\" content=\"Official Czech &amp; Slovak Everton Supporters&#039; Club\" \/>\n<meta property=\"article:publisher\" content=\"https:\/\/www.facebook.com\/everton.fans.cz.sk\" \/>\n<meta property=\"article:published_time\" content=\"2020-04-20T11:47:50+00:00\" \/>\n<meta property=\"og:image\" content=\"https:\/\/evertonfc.cz\/wp-content\/uploads\/2020\/04\/Iwobi-20-4-2020.jpg\" \/>\n\t<meta property=\"og:image:width\" content=\"720\" \/>\n\t<meta property=\"og:image:height\" content=\"405\" \/>\n\t<meta property=\"og:image:type\" content=\"image\/jpeg\" \/>\n<meta name=\"author\" content=\"BlueBlooded\" \/>\n<meta name=\"twitter:card\" content=\"summary_large_image\" \/>\n<meta name=\"twitter:label1\" content=\"Napsal(a)\" \/>\n\t<meta name=\"twitter:data1\" content=\"BlueBlooded\" \/>\n\t<meta name=\"twitter:label2\" content=\"Odhadovan\u00e1 doba \u010dten\u00ed\" \/>\n\t<meta name=\"twitter:data2\" content=\"5 minut\" \/>\n<script type=\"application\/ld+json\" class=\"yoast-schema-graph\">{\"@context\":\"https:\/\/schema.org\",\"@graph\":[{\"@type\":\"Article\",\"@id\":\"https:\/\/evertonfc.cz\/index.php\/2020\/04\/20\/kviz-s-iwobim\/#article\",\"isPartOf\":{\"@id\":\"https:\/\/evertonfc.cz\/index.php\/2020\/04\/20\/kviz-s-iwobim\/\"},\"author\":{\"name\":\"BlueBlooded\",\"@id\":\"https:\/\/evertonfc.cz\/#\/schema\/person\/d4493b8cbea51532597fbc4685698916\"},\"headline\":\"Kv\u00edz s Iwobim\",\"datePublished\":\"2020-04-20T11:47:50+00:00\",\"dateModified\":\"2020-04-20T11:47:50+00:00\",\"mainEntityOfPage\":{\"@id\":\"https:\/\/evertonfc.cz\/index.php\/2020\/04\/20\/kviz-s-iwobim\/\"},\"wordCount\":914,\"commentCount\":0,\"publisher\":{\"@id\":\"https:\/\/evertonfc.cz\/#organization\"},\"image\":{\"@id\":\"https:\/\/evertonfc.cz\/index.php\/2020\/04\/20\/kviz-s-iwobim\/#primaryimage\"},\"thumbnailUrl\":\"https:\/\/evertonfc.cz\/wp-content\/uploads\/2020\/04\/Iwobi-20-4-2020.jpg\",\"articleSection\":[\"Rozhovory\"],\"inLanguage\":\"cs\",\"potentialAction\":[{\"@type\":\"CommentAction\",\"name\":\"Comment\",\"target\":[\"https:\/\/evertonfc.cz\/index.php\/2020\/04\/20\/kviz-s-iwobim\/#respond\"]}]},{\"@type\":\"WebPage\",\"@id\":\"https:\/\/evertonfc.cz\/index.php\/2020\/04\/20\/kviz-s-iwobim\/\",\"url\":\"https:\/\/evertonfc.cz\/index.php\/2020\/04\/20\/kviz-s-iwobim\/\",\"name\":\"Kv\u00edz s Iwobim - Official Czech &amp; Slovak Everton Supporters&#039; Club\",\"isPartOf\":{\"@id\":\"https:\/\/evertonfc.cz\/#website\"},\"primaryImageOfPage\":{\"@id\":\"https:\/\/evertonfc.cz\/index.php\/2020\/04\/20\/kviz-s-iwobim\/#primaryimage\"},\"image\":{\"@id\":\"https:\/\/evertonfc.cz\/index.php\/2020\/04\/20\/kviz-s-iwobim\/#primaryimage\"},\"thumbnailUrl\":\"https:\/\/evertonfc.cz\/wp-content\/uploads\/2020\/04\/Iwobi-20-4-2020.jpg\",\"datePublished\":\"2020-04-20T11:47:50+00:00\",\"dateModified\":\"2020-04-20T11:47:50+00:00\",\"breadcrumb\":{\"@id\":\"https:\/\/evertonfc.cz\/index.php\/2020\/04\/20\/kviz-s-iwobim\/#breadcrumb\"},\"inLanguage\":\"cs\",\"potentialAction\":[{\"@type\":\"ReadAction\",\"target\":[\"https:\/\/evertonfc.cz\/index.php\/2020\/04\/20\/kviz-s-iwobim\/\"]}]},{\"@type\":\"ImageObject\",\"inLanguage\":\"cs\",\"@id\":\"https:\/\/evertonfc.cz\/index.php\/2020\/04\/20\/kviz-s-iwobim\/#primaryimage\",\"url\":\"https:\/\/evertonfc.cz\/wp-content\/uploads\/2020\/04\/Iwobi-20-4-2020.jpg\",\"contentUrl\":\"https:\/\/evertonfc.cz\/wp-content\/uploads\/2020\/04\/Iwobi-20-4-2020.jpg\",\"width\":720,\"height\":405},{\"@type\":\"BreadcrumbList\",\"@id\":\"https:\/\/evertonfc.cz\/index.php\/2020\/04\/20\/kviz-s-iwobim\/#breadcrumb\",\"itemListElement\":[{\"@type\":\"ListItem\",\"position\":1,\"name\":\"Home\",\"item\":\"https:\/\/evertonfc.cz\/\"},{\"@type\":\"ListItem\",\"position\":2,\"name\":\"Kv\u00edz s Iwobim\"}]},{\"@type\":\"WebSite\",\"@id\":\"https:\/\/evertonfc.cz\/#website\",\"url\":\"https:\/\/evertonfc.cz\/\",\"name\":\"Official Czech &amp; Slovak Everton Supporters&#039; Club\",\"description\":\"\",\"publisher\":{\"@id\":\"https:\/\/evertonfc.cz\/#organization\"},\"potentialAction\":[{\"@type\":\"SearchAction\",\"target\":{\"@type\":\"EntryPoint\",\"urlTemplate\":\"https:\/\/evertonfc.cz\/?s={search_term_string}\"},\"query-input\":{\"@type\":\"PropertyValueSpecification\",\"valueRequired\":true,\"valueName\":\"search_term_string\"}}],\"inLanguage\":\"cs\"},{\"@type\":\"Organization\",\"@id\":\"https:\/\/evertonfc.cz\/#organization\",\"name\":\"Official Czech & Slovak Everton Supporters' Club\",\"url\":\"https:\/\/evertonfc.cz\/\",\"logo\":{\"@type\":\"ImageObject\",\"inLanguage\":\"cs\",\"@id\":\"https:\/\/evertonfc.cz\/#\/schema\/logo\/image\/\",\"url\":\"https:\/\/evertonfc.cz\/wp-content\/uploads\/2019\/05\/logo.png\",\"contentUrl\":\"https:\/\/evertonfc.cz\/wp-content\/uploads\/2019\/05\/logo.png\",\"width\":112,\"height\":112,\"caption\":\"Official Czech & Slovak Everton Supporters' Club\"},\"image\":{\"@id\":\"https:\/\/evertonfc.cz\/#\/schema\/logo\/image\/\"},\"sameAs\":[\"https:\/\/www.facebook.com\/everton.fans.cz.sk\"]},{\"@type\":\"Person\",\"@id\":\"https:\/\/evertonfc.cz\/#\/schema\/person\/d4493b8cbea51532597fbc4685698916\",\"name\":\"BlueBlooded\",\"url\":\"https:\/\/evertonfc.cz\/index.php\/author\/admin\/\"}]}<\/script>\n<!-- \/ Yoast SEO plugin. -->","yoast_head_json":{"title":"Kv\u00edz s Iwobim - Official Czech &amp; Slovak Everton Supporters&#039; Club","robots":{"index":"index","follow":"follow","max-snippet":"max-snippet:-1","max-image-preview":"max-image-preview:large","max-video-preview":"max-video-preview:-1"},"canonical":"https:\/\/evertonfc.cz\/index.php\/2020\/04\/20\/kviz-s-iwobim\/","og_locale":"cs_CZ","og_type":"article","og_title":"Kv\u00edz s Iwobim - Official Czech &amp; Slovak Everton Supporters&#039; Club","og_description":"V z\u00e1pasov\u00fdch programoch tejto sez\u00f3ny sa hr\u00e1\u010dov p\u00fdtali r\u00f4zne ot\u00e1zky \u2013 od ob\u013e\u00faben\u00fdch filmov a\u017e po jedlo. Ak chcete zisti\u0165 viac o Alexovi, \u010d\u00edtajte nasleduj\u00face riadky.","og_url":"https:\/\/evertonfc.cz\/index.php\/2020\/04\/20\/kviz-s-iwobim\/","og_site_name":"Official Czech &amp; Slovak Everton Supporters&#039; Club","article_publisher":"https:\/\/www.facebook.com\/everton.fans.cz.sk","article_published_time":"2020-04-20T11:47:50+00:00","og_image":[{"width":720,"height":405,"url":"https:\/\/evertonfc.cz\/wp-content\/uploads\/2020\/04\/Iwobi-20-4-2020.jpg","type":"image\/jpeg"}],"author":"BlueBlooded","twitter_card":"summary_large_image","twitter_misc":{"Napsal(a)":"BlueBlooded","Odhadovan\u00e1 doba \u010dten\u00ed":"5 minut"},"schema":{"@context":"https:\/\/schema.org","@graph":[{"@type":"Article","@id":"https:\/\/evertonfc.cz\/index.php\/2020\/04\/20\/kviz-s-iwobim\/#article","isPartOf":{"@id":"https:\/\/evertonfc.cz\/index.php\/2020\/04\/20\/kviz-s-iwobim\/"},"author":{"name":"BlueBlooded","@id":"https:\/\/evertonfc.cz\/#\/schema\/person\/d4493b8cbea51532597fbc4685698916"},"headline":"Kv\u00edz s Iwobim","datePublished":"2020-04-20T11:47:50+00:00","dateModified":"2020-04-20T11:47:50+00:00","mainEntityOfPage":{"@id":"https:\/\/evertonfc.cz\/index.php\/2020\/04\/20\/kviz-s-iwobim\/"},"wordCount":914,"commentCount":0,"publisher":{"@id":"https:\/\/evertonfc.cz\/#organization"},"image":{"@id":"https:\/\/evertonfc.cz\/index.php\/2020\/04\/20\/kviz-s-iwobim\/#primaryimage"},"thumbnailUrl":"https:\/\/evertonfc.cz\/wp-content\/uploads\/2020\/04\/Iwobi-20-4-2020.jpg","articleSection":["Rozhovory"],"inLanguage":"cs","potentialAction":[{"@type":"CommentAction","name":"Comment","target":["https:\/\/evertonfc.cz\/index.php\/2020\/04\/20\/kviz-s-iwobim\/#respond"]}]},{"@type":"WebPage","@id":"https:\/\/evertonfc.cz\/index.php\/2020\/04\/20\/kviz-s-iwobim\/","url":"https:\/\/evertonfc.cz\/index.php\/2020\/04\/20\/kviz-s-iwobim\/","name":"Kv\u00edz s Iwobim - Official Czech &amp; Slovak Everton Supporters&#039; Club","isPartOf":{"@id":"https:\/\/evertonfc.cz\/#website"},"primaryImageOfPage":{"@id":"https:\/\/evertonfc.cz\/index.php\/2020\/04\/20\/kviz-s-iwobim\/#primaryimage"},"image":{"@id":"https:\/\/evertonfc.cz\/index.php\/2020\/04\/20\/kviz-s-iwobim\/#primaryimage"},"thumbnailUrl":"https:\/\/evertonfc.cz\/wp-content\/uploads\/2020\/04\/Iwobi-20-4-2020.jpg","datePublished":"2020-04-20T11:47:50+00:00","dateModified":"2020-04-20T11:47:50+00:00","breadcrumb":{"@id":"https:\/\/evertonfc.cz\/index.php\/2020\/04\/20\/kviz-s-iwobim\/#breadcrumb"},"inLanguage":"cs","potentialAction":[{"@type":"ReadAction","target":["https:\/\/evertonfc.cz\/index.php\/2020\/04\/20\/kviz-s-iwobim\/"]}]},{"@type":"ImageObject","inLanguage":"cs","@id":"https:\/\/evertonfc.cz\/index.php\/2020\/04\/20\/kviz-s-iwobim\/#primaryimage","url":"https:\/\/evertonfc.cz\/wp-content\/uploads\/2020\/04\/Iwobi-20-4-2020.jpg","contentUrl":"https:\/\/evertonfc.cz\/wp-content\/uploads\/2020\/04\/Iwobi-20-4-2020.jpg","width":720,"height":405},{"@type":"BreadcrumbList","@id":"https:\/\/evertonfc.cz\/index.php\/2020\/04\/20\/kviz-s-iwobim\/#breadcrumb","itemListElement":[{"@type":"ListItem","position":1,"name":"Home","item":"https:\/\/evertonfc.cz\/"},{"@type":"ListItem","position":2,"name":"Kv\u00edz s Iwobim"}]},{"@type":"WebSite","@id":"https:\/\/evertonfc.cz\/#website","url":"https:\/\/evertonfc.cz\/","name":"Official Czech &amp; Slovak Everton Supporters&#039; Club","description":"","publisher":{"@id":"https:\/\/evertonfc.cz\/#organization"},"potentialAction":[{"@type":"SearchAction","target":{"@type":"EntryPoint","urlTemplate":"https:\/\/evertonfc.cz\/?s={search_term_string}"},"query-input":{"@type":"PropertyValueSpecification","valueRequired":true,"valueName":"search_term_string"}}],"inLanguage":"cs"},{"@type":"Organization","@id":"https:\/\/evertonfc.cz\/#organization","name":"Official Czech & Slovak Everton Supporters' Club","url":"https:\/\/evertonfc.cz\/","logo":{"@type":"ImageObject","inLanguage":"cs","@id":"https:\/\/evertonfc.cz\/#\/schema\/logo\/image\/","url":"https:\/\/evertonfc.cz\/wp-content\/uploads\/2019\/05\/logo.png","contentUrl":"https:\/\/evertonfc.cz\/wp-content\/uploads\/2019\/05\/logo.png","width":112,"height":112,"caption":"Official Czech & Slovak Everton Supporters' Club"},"image":{"@id":"https:\/\/evertonfc.cz\/#\/schema\/logo\/image\/"},"sameAs":["https:\/\/www.facebook.com\/everton.fans.cz.sk"]},{"@type":"Person","@id":"https:\/\/evertonfc.cz\/#\/schema\/person\/d4493b8cbea51532597fbc4685698916","name":"BlueBlooded","url":"https:\/\/evertonfc.cz\/index.php\/author\/admin\/"}]}},"_links":{"self":[{"href":"https:\/\/evertonfc.cz\/index.php\/wp-json\/wp\/v2\/posts\/10810"}],"collection":[{"href":"https:\/\/evertonfc.cz\/index.php\/wp-json\/wp\/v2\/posts"}],"about":[{"href":"https:\/\/evertonfc.cz\/index.php\/wp-json\/wp\/v2\/types\/post"}],"author":[{"embeddable":true,"href":"https:\/\/evertonfc.cz\/index.php\/wp-json\/wp\/v2\/users\/1"}],"replies":[{"embeddable":true,"href":"https:\/\/evertonfc.cz\/index.php\/wp-json\/wp\/v2\/comments?post=10810"}],"version-history":[{"count":4,"href":"https:\/\/evertonfc.cz\/index.php\/wp-json\/wp\/v2\/posts\/10810\/revisions"}],"predecessor-version":[{"id":10815,"href":"https:\/\/evertonfc.cz\/index.php\/wp-json\/wp\/v2\/posts\/10810\/revisions\/10815"}],"wp:featuredmedia":[{"embeddable":true,"href":"https:\/\/evertonfc.cz\/index.php\/wp-json\/wp\/v2\/media\/10811"}],"wp:attachment":[{"href":"https:\/\/evertonfc.cz\/index.php\/wp-json\/wp\/v2\/media?parent=10810"}],"wp:term":[{"taxonomy":"category","embeddable":true,"href":"https:\/\/evertonfc.cz\/index.php\/wp-json\/wp\/v2\/categories?post=10810"},{"taxonomy":"post_tag","embeddable":true,"href":"https:\/\/evertonfc.cz\/index.php\/wp-json\/wp\/v2\/tags?post=10810"}],"curies":[{"name":"wp","href":"https:\/\/api.w.org\/{rel}","templated":true}]}}