{"id":10829,"date":"2020-04-23T18:22:51","date_gmt":"2020-04-23T16:22:51","guid":{"rendered":"https:\/\/evertonfc.cz\/?p=10829"},"modified":"2021-08-02T08:19:50","modified_gmt":"2021-08-02T06:19:50","slug":"aka-je-buducnost-bolasieho","status":"publish","type":"post","link":"https:\/\/evertonfc.cz\/index.php\/2020\/04\/23\/aka-je-buducnost-bolasieho\/","title":{"rendered":"Ak\u00e1 je bud\u00facnos\u0165 Bolasieho?"},"content":{"rendered":"<h4>U\u017e tomu bud\u00fa dva roky, \u010do obliekol naposledy kr\u00eddeln\u00edk Kon\u017eskej demokratickej republiky dres s farbou\u00a0kr\u00e1\u013eovskej modrej. \u0160iesty najdrah\u0161\u00ed hr\u00e1\u010d klubu sa ocitol v\u00a0nemilosti.<\/h4>\n<p>\u010co sa v\u00e1m vyjav\u00ed pri mene<a href=\"https:\/\/evertonfc.cz\/index.php\/soupiska\/yannick-bolasie\/\" target=\"_blank\" rel=\"noopener noreferrer\"> Yannick Bolasie<\/a>? M\u00f4\u017ee to by\u0165 suma dvadsa\u0165p\u00e4\u0165 mili\u00f3nov libier. Alebo dva g\u00f3ly a\u00a0\u0161tyri asistencie za zhruba dvetis\u00edc min\u00fat str\u00e1ven\u00fdch na ihrisku. Pre m\u0148a je to podp\u00edsan\u00fd dres, visiaci v\u00a0skrini, o\u00a0ktorom viem, \u017ee to bola zbyto\u010dn\u00e1 invest\u00edcia. Samozrejme, \u010disto z poh\u013eadu zaujat\u00e9ho fan\u00fa\u0161ika.<\/p>\n<p>Yala, ako \u010doskoro tridsa\u0165jedenro\u010dn\u00e9ho futbalistu prez\u00fdvaj\u00fa, m\u00e1 u\u017e len rok do konca svojej zmluvy s\u00a0The Toffees. T\u00fa podp\u00edsal <a href=\"https:\/\/evertonfc.cz\/index.php\/2016\/08\/15\/bolasie-zpeceteny\/\" target=\"_blank\" rel=\"noopener noreferrer\">e\u0161te v\u00a0lete 2016<\/a> a stal sa vtedy najdrah\u0161ou posilou v hist\u00f3rii Evertonu. Prv\u00e9 leto tandemu <a href=\"https:\/\/evertonfc.cz\/index.php\/2016\/07\/01\/profil-ronald-koeman\/\" target=\"_blank\" rel=\"noopener noreferrer\">Koeman<\/a> &amp; <a href=\"https:\/\/evertonfc.cz\/index.php\/2016\/10\/12\/empiricky-walsh\/\" target=\"_blank\" rel=\"noopener noreferrer\">Walsh<\/a> sprev\u00e1dzali e\u0161te pr\u00edchody Williamsa, Gueyeho, Calverta-Lewina a Stekelenburga.<\/p>\n<p>Pre\u010do si ho t\u00edto dvaja p\u00e1ni vybrali? <a href=\"https:\/\/evertonfc.cz\/index.php\/2016\/06\/19\/koeman-v-uvodnich-prohlasenich\/\" target=\"_blank\" rel=\"noopener noreferrer\">Koeman bol zn\u00e1my svoj\u00edm priamo\u010diarym pr\u00edstupom<\/a> vo futbale, preferoval nestr\u00e1canie \u010dasu na prechod do poslednej tretiny a\u00a0potreboval \u010fal\u0161\u00ed bod v\u00a0\u00fato\u010dnej l\u00ednii, na ktor\u00fd by sa mohol s\u00faper s\u00fastredi\u0165. Probl\u00e9m predch\u00e1dzaj\u00facej \u00e9ry Goodison Parku tkvel aj v\u00a0\u013eahkej \u010ditate\u013enosti.<\/p>\n<p><a href=\"https:\/\/evertonfc.cz\/index.php\/2013\/09\/13\/jak-martinez-meni-hru-evertonu\/\" target=\"_blank\" rel=\"noopener noreferrer\">Mart\u00ednezove Karamelky u\u017e vedeli s\u00fapera unudi\u0165 k\u00a0smrti<\/a>, preto sa pri v\u00fdbere zoh\u013eadnil aj jeho faktor nepredv\u00eddate\u013enosti. Bolasie rovnako predstavoval jedin\u00fa konkurenciu Mirallasovi, ke\u010f\u017ee na jeho poste sa mohli e\u0161te objavi\u0165 men\u00e1 typu Kon\u00e9 a Cleverley. Vtedy dvadsa\u0165sedemro\u010dn\u00fd hr\u00e1\u010d znamenal jasn\u00e9 vylep\u0161enie.<\/p>\n<h4>\u0160pecifick\u00fd hr\u00e1\u010d so zranen\u00edm, ohrozuj\u00facim kari\u00e9ru<\/h4>\n<p>Aj napriek predra\u017eenej cenovke a\u00a0chab\u00e9mu z\u00e1znamu v\u00a0produktivite. Typologicky to bol r\u00fdchly hr\u00e1\u010d, skvel\u00fd v\u00a0s\u00fabojoch jeden na jedn\u00e9ho. Za to v\u010fa\u010dil aj svojskej technike, pri ktorej si loptu dr\u017e\u00ed \u010falej od tela a\u00a0l\u00e1ka protivn\u00edkov na jej \u013eahk\u00fd zisk. V\u0161etko potom doh\u00e1\u0148a svojimi fyzick\u00fdmi prednos\u0165ami a\u00a0dlh\u00fdmi nohami.<\/p>\n<p>Ve\u013emi \u010dasto to p\u00f4sob\u00ed neohrabane a hr\u00e1\u010d nezriedka zahr\u00e1 lopty na takzvan\u00fa \u201edlh\u00fa nohu\u201c, z \u010doho plyn\u00fa nepresnosti. Ako v stre\u013ebe, tak v prihr\u00e1vkach. Ka\u017edop\u00e1dne, \u00fa\u010del zr\u00fdchlenia prechodu do \u00fatoku sp\u013a\u0148al do bodky. U\u017e od za\u010diatku si rozumel s Lukakom a by\u0165 letnej pr\u00edpravy v plnej d\u013a\u017eke, mo\u017eno by sa stihol zap\u00edsa\u0165 lep\u0161ie.<\/p>\n<p>Potom pri\u0161iel osudn\u00fd moment. <a href=\"https:\/\/evertonfc.cz\/index.php\/2016\/12\/04\/everton-manchester-united-11\/\" target=\"_blank\" rel=\"noopener noreferrer\">Rem\u00edzov\u00fd duel 1:1 s\u00a0manchestersk\u00fdmi Diablami<\/a>, v\u00a0ktorom pri\u0161iel do kontaktu s\u00a0Martialom a\u00a0duel u\u017e nedohral. Verdikt? Ro\u010dn\u00e1 prest\u00e1vka! \u201eTo\u013eko k\u00a0rekordnej posile&#8230;\u201c hovorili si fan\u00fa\u0161ikovia. A\u00a0mali pravdu. Pre hr\u00e1\u010da ako on, bolo zranenie kolenn\u00fdch v\u00e4zov ako ohluchnutie hudobn\u00e9ho skladate\u013ea.<\/p>\n<p>Trvalo rok a\u00a0dvadsa\u0165dva dn\u00ed, k\u00fdm sa Bolasie vr\u00e1til, u\u017e ale do in\u00e9ho sveta. Jeho rekonvalescenciu spomalila proced\u00fara a\u017e dvoch oper\u00e1cii. Najprv mu zo\u0161\u00edvali po\u0161koden\u00fd meniskus, a\u00a0ke\u010f sa ten zahojil, mohli prejs\u0165 k\u00a0n\u00e1hrade predn\u00e9ho skr\u00ed\u017een\u00e9ho v\u00e4zu. Nie\u010do tak\u00e9 nemo\u017eno hna\u0165 nasilu. N\u00e1vrat mus\u00ed by\u0165 prirodzen\u00fd.<\/p>\n<p>Vo svete Sama Allardycea to pravda\u017ee neplatilo. Na \u0160tefana proti West Bromwichu si Yannick prip\u00edsal prv\u00fa s\u00fa\u0165a\u017en\u00fa hodinu na tr\u00e1vniku a po zvy\u0161ok sez\u00f3ny preukazoval badate\u013en\u00e9 zn\u00e1mky dlhej prest\u00e1vky od futbalu a\u00a0zn\u00ed\u017een\u00e9ho sebavedomia, tak k\u013e\u00fa\u010dov\u00e9ho pre krajn\u00e9ho z\u00e1lo\u017en\u00edka. Potom pri\u0161lo leto a\u00a0s\u00a0n\u00edm op\u00e4\u0165 nov\u00e1 vl\u00e1da.<\/p>\n<h4>Nevyhnutn\u00e9 hos\u0165ovania<\/h4>\n<p>T\u00e1 nov\u00fdm po\u0148at\u00edm hry odp\u00edsala \u0161ikovn\u00e9 kr\u00eddlo s platom sedemdesiatp\u00e4\u0165tis\u00edc libier do druholigovej Aston Villy. Pod\u013ea ich fan\u00fa\u0161ikov si Bolasie \u010dasto po\u010d\u00ednal ve\u013emi sebecky. Nebol t\u00edmov\u00fd hr\u00e1\u010d a jeho triky, \u010di zop\u00e1r centrov a nepresn\u00fdch striel nesta\u010dilo na d\u00f4veru Deana Smitha, ktor\u00fd nahradil Brucea. V zime sa na vlastn\u00fa \u017eiados\u0165 vr\u00e1til.<\/p>\n<p>Pri zmene p\u00f4sobiska k\u00fdvol na ponuku Anderlechtu a zn\u00ed\u017eil si \u00farove\u0148 ob\u0165a\u017enosti o nie\u010do viac. Mana\u017e\u00e9r Fred Rutten si pochva\u013eoval jeho pracovitos\u0165 a efekt\u00edvnos\u0165. Po sez\u00f3ne sa v\u0161ak musel vr\u00e1ti\u0165. Pre belgick\u00fd klub bol toti\u017e pridrah\u00fd. To sa v k\u00e1dri Evertonu u\u017e nach\u00e1dzali Richarlison s Bernardom, a \u010do nevidie\u0165 sa mal prida\u0165 Alex Iwobi.<\/p>\n<p>Marca Silvu preto nepresved\u010dil ani po\u010das druhej predsez\u00f3nnej pr\u00edpravy. Po \u0161tvrtom ligovom z\u00e1pase tejto sez\u00f3ny s\u00a0Wolves, si Bolasie vylial du\u0161u aj na soci\u00e1lnej sieti, kde nap\u00edsal, \u017ee sa \u013eudia zahr\u00e1vaj\u00fa s\u00a0jeho kari\u00e9rou ako s\u00a0Legom. Nebol toti\u017e ani v\u00a0jednom z\u00e1pase \u010do i len na lavi\u010dke a\u00a0tak odi\u0161iel do Portugalska, kde sa pok\u00fasil o\u00a0re\u0161tart kari\u00e9ry.<\/p>\n<p>Tam sa zaradil k stabiln\u00fdm \u010dlenom t\u00edmu. Pravidelne hr\u00e1val po pravej strane ihriska, alebo na hrote, ako tomu bolo v\u00a0minulosti aj v Evertone.\u00a0Sporting Lisabon disponuje aj opciou na k\u00fapu. Pred kr\u00edzou koronav\u00edrusu sa jeho tamoj\u0161ie \u0161tatistiky zastavili na \u010d\u00edsle 25 odohran\u00fdch z\u00e1pasov, v\u00a0ktor\u00fdch vsietil 2 g\u00f3ly a\u00a0na 5 prihral.<\/p>\n<h4>David Novo, redaktor tamoj\u0161ieho \u0161portov\u00e9ho denn\u00edka Di\u00e1rio Record:<\/h4>\n<blockquote><p>\u201e<em>\u0164a\u017eko hovori\u0165 o\u00a0\u00faspechu, preto\u017ee pre t\u00edm to nebola \u013eahk\u00e1 sez\u00f3na. Sporting zmenil tr\u00e9nera. Ke\u010f pri\u0161iel Bolasie, bol to Marcel Keizer a\u00a0potom v\u00a0septembri vymenovali Silasa. Bolasie za\u010dal hr\u00e1va\u0165 s\u00a0in\u00fdm typom futbalu a s\u00a0tr\u00e9nerom, ktor\u00fd mal odli\u0161n\u00e9 n\u00e1pady. Potom sa on, ako aj cel\u00fd t\u00edm, museli prisp\u00f4sobi\u0165 nov\u00e9mu tr\u00e9nerovi.\u201c<\/em><\/p>\n<p><em>\u201eNaraz sa musel adaptova\u0165 v\u00a0novej krajine,\u00a0nov\u00e9mu jazyku, hr\u00e1\u010dom a\u00a0lige, tak\u017ee to nemal jednoduch\u00e9, nako\u013eko aj klub si prech\u00e1dzal ve\u013ea zmenami. \u0160tartoval v\u00a024 stretnutiach, aj proti dvom najv\u00e4\u010d\u0161\u00edm rivalom \u2013 Benfica a\u00a0Porto \u2013 a\u00a0dal dva g\u00f3ly. Ale jeho \u0161tatistiky driblingu a\u00a0centrov nevy\u010dnievaj\u00fa.\u201c<\/em><\/p>\n<p><em>\u201eKe\u010f Yannick pri\u0161iel, pam\u00e4t\u00e1m si, \u017ee som videl o \u0148om nejak\u00e9 vide\u00e1 na YouTube, <a href=\"https:\/\/www.youtube.com\/watch?v=g4We___cR4o\" target=\"_blank\" rel=\"noopener noreferrer\">aj s\u00a0jeho trikom s 360\u00ba oto\u010dkou<\/a>. Na to mus\u00edte by\u0165 dobr\u00fd technik. Neviem, \u010di sme u\u00a0neho videli tak\u00fd trik v\u00a0Sportingu, ale technik rozhodne je. R\u00fdchly a\u00a0komfortn\u00fd s\u00a0loptou na kopa\u010dk\u00e1ch. Fyzicky si nemysl\u00edm, \u017ee by mal nejak\u00e9 probl\u00e9my.\u201c<\/em><\/p>\n<p><em>\u201eNed\u00e1 sa poveda\u0165, \u017ee bol rozhoduj\u00faci hr\u00e1\u010d, ale ani jeden z\u00a0najhor\u0161\u00edch. Mal vyrovnan\u00fa sez\u00f3nu. Ver\u00edm, \u017ee s\u00a0fan\u00fa\u0161ikmi nadviazal dobr\u00fd vz\u0165ah, ale niektor\u00ed si myslia, \u017ee mlad\u0161\u00ed Gonzalo Plata by mal hr\u00e1va\u0165 viac ako on, ke\u010f\u017ee je mlad\u0161\u00ed a\u00a0lacnej\u0161\u00ed.\u201c<\/em><\/p>\n<p><em>\u201ePeniaze m\u00f4\u017eu by\u0165 probl\u00e9m. Ak si chce Sporting necha\u0165 Bolasieho, mus\u00ed zaplati\u0165 4,5 mili\u00f3na eur. A na portugalsk\u00e9 pomery m\u00e1 ve\u013ek\u00fd plat. Mo\u017eno \u010fal\u0161ie hos\u0165ovanie by bolo jednoduch\u0161ie, ale neviem, \u010di to Everton alebo Sporting v\u00f4bec chc\u00fa. Jeho agent n\u00e1\u0161mu denn\u00edku povedal, \u017ee hr\u00e1\u010d je v klube \u0161\u0165astn\u00fd, ale posledn\u00e9 slovo bude ma\u0165 Sporting. Kv\u00f4li predaju Fernandesa bude ma\u0165 klub nejak\u00e9 peniaze, av\u0161ak je nejasn\u00e9, \u010di Silas ostane.\u201c<\/em><\/p><\/blockquote>\n<p>Ako ste sa u\u017e dozvedeli, Silas Yannicka do Portugalska nepriviedol. Bol to je predchodca Marcel Keizer. Ale Silas je u\u017e takisto od piateho marca b\u00fdval\u00fd mana\u017e\u00e9r lisabonsk\u00fdch levov. Vo svojej funkcii bol len od septembra a\u00a0nevydr\u017eal ani do konca kontraktu, ktor\u00fd mal vypr\u0161a\u0165 v\u00a0j\u00fani. Nahradil ho R\u00faben Amorim.<\/p>\n<h4>Bolasie sa vr\u00e1ti<\/h4>\n<p>A\u00a0ten, zd\u00e1 sa, nie je jeho fan\u00fa\u0161ikom. Liverpoolske Echo pri\u0161lo s\u00a0inform\u00e1ciou, \u017ee zatia\u013e \u010do sa hr\u00e1\u010di Lisabonu vr\u00e1tili tento pondelok do tr\u00e9ningu, Bolasie medzi nimi nebol, preto\u017ee vraj nefiguruje v\u00a0Amorimov\u00fdch pl\u00e1noch a\u00a0je dos\u0165 mo\u017en\u00e9, \u017ee sa vr\u00e1ti na Finch Farm pred\u010dasne. Plat v\u0161ak hradi\u0165 bud\u00fa do konca j\u00fana.<\/p>\n<p>Hr\u00e1\u010dov agent, Jwtiar Khalid Rahman, sa vyjadril podobn\u00fdm sp\u00f4sobom: <em>\u201eVyzer\u00e1 to tak, \u017ee op\u00fa\u0161\u0165a Sporting. Moment\u00e1lne je \u0165a\u017ek\u00e9 sa k tomu vyjadri\u0165, lebo v\u0161etko je zmrazen\u00e9, ale mal by sa vr\u00e1ti\u0165 do Evertonu.\u201c <\/em>Tam v\u0161ak dlho nezostane. To m\u00f4\u017eeme s\u00a0ur\u010ditos\u0165ou kon\u0161tatova\u0165. Carlo Ancelotti je posledn\u00fd, kto by o\u00a0jeho slu\u017eby st\u00e1l.<\/p>\n<p>Z taktick\u00e9ho h\u013eadiska toti\u017e preferuje sk\u00f4r falo\u0161n\u00fdch krajn\u00fdch z\u00e1lo\u017en\u00edkov, ktor\u00ed s\u00fa schopn\u00ed tvori\u0165 hru a vypom\u00e1ha\u0165 stredu ihriska pri ofenz\u00edvnych v\u00fdletoch krajn\u00fdch obrancov, zabezpe\u010duj\u00facich \u0161\u00edrku hern\u00e9ho priestoru. I ke\u010f fan\u00fa\u0161ik by si to na \u013eavom kr\u00eddle dvakr\u00e1t rozmyslel medzi Sigurdssonom a touto alternat\u00edvou, v\u0161ak?<\/p>\n<p>Na zlej strane \u010dasovej osi jeho kari\u00e9ry, s\u00a0priemern\u00fdmi a\u017e podpriemern\u00fdmi hos\u0165ovaniami, je teda len ve\u013emi nepravdepodobn\u00e9, \u017ee by Talian na\u0161iel vyu\u017eitie jeho slu\u017eieb. Ak by Yala nasledoval Mirallasov pr\u00edklad a\u00a0bol verejnoprospe\u0161ne prepusten\u00fd z\u00a0posledn\u00e9ho roku slu\u017eby, nikto by sa nemohol divi\u0165.<\/p>\n<p style=\"text-align: right;\"><em>(foto zdroj: Offside Sports Photography)<\/em><\/p>\n<h4>Bolasie post-Crystal Palace (transfermarkt.com):<\/h4>\n<table class=\"items\" style=\"height: 243px; width: 100%;\">\n<thead>\n<tr style=\"height: 40px;\">\n<td id=\"yw1_c0\" style=\"height: 40px; width: 38.5334%; border-style: ridge;\" colspan=\"2\">Klub<\/td>\n<td id=\"yw1_c2\" class=\"zentriert\" style=\"height: 40px; width: 9.86667%; border-style: ridge; text-align: center;\"><span class=\"icons_sprite icon-einsaetze-table-header\" title=\"Appearances\">Z<\/span><\/td>\n<td id=\"yw1_c3\" class=\"zentriert\" style=\"height: 40px; width: 7.73333%; border-style: ridge; text-align: center;\"><span class=\"icons_sprite icon-tor-table-header\" title=\"Goals\">G\u00a0<\/span><\/td>\n<td id=\"yw1_c4\" class=\"zentriert\" style=\"height: 40px; width: 7.73333%; border-style: ridge; text-align: center;\"><span class=\"icons_sprite icon-vorlage-table-header\" title=\"Assists\">A\u00a0<\/span><\/td>\n<td id=\"yw1_c5\" class=\"zentriert\" style=\"height: 40px; width: 9.2%; border-style: ridge; text-align: center;\"><span class=\"icons_sprite icon-gelbekarte-table-header\" title=\"Yellow cards\">\u00a0\u017dK<\/span><\/td>\n<td id=\"yw1_c6\" class=\"zentriert\" style=\"height: 40px; width: 8.26667%; border-style: ridge; text-align: center;\">\u010cK<\/td>\n<td id=\"yw1_c7\" class=\"zentriert\" style=\"height: 40px; width: 14.1333%; border-style: ridge; text-align: center;\"><span class=\"icons_sprite icon-rotekarte-table-header\" title=\"Red cards\">\u00a0min.<\/span><\/td>\n<\/tr>\n<\/thead>\n<tfoot>\n<tr style=\"height: 40px;\">\n<td class=\"rechts\" style=\"height: 40px; width: 38.5334%; border-style: ridge;\" colspan=\"2\"><strong>Celkovo :<\/strong><\/td>\n<td class=\"zentriert\" style=\"height: 40px; text-align: center; width: 9.86667%; border-style: ridge;\"><strong>95<\/strong><\/td>\n<td class=\"zentriert\" style=\"height: 40px; text-align: center; width: 7.73333%; border-style: ridge;\"><strong>12<\/strong><\/td>\n<td class=\"zentriert\" style=\"height: 40px; text-align: center; width: 7.73333%; border-style: ridge;\"><strong>17<\/strong><\/td>\n<td class=\"zentriert\" style=\"height: 40px; text-align: center; width: 9.2%; border-style: ridge;\"><strong>13<\/strong><\/td>\n<td class=\"zentriert\" style=\"height: 40px; text-align: center; width: 8.26667%; border-style: ridge;\"><strong>1<\/strong><\/td>\n<td class=\"zentriert\" style=\"height: 40px; text-align: center; width: 14.1333%; border-style: ridge;\"><strong>6.298&#8242;<\/strong><\/td>\n<\/tr>\n<\/tfoot>\n<tbody>\n<tr class=\"even selected\" style=\"height: 40px;\">\n<td class=\"hauptlink no-border-rechts zentriert\" style=\"height: 40px; width: 7.46667%; border-style: ridge;\"><a id=\"29\" class=\"vereinprofil_tooltip tooltipstered\" href=\"https:\/\/www.transfermarkt.com\/fc-everton\/startseite\/verein\/29\"><img decoding=\"async\" class=\"tiny_wappen\" title=\"\u00a0\" src=\"https:\/\/tmssl.akamaized.net\/\/images\/wappen\/tiny\/29.png?lm=1445949846\" alt=\"Everton FC\" \/><\/a><\/td>\n<td class=\"hauptlink no-border-links\" style=\"height: 40px; width: 31.0667%; border-style: ridge;\"><strong>Everton FC (2016-2018)<\/strong><\/td>\n<td class=\"zentriert\" style=\"height: 40px; width: 9.86667%; text-align: center; border-style: ridge;\"><strong><a title=\"Yannick Bolasie\" href=\"https:\/\/www.transfermarkt.com\/yannick-bolasie\/leistungsdatendetails\/spieler\/75471\/verein\/29\">32<\/a><\/strong><\/td>\n<td class=\"zentriert\" style=\"height: 40px; width: 7.73333%; text-align: center; border-style: ridge;\"><strong>2<\/strong><\/td>\n<td class=\"zentriert\" style=\"height: 40px; width: 7.73333%; text-align: center; border-style: ridge;\"><strong>4<\/strong><\/td>\n<td class=\"zentriert\" style=\"height: 40px; width: 9.2%; text-align: center; border-style: ridge;\"><strong>2<\/strong><\/td>\n<td class=\"zentriert\" style=\"height: 40px; width: 8.26667%; text-align: center; border-style: ridge;\"><strong>\u00a0<\/strong><\/td>\n<td class=\"zentriert\" style=\"height: 40px; width: 14.1333%; text-align: center; border-style: ridge;\"><strong>2.084&#8242;<\/strong><\/td>\n<\/tr>\n<tr class=\"odd selected\" style=\"height: 41px;\">\n<td class=\"hauptlink no-border-rechts zentriert\" style=\"width: 7.46667%; border-style: ridge; height: 41px;\"><a id=\"405\" class=\"vereinprofil_tooltip tooltipstered\" href=\"https:\/\/www.transfermarkt.com\/aston-villa\/startseite\/verein\/405\"><img decoding=\"async\" class=\"tiny_wappen\" title=\"\u00a0\" src=\"https:\/\/tmssl.akamaized.net\/\/images\/wappen\/tiny\/405.png?lm=1469443765\" alt=\"Aston Villa\" \/><\/a><\/td>\n<td class=\"hauptlink no-border-links\" style=\"width: 31.0667%; border-style: ridge; height: 41px;\"><strong>Aston Villa (2018)<\/strong><\/td>\n<td class=\"zentriert\" style=\"width: 9.86667%; text-align: center; border-style: ridge; height: 41px;\"><strong><a title=\"Yannick Bolasie\" href=\"https:\/\/www.transfermarkt.com\/yannick-bolasie\/leistungsdatendetails\/spieler\/75471\/verein\/405\">21<\/a><\/strong><\/td>\n<td class=\"zentriert\" style=\"width: 7.73333%; text-align: center; border-style: ridge; height: 41px;\"><strong>2<\/strong><\/td>\n<td class=\"zentriert\" style=\"width: 7.73333%; text-align: center; border-style: ridge; height: 41px;\"><strong>5<\/strong><\/td>\n<td class=\"zentriert\" style=\"width: 9.2%; text-align: center; border-style: ridge; height: 41px;\"><strong>4<\/strong><\/td>\n<td class=\"zentriert\" style=\"height: 41px; width: 8.26667%; text-align: center; border-style: ridge;\"><\/td>\n<td class=\"zentriert\" style=\"height: 41px; width: 14.1333%; text-align: center; border-style: ridge;\"><strong>953&#8242;<\/strong><\/td>\n<\/tr>\n<tr class=\"even selected\" style=\"height: 41px;\">\n<td class=\"hauptlink no-border-rechts zentriert\" style=\"width: 7.46667%; border-style: ridge; height: 41px;\"><a id=\"58\" class=\"vereinprofil_tooltip tooltipstered\" href=\"https:\/\/www.transfermarkt.com\/rsc-anderlecht\/startseite\/verein\/58\"><img decoding=\"async\" class=\"tiny_wappen\" title=\"\u00a0\" src=\"https:\/\/tmssl.akamaized.net\/\/images\/wappen\/tiny\/58.png?lm=1443857722\" alt=\"RSC Anderlecht\" \/><\/a><\/td>\n<td class=\"hauptlink no-border-links\" style=\"width: 31.0667%; border-style: ridge; height: 41px;\"><strong>RSC Anderlecht (2019)<\/strong><\/td>\n<td class=\"zentriert\" style=\"width: 9.86667%; text-align: center; border-style: ridge; height: 41px;\"><strong><a title=\"Yannick Bolasie\" href=\"https:\/\/www.transfermarkt.com\/yannick-bolasie\/leistungsdatendetails\/spieler\/75471\/verein\/58\">17<\/a><\/strong><\/td>\n<td class=\"zentriert\" style=\"width: 7.73333%; text-align: center; border-style: ridge; height: 41px;\"><strong>6<\/strong><\/td>\n<td class=\"zentriert\" style=\"width: 7.73333%; text-align: center; border-style: ridge; height: 41px;\"><strong>3<\/strong><\/td>\n<td class=\"zentriert\" style=\"width: 9.2%; text-align: center; border-style: ridge; height: 41px;\"><strong>5<\/strong><\/td>\n<td class=\"zentriert\" style=\"height: 41px; width: 8.26667%; text-align: center; border-style: ridge;\"><\/td>\n<td class=\"zentriert\" style=\"height: 41px; width: 14.1333%; text-align: center; border-style: ridge;\"><strong>1.418&#8242;<\/strong><\/td>\n<\/tr>\n<tr class=\"even selected\" style=\"height: 41px;\">\n<td class=\"hauptlink no-border-rechts zentriert\" style=\"width: 7.46667%; border-style: ridge; height: 41px;\"><a id=\"336\" class=\"vereinprofil_tooltip tooltipstered\" href=\"https:\/\/www.transfermarkt.com\/sporting-lissabon\/startseite\/verein\/336\"><img decoding=\"async\" class=\"tiny_wappen\" title=\"\u00a0\" src=\"https:\/\/tmssl.akamaized.net\/\/images\/wappen\/tiny\/336.png?lm=1487424635\" alt=\"Sporting CP\" \/><\/a><\/td>\n<td class=\"hauptlink no-border-links\" style=\"width: 31.0667%; border-style: ridge; height: 41px;\"><strong>Sporting CP (2019\/20)<\/strong><\/td>\n<td class=\"zentriert\" style=\"width: 9.86667%; text-align: center; border-style: ridge; height: 41px;\"><strong><a title=\"Yannick Bolasie\" href=\"https:\/\/www.transfermarkt.com\/yannick-bolasie\/leistungsdatendetails\/spieler\/75471\/verein\/336\">25<\/a><\/strong><\/td>\n<td class=\"zentriert\" style=\"width: 7.73333%; text-align: center; border-style: ridge; height: 41px;\"><strong>2<\/strong><\/td>\n<td class=\"zentriert\" style=\"width: 7.73333%; text-align: center; border-style: ridge; height: 41px;\"><strong>5<\/strong><\/td>\n<td class=\"zentriert\" style=\"width: 9.2%; text-align: center; border-style: ridge; height: 41px;\"><strong>2<\/strong><\/td>\n<td class=\"zentriert\" style=\"height: 41px; width: 8.26667%; text-align: center; border-style: ridge;\"><strong>1<\/strong><\/td>\n<td class=\"zentriert\" style=\"height: 41px; width: 14.1333%; text-align: center; border-style: ridge;\"><strong>1.843&#8242;<\/strong><\/td>\n<\/tr>\n<\/tbody>\n<\/table>\n","protected":false},"excerpt":{"rendered":"<p>U\u017e tomu bud\u00fa dva roky, \u010do obliekol naposledy kr\u00eddeln\u00edk Kon\u017eskej demokratickej republiky dres s farbou kr\u00e1\u013eovskej modrej. \u0160iesty najdrah\u0161\u00ed hr\u00e1\u010d klubu sa ocitol v nemilosti.<\/p>\n","protected":false},"author":1,"featured_media":10830,"comment_status":"open","ping_status":"closed","sticky":false,"template":"","format":"standard","meta":{"_eb_attr":"","_monsterinsights_skip_tracking":false,"_monsterinsights_sitenote_active":false,"_monsterinsights_sitenote_note":"","_monsterinsights_sitenote_category":0,"footnotes":""},"categories":[39],"tags":[],"yoast_head":"<!-- This site is optimized with the Yoast SEO plugin v23.4 - https:\/\/yoast.com\/wordpress\/plugins\/seo\/ -->\n<title>Ak\u00e1 je bud\u00facnos\u0165 Bolasieho? - Official Czech &amp; Slovak Everton Supporters&#039; Club<\/title>\n<meta name=\"robots\" content=\"index, follow, max-snippet:-1, max-image-preview:large, max-video-preview:-1\" \/>\n<link rel=\"canonical\" href=\"https:\/\/evertonfc.cz\/index.php\/2020\/04\/23\/aka-je-buducnost-bolasieho\/\" \/>\n<meta property=\"og:locale\" content=\"cs_CZ\" \/>\n<meta property=\"og:type\" content=\"article\" \/>\n<meta property=\"og:title\" content=\"Ak\u00e1 je bud\u00facnos\u0165 Bolasieho? - Official Czech &amp; Slovak Everton Supporters&#039; Club\" \/>\n<meta property=\"og:description\" content=\"U\u017e tomu bud\u00fa dva roky, \u010do obliekol naposledy kr\u00eddeln\u00edk Kon\u017eskej demokratickej republiky dres s farbou kr\u00e1\u013eovskej modrej. \u0160iesty najdrah\u0161\u00ed hr\u00e1\u010d klubu sa ocitol v nemilosti.\" \/>\n<meta property=\"og:url\" content=\"https:\/\/evertonfc.cz\/index.php\/2020\/04\/23\/aka-je-buducnost-bolasieho\/\" \/>\n<meta property=\"og:site_name\" content=\"Official Czech &amp; Slovak Everton Supporters&#039; Club\" \/>\n<meta property=\"article:publisher\" content=\"https:\/\/www.facebook.com\/everton.fans.cz.sk\" \/>\n<meta property=\"article:published_time\" content=\"2020-04-23T16:22:51+00:00\" \/>\n<meta property=\"article:modified_time\" content=\"2021-08-02T06:19:50+00:00\" \/>\n<meta property=\"og:image\" content=\"https:\/\/evertonfc.cz\/wp-content\/uploads\/2020\/04\/Bolasie-by-Offside-Sports-Photography-23-4-2020.jpg\" \/>\n\t<meta property=\"og:image:width\" content=\"720\" \/>\n\t<meta property=\"og:image:height\" content=\"405\" \/>\n\t<meta property=\"og:image:type\" content=\"image\/jpeg\" \/>\n<meta name=\"author\" content=\"BlueBlooded\" \/>\n<meta name=\"twitter:card\" content=\"summary_large_image\" \/>\n<meta name=\"twitter:label1\" content=\"Napsal(a)\" \/>\n\t<meta name=\"twitter:data1\" content=\"BlueBlooded\" \/>\n\t<meta name=\"twitter:label2\" content=\"Odhadovan\u00e1 doba \u010dten\u00ed\" \/>\n\t<meta name=\"twitter:data2\" content=\"7 minut\" \/>\n<script type=\"application\/ld+json\" class=\"yoast-schema-graph\">{\"@context\":\"https:\/\/schema.org\",\"@graph\":[{\"@type\":\"Article\",\"@id\":\"https:\/\/evertonfc.cz\/index.php\/2020\/04\/23\/aka-je-buducnost-bolasieho\/#article\",\"isPartOf\":{\"@id\":\"https:\/\/evertonfc.cz\/index.php\/2020\/04\/23\/aka-je-buducnost-bolasieho\/\"},\"author\":{\"name\":\"BlueBlooded\",\"@id\":\"https:\/\/evertonfc.cz\/#\/schema\/person\/d4493b8cbea51532597fbc4685698916\"},\"headline\":\"Ak\u00e1 je bud\u00facnos\u0165 Bolasieho?\",\"datePublished\":\"2020-04-23T16:22:51+00:00\",\"dateModified\":\"2021-08-02T06:19:50+00:00\",\"mainEntityOfPage\":{\"@id\":\"https:\/\/evertonfc.cz\/index.php\/2020\/04\/23\/aka-je-buducnost-bolasieho\/\"},\"wordCount\":1554,\"commentCount\":4,\"publisher\":{\"@id\":\"https:\/\/evertonfc.cz\/#organization\"},\"image\":{\"@id\":\"https:\/\/evertonfc.cz\/index.php\/2020\/04\/23\/aka-je-buducnost-bolasieho\/#primaryimage\"},\"thumbnailUrl\":\"https:\/\/evertonfc.cz\/wp-content\/uploads\/2020\/04\/Bolasie-by-Offside-Sports-Photography-23-4-2020.jpg\",\"articleSection\":[\"Blog\"],\"inLanguage\":\"cs\",\"potentialAction\":[{\"@type\":\"CommentAction\",\"name\":\"Comment\",\"target\":[\"https:\/\/evertonfc.cz\/index.php\/2020\/04\/23\/aka-je-buducnost-bolasieho\/#respond\"]}]},{\"@type\":\"WebPage\",\"@id\":\"https:\/\/evertonfc.cz\/index.php\/2020\/04\/23\/aka-je-buducnost-bolasieho\/\",\"url\":\"https:\/\/evertonfc.cz\/index.php\/2020\/04\/23\/aka-je-buducnost-bolasieho\/\",\"name\":\"Ak\u00e1 je bud\u00facnos\u0165 Bolasieho? - Official Czech &amp; Slovak Everton Supporters&#039; Club\",\"isPartOf\":{\"@id\":\"https:\/\/evertonfc.cz\/#website\"},\"primaryImageOfPage\":{\"@id\":\"https:\/\/evertonfc.cz\/index.php\/2020\/04\/23\/aka-je-buducnost-bolasieho\/#primaryimage\"},\"image\":{\"@id\":\"https:\/\/evertonfc.cz\/index.php\/2020\/04\/23\/aka-je-buducnost-bolasieho\/#primaryimage\"},\"thumbnailUrl\":\"https:\/\/evertonfc.cz\/wp-content\/uploads\/2020\/04\/Bolasie-by-Offside-Sports-Photography-23-4-2020.jpg\",\"datePublished\":\"2020-04-23T16:22:51+00:00\",\"dateModified\":\"2021-08-02T06:19:50+00:00\",\"breadcrumb\":{\"@id\":\"https:\/\/evertonfc.cz\/index.php\/2020\/04\/23\/aka-je-buducnost-bolasieho\/#breadcrumb\"},\"inLanguage\":\"cs\",\"potentialAction\":[{\"@type\":\"ReadAction\",\"target\":[\"https:\/\/evertonfc.cz\/index.php\/2020\/04\/23\/aka-je-buducnost-bolasieho\/\"]}]},{\"@type\":\"ImageObject\",\"inLanguage\":\"cs\",\"@id\":\"https:\/\/evertonfc.cz\/index.php\/2020\/04\/23\/aka-je-buducnost-bolasieho\/#primaryimage\",\"url\":\"https:\/\/evertonfc.cz\/wp-content\/uploads\/2020\/04\/Bolasie-by-Offside-Sports-Photography-23-4-2020.jpg\",\"contentUrl\":\"https:\/\/evertonfc.cz\/wp-content\/uploads\/2020\/04\/Bolasie-by-Offside-Sports-Photography-23-4-2020.jpg\",\"width\":720,\"height\":405},{\"@type\":\"BreadcrumbList\",\"@id\":\"https:\/\/evertonfc.cz\/index.php\/2020\/04\/23\/aka-je-buducnost-bolasieho\/#breadcrumb\",\"itemListElement\":[{\"@type\":\"ListItem\",\"position\":1,\"name\":\"Home\",\"item\":\"https:\/\/evertonfc.cz\/\"},{\"@type\":\"ListItem\",\"position\":2,\"name\":\"Ak\u00e1 je bud\u00facnos\u0165 Bolasieho?\"}]},{\"@type\":\"WebSite\",\"@id\":\"https:\/\/evertonfc.cz\/#website\",\"url\":\"https:\/\/evertonfc.cz\/\",\"name\":\"Official Czech &amp; Slovak Everton Supporters&#039; Club\",\"description\":\"\",\"publisher\":{\"@id\":\"https:\/\/evertonfc.cz\/#organization\"},\"potentialAction\":[{\"@type\":\"SearchAction\",\"target\":{\"@type\":\"EntryPoint\",\"urlTemplate\":\"https:\/\/evertonfc.cz\/?s={search_term_string}\"},\"query-input\":{\"@type\":\"PropertyValueSpecification\",\"valueRequired\":true,\"valueName\":\"search_term_string\"}}],\"inLanguage\":\"cs\"},{\"@type\":\"Organization\",\"@id\":\"https:\/\/evertonfc.cz\/#organization\",\"name\":\"Official Czech & Slovak Everton Supporters' Club\",\"url\":\"https:\/\/evertonfc.cz\/\",\"logo\":{\"@type\":\"ImageObject\",\"inLanguage\":\"cs\",\"@id\":\"https:\/\/evertonfc.cz\/#\/schema\/logo\/image\/\",\"url\":\"https:\/\/evertonfc.cz\/wp-content\/uploads\/2019\/05\/logo.png\",\"contentUrl\":\"https:\/\/evertonfc.cz\/wp-content\/uploads\/2019\/05\/logo.png\",\"width\":112,\"height\":112,\"caption\":\"Official Czech & Slovak Everton Supporters' Club\"},\"image\":{\"@id\":\"https:\/\/evertonfc.cz\/#\/schema\/logo\/image\/\"},\"sameAs\":[\"https:\/\/www.facebook.com\/everton.fans.cz.sk\"]},{\"@type\":\"Person\",\"@id\":\"https:\/\/evertonfc.cz\/#\/schema\/person\/d4493b8cbea51532597fbc4685698916\",\"name\":\"BlueBlooded\",\"url\":\"https:\/\/evertonfc.cz\/index.php\/author\/admin\/\"}]}<\/script>\n<!-- \/ Yoast SEO plugin. -->","yoast_head_json":{"title":"Ak\u00e1 je bud\u00facnos\u0165 Bolasieho? - Official Czech &amp; Slovak Everton Supporters&#039; Club","robots":{"index":"index","follow":"follow","max-snippet":"max-snippet:-1","max-image-preview":"max-image-preview:large","max-video-preview":"max-video-preview:-1"},"canonical":"https:\/\/evertonfc.cz\/index.php\/2020\/04\/23\/aka-je-buducnost-bolasieho\/","og_locale":"cs_CZ","og_type":"article","og_title":"Ak\u00e1 je bud\u00facnos\u0165 Bolasieho? - Official Czech &amp; Slovak Everton Supporters&#039; Club","og_description":"U\u017e tomu bud\u00fa dva roky, \u010do obliekol naposledy kr\u00eddeln\u00edk Kon\u017eskej demokratickej republiky dres s farbou kr\u00e1\u013eovskej modrej. \u0160iesty najdrah\u0161\u00ed hr\u00e1\u010d klubu sa ocitol v nemilosti.","og_url":"https:\/\/evertonfc.cz\/index.php\/2020\/04\/23\/aka-je-buducnost-bolasieho\/","og_site_name":"Official Czech &amp; Slovak Everton Supporters&#039; Club","article_publisher":"https:\/\/www.facebook.com\/everton.fans.cz.sk","article_published_time":"2020-04-23T16:22:51+00:00","article_modified_time":"2021-08-02T06:19:50+00:00","og_image":[{"width":720,"height":405,"url":"https:\/\/evertonfc.cz\/wp-content\/uploads\/2020\/04\/Bolasie-by-Offside-Sports-Photography-23-4-2020.jpg","type":"image\/jpeg"}],"author":"BlueBlooded","twitter_card":"summary_large_image","twitter_misc":{"Napsal(a)":"BlueBlooded","Odhadovan\u00e1 doba \u010dten\u00ed":"7 minut"},"schema":{"@context":"https:\/\/schema.org","@graph":[{"@type":"Article","@id":"https:\/\/evertonfc.cz\/index.php\/2020\/04\/23\/aka-je-buducnost-bolasieho\/#article","isPartOf":{"@id":"https:\/\/evertonfc.cz\/index.php\/2020\/04\/23\/aka-je-buducnost-bolasieho\/"},"author":{"name":"BlueBlooded","@id":"https:\/\/evertonfc.cz\/#\/schema\/person\/d4493b8cbea51532597fbc4685698916"},"headline":"Ak\u00e1 je bud\u00facnos\u0165 Bolasieho?","datePublished":"2020-04-23T16:22:51+00:00","dateModified":"2021-08-02T06:19:50+00:00","mainEntityOfPage":{"@id":"https:\/\/evertonfc.cz\/index.php\/2020\/04\/23\/aka-je-buducnost-bolasieho\/"},"wordCount":1554,"commentCount":4,"publisher":{"@id":"https:\/\/evertonfc.cz\/#organization"},"image":{"@id":"https:\/\/evertonfc.cz\/index.php\/2020\/04\/23\/aka-je-buducnost-bolasieho\/#primaryimage"},"thumbnailUrl":"https:\/\/evertonfc.cz\/wp-content\/uploads\/2020\/04\/Bolasie-by-Offside-Sports-Photography-23-4-2020.jpg","articleSection":["Blog"],"inLanguage":"cs","potentialAction":[{"@type":"CommentAction","name":"Comment","target":["https:\/\/evertonfc.cz\/index.php\/2020\/04\/23\/aka-je-buducnost-bolasieho\/#respond"]}]},{"@type":"WebPage","@id":"https:\/\/evertonfc.cz\/index.php\/2020\/04\/23\/aka-je-buducnost-bolasieho\/","url":"https:\/\/evertonfc.cz\/index.php\/2020\/04\/23\/aka-je-buducnost-bolasieho\/","name":"Ak\u00e1 je bud\u00facnos\u0165 Bolasieho? - Official Czech &amp; Slovak Everton Supporters&#039; Club","isPartOf":{"@id":"https:\/\/evertonfc.cz\/#website"},"primaryImageOfPage":{"@id":"https:\/\/evertonfc.cz\/index.php\/2020\/04\/23\/aka-je-buducnost-bolasieho\/#primaryimage"},"image":{"@id":"https:\/\/evertonfc.cz\/index.php\/2020\/04\/23\/aka-je-buducnost-bolasieho\/#primaryimage"},"thumbnailUrl":"https:\/\/evertonfc.cz\/wp-content\/uploads\/2020\/04\/Bolasie-by-Offside-Sports-Photography-23-4-2020.jpg","datePublished":"2020-04-23T16:22:51+00:00","dateModified":"2021-08-02T06:19:50+00:00","breadcrumb":{"@id":"https:\/\/evertonfc.cz\/index.php\/2020\/04\/23\/aka-je-buducnost-bolasieho\/#breadcrumb"},"inLanguage":"cs","potentialAction":[{"@type":"ReadAction","target":["https:\/\/evertonfc.cz\/index.php\/2020\/04\/23\/aka-je-buducnost-bolasieho\/"]}]},{"@type":"ImageObject","inLanguage":"cs","@id":"https:\/\/evertonfc.cz\/index.php\/2020\/04\/23\/aka-je-buducnost-bolasieho\/#primaryimage","url":"https:\/\/evertonfc.cz\/wp-content\/uploads\/2020\/04\/Bolasie-by-Offside-Sports-Photography-23-4-2020.jpg","contentUrl":"https:\/\/evertonfc.cz\/wp-content\/uploads\/2020\/04\/Bolasie-by-Offside-Sports-Photography-23-4-2020.jpg","width":720,"height":405},{"@type":"BreadcrumbList","@id":"https:\/\/evertonfc.cz\/index.php\/2020\/04\/23\/aka-je-buducnost-bolasieho\/#breadcrumb","itemListElement":[{"@type":"ListItem","position":1,"name":"Home","item":"https:\/\/evertonfc.cz\/"},{"@type":"ListItem","position":2,"name":"Ak\u00e1 je bud\u00facnos\u0165 Bolasieho?"}]},{"@type":"WebSite","@id":"https:\/\/evertonfc.cz\/#website","url":"https:\/\/evertonfc.cz\/","name":"Official Czech &amp; Slovak Everton Supporters&#039; Club","description":"","publisher":{"@id":"https:\/\/evertonfc.cz\/#organization"},"potentialAction":[{"@type":"SearchAction","target":{"@type":"EntryPoint","urlTemplate":"https:\/\/evertonfc.cz\/?s={search_term_string}"},"query-input":{"@type":"PropertyValueSpecification","valueRequired":true,"valueName":"search_term_string"}}],"inLanguage":"cs"},{"@type":"Organization","@id":"https:\/\/evertonfc.cz\/#organization","name":"Official Czech & Slovak Everton Supporters' Club","url":"https:\/\/evertonfc.cz\/","logo":{"@type":"ImageObject","inLanguage":"cs","@id":"https:\/\/evertonfc.cz\/#\/schema\/logo\/image\/","url":"https:\/\/evertonfc.cz\/wp-content\/uploads\/2019\/05\/logo.png","contentUrl":"https:\/\/evertonfc.cz\/wp-content\/uploads\/2019\/05\/logo.png","width":112,"height":112,"caption":"Official Czech & Slovak Everton Supporters' Club"},"image":{"@id":"https:\/\/evertonfc.cz\/#\/schema\/logo\/image\/"},"sameAs":["https:\/\/www.facebook.com\/everton.fans.cz.sk"]},{"@type":"Person","@id":"https:\/\/evertonfc.cz\/#\/schema\/person\/d4493b8cbea51532597fbc4685698916","name":"BlueBlooded","url":"https:\/\/evertonfc.cz\/index.php\/author\/admin\/"}]}},"_links":{"self":[{"href":"https:\/\/evertonfc.cz\/index.php\/wp-json\/wp\/v2\/posts\/10829"}],"collection":[{"href":"https:\/\/evertonfc.cz\/index.php\/wp-json\/wp\/v2\/posts"}],"about":[{"href":"https:\/\/evertonfc.cz\/index.php\/wp-json\/wp\/v2\/types\/post"}],"author":[{"embeddable":true,"href":"https:\/\/evertonfc.cz\/index.php\/wp-json\/wp\/v2\/users\/1"}],"replies":[{"embeddable":true,"href":"https:\/\/evertonfc.cz\/index.php\/wp-json\/wp\/v2\/comments?post=10829"}],"version-history":[{"count":22,"href":"https:\/\/evertonfc.cz\/index.php\/wp-json\/wp\/v2\/posts\/10829\/revisions"}],"predecessor-version":[{"id":15992,"href":"https:\/\/evertonfc.cz\/index.php\/wp-json\/wp\/v2\/posts\/10829\/revisions\/15992"}],"wp:featuredmedia":[{"embeddable":true,"href":"https:\/\/evertonfc.cz\/index.php\/wp-json\/wp\/v2\/media\/10830"}],"wp:attachment":[{"href":"https:\/\/evertonfc.cz\/index.php\/wp-json\/wp\/v2\/media?parent=10829"}],"wp:term":[{"taxonomy":"category","embeddable":true,"href":"https:\/\/evertonfc.cz\/index.php\/wp-json\/wp\/v2\/categories?post=10829"},{"taxonomy":"post_tag","embeddable":true,"href":"https:\/\/evertonfc.cz\/index.php\/wp-json\/wp\/v2\/tags?post=10829"}],"curies":[{"name":"wp","href":"https:\/\/api.w.org\/{rel}","templated":true}]}}