{"id":10884,"date":"2020-04-28T08:52:10","date_gmt":"2020-04-28T06:52:10","guid":{"rendered":"https:\/\/evertonfc.cz\/?p=10884"},"modified":"2020-05-08T17:38:55","modified_gmt":"2020-05-08T15:38:55","slug":"pribeh-lucase-digneho","status":"publish","type":"post","link":"https:\/\/evertonfc.cz\/index.php\/2020\/04\/28\/pribeh-lucase-digneho\/","title":{"rendered":"P\u0159\u00edb\u011bh Lucase Digneho"},"content":{"rendered":"<h4>Aneb jak si Everton v l\u00e9t\u011b 2018 zajistil slu\u017eby aktu\u00e1ln\u011b jednoho z nejlep\u0161\u00ed krajn\u00edch obr\u00e1nc\u016f Premier League.<\/h4>\n<p>26let\u00fd lev\u00fd bek, kter\u00fd ji\u017e d\u0159\u00edve obl\u00e9kal barvy Lille, Paris Saint-Germain \u010di AS \u0158\u00edm, je\u0161t\u011b p\u0159ed dv\u011bma roky plnil na Nou Camp pozici spolehliv\u00e9ho n\u00e1hradn\u00edka za \u0161pan\u011blsk\u00fdm reprezentantem Jordim Albou. Tento status quo trvaj\u00edc\u00ed dv\u011b sez\u00f3ny m\u011bl ale brzy doznat zm\u011bny.<\/p>\n<p>Nen\u00ed \u017e\u00e1dn\u00fdm tajemstv\u00edm, \u017ee Barcelona sledovala Digneho v\u00fdvoj od jeho 16 let a samotn\u00fd hr\u00e1\u010d od sv\u00e9ho kari\u00e9rn\u00edho pr\u016flomu snil o p\u0159estupu do katal\u00e1nsk\u00e9ho velkoklubu, co\u017e se mu nakonec splnilo v l\u00e9t\u011b 2016.<\/p>\n<p>Po dvou letech v Barcelon\u011b se ale Digne ocitl na k\u0159i\u017eovatce \u2013 bu\u010f jako n\u00e1hradn\u00edk z\u016fstat v t\u00fdmu pln\u00e9m sv\u011btov\u00fdch hv\u011bzd, nebo opustit fotbalovou smet\u00e1nku a zam\u00ed\u0159it do hor\u0161\u00edho mu\u017estva s vyhl\u00eddkou pravideln\u00e9ho hern\u00edho vyt\u00ed\u017een\u00ed.<\/p>\n<p>Na nab\u00eddky z cel\u00e9 Evropy si francouzsk\u00fd reprezentant rozhodn\u011b nemohl zt\u011b\u017eovat, byl to ale Everton, kter\u00fd prost\u0159ednictv\u00edm mana\u017eera Marca Silvy a sportovn\u00edho \u0159editele Marcela Brandse projevil nejmarkantn\u011bj\u0161\u00ed z\u00e1jem.<\/p>\n<p>Osoby anga\u017eovan\u00e9 v pozd\u011bj\u0161\u00edm transferu vzpom\u00ednaj\u00ed na &#8222;neuv\u011b\u0159iteln\u00fd dojem&#8220;, kter\u00fd p\u0159edstavitel\u00e9 Evertonu zanechali v Dignem a jeho z\u00e1stupc\u00edch b\u011bhem p\u0159estupov\u00fdch jedn\u00e1n\u00edch. Silva pr\u00fd detailn\u011b nast\u00ednil, jak d\u016fle\u017eitou roli bude Francouz hr\u00e1t v jeho pl\u00e1nech, a pro\u010d op\u011bt pot\u0159ebuje v\u00edkend co v\u00edkend nastupovat v z\u00e1kladn\u00ed sestav\u011b. <em>\u201eLucas bez v\u00e1h\u00e1n\u00ed koupil jejich my\u0161lenku o tom, \u017ee je p\u0159\u00edli\u0161 dobr\u00fdm hr\u00e1\u010dem, aby sed\u011bl na lavi\u010dce n\u00e1hradn\u00edk\u016f,&#8220; <\/em>reflektoval pro server The Athletic nejmenovan\u00fd zdroj, <em>\u201ev Evertonu od za\u010d\u00e1tku c\u00edtil stoprocentn\u00ed d\u016fv\u011bru ze strany mana\u017eera.\u201c<\/em><\/p>\n<p>Brandsovy a Silvovy efektivn\u00ed n\u00e1mluvy spolu s atraktivitou Premier League nakonec postavily Digneho p\u0159ed jasn\u00e9 rozhodnut\u00ed \u2013 nab\u00eddku Evertonu jednodu\u0161e nemohl odm\u00edtnout a po konzultaci se sv\u00fdmi rodi\u010di a man\u017eelkou Tiziri dal p\u0159esunu do Merseyside opravdu zelenou.<\/p>\n<p>Barcelona se sice na za\u010d\u00e1tku jedn\u00e1n\u00ed k cel\u00e9mu p\u0159estupu za 16 milion\u016f liber stav\u011bla odm\u00edtav\u011b, nakonec si ale s Toffees pl\u00e1cla.<\/p>\n<p>Everton od t\u00e9to doby skl\u00edz\u00ed ovoce \u00fasp\u011b\u0161n\u00e9ho obchodu.<\/p>\n<p style=\"text-align: center;\"><img loading=\"lazy\" decoding=\"async\" class=\"aligncenter size-full wp-image-10882\" src=\"https:\/\/evertonfc.cz\/wp-content\/uploads\/2020\/04\/digne2_24_4_2020.jpg\" alt=\"\" width=\"640\" height=\"379\" srcset=\"https:\/\/evertonfc.cz\/wp-content\/uploads\/2020\/04\/digne2_24_4_2020.jpg 640w, https:\/\/evertonfc.cz\/wp-content\/uploads\/2020\/04\/digne2_24_4_2020-300x178.jpg 300w\" sizes=\"(max-width: 640px) 100vw, 640px\" \/><\/p>\n<p>Stejn\u011b rychle jako se aklimatizoval v nov\u00e9 zemi, zcestoval\u00fd Digne \u017eije v Manchesteru se svou man\u017eelkou a ned\u00e1vno narozen\u00fdm potomkem, se rovn\u011b\u017e etabloval v sestav\u011b Marca Silvy a nyn\u00ed Carla Ancelotti coby nepostradateln\u00fd \u010dl\u00e1nek. Dokonce se neoddiskutovateln\u011b za\u0159adil mezi nejlep\u0161\u00ed krajn\u00ed obr\u00e1nce v anglick\u00e9 lize.<\/p>\n<p>Ve sv\u00e9 prvn\u00ed sez\u00f3n\u011b na Goodison Parku 2018\/19 z\u00edskal klubov\u00e9 ocen\u011bn\u00ed za &#8222;Nejlep\u0161\u00edho hr\u00e1\u010de ro\u010dn\u00edku&#8220;, a t\u0159eba\u017ee se v leto\u0161n\u00ed sez\u00f3n\u011b mezi fanou\u0161ky objevuj\u00ed hlasy o jeho \u00fapadku formy, statisticky tomu tak nen\u00ed. Digne si v\u00edcem\u00e9n\u011b dr\u017e\u00ed stejn\u00e1 \u010d\u00edsla, kter\u00fdch dos\u00e1hl v lo\u0148sk\u00e9 Premier League, kdy vst\u0159elil \u010dty\u0159i branky, zaznamenal \u010dty\u0159i asistence a pat\u0159il k nejkreativn\u011bj\u0161\u00edm hr\u00e1\u010d\u016fm v Evertonu.<\/p>\n<p>V n\u011bkter\u00fdch statistick\u00fdch aspektech se nav\u00edc je\u0161t\u011b zlep\u0161il v leto\u0161n\u00ed sez\u00f3n\u011b.<\/p>\n<p>Do 29. kola aktu\u00e1ln\u00edho ro\u010dn\u00edku, po n\u011bm\u017e se sout\u011b\u017e pozastavila kv\u016fli epidemii koronaviru, vede mezi hr\u00e1\u010di Toffees v po\u010dtu asistenc\u00ed (5) a kl\u00ed\u010dov\u00fdch p\u0159ihr\u00e1vek (p\u0159ihr\u00e1vky vedouc\u00ed ke st\u0159ele na br\u00e1nu) &#8211;\u00a0 v t\u00e9to \u010dinnosti je potom tak\u00e9 sedm\u00fd nejlep\u0161\u00ed z cel\u00e9 ligy a druh\u00fd mezi krajn\u00edmi obr\u00e1nci. Centrovan\u00e9 m\u00ed\u010de nad\u00e1le z\u016fst\u00e1vaj\u00ed jeho silnou str\u00e1nkou, pouze dva hr\u00e1\u010di z cel\u00e9 ligy vytvo\u0159ili v\u00edce \u0161anc\u00ed po t\u00e9to fotbalov\u00e9 dovednosti.<\/p>\n<p>Usm\u011bvav\u00fd blon\u010f\u00e1k na druhou stranu od srpna \u010dek\u00e1 na svou prvn\u00ed leto\u0161n\u00ed ligovou trefu (v prob\u00edhaj\u00edc\u00edm ro\u010dn\u00edku <a href=\"https:\/\/www.youtube.com\/watch?v=9jcKscJBQh0\" target=\"_blank\" rel=\"noopener noreferrer\">sk\u00f3roval pouze &#8211; nicm\u00e9n\u011b exkluzivn\u011b &#8211; v Ligov\u00e9m poh\u00e1ru s Lincolnem<\/a>) a v\u016fbec vyprodukoval m\u00e9n\u011b st\u0159el ne\u017e v lo\u0148sk\u00e9 sez\u00f3n\u011b. Tak\u00e9 si p\u0159ipsal o trochu m\u00e9n\u011b p\u0159ihr\u00e1vek s hor\u0161\u00ed \u00fasp\u011b\u0161nost\u00ed.<\/p>\n<p>To m\u016f\u017ee b\u00fdt v\u0161ak vysv\u011btleno dv\u011bma faktory. Zaprv\u00e9, zat\u00edmco Marco Silva se op\u00edral o Digneho ofenzivn\u00ed schopnosti, s Ancelottiho n\u00e1stupem do funkce v prosinci byl Francouz nucen ubrat ze sv\u00fdch \u00fato\u010dn\u00fdch v\u00fdpad\u016f. Italsk\u00fd mana\u017eer si dal za \u00fakol zlep\u0161it defenzivn\u00ed \u010dinnost t\u00fdmu a sv\u00e9 krajn\u00ed obr\u00e1nce p\u0159\u00edli\u0161 nenab\u00e1d\u00e1 k opou\u0161t\u011bn\u00ed obrann\u00e9 formace.<\/p>\n<p>Zadruh\u00e9, jeho obl\u00edben\u00fd partner pro kombinaci na lev\u00e9 stran\u011b, k\u0159\u00eddeln\u00edk Bernard, se s\u00a0v\u011bt\u0161\u00ed konkurenc\u00ed na sv\u00e9m postu ocitl v hern\u00ed rotaci, a Dignemu okam\u017eit\u011b klesl po\u010det dotyk\u016f s m\u00ed\u010dem.<\/p>\n<p>Suma sum\u00e1rum: Digne z\u016fst\u00e1v\u00e1 jeden z nejkreativn\u011bj\u0161\u00edch hr\u00e1\u010d\u016f v lize a nej\u010dast\u011bj\u0161\u00edm z\u00e1sobovatelem p\u0159esn\u00fdch m\u00ed\u010d\u016f pro \u00fato\u010dn\u00edky Evertonu. Od roku 2012 mu bylo napo\u010d\u00edt\u00e1no 27 asistenc\u00ed na klubov\u00e9 sc\u00e9n\u011b, p\u0159i\u010dem\u017e a\u017e 12 asistenc\u00ed spad\u00e1 do jeho p\u016fsoben\u00ed v Evertonu.<\/p>\n<p>V\u00a0t\u00e9to sv\u00e9 kr\u00e1lovsk\u00e9 discipl\u00edn\u011b se b\u011bhem anga\u017em\u00e1 na Goodison Parku st\u00e1le zlep\u0161uje.<\/p>\n<p style=\"text-align: center;\"><img loading=\"lazy\" decoding=\"async\" class=\"aligncenter size-full wp-image-10881\" src=\"https:\/\/evertonfc.cz\/wp-content\/uploads\/2020\/04\/digne3_24_4_2020.jpg\" alt=\"\" width=\"640\" height=\"425\" srcset=\"https:\/\/evertonfc.cz\/wp-content\/uploads\/2020\/04\/digne3_24_4_2020.jpg 640w, https:\/\/evertonfc.cz\/wp-content\/uploads\/2020\/04\/digne3_24_4_2020-300x199.jpg 300w\" sizes=\"(max-width: 640px) 100vw, 640px\" \/><\/p>\n<p>Jean Decotte, b\u00fdval\u00fd korespondent Francouzsk\u00e9 tiskov\u00e9 agentury (AFP) pro \u0161pan\u011blsk\u00fd fotbal, se pro The Athletic ohl\u00e9dl za anga\u017em\u00e1 sv\u00e9ho krajana na Camp Nou: <em>\u201eFanou\u0161ci Barcelony si pochvaluj\u00ed Digneho p\u016fsoben\u00ed v klubu, osobn\u011b bych \u0159ekl, \u017ee pod\u00e1val v\u00fdkony na hranici sv\u00e9ho maxima. Spolupr\u00e1ce mezi jeho konkurentem Albou a Messim byla velice \u00fazk\u00e1, Dignemu vlastn\u011b nikdy nebyla poskytnuta dostate\u010dn\u00e1 porce minut, aby mohl vytvo\u0159it podobn\u011b siln\u00e9 pouto nebo aby se mohl zlep\u0161ovat po osobn\u00ed str\u00e1nce.<\/em><\/p>\n<p><em>Platil za velmi spolehliv\u00e9ho hr\u00e1\u010de, av\u0161ak nikoli v\u00fdrazn\u011bji d\u016fle\u017eit\u00e9ho. V Barcelon\u011b jde ka\u017ed\u00fd \u00fatok p\u0159es Messiho, v Evertonu je to pochopiteln\u011b odli\u0161n\u00e9.\u201c<\/em><\/p>\n<p>I p\u0159es m\u00e9n\u011b signifikantn\u00ed roli v t\u00fdmu se Digne v katal\u00e1nsk\u00e9m celku t\u011b\u0161il obl\u00edbenosti jak mezi fanou\u0161ky, tak i spoluhr\u00e1\u010di. Sympatie si z\u00edskal hlavn\u011b sv\u00fdm profesion\u00e1ln\u00edm p\u0159\u00edstupem.<\/p>\n<p><em>\u201eNen\u00ed typem hr\u00e1\u010de, kter\u00fd vytv\u00e1\u0159\u00ed probl\u00e9my v \u0161atn\u011b<\/em>,\u201c dal se do vysv\u011btlov\u00e1n\u00ed Decotte. <em>\u201eJe vd\u011b\u010dn\u00fd, \u017ee se stal profesion\u00e1ln\u00edm fotbalistou a v\u00a0Barcelon\u011b byl \u0161\u0165astn\u00fd, \u017ee mohl nastupovat po boku Messiho. Jedn\u00e1 se o p\u0159\u00edjemn\u00e9ho a klidn\u00e9ho \u010dlov\u011bka, \u017e\u00e1dn\u00e9ho kr\u00e1le ve\u010d\u00edrk\u016f.\u201c<\/em><\/p>\n<p>Digneho kredit v o\u010d\u00edch \u0161pan\u011blsk\u00e9 ve\u0159ejnosti v\u00fdrazn\u011b stoupl z\u00e1sluhou jeho chov\u00e1n\u00ed b\u011bhem teroristick\u00e9ho \u00fatoku v roce 2017, kdy bylo 13 lid\u00ed zabito a 130 zran\u011bno pot\u00e9, co \u00fato\u010dn\u00edci vjeli dod\u00e1vkou na chodn\u00edk v ru\u0161n\u00e9 barcelonsk\u00e9 \u010dtvrti La Rambla.<\/p>\n<p><em>\u201eB\u011bhem teroristick\u00e9ho \u00fatoku si Digne vyslou\u017eil mnoho pochvaln\u00fdch slov v m\u00e9di\u00edch. Tehdy \u017eil v centru m\u011bsta, na rozd\u00edl t\u0159eba od Messiho nebo Luise Suar\u00e9ze, tak\u017ee byl cel\u00e9 tragick\u00e9 ud\u00e1losti nabl\u00edzku. Bezprost\u0159edn\u011b po ataku se vydal do ulic a za\u010dal pom\u00e1hat lidem \u010di je ut\u011b\u0161ovat. Nikde se t\u00edm ale nechlubil, vlastn\u011b to tajil, co\u017e dle m\u00e9ho hodn\u011b vypov\u00edd\u00e1 o jeho charakteru,\u201c<\/em> popsal Decotte.<\/p>\n<p>Novin\u00e1\u0159 Decotte na z\u00e1v\u011br rozhovoru vyzdvihl Digneho rozhodnut\u00ed vysly\u0161et nab\u00eddku Evertonu, kde se mu podle jeho slov poda\u0159ilo uvolnit vlastn\u00ed potenci\u00e1l: <em>\u201eV\u017edy byl fotbalistou, na n\u011bho\u017e se dalo spolehnout, nicm\u00e9n\u011b nikdy nebyl rozd\u00edlov\u00fdm hr\u00e1\u010dem. V Barcelon\u011b u\u017e mnoho hr\u00e1\u010d\u016f semlel obrovsk\u00fd tlak, jeho v\u0161ak nikoli. Odv\u00e1d\u011bl slu\u0161n\u00e9 v\u00fdkony a p\u016fsobil sebejist\u011b. B\u011bhem jedn\u00e9 obrovsk\u00e9 marodky v t\u00fdmu dokonce zaskakoval na pozici st\u0159edn\u00edho obr\u00e1nce a vedl si velmi dob\u0159e.<\/em><\/p>\n<p><em>Mo\u017en\u00e1 mu nepasovala tiki-taka, p\u0159eci jenom mluv\u00edme o fotbalistovi s p\u0159\u00edmo\u010dar\u00fdm stylem hry. Z tohoto pohledu mu Premier League sed\u00ed l\u00e9pe. Ve \u0160pan\u011blsku se nehraje na koncov\u00e9ho \u00fato\u010dn\u00edka, jeho\u017e spoluhr\u00e1\u010di z\u00e1sobuj\u00ed centry.\u201c<\/em><\/p>\n<p>B\u00fdval\u00fd \u00fato\u010dn\u00edk anglick\u00e9ho Middlesbrough Mikkel Beck, nyn\u00ed Digneho agent, pro The Athletic kr\u00e1tce zavzpom\u00ednal na moment, kdy sv\u00e9ho budouc\u00edho sv\u011b\u0159ence poprv\u00e9 vid\u011bl na\u017eivo v akci, je\u0161t\u011b coby puber\u0165\u00e1ka v Lille.<\/p>\n<p><em>\u201eChod\u00edm na hodn\u011b tr\u00e9nink\u016f a z\u00e1pas\u016f, na jednom z nich mi uhranul Lucas. Byl prost\u011b \u00fa\u017easn\u00fd, lajnu piloval nahoru-dol\u016f. Hned jsem v\u011bd\u011bl, \u017ee s n\u00edm chci spolupracovat a pomoct mu v kari\u00e9rn\u00edm r\u016fstu.\u201c<\/em><\/p>\n<p>Fotbalov\u00e9 cesty prozat\u00edm zavedly Digneho z Francie p\u0159es It\u00e1lii a \u0160pan\u011blsko a\u017e do Anglie a vynesly mu tak\u00e9 30 reprezenta\u010dn\u00edch start\u016f za Francii. Ve 26 letech se \u0159ad\u00ed mezi \u00fasp\u011b\u0161n\u00e9 hr\u00e1\u010de, p\u0159i\u010dem\u017e se p\u0159edpokl\u00e1d\u00e1, \u017ee sv\u00e9ho zenitu teprve je\u0161t\u011b dos\u00e1hne.<\/p>\n<p>V Evertonu si p\u0159ej\u00ed, aby Digneho vrchol nastal v jejich modr\u00e9m dresu. Samotn\u00fd obr\u00e1nce je zat\u00edm v klubu spokojen\u00fd, lze v\u0161ak predikovat, \u017ee \u010dasem zatou\u017e\u00ed po konfrontaci s nejlep\u0161\u00edmi v r\u00e1mci Ligy mistr\u016f. A pokud by milion\u00e1\u0159sk\u00e1 sout\u011b\u017e z\u016fstala pro Toffees zaklet\u00e1 i v n\u00e1sleduj\u00edc\u00edch letech, mohli by \u010dasem p\u0159ij\u00edt o sv\u016fj francouzsk\u00fd klenot.<\/p>\n","protected":false},"excerpt":{"rendered":"<p>Aneb jak si Everton v l\u00e9t\u011b 2018 zajistil slu\u017eby aktu\u00e1ln\u011b jednoho z nejlep\u0161\u00ed krajn\u00edch obr\u00e1nc\u016f Premier League.<\/p>\n","protected":false},"author":6,"featured_media":10883,"comment_status":"open","ping_status":"closed","sticky":false,"template":"","format":"standard","meta":{"_eb_attr":"","_monsterinsights_skip_tracking":false,"_monsterinsights_sitenote_active":false,"_monsterinsights_sitenote_note":"","_monsterinsights_sitenote_category":0,"footnotes":""},"categories":[39],"tags":[],"yoast_head":"<!-- This site is optimized with the Yoast SEO plugin v23.4 - https:\/\/yoast.com\/wordpress\/plugins\/seo\/ -->\n<title>P\u0159\u00edb\u011bh Lucase Digneho - Official Czech &amp; Slovak Everton Supporters&#039; Club<\/title>\n<meta name=\"description\" content=\"Aneb jak si Everton v l\u00e9t\u011b 2018 zajistil slu\u017eby aktu\u00e1ln\u011b jednoho z nejlep\u0161\u00ed krajn\u00edch obr\u00e1nc\u016f Premier League.\" \/>\n<meta name=\"robots\" content=\"index, follow, max-snippet:-1, max-image-preview:large, max-video-preview:-1\" \/>\n<link rel=\"canonical\" href=\"https:\/\/evertonfc.cz\/index.php\/2020\/04\/28\/pribeh-lucase-digneho\/\" \/>\n<meta property=\"og:locale\" content=\"cs_CZ\" \/>\n<meta property=\"og:type\" content=\"article\" \/>\n<meta property=\"og:title\" content=\"P\u0159\u00edb\u011bh Lucase Digneho - Official Czech &amp; Slovak Everton Supporters&#039; Club\" \/>\n<meta property=\"og:description\" content=\"Aneb jak si Everton v l\u00e9t\u011b 2018 zajistil slu\u017eby aktu\u00e1ln\u011b jednoho z nejlep\u0161\u00ed krajn\u00edch obr\u00e1nc\u016f Premier League.\" \/>\n<meta property=\"og:url\" content=\"https:\/\/evertonfc.cz\/index.php\/2020\/04\/28\/pribeh-lucase-digneho\/\" \/>\n<meta property=\"og:site_name\" content=\"Official Czech &amp; Slovak Everton Supporters&#039; Club\" \/>\n<meta property=\"article:publisher\" content=\"https:\/\/www.facebook.com\/everton.fans.cz.sk\" \/>\n<meta property=\"article:published_time\" content=\"2020-04-28T06:52:10+00:00\" \/>\n<meta property=\"article:modified_time\" content=\"2020-05-08T15:38:55+00:00\" \/>\n<meta property=\"og:image\" content=\"https:\/\/evertonfc.cz\/wp-content\/uploads\/2020\/04\/digne_24_4_2020.jpg\" \/>\n\t<meta property=\"og:image:width\" content=\"720\" \/>\n\t<meta property=\"og:image:height\" content=\"405\" \/>\n\t<meta property=\"og:image:type\" content=\"image\/jpeg\" \/>\n<meta name=\"author\" content=\"Ri\u010di\" \/>\n<meta name=\"twitter:card\" content=\"summary_large_image\" \/>\n<meta name=\"twitter:creator\" content=\"@rbrejsa\" \/>\n<meta name=\"twitter:label1\" content=\"Napsal(a)\" \/>\n\t<meta name=\"twitter:data1\" content=\"Ri\u010di\" \/>\n\t<meta name=\"twitter:label2\" content=\"Odhadovan\u00e1 doba \u010dten\u00ed\" \/>\n\t<meta name=\"twitter:data2\" content=\"8 minut\" \/>\n<script type=\"application\/ld+json\" class=\"yoast-schema-graph\">{\"@context\":\"https:\/\/schema.org\",\"@graph\":[{\"@type\":\"Article\",\"@id\":\"https:\/\/evertonfc.cz\/index.php\/2020\/04\/28\/pribeh-lucase-digneho\/#article\",\"isPartOf\":{\"@id\":\"https:\/\/evertonfc.cz\/index.php\/2020\/04\/28\/pribeh-lucase-digneho\/\"},\"author\":{\"name\":\"Ri\u010di\",\"@id\":\"https:\/\/evertonfc.cz\/#\/schema\/person\/f7a5daedb2ffee98480bc70e191aaef1\"},\"headline\":\"P\u0159\u00edb\u011bh Lucase Digneho\",\"datePublished\":\"2020-04-28T06:52:10+00:00\",\"dateModified\":\"2020-05-08T15:38:55+00:00\",\"mainEntityOfPage\":{\"@id\":\"https:\/\/evertonfc.cz\/index.php\/2020\/04\/28\/pribeh-lucase-digneho\/\"},\"wordCount\":1604,\"commentCount\":0,\"publisher\":{\"@id\":\"https:\/\/evertonfc.cz\/#organization\"},\"image\":{\"@id\":\"https:\/\/evertonfc.cz\/index.php\/2020\/04\/28\/pribeh-lucase-digneho\/#primaryimage\"},\"thumbnailUrl\":\"https:\/\/evertonfc.cz\/wp-content\/uploads\/2020\/04\/digne_24_4_2020.jpg\",\"articleSection\":[\"Blog\"],\"inLanguage\":\"cs\",\"potentialAction\":[{\"@type\":\"CommentAction\",\"name\":\"Comment\",\"target\":[\"https:\/\/evertonfc.cz\/index.php\/2020\/04\/28\/pribeh-lucase-digneho\/#respond\"]}]},{\"@type\":\"WebPage\",\"@id\":\"https:\/\/evertonfc.cz\/index.php\/2020\/04\/28\/pribeh-lucase-digneho\/\",\"url\":\"https:\/\/evertonfc.cz\/index.php\/2020\/04\/28\/pribeh-lucase-digneho\/\",\"name\":\"P\u0159\u00edb\u011bh Lucase Digneho - Official Czech &amp; Slovak Everton Supporters&#039; Club\",\"isPartOf\":{\"@id\":\"https:\/\/evertonfc.cz\/#website\"},\"primaryImageOfPage\":{\"@id\":\"https:\/\/evertonfc.cz\/index.php\/2020\/04\/28\/pribeh-lucase-digneho\/#primaryimage\"},\"image\":{\"@id\":\"https:\/\/evertonfc.cz\/index.php\/2020\/04\/28\/pribeh-lucase-digneho\/#primaryimage\"},\"thumbnailUrl\":\"https:\/\/evertonfc.cz\/wp-content\/uploads\/2020\/04\/digne_24_4_2020.jpg\",\"datePublished\":\"2020-04-28T06:52:10+00:00\",\"dateModified\":\"2020-05-08T15:38:55+00:00\",\"description\":\"Aneb jak si Everton v l\u00e9t\u011b 2018 zajistil slu\u017eby aktu\u00e1ln\u011b jednoho z nejlep\u0161\u00ed krajn\u00edch obr\u00e1nc\u016f Premier League.\",\"breadcrumb\":{\"@id\":\"https:\/\/evertonfc.cz\/index.php\/2020\/04\/28\/pribeh-lucase-digneho\/#breadcrumb\"},\"inLanguage\":\"cs\",\"potentialAction\":[{\"@type\":\"ReadAction\",\"target\":[\"https:\/\/evertonfc.cz\/index.php\/2020\/04\/28\/pribeh-lucase-digneho\/\"]}]},{\"@type\":\"ImageObject\",\"inLanguage\":\"cs\",\"@id\":\"https:\/\/evertonfc.cz\/index.php\/2020\/04\/28\/pribeh-lucase-digneho\/#primaryimage\",\"url\":\"https:\/\/evertonfc.cz\/wp-content\/uploads\/2020\/04\/digne_24_4_2020.jpg\",\"contentUrl\":\"https:\/\/evertonfc.cz\/wp-content\/uploads\/2020\/04\/digne_24_4_2020.jpg\",\"width\":720,\"height\":405},{\"@type\":\"BreadcrumbList\",\"@id\":\"https:\/\/evertonfc.cz\/index.php\/2020\/04\/28\/pribeh-lucase-digneho\/#breadcrumb\",\"itemListElement\":[{\"@type\":\"ListItem\",\"position\":1,\"name\":\"Home\",\"item\":\"https:\/\/evertonfc.cz\/\"},{\"@type\":\"ListItem\",\"position\":2,\"name\":\"P\u0159\u00edb\u011bh Lucase Digneho\"}]},{\"@type\":\"WebSite\",\"@id\":\"https:\/\/evertonfc.cz\/#website\",\"url\":\"https:\/\/evertonfc.cz\/\",\"name\":\"Official Czech &amp; Slovak Everton Supporters&#039; Club\",\"description\":\"\",\"publisher\":{\"@id\":\"https:\/\/evertonfc.cz\/#organization\"},\"potentialAction\":[{\"@type\":\"SearchAction\",\"target\":{\"@type\":\"EntryPoint\",\"urlTemplate\":\"https:\/\/evertonfc.cz\/?s={search_term_string}\"},\"query-input\":{\"@type\":\"PropertyValueSpecification\",\"valueRequired\":true,\"valueName\":\"search_term_string\"}}],\"inLanguage\":\"cs\"},{\"@type\":\"Organization\",\"@id\":\"https:\/\/evertonfc.cz\/#organization\",\"name\":\"Official Czech & Slovak Everton Supporters' Club\",\"url\":\"https:\/\/evertonfc.cz\/\",\"logo\":{\"@type\":\"ImageObject\",\"inLanguage\":\"cs\",\"@id\":\"https:\/\/evertonfc.cz\/#\/schema\/logo\/image\/\",\"url\":\"https:\/\/evertonfc.cz\/wp-content\/uploads\/2019\/05\/logo.png\",\"contentUrl\":\"https:\/\/evertonfc.cz\/wp-content\/uploads\/2019\/05\/logo.png\",\"width\":112,\"height\":112,\"caption\":\"Official Czech & Slovak Everton Supporters' Club\"},\"image\":{\"@id\":\"https:\/\/evertonfc.cz\/#\/schema\/logo\/image\/\"},\"sameAs\":[\"https:\/\/www.facebook.com\/everton.fans.cz.sk\"]},{\"@type\":\"Person\",\"@id\":\"https:\/\/evertonfc.cz\/#\/schema\/person\/f7a5daedb2ffee98480bc70e191aaef1\",\"name\":\"Ri\u010di\",\"sameAs\":[\"https:\/\/x.com\/rbrejsa\"],\"url\":\"https:\/\/evertonfc.cz\/index.php\/author\/rici\/\"}]}<\/script>\n<!-- \/ Yoast SEO plugin. -->","yoast_head_json":{"title":"P\u0159\u00edb\u011bh Lucase Digneho - Official Czech &amp; Slovak Everton Supporters&#039; Club","description":"Aneb jak si Everton v l\u00e9t\u011b 2018 zajistil slu\u017eby aktu\u00e1ln\u011b jednoho z nejlep\u0161\u00ed krajn\u00edch obr\u00e1nc\u016f Premier League.","robots":{"index":"index","follow":"follow","max-snippet":"max-snippet:-1","max-image-preview":"max-image-preview:large","max-video-preview":"max-video-preview:-1"},"canonical":"https:\/\/evertonfc.cz\/index.php\/2020\/04\/28\/pribeh-lucase-digneho\/","og_locale":"cs_CZ","og_type":"article","og_title":"P\u0159\u00edb\u011bh Lucase Digneho - Official Czech &amp; Slovak Everton Supporters&#039; Club","og_description":"Aneb jak si Everton v l\u00e9t\u011b 2018 zajistil slu\u017eby aktu\u00e1ln\u011b jednoho z nejlep\u0161\u00ed krajn\u00edch obr\u00e1nc\u016f Premier League.","og_url":"https:\/\/evertonfc.cz\/index.php\/2020\/04\/28\/pribeh-lucase-digneho\/","og_site_name":"Official Czech &amp; Slovak Everton Supporters&#039; Club","article_publisher":"https:\/\/www.facebook.com\/everton.fans.cz.sk","article_published_time":"2020-04-28T06:52:10+00:00","article_modified_time":"2020-05-08T15:38:55+00:00","og_image":[{"width":720,"height":405,"url":"https:\/\/evertonfc.cz\/wp-content\/uploads\/2020\/04\/digne_24_4_2020.jpg","type":"image\/jpeg"}],"author":"Ri\u010di","twitter_card":"summary_large_image","twitter_creator":"@rbrejsa","twitter_misc":{"Napsal(a)":"Ri\u010di","Odhadovan\u00e1 doba \u010dten\u00ed":"8 minut"},"schema":{"@context":"https:\/\/schema.org","@graph":[{"@type":"Article","@id":"https:\/\/evertonfc.cz\/index.php\/2020\/04\/28\/pribeh-lucase-digneho\/#article","isPartOf":{"@id":"https:\/\/evertonfc.cz\/index.php\/2020\/04\/28\/pribeh-lucase-digneho\/"},"author":{"name":"Ri\u010di","@id":"https:\/\/evertonfc.cz\/#\/schema\/person\/f7a5daedb2ffee98480bc70e191aaef1"},"headline":"P\u0159\u00edb\u011bh Lucase Digneho","datePublished":"2020-04-28T06:52:10+00:00","dateModified":"2020-05-08T15:38:55+00:00","mainEntityOfPage":{"@id":"https:\/\/evertonfc.cz\/index.php\/2020\/04\/28\/pribeh-lucase-digneho\/"},"wordCount":1604,"commentCount":0,"publisher":{"@id":"https:\/\/evertonfc.cz\/#organization"},"image":{"@id":"https:\/\/evertonfc.cz\/index.php\/2020\/04\/28\/pribeh-lucase-digneho\/#primaryimage"},"thumbnailUrl":"https:\/\/evertonfc.cz\/wp-content\/uploads\/2020\/04\/digne_24_4_2020.jpg","articleSection":["Blog"],"inLanguage":"cs","potentialAction":[{"@type":"CommentAction","name":"Comment","target":["https:\/\/evertonfc.cz\/index.php\/2020\/04\/28\/pribeh-lucase-digneho\/#respond"]}]},{"@type":"WebPage","@id":"https:\/\/evertonfc.cz\/index.php\/2020\/04\/28\/pribeh-lucase-digneho\/","url":"https:\/\/evertonfc.cz\/index.php\/2020\/04\/28\/pribeh-lucase-digneho\/","name":"P\u0159\u00edb\u011bh Lucase Digneho - Official Czech &amp; Slovak Everton Supporters&#039; Club","isPartOf":{"@id":"https:\/\/evertonfc.cz\/#website"},"primaryImageOfPage":{"@id":"https:\/\/evertonfc.cz\/index.php\/2020\/04\/28\/pribeh-lucase-digneho\/#primaryimage"},"image":{"@id":"https:\/\/evertonfc.cz\/index.php\/2020\/04\/28\/pribeh-lucase-digneho\/#primaryimage"},"thumbnailUrl":"https:\/\/evertonfc.cz\/wp-content\/uploads\/2020\/04\/digne_24_4_2020.jpg","datePublished":"2020-04-28T06:52:10+00:00","dateModified":"2020-05-08T15:38:55+00:00","description":"Aneb jak si Everton v l\u00e9t\u011b 2018 zajistil slu\u017eby aktu\u00e1ln\u011b jednoho z nejlep\u0161\u00ed krajn\u00edch obr\u00e1nc\u016f Premier League.","breadcrumb":{"@id":"https:\/\/evertonfc.cz\/index.php\/2020\/04\/28\/pribeh-lucase-digneho\/#breadcrumb"},"inLanguage":"cs","potentialAction":[{"@type":"ReadAction","target":["https:\/\/evertonfc.cz\/index.php\/2020\/04\/28\/pribeh-lucase-digneho\/"]}]},{"@type":"ImageObject","inLanguage":"cs","@id":"https:\/\/evertonfc.cz\/index.php\/2020\/04\/28\/pribeh-lucase-digneho\/#primaryimage","url":"https:\/\/evertonfc.cz\/wp-content\/uploads\/2020\/04\/digne_24_4_2020.jpg","contentUrl":"https:\/\/evertonfc.cz\/wp-content\/uploads\/2020\/04\/digne_24_4_2020.jpg","width":720,"height":405},{"@type":"BreadcrumbList","@id":"https:\/\/evertonfc.cz\/index.php\/2020\/04\/28\/pribeh-lucase-digneho\/#breadcrumb","itemListElement":[{"@type":"ListItem","position":1,"name":"Home","item":"https:\/\/evertonfc.cz\/"},{"@type":"ListItem","position":2,"name":"P\u0159\u00edb\u011bh Lucase Digneho"}]},{"@type":"WebSite","@id":"https:\/\/evertonfc.cz\/#website","url":"https:\/\/evertonfc.cz\/","name":"Official Czech &amp; Slovak Everton Supporters&#039; Club","description":"","publisher":{"@id":"https:\/\/evertonfc.cz\/#organization"},"potentialAction":[{"@type":"SearchAction","target":{"@type":"EntryPoint","urlTemplate":"https:\/\/evertonfc.cz\/?s={search_term_string}"},"query-input":{"@type":"PropertyValueSpecification","valueRequired":true,"valueName":"search_term_string"}}],"inLanguage":"cs"},{"@type":"Organization","@id":"https:\/\/evertonfc.cz\/#organization","name":"Official Czech & Slovak Everton Supporters' Club","url":"https:\/\/evertonfc.cz\/","logo":{"@type":"ImageObject","inLanguage":"cs","@id":"https:\/\/evertonfc.cz\/#\/schema\/logo\/image\/","url":"https:\/\/evertonfc.cz\/wp-content\/uploads\/2019\/05\/logo.png","contentUrl":"https:\/\/evertonfc.cz\/wp-content\/uploads\/2019\/05\/logo.png","width":112,"height":112,"caption":"Official Czech & Slovak Everton Supporters' Club"},"image":{"@id":"https:\/\/evertonfc.cz\/#\/schema\/logo\/image\/"},"sameAs":["https:\/\/www.facebook.com\/everton.fans.cz.sk"]},{"@type":"Person","@id":"https:\/\/evertonfc.cz\/#\/schema\/person\/f7a5daedb2ffee98480bc70e191aaef1","name":"Ri\u010di","sameAs":["https:\/\/x.com\/rbrejsa"],"url":"https:\/\/evertonfc.cz\/index.php\/author\/rici\/"}]}},"_links":{"self":[{"href":"https:\/\/evertonfc.cz\/index.php\/wp-json\/wp\/v2\/posts\/10884"}],"collection":[{"href":"https:\/\/evertonfc.cz\/index.php\/wp-json\/wp\/v2\/posts"}],"about":[{"href":"https:\/\/evertonfc.cz\/index.php\/wp-json\/wp\/v2\/types\/post"}],"author":[{"embeddable":true,"href":"https:\/\/evertonfc.cz\/index.php\/wp-json\/wp\/v2\/users\/6"}],"replies":[{"embeddable":true,"href":"https:\/\/evertonfc.cz\/index.php\/wp-json\/wp\/v2\/comments?post=10884"}],"version-history":[{"count":21,"href":"https:\/\/evertonfc.cz\/index.php\/wp-json\/wp\/v2\/posts\/10884\/revisions"}],"predecessor-version":[{"id":10933,"href":"https:\/\/evertonfc.cz\/index.php\/wp-json\/wp\/v2\/posts\/10884\/revisions\/10933"}],"wp:featuredmedia":[{"embeddable":true,"href":"https:\/\/evertonfc.cz\/index.php\/wp-json\/wp\/v2\/media\/10883"}],"wp:attachment":[{"href":"https:\/\/evertonfc.cz\/index.php\/wp-json\/wp\/v2\/media?parent=10884"}],"wp:term":[{"taxonomy":"category","embeddable":true,"href":"https:\/\/evertonfc.cz\/index.php\/wp-json\/wp\/v2\/categories?post=10884"},{"taxonomy":"post_tag","embeddable":true,"href":"https:\/\/evertonfc.cz\/index.php\/wp-json\/wp\/v2\/tags?post=10884"}],"curies":[{"name":"wp","href":"https:\/\/api.w.org\/{rel}","templated":true}]}}