{"id":10953,"date":"2020-05-01T14:16:18","date_gmt":"2020-05-01T12:16:18","guid":{"rendered":"https:\/\/evertonfc.cz\/?p=10953"},"modified":"2020-05-01T14:47:10","modified_gmt":"2020-05-01T12:47:10","slug":"kviz-s-dignem","status":"publish","type":"post","link":"https:\/\/evertonfc.cz\/index.php\/2020\/05\/01\/kviz-s-dignem\/","title":{"rendered":"Kv\u00edz s Dignem"},"content":{"rendered":"<h4>V z\u00e1pasov\u00fdch programoch tejto sez\u00f3ny sa hr\u00e1\u010dov p\u00fdtali r\u00f4zne ot\u00e1zky \u2013 od ob\u013e\u00faben\u00fdch filmov a\u017e po jedlo. Ak chcete zisti\u0165 viac o Lucasovi, \u010d\u00edtajte nasleduj\u00face riadky.<\/h4>\n<p><strong><em>Najlep\u0161\u00ed moment doteraz v kari\u00e9re?<\/em><\/strong><\/p>\n<p>S\u00fa dva, ktor\u00e9 vy\u010dnievaj\u00fa. Prv\u00fdm je m\u00f4j debutov\u00fd z\u00e1pas za\u00a0A\u00a0t\u00edm Lille. Hralo sa proti CS Sedan Ardennes v\u00a0Ligovom poh\u00e1ri. Bolo to na za\u010diatku mojej futbalovej kari\u00e9ry a\u00a0bol to \u00fa\u017easn\u00fd okamih. Druh\u00fdm je moja premi\u00e9ra za n\u00e1rodn\u00fd t\u00edm.<\/p>\n<p><em>(Proti CS Sedan odohral Digne s \u010d\u00edslom tri cel\u00fd z\u00e1pas a Lille vyhralo 3:1. V tom z\u00e1pase za OSC nast\u00fapil aj b\u00fdval\u00fd hr\u00e1\u010d The Toffees, Idrissa Gueye.)<\/em><\/p>\n<p><strong><em>Ob\u013e\u00faben\u00e9 mesto?<\/em><\/strong><\/p>\n<p>Barcelona. Je to kr\u00e1sne mesto a\u00a0\u013eudia s\u00fa ve\u013emi mil\u00ed. M\u00e1te tam slnko a\u00a0uvo\u013enen\u00fa atmosf\u00e9ru. Mus\u00edm poveda\u0165, \u017ee Liverpool m\u00e1m tie\u017e dos\u0165 r\u00e1d. \u013dudia s\u00fa tak priate\u013esk\u00ed a\u00a0\u00faprimn\u00ed. Milujem tunaj\u0161iu mentalitu.<\/p>\n<p><strong><em>Naj\u0165a\u017e\u0161\u00ed protivn\u00edk vo futbale?<\/em><\/strong><\/p>\n<p>Messi. Hral som proti nemu v AS R\u00edm vs. Barcelona. Videl v\u0161etko sk\u00f4r ako v\u0161etci ostatn\u00ed. Je z inej plan\u00e9ty.<\/p>\n<p><strong><em>Prv\u00e1 osoba, s\u00a0ktorou prehovoril po pr\u00edchode od Evertonu?<\/em><\/strong><\/p>\n<p>Seamus Coleman. \u00da\u017easn\u00fd chlap\u00edk. Ve\u013ekolepo ma uv\u00edtal a\u00a0dal mi pocit domova.<\/p>\n<p><strong><em>Spieval inicia\u010dn\u00fa piese\u0148?<\/em><\/strong><\/p>\n<p>Nie. Obi\u0161lo ma to, preto\u017ee sme mali pr\u00edli\u0161 ve\u013ea nov\u00fdch hr\u00e1\u010dov!<\/p>\n<p><strong><em>Odkedy je v\u00a0klube, kto mal najlep\u0161iu inicia\u010dn\u00fa piese\u0148?<\/em><\/strong><\/p>\n<p>Alex si viedol dobre. Spieval pesni\u010dku od Maria,<a href=\"https:\/\/www.youtube.com\/watch?v=H64QG4UsrGI\" target=\"_blank\" rel=\"noopener noreferrer\"> <em>Let Me Love you<\/em><\/a>. Odviedol skvel\u00fa pr\u00e1cu!<\/p>\n<p><strong><em>Najlep\u0161\u00ed kamar\u00e1t vo futbale?<\/em><\/strong><\/p>\n<p>Pravdepodobne Kurt Zouma, pozn\u00e1m ho od \u0161estn\u00e1stich rokov. Skvele si rozumieme v\u00a0reprezent\u00e1cii a\u00a0aj ke\u010f bol v\u00a0Evertone. M\u00e1m ho r\u00e1d. Je to dobr\u00fd chlap, skvel\u00fd charakter a\u00a0je ve\u013emi z\u00e1bavn\u00fd.<\/p>\n<p><strong><em>Ob\u013e\u00faben\u00fd predmet v\u00a0\u0161kole okrem telesnej v\u00fdchovy?<\/em><\/strong><\/p>\n<p>W\u00e1u! Hmm&#8230; Nebol som zl\u00fd v\u00a0matematike. Pre\u0161iel som bakal\u00e1rskou sk\u00fa\u0161kou z\u00a0matematiky vo Franc\u00fazsku. Bol som v dobr\u00fd!<\/p>\n<p><strong><em>Ob\u013e\u00faben\u00e9 jedlo?<\/em><\/strong><\/p>\n<p>Vychutn\u00e1vam si stredomorsk\u00e9 a\u00a0talianske jedl\u00e1.<\/p>\n<p><strong><em>Ob\u013e\u00faben\u00fd film?<\/em><\/strong><\/p>\n<p><em>Man On Fire<\/em>, s\u00a0Denzelom Washingtonom. Milujem ten film.<\/p>\n<p><em>(<a href=\"https:\/\/www.csfd.cz\/film\/43440-muz-v-ohni\/prehled\/\" target=\"_blank\" rel=\"noopener noreferrer\">Americk\u00fd triler z roku 2004 nato\u010den\u00fd pod\u013ea rovnomennej novely od A. J. Quinnella. V hlavnej \u00falohe sa predstavil Denzel Washington ako sklesl\u00fd b\u00fdval\u00fd pracovn\u00edk CIA pracuj\u00faci ako bodyguard.<\/a>)<\/em><\/p>\n<p><strong><em>Ob\u013e\u00faben\u00fd telev\u00edzny seri\u00e1l?<\/em><\/strong><\/p>\n<p>Moment\u00e1lne nem\u00e1m \u017eiadny. Zvykol som pozera\u0165 franc\u00fazsku telev\u00edziu, ale teraz to je s\u00a0b\u00e1b\u00e4tkom \u0165a\u017ek\u00e9!<\/p>\n<p><strong><em>Ako sa mu zmenil \u017eivot odkedy sa stal otcom?<\/em><\/strong><\/p>\n<p>Zmenil sa v\u00a0ka\u017edom smere. Syn je pre m\u0148a v\u0161etko.<\/p>\n<p style=\"text-align: right;\"><em>(foto zdroj: evertonfc.com)<\/em><\/p>\n","protected":false},"excerpt":{"rendered":"<p>V z\u00e1pasov\u00fdch programoch tejto sez\u00f3ny sa hr\u00e1\u010dov p\u00fdtali r\u00f4zne ot\u00e1zky \u2013 od ob\u013e\u00faben\u00fdch filmov a\u017e po jedlo. Ak chcete zisti\u0165 viac o Lucasovi, \u010d\u00edtajte nasleduj\u00face riadky.<\/p>\n","protected":false},"author":1,"featured_media":10952,"comment_status":"open","ping_status":"closed","sticky":false,"template":"","format":"standard","meta":{"_eb_attr":"","_monsterinsights_skip_tracking":false,"_monsterinsights_sitenote_active":false,"_monsterinsights_sitenote_note":"","_monsterinsights_sitenote_category":0,"footnotes":""},"categories":[1],"tags":[],"yoast_head":"<!-- This site is optimized with the Yoast SEO plugin v23.4 - https:\/\/yoast.com\/wordpress\/plugins\/seo\/ -->\n<title>Kv\u00edz s Dignem - Official Czech &amp; Slovak Everton Supporters&#039; Club<\/title>\n<meta name=\"robots\" content=\"index, follow, max-snippet:-1, max-image-preview:large, max-video-preview:-1\" \/>\n<link rel=\"canonical\" href=\"https:\/\/evertonfc.cz\/index.php\/2020\/05\/01\/kviz-s-dignem\/\" \/>\n<meta property=\"og:locale\" content=\"cs_CZ\" \/>\n<meta property=\"og:type\" content=\"article\" \/>\n<meta property=\"og:title\" content=\"Kv\u00edz s Dignem - Official Czech &amp; Slovak Everton Supporters&#039; Club\" \/>\n<meta property=\"og:description\" content=\"V z\u00e1pasov\u00fdch programoch tejto sez\u00f3ny sa hr\u00e1\u010dov p\u00fdtali r\u00f4zne ot\u00e1zky \u2013 od ob\u013e\u00faben\u00fdch filmov a\u017e po jedlo. Ak chcete zisti\u0165 viac o Lucasovi, \u010d\u00edtajte nasleduj\u00face riadky.\" \/>\n<meta property=\"og:url\" content=\"https:\/\/evertonfc.cz\/index.php\/2020\/05\/01\/kviz-s-dignem\/\" \/>\n<meta property=\"og:site_name\" content=\"Official Czech &amp; Slovak Everton Supporters&#039; Club\" \/>\n<meta property=\"article:publisher\" content=\"https:\/\/www.facebook.com\/everton.fans.cz.sk\" \/>\n<meta property=\"article:published_time\" content=\"2020-05-01T12:16:18+00:00\" \/>\n<meta property=\"article:modified_time\" content=\"2020-05-01T12:47:10+00:00\" \/>\n<meta property=\"og:image\" content=\"https:\/\/evertonfc.cz\/wp-content\/uploads\/2020\/05\/Digne-training-1-5-2020.jpg\" \/>\n\t<meta property=\"og:image:width\" content=\"720\" \/>\n\t<meta property=\"og:image:height\" content=\"405\" \/>\n\t<meta property=\"og:image:type\" content=\"image\/jpeg\" \/>\n<meta name=\"author\" content=\"BlueBlooded\" \/>\n<meta name=\"twitter:card\" content=\"summary_large_image\" \/>\n<meta name=\"twitter:label1\" content=\"Napsal(a)\" \/>\n\t<meta name=\"twitter:data1\" content=\"BlueBlooded\" \/>\n\t<meta name=\"twitter:label2\" content=\"Odhadovan\u00e1 doba \u010dten\u00ed\" \/>\n\t<meta name=\"twitter:data2\" content=\"2 minuty\" \/>\n<script type=\"application\/ld+json\" class=\"yoast-schema-graph\">{\"@context\":\"https:\/\/schema.org\",\"@graph\":[{\"@type\":\"Article\",\"@id\":\"https:\/\/evertonfc.cz\/index.php\/2020\/05\/01\/kviz-s-dignem\/#article\",\"isPartOf\":{\"@id\":\"https:\/\/evertonfc.cz\/index.php\/2020\/05\/01\/kviz-s-dignem\/\"},\"author\":{\"name\":\"BlueBlooded\",\"@id\":\"https:\/\/evertonfc.cz\/#\/schema\/person\/d4493b8cbea51532597fbc4685698916\"},\"headline\":\"Kv\u00edz s Dignem\",\"datePublished\":\"2020-05-01T12:16:18+00:00\",\"dateModified\":\"2020-05-01T12:47:10+00:00\",\"mainEntityOfPage\":{\"@id\":\"https:\/\/evertonfc.cz\/index.php\/2020\/05\/01\/kviz-s-dignem\/\"},\"wordCount\":464,\"commentCount\":0,\"publisher\":{\"@id\":\"https:\/\/evertonfc.cz\/#organization\"},\"image\":{\"@id\":\"https:\/\/evertonfc.cz\/index.php\/2020\/05\/01\/kviz-s-dignem\/#primaryimage\"},\"thumbnailUrl\":\"https:\/\/evertonfc.cz\/wp-content\/uploads\/2020\/05\/Digne-training-1-5-2020.jpg\",\"articleSection\":[\"Rozhovory\"],\"inLanguage\":\"cs\",\"potentialAction\":[{\"@type\":\"CommentAction\",\"name\":\"Comment\",\"target\":[\"https:\/\/evertonfc.cz\/index.php\/2020\/05\/01\/kviz-s-dignem\/#respond\"]}]},{\"@type\":\"WebPage\",\"@id\":\"https:\/\/evertonfc.cz\/index.php\/2020\/05\/01\/kviz-s-dignem\/\",\"url\":\"https:\/\/evertonfc.cz\/index.php\/2020\/05\/01\/kviz-s-dignem\/\",\"name\":\"Kv\u00edz s Dignem - Official Czech &amp; Slovak Everton Supporters&#039; Club\",\"isPartOf\":{\"@id\":\"https:\/\/evertonfc.cz\/#website\"},\"primaryImageOfPage\":{\"@id\":\"https:\/\/evertonfc.cz\/index.php\/2020\/05\/01\/kviz-s-dignem\/#primaryimage\"},\"image\":{\"@id\":\"https:\/\/evertonfc.cz\/index.php\/2020\/05\/01\/kviz-s-dignem\/#primaryimage\"},\"thumbnailUrl\":\"https:\/\/evertonfc.cz\/wp-content\/uploads\/2020\/05\/Digne-training-1-5-2020.jpg\",\"datePublished\":\"2020-05-01T12:16:18+00:00\",\"dateModified\":\"2020-05-01T12:47:10+00:00\",\"breadcrumb\":{\"@id\":\"https:\/\/evertonfc.cz\/index.php\/2020\/05\/01\/kviz-s-dignem\/#breadcrumb\"},\"inLanguage\":\"cs\",\"potentialAction\":[{\"@type\":\"ReadAction\",\"target\":[\"https:\/\/evertonfc.cz\/index.php\/2020\/05\/01\/kviz-s-dignem\/\"]}]},{\"@type\":\"ImageObject\",\"inLanguage\":\"cs\",\"@id\":\"https:\/\/evertonfc.cz\/index.php\/2020\/05\/01\/kviz-s-dignem\/#primaryimage\",\"url\":\"https:\/\/evertonfc.cz\/wp-content\/uploads\/2020\/05\/Digne-training-1-5-2020.jpg\",\"contentUrl\":\"https:\/\/evertonfc.cz\/wp-content\/uploads\/2020\/05\/Digne-training-1-5-2020.jpg\",\"width\":720,\"height\":405},{\"@type\":\"BreadcrumbList\",\"@id\":\"https:\/\/evertonfc.cz\/index.php\/2020\/05\/01\/kviz-s-dignem\/#breadcrumb\",\"itemListElement\":[{\"@type\":\"ListItem\",\"position\":1,\"name\":\"Home\",\"item\":\"https:\/\/evertonfc.cz\/\"},{\"@type\":\"ListItem\",\"position\":2,\"name\":\"Kv\u00edz s Dignem\"}]},{\"@type\":\"WebSite\",\"@id\":\"https:\/\/evertonfc.cz\/#website\",\"url\":\"https:\/\/evertonfc.cz\/\",\"name\":\"Official Czech &amp; Slovak Everton Supporters&#039; Club\",\"description\":\"\",\"publisher\":{\"@id\":\"https:\/\/evertonfc.cz\/#organization\"},\"potentialAction\":[{\"@type\":\"SearchAction\",\"target\":{\"@type\":\"EntryPoint\",\"urlTemplate\":\"https:\/\/evertonfc.cz\/?s={search_term_string}\"},\"query-input\":{\"@type\":\"PropertyValueSpecification\",\"valueRequired\":true,\"valueName\":\"search_term_string\"}}],\"inLanguage\":\"cs\"},{\"@type\":\"Organization\",\"@id\":\"https:\/\/evertonfc.cz\/#organization\",\"name\":\"Official Czech & Slovak Everton Supporters' Club\",\"url\":\"https:\/\/evertonfc.cz\/\",\"logo\":{\"@type\":\"ImageObject\",\"inLanguage\":\"cs\",\"@id\":\"https:\/\/evertonfc.cz\/#\/schema\/logo\/image\/\",\"url\":\"https:\/\/evertonfc.cz\/wp-content\/uploads\/2019\/05\/logo.png\",\"contentUrl\":\"https:\/\/evertonfc.cz\/wp-content\/uploads\/2019\/05\/logo.png\",\"width\":112,\"height\":112,\"caption\":\"Official Czech & Slovak Everton Supporters' Club\"},\"image\":{\"@id\":\"https:\/\/evertonfc.cz\/#\/schema\/logo\/image\/\"},\"sameAs\":[\"https:\/\/www.facebook.com\/everton.fans.cz.sk\"]},{\"@type\":\"Person\",\"@id\":\"https:\/\/evertonfc.cz\/#\/schema\/person\/d4493b8cbea51532597fbc4685698916\",\"name\":\"BlueBlooded\",\"url\":\"https:\/\/evertonfc.cz\/index.php\/author\/admin\/\"}]}<\/script>\n<!-- \/ Yoast SEO plugin. -->","yoast_head_json":{"title":"Kv\u00edz s Dignem - Official Czech &amp; Slovak Everton Supporters&#039; Club","robots":{"index":"index","follow":"follow","max-snippet":"max-snippet:-1","max-image-preview":"max-image-preview:large","max-video-preview":"max-video-preview:-1"},"canonical":"https:\/\/evertonfc.cz\/index.php\/2020\/05\/01\/kviz-s-dignem\/","og_locale":"cs_CZ","og_type":"article","og_title":"Kv\u00edz s Dignem - Official Czech &amp; Slovak Everton Supporters&#039; Club","og_description":"V z\u00e1pasov\u00fdch programoch tejto sez\u00f3ny sa hr\u00e1\u010dov p\u00fdtali r\u00f4zne ot\u00e1zky \u2013 od ob\u013e\u00faben\u00fdch filmov a\u017e po jedlo. Ak chcete zisti\u0165 viac o Lucasovi, \u010d\u00edtajte nasleduj\u00face riadky.","og_url":"https:\/\/evertonfc.cz\/index.php\/2020\/05\/01\/kviz-s-dignem\/","og_site_name":"Official Czech &amp; Slovak Everton Supporters&#039; Club","article_publisher":"https:\/\/www.facebook.com\/everton.fans.cz.sk","article_published_time":"2020-05-01T12:16:18+00:00","article_modified_time":"2020-05-01T12:47:10+00:00","og_image":[{"width":720,"height":405,"url":"https:\/\/evertonfc.cz\/wp-content\/uploads\/2020\/05\/Digne-training-1-5-2020.jpg","type":"image\/jpeg"}],"author":"BlueBlooded","twitter_card":"summary_large_image","twitter_misc":{"Napsal(a)":"BlueBlooded","Odhadovan\u00e1 doba \u010dten\u00ed":"2 minuty"},"schema":{"@context":"https:\/\/schema.org","@graph":[{"@type":"Article","@id":"https:\/\/evertonfc.cz\/index.php\/2020\/05\/01\/kviz-s-dignem\/#article","isPartOf":{"@id":"https:\/\/evertonfc.cz\/index.php\/2020\/05\/01\/kviz-s-dignem\/"},"author":{"name":"BlueBlooded","@id":"https:\/\/evertonfc.cz\/#\/schema\/person\/d4493b8cbea51532597fbc4685698916"},"headline":"Kv\u00edz s Dignem","datePublished":"2020-05-01T12:16:18+00:00","dateModified":"2020-05-01T12:47:10+00:00","mainEntityOfPage":{"@id":"https:\/\/evertonfc.cz\/index.php\/2020\/05\/01\/kviz-s-dignem\/"},"wordCount":464,"commentCount":0,"publisher":{"@id":"https:\/\/evertonfc.cz\/#organization"},"image":{"@id":"https:\/\/evertonfc.cz\/index.php\/2020\/05\/01\/kviz-s-dignem\/#primaryimage"},"thumbnailUrl":"https:\/\/evertonfc.cz\/wp-content\/uploads\/2020\/05\/Digne-training-1-5-2020.jpg","articleSection":["Rozhovory"],"inLanguage":"cs","potentialAction":[{"@type":"CommentAction","name":"Comment","target":["https:\/\/evertonfc.cz\/index.php\/2020\/05\/01\/kviz-s-dignem\/#respond"]}]},{"@type":"WebPage","@id":"https:\/\/evertonfc.cz\/index.php\/2020\/05\/01\/kviz-s-dignem\/","url":"https:\/\/evertonfc.cz\/index.php\/2020\/05\/01\/kviz-s-dignem\/","name":"Kv\u00edz s Dignem - Official Czech &amp; Slovak Everton Supporters&#039; Club","isPartOf":{"@id":"https:\/\/evertonfc.cz\/#website"},"primaryImageOfPage":{"@id":"https:\/\/evertonfc.cz\/index.php\/2020\/05\/01\/kviz-s-dignem\/#primaryimage"},"image":{"@id":"https:\/\/evertonfc.cz\/index.php\/2020\/05\/01\/kviz-s-dignem\/#primaryimage"},"thumbnailUrl":"https:\/\/evertonfc.cz\/wp-content\/uploads\/2020\/05\/Digne-training-1-5-2020.jpg","datePublished":"2020-05-01T12:16:18+00:00","dateModified":"2020-05-01T12:47:10+00:00","breadcrumb":{"@id":"https:\/\/evertonfc.cz\/index.php\/2020\/05\/01\/kviz-s-dignem\/#breadcrumb"},"inLanguage":"cs","potentialAction":[{"@type":"ReadAction","target":["https:\/\/evertonfc.cz\/index.php\/2020\/05\/01\/kviz-s-dignem\/"]}]},{"@type":"ImageObject","inLanguage":"cs","@id":"https:\/\/evertonfc.cz\/index.php\/2020\/05\/01\/kviz-s-dignem\/#primaryimage","url":"https:\/\/evertonfc.cz\/wp-content\/uploads\/2020\/05\/Digne-training-1-5-2020.jpg","contentUrl":"https:\/\/evertonfc.cz\/wp-content\/uploads\/2020\/05\/Digne-training-1-5-2020.jpg","width":720,"height":405},{"@type":"BreadcrumbList","@id":"https:\/\/evertonfc.cz\/index.php\/2020\/05\/01\/kviz-s-dignem\/#breadcrumb","itemListElement":[{"@type":"ListItem","position":1,"name":"Home","item":"https:\/\/evertonfc.cz\/"},{"@type":"ListItem","position":2,"name":"Kv\u00edz s Dignem"}]},{"@type":"WebSite","@id":"https:\/\/evertonfc.cz\/#website","url":"https:\/\/evertonfc.cz\/","name":"Official Czech &amp; Slovak Everton Supporters&#039; Club","description":"","publisher":{"@id":"https:\/\/evertonfc.cz\/#organization"},"potentialAction":[{"@type":"SearchAction","target":{"@type":"EntryPoint","urlTemplate":"https:\/\/evertonfc.cz\/?s={search_term_string}"},"query-input":{"@type":"PropertyValueSpecification","valueRequired":true,"valueName":"search_term_string"}}],"inLanguage":"cs"},{"@type":"Organization","@id":"https:\/\/evertonfc.cz\/#organization","name":"Official Czech & Slovak Everton Supporters' Club","url":"https:\/\/evertonfc.cz\/","logo":{"@type":"ImageObject","inLanguage":"cs","@id":"https:\/\/evertonfc.cz\/#\/schema\/logo\/image\/","url":"https:\/\/evertonfc.cz\/wp-content\/uploads\/2019\/05\/logo.png","contentUrl":"https:\/\/evertonfc.cz\/wp-content\/uploads\/2019\/05\/logo.png","width":112,"height":112,"caption":"Official Czech & Slovak Everton Supporters' Club"},"image":{"@id":"https:\/\/evertonfc.cz\/#\/schema\/logo\/image\/"},"sameAs":["https:\/\/www.facebook.com\/everton.fans.cz.sk"]},{"@type":"Person","@id":"https:\/\/evertonfc.cz\/#\/schema\/person\/d4493b8cbea51532597fbc4685698916","name":"BlueBlooded","url":"https:\/\/evertonfc.cz\/index.php\/author\/admin\/"}]}},"_links":{"self":[{"href":"https:\/\/evertonfc.cz\/index.php\/wp-json\/wp\/v2\/posts\/10953"}],"collection":[{"href":"https:\/\/evertonfc.cz\/index.php\/wp-json\/wp\/v2\/posts"}],"about":[{"href":"https:\/\/evertonfc.cz\/index.php\/wp-json\/wp\/v2\/types\/post"}],"author":[{"embeddable":true,"href":"https:\/\/evertonfc.cz\/index.php\/wp-json\/wp\/v2\/users\/1"}],"replies":[{"embeddable":true,"href":"https:\/\/evertonfc.cz\/index.php\/wp-json\/wp\/v2\/comments?post=10953"}],"version-history":[{"count":5,"href":"https:\/\/evertonfc.cz\/index.php\/wp-json\/wp\/v2\/posts\/10953\/revisions"}],"predecessor-version":[{"id":10958,"href":"https:\/\/evertonfc.cz\/index.php\/wp-json\/wp\/v2\/posts\/10953\/revisions\/10958"}],"wp:featuredmedia":[{"embeddable":true,"href":"https:\/\/evertonfc.cz\/index.php\/wp-json\/wp\/v2\/media\/10952"}],"wp:attachment":[{"href":"https:\/\/evertonfc.cz\/index.php\/wp-json\/wp\/v2\/media?parent=10953"}],"wp:term":[{"taxonomy":"category","embeddable":true,"href":"https:\/\/evertonfc.cz\/index.php\/wp-json\/wp\/v2\/categories?post=10953"},{"taxonomy":"post_tag","embeddable":true,"href":"https:\/\/evertonfc.cz\/index.php\/wp-json\/wp\/v2\/tags?post=10953"}],"curies":[{"name":"wp","href":"https:\/\/api.w.org\/{rel}","templated":true}]}}