{"id":10962,"date":"2020-05-06T11:09:01","date_gmt":"2020-05-06T09:09:01","guid":{"rendered":"https:\/\/evertonfc.cz\/?p=10962"},"modified":"2020-05-06T16:49:49","modified_gmt":"2020-05-06T14:49:49","slug":"kviz-s-colemanom","status":"publish","type":"post","link":"https:\/\/evertonfc.cz\/index.php\/2020\/05\/06\/kviz-s-colemanom\/","title":{"rendered":"Kv\u00edz s Colemanom"},"content":{"rendered":"<h4>V z\u00e1pasov\u00fdch programoch tejto sez\u00f3ny sa hr\u00e1\u010dov p\u00fdtali r\u00f4zne ot\u00e1zky \u2013 od ob\u013e\u00faben\u00fdch filmov a\u017e po jedlo. Ak chcete zisti\u0165 viac o S\u00e9amusovi, \u010d\u00edtajte nasleduj\u00face riadky.<\/h4>\n<p><strong><em>Ak\u00e9 boli jeho prv\u00e9 kopa\u010dky?<\/em><\/strong><\/p>\n<p>Pam\u00e4t\u00e1m sa, \u017ee mi ich dal str\u00fdko a\u00a0boli asi tak o\u00a0tri alebo \u0161tyri \u010d\u00edsla v\u00e4\u010d\u0161ie. Vlastne sme museli do nich da\u0165 papier aby som mohol hra\u0165!<\/p>\n<p><strong><em>Odpor\u00fa\u010dania na Netflix?<\/em><\/strong><\/p>\n<p>Predned\u00e1vnom som pozeral seri\u00e1l s\u00a0n\u00e1zvom <a href=\"https:\/\/www.csfd.cz\/film\/701848-kdyz-nas-vidi\/prehled\/\" target=\"_blank\" rel=\"noopener noreferrer\"><em>When They See Us<\/em><\/a>. Je pod\u013ea skuto\u010dnej udalosti o\u00a0mlad\u00fdch chlapcoch z\u00a0Ameriky, ktor\u00ed boli nepr\u00e1vom ods\u00faden\u00ed zo stra\u0161n\u00e9ho zlo\u010dinu. Bolo to naozaj \u0161okuj\u00face. Je to ve\u013emi, ve\u013emi zarmucuj\u00faci seri\u00e1l. V\u00f4bec pomyslie\u0165 si, \u017ee by sa to mohlo sta\u0165, je \u0161ialen\u00e9. V\u00fdborne nato\u010den\u00e9, ale trochu n\u00e1ro\u010dn\u00e9 na pozeranie.<\/p>\n<p><strong><em>Futbalov\u00fd idol?<\/em><\/strong><\/p>\n<p>Bol by n\u00edm Roy Keane. Poch\u00e1dzam z\u00a0\u00cdrska a\u00a0on bol svojho \u010dasu najlep\u0161\u00ed \u00edrsky hr\u00e1\u010d. Mysl\u00edm, \u017ee ka\u017ed\u00fd od n\u00e1s bol jeho ve\u013ek\u00fdm fan\u00fa\u0161ikom.<\/p>\n<p><strong><em>Inicia\u010dn\u00e1 piese\u0148?<\/em><\/strong><\/p>\n<p>Bola to<a href=\"https:\/\/www.youtube.com\/watch?v=1nCqRmx3Dnw\" target=\"_blank\" rel=\"noopener noreferrer\"><em> Fresh Prince of Bel Air <\/em><\/a>\u2013 rapov\u00e1 \u010das\u0165 na za\u010diatku. Bol som tich\u00fd chlapec, ve\u013emi nerv\u00f3zny. I\u0161lo to dobre, ale aj tak som sa nemohol do\u010dka\u0165 kedy bude koniec!<\/p>\n<p><em>(Soundtrack <a href=\"https:\/\/www.csfd.cz\/film\/72207-fresh-prince\/prehled\/\" target=\"_blank\" rel=\"noopener noreferrer\">z rovnomenn\u00e9ho americk\u00e9ho telev\u00edzneho sitcomu<\/a> nominovan\u00e9ho na Emmy, p\u00f4vodne vysielan\u00fd na NBC od 10. septembra 1990 do 20. m\u00e1ja 1996. Hlavn\u00fa postavu stv\u00e1rnil Will Smith ako ulicou vychovan\u00fd teenager zo z\u00e1padnej Filadelfie, ktor\u00fd bol poslan\u00fd, aby \u017eil s jeho bohat\u00fdmi pr\u00edbuzn\u00fdmi v Bel-Airskomm s\u00eddle.)<\/em><\/p>\n<p><strong><em>Ob\u013e\u00faben\u00e9 jedlo?<\/em><\/strong><\/p>\n<p>Ke\u010f m\u00e1m nerestn\u00fd de\u0148, ob\u013eubujem \u010d\u00ednske alebo indick\u00e9 jedlo. Ak by som si mal vybra\u0165 jedno, pravdepodobne by to bola \u010d\u00edna.<\/p>\n<p><strong><em>O\u00a0\u010dom by si \u017eelal vedie\u0165 viac?<\/em><\/strong><\/p>\n<p>Asi hist\u00f3ria. Pod\u013ea m\u0148a by bolo zauj\u00edmav\u00e9 vedie\u0165 viac o\u00a0tom, \u010do sa stalo v\u00a0minulosti. Ale moment\u00e1lne som \u00faplne zbl\u00e1znen\u00fd do futbalu a\u00a0do rodiny. To mi zaber\u00e1 najviac \u010dasu.<\/p>\n<p><strong><em>Ob\u013e\u00faben\u00e9 mesto?<\/em><\/strong><\/p>\n<p>Ve\u013emi r\u00e1d m\u00e1m Dublin. Som z\u00a0Donegalu, ale r\u00e1d sa zdr\u017eujem v\u00a0okol\u00ed Dublinu, ke\u010f hr\u00e1m za reprezent\u00e1ciu. Tamoj\u0161ie Vianoce s\u00fa \u010darokr\u00e1sne. Tak\u017ee \u00e1no, vyberiem Dublin \u2013 nech je to \u00edrske.<\/p>\n<p><strong><em>Najz\u00e1bavnej\u0161ia osoba, ak\u00fa stretol vo futbale?<\/em><\/strong><\/p>\n<p>Asi by som vybral jedn\u00e9ho z\u00a0fyzioterapeutov, Craiga Yiulla. V\u00a0jeden moment tancuje a\u00a0na druh\u00fd v\u00e1m hovor\u00ed vtipy. Je d\u00f4le\u017eit\u00e9 ma\u0165 tak\u00fdchto \u013eud\u00ed okolo seba. Ve\u013ek\u00e9 charaktery vn\u00fatri aj mimo \u0161atne.<\/p>\n<p><strong><em>Ob\u013e\u00faben\u00fd \u0161portovec mimo futbalu?<\/em><\/strong><\/p>\n<p>Ja osobne, preto\u017ee m\u00e1m to spojenie doma s\u00a0\u00edrskym ragby, obdivujem jedn\u00e9ho chlap\u00edka, ktor\u00fd hr\u00e1 za n\u00e1\u0161 kraj \u2013 <a href=\"https:\/\/www.youtube.com\/watch?v=SA80z4iU5go\" target=\"_blank\" rel=\"noopener noreferrer\">Michael Muprhy<\/a>. U\u00a0n\u00e1s doma je to celkom ve\u013ek\u00e9 meno a\u00a0Donegal \u0165ahal posledn\u00fdch desa\u0165 rokov. Je skvel\u00fd profesion\u00e1l a\u00a0skuto\u010dn\u00fd v\u00ed\u0165az. Mal som pr\u00edle\u017eitos\u0165 sa s\u00a0n\u00edm stretn\u00fa\u0165 nespo\u010detne ve\u013eakr\u00e1t a\u00a0je to sympatick\u00fd \u010dlovek, \u010do je pre m\u0148a ve\u013emi d\u00f4le\u017eit\u00e9.<\/p>\n<p><em>(\u00cdrske ragby, alebo po anglicky Gaelic Football, je\u00a0ragbyov\u00e1 hra\u00a0\u00edrskeho p\u00f4vodu, ktor\u00e1 obsahuje prvky\u00a0futbalu,\u00a0ragby\u00a0aj\u00a0basketbalu. Hr\u00e1 sa s okr\u00fahlou\u00a0loptou\u00a0na ihrisku\u00a0v tvare obd\u013a\u017enika s rozmermi 146 x 91 m, na ktorom s\u00fa dve\u00a0br\u00e1ny\u00a0tvaru H s rozmermi 6,4 x 2,4 m a pred\u013a\u017een\u00fdmi bo\u010dn\u00fdmi \u017er\u010fami. Dru\u017estvo tvor\u00ed 15 hr\u00e1\u010dov. Z\u00e1pas pozost\u00e1va z dvoch 30-min\u00fatov\u00fdch pol\u010dasov. Hr\u00e1\u010d m\u00f4\u017ee loptu kopa\u0165 po zemi aj z nadhodenia, m\u00f4\u017ee ju vies\u0165 ako v basketbale, ale nesmie ju prihr\u00e1va\u0165 rukami. Body sa z\u00edskavaj\u00fa kopmi \u2013 za\u00a0g\u00f3l\u00a0do spodnej br\u00e1ny sa po\u010d\u00edtaj\u00fa tri body, za trafenie priestoru nad brvnom jeden bod.)<\/em><\/p>\n<p><strong><em>Ak\u00e1 je jeho motiv\u00e1cia?<\/em><\/strong><\/p>\n<p>Toto je \u0165a\u017ek\u00e1 ot\u00e1zka. V\u017edy chcem vyda\u0165 zo seba len to najlep\u0161ie. Nechcem nikoho sklama\u0165. Bol som neust\u00e1le vychov\u00e1van\u00fd na dobrej mor\u00e1lke. Tak\u017ee je to pok\u00fa\u0161an\u00ed sa by\u0165 t\u00fdm najlep\u0161\u00edm mo\u017en\u00fdm \u010dlovekom. Treba tvrdo pracova\u0165 a\u00a0nepova\u017eova\u0165 ni\u010d za samozrejmos\u0165.<\/p>\n<p style=\"text-align: right;\"><em>(foto zdroj: Jan Kruger)<\/em><\/p>\n","protected":false},"excerpt":{"rendered":"<p>V z\u00e1pasov\u00fdch programoch tejto sez\u00f3ny sa hr\u00e1\u010dov p\u00fdtali r\u00f4zne ot\u00e1zky \u2013 od ob\u013e\u00faben\u00fdch filmov a\u017e po jedlo. Ak chcete zisti\u0165 viac o S\u00e9amusovi, \u010d\u00edtajte nasleduj\u00face riadky.<\/p>\n","protected":false},"author":1,"featured_media":10961,"comment_status":"open","ping_status":"closed","sticky":false,"template":"","format":"standard","meta":{"_eb_attr":"","_monsterinsights_skip_tracking":false,"_monsterinsights_sitenote_active":false,"_monsterinsights_sitenote_note":"","_monsterinsights_sitenote_category":0,"footnotes":""},"categories":[1],"tags":[],"yoast_head":"<!-- This site is optimized with the Yoast SEO plugin v23.4 - https:\/\/yoast.com\/wordpress\/plugins\/seo\/ -->\n<title>Kv\u00edz s Colemanom - Official Czech &amp; Slovak Everton Supporters&#039; Club<\/title>\n<meta name=\"robots\" content=\"index, follow, max-snippet:-1, max-image-preview:large, max-video-preview:-1\" \/>\n<link rel=\"canonical\" href=\"https:\/\/evertonfc.cz\/index.php\/2020\/05\/06\/kviz-s-colemanom\/\" \/>\n<meta property=\"og:locale\" content=\"cs_CZ\" \/>\n<meta property=\"og:type\" content=\"article\" \/>\n<meta property=\"og:title\" content=\"Kv\u00edz s Colemanom - Official Czech &amp; Slovak Everton Supporters&#039; Club\" \/>\n<meta property=\"og:description\" content=\"V z\u00e1pasov\u00fdch programoch tejto sez\u00f3ny sa hr\u00e1\u010dov p\u00fdtali r\u00f4zne ot\u00e1zky \u2013 od ob\u013e\u00faben\u00fdch filmov a\u017e po jedlo. Ak chcete zisti\u0165 viac o S\u00e9amusovi, \u010d\u00edtajte nasleduj\u00face riadky.\" \/>\n<meta property=\"og:url\" content=\"https:\/\/evertonfc.cz\/index.php\/2020\/05\/06\/kviz-s-colemanom\/\" \/>\n<meta property=\"og:site_name\" content=\"Official Czech &amp; Slovak Everton Supporters&#039; Club\" \/>\n<meta property=\"article:publisher\" content=\"https:\/\/www.facebook.com\/everton.fans.cz.sk\" \/>\n<meta property=\"article:published_time\" content=\"2020-05-06T09:09:01+00:00\" \/>\n<meta property=\"article:modified_time\" content=\"2020-05-06T14:49:49+00:00\" \/>\n<meta property=\"og:image\" content=\"https:\/\/evertonfc.cz\/wp-content\/uploads\/2020\/05\/Coleman-by-Jan-Kruger-6-5-2020.jpg\" \/>\n\t<meta property=\"og:image:width\" content=\"720\" \/>\n\t<meta property=\"og:image:height\" content=\"405\" \/>\n\t<meta property=\"og:image:type\" content=\"image\/jpeg\" \/>\n<meta name=\"author\" content=\"BlueBlooded\" \/>\n<meta name=\"twitter:card\" content=\"summary_large_image\" \/>\n<meta name=\"twitter:label1\" content=\"Napsal(a)\" \/>\n\t<meta name=\"twitter:data1\" content=\"BlueBlooded\" \/>\n\t<meta name=\"twitter:label2\" content=\"Odhadovan\u00e1 doba \u010dten\u00ed\" \/>\n\t<meta name=\"twitter:data2\" content=\"4 minuty\" \/>\n<script type=\"application\/ld+json\" class=\"yoast-schema-graph\">{\"@context\":\"https:\/\/schema.org\",\"@graph\":[{\"@type\":\"Article\",\"@id\":\"https:\/\/evertonfc.cz\/index.php\/2020\/05\/06\/kviz-s-colemanom\/#article\",\"isPartOf\":{\"@id\":\"https:\/\/evertonfc.cz\/index.php\/2020\/05\/06\/kviz-s-colemanom\/\"},\"author\":{\"name\":\"BlueBlooded\",\"@id\":\"https:\/\/evertonfc.cz\/#\/schema\/person\/d4493b8cbea51532597fbc4685698916\"},\"headline\":\"Kv\u00edz s Colemanom\",\"datePublished\":\"2020-05-06T09:09:01+00:00\",\"dateModified\":\"2020-05-06T14:49:49+00:00\",\"mainEntityOfPage\":{\"@id\":\"https:\/\/evertonfc.cz\/index.php\/2020\/05\/06\/kviz-s-colemanom\/\"},\"wordCount\":711,\"commentCount\":0,\"publisher\":{\"@id\":\"https:\/\/evertonfc.cz\/#organization\"},\"image\":{\"@id\":\"https:\/\/evertonfc.cz\/index.php\/2020\/05\/06\/kviz-s-colemanom\/#primaryimage\"},\"thumbnailUrl\":\"https:\/\/evertonfc.cz\/wp-content\/uploads\/2020\/05\/Coleman-by-Jan-Kruger-6-5-2020.jpg\",\"articleSection\":[\"Rozhovory\"],\"inLanguage\":\"cs\",\"potentialAction\":[{\"@type\":\"CommentAction\",\"name\":\"Comment\",\"target\":[\"https:\/\/evertonfc.cz\/index.php\/2020\/05\/06\/kviz-s-colemanom\/#respond\"]}]},{\"@type\":\"WebPage\",\"@id\":\"https:\/\/evertonfc.cz\/index.php\/2020\/05\/06\/kviz-s-colemanom\/\",\"url\":\"https:\/\/evertonfc.cz\/index.php\/2020\/05\/06\/kviz-s-colemanom\/\",\"name\":\"Kv\u00edz s Colemanom - Official Czech &amp; Slovak Everton Supporters&#039; Club\",\"isPartOf\":{\"@id\":\"https:\/\/evertonfc.cz\/#website\"},\"primaryImageOfPage\":{\"@id\":\"https:\/\/evertonfc.cz\/index.php\/2020\/05\/06\/kviz-s-colemanom\/#primaryimage\"},\"image\":{\"@id\":\"https:\/\/evertonfc.cz\/index.php\/2020\/05\/06\/kviz-s-colemanom\/#primaryimage\"},\"thumbnailUrl\":\"https:\/\/evertonfc.cz\/wp-content\/uploads\/2020\/05\/Coleman-by-Jan-Kruger-6-5-2020.jpg\",\"datePublished\":\"2020-05-06T09:09:01+00:00\",\"dateModified\":\"2020-05-06T14:49:49+00:00\",\"breadcrumb\":{\"@id\":\"https:\/\/evertonfc.cz\/index.php\/2020\/05\/06\/kviz-s-colemanom\/#breadcrumb\"},\"inLanguage\":\"cs\",\"potentialAction\":[{\"@type\":\"ReadAction\",\"target\":[\"https:\/\/evertonfc.cz\/index.php\/2020\/05\/06\/kviz-s-colemanom\/\"]}]},{\"@type\":\"ImageObject\",\"inLanguage\":\"cs\",\"@id\":\"https:\/\/evertonfc.cz\/index.php\/2020\/05\/06\/kviz-s-colemanom\/#primaryimage\",\"url\":\"https:\/\/evertonfc.cz\/wp-content\/uploads\/2020\/05\/Coleman-by-Jan-Kruger-6-5-2020.jpg\",\"contentUrl\":\"https:\/\/evertonfc.cz\/wp-content\/uploads\/2020\/05\/Coleman-by-Jan-Kruger-6-5-2020.jpg\",\"width\":720,\"height\":405},{\"@type\":\"BreadcrumbList\",\"@id\":\"https:\/\/evertonfc.cz\/index.php\/2020\/05\/06\/kviz-s-colemanom\/#breadcrumb\",\"itemListElement\":[{\"@type\":\"ListItem\",\"position\":1,\"name\":\"Home\",\"item\":\"https:\/\/evertonfc.cz\/\"},{\"@type\":\"ListItem\",\"position\":2,\"name\":\"Kv\u00edz s Colemanom\"}]},{\"@type\":\"WebSite\",\"@id\":\"https:\/\/evertonfc.cz\/#website\",\"url\":\"https:\/\/evertonfc.cz\/\",\"name\":\"Official Czech &amp; Slovak Everton Supporters&#039; Club\",\"description\":\"\",\"publisher\":{\"@id\":\"https:\/\/evertonfc.cz\/#organization\"},\"potentialAction\":[{\"@type\":\"SearchAction\",\"target\":{\"@type\":\"EntryPoint\",\"urlTemplate\":\"https:\/\/evertonfc.cz\/?s={search_term_string}\"},\"query-input\":{\"@type\":\"PropertyValueSpecification\",\"valueRequired\":true,\"valueName\":\"search_term_string\"}}],\"inLanguage\":\"cs\"},{\"@type\":\"Organization\",\"@id\":\"https:\/\/evertonfc.cz\/#organization\",\"name\":\"Official Czech & Slovak Everton Supporters' Club\",\"url\":\"https:\/\/evertonfc.cz\/\",\"logo\":{\"@type\":\"ImageObject\",\"inLanguage\":\"cs\",\"@id\":\"https:\/\/evertonfc.cz\/#\/schema\/logo\/image\/\",\"url\":\"https:\/\/evertonfc.cz\/wp-content\/uploads\/2019\/05\/logo.png\",\"contentUrl\":\"https:\/\/evertonfc.cz\/wp-content\/uploads\/2019\/05\/logo.png\",\"width\":112,\"height\":112,\"caption\":\"Official Czech & Slovak Everton Supporters' Club\"},\"image\":{\"@id\":\"https:\/\/evertonfc.cz\/#\/schema\/logo\/image\/\"},\"sameAs\":[\"https:\/\/www.facebook.com\/everton.fans.cz.sk\"]},{\"@type\":\"Person\",\"@id\":\"https:\/\/evertonfc.cz\/#\/schema\/person\/d4493b8cbea51532597fbc4685698916\",\"name\":\"BlueBlooded\",\"url\":\"https:\/\/evertonfc.cz\/index.php\/author\/admin\/\"}]}<\/script>\n<!-- \/ Yoast SEO plugin. -->","yoast_head_json":{"title":"Kv\u00edz s Colemanom - Official Czech &amp; Slovak Everton Supporters&#039; Club","robots":{"index":"index","follow":"follow","max-snippet":"max-snippet:-1","max-image-preview":"max-image-preview:large","max-video-preview":"max-video-preview:-1"},"canonical":"https:\/\/evertonfc.cz\/index.php\/2020\/05\/06\/kviz-s-colemanom\/","og_locale":"cs_CZ","og_type":"article","og_title":"Kv\u00edz s Colemanom - Official Czech &amp; Slovak Everton Supporters&#039; Club","og_description":"V z\u00e1pasov\u00fdch programoch tejto sez\u00f3ny sa hr\u00e1\u010dov p\u00fdtali r\u00f4zne ot\u00e1zky \u2013 od ob\u013e\u00faben\u00fdch filmov a\u017e po jedlo. Ak chcete zisti\u0165 viac o S\u00e9amusovi, \u010d\u00edtajte nasleduj\u00face riadky.","og_url":"https:\/\/evertonfc.cz\/index.php\/2020\/05\/06\/kviz-s-colemanom\/","og_site_name":"Official Czech &amp; Slovak Everton Supporters&#039; Club","article_publisher":"https:\/\/www.facebook.com\/everton.fans.cz.sk","article_published_time":"2020-05-06T09:09:01+00:00","article_modified_time":"2020-05-06T14:49:49+00:00","og_image":[{"width":720,"height":405,"url":"https:\/\/evertonfc.cz\/wp-content\/uploads\/2020\/05\/Coleman-by-Jan-Kruger-6-5-2020.jpg","type":"image\/jpeg"}],"author":"BlueBlooded","twitter_card":"summary_large_image","twitter_misc":{"Napsal(a)":"BlueBlooded","Odhadovan\u00e1 doba \u010dten\u00ed":"4 minuty"},"schema":{"@context":"https:\/\/schema.org","@graph":[{"@type":"Article","@id":"https:\/\/evertonfc.cz\/index.php\/2020\/05\/06\/kviz-s-colemanom\/#article","isPartOf":{"@id":"https:\/\/evertonfc.cz\/index.php\/2020\/05\/06\/kviz-s-colemanom\/"},"author":{"name":"BlueBlooded","@id":"https:\/\/evertonfc.cz\/#\/schema\/person\/d4493b8cbea51532597fbc4685698916"},"headline":"Kv\u00edz s Colemanom","datePublished":"2020-05-06T09:09:01+00:00","dateModified":"2020-05-06T14:49:49+00:00","mainEntityOfPage":{"@id":"https:\/\/evertonfc.cz\/index.php\/2020\/05\/06\/kviz-s-colemanom\/"},"wordCount":711,"commentCount":0,"publisher":{"@id":"https:\/\/evertonfc.cz\/#organization"},"image":{"@id":"https:\/\/evertonfc.cz\/index.php\/2020\/05\/06\/kviz-s-colemanom\/#primaryimage"},"thumbnailUrl":"https:\/\/evertonfc.cz\/wp-content\/uploads\/2020\/05\/Coleman-by-Jan-Kruger-6-5-2020.jpg","articleSection":["Rozhovory"],"inLanguage":"cs","potentialAction":[{"@type":"CommentAction","name":"Comment","target":["https:\/\/evertonfc.cz\/index.php\/2020\/05\/06\/kviz-s-colemanom\/#respond"]}]},{"@type":"WebPage","@id":"https:\/\/evertonfc.cz\/index.php\/2020\/05\/06\/kviz-s-colemanom\/","url":"https:\/\/evertonfc.cz\/index.php\/2020\/05\/06\/kviz-s-colemanom\/","name":"Kv\u00edz s Colemanom - Official Czech &amp; Slovak Everton Supporters&#039; Club","isPartOf":{"@id":"https:\/\/evertonfc.cz\/#website"},"primaryImageOfPage":{"@id":"https:\/\/evertonfc.cz\/index.php\/2020\/05\/06\/kviz-s-colemanom\/#primaryimage"},"image":{"@id":"https:\/\/evertonfc.cz\/index.php\/2020\/05\/06\/kviz-s-colemanom\/#primaryimage"},"thumbnailUrl":"https:\/\/evertonfc.cz\/wp-content\/uploads\/2020\/05\/Coleman-by-Jan-Kruger-6-5-2020.jpg","datePublished":"2020-05-06T09:09:01+00:00","dateModified":"2020-05-06T14:49:49+00:00","breadcrumb":{"@id":"https:\/\/evertonfc.cz\/index.php\/2020\/05\/06\/kviz-s-colemanom\/#breadcrumb"},"inLanguage":"cs","potentialAction":[{"@type":"ReadAction","target":["https:\/\/evertonfc.cz\/index.php\/2020\/05\/06\/kviz-s-colemanom\/"]}]},{"@type":"ImageObject","inLanguage":"cs","@id":"https:\/\/evertonfc.cz\/index.php\/2020\/05\/06\/kviz-s-colemanom\/#primaryimage","url":"https:\/\/evertonfc.cz\/wp-content\/uploads\/2020\/05\/Coleman-by-Jan-Kruger-6-5-2020.jpg","contentUrl":"https:\/\/evertonfc.cz\/wp-content\/uploads\/2020\/05\/Coleman-by-Jan-Kruger-6-5-2020.jpg","width":720,"height":405},{"@type":"BreadcrumbList","@id":"https:\/\/evertonfc.cz\/index.php\/2020\/05\/06\/kviz-s-colemanom\/#breadcrumb","itemListElement":[{"@type":"ListItem","position":1,"name":"Home","item":"https:\/\/evertonfc.cz\/"},{"@type":"ListItem","position":2,"name":"Kv\u00edz s Colemanom"}]},{"@type":"WebSite","@id":"https:\/\/evertonfc.cz\/#website","url":"https:\/\/evertonfc.cz\/","name":"Official Czech &amp; Slovak Everton Supporters&#039; Club","description":"","publisher":{"@id":"https:\/\/evertonfc.cz\/#organization"},"potentialAction":[{"@type":"SearchAction","target":{"@type":"EntryPoint","urlTemplate":"https:\/\/evertonfc.cz\/?s={search_term_string}"},"query-input":{"@type":"PropertyValueSpecification","valueRequired":true,"valueName":"search_term_string"}}],"inLanguage":"cs"},{"@type":"Organization","@id":"https:\/\/evertonfc.cz\/#organization","name":"Official Czech & Slovak Everton Supporters' Club","url":"https:\/\/evertonfc.cz\/","logo":{"@type":"ImageObject","inLanguage":"cs","@id":"https:\/\/evertonfc.cz\/#\/schema\/logo\/image\/","url":"https:\/\/evertonfc.cz\/wp-content\/uploads\/2019\/05\/logo.png","contentUrl":"https:\/\/evertonfc.cz\/wp-content\/uploads\/2019\/05\/logo.png","width":112,"height":112,"caption":"Official Czech & Slovak Everton Supporters' Club"},"image":{"@id":"https:\/\/evertonfc.cz\/#\/schema\/logo\/image\/"},"sameAs":["https:\/\/www.facebook.com\/everton.fans.cz.sk"]},{"@type":"Person","@id":"https:\/\/evertonfc.cz\/#\/schema\/person\/d4493b8cbea51532597fbc4685698916","name":"BlueBlooded","url":"https:\/\/evertonfc.cz\/index.php\/author\/admin\/"}]}},"_links":{"self":[{"href":"https:\/\/evertonfc.cz\/index.php\/wp-json\/wp\/v2\/posts\/10962"}],"collection":[{"href":"https:\/\/evertonfc.cz\/index.php\/wp-json\/wp\/v2\/posts"}],"about":[{"href":"https:\/\/evertonfc.cz\/index.php\/wp-json\/wp\/v2\/types\/post"}],"author":[{"embeddable":true,"href":"https:\/\/evertonfc.cz\/index.php\/wp-json\/wp\/v2\/users\/1"}],"replies":[{"embeddable":true,"href":"https:\/\/evertonfc.cz\/index.php\/wp-json\/wp\/v2\/comments?post=10962"}],"version-history":[{"count":4,"href":"https:\/\/evertonfc.cz\/index.php\/wp-json\/wp\/v2\/posts\/10962\/revisions"}],"predecessor-version":[{"id":10966,"href":"https:\/\/evertonfc.cz\/index.php\/wp-json\/wp\/v2\/posts\/10962\/revisions\/10966"}],"wp:featuredmedia":[{"embeddable":true,"href":"https:\/\/evertonfc.cz\/index.php\/wp-json\/wp\/v2\/media\/10961"}],"wp:attachment":[{"href":"https:\/\/evertonfc.cz\/index.php\/wp-json\/wp\/v2\/media?parent=10962"}],"wp:term":[{"taxonomy":"category","embeddable":true,"href":"https:\/\/evertonfc.cz\/index.php\/wp-json\/wp\/v2\/categories?post=10962"},{"taxonomy":"post_tag","embeddable":true,"href":"https:\/\/evertonfc.cz\/index.php\/wp-json\/wp\/v2\/tags?post=10962"}],"curies":[{"name":"wp","href":"https:\/\/api.w.org\/{rel}","templated":true}]}}