{"id":10969,"date":"2020-05-08T17:38:25","date_gmt":"2020-05-08T15:38:25","guid":{"rendered":"https:\/\/evertonfc.cz\/?p=10969"},"modified":"2021-08-02T08:17:56","modified_gmt":"2021-08-02T06:17:56","slug":"koniec-sandra-v-evertone","status":"publish","type":"post","link":"https:\/\/evertonfc.cz\/index.php\/2020\/05\/08\/koniec-sandra-v-evertone\/","title":{"rendered":"Koniec Sandra v Evertone?"},"content":{"rendered":"<h4><span lang=\"SK\">\u0160panielsky \u00fato\u010dn\u00edk tr\u00e1vi u\u017e tri sez\u00f3ny na hos\u0165ovaniach v\u00a0\u0160panielsku. Zd\u00e1 sa, \u017ee a\u017e tret\u00ed klub v\u00a0porad\u00ed je spokojn\u00fd s\u00a0jeho slu\u017ebami a\u00a0bude sa usilova\u0165 o\u00a0jeho slu\u017eby.<\/span><\/h4>\n<p>Sandro Ram\u00edrez Castillo, ako znie jeho cel\u00e9 meno, je dvadsa\u0165\u0161tyriro\u010dn\u00fd rod\u00e1k z\u00a0kan\u00e1rskeho\u00a0Las Palmas. Postavou nevysok\u00fd forvard prest\u00fapil do Evertonu v\u00a0lete roku 2017. Klub z\u00a0Merseyside si vtedy m\u00e4dlil ruky nad pref\u00edkan\u00fdm obchodom, ktor\u00fd mal kasu st\u00e1\u0165 len 5.2 mili\u00f3na libier. Medzi jeho prv\u00e9 vyjadrenie patr\u00ed aj toto:<\/p>\n<blockquote><p><em>\u201eViem, prich\u00e1dzam z odli\u0161nej ligy. Je \u0165a\u017ek\u00e9 sa prisp\u00f4sobi\u0165, ale pri\u0161iel som s ve\u013emi, ve\u013emi otvorenou mys\u013eou a vo\u013eou pracova\u0165 ve\u013emi, ve\u013emi tvrdo. Mysl\u00edm si, \u017ee si privyknem r\u00fdchlo.\u201c<\/em><\/p><\/blockquote>\n<p>Ale ako to u\u017e pri modrom klube z Liverpoolu b\u00fdva, od najv\u00e4\u010d\u0161ieho o\u010dak\u00e1vania neo\u010dak\u00e1vajte ni\u010d. Presne tak aj bolo. B\u00fdval\u00fd hr\u00e1\u010d Barcelony, preva\u017ene ml\u00e1de\u017en\u00edckych t\u00edmov a B t\u00edmu, sa do pozornosti eur\u00f3pskych klubov dostal potom, \u010do sa raketovo zap\u00edsal do g\u00f3lov\u00fdch \u0161tatist\u00edk M\u00e1lagy. Andal\u00fazsky klub ho z\u00edskal zadarmo.<\/p>\n<h4>Odp\u00edsan\u00fd ve\u013ekoklubom<\/h4>\n<p>Barcelona ho toti\u017e na konci sez\u00f3ny 2015\/16 prepustila ako nepotrebn\u00e9ho. A\u00a0nezabudla doda\u0165, \u017ee v\u00a0klube bol posledn\u00fa sez\u00f3nu len z\u00a0d\u00f4vodu trestu od org\u00e1nu FIFA, ktor\u00fd zak\u00e1zal katal\u00e1nskemu gigantovi nakupova\u0165 hr\u00e1\u010dov. Potvrdil to vtedy Robert Fern\u00e1ndez, vtedaj\u0161\u00ed technick\u00fd riadite\u013e Blaugranas, nesk\u00f4r nahraden\u00fd Ericom Abidalom.<\/p>\n<p>A dodal, \u017ee ponuky na jeho skor\u0161\u00ed predaj z\u00a0tohto d\u00f4vodu zamietli. V\u00a0\u010dase, kedy sa mu podarilo nakukn\u00fa\u0165 do prv\u00e9ho t\u00edmu Barcelony, mu bola vy\u010d\u00edtan\u00e1 ve\u013ek\u00e1 prchkos\u0165 pred br\u00e1nou. \u010casto sa sna\u017eil a\u017e pr\u00edli\u0161 zap\u00f4sobi\u0165, \u010do sp\u00f4sobovalo presne opa\u010dn\u00fd efekt. Pozn\u00e1vac\u00edm znamen\u00edm bolo pr\u00edli\u0161n\u00e9 prekombinovanie, \u010di bezhlav\u00e9 strely.<\/p>\n<p>Ako sa vy\u0161\u0161ie p\u00ed\u0161e, Sandrovi agenti teda pre \u201evo\u013en\u00e9ho hr\u00e1\u010da\u201c vyjednali ve\u013emi n\u00edzku v\u00fdkupn\u00fa klauzulu na trojro\u010dn\u00fd kontrakt. To v\u0161etko pre pr\u00edpad, \u017ee by sa hr\u00e1\u010d chcel posun\u00fa\u0165 vy\u0161\u0161ie. M\u00e1laga napokon ve\u013emi dobre posl\u00fa\u017eila ako odrazov\u00fd most\u00edk u\u017e po roku. \u0160paniel v\u00a0LaLige nastrie\u013eal \u0161trn\u00e1s\u0165 g\u00f3lov a\u00a0na \u010fal\u0161\u00edch p\u00e4\u0165 prihral.<\/p>\n<p>V\u00a0rebr\u00ed\u010dku produktivity ho v\u00a0sez\u00f3ne 2016\/17 vynieslo na \u00f4sme miesto. Markantne lep\u0161ie bolo len trio Messi \u2013 Su\u00e1rez &#8211; Ronaldo, a\u00a0on sa ocitol v\u00a0spolo\u010dnosti hr\u00e1\u010dov ako Aduriz, Griezmann \u010di Morata. Predbehol dokonca Neymara alebo Benzemu. V\u010fa\u010dil za to aj zmene poz\u00edcie. Z\u00a0kraja sa v\u00a0novom klube presunul do stredu \u00fatoku.<\/p>\n<p>Ve\u013ek\u00fd prestup bol na spadnutie. A\u00a0nemusel to by\u0165 len Everton. Neby\u0165 \u010fal\u0161ieho z\u00e1kazu prestupov, o\u00a0\u00fato\u010dn\u00edka by pod\u013ea viacer\u00fdch zdrojov jednozna\u010dne zabojovalo aj madridsk\u00e9 \u00c1tletico. Karamelky v\u0161ak nenechali ni\u010d na n\u00e1hodu a\u00a0Sandra presved\u010dili podp\u00edsa\u0165 zmluvu e\u0161te po\u010das Majstrovstiev Eur\u00f3py do 21 rokov v\u00a0Po\u013eku.<\/p>\n<h4>Walshov zisk = risk<\/h4>\n<p>Odchovanec UD Las Palmas predstavoval diel do sklada\u010dky druhej sez\u00f3ny Ronalda Koemana. Holandsk\u00fd mana\u017e\u00e9r spolu so \u0161portov\u00fdm riadite\u013eom obdivovali, aj osobne na trib\u00fanach, Sandrove technick\u00e9 nadanie, ktor\u00e9 hr\u00e1\u010d ve\u013emi ochotne sp\u00e1jal s\u00a0nesebeck\u00fdm pracovn\u00fdm nasaden\u00edm pri neust\u00e1lom n\u00e1tlaku na s\u00fapera.<\/p>\n<p>Phil Kirkbride z denn\u00edka Liverpool Echo predpoklad\u00e1, \u017ee tento prestup zrealizoval pr\u00e1ve Steve Walsh, prv\u00fd \u0161portov\u00fd riadite\u013e v hist\u00f3rii klubu. Bol to toti\u017e jeho skaut pre \u0160panielsko a Portugalsko, Dave Worthington, kto poslal prvotn\u00e9 spr\u00e1vy o novom objave. Martyn Glover, ako Ved\u00faci skautingu, ho nesk\u00f4r odobril. Obaja u\u017e z Evertonu medzi\u010dasom sami odi\u0161li a pre Brandsa teraz pracuje Nathan Fisher z Middlesborough.<\/p>\n<p>Pred sebou mal 175 centimetrov vysok\u00fd reprezentant piatich ml\u00e1de\u017en\u00edckych vekov\u00fdch kateg\u00f3rii \u0160panielska ne\u013eahk\u00fa \u00falohu. Nahradi\u0165 aspo\u0148 \u010das\u0165 pr\u00ednosu belgick\u00e9ho obra menom Lukaku. Romelu nechal za sebou na Merseyside nezmazate\u013en\u00fa stopu, a\u00a0to v\u00a0podobe 87 g\u00f3lov, nehovoriac o\u00a029 asistenci\u00e1ch za The Toffees.<\/p>\n<p>Tie sa pod holandsk\u00fdm veden\u00edm museli zmieri\u0165 u\u017e s\u00a0jeho ist\u00fdm odchodom. Koeman v\u00a0tom \u010dase nepo\u010d\u00edtal s\u00a0Niassem, Deulofeuom,\u00a0Kon\u00e9m a hos\u0165uj\u00faci Enner Valencia taktie\u017e nepresved\u010dil. \u0160u\u0161kalo sa teda o\u00a0pr\u00edchode Oliviera Girouda. Tento sen sa v\u0161ak rozplynul a\u00a0prepukli drah\u00e9\u00a0rozkoly v\u00a0strat\u00e9gii n\u00e1kupov.<\/p>\n<h4>Ned\u00f4vera v \u0165a\u017ek\u00fdch \u010dasoch<\/h4>\n<p>Strata Lukaka a\u00a0neschopnos\u0165 nahradi\u0165 jeho slu\u017eby sa v\u0161eobecne pova\u017euj\u00fa za hlavn\u00fa pr\u00ed\u010dinu zlyhania holandskej hr\u00e1\u010dskej legendy na lavi\u010dke Evertonu. A\u00a0kr\u00edza, ktor\u00e1 t\u00edm sprev\u00e1dzala po\u010das t\u00fdchto udalost\u00ed sa podp\u00edsala aj na Ram\u00edrezovi. Pod v\u00fdsledkov\u00fdm tlakom sa nedost\u00e1val na tr\u00e1vnik. Nemal sa ako adaptova\u0165.<\/p>\n<p>V prvom\u00a0septembrovom z\u00e1pase Premier League, <a href=\"https:\/\/evertonfc.cz\/index.php\/2017\/09\/10\/everton-tottenham-hotspur-03\/\" target=\"_blank\" rel=\"noopener noreferrer\">doma proti Tottenhamu Hotspur, bol pri prehre 0:3<\/a> cez\u00a0pol\u010das vystriedan\u00fd a\u00a0u\u017e sa v\u00a0\u017eiadnom z\u00a0\u010fal\u0161\u00edch (len) piatich z\u00e1pasov, v\u00a0ktor\u00fdch nast\u00fapil, neobjavil v\u00a0z\u00e1klade. Jedin\u00fd g\u00f3l zaknihoval v\u00a0novembri, v\u00a0polopr\u00e1zdnom Goodison Parku, <a href=\"https:\/\/evertonfc.cz\/index.php\/2017\/11\/25\/everton-atalanta-bergamo-15\/\" target=\"_blank\" rel=\"noopener noreferrer\">pri potupe 1:5 od talianskej Atalanty.<\/a><\/p>\n<p>Na druh\u00fa ko\u013eaj ho postupne okrem Koemana odsunul aj Unsworth a\u00a0Allardyce. Hr\u00e1\u010d preto odi\u0161iel na hos\u0165ovanie do Sevilly. Sp\u00e4\u0165 na Pyrenejskom polostrove hr\u00e1val pod veden\u00edm Vincenza Montellu a\u00a0Joaqu\u00edna Caparr\u00f3sa op\u00e4\u0165 pravidelne, \u010do vy\u00fastilo vo vyjadrenia do m\u00e9di\u00ed, \u017ee by na juhu \u0160panielska r\u00e1d ostal.<\/p>\n<p>To sa mu aj splnilo, len\u017ee v inom t\u00edme. Nov\u00fd mana\u017e\u00e9r na L4, Marco Silva, mu v\u0161ak e\u0161te predt\u00fdm pon\u00fakol \u0161ancu zotrva\u0165 v klube a bojova\u0165 a svoje miesto na kr\u00eddle. <a href=\"https:\/\/evertonfc.cz\/index.php\/2018\/08\/30\/everton-rotherham-united-31\/\" target=\"_blank\" rel=\"noopener noreferrer\">Po v\u00ed\u0165aznom z\u00e1pase v ligovom poh\u00e1ri proti Rotterhamu<\/a>, v ktorom Sandro vynikal a dokonca prihral na g\u00f3l Sigurdssonovi, sa vtedaj\u0161\u00ed tr\u00e9ner Karameliek vyjadril pochvalne:<\/p>\n<blockquote><p><em>\u201eVer\u00edm v\u00a0neho, aj napriek tomu, \u010do sa mu stalo. Dnes mi uk\u00e1zal, \u017ee je fantastick\u00fd profesion\u00e1l a\u00a0neprekvapuje ma to. Aj keby niekto za hodinu zavolal, a\u00a0o\u00a0to sa Sandro sna\u017e\u00ed, tak by som bol r\u00e1d, aby ostal v\u00a0t\u00edme, preto\u017ee je to hr\u00e1\u010d, v\u00a0ktor\u00e9ho m\u00e1m d\u00f4veru.\u201c<\/em><\/p><\/blockquote>\n<p>Bol to Sandrov jedin\u00fd s\u00fa\u0165a\u017en\u00fd duel v onej sez\u00f3ne za Everton. Do prv\u00fdch troch ligov\u00fdch k\u00f4l nezasiahol a aj do tohto stretnutia sa dostal len kv\u00f4li po\u010detn\u00fdm zraneniam in\u00fdch hr\u00e1\u010dov. Treba tie\u017e pripomen\u00fa\u0165, \u017ee po\u010das letn\u00e9ho prestupov\u00e9ho obdobia sez\u00f3ny 2018\/19 k\u00e1der obohatilo sedem nov\u00fdch hr\u00e1\u010dov.<\/p>\n<h4>Odp\u00edsan\u00fd Evertonom<\/h4>\n<p>Real Sociedad bol teda druh\u00fdm klubom, ktor\u00fd si ho po\u017ei\u010dal. Hr\u00e1\u010d sa nesk\u00f4r aj vyjadril, \u017ee hern\u00fd \u0161t\u00fdl Evertonu pod Silvom mu nesedel, preto zvolil odchod. V Baskicku tie\u017e hr\u00e1val pomerne pravidelne, hoci s men\u0161ou minut\u00e1\u017eou, a jeho v\u00fdkony nikoho neoslnili. P\u00f4sobil \u0165a\u017ekop\u00e1dnym dojmom, bez formy a kond\u00edcie. Jeho sebavedomie taktie\u017e utrpelo, nako\u013eko s\u00fa\u0165a\u017en\u00fa trefu nezaznamenal od Atalantskej trag\u00e9die.<\/p>\n<p>Logicky, modr\u00fa bud\u00facnos\u0165 \u0160panielovi pred rokom u\u017e nikto nepredpovedal. Marcel Brands mal znovu za \u00falohu n\u00e1js\u0165 anglicky st\u00e1le nehovoriacemu \u00fato\u010dn\u00edkovi minim\u00e1lne do\u010dasn\u00fd domov. \u0164a\u017ek\u00e1 \u00faloha. Sandro v\u010faka Walsh-\u00e9re pod\u013ea viacer\u00fdch zdrojov pober\u00e1 plat okolo stotis\u00edc libier t\u00fd\u017edenne, \u010do je pri jeho \u00farovni absurdn\u00e9.<\/p>\n<p>Z\u00e1ujemca sa ale na\u0161iel. Real Valladolid, s\u00a0braz\u00edlskou hviezdou Ronaldom, \u010doby vlastn\u00edkom a\u00a0prezidentom klubu. A\u00a0spolu s\u00a0mana\u017e\u00e9rom Sergiom Gonz\u00e1lezom to kone\u010dne klaplo. Prv\u00fd g\u00f3l po dvoch rokoch (702 dn\u00ed), respekt\u00edve, 52 z\u00e1pasoch. A neostalo len pri \u0148om. S\u00edce nejde o\u00a0horibiln\u00e9 \u010d\u00edsla (4), je to v\u0161ak\u00a0t\u00edm bojuj\u00faci o\u00a0z\u00e1chranu.<\/p>\n<p>\u010co je zauj\u00edmav\u00e9, Valladolid hr\u00e1 v\u00a0dobre organizovanej form\u00e1cii 4-4-2, podobne ako Ancelottiho Everton. Sandro je pov\u00e4\u010d\u0161ine vyu\u017e\u00edvan\u00fd ako mobilnej\u0161\u00ed \u00fato\u010dn\u00edk a tvrdo pracuje pre t\u00edm. To samozrejme evokuje podobnos\u0165 s\u00a0\u00falohou Richarlisona v\u00a0Evertone. No klub aj hr\u00e1\u010d samotn\u00fd, by museli ve\u013emi dlho rozm\u00fd\u0161\u013ea\u0165, \u010di sa im oplat\u00ed rok pred koncom zmluvy \u0161pekulova\u0165 o\u00a0mo\u017enej reinkarn\u00e1cii ostrovnej kari\u00e9ry.<\/p>\n<h4>Nepravdepodobn\u00e1 sp\u00e1sa<\/h4>\n<p>Mo\u017enos\u0165 to ale ur\u010dite je. Najm\u00e4 ak sa situ\u00e1cia s\u00a0Keanom nevyvinie pod\u013ea predst\u00e1v. Vek je na jeho strane, to najlep\u0161ie m\u00e1 v\u00a0futbalovom \u017eivote e\u0161te pred sebou. No musel by spravi\u0165 aj nie\u010do naviac. Jazykov\u00e9 bari\u00e9ry a\u00a0pohodlie domoviny mu \u00faspech v\u00a0Evertone neprines\u00fa. Ak nie, tak hr\u00e1\u010d z\u00fafa\u0165 nemus\u00ed. V\u00a0novom p\u00f4sobisku zaujal a\u00a0Valladolid ur\u010dite bude sk\u00fama\u0165 mo\u017enosti ponechania si ho. No jednozna\u010dne s\u00a0ni\u017e\u0161\u00edm platom. Pre r\u00e1dio Marca Valladolid to potvrdil \u0161portov\u00fd riadite\u013e Realu, Miguel Angel Gomez:<\/p>\n<blockquote><p><em>\u201eSandro m\u00e1 kontrakt s\u00a0Evertonom, a\u00a0my mus\u00edme n\u00e1js\u0165 sp\u00f4sob, ako to ob\u00eds\u0165. Mus\u00edme vedie\u0165, \u010di je tu spokojn\u00fd alebo nie, a\u00a0\u010di chce pokra\u010dova\u0165. Potom sa m\u00f4\u017eeme pozrie\u0165 na detaily takej oper\u00e1cie a\u00a0na to, \u010di ich m\u00f4\u017eeme prija\u0165.\u201c<\/em><\/p><\/blockquote>\n<p style=\"text-align: right;\"><em>(foto zdroj: SITA, Marek Mrvi\u0161 )<\/em><\/p>\n<h4>Sandro post-M\u00e1laga (transfermarkt.com):<\/h4>\n<table class=\"items\" style=\"height: 243px; width: 100%;\">\n<thead>\n<tr style=\"height: 40px;\">\n<td id=\"yw1_c0\" style=\"height: 40px; width: 38.5334%; border-style: ridge;\" colspan=\"2\">Klub<\/td>\n<td id=\"yw1_c2\" class=\"zentriert\" style=\"height: 40px; width: 9.86667%; border-style: ridge; text-align: center;\"><span class=\"icons_sprite icon-einsaetze-table-header\" title=\"Appearances\">Z<\/span><\/td>\n<td id=\"yw1_c3\" class=\"zentriert\" style=\"height: 40px; width: 7.73333%; border-style: ridge; text-align: center;\"><span class=\"icons_sprite icon-tor-table-header\" title=\"Goals\">G\u00a0<\/span><\/td>\n<td id=\"yw1_c4\" class=\"zentriert\" style=\"height: 40px; width: 7.73333%; border-style: ridge; text-align: center;\"><span class=\"icons_sprite icon-vorlage-table-header\" title=\"Assists\">A\u00a0<\/span><\/td>\n<td id=\"yw1_c5\" class=\"zentriert\" style=\"height: 40px; width: 9.2%; border-style: ridge; text-align: center;\"><span class=\"icons_sprite icon-gelbekarte-table-header\" title=\"Yellow cards\">\u00a0\u017dK<\/span><\/td>\n<td id=\"yw1_c6\" class=\"zentriert\" style=\"height: 40px; width: 8.26667%; border-style: ridge; text-align: center;\">\u010cK<\/td>\n<td id=\"yw1_c7\" class=\"zentriert\" style=\"height: 40px; width: 14.1333%; border-style: ridge; text-align: center;\"><span class=\"icons_sprite icon-rotekarte-table-header\" title=\"Red cards\">\u00a0min.<\/span><\/td>\n<\/tr>\n<\/thead>\n<tfoot>\n<tr style=\"height: 40px;\">\n<td class=\"rechts\" style=\"height: 40px; width: 38.5334%; border-style: ridge;\" colspan=\"2\"><strong>Celkovo :<\/strong><\/td>\n<td class=\"zentriert\" style=\"height: 40px; text-align: center; width: 9.86667%; border-style: ridge;\"><strong>81<\/strong><\/td>\n<td class=\"zentriert\" style=\"height: 40px; text-align: center; width: 7.73333%; border-style: ridge;\"><strong>5<\/strong><\/td>\n<td class=\"zentriert\" style=\"height: 40px; text-align: center; width: 7.73333%; border-style: ridge;\"><strong>6<\/strong><\/td>\n<td class=\"zentriert\" style=\"height: 40px; text-align: center; width: 9.2%; border-style: ridge;\"><strong>6<\/strong><\/td>\n<td class=\"zentriert\" style=\"height: 40px; text-align: center; width: 8.26667%; border-style: ridge;\"><\/td>\n<td class=\"zentriert\" style=\"height: 40px; text-align: center; width: 14.1333%; border-style: ridge;\"><strong>3.938&#8242;<\/strong><\/td>\n<\/tr>\n<\/tfoot>\n<tbody>\n<tr class=\"even selected\" style=\"height: 40px;\">\n<td class=\"hauptlink no-border-rechts zentriert\" style=\"height: 40px; width: 7.46667%; border-style: ridge;\"><a id=\"29\" class=\"vereinprofil_tooltip tooltipstered\" href=\"https:\/\/www.transfermarkt.com\/fc-everton\/startseite\/verein\/29\"><img decoding=\"async\" class=\"tiny_wappen\" title=\"\u00a0\" src=\"https:\/\/tmssl.akamaized.net\/\/images\/wappen\/tiny\/29.png?lm=1445949846\" alt=\"Everton FC\" \/><\/a><\/td>\n<td class=\"hauptlink no-border-links\" style=\"height: 40px; width: 31.0667%; border-style: ridge;\"><strong>Everton FC (2017-2018)<\/strong><\/td>\n<td class=\"zentriert\" style=\"width: 9.86667%; text-align: center; height: 40px; border-style: ridge;\"><strong><a title=\"Sandro Ram\u00edrez\" href=\"https:\/\/www.transfermarkt.com\/sandro-ramirez\/leistungsdatendetails\/spieler\/199369\/verein\/29\">16<\/a><\/strong><\/td>\n<td class=\"zentriert\" style=\"width: 7.73333%; text-align: center; height: 40px; border-style: ridge;\"><strong>1<\/strong><\/td>\n<td class=\"zentriert\" style=\"width: 7.73333%; text-align: center; height: 40px; border-style: ridge;\"><strong>2<\/strong><\/td>\n<td class=\"zentriert\" style=\"width: 9.2%; height: 40px; border-style: ridge;\"><\/td>\n<td class=\"zentriert\" style=\"height: 40px; width: 8.26667%; text-align: center; border-style: ridge;\"><strong>\u00a0<\/strong><\/td>\n<td class=\"zentriert\" style=\"height: 40px; width: 14.1333%; text-align: center; border-style: ridge;\"><strong>735&#8242;<\/strong><\/td>\n<\/tr>\n<tr class=\"odd selected\" style=\"height: 41px;\">\n<td class=\"hauptlink no-border-rechts zentriert\" style=\"width: 7.46667%; height: 41px; border-style: ridge;\"><a id=\"368\" class=\"vereinprofil_tooltip tooltipstered\" href=\"https:\/\/www.transfermarkt.com\/fc-sevilla\/startseite\/verein\/368\"><img decoding=\"async\" class=\"tiny_wappen\" title=\"\u00a0\" src=\"https:\/\/tmssl.akamaized.net\/images\/wappen\/tiny\/368.png?lm=1408655455\" alt=\"Sevilla FC\" \/><\/a><br \/>\n<a id=\"405\" class=\"vereinprofil_tooltip tooltipstered\" href=\"https:\/\/www.transfermarkt.com\/aston-villa\/startseite\/verein\/405\"><\/a><\/td>\n<td class=\"hauptlink no-border-links\" style=\"width: 31.0667%; height: 41px; border-style: ridge;\"><strong>Sevilla FC (2018)<\/strong><\/td>\n<td class=\"zentriert\" style=\"width: 9.86667%; text-align: center; height: 41px; border-style: ridge;\"><strong><a title=\"Sandro Ram\u00edrez\" href=\"https:\/\/www.transfermarkt.com\/sandro-ramirez\/leistungsdatendetails\/spieler\/199369\/verein\/368\">18<\/a><\/strong><\/td>\n<td class=\"zentriert\" style=\"width: 7.73333%; text-align: center; height: 41px; border-style: ridge;\"><\/td>\n<td class=\"zentriert\" style=\"width: 7.73333%; text-align: center; height: 41px; border-style: ridge;\"><strong>3<\/strong><\/td>\n<td class=\"zentriert\" style=\"width: 9.2%; text-align: center; height: 41px; border-style: ridge;\"><\/td>\n<td class=\"zentriert\" style=\"height: 41px; width: 8.26667%; text-align: center; border-style: ridge;\"><\/td>\n<td class=\"zentriert\" style=\"height: 41px; width: 14.1333%; text-align: center; border-style: ridge;\"><strong>806&#8242;<\/strong><\/td>\n<\/tr>\n<tr class=\"even selected\" style=\"height: 41px;\">\n<td class=\"hauptlink no-border-rechts zentriert\" style=\"width: 7.46667%; height: 41px; border-style: ridge;\"><a id=\"681\" class=\"vereinprofil_tooltip tooltipstered\" href=\"https:\/\/www.transfermarkt.com\/real-sociedad-san-sebastian\/startseite\/verein\/681\"><img decoding=\"async\" class=\"tiny_wappen\" title=\"\u00a0\" src=\"https:\/\/tmssl.akamaized.net\/images\/wappen\/tiny\/681.png?lm=1583536991\" alt=\"Real Sociedad\" \/><\/a><\/td>\n<td class=\"hauptlink no-border-links\" style=\"width: 31.0667%; height: 41px; border-style: ridge;\"><strong>Real Sociedad (2018\/19)<\/strong><\/td>\n<td class=\"zentriert\" style=\"width: 9.86667%; text-align: center; height: 41px; border-style: ridge;\"><strong><a title=\"Sandro Ram\u00edrez\" href=\"https:\/\/www.transfermarkt.com\/sandro-ramirez\/leistungsdatendetails\/spieler\/199369\/verein\/681\">26<\/a><\/strong><\/td>\n<td class=\"zentriert\" style=\"width: 7.73333%; text-align: center; height: 41px; border-style: ridge;\"><\/td>\n<td class=\"zentriert\" style=\"width: 7.73333%; text-align: center; height: 41px; border-style: ridge;\"><\/td>\n<td class=\"zentriert\" style=\"width: 9.2%; text-align: center; height: 41px; border-style: ridge;\"><strong>4<\/strong><\/td>\n<td class=\"zentriert\" style=\"height: 41px; width: 8.26667%; text-align: center; border-style: ridge;\"><\/td>\n<td class=\"zentriert\" style=\"height: 41px; width: 14.1333%; text-align: center; border-style: ridge;\"><strong>1.155&#8242;<\/strong><\/td>\n<\/tr>\n<tr class=\"even selected\" style=\"height: 41px;\">\n<td class=\"hauptlink no-border-rechts zentriert\" style=\"width: 7.46667%; height: 41px; border-style: ridge;\"><a id=\"366\" class=\"vereinprofil_tooltip tooltipstered\" href=\"https:\/\/www.transfermarkt.com\/real-valladolid\/startseite\/verein\/366\"><img decoding=\"async\" class=\"tiny_wappen\" title=\"\u00a0\" src=\"https:\/\/tmssl.akamaized.net\/images\/wappen\/tiny\/366.png?lm=1407484674\" alt=\"Real Valladolid CF\" \/><\/a><\/td>\n<td class=\"hauptlink no-border-links\" style=\"width: 31.0667%; height: 41px; border-style: ridge;\"><strong>Real Valladolid CF (2019\/20)<\/strong><\/td>\n<td class=\"zentriert\" style=\"width: 9.86667%; text-align: center; height: 41px; border-style: ridge;\"><strong><a title=\"Sandro Ram\u00edrez\" href=\"https:\/\/www.transfermarkt.com\/sandro-ramirez\/leistungsdatendetails\/spieler\/199369\/verein\/366\">21<\/a><\/strong><\/td>\n<td class=\"zentriert\" style=\"width: 7.73333%; text-align: center; height: 41px; border-style: ridge;\"><strong>4<\/strong><\/td>\n<td class=\"zentriert\" style=\"width: 7.73333%; text-align: center; height: 41px; border-style: ridge;\"><strong>1<\/strong><\/td>\n<td class=\"zentriert\" style=\"width: 9.2%; text-align: center; height: 41px; border-style: ridge;\"><strong>2<\/strong><\/td>\n<td class=\"zentriert\" style=\"height: 41px; width: 8.26667%; text-align: center; border-style: ridge;\"><\/td>\n<td class=\"zentriert\" style=\"height: 41px; width: 14.1333%; text-align: center; border-style: ridge;\"><strong>1.242&#8242;<\/strong><\/td>\n<\/tr>\n<\/tbody>\n<\/table>\n","protected":false},"excerpt":{"rendered":"<p>\u0160panielsky \u00fato\u010dn\u00edk tr\u00e1vi u\u017e tri sez\u00f3ny na hos\u0165ovaniach v\u00a0\u0160panielsku. Zd\u00e1 sa, \u017ee a\u017e tret\u00ed klub v\u00a0porad\u00ed je spokojn\u00fd s\u00a0jeho slu\u017ebami a\u00a0bude sa usilova\u0165 o\u00a0jeho slu\u017eby.<\/p>\n","protected":false},"author":1,"featured_media":10970,"comment_status":"open","ping_status":"closed","sticky":false,"template":"","format":"standard","meta":{"_eb_attr":"","_monsterinsights_skip_tracking":false,"_monsterinsights_sitenote_active":false,"_monsterinsights_sitenote_note":"","_monsterinsights_sitenote_category":0,"footnotes":""},"categories":[39],"tags":[],"yoast_head":"<!-- This site is optimized with the Yoast SEO plugin v23.4 - https:\/\/yoast.com\/wordpress\/plugins\/seo\/ -->\n<title>Koniec Sandra v Evertone? - Official Czech &amp; Slovak Everton Supporters&#039; Club<\/title>\n<meta name=\"robots\" content=\"index, follow, max-snippet:-1, max-image-preview:large, max-video-preview:-1\" \/>\n<link rel=\"canonical\" href=\"https:\/\/evertonfc.cz\/index.php\/2020\/05\/08\/koniec-sandra-v-evertone\/\" \/>\n<meta property=\"og:locale\" content=\"cs_CZ\" \/>\n<meta property=\"og:type\" content=\"article\" \/>\n<meta property=\"og:title\" content=\"Koniec Sandra v Evertone? - Official Czech &amp; Slovak Everton Supporters&#039; Club\" \/>\n<meta property=\"og:description\" content=\"\u0160panielsky \u00fato\u010dn\u00edk tr\u00e1vi u\u017e tri sez\u00f3ny na hos\u0165ovaniach v\u00a0\u0160panielsku. Zd\u00e1 sa, \u017ee a\u017e tret\u00ed klub v\u00a0porad\u00ed je spokojn\u00fd s\u00a0jeho slu\u017ebami a\u00a0bude sa usilova\u0165 o\u00a0jeho slu\u017eby.\" \/>\n<meta property=\"og:url\" content=\"https:\/\/evertonfc.cz\/index.php\/2020\/05\/08\/koniec-sandra-v-evertone\/\" \/>\n<meta property=\"og:site_name\" content=\"Official Czech &amp; Slovak Everton Supporters&#039; Club\" \/>\n<meta property=\"article:publisher\" content=\"https:\/\/www.facebook.com\/everton.fans.cz.sk\" \/>\n<meta property=\"article:published_time\" content=\"2020-05-08T15:38:25+00:00\" \/>\n<meta property=\"article:modified_time\" content=\"2021-08-02T06:17:56+00:00\" \/>\n<meta property=\"og:image\" content=\"https:\/\/evertonfc.cz\/wp-content\/uploads\/2020\/05\/sandro-ramirez-SITA-Marek-Mrvi\u0161-8-5-2020.jpg\" \/>\n\t<meta property=\"og:image:width\" content=\"720\" \/>\n\t<meta property=\"og:image:height\" content=\"405\" \/>\n\t<meta property=\"og:image:type\" content=\"image\/jpeg\" \/>\n<meta name=\"author\" content=\"BlueBlooded\" \/>\n<meta name=\"twitter:card\" content=\"summary_large_image\" \/>\n<meta name=\"twitter:label1\" content=\"Napsal(a)\" \/>\n\t<meta name=\"twitter:data1\" content=\"BlueBlooded\" \/>\n\t<meta name=\"twitter:label2\" content=\"Odhadovan\u00e1 doba \u010dten\u00ed\" \/>\n\t<meta name=\"twitter:data2\" content=\"7 minut\" \/>\n<script type=\"application\/ld+json\" class=\"yoast-schema-graph\">{\"@context\":\"https:\/\/schema.org\",\"@graph\":[{\"@type\":\"Article\",\"@id\":\"https:\/\/evertonfc.cz\/index.php\/2020\/05\/08\/koniec-sandra-v-evertone\/#article\",\"isPartOf\":{\"@id\":\"https:\/\/evertonfc.cz\/index.php\/2020\/05\/08\/koniec-sandra-v-evertone\/\"},\"author\":{\"name\":\"BlueBlooded\",\"@id\":\"https:\/\/evertonfc.cz\/#\/schema\/person\/d4493b8cbea51532597fbc4685698916\"},\"headline\":\"Koniec Sandra v Evertone?\",\"datePublished\":\"2020-05-08T15:38:25+00:00\",\"dateModified\":\"2021-08-02T06:17:56+00:00\",\"mainEntityOfPage\":{\"@id\":\"https:\/\/evertonfc.cz\/index.php\/2020\/05\/08\/koniec-sandra-v-evertone\/\"},\"wordCount\":1586,\"commentCount\":3,\"publisher\":{\"@id\":\"https:\/\/evertonfc.cz\/#organization\"},\"image\":{\"@id\":\"https:\/\/evertonfc.cz\/index.php\/2020\/05\/08\/koniec-sandra-v-evertone\/#primaryimage\"},\"thumbnailUrl\":\"https:\/\/evertonfc.cz\/wp-content\/uploads\/2020\/05\/sandro-ramirez-SITA-Marek-Mrvi\u0161-8-5-2020.jpg\",\"articleSection\":[\"Blog\"],\"inLanguage\":\"cs\",\"potentialAction\":[{\"@type\":\"CommentAction\",\"name\":\"Comment\",\"target\":[\"https:\/\/evertonfc.cz\/index.php\/2020\/05\/08\/koniec-sandra-v-evertone\/#respond\"]}]},{\"@type\":\"WebPage\",\"@id\":\"https:\/\/evertonfc.cz\/index.php\/2020\/05\/08\/koniec-sandra-v-evertone\/\",\"url\":\"https:\/\/evertonfc.cz\/index.php\/2020\/05\/08\/koniec-sandra-v-evertone\/\",\"name\":\"Koniec Sandra v Evertone? - Official Czech &amp; Slovak Everton Supporters&#039; Club\",\"isPartOf\":{\"@id\":\"https:\/\/evertonfc.cz\/#website\"},\"primaryImageOfPage\":{\"@id\":\"https:\/\/evertonfc.cz\/index.php\/2020\/05\/08\/koniec-sandra-v-evertone\/#primaryimage\"},\"image\":{\"@id\":\"https:\/\/evertonfc.cz\/index.php\/2020\/05\/08\/koniec-sandra-v-evertone\/#primaryimage\"},\"thumbnailUrl\":\"https:\/\/evertonfc.cz\/wp-content\/uploads\/2020\/05\/sandro-ramirez-SITA-Marek-Mrvi\u0161-8-5-2020.jpg\",\"datePublished\":\"2020-05-08T15:38:25+00:00\",\"dateModified\":\"2021-08-02T06:17:56+00:00\",\"breadcrumb\":{\"@id\":\"https:\/\/evertonfc.cz\/index.php\/2020\/05\/08\/koniec-sandra-v-evertone\/#breadcrumb\"},\"inLanguage\":\"cs\",\"potentialAction\":[{\"@type\":\"ReadAction\",\"target\":[\"https:\/\/evertonfc.cz\/index.php\/2020\/05\/08\/koniec-sandra-v-evertone\/\"]}]},{\"@type\":\"ImageObject\",\"inLanguage\":\"cs\",\"@id\":\"https:\/\/evertonfc.cz\/index.php\/2020\/05\/08\/koniec-sandra-v-evertone\/#primaryimage\",\"url\":\"https:\/\/evertonfc.cz\/wp-content\/uploads\/2020\/05\/sandro-ramirez-SITA-Marek-Mrvi\u0161-8-5-2020.jpg\",\"contentUrl\":\"https:\/\/evertonfc.cz\/wp-content\/uploads\/2020\/05\/sandro-ramirez-SITA-Marek-Mrvi\u0161-8-5-2020.jpg\",\"width\":720,\"height\":405},{\"@type\":\"BreadcrumbList\",\"@id\":\"https:\/\/evertonfc.cz\/index.php\/2020\/05\/08\/koniec-sandra-v-evertone\/#breadcrumb\",\"itemListElement\":[{\"@type\":\"ListItem\",\"position\":1,\"name\":\"Home\",\"item\":\"https:\/\/evertonfc.cz\/\"},{\"@type\":\"ListItem\",\"position\":2,\"name\":\"Koniec Sandra v Evertone?\"}]},{\"@type\":\"WebSite\",\"@id\":\"https:\/\/evertonfc.cz\/#website\",\"url\":\"https:\/\/evertonfc.cz\/\",\"name\":\"Official Czech &amp; Slovak Everton Supporters&#039; Club\",\"description\":\"\",\"publisher\":{\"@id\":\"https:\/\/evertonfc.cz\/#organization\"},\"potentialAction\":[{\"@type\":\"SearchAction\",\"target\":{\"@type\":\"EntryPoint\",\"urlTemplate\":\"https:\/\/evertonfc.cz\/?s={search_term_string}\"},\"query-input\":{\"@type\":\"PropertyValueSpecification\",\"valueRequired\":true,\"valueName\":\"search_term_string\"}}],\"inLanguage\":\"cs\"},{\"@type\":\"Organization\",\"@id\":\"https:\/\/evertonfc.cz\/#organization\",\"name\":\"Official Czech & Slovak Everton Supporters' Club\",\"url\":\"https:\/\/evertonfc.cz\/\",\"logo\":{\"@type\":\"ImageObject\",\"inLanguage\":\"cs\",\"@id\":\"https:\/\/evertonfc.cz\/#\/schema\/logo\/image\/\",\"url\":\"https:\/\/evertonfc.cz\/wp-content\/uploads\/2019\/05\/logo.png\",\"contentUrl\":\"https:\/\/evertonfc.cz\/wp-content\/uploads\/2019\/05\/logo.png\",\"width\":112,\"height\":112,\"caption\":\"Official Czech & Slovak Everton Supporters' Club\"},\"image\":{\"@id\":\"https:\/\/evertonfc.cz\/#\/schema\/logo\/image\/\"},\"sameAs\":[\"https:\/\/www.facebook.com\/everton.fans.cz.sk\"]},{\"@type\":\"Person\",\"@id\":\"https:\/\/evertonfc.cz\/#\/schema\/person\/d4493b8cbea51532597fbc4685698916\",\"name\":\"BlueBlooded\",\"url\":\"https:\/\/evertonfc.cz\/index.php\/author\/admin\/\"}]}<\/script>\n<!-- \/ Yoast SEO plugin. -->","yoast_head_json":{"title":"Koniec Sandra v Evertone? - Official Czech &amp; Slovak Everton Supporters&#039; Club","robots":{"index":"index","follow":"follow","max-snippet":"max-snippet:-1","max-image-preview":"max-image-preview:large","max-video-preview":"max-video-preview:-1"},"canonical":"https:\/\/evertonfc.cz\/index.php\/2020\/05\/08\/koniec-sandra-v-evertone\/","og_locale":"cs_CZ","og_type":"article","og_title":"Koniec Sandra v Evertone? - Official Czech &amp; Slovak Everton Supporters&#039; Club","og_description":"\u0160panielsky \u00fato\u010dn\u00edk tr\u00e1vi u\u017e tri sez\u00f3ny na hos\u0165ovaniach v\u00a0\u0160panielsku. Zd\u00e1 sa, \u017ee a\u017e tret\u00ed klub v\u00a0porad\u00ed je spokojn\u00fd s\u00a0jeho slu\u017ebami a\u00a0bude sa usilova\u0165 o\u00a0jeho slu\u017eby.","og_url":"https:\/\/evertonfc.cz\/index.php\/2020\/05\/08\/koniec-sandra-v-evertone\/","og_site_name":"Official Czech &amp; Slovak Everton Supporters&#039; Club","article_publisher":"https:\/\/www.facebook.com\/everton.fans.cz.sk","article_published_time":"2020-05-08T15:38:25+00:00","article_modified_time":"2021-08-02T06:17:56+00:00","og_image":[{"width":720,"height":405,"url":"https:\/\/evertonfc.cz\/wp-content\/uploads\/2020\/05\/sandro-ramirez-SITA-Marek-Mrvi\u0161-8-5-2020.jpg","type":"image\/jpeg"}],"author":"BlueBlooded","twitter_card":"summary_large_image","twitter_misc":{"Napsal(a)":"BlueBlooded","Odhadovan\u00e1 doba \u010dten\u00ed":"7 minut"},"schema":{"@context":"https:\/\/schema.org","@graph":[{"@type":"Article","@id":"https:\/\/evertonfc.cz\/index.php\/2020\/05\/08\/koniec-sandra-v-evertone\/#article","isPartOf":{"@id":"https:\/\/evertonfc.cz\/index.php\/2020\/05\/08\/koniec-sandra-v-evertone\/"},"author":{"name":"BlueBlooded","@id":"https:\/\/evertonfc.cz\/#\/schema\/person\/d4493b8cbea51532597fbc4685698916"},"headline":"Koniec Sandra v Evertone?","datePublished":"2020-05-08T15:38:25+00:00","dateModified":"2021-08-02T06:17:56+00:00","mainEntityOfPage":{"@id":"https:\/\/evertonfc.cz\/index.php\/2020\/05\/08\/koniec-sandra-v-evertone\/"},"wordCount":1586,"commentCount":3,"publisher":{"@id":"https:\/\/evertonfc.cz\/#organization"},"image":{"@id":"https:\/\/evertonfc.cz\/index.php\/2020\/05\/08\/koniec-sandra-v-evertone\/#primaryimage"},"thumbnailUrl":"https:\/\/evertonfc.cz\/wp-content\/uploads\/2020\/05\/sandro-ramirez-SITA-Marek-Mrvi\u0161-8-5-2020.jpg","articleSection":["Blog"],"inLanguage":"cs","potentialAction":[{"@type":"CommentAction","name":"Comment","target":["https:\/\/evertonfc.cz\/index.php\/2020\/05\/08\/koniec-sandra-v-evertone\/#respond"]}]},{"@type":"WebPage","@id":"https:\/\/evertonfc.cz\/index.php\/2020\/05\/08\/koniec-sandra-v-evertone\/","url":"https:\/\/evertonfc.cz\/index.php\/2020\/05\/08\/koniec-sandra-v-evertone\/","name":"Koniec Sandra v Evertone? - Official Czech &amp; Slovak Everton Supporters&#039; Club","isPartOf":{"@id":"https:\/\/evertonfc.cz\/#website"},"primaryImageOfPage":{"@id":"https:\/\/evertonfc.cz\/index.php\/2020\/05\/08\/koniec-sandra-v-evertone\/#primaryimage"},"image":{"@id":"https:\/\/evertonfc.cz\/index.php\/2020\/05\/08\/koniec-sandra-v-evertone\/#primaryimage"},"thumbnailUrl":"https:\/\/evertonfc.cz\/wp-content\/uploads\/2020\/05\/sandro-ramirez-SITA-Marek-Mrvi\u0161-8-5-2020.jpg","datePublished":"2020-05-08T15:38:25+00:00","dateModified":"2021-08-02T06:17:56+00:00","breadcrumb":{"@id":"https:\/\/evertonfc.cz\/index.php\/2020\/05\/08\/koniec-sandra-v-evertone\/#breadcrumb"},"inLanguage":"cs","potentialAction":[{"@type":"ReadAction","target":["https:\/\/evertonfc.cz\/index.php\/2020\/05\/08\/koniec-sandra-v-evertone\/"]}]},{"@type":"ImageObject","inLanguage":"cs","@id":"https:\/\/evertonfc.cz\/index.php\/2020\/05\/08\/koniec-sandra-v-evertone\/#primaryimage","url":"https:\/\/evertonfc.cz\/wp-content\/uploads\/2020\/05\/sandro-ramirez-SITA-Marek-Mrvi\u0161-8-5-2020.jpg","contentUrl":"https:\/\/evertonfc.cz\/wp-content\/uploads\/2020\/05\/sandro-ramirez-SITA-Marek-Mrvi\u0161-8-5-2020.jpg","width":720,"height":405},{"@type":"BreadcrumbList","@id":"https:\/\/evertonfc.cz\/index.php\/2020\/05\/08\/koniec-sandra-v-evertone\/#breadcrumb","itemListElement":[{"@type":"ListItem","position":1,"name":"Home","item":"https:\/\/evertonfc.cz\/"},{"@type":"ListItem","position":2,"name":"Koniec Sandra v Evertone?"}]},{"@type":"WebSite","@id":"https:\/\/evertonfc.cz\/#website","url":"https:\/\/evertonfc.cz\/","name":"Official Czech &amp; Slovak Everton Supporters&#039; Club","description":"","publisher":{"@id":"https:\/\/evertonfc.cz\/#organization"},"potentialAction":[{"@type":"SearchAction","target":{"@type":"EntryPoint","urlTemplate":"https:\/\/evertonfc.cz\/?s={search_term_string}"},"query-input":{"@type":"PropertyValueSpecification","valueRequired":true,"valueName":"search_term_string"}}],"inLanguage":"cs"},{"@type":"Organization","@id":"https:\/\/evertonfc.cz\/#organization","name":"Official Czech & Slovak Everton Supporters' Club","url":"https:\/\/evertonfc.cz\/","logo":{"@type":"ImageObject","inLanguage":"cs","@id":"https:\/\/evertonfc.cz\/#\/schema\/logo\/image\/","url":"https:\/\/evertonfc.cz\/wp-content\/uploads\/2019\/05\/logo.png","contentUrl":"https:\/\/evertonfc.cz\/wp-content\/uploads\/2019\/05\/logo.png","width":112,"height":112,"caption":"Official Czech & Slovak Everton Supporters' Club"},"image":{"@id":"https:\/\/evertonfc.cz\/#\/schema\/logo\/image\/"},"sameAs":["https:\/\/www.facebook.com\/everton.fans.cz.sk"]},{"@type":"Person","@id":"https:\/\/evertonfc.cz\/#\/schema\/person\/d4493b8cbea51532597fbc4685698916","name":"BlueBlooded","url":"https:\/\/evertonfc.cz\/index.php\/author\/admin\/"}]}},"_links":{"self":[{"href":"https:\/\/evertonfc.cz\/index.php\/wp-json\/wp\/v2\/posts\/10969"}],"collection":[{"href":"https:\/\/evertonfc.cz\/index.php\/wp-json\/wp\/v2\/posts"}],"about":[{"href":"https:\/\/evertonfc.cz\/index.php\/wp-json\/wp\/v2\/types\/post"}],"author":[{"embeddable":true,"href":"https:\/\/evertonfc.cz\/index.php\/wp-json\/wp\/v2\/users\/1"}],"replies":[{"embeddable":true,"href":"https:\/\/evertonfc.cz\/index.php\/wp-json\/wp\/v2\/comments?post=10969"}],"version-history":[{"count":9,"href":"https:\/\/evertonfc.cz\/index.php\/wp-json\/wp\/v2\/posts\/10969\/revisions"}],"predecessor-version":[{"id":15991,"href":"https:\/\/evertonfc.cz\/index.php\/wp-json\/wp\/v2\/posts\/10969\/revisions\/15991"}],"wp:featuredmedia":[{"embeddable":true,"href":"https:\/\/evertonfc.cz\/index.php\/wp-json\/wp\/v2\/media\/10970"}],"wp:attachment":[{"href":"https:\/\/evertonfc.cz\/index.php\/wp-json\/wp\/v2\/media?parent=10969"}],"wp:term":[{"taxonomy":"category","embeddable":true,"href":"https:\/\/evertonfc.cz\/index.php\/wp-json\/wp\/v2\/categories?post=10969"},{"taxonomy":"post_tag","embeddable":true,"href":"https:\/\/evertonfc.cz\/index.php\/wp-json\/wp\/v2\/tags?post=10969"}],"curies":[{"name":"wp","href":"https:\/\/api.w.org\/{rel}","templated":true}]}}