{"id":10982,"date":"2020-05-11T12:31:18","date_gmt":"2020-05-11T10:31:18","guid":{"rendered":"https:\/\/evertonfc.cz\/?p=10982"},"modified":"2020-05-11T13:47:45","modified_gmt":"2020-05-11T11:47:45","slug":"kviz-s-minom","status":"publish","type":"post","link":"https:\/\/evertonfc.cz\/index.php\/2020\/05\/11\/kviz-s-minom\/","title":{"rendered":"Kv\u00edz s Minom"},"content":{"rendered":"<h4><span lang=\"SK\">V z\u00e1pasov\u00fdch programoch tejto sez\u00f3ny sa hr\u00e1\u010dov p\u00fdtali r\u00f4zne ot\u00e1zky \u2013 od ob\u013e\u00faben\u00fdch filmov a\u017e po jedlo. Ak chcete zisti\u0165 viac o Yerrym, \u010d\u00edtajte nasleduj\u00face riadky.<\/span><\/h4>\n<p><strong><em>Ob\u013e\u00faben\u00e9 mesto?<\/em><\/strong><\/p>\n<p>Cali. Je to bl\u00edzko m\u00f4jho rodn\u00e9ho mesta v\u00a0Kolumbii. Ak m\u00e1m dovolenku, r\u00e1d chod\u00edm tam. Je to fantastick\u00e9 miesto. \u013dudia tam maj\u00fa ve\u013ea radosti. A\u00a0to je pre m\u0148a d\u00f4le\u017eit\u00e9, preto\u017ee ja som tak\u00fd tie\u017e.<\/p>\n<p><em>(Cali je tretie najv\u00e4\u010d\u0161ie mesto Kolumbie, v z\u00e1padnej \u010dasti krajiny, asi 100 km od\u00a0tichomorsk\u00e9ho pobre\u017eia. Je zn\u00e1me svojimi tan\u010diar\u0148ami, kde sa tancuje salsa. Mesto b\u00fdva v Kolumbii naz\u00fdvan\u00e9 aj hlavn\u00fdm mestom \u0161portu. S\u00eddlia tu dva tradi\u010dn\u00e9 prvoligov\u00e9 futbalov\u00e9 kluby Am\u00e9rica de Cali a Deportivo Cali. Probl\u00e9mom mesta je vysok\u00e1 kriminalita. Operuje tu drogov\u00fd Cali kartel i mestsk\u00e1 guerilla. V roku 2011 do\u0161lo na katastri mesta k 1 870 vra\u017ed\u00e1m, \u010do \u010din\u00ed z Cali jedno z najnebezpe\u010dnej\u0161\u00edch miest na svete.)<\/em><\/p>\n<p><strong><em>Naj\u0165a\u017e\u0161\u00ed protivn\u00edk vo futbale?<\/em><\/strong><\/p>\n<p>Bolo to na tr\u00e9ningu, ke\u010f som hral za Barcelonu \u2013 Lionel Messi. Tento chlap\u00edk je neuverite\u013en\u00fd.<\/p>\n<p><strong><em>Najz\u00e1bavnej\u0161\u00ed spoluhr\u00e1\u010d?<\/em><\/strong><\/p>\n<p>To sa men\u00ed zo d\u0148a na de\u0148. Niekedy je to Andr\u00e9, inokedy Richy, alebo to m\u00f4\u017ee by\u0165 aj Bernard! V\u0161etci s\u00fa to ve\u013emi z\u00e1bavn\u00ed \u013eudia.<\/p>\n<p><strong><em>Ob\u013e\u00faben\u00fd \u0161portovec?<\/em><\/strong><\/p>\n<p>LeBron James. M\u00e1m r\u00e1d basketbal, pozer\u00e1m ho aj v\u00a0telev\u00edzii. A\u00a0on je \u00fa\u017easn\u00fd hr\u00e1\u010d.<\/p>\n<p><em>(Americk\u00fd profesion\u00e1lny basketbalov\u00fd hr\u00e1\u010d klubu Los Angeles Lakers z NBA. <a href=\"https:\/\/www.youtube.com\/watch?v=b117a8_jALE\" target=\"_blank\" rel=\"noopener noreferrer\">Je v\u0161eobecne pova\u017eovan\u00fd za jedn\u00e9ho z najlep\u0161\u00edch a najkomplexnej\u0161\u00edch basketbalov\u00fdch hr\u00e1\u010dov v hist\u00f3rii NBA, \u010dasto porovnan\u00fd s Michaelom Jordanom.<\/a> Medzi jeho \u00faspechy patria tri majstrovstv\u00e1 NBA, \u0161tyri ocenenia NBA pre najcennej\u0161\u00edch hr\u00e1\u010dov a dve olympijsk\u00e9 zlat\u00e9 medaile. James je dr\u017eite\u013eom rekordu v bodoch play-off. James bol vybran\u00fd do All-NBA First Team dvan\u00e1s\u0165kr\u00e1t (rekord v\u0161etk\u00fdch \u010dias), urobil All-Defensive First Team p\u00e4\u0165kr\u00e1t a hral v \u0161estn\u00e1stich All-Star hr\u00e1ch, v ktor\u00fdch bol trikr\u00e1t vybran\u00fd All-Star najcennej\u0161\u00ed hr\u00e1\u010d.)<\/em><\/p>\n<p><strong><em>Vie spieva\u0165?<\/em><\/strong><\/p>\n<p>\u00c1no, mysl\u00edm, \u017ee som dobr\u00fd spev\u00e1k. Dokonca si ka\u017ed\u00fd de\u0148 vychutn\u00e1vam spievanie v\u00a0sprche! Ale v\u00e4\u010d\u0161inou po \u0161panielsky.<\/p>\n<p><strong><em>Odkia\u013e poch\u00e1dza jeho l\u00e1ska k\u00a0tancu?<\/em><\/strong><\/p>\n<p>Z\u00a0mojej v\u00fdchovy. Je to z mojej v\u00fdchovy. V mojom rodnom meste tancuj\u00fa v\u0161etci vr\u00e1tane m\u00f4jho brata, priate\u013eov&#8230; aj ja tancujem doma. Milujem to!<\/p>\n<p><strong><em>Ob\u013e\u00faben\u00e9 jedlo?<\/em><\/strong><\/p>\n<p>Moja priate\u013eka pripravuje skvel\u00e9 jedlo. Je to ry\u017ea s kurac\u00edm m\u00e4som, mangom a zeleninou. Toto m\u00e1m ve\u013emi r\u00e1d.<\/p>\n<p><strong><em>Ob\u013e\u00faben\u00fd TV program?<\/em><\/strong><\/p>\n<p>R\u00e1d sledujem futbal! Sledujem ho st\u00e1le, ke\u010f som doma. A basketbal!<\/p>\n<p><strong><em>Najlep\u0161\u00ed moment doteraz v\u00a0kari\u00e9re?<\/em><\/strong><\/p>\n<p>Mal som ve\u013ea skvel\u00fdch z\u00e1\u017eitkov, ale keby som si musel zvoli\u0165 jeden konkr\u00e9tny okamih, bolo by to sk\u00f3rovanie za Kolumbiu proti Anglicku na Majstrovstv\u00e1ch sveta. V tej chv\u00edli som sa c\u00edtil stra\u0161ne dobre. Viem, \u017ee to bolo \u0161peci\u00e1lne aj pre moju rodinu.<\/p>\n<p><em>(Majstrovstv\u00e1 sveta 2018 v Rusku, 16-fin\u00e1le. Yerry Mina v tom z\u00e1pase strelil svoj tret\u00ed g\u00f3l na turnaji. <a href=\"https:\/\/www.youtube.com\/watch?v=oZvRjqDKtOU\" target=\"_blank\" rel=\"noopener noreferrer\">V nadstavenom \u010dase druh\u00e9ho pol\u010dasu sk\u00f3roval po rohu a vyrovnal na 1:1<\/a>, \u010d\u00edm poslal duel do pred\u013a\u017eenia a n\u00e1sledn\u00fdch pokutov\u00fdch kopov. Triumfovali v\u0161ak Angli\u010dania v pomere 5:4.)<\/em><\/p>\n<p><strong><em>Kto ho pozn\u00e1 najlep\u0161ie?<\/em><\/strong><\/p>\n<p>Moja priate\u013eka a moja rodina. Moja priate\u013eka a ja sme st\u00e1le spolu. A ja poch\u00e1dzam z miluj\u00facej rodiny. S\u00fa v\u017edy so mnou, vo v\u0161etk\u00fdch dobr\u00fdch aj zl\u00fdch chv\u00ed\u013each. To je d\u00f4le\u017eit\u00e9.<\/p>\n<p style=\"text-align: right;\"><em>(foto zdroj: evertonfc.com)<\/em><\/p>\n","protected":false},"excerpt":{"rendered":"<p>V z\u00e1pasov\u00fdch programoch tejto sez\u00f3ny sa hr\u00e1\u010dov p\u00fdtali r\u00f4zne ot\u00e1zky \u2013 od ob\u013e\u00faben\u00fdch filmov a\u017e po jedlo. Ak chcete zisti\u0165 viac o Yerrym, \u010d\u00edtajte nasleduj\u00face riadky.<\/p>\n","protected":false},"author":1,"featured_media":10981,"comment_status":"open","ping_status":"closed","sticky":false,"template":"","format":"standard","meta":{"_eb_attr":"","_monsterinsights_skip_tracking":false,"_monsterinsights_sitenote_active":false,"_monsterinsights_sitenote_note":"","_monsterinsights_sitenote_category":0,"footnotes":""},"categories":[1],"tags":[],"yoast_head":"<!-- This site is optimized with the Yoast SEO plugin v23.4 - https:\/\/yoast.com\/wordpress\/plugins\/seo\/ -->\n<title>Kv\u00edz s Minom - Official Czech &amp; Slovak Everton Supporters&#039; Club<\/title>\n<meta name=\"robots\" content=\"index, follow, max-snippet:-1, max-image-preview:large, max-video-preview:-1\" \/>\n<link rel=\"canonical\" href=\"https:\/\/evertonfc.cz\/index.php\/2020\/05\/11\/kviz-s-minom\/\" \/>\n<meta property=\"og:locale\" content=\"cs_CZ\" \/>\n<meta property=\"og:type\" content=\"article\" \/>\n<meta property=\"og:title\" content=\"Kv\u00edz s Minom - Official Czech &amp; Slovak Everton Supporters&#039; Club\" \/>\n<meta property=\"og:description\" content=\"V z\u00e1pasov\u00fdch programoch tejto sez\u00f3ny sa hr\u00e1\u010dov p\u00fdtali r\u00f4zne ot\u00e1zky \u2013 od ob\u013e\u00faben\u00fdch filmov a\u017e po jedlo. Ak chcete zisti\u0165 viac o Yerrym, \u010d\u00edtajte nasleduj\u00face riadky.\" \/>\n<meta property=\"og:url\" content=\"https:\/\/evertonfc.cz\/index.php\/2020\/05\/11\/kviz-s-minom\/\" \/>\n<meta property=\"og:site_name\" content=\"Official Czech &amp; Slovak Everton Supporters&#039; Club\" \/>\n<meta property=\"article:publisher\" content=\"https:\/\/www.facebook.com\/everton.fans.cz.sk\" \/>\n<meta property=\"article:published_time\" content=\"2020-05-11T10:31:18+00:00\" \/>\n<meta property=\"article:modified_time\" content=\"2020-05-11T11:47:45+00:00\" \/>\n<meta property=\"og:image\" content=\"https:\/\/evertonfc.cz\/wp-content\/uploads\/2020\/05\/Mina-Anfield-efc.com-11-5-2020.jpg\" \/>\n\t<meta property=\"og:image:width\" content=\"720\" \/>\n\t<meta property=\"og:image:height\" content=\"405\" \/>\n\t<meta property=\"og:image:type\" content=\"image\/jpeg\" \/>\n<meta name=\"author\" content=\"BlueBlooded\" \/>\n<meta name=\"twitter:card\" content=\"summary_large_image\" \/>\n<meta name=\"twitter:label1\" content=\"Napsal(a)\" \/>\n\t<meta name=\"twitter:data1\" content=\"BlueBlooded\" \/>\n\t<meta name=\"twitter:label2\" content=\"Odhadovan\u00e1 doba \u010dten\u00ed\" \/>\n\t<meta name=\"twitter:data2\" content=\"3 minuty\" \/>\n<script type=\"application\/ld+json\" class=\"yoast-schema-graph\">{\"@context\":\"https:\/\/schema.org\",\"@graph\":[{\"@type\":\"Article\",\"@id\":\"https:\/\/evertonfc.cz\/index.php\/2020\/05\/11\/kviz-s-minom\/#article\",\"isPartOf\":{\"@id\":\"https:\/\/evertonfc.cz\/index.php\/2020\/05\/11\/kviz-s-minom\/\"},\"author\":{\"name\":\"BlueBlooded\",\"@id\":\"https:\/\/evertonfc.cz\/#\/schema\/person\/d4493b8cbea51532597fbc4685698916\"},\"headline\":\"Kv\u00edz s Minom\",\"datePublished\":\"2020-05-11T10:31:18+00:00\",\"dateModified\":\"2020-05-11T11:47:45+00:00\",\"mainEntityOfPage\":{\"@id\":\"https:\/\/evertonfc.cz\/index.php\/2020\/05\/11\/kviz-s-minom\/\"},\"wordCount\":642,\"commentCount\":0,\"publisher\":{\"@id\":\"https:\/\/evertonfc.cz\/#organization\"},\"image\":{\"@id\":\"https:\/\/evertonfc.cz\/index.php\/2020\/05\/11\/kviz-s-minom\/#primaryimage\"},\"thumbnailUrl\":\"https:\/\/evertonfc.cz\/wp-content\/uploads\/2020\/05\/Mina-Anfield-efc.com-11-5-2020.jpg\",\"articleSection\":[\"Rozhovory\"],\"inLanguage\":\"cs\",\"potentialAction\":[{\"@type\":\"CommentAction\",\"name\":\"Comment\",\"target\":[\"https:\/\/evertonfc.cz\/index.php\/2020\/05\/11\/kviz-s-minom\/#respond\"]}]},{\"@type\":\"WebPage\",\"@id\":\"https:\/\/evertonfc.cz\/index.php\/2020\/05\/11\/kviz-s-minom\/\",\"url\":\"https:\/\/evertonfc.cz\/index.php\/2020\/05\/11\/kviz-s-minom\/\",\"name\":\"Kv\u00edz s Minom - Official Czech &amp; Slovak Everton Supporters&#039; Club\",\"isPartOf\":{\"@id\":\"https:\/\/evertonfc.cz\/#website\"},\"primaryImageOfPage\":{\"@id\":\"https:\/\/evertonfc.cz\/index.php\/2020\/05\/11\/kviz-s-minom\/#primaryimage\"},\"image\":{\"@id\":\"https:\/\/evertonfc.cz\/index.php\/2020\/05\/11\/kviz-s-minom\/#primaryimage\"},\"thumbnailUrl\":\"https:\/\/evertonfc.cz\/wp-content\/uploads\/2020\/05\/Mina-Anfield-efc.com-11-5-2020.jpg\",\"datePublished\":\"2020-05-11T10:31:18+00:00\",\"dateModified\":\"2020-05-11T11:47:45+00:00\",\"breadcrumb\":{\"@id\":\"https:\/\/evertonfc.cz\/index.php\/2020\/05\/11\/kviz-s-minom\/#breadcrumb\"},\"inLanguage\":\"cs\",\"potentialAction\":[{\"@type\":\"ReadAction\",\"target\":[\"https:\/\/evertonfc.cz\/index.php\/2020\/05\/11\/kviz-s-minom\/\"]}]},{\"@type\":\"ImageObject\",\"inLanguage\":\"cs\",\"@id\":\"https:\/\/evertonfc.cz\/index.php\/2020\/05\/11\/kviz-s-minom\/#primaryimage\",\"url\":\"https:\/\/evertonfc.cz\/wp-content\/uploads\/2020\/05\/Mina-Anfield-efc.com-11-5-2020.jpg\",\"contentUrl\":\"https:\/\/evertonfc.cz\/wp-content\/uploads\/2020\/05\/Mina-Anfield-efc.com-11-5-2020.jpg\",\"width\":720,\"height\":405},{\"@type\":\"BreadcrumbList\",\"@id\":\"https:\/\/evertonfc.cz\/index.php\/2020\/05\/11\/kviz-s-minom\/#breadcrumb\",\"itemListElement\":[{\"@type\":\"ListItem\",\"position\":1,\"name\":\"Home\",\"item\":\"https:\/\/evertonfc.cz\/\"},{\"@type\":\"ListItem\",\"position\":2,\"name\":\"Kv\u00edz s Minom\"}]},{\"@type\":\"WebSite\",\"@id\":\"https:\/\/evertonfc.cz\/#website\",\"url\":\"https:\/\/evertonfc.cz\/\",\"name\":\"Official Czech &amp; Slovak Everton Supporters&#039; Club\",\"description\":\"\",\"publisher\":{\"@id\":\"https:\/\/evertonfc.cz\/#organization\"},\"potentialAction\":[{\"@type\":\"SearchAction\",\"target\":{\"@type\":\"EntryPoint\",\"urlTemplate\":\"https:\/\/evertonfc.cz\/?s={search_term_string}\"},\"query-input\":{\"@type\":\"PropertyValueSpecification\",\"valueRequired\":true,\"valueName\":\"search_term_string\"}}],\"inLanguage\":\"cs\"},{\"@type\":\"Organization\",\"@id\":\"https:\/\/evertonfc.cz\/#organization\",\"name\":\"Official Czech & Slovak Everton Supporters' Club\",\"url\":\"https:\/\/evertonfc.cz\/\",\"logo\":{\"@type\":\"ImageObject\",\"inLanguage\":\"cs\",\"@id\":\"https:\/\/evertonfc.cz\/#\/schema\/logo\/image\/\",\"url\":\"https:\/\/evertonfc.cz\/wp-content\/uploads\/2019\/05\/logo.png\",\"contentUrl\":\"https:\/\/evertonfc.cz\/wp-content\/uploads\/2019\/05\/logo.png\",\"width\":112,\"height\":112,\"caption\":\"Official Czech & Slovak Everton Supporters' Club\"},\"image\":{\"@id\":\"https:\/\/evertonfc.cz\/#\/schema\/logo\/image\/\"},\"sameAs\":[\"https:\/\/www.facebook.com\/everton.fans.cz.sk\"]},{\"@type\":\"Person\",\"@id\":\"https:\/\/evertonfc.cz\/#\/schema\/person\/d4493b8cbea51532597fbc4685698916\",\"name\":\"BlueBlooded\",\"url\":\"https:\/\/evertonfc.cz\/index.php\/author\/admin\/\"}]}<\/script>\n<!-- \/ Yoast SEO plugin. -->","yoast_head_json":{"title":"Kv\u00edz s Minom - Official Czech &amp; Slovak Everton Supporters&#039; Club","robots":{"index":"index","follow":"follow","max-snippet":"max-snippet:-1","max-image-preview":"max-image-preview:large","max-video-preview":"max-video-preview:-1"},"canonical":"https:\/\/evertonfc.cz\/index.php\/2020\/05\/11\/kviz-s-minom\/","og_locale":"cs_CZ","og_type":"article","og_title":"Kv\u00edz s Minom - Official Czech &amp; Slovak Everton Supporters&#039; Club","og_description":"V z\u00e1pasov\u00fdch programoch tejto sez\u00f3ny sa hr\u00e1\u010dov p\u00fdtali r\u00f4zne ot\u00e1zky \u2013 od ob\u013e\u00faben\u00fdch filmov a\u017e po jedlo. Ak chcete zisti\u0165 viac o Yerrym, \u010d\u00edtajte nasleduj\u00face riadky.","og_url":"https:\/\/evertonfc.cz\/index.php\/2020\/05\/11\/kviz-s-minom\/","og_site_name":"Official Czech &amp; Slovak Everton Supporters&#039; Club","article_publisher":"https:\/\/www.facebook.com\/everton.fans.cz.sk","article_published_time":"2020-05-11T10:31:18+00:00","article_modified_time":"2020-05-11T11:47:45+00:00","og_image":[{"width":720,"height":405,"url":"https:\/\/evertonfc.cz\/wp-content\/uploads\/2020\/05\/Mina-Anfield-efc.com-11-5-2020.jpg","type":"image\/jpeg"}],"author":"BlueBlooded","twitter_card":"summary_large_image","twitter_misc":{"Napsal(a)":"BlueBlooded","Odhadovan\u00e1 doba \u010dten\u00ed":"3 minuty"},"schema":{"@context":"https:\/\/schema.org","@graph":[{"@type":"Article","@id":"https:\/\/evertonfc.cz\/index.php\/2020\/05\/11\/kviz-s-minom\/#article","isPartOf":{"@id":"https:\/\/evertonfc.cz\/index.php\/2020\/05\/11\/kviz-s-minom\/"},"author":{"name":"BlueBlooded","@id":"https:\/\/evertonfc.cz\/#\/schema\/person\/d4493b8cbea51532597fbc4685698916"},"headline":"Kv\u00edz s Minom","datePublished":"2020-05-11T10:31:18+00:00","dateModified":"2020-05-11T11:47:45+00:00","mainEntityOfPage":{"@id":"https:\/\/evertonfc.cz\/index.php\/2020\/05\/11\/kviz-s-minom\/"},"wordCount":642,"commentCount":0,"publisher":{"@id":"https:\/\/evertonfc.cz\/#organization"},"image":{"@id":"https:\/\/evertonfc.cz\/index.php\/2020\/05\/11\/kviz-s-minom\/#primaryimage"},"thumbnailUrl":"https:\/\/evertonfc.cz\/wp-content\/uploads\/2020\/05\/Mina-Anfield-efc.com-11-5-2020.jpg","articleSection":["Rozhovory"],"inLanguage":"cs","potentialAction":[{"@type":"CommentAction","name":"Comment","target":["https:\/\/evertonfc.cz\/index.php\/2020\/05\/11\/kviz-s-minom\/#respond"]}]},{"@type":"WebPage","@id":"https:\/\/evertonfc.cz\/index.php\/2020\/05\/11\/kviz-s-minom\/","url":"https:\/\/evertonfc.cz\/index.php\/2020\/05\/11\/kviz-s-minom\/","name":"Kv\u00edz s Minom - Official Czech &amp; Slovak Everton Supporters&#039; Club","isPartOf":{"@id":"https:\/\/evertonfc.cz\/#website"},"primaryImageOfPage":{"@id":"https:\/\/evertonfc.cz\/index.php\/2020\/05\/11\/kviz-s-minom\/#primaryimage"},"image":{"@id":"https:\/\/evertonfc.cz\/index.php\/2020\/05\/11\/kviz-s-minom\/#primaryimage"},"thumbnailUrl":"https:\/\/evertonfc.cz\/wp-content\/uploads\/2020\/05\/Mina-Anfield-efc.com-11-5-2020.jpg","datePublished":"2020-05-11T10:31:18+00:00","dateModified":"2020-05-11T11:47:45+00:00","breadcrumb":{"@id":"https:\/\/evertonfc.cz\/index.php\/2020\/05\/11\/kviz-s-minom\/#breadcrumb"},"inLanguage":"cs","potentialAction":[{"@type":"ReadAction","target":["https:\/\/evertonfc.cz\/index.php\/2020\/05\/11\/kviz-s-minom\/"]}]},{"@type":"ImageObject","inLanguage":"cs","@id":"https:\/\/evertonfc.cz\/index.php\/2020\/05\/11\/kviz-s-minom\/#primaryimage","url":"https:\/\/evertonfc.cz\/wp-content\/uploads\/2020\/05\/Mina-Anfield-efc.com-11-5-2020.jpg","contentUrl":"https:\/\/evertonfc.cz\/wp-content\/uploads\/2020\/05\/Mina-Anfield-efc.com-11-5-2020.jpg","width":720,"height":405},{"@type":"BreadcrumbList","@id":"https:\/\/evertonfc.cz\/index.php\/2020\/05\/11\/kviz-s-minom\/#breadcrumb","itemListElement":[{"@type":"ListItem","position":1,"name":"Home","item":"https:\/\/evertonfc.cz\/"},{"@type":"ListItem","position":2,"name":"Kv\u00edz s Minom"}]},{"@type":"WebSite","@id":"https:\/\/evertonfc.cz\/#website","url":"https:\/\/evertonfc.cz\/","name":"Official Czech &amp; Slovak Everton Supporters&#039; Club","description":"","publisher":{"@id":"https:\/\/evertonfc.cz\/#organization"},"potentialAction":[{"@type":"SearchAction","target":{"@type":"EntryPoint","urlTemplate":"https:\/\/evertonfc.cz\/?s={search_term_string}"},"query-input":{"@type":"PropertyValueSpecification","valueRequired":true,"valueName":"search_term_string"}}],"inLanguage":"cs"},{"@type":"Organization","@id":"https:\/\/evertonfc.cz\/#organization","name":"Official Czech & Slovak Everton Supporters' Club","url":"https:\/\/evertonfc.cz\/","logo":{"@type":"ImageObject","inLanguage":"cs","@id":"https:\/\/evertonfc.cz\/#\/schema\/logo\/image\/","url":"https:\/\/evertonfc.cz\/wp-content\/uploads\/2019\/05\/logo.png","contentUrl":"https:\/\/evertonfc.cz\/wp-content\/uploads\/2019\/05\/logo.png","width":112,"height":112,"caption":"Official Czech & Slovak Everton Supporters' Club"},"image":{"@id":"https:\/\/evertonfc.cz\/#\/schema\/logo\/image\/"},"sameAs":["https:\/\/www.facebook.com\/everton.fans.cz.sk"]},{"@type":"Person","@id":"https:\/\/evertonfc.cz\/#\/schema\/person\/d4493b8cbea51532597fbc4685698916","name":"BlueBlooded","url":"https:\/\/evertonfc.cz\/index.php\/author\/admin\/"}]}},"_links":{"self":[{"href":"https:\/\/evertonfc.cz\/index.php\/wp-json\/wp\/v2\/posts\/10982"}],"collection":[{"href":"https:\/\/evertonfc.cz\/index.php\/wp-json\/wp\/v2\/posts"}],"about":[{"href":"https:\/\/evertonfc.cz\/index.php\/wp-json\/wp\/v2\/types\/post"}],"author":[{"embeddable":true,"href":"https:\/\/evertonfc.cz\/index.php\/wp-json\/wp\/v2\/users\/1"}],"replies":[{"embeddable":true,"href":"https:\/\/evertonfc.cz\/index.php\/wp-json\/wp\/v2\/comments?post=10982"}],"version-history":[{"count":2,"href":"https:\/\/evertonfc.cz\/index.php\/wp-json\/wp\/v2\/posts\/10982\/revisions"}],"predecessor-version":[{"id":10984,"href":"https:\/\/evertonfc.cz\/index.php\/wp-json\/wp\/v2\/posts\/10982\/revisions\/10984"}],"wp:featuredmedia":[{"embeddable":true,"href":"https:\/\/evertonfc.cz\/index.php\/wp-json\/wp\/v2\/media\/10981"}],"wp:attachment":[{"href":"https:\/\/evertonfc.cz\/index.php\/wp-json\/wp\/v2\/media?parent=10982"}],"wp:term":[{"taxonomy":"category","embeddable":true,"href":"https:\/\/evertonfc.cz\/index.php\/wp-json\/wp\/v2\/categories?post=10982"},{"taxonomy":"post_tag","embeddable":true,"href":"https:\/\/evertonfc.cz\/index.php\/wp-json\/wp\/v2\/tags?post=10982"}],"curies":[{"name":"wp","href":"https:\/\/api.w.org\/{rel}","templated":true}]}}