{"id":11000,"date":"2020-05-18T09:42:41","date_gmt":"2020-05-18T07:42:41","guid":{"rendered":"https:\/\/evertonfc.cz\/?p=11000"},"modified":"2020-05-18T10:09:46","modified_gmt":"2020-05-18T08:09:46","slug":"politika-akademie-sa-meni","status":"publish","type":"post","link":"https:\/\/evertonfc.cz\/index.php\/2020\/05\/18\/politika-akademie-sa-meni\/","title":{"rendered":"Politika akad\u00e9mie sa men\u00ed"},"content":{"rendered":"<h4>Pod\u013ea najnov\u0161\u00edch spr\u00e1v sa viacer\u00e9 st\u00e1lice ml\u00e1de\u017en\u00edckych t\u00edmov prekvapivo nedo\u010dkaj\u00fa nov\u00fdch kontraktov, \u010di pred\u013a\u017een\u00ed zml\u00fav. T\u00fdka sa to minim\u00e1lne \u0161tyroch hr\u00e1\u010dov.<\/h4>\n<p>Tieto inform\u00e1cie priniesol v sobotu hlavn\u00fd report\u00e9r pre Everton denn\u00edka Liverpool Echo, Phil Kirkbride. E\u0161te predt\u00fdm si v\u0161ak pozit\u00edvne spr\u00e1vy vypo\u010duj\u00fa Nathangelo Markelo a Con Ouzounidis. T\u00ed bud\u00fa m\u00f4c\u0165 pred\u013a\u017ei\u0165 svoje zmluvy a pri prvom menovanom sa po\u010d\u00edta s hos\u0165ovan\u00edm v Holandsku.<\/p>\n<p>Naopak, spom\u00ednan\u00ed prepusten\u00ed hr\u00e1\u010di maj\u00fa by\u0165 Matthew Foulds (potvrdil to aj na Twitteri), Alex Denny, Manasse Mampala a Morgan Feeney, kapit\u00e1n v\u00fdberu U23. Ist\u00ed so v\u0161etk\u00fdmi si budeme ale a\u017e na za\u010diatku j\u00fana, ke\u010f klub zverejn\u00ed zoznam prepusten\u00fdch hr\u00e1\u010dov. Ak sa tak stane, bude to predstavova\u0165 sign\u00e1l vcelku z\u00e1va\u017enej zmeny vo fungovan\u00ed na Finch Farm, na ktorej \u010dele s\u00a0ur\u010ditos\u0165ou stoj\u00ed \u0161portov\u00fd riadite\u013e Marcel Brands.<\/p>\n<p>V\u00a0minulosti sme toti\u017e boli svedkami \u010dasto neopodstatnen\u00e9ho dr\u017eania hr\u00e1\u010dov, ktor\u00ed bu\u010f v\u010faka zatarasenej ceste do prv\u00e9ho t\u00edmu zbyto\u010dne mrhali klubov\u00fdmi zdrojmi, alebo sa\u00a0ut\u00e1pali v\u00a0mori zbyto\u010dn\u00fdch hos\u0165ovan\u00ed pri nedostato\u010dnej kvalite pre prv\u00fd t\u00edm. Pri mnoh\u00fdch men\u00e1ch sa The Toffees n\u00e1sledne dostali do situ\u00e1cie, ke\u010f pon\u00faknut\u00e9 kontrakty prakticky odrasten\u00fdm hr\u00e1\u010dom prevy\u0161ovali \u0161tandard akad\u00e9mie.<\/p>\n<p>Ako v\u00a0d\u013a\u017eke, tak v hodnote. V\u00a0nadv\u00e4znosti na to sa klub pot\u00fdkal s\u00a0probl\u00e9mami pri predaji, \u010di p\u00f4\u017ei\u010dk\u00e1ch, kde vysok\u00fd plat znemo\u017e\u0148oval n\u00e1js\u0165 vhodn\u00e9ho z\u00e1ujemcu. Bohu\u017eia\u013e, medzi tieto pr\u00edpady, \u010dasto aj v\u00a0kombin\u00e1cii vy\u0161\u0161ie uveden\u00fdch faktorov, m\u00f4\u017eeme zaradi\u0165 men\u00e1 ako <a href=\"https:\/\/evertonfc.cz\/index.php\/soupiska\/matthew-pennington\/\" target=\"_blank\" rel=\"noopener noreferrer\">Matthew Pennington<\/a>, <a href=\"https:\/\/evertonfc.cz\/index.php\/soupiska\/callum-connolly\/\" target=\"_blank\" rel=\"noopener noreferrer\">Callum Connolly<\/a>, <a href=\"https:\/\/evertonfc.cz\/index.php\/soupiska\/luke-garbutt\/\" target=\"_blank\" rel=\"noopener noreferrer\">Luke Garbutt<\/a>, ale aj <a href=\"https:\/\/evertonfc.cz\/index.php\/soupiska\/kieran-dowell\/\" target=\"_blank\" rel=\"noopener noreferrer\">Kieran Dowell<\/a>, navzdory v\u0161etk\u00fdm predpokladom.<\/p>\n<p>Z t\u00fdchto zmien by mal profitova\u0165 hlavne prv\u00fd t\u00edm. Cie\u013eom je toti\u017e vyselektova\u0165 kvalitu od kvantity a nekl\u00e1s\u0165 d\u00f4raz na dosiahnutie \u00faspechov dorasteneck\u00fdch dru\u017estiev, ale na ich rozvoj pre A mu\u017estvo. Davida Unswortha teda \u010dak\u00e1 zmena. Aktu\u00e1lna sez\u00f3na pre neho znamenala aj genera\u010dn\u00fd prechod, \u010do vy\u00fastilo aj v slab\u0161ie v\u00fdsledkov\u00e9 umiestnenie, narozdiel od posledn\u00fdch troch rokov, kedy s U23 z\u00edskal dva ligov\u00e9 tituly a jeden poh\u00e1r.<\/p>\n<hr \/>\n<h4>Morgan Feeney<\/h4>\n<p>\u010cerstvo dvadsa\u0165jedenro\u010dn\u00fd stop\u00e9r zo starej \u0161koly, ktor\u00fd bol dlho pova\u017eovan\u00fd za jasn\u00e9ho n\u00e1stupcu Davea Watsona v Evertone. V sez\u00f3ne 2017\/18 si prevzal od klubu cenu Young Player of the Year. Dr\u017eite\u013e spom\u00ednan\u00fdch titulov s U23 je prirodzen\u00fd l\u00edder a bol kapit\u00e1nom v\u00fdberu Anglicka do 18 rokov. T\u00fato \u00falohu rovnako zast\u00e1val v klube, aj vo v\u00fdbere do 23 rokov. Jeho zmluva vypr\u0161\u00ed toto leto.<\/p>\n<p>A\u00a0ke\u010f\u017ee novej sa pod\u013ea spr\u00e1v nedo\u010dk\u00e1, pre celo\u017eivotn\u00e9ho fan\u00fa\u0161ika Evertonu a\u00a0dr\u017eite\u013ea permanentky na Gwladys Street je to iste trpk\u00e1 spr\u00e1va. Svedomie si v\u0161ak op\u00e4\u0165 m\u00f4\u017ee spytova\u0165 klub. Na vrchole pozornosti a\u00a0\u00faspechov ho nezapojil do prv\u00e9ho t\u00edmu a\u00a0neposlal ani na hos\u0165ovanie, a\u017e t\u00fato zimu, ke\u010f odi\u0161iel vypom\u00f4c\u0165 zraneniami su\u017euj\u00faceho suseda zo \u0161tvrte Wirral, Tranmere Rovers.<\/p>\n<p>Ako naschv\u00e1l sa zranil aj on, a to na konci jeho prv\u00e9ho z\u00e1pasu proti Boltonu Wanderers. U\u017e po p\u00e1r d\u0148och vysvitlo, \u017ee nadtrhnut\u00fd hamstring si vy\u017eiada dlhodob\u00e9 lie\u010denie na Finch Farm. Pod\u013ea spr\u00e1v sa v\u0161ak klub pon\u00fakol\u00a0hr\u00e1\u010dovi po vylie\u010den\u00ed mo\u017enos\u0165 zapoji\u0165 sa do letnej pr\u00edpravy, k\u00fdm si nen\u00e1jde nov\u00e9ho zamestn\u00e1vate\u013ea.<\/p>\n<h4>Matthew Foulds<\/h4>\n<p>\u010eal\u0161\u00ed stavebn\u00fd kame\u0148 B t\u00edmu, pri\u0161iel do Everton v\u00a0janu\u00e1ri 2016 z tre\u0165oligov\u00e9ho\u00a0Bury za 300 tis\u00edc libier. Tento vy\u010dnievaj\u00faci talent tamoj\u0161ej akad\u00e9mie na poz\u00edcii \u013eav\u00e9ho obrancu bol podpis Roberta Mart\u00edneza. Pre jeho techniku mal nasledova\u0165 vy\u0161liapan\u00fd chodn\u00edk Johna Stonesa Brendana Gallowaya a Masona Holgatea.<\/p>\n<blockquote class=\"twitter-tweet\" data-width=\"550\" data-dnt=\"true\">\n<p lang=\"en\" dir=\"ltr\">After 4 seasons <a href=\"https:\/\/twitter.com\/Everton?ref_src=twsrc%5Etfw\">@Everton<\/a>, I will be leaving the club at the end of the season, achieving 2 league titles and a cup during my time at the blues, I\u2019m leaving with nothing but good memories, I\u2019ve worked with some great lads and staff over the seasons and made some friends for (1\/2) <a href=\"https:\/\/t.co\/tOHyw2Dklc\">pic.twitter.com\/tOHyw2Dklc<\/a><\/p>\n<p>&mdash; Matty Foulds (@MatthewFoulds98) <a href=\"https:\/\/twitter.com\/MatthewFoulds98\/status\/1261752478518870023?ref_src=twsrc%5Etfw\">May 16, 2020<\/a><\/p><\/blockquote>\n<p><script async src=\"https:\/\/platform.twitter.com\/widgets.js\" charset=\"utf-8\"><\/script><\/p>\n<p>Prispel tie\u017e k v\u00ed\u0165azn\u00e9mu \u0165a\u017eeniu U23, na hos\u0165ovan\u00ed v\u0161ak 22 ro\u010dn\u00fd rod\u00e1k z Bradfordu nebol. K A-\u010dku sa nedostal aj napriek nedostatku \u013eavonoh\u00fdch obrancov v sez\u00f3ne 2017\/18. Unsworth si ho pod\u013ea vlastn\u00fdch slov cen\u00ed. Ale v zimn\u00fdch mesiacoch u\u017e predpovedal jeho odchod, nako\u013eko na jeho pokrok potrebuje hr\u00e1va\u0165 mu\u017esk\u00fd futbal.<\/p>\n<h4>Alex Denny<\/h4>\n<p>\u010cerstvo dvadsa\u0165ro\u010dn\u00fd defenz\u00edvny z\u00e1lo\u017en\u00edk sa pripojil k Evertonu ako dev\u00e4\u0165ro\u010dn\u00fd mlad\u00edk z\u00a0Manchesteru City. Svoj debut za prv\u00fd t\u00edm si odbil v\u00a0Eur\u00f3pskej lige pri v\u00fdhre nad cypersk\u00fdm Apollon Limassol, \u010do mu otvorilo cestu do v\u00fdberu U23. Taktie\u017e reprezentoval Anglicko na \u00farovni do 17 a\u00a018 rokov. Jeho kari\u00e9ru na Finch Farm v\u0161ak poznamenali zranenia a\u00a0nepatril t\u00fdm p\u00e1dom medzi \u00fastredn\u00e9 postavy.<\/p>\n<h4>Manasse Mampala<\/h4>\n<p>Ani nie dvadsa\u0165ro\u010dn\u00fd \u00fato\u010dn\u00edk sa narodil v Kinshase v DR Kongu a pres\u0165ahoval sa do Anglicka vo veku len dvoch rokov. Do akad\u00e9mie Evertonu pri\u0161iel v roku 2016 . V sez\u00f3ne 2017\/18 zaknihoval za U18 Paul Taita skvel\u00fa sez\u00f3nu, ke\u010f prispel 11 g\u00f3lmi a 6 asistenciami v 18 z\u00e1pasoch. Po\u010das sez\u00f3ny 2018-19 v\u0161ak ve\u013ea popri konkurencii Bassala Samboua neodohral a prestal by\u0165 produkt\u00edvny.<\/p>\n<p>Napriek tomu to sta\u010dilo, aby z\u00edskal \u010fal\u0161ie jednoro\u010dn\u00e9 pred\u013a\u017eenie svojej zmluvy, a ke\u010f Sambou odmietol nov\u00fa zluvu a odi\u0161iel do Fortuny Sittard, Manasse vyzeral, \u017ee m\u00e1 v\u00e4\u010d\u0161iu \u0161ancu preuk\u00e1za\u0165 svoje schopnosti na tejto \u00farovni. Napriek tomu ho op\u00e4\u0165 niekto predbehol, tentoraz Ellis Simms. Kompletn\u00fdch 90 min\u00fat odohral v tejto sez\u00f3ne iba raz. Preto jeho prepustenie nie je \u017eiadnym prekvapen\u00edm.<\/p>\n<p style=\"text-align: right;\"><em>(foto zdroj: football-addict.com)<\/em><\/p>\n","protected":false},"excerpt":{"rendered":"<p>Pod\u013ea najnov\u0161\u00edch spr\u00e1v sa viacer\u00e9 st\u00e1lice ml\u00e1de\u017en\u00edckych t\u00edmov prekvapivo nedo\u010dkaj\u00fa nov\u00fdch kontraktov, \u010di pred\u013a\u017een\u00ed zml\u00fav. T\u00fdka sa to minim\u00e1lne \u0161tyroch hr\u00e1\u010dov.<\/p>\n","protected":false},"author":1,"featured_media":11001,"comment_status":"open","ping_status":"closed","sticky":false,"template":"","format":"standard","meta":{"_eb_attr":"","_monsterinsights_skip_tracking":false,"_monsterinsights_sitenote_active":false,"_monsterinsights_sitenote_note":"","_monsterinsights_sitenote_category":0,"footnotes":""},"categories":[42],"tags":[],"yoast_head":"<!-- This site is optimized with the Yoast SEO plugin v23.4 - https:\/\/yoast.com\/wordpress\/plugins\/seo\/ -->\n<title>Politika akad\u00e9mie sa men\u00ed - Official Czech &amp; Slovak Everton Supporters&#039; Club<\/title>\n<meta name=\"robots\" content=\"index, follow, max-snippet:-1, max-image-preview:large, max-video-preview:-1\" \/>\n<link rel=\"canonical\" href=\"https:\/\/evertonfc.cz\/index.php\/2020\/05\/18\/politika-akademie-sa-meni\/\" \/>\n<meta property=\"og:locale\" content=\"cs_CZ\" \/>\n<meta property=\"og:type\" content=\"article\" \/>\n<meta property=\"og:title\" content=\"Politika akad\u00e9mie sa men\u00ed - Official Czech &amp; Slovak Everton Supporters&#039; Club\" \/>\n<meta property=\"og:description\" content=\"Pod\u013ea najnov\u0161\u00edch spr\u00e1v sa viacer\u00e9 st\u00e1lice ml\u00e1de\u017en\u00edckych t\u00edmov prekvapivo nedo\u010dkaj\u00fa nov\u00fdch kontraktov, \u010di pred\u013a\u017een\u00ed zml\u00fav. T\u00fdka sa to minim\u00e1lne \u0161tyroch hr\u00e1\u010dov.\" \/>\n<meta property=\"og:url\" content=\"https:\/\/evertonfc.cz\/index.php\/2020\/05\/18\/politika-akademie-sa-meni\/\" \/>\n<meta property=\"og:site_name\" content=\"Official Czech &amp; Slovak Everton Supporters&#039; Club\" \/>\n<meta property=\"article:publisher\" content=\"https:\/\/www.facebook.com\/everton.fans.cz.sk\" \/>\n<meta property=\"article:published_time\" content=\"2020-05-18T07:42:41+00:00\" \/>\n<meta property=\"article:modified_time\" content=\"2020-05-18T08:09:46+00:00\" \/>\n<meta property=\"og:image\" content=\"https:\/\/evertonfc.cz\/wp-content\/uploads\/2020\/05\/Feeney-U23-18-5-2020.jpg\" \/>\n\t<meta property=\"og:image:width\" content=\"720\" \/>\n\t<meta property=\"og:image:height\" content=\"405\" \/>\n\t<meta property=\"og:image:type\" content=\"image\/jpeg\" \/>\n<meta name=\"author\" content=\"BlueBlooded\" \/>\n<meta name=\"twitter:card\" content=\"summary_large_image\" \/>\n<meta name=\"twitter:label1\" content=\"Napsal(a)\" \/>\n\t<meta name=\"twitter:data1\" content=\"BlueBlooded\" \/>\n\t<meta name=\"twitter:label2\" content=\"Odhadovan\u00e1 doba \u010dten\u00ed\" \/>\n\t<meta name=\"twitter:data2\" content=\"5 minut\" \/>\n<script type=\"application\/ld+json\" class=\"yoast-schema-graph\">{\"@context\":\"https:\/\/schema.org\",\"@graph\":[{\"@type\":\"Article\",\"@id\":\"https:\/\/evertonfc.cz\/index.php\/2020\/05\/18\/politika-akademie-sa-meni\/#article\",\"isPartOf\":{\"@id\":\"https:\/\/evertonfc.cz\/index.php\/2020\/05\/18\/politika-akademie-sa-meni\/\"},\"author\":{\"name\":\"BlueBlooded\",\"@id\":\"https:\/\/evertonfc.cz\/#\/schema\/person\/d4493b8cbea51532597fbc4685698916\"},\"headline\":\"Politika akad\u00e9mie sa men\u00ed\",\"datePublished\":\"2020-05-18T07:42:41+00:00\",\"dateModified\":\"2020-05-18T08:09:46+00:00\",\"mainEntityOfPage\":{\"@id\":\"https:\/\/evertonfc.cz\/index.php\/2020\/05\/18\/politika-akademie-sa-meni\/\"},\"wordCount\":995,\"commentCount\":1,\"publisher\":{\"@id\":\"https:\/\/evertonfc.cz\/#organization\"},\"image\":{\"@id\":\"https:\/\/evertonfc.cz\/index.php\/2020\/05\/18\/politika-akademie-sa-meni\/#primaryimage\"},\"thumbnailUrl\":\"https:\/\/evertonfc.cz\/wp-content\/uploads\/2020\/05\/Feeney-U23-18-5-2020.jpg\",\"articleSection\":[\"Aktuality\"],\"inLanguage\":\"cs\",\"potentialAction\":[{\"@type\":\"CommentAction\",\"name\":\"Comment\",\"target\":[\"https:\/\/evertonfc.cz\/index.php\/2020\/05\/18\/politika-akademie-sa-meni\/#respond\"]}]},{\"@type\":\"WebPage\",\"@id\":\"https:\/\/evertonfc.cz\/index.php\/2020\/05\/18\/politika-akademie-sa-meni\/\",\"url\":\"https:\/\/evertonfc.cz\/index.php\/2020\/05\/18\/politika-akademie-sa-meni\/\",\"name\":\"Politika akad\u00e9mie sa men\u00ed - Official Czech &amp; Slovak Everton Supporters&#039; Club\",\"isPartOf\":{\"@id\":\"https:\/\/evertonfc.cz\/#website\"},\"primaryImageOfPage\":{\"@id\":\"https:\/\/evertonfc.cz\/index.php\/2020\/05\/18\/politika-akademie-sa-meni\/#primaryimage\"},\"image\":{\"@id\":\"https:\/\/evertonfc.cz\/index.php\/2020\/05\/18\/politika-akademie-sa-meni\/#primaryimage\"},\"thumbnailUrl\":\"https:\/\/evertonfc.cz\/wp-content\/uploads\/2020\/05\/Feeney-U23-18-5-2020.jpg\",\"datePublished\":\"2020-05-18T07:42:41+00:00\",\"dateModified\":\"2020-05-18T08:09:46+00:00\",\"breadcrumb\":{\"@id\":\"https:\/\/evertonfc.cz\/index.php\/2020\/05\/18\/politika-akademie-sa-meni\/#breadcrumb\"},\"inLanguage\":\"cs\",\"potentialAction\":[{\"@type\":\"ReadAction\",\"target\":[\"https:\/\/evertonfc.cz\/index.php\/2020\/05\/18\/politika-akademie-sa-meni\/\"]}]},{\"@type\":\"ImageObject\",\"inLanguage\":\"cs\",\"@id\":\"https:\/\/evertonfc.cz\/index.php\/2020\/05\/18\/politika-akademie-sa-meni\/#primaryimage\",\"url\":\"https:\/\/evertonfc.cz\/wp-content\/uploads\/2020\/05\/Feeney-U23-18-5-2020.jpg\",\"contentUrl\":\"https:\/\/evertonfc.cz\/wp-content\/uploads\/2020\/05\/Feeney-U23-18-5-2020.jpg\",\"width\":720,\"height\":405},{\"@type\":\"BreadcrumbList\",\"@id\":\"https:\/\/evertonfc.cz\/index.php\/2020\/05\/18\/politika-akademie-sa-meni\/#breadcrumb\",\"itemListElement\":[{\"@type\":\"ListItem\",\"position\":1,\"name\":\"Home\",\"item\":\"https:\/\/evertonfc.cz\/\"},{\"@type\":\"ListItem\",\"position\":2,\"name\":\"Politika akad\u00e9mie sa men\u00ed\"}]},{\"@type\":\"WebSite\",\"@id\":\"https:\/\/evertonfc.cz\/#website\",\"url\":\"https:\/\/evertonfc.cz\/\",\"name\":\"Official Czech &amp; Slovak Everton Supporters&#039; Club\",\"description\":\"\",\"publisher\":{\"@id\":\"https:\/\/evertonfc.cz\/#organization\"},\"potentialAction\":[{\"@type\":\"SearchAction\",\"target\":{\"@type\":\"EntryPoint\",\"urlTemplate\":\"https:\/\/evertonfc.cz\/?s={search_term_string}\"},\"query-input\":{\"@type\":\"PropertyValueSpecification\",\"valueRequired\":true,\"valueName\":\"search_term_string\"}}],\"inLanguage\":\"cs\"},{\"@type\":\"Organization\",\"@id\":\"https:\/\/evertonfc.cz\/#organization\",\"name\":\"Official Czech & Slovak Everton Supporters' Club\",\"url\":\"https:\/\/evertonfc.cz\/\",\"logo\":{\"@type\":\"ImageObject\",\"inLanguage\":\"cs\",\"@id\":\"https:\/\/evertonfc.cz\/#\/schema\/logo\/image\/\",\"url\":\"https:\/\/evertonfc.cz\/wp-content\/uploads\/2019\/05\/logo.png\",\"contentUrl\":\"https:\/\/evertonfc.cz\/wp-content\/uploads\/2019\/05\/logo.png\",\"width\":112,\"height\":112,\"caption\":\"Official Czech & Slovak Everton Supporters' Club\"},\"image\":{\"@id\":\"https:\/\/evertonfc.cz\/#\/schema\/logo\/image\/\"},\"sameAs\":[\"https:\/\/www.facebook.com\/everton.fans.cz.sk\"]},{\"@type\":\"Person\",\"@id\":\"https:\/\/evertonfc.cz\/#\/schema\/person\/d4493b8cbea51532597fbc4685698916\",\"name\":\"BlueBlooded\",\"url\":\"https:\/\/evertonfc.cz\/index.php\/author\/admin\/\"}]}<\/script>\n<!-- \/ Yoast SEO plugin. -->","yoast_head_json":{"title":"Politika akad\u00e9mie sa men\u00ed - Official Czech &amp; Slovak Everton Supporters&#039; Club","robots":{"index":"index","follow":"follow","max-snippet":"max-snippet:-1","max-image-preview":"max-image-preview:large","max-video-preview":"max-video-preview:-1"},"canonical":"https:\/\/evertonfc.cz\/index.php\/2020\/05\/18\/politika-akademie-sa-meni\/","og_locale":"cs_CZ","og_type":"article","og_title":"Politika akad\u00e9mie sa men\u00ed - Official Czech &amp; Slovak Everton Supporters&#039; Club","og_description":"Pod\u013ea najnov\u0161\u00edch spr\u00e1v sa viacer\u00e9 st\u00e1lice ml\u00e1de\u017en\u00edckych t\u00edmov prekvapivo nedo\u010dkaj\u00fa nov\u00fdch kontraktov, \u010di pred\u013a\u017een\u00ed zml\u00fav. T\u00fdka sa to minim\u00e1lne \u0161tyroch hr\u00e1\u010dov.","og_url":"https:\/\/evertonfc.cz\/index.php\/2020\/05\/18\/politika-akademie-sa-meni\/","og_site_name":"Official Czech &amp; Slovak Everton Supporters&#039; Club","article_publisher":"https:\/\/www.facebook.com\/everton.fans.cz.sk","article_published_time":"2020-05-18T07:42:41+00:00","article_modified_time":"2020-05-18T08:09:46+00:00","og_image":[{"width":720,"height":405,"url":"https:\/\/evertonfc.cz\/wp-content\/uploads\/2020\/05\/Feeney-U23-18-5-2020.jpg","type":"image\/jpeg"}],"author":"BlueBlooded","twitter_card":"summary_large_image","twitter_misc":{"Napsal(a)":"BlueBlooded","Odhadovan\u00e1 doba \u010dten\u00ed":"5 minut"},"schema":{"@context":"https:\/\/schema.org","@graph":[{"@type":"Article","@id":"https:\/\/evertonfc.cz\/index.php\/2020\/05\/18\/politika-akademie-sa-meni\/#article","isPartOf":{"@id":"https:\/\/evertonfc.cz\/index.php\/2020\/05\/18\/politika-akademie-sa-meni\/"},"author":{"name":"BlueBlooded","@id":"https:\/\/evertonfc.cz\/#\/schema\/person\/d4493b8cbea51532597fbc4685698916"},"headline":"Politika akad\u00e9mie sa men\u00ed","datePublished":"2020-05-18T07:42:41+00:00","dateModified":"2020-05-18T08:09:46+00:00","mainEntityOfPage":{"@id":"https:\/\/evertonfc.cz\/index.php\/2020\/05\/18\/politika-akademie-sa-meni\/"},"wordCount":995,"commentCount":1,"publisher":{"@id":"https:\/\/evertonfc.cz\/#organization"},"image":{"@id":"https:\/\/evertonfc.cz\/index.php\/2020\/05\/18\/politika-akademie-sa-meni\/#primaryimage"},"thumbnailUrl":"https:\/\/evertonfc.cz\/wp-content\/uploads\/2020\/05\/Feeney-U23-18-5-2020.jpg","articleSection":["Aktuality"],"inLanguage":"cs","potentialAction":[{"@type":"CommentAction","name":"Comment","target":["https:\/\/evertonfc.cz\/index.php\/2020\/05\/18\/politika-akademie-sa-meni\/#respond"]}]},{"@type":"WebPage","@id":"https:\/\/evertonfc.cz\/index.php\/2020\/05\/18\/politika-akademie-sa-meni\/","url":"https:\/\/evertonfc.cz\/index.php\/2020\/05\/18\/politika-akademie-sa-meni\/","name":"Politika akad\u00e9mie sa men\u00ed - Official Czech &amp; Slovak Everton Supporters&#039; Club","isPartOf":{"@id":"https:\/\/evertonfc.cz\/#website"},"primaryImageOfPage":{"@id":"https:\/\/evertonfc.cz\/index.php\/2020\/05\/18\/politika-akademie-sa-meni\/#primaryimage"},"image":{"@id":"https:\/\/evertonfc.cz\/index.php\/2020\/05\/18\/politika-akademie-sa-meni\/#primaryimage"},"thumbnailUrl":"https:\/\/evertonfc.cz\/wp-content\/uploads\/2020\/05\/Feeney-U23-18-5-2020.jpg","datePublished":"2020-05-18T07:42:41+00:00","dateModified":"2020-05-18T08:09:46+00:00","breadcrumb":{"@id":"https:\/\/evertonfc.cz\/index.php\/2020\/05\/18\/politika-akademie-sa-meni\/#breadcrumb"},"inLanguage":"cs","potentialAction":[{"@type":"ReadAction","target":["https:\/\/evertonfc.cz\/index.php\/2020\/05\/18\/politika-akademie-sa-meni\/"]}]},{"@type":"ImageObject","inLanguage":"cs","@id":"https:\/\/evertonfc.cz\/index.php\/2020\/05\/18\/politika-akademie-sa-meni\/#primaryimage","url":"https:\/\/evertonfc.cz\/wp-content\/uploads\/2020\/05\/Feeney-U23-18-5-2020.jpg","contentUrl":"https:\/\/evertonfc.cz\/wp-content\/uploads\/2020\/05\/Feeney-U23-18-5-2020.jpg","width":720,"height":405},{"@type":"BreadcrumbList","@id":"https:\/\/evertonfc.cz\/index.php\/2020\/05\/18\/politika-akademie-sa-meni\/#breadcrumb","itemListElement":[{"@type":"ListItem","position":1,"name":"Home","item":"https:\/\/evertonfc.cz\/"},{"@type":"ListItem","position":2,"name":"Politika akad\u00e9mie sa men\u00ed"}]},{"@type":"WebSite","@id":"https:\/\/evertonfc.cz\/#website","url":"https:\/\/evertonfc.cz\/","name":"Official Czech &amp; Slovak Everton Supporters&#039; Club","description":"","publisher":{"@id":"https:\/\/evertonfc.cz\/#organization"},"potentialAction":[{"@type":"SearchAction","target":{"@type":"EntryPoint","urlTemplate":"https:\/\/evertonfc.cz\/?s={search_term_string}"},"query-input":{"@type":"PropertyValueSpecification","valueRequired":true,"valueName":"search_term_string"}}],"inLanguage":"cs"},{"@type":"Organization","@id":"https:\/\/evertonfc.cz\/#organization","name":"Official Czech & Slovak Everton Supporters' Club","url":"https:\/\/evertonfc.cz\/","logo":{"@type":"ImageObject","inLanguage":"cs","@id":"https:\/\/evertonfc.cz\/#\/schema\/logo\/image\/","url":"https:\/\/evertonfc.cz\/wp-content\/uploads\/2019\/05\/logo.png","contentUrl":"https:\/\/evertonfc.cz\/wp-content\/uploads\/2019\/05\/logo.png","width":112,"height":112,"caption":"Official Czech & Slovak Everton Supporters' Club"},"image":{"@id":"https:\/\/evertonfc.cz\/#\/schema\/logo\/image\/"},"sameAs":["https:\/\/www.facebook.com\/everton.fans.cz.sk"]},{"@type":"Person","@id":"https:\/\/evertonfc.cz\/#\/schema\/person\/d4493b8cbea51532597fbc4685698916","name":"BlueBlooded","url":"https:\/\/evertonfc.cz\/index.php\/author\/admin\/"}]}},"_links":{"self":[{"href":"https:\/\/evertonfc.cz\/index.php\/wp-json\/wp\/v2\/posts\/11000"}],"collection":[{"href":"https:\/\/evertonfc.cz\/index.php\/wp-json\/wp\/v2\/posts"}],"about":[{"href":"https:\/\/evertonfc.cz\/index.php\/wp-json\/wp\/v2\/types\/post"}],"author":[{"embeddable":true,"href":"https:\/\/evertonfc.cz\/index.php\/wp-json\/wp\/v2\/users\/1"}],"replies":[{"embeddable":true,"href":"https:\/\/evertonfc.cz\/index.php\/wp-json\/wp\/v2\/comments?post=11000"}],"version-history":[{"count":10,"href":"https:\/\/evertonfc.cz\/index.php\/wp-json\/wp\/v2\/posts\/11000\/revisions"}],"predecessor-version":[{"id":11012,"href":"https:\/\/evertonfc.cz\/index.php\/wp-json\/wp\/v2\/posts\/11000\/revisions\/11012"}],"wp:featuredmedia":[{"embeddable":true,"href":"https:\/\/evertonfc.cz\/index.php\/wp-json\/wp\/v2\/media\/11001"}],"wp:attachment":[{"href":"https:\/\/evertonfc.cz\/index.php\/wp-json\/wp\/v2\/media?parent=11000"}],"wp:term":[{"taxonomy":"category","embeddable":true,"href":"https:\/\/evertonfc.cz\/index.php\/wp-json\/wp\/v2\/categories?post=11000"},{"taxonomy":"post_tag","embeddable":true,"href":"https:\/\/evertonfc.cz\/index.php\/wp-json\/wp\/v2\/tags?post=11000"}],"curies":[{"name":"wp","href":"https:\/\/api.w.org\/{rel}","templated":true}]}}