{"id":11013,"date":"2020-05-19T08:49:37","date_gmt":"2020-05-19T06:49:37","guid":{"rendered":"https:\/\/evertonfc.cz\/?p=11013"},"modified":"2020-05-19T08:54:04","modified_gmt":"2020-05-19T06:54:04","slug":"hraci-sa-vratia-na-finch-farm","status":"publish","type":"post","link":"https:\/\/evertonfc.cz\/index.php\/2020\/05\/19\/hraci-sa-vratia-na-finch-farm\/","title":{"rendered":"Hr\u00e1\u010di sa vr\u00e1tia na Finch Farm"},"content":{"rendered":"<h4>V pondelok sa medzi klubmi \u00faspe\u0161ne odhlasoval n\u00e1vrat do skupinov\u00e9ho tr\u00e9ningu, hoci st\u00e1le s\u00a0obmedzeniami. Viac v\u00a0ofici\u00e1lnom vyhl\u00e1sen\u00ed a\u00a0sprievodn\u00fdch inform\u00e1ci\u00e1ch.<\/h4>\n<blockquote><p><em>Akcion\u00e1ri Premier League dnes jednomyse\u013ene hlasovali, aby sa od zajtra popoludnia za\u010dal tr\u00e9ning pre mal\u00e9 skupiny &#8211; prv\u00fd krok k re\u0161tartovaniu Premier League, ke\u010f to bude bezpe\u010dn\u00e9.<\/em><\/p>\n<p><em>Prv\u00fd krok z Protokolu N\u00e1vratu k Tr\u00e9ningu umo\u017e\u0148uje mu\u017estv\u00e1m tr\u00e9nova\u0165 pri zachovan\u00ed spolo\u010densk\u00e9ho odstupu. Kontaktn\u00fd tr\u00e9ning e\u0161te nie je povolen\u00fd.<\/em><\/p>\n<p><em>T\u00e1to prv\u00e1 etapa bola dohodnut\u00e1 po konzult\u00e1cii s hr\u00e1\u010dmi, mana\u017e\u00e9rmi, lek\u00e1rmi klubov Premier League, nez\u00e1visl\u00fdmi odborn\u00edkmi a vl\u00e1dou. Pr\u00edsne lek\u00e1rske protokoly najvy\u0161\u0161ej \u00farovne zaru\u010dia, \u017ee sa do tr\u00e9ningu vr\u00e1ti ka\u017ed\u00fd v najbezpe\u010dnej\u0161om mo\u017enom prostred\u00ed.<\/em><\/p>\n<p><em>Zdravie a blaho v\u0161etk\u00fdch \u00fa\u010dastn\u00edkov je prioritou Premier League a bezpe\u010dn\u00fd n\u00e1vrat k tr\u00e9ningu je procesom krok za krokom. Teraz bud\u00fa pokra\u010dova\u0165 \u00fapln\u00e9 konzult\u00e1cie s hr\u00e1\u010dmi, mana\u017e\u00e9rmi, klubmi, PFA a LMA, ke\u010f\u017ee sa vyprac\u00favaj\u00fa protokoly pre plne kontaktn\u00fd tr\u00e9ning.<\/em><\/p><\/blockquote>\n<p>\u010co to znamen\u00e1 pre Everton? \u017de m\u00f4\u017ee za\u010da\u0165 tr\u00e9nova\u0165 u\u017e dnes, po ozn\u00e1men\u00ed v\u00fdsledkov testovania v\u0161etk\u00fdch hr\u00e1\u010dov na pr\u00edtomnos\u0165 ochorenia COVID-19. Av\u0161ak, ako sa rozhodlo, kv\u00f4li nevyhnutn\u00fdm pr\u00edprav\u00e1m sa Carlo Ancelotti a jeho t\u00edm vr\u00e1tia do tr\u00e9ningu v mal\u00fdch skupin\u00e1ch a\u017e v stredu 20. m\u00e1ja. Realiza\u010dn\u00fd t\u00edm, hr\u00e1\u010di a person\u00e1l boli naposledy v tr\u00e9ningovom centre USM Finch Farm 12. marca.<\/p>\n<p>Potom \u010do sa u nemenovan\u00e9ho hr\u00e1\u010da prejavili sympt\u00f3my nov\u00e9ho koronav\u00edrusu, bolo nariaden\u00e9 do\u010dasn\u00e9 uzavretie tr\u00e9ningov\u00e9ho centra, \u0161tadi\u00f3na, aj v\u0161etk\u00fdch priestorov a kancel\u00e1rii klubu. N\u00e1sledne prebehla na spom\u00ednan\u00fdch miestach h\u013abkov\u00e1 dezinfekcia. Od piatku 13. marca bolo v\u0161etk\u00fdm hr\u00e1\u010dom, mana\u017ementu a person\u00e1lu nariaden\u00e9 zosta\u0165, resp. pracova\u0165 z domu. Mu\u017estvu boli rozdan\u00e9 individu\u00e1lne tr\u00e9ningov\u00e9 programy a\u00a0monitoroval ich ich lek\u00e1rsky t\u00edm. Ten koordinoval ich za\u0165a\u017eenie pred n\u00e1vratom.<\/p>\n<h4>Opatrenia pre n\u00e1vrat ku skupinov\u00e9mu tr\u00e9ningu:<\/h4>\n<ul>\n<li>Dezinfikovanie v\u0161etk\u00e9ho tr\u00e9ningov\u00e9ho vybavenia vr\u00e1tane l\u00f4pt.<\/li>\n<li>Poskytovanie tr\u00e9ningovej s\u00fapravy hr\u00e1\u010dom, aby mohli pr\u00eds\u0165 pripraven\u00ed na tr\u00e9ning.<\/li>\n<li>Vyzna\u010denie vyhraden\u00fdch parkovac\u00edch miest pre hr\u00e1\u010dov s\u00a0odstupmi.<\/li>\n<li>Rozdelenie hr\u00e1\u010dov do skup\u00edn max. piatich na tr\u00e9novanie na ur\u010den\u00fdch ihrisk\u00e1ch.<\/li>\n<li>Zostavenie zoznamov rozlo\u017eenia \u010dasov pr\u00edchodu pre r\u00f4zne skupiny hr\u00e1\u010dov.<\/li>\n<li>Vypracovanie zoznamu zamestnancov klubu s\u00a0povolen\u00edm vstupu.<\/li>\n<li>Po\u010das tr\u00e9ningu \u017eiadne osobn\u00e9 s\u00faboje, p\u013eutie. Dodr\u017eiavanie odstupov.<\/li>\n<\/ul>\n<p>V\u00fdkonn\u00fd riadite\u013e Premier League Richard Masters taktie\u017e potvrdil, \u017ee predbe\u017en\u00fd d\u00e1tum obnovenia ligy, ktor\u00fd bol stanoven\u00fd na 12. j\u00fan, je flexibiln\u00fd a\u00a0bude sa odv\u00edja\u0165 od \u00farovne kond\u00edcie hr\u00e1\u010dov a\u00a0zdravotnej situ\u00e1cie v\u00a0krajine.<\/p>\n","protected":false},"excerpt":{"rendered":"<p>V pondelok sa medzi klubmi \u00faspe\u0161ne odhlasoval n\u00e1vrat do skupinov\u00e9ho tr\u00e9ningu, hoci st\u00e1le s obmedzeniami. Viac v ofici\u00e1lnom vyhl\u00e1sen\u00ed a sprievodn\u00fdch inform\u00e1ci\u00e1ch.<\/p>\n","protected":false},"author":1,"featured_media":10500,"comment_status":"open","ping_status":"closed","sticky":false,"template":"","format":"standard","meta":{"_eb_attr":"","_monsterinsights_skip_tracking":false,"_monsterinsights_sitenote_active":false,"_monsterinsights_sitenote_note":"","_monsterinsights_sitenote_category":0,"footnotes":""},"categories":[42],"tags":[],"yoast_head":"<!-- This site is optimized with the Yoast SEO plugin v23.4 - https:\/\/yoast.com\/wordpress\/plugins\/seo\/ -->\n<title>Hr\u00e1\u010di sa vr\u00e1tia na Finch Farm - Official Czech &amp; Slovak Everton Supporters&#039; Club<\/title>\n<meta name=\"robots\" content=\"index, follow, max-snippet:-1, max-image-preview:large, max-video-preview:-1\" \/>\n<link rel=\"canonical\" href=\"https:\/\/evertonfc.cz\/index.php\/2020\/05\/19\/hraci-sa-vratia-na-finch-farm\/\" \/>\n<meta property=\"og:locale\" content=\"cs_CZ\" \/>\n<meta property=\"og:type\" content=\"article\" \/>\n<meta property=\"og:title\" content=\"Hr\u00e1\u010di sa vr\u00e1tia na Finch Farm - Official Czech &amp; Slovak Everton Supporters&#039; Club\" \/>\n<meta property=\"og:description\" content=\"V pondelok sa medzi klubmi \u00faspe\u0161ne odhlasoval n\u00e1vrat do skupinov\u00e9ho tr\u00e9ningu, hoci st\u00e1le s obmedzeniami. Viac v ofici\u00e1lnom vyhl\u00e1sen\u00ed a sprievodn\u00fdch inform\u00e1ci\u00e1ch.\" \/>\n<meta property=\"og:url\" content=\"https:\/\/evertonfc.cz\/index.php\/2020\/05\/19\/hraci-sa-vratia-na-finch-farm\/\" \/>\n<meta property=\"og:site_name\" content=\"Official Czech &amp; Slovak Everton Supporters&#039; Club\" \/>\n<meta property=\"article:publisher\" content=\"https:\/\/www.facebook.com\/everton.fans.cz.sk\" \/>\n<meta property=\"article:published_time\" content=\"2020-05-19T06:49:37+00:00\" \/>\n<meta property=\"article:modified_time\" content=\"2020-05-19T06:54:04+00:00\" \/>\n<meta property=\"og:image\" content=\"https:\/\/evertonfc.cz\/wp-content\/uploads\/2020\/03\/Club-Statement-13-3-2020.jpg\" \/>\n\t<meta property=\"og:image:width\" content=\"720\" \/>\n\t<meta property=\"og:image:height\" content=\"405\" \/>\n\t<meta property=\"og:image:type\" content=\"image\/jpeg\" \/>\n<meta name=\"author\" content=\"BlueBlooded\" \/>\n<meta name=\"twitter:card\" content=\"summary_large_image\" \/>\n<meta name=\"twitter:label1\" content=\"Napsal(a)\" \/>\n\t<meta name=\"twitter:data1\" content=\"BlueBlooded\" \/>\n\t<meta name=\"twitter:label2\" content=\"Odhadovan\u00e1 doba \u010dten\u00ed\" \/>\n\t<meta name=\"twitter:data2\" content=\"3 minuty\" \/>\n<script type=\"application\/ld+json\" class=\"yoast-schema-graph\">{\"@context\":\"https:\/\/schema.org\",\"@graph\":[{\"@type\":\"Article\",\"@id\":\"https:\/\/evertonfc.cz\/index.php\/2020\/05\/19\/hraci-sa-vratia-na-finch-farm\/#article\",\"isPartOf\":{\"@id\":\"https:\/\/evertonfc.cz\/index.php\/2020\/05\/19\/hraci-sa-vratia-na-finch-farm\/\"},\"author\":{\"name\":\"BlueBlooded\",\"@id\":\"https:\/\/evertonfc.cz\/#\/schema\/person\/d4493b8cbea51532597fbc4685698916\"},\"headline\":\"Hr\u00e1\u010di sa vr\u00e1tia na Finch Farm\",\"datePublished\":\"2020-05-19T06:49:37+00:00\",\"dateModified\":\"2020-05-19T06:54:04+00:00\",\"mainEntityOfPage\":{\"@id\":\"https:\/\/evertonfc.cz\/index.php\/2020\/05\/19\/hraci-sa-vratia-na-finch-farm\/\"},\"wordCount\":523,\"commentCount\":0,\"publisher\":{\"@id\":\"https:\/\/evertonfc.cz\/#organization\"},\"image\":{\"@id\":\"https:\/\/evertonfc.cz\/index.php\/2020\/05\/19\/hraci-sa-vratia-na-finch-farm\/#primaryimage\"},\"thumbnailUrl\":\"https:\/\/evertonfc.cz\/wp-content\/uploads\/2020\/03\/Club-Statement-13-3-2020.jpg\",\"articleSection\":[\"Aktuality\"],\"inLanguage\":\"cs\",\"potentialAction\":[{\"@type\":\"CommentAction\",\"name\":\"Comment\",\"target\":[\"https:\/\/evertonfc.cz\/index.php\/2020\/05\/19\/hraci-sa-vratia-na-finch-farm\/#respond\"]}]},{\"@type\":\"WebPage\",\"@id\":\"https:\/\/evertonfc.cz\/index.php\/2020\/05\/19\/hraci-sa-vratia-na-finch-farm\/\",\"url\":\"https:\/\/evertonfc.cz\/index.php\/2020\/05\/19\/hraci-sa-vratia-na-finch-farm\/\",\"name\":\"Hr\u00e1\u010di sa vr\u00e1tia na Finch Farm - Official Czech &amp; Slovak Everton Supporters&#039; Club\",\"isPartOf\":{\"@id\":\"https:\/\/evertonfc.cz\/#website\"},\"primaryImageOfPage\":{\"@id\":\"https:\/\/evertonfc.cz\/index.php\/2020\/05\/19\/hraci-sa-vratia-na-finch-farm\/#primaryimage\"},\"image\":{\"@id\":\"https:\/\/evertonfc.cz\/index.php\/2020\/05\/19\/hraci-sa-vratia-na-finch-farm\/#primaryimage\"},\"thumbnailUrl\":\"https:\/\/evertonfc.cz\/wp-content\/uploads\/2020\/03\/Club-Statement-13-3-2020.jpg\",\"datePublished\":\"2020-05-19T06:49:37+00:00\",\"dateModified\":\"2020-05-19T06:54:04+00:00\",\"breadcrumb\":{\"@id\":\"https:\/\/evertonfc.cz\/index.php\/2020\/05\/19\/hraci-sa-vratia-na-finch-farm\/#breadcrumb\"},\"inLanguage\":\"cs\",\"potentialAction\":[{\"@type\":\"ReadAction\",\"target\":[\"https:\/\/evertonfc.cz\/index.php\/2020\/05\/19\/hraci-sa-vratia-na-finch-farm\/\"]}]},{\"@type\":\"ImageObject\",\"inLanguage\":\"cs\",\"@id\":\"https:\/\/evertonfc.cz\/index.php\/2020\/05\/19\/hraci-sa-vratia-na-finch-farm\/#primaryimage\",\"url\":\"https:\/\/evertonfc.cz\/wp-content\/uploads\/2020\/03\/Club-Statement-13-3-2020.jpg\",\"contentUrl\":\"https:\/\/evertonfc.cz\/wp-content\/uploads\/2020\/03\/Club-Statement-13-3-2020.jpg\",\"width\":720,\"height\":405},{\"@type\":\"BreadcrumbList\",\"@id\":\"https:\/\/evertonfc.cz\/index.php\/2020\/05\/19\/hraci-sa-vratia-na-finch-farm\/#breadcrumb\",\"itemListElement\":[{\"@type\":\"ListItem\",\"position\":1,\"name\":\"Home\",\"item\":\"https:\/\/evertonfc.cz\/\"},{\"@type\":\"ListItem\",\"position\":2,\"name\":\"Hr\u00e1\u010di sa vr\u00e1tia na Finch Farm\"}]},{\"@type\":\"WebSite\",\"@id\":\"https:\/\/evertonfc.cz\/#website\",\"url\":\"https:\/\/evertonfc.cz\/\",\"name\":\"Official Czech &amp; Slovak Everton Supporters&#039; Club\",\"description\":\"\",\"publisher\":{\"@id\":\"https:\/\/evertonfc.cz\/#organization\"},\"potentialAction\":[{\"@type\":\"SearchAction\",\"target\":{\"@type\":\"EntryPoint\",\"urlTemplate\":\"https:\/\/evertonfc.cz\/?s={search_term_string}\"},\"query-input\":{\"@type\":\"PropertyValueSpecification\",\"valueRequired\":true,\"valueName\":\"search_term_string\"}}],\"inLanguage\":\"cs\"},{\"@type\":\"Organization\",\"@id\":\"https:\/\/evertonfc.cz\/#organization\",\"name\":\"Official Czech & Slovak Everton Supporters' Club\",\"url\":\"https:\/\/evertonfc.cz\/\",\"logo\":{\"@type\":\"ImageObject\",\"inLanguage\":\"cs\",\"@id\":\"https:\/\/evertonfc.cz\/#\/schema\/logo\/image\/\",\"url\":\"https:\/\/evertonfc.cz\/wp-content\/uploads\/2019\/05\/logo.png\",\"contentUrl\":\"https:\/\/evertonfc.cz\/wp-content\/uploads\/2019\/05\/logo.png\",\"width\":112,\"height\":112,\"caption\":\"Official Czech & Slovak Everton Supporters' Club\"},\"image\":{\"@id\":\"https:\/\/evertonfc.cz\/#\/schema\/logo\/image\/\"},\"sameAs\":[\"https:\/\/www.facebook.com\/everton.fans.cz.sk\"]},{\"@type\":\"Person\",\"@id\":\"https:\/\/evertonfc.cz\/#\/schema\/person\/d4493b8cbea51532597fbc4685698916\",\"name\":\"BlueBlooded\",\"url\":\"https:\/\/evertonfc.cz\/index.php\/author\/admin\/\"}]}<\/script>\n<!-- \/ Yoast SEO plugin. -->","yoast_head_json":{"title":"Hr\u00e1\u010di sa vr\u00e1tia na Finch Farm - Official Czech &amp; Slovak Everton Supporters&#039; Club","robots":{"index":"index","follow":"follow","max-snippet":"max-snippet:-1","max-image-preview":"max-image-preview:large","max-video-preview":"max-video-preview:-1"},"canonical":"https:\/\/evertonfc.cz\/index.php\/2020\/05\/19\/hraci-sa-vratia-na-finch-farm\/","og_locale":"cs_CZ","og_type":"article","og_title":"Hr\u00e1\u010di sa vr\u00e1tia na Finch Farm - Official Czech &amp; Slovak Everton Supporters&#039; Club","og_description":"V pondelok sa medzi klubmi \u00faspe\u0161ne odhlasoval n\u00e1vrat do skupinov\u00e9ho tr\u00e9ningu, hoci st\u00e1le s obmedzeniami. Viac v ofici\u00e1lnom vyhl\u00e1sen\u00ed a sprievodn\u00fdch inform\u00e1ci\u00e1ch.","og_url":"https:\/\/evertonfc.cz\/index.php\/2020\/05\/19\/hraci-sa-vratia-na-finch-farm\/","og_site_name":"Official Czech &amp; Slovak Everton Supporters&#039; Club","article_publisher":"https:\/\/www.facebook.com\/everton.fans.cz.sk","article_published_time":"2020-05-19T06:49:37+00:00","article_modified_time":"2020-05-19T06:54:04+00:00","og_image":[{"width":720,"height":405,"url":"https:\/\/evertonfc.cz\/wp-content\/uploads\/2020\/03\/Club-Statement-13-3-2020.jpg","type":"image\/jpeg"}],"author":"BlueBlooded","twitter_card":"summary_large_image","twitter_misc":{"Napsal(a)":"BlueBlooded","Odhadovan\u00e1 doba \u010dten\u00ed":"3 minuty"},"schema":{"@context":"https:\/\/schema.org","@graph":[{"@type":"Article","@id":"https:\/\/evertonfc.cz\/index.php\/2020\/05\/19\/hraci-sa-vratia-na-finch-farm\/#article","isPartOf":{"@id":"https:\/\/evertonfc.cz\/index.php\/2020\/05\/19\/hraci-sa-vratia-na-finch-farm\/"},"author":{"name":"BlueBlooded","@id":"https:\/\/evertonfc.cz\/#\/schema\/person\/d4493b8cbea51532597fbc4685698916"},"headline":"Hr\u00e1\u010di sa vr\u00e1tia na Finch Farm","datePublished":"2020-05-19T06:49:37+00:00","dateModified":"2020-05-19T06:54:04+00:00","mainEntityOfPage":{"@id":"https:\/\/evertonfc.cz\/index.php\/2020\/05\/19\/hraci-sa-vratia-na-finch-farm\/"},"wordCount":523,"commentCount":0,"publisher":{"@id":"https:\/\/evertonfc.cz\/#organization"},"image":{"@id":"https:\/\/evertonfc.cz\/index.php\/2020\/05\/19\/hraci-sa-vratia-na-finch-farm\/#primaryimage"},"thumbnailUrl":"https:\/\/evertonfc.cz\/wp-content\/uploads\/2020\/03\/Club-Statement-13-3-2020.jpg","articleSection":["Aktuality"],"inLanguage":"cs","potentialAction":[{"@type":"CommentAction","name":"Comment","target":["https:\/\/evertonfc.cz\/index.php\/2020\/05\/19\/hraci-sa-vratia-na-finch-farm\/#respond"]}]},{"@type":"WebPage","@id":"https:\/\/evertonfc.cz\/index.php\/2020\/05\/19\/hraci-sa-vratia-na-finch-farm\/","url":"https:\/\/evertonfc.cz\/index.php\/2020\/05\/19\/hraci-sa-vratia-na-finch-farm\/","name":"Hr\u00e1\u010di sa vr\u00e1tia na Finch Farm - Official Czech &amp; Slovak Everton Supporters&#039; Club","isPartOf":{"@id":"https:\/\/evertonfc.cz\/#website"},"primaryImageOfPage":{"@id":"https:\/\/evertonfc.cz\/index.php\/2020\/05\/19\/hraci-sa-vratia-na-finch-farm\/#primaryimage"},"image":{"@id":"https:\/\/evertonfc.cz\/index.php\/2020\/05\/19\/hraci-sa-vratia-na-finch-farm\/#primaryimage"},"thumbnailUrl":"https:\/\/evertonfc.cz\/wp-content\/uploads\/2020\/03\/Club-Statement-13-3-2020.jpg","datePublished":"2020-05-19T06:49:37+00:00","dateModified":"2020-05-19T06:54:04+00:00","breadcrumb":{"@id":"https:\/\/evertonfc.cz\/index.php\/2020\/05\/19\/hraci-sa-vratia-na-finch-farm\/#breadcrumb"},"inLanguage":"cs","potentialAction":[{"@type":"ReadAction","target":["https:\/\/evertonfc.cz\/index.php\/2020\/05\/19\/hraci-sa-vratia-na-finch-farm\/"]}]},{"@type":"ImageObject","inLanguage":"cs","@id":"https:\/\/evertonfc.cz\/index.php\/2020\/05\/19\/hraci-sa-vratia-na-finch-farm\/#primaryimage","url":"https:\/\/evertonfc.cz\/wp-content\/uploads\/2020\/03\/Club-Statement-13-3-2020.jpg","contentUrl":"https:\/\/evertonfc.cz\/wp-content\/uploads\/2020\/03\/Club-Statement-13-3-2020.jpg","width":720,"height":405},{"@type":"BreadcrumbList","@id":"https:\/\/evertonfc.cz\/index.php\/2020\/05\/19\/hraci-sa-vratia-na-finch-farm\/#breadcrumb","itemListElement":[{"@type":"ListItem","position":1,"name":"Home","item":"https:\/\/evertonfc.cz\/"},{"@type":"ListItem","position":2,"name":"Hr\u00e1\u010di sa vr\u00e1tia na Finch Farm"}]},{"@type":"WebSite","@id":"https:\/\/evertonfc.cz\/#website","url":"https:\/\/evertonfc.cz\/","name":"Official Czech &amp; Slovak Everton Supporters&#039; Club","description":"","publisher":{"@id":"https:\/\/evertonfc.cz\/#organization"},"potentialAction":[{"@type":"SearchAction","target":{"@type":"EntryPoint","urlTemplate":"https:\/\/evertonfc.cz\/?s={search_term_string}"},"query-input":{"@type":"PropertyValueSpecification","valueRequired":true,"valueName":"search_term_string"}}],"inLanguage":"cs"},{"@type":"Organization","@id":"https:\/\/evertonfc.cz\/#organization","name":"Official Czech & Slovak Everton Supporters' Club","url":"https:\/\/evertonfc.cz\/","logo":{"@type":"ImageObject","inLanguage":"cs","@id":"https:\/\/evertonfc.cz\/#\/schema\/logo\/image\/","url":"https:\/\/evertonfc.cz\/wp-content\/uploads\/2019\/05\/logo.png","contentUrl":"https:\/\/evertonfc.cz\/wp-content\/uploads\/2019\/05\/logo.png","width":112,"height":112,"caption":"Official Czech & Slovak Everton Supporters' Club"},"image":{"@id":"https:\/\/evertonfc.cz\/#\/schema\/logo\/image\/"},"sameAs":["https:\/\/www.facebook.com\/everton.fans.cz.sk"]},{"@type":"Person","@id":"https:\/\/evertonfc.cz\/#\/schema\/person\/d4493b8cbea51532597fbc4685698916","name":"BlueBlooded","url":"https:\/\/evertonfc.cz\/index.php\/author\/admin\/"}]}},"_links":{"self":[{"href":"https:\/\/evertonfc.cz\/index.php\/wp-json\/wp\/v2\/posts\/11013"}],"collection":[{"href":"https:\/\/evertonfc.cz\/index.php\/wp-json\/wp\/v2\/posts"}],"about":[{"href":"https:\/\/evertonfc.cz\/index.php\/wp-json\/wp\/v2\/types\/post"}],"author":[{"embeddable":true,"href":"https:\/\/evertonfc.cz\/index.php\/wp-json\/wp\/v2\/users\/1"}],"replies":[{"embeddable":true,"href":"https:\/\/evertonfc.cz\/index.php\/wp-json\/wp\/v2\/comments?post=11013"}],"version-history":[{"count":2,"href":"https:\/\/evertonfc.cz\/index.php\/wp-json\/wp\/v2\/posts\/11013\/revisions"}],"predecessor-version":[{"id":11015,"href":"https:\/\/evertonfc.cz\/index.php\/wp-json\/wp\/v2\/posts\/11013\/revisions\/11015"}],"wp:featuredmedia":[{"embeddable":true,"href":"https:\/\/evertonfc.cz\/index.php\/wp-json\/wp\/v2\/media\/10500"}],"wp:attachment":[{"href":"https:\/\/evertonfc.cz\/index.php\/wp-json\/wp\/v2\/media?parent=11013"}],"wp:term":[{"taxonomy":"category","embeddable":true,"href":"https:\/\/evertonfc.cz\/index.php\/wp-json\/wp\/v2\/categories?post=11013"},{"taxonomy":"post_tag","embeddable":true,"href":"https:\/\/evertonfc.cz\/index.php\/wp-json\/wp\/v2\/tags?post=11013"}],"curies":[{"name":"wp","href":"https:\/\/api.w.org\/{rel}","templated":true}]}}